{"id":93014,"date":"2024-01-25T16:54:08","date_gmt":"2024-01-25T15:54:08","guid":{"rendered":"https:\/\/exaudi.org\/?p=93014"},"modified":"2024-01-25T16:54:08","modified_gmt":"2024-01-25T15:54:08","slug":"di-quale-leadership-ha-bisogno-la-spagna","status":"publish","type":"post","link":"https:\/\/exaudi.org\/it\/di-quale-leadership-ha-bisogno-la-spagna\/","title":{"rendered":"Di quale leadership ha bisogno la Spagna?"},"content":{"rendered":"<p>Radicato, chiude il suo programma di formazione, <em><strong>\u201cDirigere \u00e8 amare\u201d<\/strong><\/em>, con una tavola rotonda di leader sociali: <strong>Mar\u00eda Men\u00e9ndez<\/strong>, vicepresidente della FEDMA (Federazione delle famiglie numerose di Madrid), <strong>Jes\u00fas Poveda<\/strong>, professore di Psichiatria all&#8217;Universit\u00e0 Autonoma di Madrid e Beatriz Morillo, esperta in progettazione e gestione di progetti sociali.<\/p>\n<p>Il dibattito sar\u00e0 moderato da <strong>Jaime Urcelay<\/strong>, direttore del corso <strong>e si svolger\u00e0 a Madrid gioved\u00ec prossimo, 1 febbraio alle 19,30 presso l&#8217;Universit\u00e0 Francisco Marroqu\u00edn (C\/ Arturo Soria, 245).<\/strong><\/p>\n<p>Nel corso del programma <em><strong>\u201cDirigere \u00e8 amare\u201d<\/strong><\/em> e con l\u2019aiuto di specialisti in leadership cattolica &#8211; Jaime Urcelay, Ignacio Men\u00e9ndez Ros, Sergio Cardona, Enrique Ruiz, Miguel G\u00f3mez de Ag\u00fcero &#8211; ed esperti in Dottrina Sociale della Chiesa &#8211; Jaime Oliver Gornals e Jos\u00e9 Castro Velarde &#8211; gli studenti del corso hanno approfondito i seguenti aspetti:<\/p>\n<ul>\n<li>Cosa significa essere un leader cristiano nel 21\u00b0 secolo<\/li>\n<li>Qual \u00e8 il ruolo del leader.<\/li>\n<li>Il profilo del leader. Valori e Virt\u00f9.<\/li>\n<li>Stili di leadership<\/li>\n<li>Autosviluppo e leadership della propria vita<\/li>\n<li>Sviluppo delle competenze personali: comunicazione, intelligenza emotiva, sviluppo delle persone, gestione dei conflitti.<\/li>\n<\/ul>\n<p>Tutto ci\u00f2 sulla base di quanto insegna il Magistero Sociale della Chiesa per un corretto ordine nella societ\u00e0:<\/p>\n<ul>\n<li>Il primato della persona e la sua dignit\u00e0<\/li>\n<li>Apertura all&#8217;altro e dimensione sociale della persona: la solidariet\u00e0<\/li>\n<li>L&#8217;impegno per la libert\u00e0 e i talenti di ciascuno applicando sussidiariet\u00e0 e partecipazione<\/li>\n<li>Il ruolo dell&#8217;autorit\u00e0 e del potere<\/li>\n<li>Il Bene Comune come fine della vita sociale<\/li>\n<\/ul>\n<p><strong>La conferma della partecipazione all&#8217;evento<\/strong> \u00e8 necessaria per motivi di capienza e viene <a href=\"https:\/\/docs.google.com\/forms\/d\/e\/1FAIpQLSeOh0Dco4gzdufb9MJnmJJfceYd7N4-LBMC5IiIam3qAek7OA\/viewform\">effettuata tramite questo link<\/a>. Al termine verr\u00e0 servito un vino spagnolo.<\/p>\n","protected":false},"excerpt":{"rendered":"<p>Mar\u00eda Men\u00e9ndez, Jes\u00fas Poveda e Beatriz Morillo discuteranno, a partire dalla propria esperienza personale, delle competenze necessarie di cui un vero leader ha bisogno per fare del bene comune un progetto di vita<\/p>\n","protected":false},"author":17,"featured_media":92915,"comment_status":"closed","ping_status":"closed","sticky":false,"template":"","format":"standard","meta":{"_acf_changed":false,"_crdt_document":"","inline_featured_image":false,"footnotes":""},"categories":[58],"tags":[12485,12486,12487,12488,12489,3925,12490,936,4952,12491,12492],"class_list":["post-93014","post","type-post","status-publish","format-standard","has-post-thumbnail","hentry","category-featured-news","tag-associazione-radicata","tag-beatriz-morillo-2","tag-ederazione-delle-grandi-famiglie-di-madrid","tag-jaime-urcelay-2","tag-jesus-poveda-2","tag-leadership-it","tag-maria-menendez-2","tag-spagna","tag-trending-it","tag-universita-autonoma-di-madrid","tag-universita-francisco-marroquin"],"acf":[],"yoast_head":"<!-- This site is optimized with the Yoast SEO plugin v27.5 - https:\/\/yoast.com\/product\/yoast-seo-wordpress\/ -->\n<title>Di quale leadership ha bisogno la Spagna? &#8211; Exaudi<\/title>\n<meta name=\"robots\" content=\"index, follow, max-snippet:-1, max-image-preview:large, max-video-preview:-1\" \/>\n<link rel=\"canonical\" href=\"https:\/\/exaudi.org\/it\/di-quale-leadership-ha-bisogno-la-spagna\/\" \/>\n<meta property=\"og:locale\" content=\"it_IT\" \/>\n<meta property=\"og:type\" content=\"article\" \/>\n<meta property=\"og:title\" content=\"Di quale leadership ha bisogno la Spagna? &#8211; Exaudi\" \/>\n<meta property=\"og:description\" content=\"Mar\u00eda Men\u00e9ndez, Jes\u00fas Poveda e Beatriz Morillo discuteranno, a partire dalla propria esperienza personale, delle competenze necessarie di cui un vero leader ha bisogno per fare del bene comune un progetto di vita\" \/>\n<meta property=\"og:url\" content=\"https:\/\/exaudi.org\/it\/di-quale-leadership-ha-bisogno-la-spagna\/\" \/>\n<meta property=\"og:site_name\" content=\"Exaudi\" \/>\n<meta property=\"article:publisher\" content=\"https:\/\/www.facebook.com\/ExaudiNews\" \/>\n<meta property=\"article:author\" content=\"https:\/\/www.facebook.com\/ExaudiNotizie\/\" \/>\n<meta property=\"article:published_time\" content=\"2024-01-25T15:54:08+00:00\" \/>\n<meta property=\"og:image\" content=\"https:\/\/exaudi.org\/wp-content\/uploads\/2024\/01\/Imagen-de-WhatsApp-2024-01-24-a-las-12.26.58_f21d09f9.jpg\" \/>\n\t<meta property=\"og:image:width\" content=\"680\" \/>\n\t<meta property=\"og:image:height\" content=\"680\" \/>\n\t<meta property=\"og:image:type\" content=\"image\/jpeg\" \/>\n<meta name=\"author\" content=\"Exaudi Redazione\" \/>\n<meta name=\"twitter:card\" content=\"summary_large_image\" \/>\n<meta name=\"twitter:creator\" content=\"@Exaudi_Notizie\" \/>\n<meta name=\"twitter:site\" content=\"@Exaudi_News\" \/>\n<meta name=\"twitter:label1\" content=\"Scritto da\" \/>\n\t<meta name=\"twitter:data1\" content=\"Exaudi Redazione\" \/>\n\t<meta name=\"twitter:label2\" content=\"Tempo di lettura stimato\" \/>\n\t<meta name=\"twitter:data2\" content=\"1 minuto\" \/>\n<script type=\"application\/ld+json\" class=\"yoast-schema-graph\">{\"@context\":\"https:\\\/\\\/schema.org\",\"@graph\":[{\"@type\":\"Article\",\"@id\":\"https:\\\/\\\/exaudi.org\\\/it\\\/di-quale-leadership-ha-bisogno-la-spagna\\\/#article\",\"isPartOf\":{\"@id\":\"https:\\\/\\\/exaudi.org\\\/it\\\/di-quale-leadership-ha-bisogno-la-spagna\\\/\"},\"author\":{\"name\":\"Exaudi Redazione\",\"@id\":\"https:\\\/\\\/exaudi.org\\\/#\\\/schema\\\/person\\\/e1ab6ed07c01774724dd96f925f3a5f0\"},\"headline\":\"Di quale leadership ha bisogno la Spagna?\",\"datePublished\":\"2024-01-25T15:54:08+00:00\",\"mainEntityOfPage\":{\"@id\":\"https:\\\/\\\/exaudi.org\\\/it\\\/di-quale-leadership-ha-bisogno-la-spagna\\\/\"},\"wordCount\":275,\"image\":{\"@id\":\"https:\\\/\\\/exaudi.org\\\/it\\\/di-quale-leadership-ha-bisogno-la-spagna\\\/#primaryimage\"},\"thumbnailUrl\":\"https:\\\/\\\/exaudi.org\\\/wp-content\\\/uploads\\\/2024\\\/01\\\/Imagen-de-WhatsApp-2024-01-24-a-las-12.26.58_f21d09f9.jpg\",\"keywords\":[\"ASSOCIAZIONE RADICATA\",\"BEATRIZ MORILLO\",\"EDERAZIONE DELLE GRANDI FAMIGLIE DI MADRID\",\"JAIME URCELAY\",\"JES\u00daS POVEDA\",\"leadership\",\"MAR\u00cdA MEN\u00c9NDEZ\",\"Spagna\",\"Trending\",\"UNIVERSIT\u00c0 AUTONOMA DI MADRID\",\"UNIVERSIT\u00c0 FRANCISCO MARROQU\u00cdN.\"],\"articleSection\":[\"Featured News\"],\"inLanguage\":\"it-IT\"},{\"@type\":\"WebPage\",\"@id\":\"https:\\\/\\\/exaudi.org\\\/it\\\/di-quale-leadership-ha-bisogno-la-spagna\\\/\",\"url\":\"https:\\\/\\\/exaudi.org\\\/it\\\/di-quale-leadership-ha-bisogno-la-spagna\\\/\",\"name\":\"Di quale leadership ha bisogno la Spagna? &#8211; Exaudi\",\"isPartOf\":{\"@id\":\"https:\\\/\\\/exaudi.org\\\/#website\"},\"primaryImageOfPage\":{\"@id\":\"https:\\\/\\\/exaudi.org\\\/it\\\/di-quale-leadership-ha-bisogno-la-spagna\\\/#primaryimage\"},\"image\":{\"@id\":\"https:\\\/\\\/exaudi.org\\\/it\\\/di-quale-leadership-ha-bisogno-la-spagna\\\/#primaryimage\"},\"thumbnailUrl\":\"https:\\\/\\\/exaudi.org\\\/wp-content\\\/uploads\\\/2024\\\/01\\\/Imagen-de-WhatsApp-2024-01-24-a-las-12.26.58_f21d09f9.jpg\",\"datePublished\":\"2024-01-25T15:54:08+00:00\",\"author\":{\"@id\":\"https:\\\/\\\/exaudi.org\\\/#\\\/schema\\\/person\\\/e1ab6ed07c01774724dd96f925f3a5f0\"},\"breadcrumb\":{\"@id\":\"https:\\\/\\\/exaudi.org\\\/it\\\/di-quale-leadership-ha-bisogno-la-spagna\\\/#breadcrumb\"},\"inLanguage\":\"it-IT\",\"potentialAction\":[{\"@type\":\"ReadAction\",\"target\":[\"https:\\\/\\\/exaudi.org\\\/it\\\/di-quale-leadership-ha-bisogno-la-spagna\\\/\"]}]},{\"@type\":\"ImageObject\",\"inLanguage\":\"it-IT\",\"@id\":\"https:\\\/\\\/exaudi.org\\\/it\\\/di-quale-leadership-ha-bisogno-la-spagna\\\/#primaryimage\",\"url\":\"https:\\\/\\\/exaudi.org\\\/wp-content\\\/uploads\\\/2024\\\/01\\\/Imagen-de-WhatsApp-2024-01-24-a-las-12.26.58_f21d09f9.jpg\",\"contentUrl\":\"https:\\\/\\\/exaudi.org\\\/wp-content\\\/uploads\\\/2024\\\/01\\\/Imagen-de-WhatsApp-2024-01-24-a-las-12.26.58_f21d09f9.jpg\",\"width\":680,\"height\":680},{\"@type\":\"BreadcrumbList\",\"@id\":\"https:\\\/\\\/exaudi.org\\\/it\\\/di-quale-leadership-ha-bisogno-la-spagna\\\/#breadcrumb\",\"itemListElement\":[{\"@type\":\"ListItem\",\"position\":1,\"name\":\"Portada\",\"item\":\"https:\\\/\\\/exaudi.org\\\/it\\\/\"},{\"@type\":\"ListItem\",\"position\":2,\"name\":\"Di quale leadership ha bisogno la Spagna?\"}]},{\"@type\":\"WebSite\",\"@id\":\"https:\\\/\\\/exaudi.org\\\/#website\",\"url\":\"https:\\\/\\\/exaudi.org\\\/\",\"name\":\"Exaudi\",\"description\":\"News\",\"potentialAction\":[{\"@type\":\"SearchAction\",\"target\":{\"@type\":\"EntryPoint\",\"urlTemplate\":\"https:\\\/\\\/exaudi.org\\\/?s={search_term_string}\"},\"query-input\":{\"@type\":\"PropertyValueSpecification\",\"valueRequired\":true,\"valueName\":\"search_term_string\"}}],\"inLanguage\":\"it-IT\"},{\"@type\":\"Person\",\"@id\":\"https:\\\/\\\/exaudi.org\\\/#\\\/schema\\\/person\\\/e1ab6ed07c01774724dd96f925f3a5f0\",\"name\":\"Exaudi Redazione\",\"image\":{\"@type\":\"ImageObject\",\"inLanguage\":\"it-IT\",\"@id\":\"https:\\\/\\\/secure.gravatar.com\\\/avatar\\\/ad6774b3ada023bf5b939d64f45c94b3adf91502dd883507d469b4308a943bb3?s=96&d=mm&r=g\",\"url\":\"https:\\\/\\\/secure.gravatar.com\\\/avatar\\\/ad6774b3ada023bf5b939d64f45c94b3adf91502dd883507d469b4308a943bb3?s=96&d=mm&r=g\",\"contentUrl\":\"https:\\\/\\\/secure.gravatar.com\\\/avatar\\\/ad6774b3ada023bf5b939d64f45c94b3adf91502dd883507d469b4308a943bb3?s=96&d=mm&r=g\",\"caption\":\"Exaudi Redazione\"},\"description\":\"Che cosa \u00e8 Exaudi News? Exaudi News \u00e8 un agenzia cattolica internazionale che informa, istruisce e trasforma quotidianamente in spagnolo, inglese e italiano. Attraverso notizie, articoli di analisi e trasmissioni in diretta degli eventi del Papa, Exaudi cerca di rafforzare l'unit\u00e0 dei cristiani e di contribuire all'evangelizzazione del mondo, sempre guidato dalla dottrina sociale della Chiesa. Lavoriamo per portare la verit\u00e0 e i valori cristiani in ogni angolo del pianeta. Aiutaci a trasformare il mondo con Exaudi! Noi di Exaudi crediamo che l'evangelizzazione e l'informazione di qualit\u00e0 possano cambiare la vita. Per continuare la nostra missione ed espandere la nostra portata, abbiamo bisogno del tuo aiuto. Stiamo anche cercando persone motivate che vogliano unirsi al nostro team. Grazie al vostro sostegno raggiungeremo pi\u00f9 persone, diffonderemo il messaggio di Cristo e rafforzeremo l'unit\u00e0 dei cristiani. Vuoi unirti alla nostra missione? Per maggiori informazioni su come contribuire, visita Exaudi.org\\\/it o contattaci direttamente: info@exaudi.org Exaudi: informa, forma e trasforma.\",\"sameAs\":[\"https:\\\/\\\/www.facebook.com\\\/ExaudiNotizie\\\/\",\"https:\\\/\\\/www.instagram.com\\\/Exaudi_notizie\\\/\",\"https:\\\/\\\/x.com\\\/Exaudi_Notizie\",\"https:\\\/\\\/www.youtube.com\\\/@exaudicatholicnews\"],\"url\":\"https:\\\/\\\/exaudi.org\\\/it\\\/author\\\/dlvedi-org\\\/\"}]}<\/script>\n<!-- \/ Yoast SEO plugin. -->","yoast_head_json":{"title":"Di quale leadership ha bisogno la Spagna? &#8211; Exaudi","robots":{"index":"index","follow":"follow","max-snippet":"max-snippet:-1","max-image-preview":"max-image-preview:large","max-video-preview":"max-video-preview:-1"},"canonical":"https:\/\/exaudi.org\/it\/di-quale-leadership-ha-bisogno-la-spagna\/","og_locale":"it_IT","og_type":"article","og_title":"Di quale leadership ha bisogno la Spagna? &#8211; Exaudi","og_description":"Mar\u00eda Men\u00e9ndez, Jes\u00fas Poveda e Beatriz Morillo discuteranno, a partire dalla propria esperienza personale, delle competenze necessarie di cui un vero leader ha bisogno per fare del bene comune un progetto di vita","og_url":"https:\/\/exaudi.org\/it\/di-quale-leadership-ha-bisogno-la-spagna\/","og_site_name":"Exaudi","article_publisher":"https:\/\/www.facebook.com\/ExaudiNews","article_author":"https:\/\/www.facebook.com\/ExaudiNotizie\/","article_published_time":"2024-01-25T15:54:08+00:00","og_image":[{"width":680,"height":680,"url":"https:\/\/exaudi.org\/wp-content\/uploads\/2024\/01\/Imagen-de-WhatsApp-2024-01-24-a-las-12.26.58_f21d09f9.jpg","type":"image\/jpeg"}],"author":"Exaudi Redazione","twitter_card":"summary_large_image","twitter_creator":"@Exaudi_Notizie","twitter_site":"@Exaudi_News","twitter_misc":{"Scritto da":"Exaudi Redazione","Tempo di lettura stimato":"1 minuto"},"schema":{"@context":"https:\/\/schema.org","@graph":[{"@type":"Article","@id":"https:\/\/exaudi.org\/it\/di-quale-leadership-ha-bisogno-la-spagna\/#article","isPartOf":{"@id":"https:\/\/exaudi.org\/it\/di-quale-leadership-ha-bisogno-la-spagna\/"},"author":{"name":"Exaudi Redazione","@id":"https:\/\/exaudi.org\/#\/schema\/person\/e1ab6ed07c01774724dd96f925f3a5f0"},"headline":"Di quale leadership ha bisogno la Spagna?","datePublished":"2024-01-25T15:54:08+00:00","mainEntityOfPage":{"@id":"https:\/\/exaudi.org\/it\/di-quale-leadership-ha-bisogno-la-spagna\/"},"wordCount":275,"image":{"@id":"https:\/\/exaudi.org\/it\/di-quale-leadership-ha-bisogno-la-spagna\/#primaryimage"},"thumbnailUrl":"https:\/\/exaudi.org\/wp-content\/uploads\/2024\/01\/Imagen-de-WhatsApp-2024-01-24-a-las-12.26.58_f21d09f9.jpg","keywords":["ASSOCIAZIONE RADICATA","BEATRIZ MORILLO","EDERAZIONE DELLE GRANDI FAMIGLIE DI MADRID","JAIME URCELAY","JES\u00daS POVEDA","leadership","MAR\u00cdA MEN\u00c9NDEZ","Spagna","Trending","UNIVERSIT\u00c0 AUTONOMA DI MADRID","UNIVERSIT\u00c0 FRANCISCO MARROQU\u00cdN."],"articleSection":["Featured News"],"inLanguage":"it-IT"},{"@type":"WebPage","@id":"https:\/\/exaudi.org\/it\/di-quale-leadership-ha-bisogno-la-spagna\/","url":"https:\/\/exaudi.org\/it\/di-quale-leadership-ha-bisogno-la-spagna\/","name":"Di quale leadership ha bisogno la Spagna? &#8211; Exaudi","isPartOf":{"@id":"https:\/\/exaudi.org\/#website"},"primaryImageOfPage":{"@id":"https:\/\/exaudi.org\/it\/di-quale-leadership-ha-bisogno-la-spagna\/#primaryimage"},"image":{"@id":"https:\/\/exaudi.org\/it\/di-quale-leadership-ha-bisogno-la-spagna\/#primaryimage"},"thumbnailUrl":"https:\/\/exaudi.org\/wp-content\/uploads\/2024\/01\/Imagen-de-WhatsApp-2024-01-24-a-las-12.26.58_f21d09f9.jpg","datePublished":"2024-01-25T15:54:08+00:00","author":{"@id":"https:\/\/exaudi.org\/#\/schema\/person\/e1ab6ed07c01774724dd96f925f3a5f0"},"breadcrumb":{"@id":"https:\/\/exaudi.org\/it\/di-quale-leadership-ha-bisogno-la-spagna\/#breadcrumb"},"inLanguage":"it-IT","potentialAction":[{"@type":"ReadAction","target":["https:\/\/exaudi.org\/it\/di-quale-leadership-ha-bisogno-la-spagna\/"]}]},{"@type":"ImageObject","inLanguage":"it-IT","@id":"https:\/\/exaudi.org\/it\/di-quale-leadership-ha-bisogno-la-spagna\/#primaryimage","url":"https:\/\/exaudi.org\/wp-content\/uploads\/2024\/01\/Imagen-de-WhatsApp-2024-01-24-a-las-12.26.58_f21d09f9.jpg","contentUrl":"https:\/\/exaudi.org\/wp-content\/uploads\/2024\/01\/Imagen-de-WhatsApp-2024-01-24-a-las-12.26.58_f21d09f9.jpg","width":680,"height":680},{"@type":"BreadcrumbList","@id":"https:\/\/exaudi.org\/it\/di-quale-leadership-ha-bisogno-la-spagna\/#breadcrumb","itemListElement":[{"@type":"ListItem","position":1,"name":"Portada","item":"https:\/\/exaudi.org\/it\/"},{"@type":"ListItem","position":2,"name":"Di quale leadership ha bisogno la Spagna?"}]},{"@type":"WebSite","@id":"https:\/\/exaudi.org\/#website","url":"https:\/\/exaudi.org\/","name":"Exaudi","description":"News","potentialAction":[{"@type":"SearchAction","target":{"@type":"EntryPoint","urlTemplate":"https:\/\/exaudi.org\/?s={search_term_string}"},"query-input":{"@type":"PropertyValueSpecification","valueRequired":true,"valueName":"search_term_string"}}],"inLanguage":"it-IT"},{"@type":"Person","@id":"https:\/\/exaudi.org\/#\/schema\/person\/e1ab6ed07c01774724dd96f925f3a5f0","name":"Exaudi Redazione","image":{"@type":"ImageObject","inLanguage":"it-IT","@id":"https:\/\/secure.gravatar.com\/avatar\/ad6774b3ada023bf5b939d64f45c94b3adf91502dd883507d469b4308a943bb3?s=96&d=mm&r=g","url":"https:\/\/secure.gravatar.com\/avatar\/ad6774b3ada023bf5b939d64f45c94b3adf91502dd883507d469b4308a943bb3?s=96&d=mm&r=g","contentUrl":"https:\/\/secure.gravatar.com\/avatar\/ad6774b3ada023bf5b939d64f45c94b3adf91502dd883507d469b4308a943bb3?s=96&d=mm&r=g","caption":"Exaudi Redazione"},"description":"Che cosa \u00e8 Exaudi News? Exaudi News \u00e8 un agenzia cattolica internazionale che informa, istruisce e trasforma quotidianamente in spagnolo, inglese e italiano. Attraverso notizie, articoli di analisi e trasmissioni in diretta degli eventi del Papa, Exaudi cerca di rafforzare l'unit\u00e0 dei cristiani e di contribuire all'evangelizzazione del mondo, sempre guidato dalla dottrina sociale della Chiesa. Lavoriamo per portare la verit\u00e0 e i valori cristiani in ogni angolo del pianeta. Aiutaci a trasformare il mondo con Exaudi! Noi di Exaudi crediamo che l'evangelizzazione e l'informazione di qualit\u00e0 possano cambiare la vita. Per continuare la nostra missione ed espandere la nostra portata, abbiamo bisogno del tuo aiuto. Stiamo anche cercando persone motivate che vogliano unirsi al nostro team. Grazie al vostro sostegno raggiungeremo pi\u00f9 persone, diffonderemo il messaggio di Cristo e rafforzeremo l'unit\u00e0 dei cristiani. Vuoi unirti alla nostra missione? Per maggiori informazioni su come contribuire, visita Exaudi.org\/it o contattaci direttamente: info@exaudi.org Exaudi: informa, forma e trasforma.","sameAs":["https:\/\/www.facebook.com\/ExaudiNotizie\/","https:\/\/www.instagram.com\/Exaudi_notizie\/","https:\/\/x.com\/Exaudi_Notizie","https:\/\/www.youtube.com\/@exaudicatholicnews"],"url":"https:\/\/exaudi.org\/it\/author\/dlvedi-org\/"}]}},"jetpack_featured_media_url":"https:\/\/exaudi.org\/wp-content\/uploads\/2024\/01\/Imagen-de-WhatsApp-2024-01-24-a-las-12.26.58_f21d09f9.jpg","jetpack_shortlink":"https:\/\/wp.me\/pgKjF2-oce","_links":{"self":[{"href":"https:\/\/exaudi.org\/it\/wp-json\/wp\/v2\/posts\/93014","targetHints":{"allow":["GET"]}}],"collection":[{"href":"https:\/\/exaudi.org\/it\/wp-json\/wp\/v2\/posts"}],"about":[{"href":"https:\/\/exaudi.org\/it\/wp-json\/wp\/v2\/types\/post"}],"author":[{"embeddable":true,"href":"https:\/\/exaudi.org\/it\/wp-json\/wp\/v2\/users\/17"}],"replies":[{"embeddable":true,"href":"https:\/\/exaudi.org\/it\/wp-json\/wp\/v2\/comments?post=93014"}],"version-history":[{"count":0,"href":"https:\/\/exaudi.org\/it\/wp-json\/wp\/v2\/posts\/93014\/revisions"}],"wp:featuredmedia":[{"embeddable":true,"href":"https:\/\/exaudi.org\/it\/wp-json\/wp\/v2\/media\/92915"}],"wp:attachment":[{"href":"https:\/\/exaudi.org\/it\/wp-json\/wp\/v2\/media?parent=93014"}],"wp:term":[{"taxonomy":"category","embeddable":true,"href":"https:\/\/exaudi.org\/it\/wp-json\/wp\/v2\/categories?post=93014"},{"taxonomy":"post_tag","embeddable":true,"href":"https:\/\/exaudi.org\/it\/wp-json\/wp\/v2\/tags?post=93014"}],"curies":[{"name":"wp","href":"https:\/\/api.w.org\/{rel}","templated":true}]}}