{"id":92794,"date":"2024-01-22T17:43:39","date_gmt":"2024-01-22T16:43:39","guid":{"rendered":"https:\/\/exaudi.org\/?p=92794"},"modified":"2024-01-22T21:37:30","modified_gmt":"2024-01-22T20:37:30","slug":"canonizzazioni-difficili","status":"publish","type":"post","link":"https:\/\/exaudi.org\/it\/canonizzazioni-difficili\/","title":{"rendered":"Canonizzazioni difficili"},"content":{"rendered":"<p>La Chiesa non \u00e8 immune dalla cultura, in definitiva \u00e8 fatta di uomini del suo tempo e deve trasmettere i suoi messaggi in quelle coordinate spaziali, temporali e, quindi, culturali. In questo senso, non \u00e8 impermeabile alla moda del \u201cpoliticamente corretto\u201d o alla tendenza del \u201cwoke\u201d o della \u201ccancellazione\u201d. Sembra che ci siano stati dei santi \u2013 persone che, possiamo tranquillamente presumere, siano in Paradiso \u2013 che, per\u00f2, sono stati \u201ccancellati\u201d e non possono essere canonizzati. Questa pretesa di dichiararli \u201csanti ante litteram\u201d non \u00e8 gratuita, poich\u00e9 hanno fama di santit\u00e0, la loro vita ha lasciato una profonda traccia di bene nella Chiesa e nella storia dell\u2019umanit\u00e0, e la loro vita \u00e8 stata studiata coscienziosamente. Qual \u00e8 il tuo errore? Cercare di accedere agli altari nel momento sbagliato.<\/p>\n<p>Senza fare ricerche esaustive, mi vengono in mente due esempi: la Serva di Dio Elisabetta la Cattolica e il Venerabile Fulton J. Sheen. Isabella I di Castiglia mor\u00ec in fama di santit\u00e0, anche se il suo processo inizi\u00f2 molto tardi, nel 1974, si tratterebbe cio\u00e8 di un processo storico che cercher\u00e0 di determinare la sua fama di santit\u00e0 nel corso dei secoli, come una sorta di \u201cculto immemorabile\u201d nello stile del Beato Duns Scoto, che a sua volta determina, attraverso una rigorosa indagine storica, come egli visse eroicamente le virt\u00f9 cristiane. Del resto, il cristianesimo e la civilt\u00e0 occidentale hanno un debito enorme nei confronti di Elisabetta: grazie al suo sostegno fu scoperta l\u2019America e lei si difese i diritti dei popoli indigeni come esseri umani, anticipando di secoli la Dichiarazione d\u2019Indipendenza degli Stati Uniti. In effetti, la regina li tratta come sudditi liberi e riconosce i loro diritti umani. Da quel momento in poi i re di Spagna si considerarono protettori delle popolazioni indigene, almeno durante il regno asburgico. \u00c8 vero che alcuni colonizzatori trovarono il modo di eludere la legge, ma la legge fu scritta e promulgata da Elisabetta I.<\/p>\n<p>Qual \u00e8 il peccato imperdonabile di Isabella la Cattolica? L&#8217;espulsione degli ebrei sefarditi dal regno di Spagna. Comprendere questo fatto implica immergersi nel suo contesto storico. Ovviamente, agli occhi del 21\u00b0 secolo sembra scandaloso, ma forse non lo era altrettanto dal punto di vista del XV\u00b0 secolo, quando si verificarono gli eventi. Proprio in quel periodo si stava forgiando il concetto di \u201cnazione\u201d o \u201cstato\u201d nel senso moderno. La nobilt\u00e0 perse il potere, che si concentr\u00f2 nella figura dei re. Erano vari gli elementi che componevano il cocktail di una nazione: un unico re, un\u2019unica lingua, un\u2019unica moneta, un\u2019unica religione. Per questo nel secolo successivo venne adottato lo slogan: \u201c<em>cuius regio, eius religio<\/em>\u201d, cio\u00e8: a seconda della religione del re, quella sar\u00e0 la religione del popolo che governa. E questo standard \u00e8 stato adottato in tutto il territorio europeo. Vale a dire, guardando al contesto religioso, si trattava di un provvedimento \u201cnormale\u201d, anche se oggettivamente ingiusto; ma quell&#8217;ingiustizia andava oltre l&#8217;orizzonte interpretativo della regina. La sua beatificazione rappresenterebbe un duro colpo per il dialogo interreligioso mantenuto con gli ebrei a partire dal Concilio Vaticano II, e per questo motivo \u00e8 in stand-by.<\/p>\n<p>Il caso del Venerabile Fulton J. Sheen \u00e8 pi\u00f9 sorprendente. Il suo processo ebbe inizio durante il pontificato di San Giovanni Paolo II, dichiarato Venerabile da Benedetto XVI, approv\u00f2 da Francesco il miracolo che dovrebbe aprire le porte alla beatificazione &#8211; infine, un miracolo documentato attribuito alla sua intercessione sarebbe come l&#8217;atto notarile attualmente in vigore Paradiso -, la sua data di beatificazione fissata per il 21 dicembre 2019, \u00e8 stata sospesa pochi giorni prima della celebrazione. Questo evento, senza dubbio, \u00e8 nuovo nella storia antica della Chiesa, una cosa del genere non era mai accaduta. La ragione? Un vescovo ha ritenuto che il comportamento del vescovo Sheen con un prete che aveva avuto una cattiva condotta sessuale nel 1963 potesse essere frainteso dal procuratore generale di New York. Inutile dire che l\u2019indagine storica condotta durante il processo ha completamente esonerato Sheen dal caso, affermando categoricamente che \u201cnon aveva mai messo in pericolo i bambini\u201d. Ma, visto il trambusto attuale per il triste caso di pedofilia clericale, dove non esiste la presunzione di innocenza, ma di colpa, hanno consigliato di mettere nel congelatore la sua beatificazione, nonostante il suo miracolo, i frutti della sua predicazione e le sue magnifiche conversioni.<\/p>\n<p>Guardando indietro, penso che alcuni dei pi\u00f9 grandi santi della storia della Chiesa non verrebbero canonizzati secondo i criteri odierni. Mi vengono in mente due esempi: sant&#8217;Ambrogio di Milano e san Cirillo d&#8217;Alessandria. Sant\u2019Ambrogio \u00e8 colpevole di quello che potremmo definire \u201cil primo incendio di una sinagoga della storia\u201d, perpetrato dai monaci a Raqqa, l\u2019attuale Siria. L&#8217;imperatore Teodosio tent\u00f2 di punire i colpevoli, ma Ambrogio, furioso antisemita, glielo imped\u00ec, suggerendo che la Chiesa ne avesse il diritto. Mentre san Cirillo d&#8217;Alessandria, anch&#8217;egli antisemita (distrusse la sua Sinagoga e li espulse da Alessandria), \u00e8 accusato di aver istigato il feroce omicidio che la folla perpetr\u00f2 contro Ipazia d&#8217;Alessandria, filosofa, matematica e astronoma. Va notato che entrambi sono dottori della Chiesa e \u201ccampioni dell\u2019ortodossia\u201d: san Cirillo \u00e8 il principale promotore, all\u2019interno del Concilio di Efeso del 431 d.C., che Maria continu\u00f2 a considerarsi \u201cTheotok\u00f3s\u201d, cio\u00e8 \u201cMadre di Dio&#8221;; e Sant&#8217;Ambrogio dalla conversione di Sant&#8217;Agostino, forse il pensatore cattolico pi\u00f9 importante della storia. Ma ai suoi tempi essere antisemita non ti impediva di accedere agli altari.<\/p>\n<p>Ai suoi tempi l\u2019antisemitismo non era un peccato, adesso lo \u00e8. La Chiesa ha riconosciuto, forse un po\u2019 tardi, la sua parte di responsabilit\u00e0 nella formazione dell\u2019antisemitismo grazie al grande San Giovanni Paolo II, che nel contesto della \u201cpurificazione della memoria\u201d ha pubblicato: \u201cRicordiamo: Una riflessione sulla Shoah\u201d. Sant&#8217;Ambrogio, san Cirillo e Isabella la Cattolica agirono con buona coscienza, anche se ci\u00f2 che fecero era oggettivamente sbagliato. Ma ai loro tempi questo non si avvertiva e questo non imped\u00ec ai primi due di accedere agli altari, ma all&#8217;ultimo s\u00ec. Penso che la stessa cosa accada a Fulton J. Sheen, durante la sua vita non c&#8217;era la sensibilit\u00e0 che c&#8217;\u00e8 adesso, ed \u00e8 per questo che la Chiesa esita a prenderli come esempio. Ma, alla fine, penso che a loro non importi niente, perch\u00e9 sicuramente staranno gi\u00e0 godendo della visione di Dio in Cielo, anche se noi non vogliamo riconoscerla.<br \/>\n\u200b<\/p>\n","protected":false},"excerpt":{"rendered":"<p>Alcuni dei pi\u00f9 grandi santi della storia della Chiesa non verrebbero canonizzati con i criteri attuali<\/p>\n","protected":false},"author":116,"featured_media":92795,"comment_status":"closed","ping_status":"closed","sticky":false,"template":"","format":"standard","meta":{"_acf_changed":false,"_crdt_document":"","inline_featured_image":false,"footnotes":""},"categories":[129],"tags":[12380,12381,12382,12384,12383,12080,12386,10333,12385,1478,4952],"class_list":["post-92794","post","type-post","status-publish","format-standard","has-post-thumbnail","hentry","category-voci","tag-canonizzazioni","tag-criteri","tag-fulton","tag-isabella-la-cattolica","tag-j-sheen","tag-mondo","tag-san-cirilo-2","tag-san-giovanni-paolo-ii","tag-santambrosio","tag-santi","tag-trending-it"],"acf":[],"yoast_head":"<!-- This site is optimized with the Yoast SEO plugin v27.5 - https:\/\/yoast.com\/product\/yoast-seo-wordpress\/ -->\n<title>Canonizzazioni difficili &#8211; Exaudi<\/title>\n<meta name=\"robots\" content=\"index, follow, max-snippet:-1, max-image-preview:large, max-video-preview:-1\" \/>\n<link rel=\"canonical\" href=\"https:\/\/exaudi.org\/it\/canonizzazioni-difficili\/\" \/>\n<meta property=\"og:locale\" content=\"it_IT\" \/>\n<meta property=\"og:type\" content=\"article\" \/>\n<meta property=\"og:title\" content=\"Canonizzazioni difficili &#8211; Exaudi\" \/>\n<meta property=\"og:description\" content=\"Alcuni dei pi\u00f9 grandi santi della storia della Chiesa non verrebbero canonizzati con i criteri attuali\" \/>\n<meta property=\"og:url\" content=\"https:\/\/exaudi.org\/it\/canonizzazioni-difficili\/\" \/>\n<meta property=\"og:site_name\" content=\"Exaudi\" \/>\n<meta property=\"article:publisher\" content=\"https:\/\/www.facebook.com\/ExaudiNews\" \/>\n<meta property=\"article:published_time\" content=\"2024-01-22T16:43:39+00:00\" \/>\n<meta property=\"article:modified_time\" content=\"2024-01-22T20:37:30+00:00\" \/>\n<meta property=\"og:image\" content=\"https:\/\/exaudi.org\/wp-content\/uploads\/2024\/01\/cq5dam.web_.800.800-34.jpeg\" \/>\n\t<meta property=\"og:image:width\" content=\"1155\" \/>\n\t<meta property=\"og:image:height\" content=\"770\" \/>\n\t<meta property=\"og:image:type\" content=\"image\/jpeg\" \/>\n<meta name=\"author\" content=\"Salvador Fabre\" \/>\n<meta name=\"twitter:card\" content=\"summary_large_image\" \/>\n<meta name=\"twitter:creator\" content=\"@Exaudi_News\" \/>\n<meta name=\"twitter:site\" content=\"@Exaudi_News\" \/>\n<meta name=\"twitter:label1\" content=\"Scritto da\" \/>\n\t<meta name=\"twitter:data1\" content=\"Salvador Fabre\" \/>\n\t<meta name=\"twitter:label2\" content=\"Tempo di lettura stimato\" \/>\n\t<meta name=\"twitter:data2\" content=\"5 minuti\" \/>\n<script type=\"application\/ld+json\" class=\"yoast-schema-graph\">{\"@context\":\"https:\\\/\\\/schema.org\",\"@graph\":[{\"@type\":\"Article\",\"@id\":\"https:\\\/\\\/exaudi.org\\\/it\\\/canonizzazioni-difficili\\\/#article\",\"isPartOf\":{\"@id\":\"https:\\\/\\\/exaudi.org\\\/it\\\/canonizzazioni-difficili\\\/\"},\"author\":{\"name\":\"Salvador Fabre\",\"@id\":\"https:\\\/\\\/exaudi.org\\\/#\\\/schema\\\/person\\\/29b1dbd9f3952eecacfc704ca1a473a8\"},\"headline\":\"Canonizzazioni difficili\",\"datePublished\":\"2024-01-22T16:43:39+00:00\",\"dateModified\":\"2024-01-22T20:37:30+00:00\",\"mainEntityOfPage\":{\"@id\":\"https:\\\/\\\/exaudi.org\\\/it\\\/canonizzazioni-difficili\\\/\"},\"wordCount\":1040,\"image\":{\"@id\":\"https:\\\/\\\/exaudi.org\\\/it\\\/canonizzazioni-difficili\\\/#primaryimage\"},\"thumbnailUrl\":\"https:\\\/\\\/exaudi.org\\\/wp-content\\\/uploads\\\/2024\\\/01\\\/cq5dam.web_.800.800-34.jpeg\",\"keywords\":[\"CANONIZZAZIONI\",\"CRITERI\",\"FULTON\",\"ISABELLA LA CATTOLICA\",\"J. SHEEN\",\"MONDO\",\"SAN CIRILO\",\"SAN GIOVANNI PAOLO II\",\"SANT'AMBROSIO\",\"santi\",\"Trending\"],\"articleSection\":[\"Voci\"],\"inLanguage\":\"it-IT\"},{\"@type\":\"WebPage\",\"@id\":\"https:\\\/\\\/exaudi.org\\\/it\\\/canonizzazioni-difficili\\\/\",\"url\":\"https:\\\/\\\/exaudi.org\\\/it\\\/canonizzazioni-difficili\\\/\",\"name\":\"Canonizzazioni difficili &#8211; Exaudi\",\"isPartOf\":{\"@id\":\"https:\\\/\\\/exaudi.org\\\/#website\"},\"primaryImageOfPage\":{\"@id\":\"https:\\\/\\\/exaudi.org\\\/it\\\/canonizzazioni-difficili\\\/#primaryimage\"},\"image\":{\"@id\":\"https:\\\/\\\/exaudi.org\\\/it\\\/canonizzazioni-difficili\\\/#primaryimage\"},\"thumbnailUrl\":\"https:\\\/\\\/exaudi.org\\\/wp-content\\\/uploads\\\/2024\\\/01\\\/cq5dam.web_.800.800-34.jpeg\",\"datePublished\":\"2024-01-22T16:43:39+00:00\",\"dateModified\":\"2024-01-22T20:37:30+00:00\",\"author\":{\"@id\":\"https:\\\/\\\/exaudi.org\\\/#\\\/schema\\\/person\\\/29b1dbd9f3952eecacfc704ca1a473a8\"},\"breadcrumb\":{\"@id\":\"https:\\\/\\\/exaudi.org\\\/it\\\/canonizzazioni-difficili\\\/#breadcrumb\"},\"inLanguage\":\"it-IT\",\"potentialAction\":[{\"@type\":\"ReadAction\",\"target\":[\"https:\\\/\\\/exaudi.org\\\/it\\\/canonizzazioni-difficili\\\/\"]}]},{\"@type\":\"ImageObject\",\"inLanguage\":\"it-IT\",\"@id\":\"https:\\\/\\\/exaudi.org\\\/it\\\/canonizzazioni-difficili\\\/#primaryimage\",\"url\":\"https:\\\/\\\/exaudi.org\\\/wp-content\\\/uploads\\\/2024\\\/01\\\/cq5dam.web_.800.800-34.jpeg\",\"contentUrl\":\"https:\\\/\\\/exaudi.org\\\/wp-content\\\/uploads\\\/2024\\\/01\\\/cq5dam.web_.800.800-34.jpeg\",\"width\":1155,\"height\":770},{\"@type\":\"BreadcrumbList\",\"@id\":\"https:\\\/\\\/exaudi.org\\\/it\\\/canonizzazioni-difficili\\\/#breadcrumb\",\"itemListElement\":[{\"@type\":\"ListItem\",\"position\":1,\"name\":\"Portada\",\"item\":\"https:\\\/\\\/exaudi.org\\\/it\\\/\"},{\"@type\":\"ListItem\",\"position\":2,\"name\":\"Canonizzazioni difficili\"}]},{\"@type\":\"WebSite\",\"@id\":\"https:\\\/\\\/exaudi.org\\\/#website\",\"url\":\"https:\\\/\\\/exaudi.org\\\/\",\"name\":\"Exaudi\",\"description\":\"News\",\"potentialAction\":[{\"@type\":\"SearchAction\",\"target\":{\"@type\":\"EntryPoint\",\"urlTemplate\":\"https:\\\/\\\/exaudi.org\\\/?s={search_term_string}\"},\"query-input\":{\"@type\":\"PropertyValueSpecification\",\"valueRequired\":true,\"valueName\":\"search_term_string\"}}],\"inLanguage\":\"it-IT\"},{\"@type\":\"Person\",\"@id\":\"https:\\\/\\\/exaudi.org\\\/#\\\/schema\\\/person\\\/29b1dbd9f3952eecacfc704ca1a473a8\",\"name\":\"Salvador Fabre\",\"image\":{\"@type\":\"ImageObject\",\"inLanguage\":\"it-IT\",\"@id\":\"https:\\\/\\\/secure.gravatar.com\\\/avatar\\\/8d1a5a78ba86b9a8255e1c5b454943b9168b1dc31a275487309b73b631a7ac5d?s=96&d=mm&r=g\",\"url\":\"https:\\\/\\\/secure.gravatar.com\\\/avatar\\\/8d1a5a78ba86b9a8255e1c5b454943b9168b1dc31a275487309b73b631a7ac5d?s=96&d=mm&r=g\",\"contentUrl\":\"https:\\\/\\\/secure.gravatar.com\\\/avatar\\\/8d1a5a78ba86b9a8255e1c5b454943b9168b1dc31a275487309b73b631a7ac5d?s=96&d=mm&r=g\",\"caption\":\"Salvador Fabre\"},\"description\":\"Doctor en filosof\u00eda - Pensar en Cristiano\",\"url\":\"https:\\\/\\\/exaudi.org\\\/it\\\/author\\\/dr-salvador-fabre\\\/\"}]}<\/script>\n<!-- \/ Yoast SEO plugin. -->","yoast_head_json":{"title":"Canonizzazioni difficili &#8211; Exaudi","robots":{"index":"index","follow":"follow","max-snippet":"max-snippet:-1","max-image-preview":"max-image-preview:large","max-video-preview":"max-video-preview:-1"},"canonical":"https:\/\/exaudi.org\/it\/canonizzazioni-difficili\/","og_locale":"it_IT","og_type":"article","og_title":"Canonizzazioni difficili &#8211; Exaudi","og_description":"Alcuni dei pi\u00f9 grandi santi della storia della Chiesa non verrebbero canonizzati con i criteri attuali","og_url":"https:\/\/exaudi.org\/it\/canonizzazioni-difficili\/","og_site_name":"Exaudi","article_publisher":"https:\/\/www.facebook.com\/ExaudiNews","article_published_time":"2024-01-22T16:43:39+00:00","article_modified_time":"2024-01-22T20:37:30+00:00","og_image":[{"width":1155,"height":770,"url":"https:\/\/exaudi.org\/wp-content\/uploads\/2024\/01\/cq5dam.web_.800.800-34.jpeg","type":"image\/jpeg"}],"author":"Salvador Fabre","twitter_card":"summary_large_image","twitter_creator":"@Exaudi_News","twitter_site":"@Exaudi_News","twitter_misc":{"Scritto da":"Salvador Fabre","Tempo di lettura stimato":"5 minuti"},"schema":{"@context":"https:\/\/schema.org","@graph":[{"@type":"Article","@id":"https:\/\/exaudi.org\/it\/canonizzazioni-difficili\/#article","isPartOf":{"@id":"https:\/\/exaudi.org\/it\/canonizzazioni-difficili\/"},"author":{"name":"Salvador Fabre","@id":"https:\/\/exaudi.org\/#\/schema\/person\/29b1dbd9f3952eecacfc704ca1a473a8"},"headline":"Canonizzazioni difficili","datePublished":"2024-01-22T16:43:39+00:00","dateModified":"2024-01-22T20:37:30+00:00","mainEntityOfPage":{"@id":"https:\/\/exaudi.org\/it\/canonizzazioni-difficili\/"},"wordCount":1040,"image":{"@id":"https:\/\/exaudi.org\/it\/canonizzazioni-difficili\/#primaryimage"},"thumbnailUrl":"https:\/\/exaudi.org\/wp-content\/uploads\/2024\/01\/cq5dam.web_.800.800-34.jpeg","keywords":["CANONIZZAZIONI","CRITERI","FULTON","ISABELLA LA CATTOLICA","J. SHEEN","MONDO","SAN CIRILO","SAN GIOVANNI PAOLO II","SANT'AMBROSIO","santi","Trending"],"articleSection":["Voci"],"inLanguage":"it-IT"},{"@type":"WebPage","@id":"https:\/\/exaudi.org\/it\/canonizzazioni-difficili\/","url":"https:\/\/exaudi.org\/it\/canonizzazioni-difficili\/","name":"Canonizzazioni difficili &#8211; Exaudi","isPartOf":{"@id":"https:\/\/exaudi.org\/#website"},"primaryImageOfPage":{"@id":"https:\/\/exaudi.org\/it\/canonizzazioni-difficili\/#primaryimage"},"image":{"@id":"https:\/\/exaudi.org\/it\/canonizzazioni-difficili\/#primaryimage"},"thumbnailUrl":"https:\/\/exaudi.org\/wp-content\/uploads\/2024\/01\/cq5dam.web_.800.800-34.jpeg","datePublished":"2024-01-22T16:43:39+00:00","dateModified":"2024-01-22T20:37:30+00:00","author":{"@id":"https:\/\/exaudi.org\/#\/schema\/person\/29b1dbd9f3952eecacfc704ca1a473a8"},"breadcrumb":{"@id":"https:\/\/exaudi.org\/it\/canonizzazioni-difficili\/#breadcrumb"},"inLanguage":"it-IT","potentialAction":[{"@type":"ReadAction","target":["https:\/\/exaudi.org\/it\/canonizzazioni-difficili\/"]}]},{"@type":"ImageObject","inLanguage":"it-IT","@id":"https:\/\/exaudi.org\/it\/canonizzazioni-difficili\/#primaryimage","url":"https:\/\/exaudi.org\/wp-content\/uploads\/2024\/01\/cq5dam.web_.800.800-34.jpeg","contentUrl":"https:\/\/exaudi.org\/wp-content\/uploads\/2024\/01\/cq5dam.web_.800.800-34.jpeg","width":1155,"height":770},{"@type":"BreadcrumbList","@id":"https:\/\/exaudi.org\/it\/canonizzazioni-difficili\/#breadcrumb","itemListElement":[{"@type":"ListItem","position":1,"name":"Portada","item":"https:\/\/exaudi.org\/it\/"},{"@type":"ListItem","position":2,"name":"Canonizzazioni difficili"}]},{"@type":"WebSite","@id":"https:\/\/exaudi.org\/#website","url":"https:\/\/exaudi.org\/","name":"Exaudi","description":"News","potentialAction":[{"@type":"SearchAction","target":{"@type":"EntryPoint","urlTemplate":"https:\/\/exaudi.org\/?s={search_term_string}"},"query-input":{"@type":"PropertyValueSpecification","valueRequired":true,"valueName":"search_term_string"}}],"inLanguage":"it-IT"},{"@type":"Person","@id":"https:\/\/exaudi.org\/#\/schema\/person\/29b1dbd9f3952eecacfc704ca1a473a8","name":"Salvador Fabre","image":{"@type":"ImageObject","inLanguage":"it-IT","@id":"https:\/\/secure.gravatar.com\/avatar\/8d1a5a78ba86b9a8255e1c5b454943b9168b1dc31a275487309b73b631a7ac5d?s=96&d=mm&r=g","url":"https:\/\/secure.gravatar.com\/avatar\/8d1a5a78ba86b9a8255e1c5b454943b9168b1dc31a275487309b73b631a7ac5d?s=96&d=mm&r=g","contentUrl":"https:\/\/secure.gravatar.com\/avatar\/8d1a5a78ba86b9a8255e1c5b454943b9168b1dc31a275487309b73b631a7ac5d?s=96&d=mm&r=g","caption":"Salvador Fabre"},"description":"Doctor en filosof\u00eda - Pensar en Cristiano","url":"https:\/\/exaudi.org\/it\/author\/dr-salvador-fabre\/"}]}},"jetpack_featured_media_url":"https:\/\/exaudi.org\/wp-content\/uploads\/2024\/01\/cq5dam.web_.800.800-34.jpeg","jetpack_shortlink":"https:\/\/wp.me\/pgKjF2-o8G","_links":{"self":[{"href":"https:\/\/exaudi.org\/it\/wp-json\/wp\/v2\/posts\/92794","targetHints":{"allow":["GET"]}}],"collection":[{"href":"https:\/\/exaudi.org\/it\/wp-json\/wp\/v2\/posts"}],"about":[{"href":"https:\/\/exaudi.org\/it\/wp-json\/wp\/v2\/types\/post"}],"author":[{"embeddable":true,"href":"https:\/\/exaudi.org\/it\/wp-json\/wp\/v2\/users\/116"}],"replies":[{"embeddable":true,"href":"https:\/\/exaudi.org\/it\/wp-json\/wp\/v2\/comments?post=92794"}],"version-history":[{"count":0,"href":"https:\/\/exaudi.org\/it\/wp-json\/wp\/v2\/posts\/92794\/revisions"}],"wp:featuredmedia":[{"embeddable":true,"href":"https:\/\/exaudi.org\/it\/wp-json\/wp\/v2\/media\/92795"}],"wp:attachment":[{"href":"https:\/\/exaudi.org\/it\/wp-json\/wp\/v2\/media?parent=92794"}],"wp:term":[{"taxonomy":"category","embeddable":true,"href":"https:\/\/exaudi.org\/it\/wp-json\/wp\/v2\/categories?post=92794"},{"taxonomy":"post_tag","embeddable":true,"href":"https:\/\/exaudi.org\/it\/wp-json\/wp\/v2\/tags?post=92794"}],"curies":[{"name":"wp","href":"https:\/\/api.w.org\/{rel}","templated":true}]}}