{"id":92676,"date":"2024-01-21T21:55:44","date_gmt":"2024-01-21T20:55:44","guid":{"rendered":"https:\/\/exaudi.org\/?p=92676"},"modified":"2024-01-21T21:55:44","modified_gmt":"2024-01-21T20:55:44","slug":"mettere-la-scrittura-al-centro-della-nostra-vita-personale-e-comunitaria","status":"publish","type":"post","link":"https:\/\/exaudi.org\/it\/mettere-la-scrittura-al-centro-della-nostra-vita-personale-e-comunitaria\/","title":{"rendered":"&#8220;Mettere la Scrittura al centro della nostra vita personale e comunitaria&#8221;"},"content":{"rendered":"<p>Alle ore 9.30 di questa mattina, III Domenica del Tempo Ordinario, il Santo Padre Francesco ha presieduto la Santa Messa nella Basilica Vaticana in occasione della V Domenica della Parola di Dio che quest&#8217;anno ha per tema: \u00abRimanete nella mia Parola\u00bb (Gv 8,31).<\/p>\n<p>Nel corso della Celebrazione eucaristica, il Papa ha conferito a noi laici, provenienti dai diversi Paesi del mondo, i ministeri del Lettorato e del Catechista.<\/p>\n<p>Pubblichiamo di seguito la memoria che Papa Francesco ha pronunciato in seguito alla proclamazione del Vangelo:<br \/>\n\u200b<br \/>\n<b><u>Omelia del Santo Padre<\/u><\/b><\/p>\n<p>Abbiamo ascoltato che \u00abGes\u00f9 disse loro: \u201cVenite dietro a me\u201d [\u2026].\u00a0E subito lasciarono le reti e lo seguirono\u00bb (<i>Mc<\/i>\u00a01,17-18). \u00c8 grande la forza della Parola di Dio, come abbiamo sentito anche nella prima Lettura: \u00abFu rivolta a Giona questa parola del Signore:\u00a0\u201cAlzati, va\u2019 a Ninive [\u2026] e annuncia loro\u201d [\u2026]. Giona si alz\u00f2 e and\u00f2 [\u2026] secondo la parola del Signore\u00bb (<i>Gn<\/i>\u00a03,1-3). La Parola di Dio sprigiona la potenza dello Spirito Santo. \u00c8 una forza che attira a Dio, come accaduto a quei giovani pescatori, folgorati dalle parole di Ges\u00f9; ed \u00e8 una forza che invia agli altri, come per Giona, che va verso quanti sono lontani dal Signore. La Parola, dunque,\u00a0<i>attira a Dio<\/i>\u00a0e\u00a0<i>invia agli altri.<\/i>\u00a0<i>Attira a Dio<\/i>\u00a0e\u00a0<i>invia agli altri<\/i>: ecco il suo dinamismo. Non ci lascia chiusi in noi stessi, ma dilata il cuore, fa invertire la rotta, ribalta le abitudini, apre scenari nuovi, dischiude orizzonti impensati.<\/p>\n<p><img loading=\"lazy\" decoding=\"async\" class=\"size-medium wp-image-92648 alignright\" src=\"https:\/\/exaudi.org\/wp-content\/uploads\/2024\/01\/cq5dam.web_.800.800-11-1-300x200.jpeg\" alt=\"\" width=\"300\" height=\"200\" srcset=\"https:\/\/exaudi.org\/wp-content\/uploads\/2024\/01\/cq5dam.web_.800.800-11-1-300x200.jpeg 300w, https:\/\/exaudi.org\/wp-content\/uploads\/2024\/01\/cq5dam.web_.800.800-11-1-770x513.jpeg 770w, https:\/\/exaudi.org\/wp-content\/uploads\/2024\/01\/cq5dam.web_.800.800-11-1-360x240.jpeg?crop=1 360w, https:\/\/exaudi.org\/wp-content\/uploads\/2024\/01\/cq5dam.web_.800.800-11-1-500x333.jpeg 500w, https:\/\/exaudi.org\/wp-content\/uploads\/2024\/01\/cq5dam.web_.800.800-11-1-370x247.jpeg 370w, https:\/\/exaudi.org\/wp-content\/uploads\/2024\/01\/cq5dam.web_.800.800-11-1-293x195.jpeg 293w, https:\/\/exaudi.org\/wp-content\/uploads\/2024\/01\/cq5dam.web_.800.800-11-1-120x80.jpeg 120w, https:\/\/exaudi.org\/wp-content\/uploads\/2024\/01\/cq5dam.web_.800.800-11-1-240x160.jpeg 240w, https:\/\/exaudi.org\/wp-content\/uploads\/2024\/01\/cq5dam.web_.800.800-11-1-390x260.jpeg 390w, https:\/\/exaudi.org\/wp-content\/uploads\/2024\/01\/cq5dam.web_.800.800-11-1.jpeg 800w\" sizes=\"auto, (max-width: 300px) 100vw, 300px\" \/>Fratelli e sorelle, la Parola di Dio desidera fare questo in ognuno di noi. Come per i primi discepoli, che accogliendo le parole di Ges\u00f9 lasciano le reti e cominciano un\u2019avventura stupenda, cos\u00ec anche sulle rive della nostra vita, accanto alle barche dei familiari e alle reti del lavoro, la Parola\u00a0<i>suscita la chiamata<\/i>\u00a0di Ges\u00f9. Egli ci chiama a prendere il largo con Lui per gli altri. S\u00ec, la Parola\u00a0<i>suscita la missione<\/i>, ci fa messaggeri e testimoni di Dio per un mondo pieno di parole, ma assetato di quella Parola che spesso ignora. La Chiesa vive di questo dinamismo: \u00e8 chiamata da Cristo, attirata da Lui, ed \u00e8 inviata nel mondo a testimoniarlo. Questo \u00e8 il dinamismo nella Chiesa.<\/p>\n<p>Non possiamo fare a meno della Parola di Dio, della sua forza mite che, come in un dialogo, tocca il cuore, s\u2019imprime nell\u2019anima, la rinnova con la pace di Ges\u00f9, che rende inquieti per gli altri. Se guardiamo agli amici di Dio, ai testimoni del Vangelo nella storia, ai santi, vediamo che per tutti la Parola \u00e8 stata decisiva. Pensiamo al primo monaco, Sant\u2019Antonio, che, colpito da un passo del Vangelo mentre era a Messa, lasci\u00f2 tutto per il Signore; pensiamo a Sant\u2019Agostino, la cui vita svolt\u00f2 quando una parola divina gli risan\u00f2 il cuore; pensiamo a Santa Teresa di Ges\u00f9 Bambino, che scopr\u00ec la sua vocazione leggendo le lettere di San Paolo. E penso al santo di cui porto il nome, Francesco d\u2019Assisi, il quale, dopo aver pregato, legge nel Vangelo che Ges\u00f9 invia i discepoli a predicare ed esclama: \u00abQuesto voglio, questo chiedo, questo bramo di fare con tutto il cuore!\u00bb (Tommaso da Celano,\u00a0<i>Vita prima<\/i>\u00a0IX, 22). Sono vite cambiate dalla Parola di vita, dalla Parola del Signore.<\/p>\n<p><img loading=\"lazy\" decoding=\"async\" class=\"size-medium wp-image-92658 alignleft\" src=\"https:\/\/exaudi.org\/wp-content\/uploads\/2024\/01\/cq5dam.web_.800.800-14-1-300x200.jpeg\" alt=\"\" width=\"300\" height=\"200\" srcset=\"https:\/\/exaudi.org\/wp-content\/uploads\/2024\/01\/cq5dam.web_.800.800-14-1-300x200.jpeg 300w, https:\/\/exaudi.org\/wp-content\/uploads\/2024\/01\/cq5dam.web_.800.800-14-1-770x513.jpeg 770w, https:\/\/exaudi.org\/wp-content\/uploads\/2024\/01\/cq5dam.web_.800.800-14-1-360x240.jpeg?crop=1 360w, https:\/\/exaudi.org\/wp-content\/uploads\/2024\/01\/cq5dam.web_.800.800-14-1-500x333.jpeg 500w, https:\/\/exaudi.org\/wp-content\/uploads\/2024\/01\/cq5dam.web_.800.800-14-1-370x247.jpeg 370w, https:\/\/exaudi.org\/wp-content\/uploads\/2024\/01\/cq5dam.web_.800.800-14-1-293x195.jpeg 293w, https:\/\/exaudi.org\/wp-content\/uploads\/2024\/01\/cq5dam.web_.800.800-14-1-120x80.jpeg 120w, https:\/\/exaudi.org\/wp-content\/uploads\/2024\/01\/cq5dam.web_.800.800-14-1-240x160.jpeg 240w, https:\/\/exaudi.org\/wp-content\/uploads\/2024\/01\/cq5dam.web_.800.800-14-1-390x260.jpeg 390w, https:\/\/exaudi.org\/wp-content\/uploads\/2024\/01\/cq5dam.web_.800.800-14-1.jpeg 800w\" sizes=\"auto, (max-width: 300px) 100vw, 300px\" \/>Ma mi domando: perch\u00e9 per molti di noi non accade lo stesso? Tante volte ascoltiamo la Parola di Dio, entra in un orecchio ed esce dall\u2019altro: perch\u00e9? Forse perch\u00e9, come ci mostrano questi testimoni, bisogna non essere \u201csordi\u201d alla Parola. \u00c8 il nostro rischio: travolti da mille parole, ci lasciamo scivolare addosso pure la Parola di Dio: la sentiamo, ma non la ascoltiamo; la ascoltiamo, ma non la custodiamo; la custodiamo, ma non ci lasciamo provocare per cambiare. Soprattutto, la leggiamo ma non la preghiamo, mentre \u00abla lettura della sacra Scrittura dev\u2019essere\u00a0<i>accompagnata dalla preghiera<\/i>, affinch\u00e9 si stabilisca il dialogo tra Dio e l\u2019uomo\u00bb (<i><a href=\"https:\/\/www.vatican.va\/archive\/hist_councils\/ii_vatican_council\/documents\/vat-ii_const_19651118_dei-verbum_it.html#25\">Dei Verbum<\/a><\/i>, 25). Non dimentichiamo le due dimensioni fondanti della preghiera cristiana: l\u2019ascolto della Parola e l\u2019adorazione del Signore. Facciamo spazio alla Parola di Ges\u00f9, alla Parola di Ges\u00f9 pregata e accadr\u00e0 per noi come ai primi discepoli. Ritorniamo dunque al Vangelo di oggi, che ci riporta due gesti che scaturirono dalla Parola di Ges\u00f9: \u00ablasciarono le reti e lo seguirono\u00bb (<i>Mc<\/i>\u00a01,18). Lasciarono e seguirono. Soffermiamoci brevemente su questo.<\/p>\n<p><i>Lasciarono<\/i>. Che cosa hanno lasciato? La barca e le reti, cio\u00e8 la vita che avevano fatto fino a quel momento. Tante volte fatichiamo a lasciare le nostre sicurezze, le nostre abitudini, perch\u00e9 rimaniamo impigliati in esse come i pesci nella rete. Ma chi sta a contatto con la Parola guarisce dai lacci del passato, perch\u00e9 la Parola viva reinterpreta la vita, risana anche la memoria ferita innestando il ricordo di Dio e delle sue opere per noi. La Scrittura ci fonda nel bene, ci ricorda chi siamo: figli di Dio salvati e amati. \u201cLe fragranti parole del Signore\u201d (cfr S. Francesco di Assisi,\u00a0<i>Lettera ai fedeli<\/i>) sono come il miele, rendono gustosa la vita: suscitano la dolcezza di Dio, nutrono l\u2019anima, allontanano la paura, vincono la solitudine. E come fecero lasciare a quei discepoli la ripetitivit\u00e0 di una vita fatta di barche e di reti, cos\u00ec in noi rinnovano la fede, purificandola e liberandola da tante scorie, riportandola alle origini, alla purezza sorgiva del Vangelo. Con il racconto delle opere di Dio per noi, la Sacra Scrittura scioglie gli ormeggi di una fede paralizzata e ci fa riassaporare la vita cristiana com\u2019\u00e8 veramente: una storia di amore con il Signore.<\/p>\n<p>I discepoli, dunque, lasciarono; e poi\u00a0<i>seguirono\u00a0<\/i>\u2013 lasciarono e seguirono: dietro al Maestro fecero passi in avanti. Infatti la sua Parola, mentre libera dagli ingombri del passato e del presente, fa maturare nella verit\u00e0 e nella carit\u00e0: ravviva il cuore, lo scuote, lo purifica dalle ipocrisie e lo riempie di speranza. La Bibbia stessa attesta che la Parola \u00e8 concreta ed efficace: \u00abcome la pioggia e la neve\u00bb per il terreno (cfr\u00a0<i>Is<\/i>\u00a055,10-11); \u00abcome il fuoco\u00bb, \u00abcome un martello che spacca la roccia\u00bb (<i>Ger<\/i>\u00a023,29); come una spada tagliente che \u00abdiscerne i sentimenti e i pensieri del cuore\u00bb (<i>Eb<\/i>\u00a04,12); come un seme incorruttibile (<i>1 Pt<\/i>\u00a01,23) che, piccolo e nascosto, germoglia e porta frutto (cfr\u00a0<i>Mt<\/i>\u00a013). \u00abNella parola di Dio \u00e8 insita tanta efficacia e potenza, da essere [\u2026] il nutrimento dell\u2019anima, la sorgente pura e perenne della vita spirituale\u00bb (<a href=\"https:\/\/www.vatican.va\/archive\/hist_councils\/ii_vatican_council\/index_it.htm\">Conc. Ecum. Vat. II<\/a>, Cost. dogm.\u00a0<i><a href=\"https:\/\/www.vatican.va\/archive\/hist_councils\/ii_vatican_council\/documents\/vat-ii_const_19651118_dei-verbum_it.html#21\">Dei Verbum<\/a><\/i>, 21).<\/p>\n<p><img loading=\"lazy\" decoding=\"async\" class=\"size-medium wp-image-92658 alignright\" src=\"https:\/\/exaudi.org\/wp-content\/uploads\/2024\/01\/cq5dam.web_.800.800-14-1-300x200.jpeg\" alt=\"\" width=\"300\" height=\"200\" srcset=\"https:\/\/exaudi.org\/wp-content\/uploads\/2024\/01\/cq5dam.web_.800.800-14-1-300x200.jpeg 300w, https:\/\/exaudi.org\/wp-content\/uploads\/2024\/01\/cq5dam.web_.800.800-14-1-770x513.jpeg 770w, https:\/\/exaudi.org\/wp-content\/uploads\/2024\/01\/cq5dam.web_.800.800-14-1-360x240.jpeg?crop=1 360w, https:\/\/exaudi.org\/wp-content\/uploads\/2024\/01\/cq5dam.web_.800.800-14-1-500x333.jpeg 500w, https:\/\/exaudi.org\/wp-content\/uploads\/2024\/01\/cq5dam.web_.800.800-14-1-370x247.jpeg 370w, https:\/\/exaudi.org\/wp-content\/uploads\/2024\/01\/cq5dam.web_.800.800-14-1-293x195.jpeg 293w, https:\/\/exaudi.org\/wp-content\/uploads\/2024\/01\/cq5dam.web_.800.800-14-1-120x80.jpeg 120w, https:\/\/exaudi.org\/wp-content\/uploads\/2024\/01\/cq5dam.web_.800.800-14-1-240x160.jpeg 240w, https:\/\/exaudi.org\/wp-content\/uploads\/2024\/01\/cq5dam.web_.800.800-14-1-390x260.jpeg 390w, https:\/\/exaudi.org\/wp-content\/uploads\/2024\/01\/cq5dam.web_.800.800-14-1.jpeg 800w\" sizes=\"auto, (max-width: 300px) 100vw, 300px\" \/>Fratelli e sorelle, la Domenica della Parola di Dio ci aiuti a tornare con gioia alle sorgenti della fede, che nasce dall\u2019ascolto di Ges\u00f9, Verbo del Dio vivente. Mentre si dicono e leggono in continuazione parole sulla Chiesa, ci aiuti a riscoprire la Parola di vita che risuona nella Chiesa! Altrimenti finiamo per parlare pi\u00f9 di noi che di Lui; e tante volte al centro rimangono i nostri pensieri e i nostri problemi, anzich\u00e9 Cristo con la sua Parola. Ritorniamo alle sorgenti per offrire al mondo l\u2019acqua viva che non trova; e, mentre la societ\u00e0 e i\u00a0<i>social<\/i>\u00a0accentuano la violenza delle parole, noi stringiamoci alla mitezza della Parola di Dio che salva, che \u00e8 mite, che non fa rumore, che entra nel cuore.<\/p>\n<p>E poniamoci, infine, qualche domanda. Io, quale posto riservo alla Parola di Dio nel luogo dove abito? L\u00ec ci saranno libri, giornali, televisori, telefoni, ma dov\u2019\u00e8 la Bibbia? Nella mia stanza, tengo il Vangelo a portata di mano? Lo leggo ogni giorno per ritrovarvi la rotta della vita? Porto nella borsa un piccolo esemplare del Vangelo per leggerlo? Tante volte ho consigliato di avere sempre il Vangelo con s\u00e9, in tasca, nella borsa, nel telefonino: se Cristo mi \u00e8 caro pi\u00f9 di ogni cosa, come posso lasciarlo a casa e non portare con me la sua Parola? E un\u2019ultima domanda: ho letto per intero almeno uno dei quattro Vangeli? Il Vangelo \u00e8 il libro della vita, \u00e8 semplice e breve, eppure tanti credenti non ne hanno mai letto uno dall\u2019inizio alla fine.<\/p>\n<p>Fratelli e sorelle, Dio, dice la Scrittura, \u00e8 \u00abprincipio e autore della bellezza\u00bb (<i>Sap<\/i>\u00a013,3): lasciamoci conquistare dalla bellezza che la Parola di Dio porta nella vita.<\/p>\n<p><iframe loading=\"lazy\" title=\"21 January 2024, Holy Mass to mark the Sunday of the Word of God | Pope Francis\" width=\"500\" height=\"281\" src=\"https:\/\/www.youtube.com\/embed\/uOAaZezVDMg?feature=oembed\" frameborder=\"0\" allow=\"accelerometer; autoplay; clipboard-write; encrypted-media; gyroscope; picture-in-picture; web-share\" referrerpolicy=\"strict-origin-when-cross-origin\" allowfullscreen><\/iframe><\/p>\n","protected":false},"excerpt":{"rendered":"<p>Omelia per Domenica della Parola<\/p>\n","protected":false},"author":17,"featured_media":92708,"comment_status":"closed","ping_status":"closed","sticky":false,"template":"","format":"standard","meta":{"_acf_changed":false,"_crdt_document":"","inline_featured_image":false,"footnotes":""},"categories":[67,113],"tags":[12358,7626,2487,6372,401],"class_list":["post-92676","post","type-post","status-publish","format-standard","has-post-thumbnail","hentry","category-leone-xiv","category-omelie","tag-domenica-della-parola","tag-featured-it","tag-featured-3","tag-omelia","tag-papa-francisco-it"],"acf":[],"yoast_head":"<!-- This site is optimized with the Yoast SEO plugin v27.4 - https:\/\/yoast.com\/product\/yoast-seo-wordpress\/ -->\n<title>&quot;Mettere la Scrittura al centro della nostra vita personale e comunitaria&quot; &#8211; Exaudi<\/title>\n<meta name=\"robots\" content=\"index, follow, max-snippet:-1, max-image-preview:large, max-video-preview:-1\" \/>\n<link rel=\"canonical\" href=\"https:\/\/exaudi.org\/it\/mettere-la-scrittura-al-centro-della-nostra-vita-personale-e-comunitaria\/\" \/>\n<meta property=\"og:locale\" content=\"it_IT\" \/>\n<meta property=\"og:type\" content=\"article\" \/>\n<meta property=\"og:title\" content=\"&quot;Mettere la Scrittura al centro della nostra vita personale e comunitaria&quot; &#8211; Exaudi\" \/>\n<meta property=\"og:description\" content=\"Omelia per Domenica della Parola\" \/>\n<meta property=\"og:url\" content=\"https:\/\/exaudi.org\/it\/mettere-la-scrittura-al-centro-della-nostra-vita-personale-e-comunitaria\/\" \/>\n<meta property=\"og:site_name\" content=\"Exaudi\" \/>\n<meta property=\"article:publisher\" content=\"https:\/\/www.facebook.com\/ExaudiNews\" \/>\n<meta property=\"article:author\" content=\"https:\/\/www.facebook.com\/ExaudiNotizie\/\" \/>\n<meta property=\"article:published_time\" content=\"2024-01-21T20:55:44+00:00\" \/>\n<meta property=\"og:image\" content=\"https:\/\/exaudi.org\/wp-content\/uploads\/2024\/01\/Snapinsta.app_420048720_771501121681318_6955520132215217812_n_1080.jpg\" \/>\n\t<meta property=\"og:image:width\" content=\"1080\" \/>\n\t<meta property=\"og:image:height\" content=\"1080\" \/>\n\t<meta property=\"og:image:type\" content=\"image\/jpeg\" \/>\n<meta name=\"author\" content=\"Exaudi Redazione\" \/>\n<meta name=\"twitter:card\" content=\"summary_large_image\" \/>\n<meta name=\"twitter:creator\" content=\"@Exaudi_Notizie\" \/>\n<meta name=\"twitter:site\" content=\"@Exaudi_News\" \/>\n<meta name=\"twitter:label1\" content=\"Scritto da\" \/>\n\t<meta name=\"twitter:data1\" content=\"Exaudi Redazione\" \/>\n\t<meta name=\"twitter:label2\" content=\"Tempo di lettura stimato\" \/>\n\t<meta name=\"twitter:data2\" content=\"7 minuti\" \/>\n<script type=\"application\/ld+json\" class=\"yoast-schema-graph\">{\"@context\":\"https:\\\/\\\/schema.org\",\"@graph\":[{\"@type\":\"Article\",\"@id\":\"https:\\\/\\\/exaudi.org\\\/it\\\/mettere-la-scrittura-al-centro-della-nostra-vita-personale-e-comunitaria\\\/#article\",\"isPartOf\":{\"@id\":\"https:\\\/\\\/exaudi.org\\\/it\\\/mettere-la-scrittura-al-centro-della-nostra-vita-personale-e-comunitaria\\\/\"},\"author\":{\"name\":\"Exaudi Redazione\",\"@id\":\"https:\\\/\\\/exaudi.org\\\/#\\\/schema\\\/person\\\/e1ab6ed07c01774724dd96f925f3a5f0\"},\"headline\":\"&#8220;Mettere la Scrittura al centro della nostra vita personale e comunitaria&#8221;\",\"datePublished\":\"2024-01-21T20:55:44+00:00\",\"mainEntityOfPage\":{\"@id\":\"https:\\\/\\\/exaudi.org\\\/it\\\/mettere-la-scrittura-al-centro-della-nostra-vita-personale-e-comunitaria\\\/\"},\"wordCount\":1350,\"image\":{\"@id\":\"https:\\\/\\\/exaudi.org\\\/it\\\/mettere-la-scrittura-al-centro-della-nostra-vita-personale-e-comunitaria\\\/#primaryimage\"},\"thumbnailUrl\":\"https:\\\/\\\/exaudi.org\\\/wp-content\\\/uploads\\\/2024\\\/01\\\/Snapinsta.app_420048720_771501121681318_6955520132215217812_n_1080.jpg\",\"keywords\":[\"DOMENICA DELLA PAROLA\",\"Featured\",\"Featured\",\"Omelia\",\"papa francisco\"],\"articleSection\":[\"Leone XIV\",\"Omelie\"],\"inLanguage\":\"it-IT\"},{\"@type\":\"WebPage\",\"@id\":\"https:\\\/\\\/exaudi.org\\\/it\\\/mettere-la-scrittura-al-centro-della-nostra-vita-personale-e-comunitaria\\\/\",\"url\":\"https:\\\/\\\/exaudi.org\\\/it\\\/mettere-la-scrittura-al-centro-della-nostra-vita-personale-e-comunitaria\\\/\",\"name\":\"\\\"Mettere la Scrittura al centro della nostra vita personale e comunitaria\\\" &#8211; Exaudi\",\"isPartOf\":{\"@id\":\"https:\\\/\\\/exaudi.org\\\/#website\"},\"primaryImageOfPage\":{\"@id\":\"https:\\\/\\\/exaudi.org\\\/it\\\/mettere-la-scrittura-al-centro-della-nostra-vita-personale-e-comunitaria\\\/#primaryimage\"},\"image\":{\"@id\":\"https:\\\/\\\/exaudi.org\\\/it\\\/mettere-la-scrittura-al-centro-della-nostra-vita-personale-e-comunitaria\\\/#primaryimage\"},\"thumbnailUrl\":\"https:\\\/\\\/exaudi.org\\\/wp-content\\\/uploads\\\/2024\\\/01\\\/Snapinsta.app_420048720_771501121681318_6955520132215217812_n_1080.jpg\",\"datePublished\":\"2024-01-21T20:55:44+00:00\",\"author\":{\"@id\":\"https:\\\/\\\/exaudi.org\\\/#\\\/schema\\\/person\\\/e1ab6ed07c01774724dd96f925f3a5f0\"},\"breadcrumb\":{\"@id\":\"https:\\\/\\\/exaudi.org\\\/it\\\/mettere-la-scrittura-al-centro-della-nostra-vita-personale-e-comunitaria\\\/#breadcrumb\"},\"inLanguage\":\"it-IT\",\"potentialAction\":[{\"@type\":\"ReadAction\",\"target\":[\"https:\\\/\\\/exaudi.org\\\/it\\\/mettere-la-scrittura-al-centro-della-nostra-vita-personale-e-comunitaria\\\/\"]}]},{\"@type\":\"ImageObject\",\"inLanguage\":\"it-IT\",\"@id\":\"https:\\\/\\\/exaudi.org\\\/it\\\/mettere-la-scrittura-al-centro-della-nostra-vita-personale-e-comunitaria\\\/#primaryimage\",\"url\":\"https:\\\/\\\/exaudi.org\\\/wp-content\\\/uploads\\\/2024\\\/01\\\/Snapinsta.app_420048720_771501121681318_6955520132215217812_n_1080.jpg\",\"contentUrl\":\"https:\\\/\\\/exaudi.org\\\/wp-content\\\/uploads\\\/2024\\\/01\\\/Snapinsta.app_420048720_771501121681318_6955520132215217812_n_1080.jpg\",\"width\":1080,\"height\":1080,\"caption\":\"Vatican Media\"},{\"@type\":\"BreadcrumbList\",\"@id\":\"https:\\\/\\\/exaudi.org\\\/it\\\/mettere-la-scrittura-al-centro-della-nostra-vita-personale-e-comunitaria\\\/#breadcrumb\",\"itemListElement\":[{\"@type\":\"ListItem\",\"position\":1,\"name\":\"Portada\",\"item\":\"https:\\\/\\\/exaudi.org\\\/it\\\/\"},{\"@type\":\"ListItem\",\"position\":2,\"name\":\"&#8220;Mettere la Scrittura al centro della nostra vita personale e comunitaria&#8221;\"}]},{\"@type\":\"WebSite\",\"@id\":\"https:\\\/\\\/exaudi.org\\\/#website\",\"url\":\"https:\\\/\\\/exaudi.org\\\/\",\"name\":\"Exaudi\",\"description\":\"News\",\"potentialAction\":[{\"@type\":\"SearchAction\",\"target\":{\"@type\":\"EntryPoint\",\"urlTemplate\":\"https:\\\/\\\/exaudi.org\\\/?s={search_term_string}\"},\"query-input\":{\"@type\":\"PropertyValueSpecification\",\"valueRequired\":true,\"valueName\":\"search_term_string\"}}],\"inLanguage\":\"it-IT\"},{\"@type\":\"Person\",\"@id\":\"https:\\\/\\\/exaudi.org\\\/#\\\/schema\\\/person\\\/e1ab6ed07c01774724dd96f925f3a5f0\",\"name\":\"Exaudi Redazione\",\"image\":{\"@type\":\"ImageObject\",\"inLanguage\":\"it-IT\",\"@id\":\"https:\\\/\\\/secure.gravatar.com\\\/avatar\\\/ad6774b3ada023bf5b939d64f45c94b3adf91502dd883507d469b4308a943bb3?s=96&d=mm&r=g\",\"url\":\"https:\\\/\\\/secure.gravatar.com\\\/avatar\\\/ad6774b3ada023bf5b939d64f45c94b3adf91502dd883507d469b4308a943bb3?s=96&d=mm&r=g\",\"contentUrl\":\"https:\\\/\\\/secure.gravatar.com\\\/avatar\\\/ad6774b3ada023bf5b939d64f45c94b3adf91502dd883507d469b4308a943bb3?s=96&d=mm&r=g\",\"caption\":\"Exaudi Redazione\"},\"description\":\"Che cosa \u00e8 Exaudi News? Exaudi News \u00e8 un agenzia cattolica internazionale che informa, istruisce e trasforma quotidianamente in spagnolo, inglese e italiano. Attraverso notizie, articoli di analisi e trasmissioni in diretta degli eventi del Papa, Exaudi cerca di rafforzare l'unit\u00e0 dei cristiani e di contribuire all'evangelizzazione del mondo, sempre guidato dalla dottrina sociale della Chiesa. Lavoriamo per portare la verit\u00e0 e i valori cristiani in ogni angolo del pianeta. Aiutaci a trasformare il mondo con Exaudi! Noi di Exaudi crediamo che l'evangelizzazione e l'informazione di qualit\u00e0 possano cambiare la vita. Per continuare la nostra missione ed espandere la nostra portata, abbiamo bisogno del tuo aiuto. Stiamo anche cercando persone motivate che vogliano unirsi al nostro team. Grazie al vostro sostegno raggiungeremo pi\u00f9 persone, diffonderemo il messaggio di Cristo e rafforzeremo l'unit\u00e0 dei cristiani. Vuoi unirti alla nostra missione? Per maggiori informazioni su come contribuire, visita Exaudi.org\\\/it o contattaci direttamente: info@exaudi.org Exaudi: informa, forma e trasforma.\",\"sameAs\":[\"https:\\\/\\\/www.facebook.com\\\/ExaudiNotizie\\\/\",\"https:\\\/\\\/www.instagram.com\\\/Exaudi_notizie\\\/\",\"https:\\\/\\\/x.com\\\/Exaudi_Notizie\",\"https:\\\/\\\/www.youtube.com\\\/@exaudicatholicnews\"],\"url\":\"https:\\\/\\\/exaudi.org\\\/it\\\/author\\\/dlvedi-org\\\/\"}]}<\/script>\n<!-- \/ Yoast SEO plugin. -->","yoast_head_json":{"title":"\"Mettere la Scrittura al centro della nostra vita personale e comunitaria\" &#8211; Exaudi","robots":{"index":"index","follow":"follow","max-snippet":"max-snippet:-1","max-image-preview":"max-image-preview:large","max-video-preview":"max-video-preview:-1"},"canonical":"https:\/\/exaudi.org\/it\/mettere-la-scrittura-al-centro-della-nostra-vita-personale-e-comunitaria\/","og_locale":"it_IT","og_type":"article","og_title":"\"Mettere la Scrittura al centro della nostra vita personale e comunitaria\" &#8211; Exaudi","og_description":"Omelia per Domenica della Parola","og_url":"https:\/\/exaudi.org\/it\/mettere-la-scrittura-al-centro-della-nostra-vita-personale-e-comunitaria\/","og_site_name":"Exaudi","article_publisher":"https:\/\/www.facebook.com\/ExaudiNews","article_author":"https:\/\/www.facebook.com\/ExaudiNotizie\/","article_published_time":"2024-01-21T20:55:44+00:00","og_image":[{"width":1080,"height":1080,"url":"https:\/\/exaudi.org\/wp-content\/uploads\/2024\/01\/Snapinsta.app_420048720_771501121681318_6955520132215217812_n_1080.jpg","type":"image\/jpeg"}],"author":"Exaudi Redazione","twitter_card":"summary_large_image","twitter_creator":"@Exaudi_Notizie","twitter_site":"@Exaudi_News","twitter_misc":{"Scritto da":"Exaudi Redazione","Tempo di lettura stimato":"7 minuti"},"schema":{"@context":"https:\/\/schema.org","@graph":[{"@type":"Article","@id":"https:\/\/exaudi.org\/it\/mettere-la-scrittura-al-centro-della-nostra-vita-personale-e-comunitaria\/#article","isPartOf":{"@id":"https:\/\/exaudi.org\/it\/mettere-la-scrittura-al-centro-della-nostra-vita-personale-e-comunitaria\/"},"author":{"name":"Exaudi Redazione","@id":"https:\/\/exaudi.org\/#\/schema\/person\/e1ab6ed07c01774724dd96f925f3a5f0"},"headline":"&#8220;Mettere la Scrittura al centro della nostra vita personale e comunitaria&#8221;","datePublished":"2024-01-21T20:55:44+00:00","mainEntityOfPage":{"@id":"https:\/\/exaudi.org\/it\/mettere-la-scrittura-al-centro-della-nostra-vita-personale-e-comunitaria\/"},"wordCount":1350,"image":{"@id":"https:\/\/exaudi.org\/it\/mettere-la-scrittura-al-centro-della-nostra-vita-personale-e-comunitaria\/#primaryimage"},"thumbnailUrl":"https:\/\/exaudi.org\/wp-content\/uploads\/2024\/01\/Snapinsta.app_420048720_771501121681318_6955520132215217812_n_1080.jpg","keywords":["DOMENICA DELLA PAROLA","Featured","Featured","Omelia","papa francisco"],"articleSection":["Leone XIV","Omelie"],"inLanguage":"it-IT"},{"@type":"WebPage","@id":"https:\/\/exaudi.org\/it\/mettere-la-scrittura-al-centro-della-nostra-vita-personale-e-comunitaria\/","url":"https:\/\/exaudi.org\/it\/mettere-la-scrittura-al-centro-della-nostra-vita-personale-e-comunitaria\/","name":"\"Mettere la Scrittura al centro della nostra vita personale e comunitaria\" &#8211; Exaudi","isPartOf":{"@id":"https:\/\/exaudi.org\/#website"},"primaryImageOfPage":{"@id":"https:\/\/exaudi.org\/it\/mettere-la-scrittura-al-centro-della-nostra-vita-personale-e-comunitaria\/#primaryimage"},"image":{"@id":"https:\/\/exaudi.org\/it\/mettere-la-scrittura-al-centro-della-nostra-vita-personale-e-comunitaria\/#primaryimage"},"thumbnailUrl":"https:\/\/exaudi.org\/wp-content\/uploads\/2024\/01\/Snapinsta.app_420048720_771501121681318_6955520132215217812_n_1080.jpg","datePublished":"2024-01-21T20:55:44+00:00","author":{"@id":"https:\/\/exaudi.org\/#\/schema\/person\/e1ab6ed07c01774724dd96f925f3a5f0"},"breadcrumb":{"@id":"https:\/\/exaudi.org\/it\/mettere-la-scrittura-al-centro-della-nostra-vita-personale-e-comunitaria\/#breadcrumb"},"inLanguage":"it-IT","potentialAction":[{"@type":"ReadAction","target":["https:\/\/exaudi.org\/it\/mettere-la-scrittura-al-centro-della-nostra-vita-personale-e-comunitaria\/"]}]},{"@type":"ImageObject","inLanguage":"it-IT","@id":"https:\/\/exaudi.org\/it\/mettere-la-scrittura-al-centro-della-nostra-vita-personale-e-comunitaria\/#primaryimage","url":"https:\/\/exaudi.org\/wp-content\/uploads\/2024\/01\/Snapinsta.app_420048720_771501121681318_6955520132215217812_n_1080.jpg","contentUrl":"https:\/\/exaudi.org\/wp-content\/uploads\/2024\/01\/Snapinsta.app_420048720_771501121681318_6955520132215217812_n_1080.jpg","width":1080,"height":1080,"caption":"Vatican Media"},{"@type":"BreadcrumbList","@id":"https:\/\/exaudi.org\/it\/mettere-la-scrittura-al-centro-della-nostra-vita-personale-e-comunitaria\/#breadcrumb","itemListElement":[{"@type":"ListItem","position":1,"name":"Portada","item":"https:\/\/exaudi.org\/it\/"},{"@type":"ListItem","position":2,"name":"&#8220;Mettere la Scrittura al centro della nostra vita personale e comunitaria&#8221;"}]},{"@type":"WebSite","@id":"https:\/\/exaudi.org\/#website","url":"https:\/\/exaudi.org\/","name":"Exaudi","description":"News","potentialAction":[{"@type":"SearchAction","target":{"@type":"EntryPoint","urlTemplate":"https:\/\/exaudi.org\/?s={search_term_string}"},"query-input":{"@type":"PropertyValueSpecification","valueRequired":true,"valueName":"search_term_string"}}],"inLanguage":"it-IT"},{"@type":"Person","@id":"https:\/\/exaudi.org\/#\/schema\/person\/e1ab6ed07c01774724dd96f925f3a5f0","name":"Exaudi Redazione","image":{"@type":"ImageObject","inLanguage":"it-IT","@id":"https:\/\/secure.gravatar.com\/avatar\/ad6774b3ada023bf5b939d64f45c94b3adf91502dd883507d469b4308a943bb3?s=96&d=mm&r=g","url":"https:\/\/secure.gravatar.com\/avatar\/ad6774b3ada023bf5b939d64f45c94b3adf91502dd883507d469b4308a943bb3?s=96&d=mm&r=g","contentUrl":"https:\/\/secure.gravatar.com\/avatar\/ad6774b3ada023bf5b939d64f45c94b3adf91502dd883507d469b4308a943bb3?s=96&d=mm&r=g","caption":"Exaudi Redazione"},"description":"Che cosa \u00e8 Exaudi News? Exaudi News \u00e8 un agenzia cattolica internazionale che informa, istruisce e trasforma quotidianamente in spagnolo, inglese e italiano. Attraverso notizie, articoli di analisi e trasmissioni in diretta degli eventi del Papa, Exaudi cerca di rafforzare l'unit\u00e0 dei cristiani e di contribuire all'evangelizzazione del mondo, sempre guidato dalla dottrina sociale della Chiesa. Lavoriamo per portare la verit\u00e0 e i valori cristiani in ogni angolo del pianeta. Aiutaci a trasformare il mondo con Exaudi! Noi di Exaudi crediamo che l'evangelizzazione e l'informazione di qualit\u00e0 possano cambiare la vita. Per continuare la nostra missione ed espandere la nostra portata, abbiamo bisogno del tuo aiuto. Stiamo anche cercando persone motivate che vogliano unirsi al nostro team. Grazie al vostro sostegno raggiungeremo pi\u00f9 persone, diffonderemo il messaggio di Cristo e rafforzeremo l'unit\u00e0 dei cristiani. Vuoi unirti alla nostra missione? Per maggiori informazioni su come contribuire, visita Exaudi.org\/it o contattaci direttamente: info@exaudi.org Exaudi: informa, forma e trasforma.","sameAs":["https:\/\/www.facebook.com\/ExaudiNotizie\/","https:\/\/www.instagram.com\/Exaudi_notizie\/","https:\/\/x.com\/Exaudi_Notizie","https:\/\/www.youtube.com\/@exaudicatholicnews"],"url":"https:\/\/exaudi.org\/it\/author\/dlvedi-org\/"}]}},"jetpack_featured_media_url":"https:\/\/exaudi.org\/wp-content\/uploads\/2024\/01\/Snapinsta.app_420048720_771501121681318_6955520132215217812_n_1080.jpg","jetpack_shortlink":"https:\/\/wp.me\/pgKjF2-o6M","_links":{"self":[{"href":"https:\/\/exaudi.org\/it\/wp-json\/wp\/v2\/posts\/92676","targetHints":{"allow":["GET"]}}],"collection":[{"href":"https:\/\/exaudi.org\/it\/wp-json\/wp\/v2\/posts"}],"about":[{"href":"https:\/\/exaudi.org\/it\/wp-json\/wp\/v2\/types\/post"}],"author":[{"embeddable":true,"href":"https:\/\/exaudi.org\/it\/wp-json\/wp\/v2\/users\/17"}],"replies":[{"embeddable":true,"href":"https:\/\/exaudi.org\/it\/wp-json\/wp\/v2\/comments?post=92676"}],"version-history":[{"count":0,"href":"https:\/\/exaudi.org\/it\/wp-json\/wp\/v2\/posts\/92676\/revisions"}],"wp:featuredmedia":[{"embeddable":true,"href":"https:\/\/exaudi.org\/it\/wp-json\/wp\/v2\/media\/92708"}],"wp:attachment":[{"href":"https:\/\/exaudi.org\/it\/wp-json\/wp\/v2\/media?parent=92676"}],"wp:term":[{"taxonomy":"category","embeddable":true,"href":"https:\/\/exaudi.org\/it\/wp-json\/wp\/v2\/categories?post=92676"},{"taxonomy":"post_tag","embeddable":true,"href":"https:\/\/exaudi.org\/it\/wp-json\/wp\/v2\/tags?post=92676"}],"curies":[{"name":"wp","href":"https:\/\/api.w.org\/{rel}","templated":true}]}}