{"id":92574,"date":"2024-01-20T01:02:46","date_gmt":"2024-01-20T00:02:46","guid":{"rendered":"https:\/\/exaudi.org\/?p=92574"},"modified":"2024-01-20T15:45:12","modified_gmt":"2024-01-20T14:45:12","slug":"la-societa-del-delirio","status":"publish","type":"post","link":"https:\/\/exaudi.org\/it\/la-societa-del-delirio\/","title":{"rendered":"La societ\u00e0 del delirio"},"content":{"rendered":"<p>Antonio-Carlos Pereira Menaut \u00e8 un costituzionalista spagnolo, esperto di teoria politica e attento osservatore della contemporaneit\u00e0 culturale. L&#8217;ho conosciuto a Piura, dove \u00e8 stato per diverse stagioni visiting professor all&#8217;Udep. La sua formazione anglosassone ha dato plasticit\u00e0 e freschezza alle sue proposte giuridiche e politiche. Ho utilizzato con profitto il suo libro <em>Dodici tesi sulla politica<\/em> per le mie lezioni sul pensiero politico. Dopo anni, mi sono imbattuto in un suo recente saggio, <em>La societ\u00e0 del delirio: un&#8217;analisi del grande reset globale<\/em> (Rialp, 2023). Una lettura dello stato culturale e sociale del nostro tempo &#8211; anzi del tempo europeo &#8211; dal punto di vista dell&#8217;osservatore che non ha rinunciato al buon senso e pu\u00f2 dire che il re \u00e8 nudo. La sua proposta metodologica \u00e8 molto semplice: \u201cavere fiducia nella nostra ragione e nei nostri sensi, studiare le cose pi\u00f9 che le teorie sulle cose, andare al concreto, andare sempre dal conosciuto all&#8217;ignoto, senza dimenticare che <em>res sunt<\/em> (le cose sono) e che oggettivamente la realt\u00e0 esiste, non importa quanto si nascondano la meccanica quantistica e il relativismo\u201d.<\/p>\n<p>Pereyra Menaut non \u00e8 solo un fervente difensore della libert\u00e0, ma vive di essa. All\u2019inizio del suo saggio sottolinea che \u201cla storia non \u00e8 un susseguirsi di causa-effetto seguito automaticamente da una nuova causa-un nuovo effetto e cos\u00ec via, tutto questo ora visibile a noi,\u00a0anche se con grande fatica, nello specchietto retrovisore dei secoli.\u00a0\u00a0Quante volte ci\u00f2 che \u00e8 accaduto in questo o quel momento storico non \u00e8 stata una mera evoluzione o una necessaria conseguenza di ci\u00f2 che ha preceduto. Quante volte atteggiamenti e azioni concrete \u2013 ancora una volta, la libert\u00e0 umana \u2013 hanno contato pi\u00f9 delle teorie; per non parlare caso, caso e imprevedibilit\u00e0. Una riflessione estranea a ogni determinismo di prima e di adesso. Non siamo condannati a perire sotto il peso dell\u2019onda della storia. N\u00e9 deve accadere alle nostre latitudini ci\u00f2 che gi\u00e0 sta accadendo in Europa e negli Stati Uniti. Trovo che l\u2019espressione che si sente tante volte \u201cquesto arriver\u00e0 anche in Per\u00f9\u201d sia un disfattismo inappropriato per chi prende sul serio la forza creatrice della libert\u00e0.<\/p>\n<p>Un&#8217;altra affermazione del nostro autore, molto incoraggiante per quello che Chesterton chiamava l&#8217;uomo comune, \u00e8 la critica a tutti i tipi di illuminati che assumono il ruolo di portatori dell&#8217;ultima parola su vari argomenti quando afferma: \u201cnon giudicare; esperto del <em>credite<\/em>; il governo ne sa di pi\u00f9 e l&#8217;Unione Europea ancora di pi\u00f9; l\u2019OMS dice questo o quello; Il disarmo industriale, agricolo e della pesca \u00e8 positivo, anche se nella tua ignoranza non lo vedi; concentrare tutta la produzione in Cina \u00e8 positivo (ora non sembra pi\u00f9 cos\u00ec positivo); La legge \u00e8 legge e deve essere rispettata; Non fidarti della tua ragione o dei tuoi sensi, una ricerca della North American University of X mostra che le foglie dell\u2019erba non sono effettivamente verdi. Si tratta di recuperare il buon senso e rimettere le cose al loro posto, sapendo che sono tante le questioni ancora aperte a un dialogo elevato tra scienziati e profani.<\/p>\n<p>Ora arriva la diagnosi della situazione attuale. Sono d&#8217;accordo con Pereira Menaut\u00a0quando indica che una delle caratteristiche della cultura europea \u00e8 l&#8217;allontanamento da Dio e la conseguente perdita del senso trascendente della vita. A questo scenario si aggiunge \u201cun atteggiamento negativo e pessimistico nei confronti dell\u2019uomo e, ultimamente \u2013 novit\u00e0 importante \u2013 anche del mondo. Sarebbe il raccolto di aver seminato la perdita del senso della realt\u00e0, di aver negato che il <em>res sunt<\/em>, le cose, sono\u201d. Questa postura del realismo classico nei confronti delle cose suppone un atteggiamento di umilt\u00e0 nell&#8217;essere umano nel suo rapporto con l&#8217;ambiente: ci\u00f2 che \u00e8 reale \u00e8 ed esige il riconoscimento del suo peculiare modo di essere e di agire.<\/p>\n<p>Il nostro autore prosegue sottolineando che &#8220;tra tante virt\u00f9 e buone attitudini di cui abbiamo bisogno, oggi ne abbiamo bisogno di un tipo specifico che nessuno ci dar\u00e0 se prima non ne vediamo la necessit\u00e0. Dobbiamo contrastare l\u2019aborto, la negazione della libert\u00e0 religiosa (e non solo), la tratta di esseri umani e l\u2019ipersessualizzazione, ma abbiamo anche bisogno di qualcosa per contrastare il capitalismo della sorveglianza, la tecnocrazia, la commercializzazione delle cure, le maglie che ci soffocano nelle normative, la mancanza di prudenza, l&#8217;intolleranza all&#8217;imperfezione, la manipolazione della natura umana, le condizioni che favoriscono direttamente e indirettamente l&#8217;ondata di suicidi e tanti altri problemi. Abbiamo bisogno (\u2026)\u00a0 di ordine, di direzione, di significato\u201d. \u00c8 un buon elenco di compiti il \u200b\u200bcui completamento richiede ottimismo e una buona dose di spirito donchisciottesco.<\/p>\n<p>Per certi aspetti il \u200b\u200btono della diagnosi diventa troppo cupo per i miei gusti e mi rivolgo verso il nostro Per\u00f9, terra benedetta e benedetta sotto tanti aspetti, dove ci sono molte pi\u00f9 luci che nell&#8217;ombreggiata Europa con i suoi disorientamenti in materia di profondo significato.. Qui rispettiamo la vita umana fin dal suo concepimento. La famiglia mantiene le sue caratteristiche essenziali. Abbiamo anche una religiosit\u00e0 radicata, manifestata in tante devozioni popolari che inondano le strade di tutto il Per\u00f9. La mescolanza di tutti i sangue ci rende pi\u00f9 inclusivi. L\u2019ideologia di genere e la cultura dell\u2019annullamento non mettono a tacere le voci della fruttuosa libert\u00e0 di espressione e di coscienza. Problemi? Tante, ma anche promesse il cui compimento risveglia lo spirito imprenditoriale di tante generazioni di peruviani.<\/p>\n<p>\u201cPer quel futuro pi\u00f9 umano, pi\u00f9 sociale e pi\u00f9 costituzionale &#8211; propone Pereira Menaut &#8211; abbiamo bisogno di un minimo di radicamento familiare, sociale, territoriale e culturale; un minimo di amici \u2013 senza amici nessuno potrebbe vivere, pensava Aristotele \u2013 un minimo di conversazioni che non siano conversazioni in ascensore, un minimo di comunit\u00e0 di dimensioni umane; un minimo di stabilit\u00e0; del lavoro professionale, dell&#8217;essere utili, del fare le cose per s\u00e9, anche con le proprie mani; un minimo di spazi vietati agli occhi dello Stato o di Google; un minimo di rapporti diretti con persone, non con ruoli professionali (tanto meno con un bot); un minimo di relazioni stabili, alcune delle quali incondizionate; \u201cun minimo di impegni seri che diano senso alla vita\u201d. Non solo un futuro pi\u00f9 umano, ma anche un presente pi\u00f9 reale, pi\u00f9 vicino, pi\u00f9 interpersonale. Sono pronto per questa bella vita con un&#8217;aria da Hobbit Shire.<br \/>\n\u200b<\/p>\n","protected":false},"excerpt":{"rendered":"<p>Un futuro pi\u00f9 umano, ma anche un presente pi\u00f9 reale, pi\u00f9 vicino, pi\u00f9 interpersonale<\/p>\n","protected":false},"author":109,"featured_media":92482,"comment_status":"closed","ping_status":"closed","sticky":false,"template":"","format":"standard","meta":{"_acf_changed":false,"_crdt_document":"","inline_featured_image":false,"footnotes":""},"categories":[129],"tags":[12342,941,12343,12344,11786,4952],"class_list":["post-92574","post","type-post","status-publish","format-standard","has-post-thumbnail","hentry","category-voci","tag-chesterton-2","tag-cultura","tag-delirio-2","tag-pereira-menaut-2","tag-societa","tag-trending-it"],"acf":[],"yoast_head":"<!-- This site is optimized with the Yoast SEO plugin v27.4 - https:\/\/yoast.com\/product\/yoast-seo-wordpress\/ -->\n<title>La societ\u00e0 del delirio &#8211; Exaudi<\/title>\n<meta name=\"robots\" content=\"index, follow, max-snippet:-1, max-image-preview:large, max-video-preview:-1\" \/>\n<link rel=\"canonical\" href=\"https:\/\/exaudi.org\/it\/la-societa-del-delirio\/\" \/>\n<meta property=\"og:locale\" content=\"it_IT\" \/>\n<meta property=\"og:type\" content=\"article\" \/>\n<meta property=\"og:title\" content=\"La societ\u00e0 del delirio &#8211; Exaudi\" \/>\n<meta property=\"og:description\" content=\"Un futuro pi\u00f9 umano, ma anche un presente pi\u00f9 reale, pi\u00f9 vicino, pi\u00f9 interpersonale\" \/>\n<meta property=\"og:url\" content=\"https:\/\/exaudi.org\/it\/la-societa-del-delirio\/\" \/>\n<meta property=\"og:site_name\" content=\"Exaudi\" \/>\n<meta property=\"article:publisher\" content=\"https:\/\/www.facebook.com\/ExaudiNews\" \/>\n<meta property=\"article:published_time\" content=\"2024-01-20T00:02:46+00:00\" \/>\n<meta property=\"article:modified_time\" content=\"2024-01-20T14:45:12+00:00\" \/>\n<meta property=\"og:image\" content=\"https:\/\/exaudi.org\/wp-content\/uploads\/2024\/01\/pexels-pixabay-41949.jpg\" \/>\n\t<meta property=\"og:image:width\" content=\"2400\" \/>\n\t<meta property=\"og:image:height\" content=\"1200\" \/>\n\t<meta property=\"og:image:type\" content=\"image\/jpeg\" \/>\n<meta name=\"author\" content=\"Francisco Bobadilla\" \/>\n<meta name=\"twitter:card\" content=\"summary_large_image\" \/>\n<meta name=\"twitter:creator\" content=\"@Exaudi_News\" \/>\n<meta name=\"twitter:site\" content=\"@Exaudi_News\" \/>\n<meta name=\"twitter:label1\" content=\"Scritto da\" \/>\n\t<meta name=\"twitter:data1\" content=\"Francisco Bobadilla\" \/>\n\t<meta name=\"twitter:label2\" content=\"Tempo di lettura stimato\" \/>\n\t<meta name=\"twitter:data2\" content=\"5 minuti\" \/>\n<script type=\"application\/ld+json\" class=\"yoast-schema-graph\">{\"@context\":\"https:\\\/\\\/schema.org\",\"@graph\":[{\"@type\":\"Article\",\"@id\":\"https:\\\/\\\/exaudi.org\\\/it\\\/la-societa-del-delirio\\\/#article\",\"isPartOf\":{\"@id\":\"https:\\\/\\\/exaudi.org\\\/it\\\/la-societa-del-delirio\\\/\"},\"author\":{\"name\":\"Francisco Bobadilla\",\"@id\":\"https:\\\/\\\/exaudi.org\\\/#\\\/schema\\\/person\\\/f2d4ad1e1e2bb7dad42a623b75b7166b\"},\"headline\":\"La societ\u00e0 del delirio\",\"datePublished\":\"2024-01-20T00:02:46+00:00\",\"dateModified\":\"2024-01-20T14:45:12+00:00\",\"mainEntityOfPage\":{\"@id\":\"https:\\\/\\\/exaudi.org\\\/it\\\/la-societa-del-delirio\\\/\"},\"wordCount\":1040,\"image\":{\"@id\":\"https:\\\/\\\/exaudi.org\\\/it\\\/la-societa-del-delirio\\\/#primaryimage\"},\"thumbnailUrl\":\"https:\\\/\\\/exaudi.org\\\/wp-content\\\/uploads\\\/2024\\\/01\\\/pexels-pixabay-41949.jpg\",\"keywords\":[\"CHESTERTON\",\"cultura\",\"DELIRIO\",\"PEREIRA MENAUT\",\"SOCIET\u00c0\",\"Trending\"],\"articleSection\":[\"Voci\"],\"inLanguage\":\"it-IT\"},{\"@type\":\"WebPage\",\"@id\":\"https:\\\/\\\/exaudi.org\\\/it\\\/la-societa-del-delirio\\\/\",\"url\":\"https:\\\/\\\/exaudi.org\\\/it\\\/la-societa-del-delirio\\\/\",\"name\":\"La societ\u00e0 del delirio &#8211; Exaudi\",\"isPartOf\":{\"@id\":\"https:\\\/\\\/exaudi.org\\\/#website\"},\"primaryImageOfPage\":{\"@id\":\"https:\\\/\\\/exaudi.org\\\/it\\\/la-societa-del-delirio\\\/#primaryimage\"},\"image\":{\"@id\":\"https:\\\/\\\/exaudi.org\\\/it\\\/la-societa-del-delirio\\\/#primaryimage\"},\"thumbnailUrl\":\"https:\\\/\\\/exaudi.org\\\/wp-content\\\/uploads\\\/2024\\\/01\\\/pexels-pixabay-41949.jpg\",\"datePublished\":\"2024-01-20T00:02:46+00:00\",\"dateModified\":\"2024-01-20T14:45:12+00:00\",\"author\":{\"@id\":\"https:\\\/\\\/exaudi.org\\\/#\\\/schema\\\/person\\\/f2d4ad1e1e2bb7dad42a623b75b7166b\"},\"breadcrumb\":{\"@id\":\"https:\\\/\\\/exaudi.org\\\/it\\\/la-societa-del-delirio\\\/#breadcrumb\"},\"inLanguage\":\"it-IT\",\"potentialAction\":[{\"@type\":\"ReadAction\",\"target\":[\"https:\\\/\\\/exaudi.org\\\/it\\\/la-societa-del-delirio\\\/\"]}]},{\"@type\":\"ImageObject\",\"inLanguage\":\"it-IT\",\"@id\":\"https:\\\/\\\/exaudi.org\\\/it\\\/la-societa-del-delirio\\\/#primaryimage\",\"url\":\"https:\\\/\\\/exaudi.org\\\/wp-content\\\/uploads\\\/2024\\\/01\\\/pexels-pixabay-41949.jpg\",\"contentUrl\":\"https:\\\/\\\/exaudi.org\\\/wp-content\\\/uploads\\\/2024\\\/01\\\/pexels-pixabay-41949.jpg\",\"width\":2400,\"height\":1200},{\"@type\":\"BreadcrumbList\",\"@id\":\"https:\\\/\\\/exaudi.org\\\/it\\\/la-societa-del-delirio\\\/#breadcrumb\",\"itemListElement\":[{\"@type\":\"ListItem\",\"position\":1,\"name\":\"Portada\",\"item\":\"https:\\\/\\\/exaudi.org\\\/it\\\/\"},{\"@type\":\"ListItem\",\"position\":2,\"name\":\"La societ\u00e0 del delirio\"}]},{\"@type\":\"WebSite\",\"@id\":\"https:\\\/\\\/exaudi.org\\\/#website\",\"url\":\"https:\\\/\\\/exaudi.org\\\/\",\"name\":\"Exaudi\",\"description\":\"News\",\"potentialAction\":[{\"@type\":\"SearchAction\",\"target\":{\"@type\":\"EntryPoint\",\"urlTemplate\":\"https:\\\/\\\/exaudi.org\\\/?s={search_term_string}\"},\"query-input\":{\"@type\":\"PropertyValueSpecification\",\"valueRequired\":true,\"valueName\":\"search_term_string\"}}],\"inLanguage\":\"it-IT\"},{\"@type\":\"Person\",\"@id\":\"https:\\\/\\\/exaudi.org\\\/#\\\/schema\\\/person\\\/f2d4ad1e1e2bb7dad42a623b75b7166b\",\"name\":\"Francisco Bobadilla\",\"image\":{\"@type\":\"ImageObject\",\"inLanguage\":\"it-IT\",\"@id\":\"https:\\\/\\\/secure.gravatar.com\\\/avatar\\\/8d65d74eeda045f5ef133a25b739fed12768ab871a0ddb2772cf98408d61ee37?s=96&d=mm&r=g\",\"url\":\"https:\\\/\\\/secure.gravatar.com\\\/avatar\\\/8d65d74eeda045f5ef133a25b739fed12768ab871a0ddb2772cf98408d61ee37?s=96&d=mm&r=g\",\"contentUrl\":\"https:\\\/\\\/secure.gravatar.com\\\/avatar\\\/8d65d74eeda045f5ef133a25b739fed12768ab871a0ddb2772cf98408d61ee37?s=96&d=mm&r=g\",\"caption\":\"Francisco Bobadilla\"},\"description\":\"Francisco Bobadilla es profesor principal de la Universidad de Piura, donde dicta clases para el pre-grado y posgrado. Interesado en las Humanidades y en la dimensi\u00f3n \u00e9tica de la conducta humana. Lector habitual, de cuyas lecturas se nutre en gran parte este blog. Es autor, entre otros, de los libros \u201cPasi\u00f3n por la Excelencia\u201d, \u201cEmpresas con alma\u201d, \u00abProgreso econ\u00f3mico y desarrollo humano\u00bb, \u00abEl C\u00f3digo da Vinci: de la ficci\u00f3n a la realidad\u00bb; \u00abLa disponibilidad de los derechos de la personalidad\u00bb. Abogado y Master en Derecho Civil por la PUCP, doctor en Derecho por la Universidad de Zaragoza; Licenciado en Ciencias de la Informaci\u00f3n por la Universidad de Piura. Sus temas: pensamiento pol\u00edtico y social, \u00e9tica y cultura, derechos de la persona.\",\"sameAs\":[\"https:\\\/\\\/tertuliaabierta.wordpress.com\\\/\"],\"url\":\"https:\\\/\\\/exaudi.org\\\/it\\\/author\\\/francisco-bobadilla\\\/\"}]}<\/script>\n<!-- \/ Yoast SEO plugin. -->","yoast_head_json":{"title":"La societ\u00e0 del delirio &#8211; Exaudi","robots":{"index":"index","follow":"follow","max-snippet":"max-snippet:-1","max-image-preview":"max-image-preview:large","max-video-preview":"max-video-preview:-1"},"canonical":"https:\/\/exaudi.org\/it\/la-societa-del-delirio\/","og_locale":"it_IT","og_type":"article","og_title":"La societ\u00e0 del delirio &#8211; Exaudi","og_description":"Un futuro pi\u00f9 umano, ma anche un presente pi\u00f9 reale, pi\u00f9 vicino, pi\u00f9 interpersonale","og_url":"https:\/\/exaudi.org\/it\/la-societa-del-delirio\/","og_site_name":"Exaudi","article_publisher":"https:\/\/www.facebook.com\/ExaudiNews","article_published_time":"2024-01-20T00:02:46+00:00","article_modified_time":"2024-01-20T14:45:12+00:00","og_image":[{"width":2400,"height":1200,"url":"https:\/\/exaudi.org\/wp-content\/uploads\/2024\/01\/pexels-pixabay-41949.jpg","type":"image\/jpeg"}],"author":"Francisco Bobadilla","twitter_card":"summary_large_image","twitter_creator":"@Exaudi_News","twitter_site":"@Exaudi_News","twitter_misc":{"Scritto da":"Francisco Bobadilla","Tempo di lettura stimato":"5 minuti"},"schema":{"@context":"https:\/\/schema.org","@graph":[{"@type":"Article","@id":"https:\/\/exaudi.org\/it\/la-societa-del-delirio\/#article","isPartOf":{"@id":"https:\/\/exaudi.org\/it\/la-societa-del-delirio\/"},"author":{"name":"Francisco Bobadilla","@id":"https:\/\/exaudi.org\/#\/schema\/person\/f2d4ad1e1e2bb7dad42a623b75b7166b"},"headline":"La societ\u00e0 del delirio","datePublished":"2024-01-20T00:02:46+00:00","dateModified":"2024-01-20T14:45:12+00:00","mainEntityOfPage":{"@id":"https:\/\/exaudi.org\/it\/la-societa-del-delirio\/"},"wordCount":1040,"image":{"@id":"https:\/\/exaudi.org\/it\/la-societa-del-delirio\/#primaryimage"},"thumbnailUrl":"https:\/\/exaudi.org\/wp-content\/uploads\/2024\/01\/pexels-pixabay-41949.jpg","keywords":["CHESTERTON","cultura","DELIRIO","PEREIRA MENAUT","SOCIET\u00c0","Trending"],"articleSection":["Voci"],"inLanguage":"it-IT"},{"@type":"WebPage","@id":"https:\/\/exaudi.org\/it\/la-societa-del-delirio\/","url":"https:\/\/exaudi.org\/it\/la-societa-del-delirio\/","name":"La societ\u00e0 del delirio &#8211; Exaudi","isPartOf":{"@id":"https:\/\/exaudi.org\/#website"},"primaryImageOfPage":{"@id":"https:\/\/exaudi.org\/it\/la-societa-del-delirio\/#primaryimage"},"image":{"@id":"https:\/\/exaudi.org\/it\/la-societa-del-delirio\/#primaryimage"},"thumbnailUrl":"https:\/\/exaudi.org\/wp-content\/uploads\/2024\/01\/pexels-pixabay-41949.jpg","datePublished":"2024-01-20T00:02:46+00:00","dateModified":"2024-01-20T14:45:12+00:00","author":{"@id":"https:\/\/exaudi.org\/#\/schema\/person\/f2d4ad1e1e2bb7dad42a623b75b7166b"},"breadcrumb":{"@id":"https:\/\/exaudi.org\/it\/la-societa-del-delirio\/#breadcrumb"},"inLanguage":"it-IT","potentialAction":[{"@type":"ReadAction","target":["https:\/\/exaudi.org\/it\/la-societa-del-delirio\/"]}]},{"@type":"ImageObject","inLanguage":"it-IT","@id":"https:\/\/exaudi.org\/it\/la-societa-del-delirio\/#primaryimage","url":"https:\/\/exaudi.org\/wp-content\/uploads\/2024\/01\/pexels-pixabay-41949.jpg","contentUrl":"https:\/\/exaudi.org\/wp-content\/uploads\/2024\/01\/pexels-pixabay-41949.jpg","width":2400,"height":1200},{"@type":"BreadcrumbList","@id":"https:\/\/exaudi.org\/it\/la-societa-del-delirio\/#breadcrumb","itemListElement":[{"@type":"ListItem","position":1,"name":"Portada","item":"https:\/\/exaudi.org\/it\/"},{"@type":"ListItem","position":2,"name":"La societ\u00e0 del delirio"}]},{"@type":"WebSite","@id":"https:\/\/exaudi.org\/#website","url":"https:\/\/exaudi.org\/","name":"Exaudi","description":"News","potentialAction":[{"@type":"SearchAction","target":{"@type":"EntryPoint","urlTemplate":"https:\/\/exaudi.org\/?s={search_term_string}"},"query-input":{"@type":"PropertyValueSpecification","valueRequired":true,"valueName":"search_term_string"}}],"inLanguage":"it-IT"},{"@type":"Person","@id":"https:\/\/exaudi.org\/#\/schema\/person\/f2d4ad1e1e2bb7dad42a623b75b7166b","name":"Francisco Bobadilla","image":{"@type":"ImageObject","inLanguage":"it-IT","@id":"https:\/\/secure.gravatar.com\/avatar\/8d65d74eeda045f5ef133a25b739fed12768ab871a0ddb2772cf98408d61ee37?s=96&d=mm&r=g","url":"https:\/\/secure.gravatar.com\/avatar\/8d65d74eeda045f5ef133a25b739fed12768ab871a0ddb2772cf98408d61ee37?s=96&d=mm&r=g","contentUrl":"https:\/\/secure.gravatar.com\/avatar\/8d65d74eeda045f5ef133a25b739fed12768ab871a0ddb2772cf98408d61ee37?s=96&d=mm&r=g","caption":"Francisco Bobadilla"},"description":"Francisco Bobadilla es profesor principal de la Universidad de Piura, donde dicta clases para el pre-grado y posgrado. Interesado en las Humanidades y en la dimensi\u00f3n \u00e9tica de la conducta humana. Lector habitual, de cuyas lecturas se nutre en gran parte este blog. Es autor, entre otros, de los libros \u201cPasi\u00f3n por la Excelencia\u201d, \u201cEmpresas con alma\u201d, \u00abProgreso econ\u00f3mico y desarrollo humano\u00bb, \u00abEl C\u00f3digo da Vinci: de la ficci\u00f3n a la realidad\u00bb; \u00abLa disponibilidad de los derechos de la personalidad\u00bb. Abogado y Master en Derecho Civil por la PUCP, doctor en Derecho por la Universidad de Zaragoza; Licenciado en Ciencias de la Informaci\u00f3n por la Universidad de Piura. Sus temas: pensamiento pol\u00edtico y social, \u00e9tica y cultura, derechos de la persona.","sameAs":["https:\/\/tertuliaabierta.wordpress.com\/"],"url":"https:\/\/exaudi.org\/it\/author\/francisco-bobadilla\/"}]}},"jetpack_featured_media_url":"https:\/\/exaudi.org\/wp-content\/uploads\/2024\/01\/pexels-pixabay-41949.jpg","jetpack_shortlink":"https:\/\/wp.me\/pgKjF2-o58","_links":{"self":[{"href":"https:\/\/exaudi.org\/it\/wp-json\/wp\/v2\/posts\/92574","targetHints":{"allow":["GET"]}}],"collection":[{"href":"https:\/\/exaudi.org\/it\/wp-json\/wp\/v2\/posts"}],"about":[{"href":"https:\/\/exaudi.org\/it\/wp-json\/wp\/v2\/types\/post"}],"author":[{"embeddable":true,"href":"https:\/\/exaudi.org\/it\/wp-json\/wp\/v2\/users\/109"}],"replies":[{"embeddable":true,"href":"https:\/\/exaudi.org\/it\/wp-json\/wp\/v2\/comments?post=92574"}],"version-history":[{"count":0,"href":"https:\/\/exaudi.org\/it\/wp-json\/wp\/v2\/posts\/92574\/revisions"}],"wp:featuredmedia":[{"embeddable":true,"href":"https:\/\/exaudi.org\/it\/wp-json\/wp\/v2\/media\/92482"}],"wp:attachment":[{"href":"https:\/\/exaudi.org\/it\/wp-json\/wp\/v2\/media?parent=92574"}],"wp:term":[{"taxonomy":"category","embeddable":true,"href":"https:\/\/exaudi.org\/it\/wp-json\/wp\/v2\/categories?post=92574"},{"taxonomy":"post_tag","embeddable":true,"href":"https:\/\/exaudi.org\/it\/wp-json\/wp\/v2\/tags?post=92574"}],"curies":[{"name":"wp","href":"https:\/\/api.w.org\/{rel}","templated":true}]}}