{"id":92560,"date":"2024-01-19T22:55:34","date_gmt":"2024-01-19T21:55:34","guid":{"rendered":"https:\/\/exaudi.org\/?p=92560"},"modified":"2024-01-19T22:55:34","modified_gmt":"2024-01-19T21:55:34","slug":"settimana-per-lunita-dei-cristiani-veglia-ecumenica-a-san-gaspar-del-bufalo","status":"publish","type":"post","link":"https:\/\/exaudi.org\/it\/settimana-per-lunita-dei-cristiani-veglia-ecumenica-a-san-gaspar-del-bufalo\/","title":{"rendered":"Settimana per l&#8217;Unit\u00e0 dei Cristiani, veglia ecumenica a San Gaspar del B\u00fafalo"},"content":{"rendered":"<p>L&#8217;amore per Dio e per il prossimo sar\u00e0 al centro della Settimana di preghiera per l&#8217;unit\u00e0 dei cristiani 2024, che avr\u00e0 come tema &#8220;Ama il Signore Dio tuo&#8230; e ama il tuo prossimo come te stesso&#8221; (Lc 10,27) e si svolger\u00e0 dal 18 al 25 gennaio. In quest&#8217;ultima data, Solennit\u00e0 della Conversione di San Paolo, alle ore 17,30, nella Basilica di San Paolo Fuori le Mura, Papa Francesco concluder\u00e0 la Settimana con la celebrazione dei Vespri. Tra i vari eventi in programma, si legge in un comunicato del Vicariato di Roma, centrale sar\u00e0 la veglia ecumenica diocesana, venerd\u00ec 19 gennaio, alle ore 19, nella parrocchia di San Gaspare del Bufalo, alla quale parteciperanno i rappresentanti delle diverse confessioni A Roma. Sar\u00e0 presieduto da monsignor Riccardo Lamba, delegato diocesano per l&#8217;ecumenismo e il dialogo interreligioso, mentre l&#8217;omelia sar\u00e0 tenuta dal pastore Micheal Jonas, della Chiesa luterana di Roma. L&#8217;intrattenimento sar\u00e0 affidato ai cori ortodossi, rumeni, metodisti e valdesi, DecimaQuinta e San Gaspare del Bufalo.<\/p>\n<h3><strong>Iniziative ecumeniche<\/strong><\/h3>\n<p>Durante la Settimana saranno diverse le iniziative organizzate da parrocchie e comunit\u00e0 a tema ecumenico. Tra le tante, nella parrocchia di Dio Padre Misericordioso, gioved\u00ec 18 alle 20,30 si svolger\u00e0 una veglia della XVI Prefettura, nella quale il parroco Andrea Aprile, della chiesa battista di Via del Grano, celebrer\u00e0 intervenire. Marted\u00ec 23 gennaio, alle ore 19, si terr\u00e0 una preghiera ecumenica parrocchiale presso Santa Maria degli Angeli e dei Martiri, nella vicina chiesa metodista di via XX Settembre. Come da tradizione, presso il Centro Eucaristico Ecumenico di Santa Maria, sulla Via Lata delle Figlie della Chiesa, a partire dalle ore 20, verr\u00e0 celebrata solennemente la Messa nei diversi riti cattolici d&#8217;Oriente e d&#8217;Occidente; Parteciperanno anche i diversi Collegi Pontifici presenti a Roma.<\/p>\n<h3><strong>Solidariet\u00e0 al Burkina Faso<\/strong><\/h3>\n<p>Il contributo per la Settimana di Preghiera per l&#8217;Unit\u00e0 dei Cristiani 2024 \u00e8 stato preparato da un gruppo ecumenico locale del Burkina Faso, coordinato dalla comunit\u00e0 locale di Chemin Neuf (Ccn). Alla stesura del testo hanno partecipato, in particolare, fratelli e sorelle dell&#8217;arcidiocesi cattolica di Ouagadougou, delle Chiese protestanti, di organizzazioni ecumeniche e del Ccn del Burkina Faso. Dal 2016 il Paese africano attraversa una grave crisi che colpisce tutte le comunit\u00e0 religiose. Attacchi terroristici, che hanno causato pi\u00f9 di tremila morti e quasi due milioni di sfollati interni, \u201cmentre migliaia di scuole, centri sanitari, municipi sono stati chiusi \u2013 si legge nel sussidio \u2013 e gran parte delle strutture socioeconomiche e sono state distrutto. Le chiese cristiane, in particolare, sono state bersaglio di attacchi armati: sacerdoti, pastori e catechisti sono stati assassinati; molti rimangono nelle mani dei rapitori. Oltre il 22% del territorio del Paese \u00e8 fuori dal controllo delle autorit\u00e0, e in questi contesti i cristiani non possono pi\u00f9 praticare apertamente la propria fede.<\/p>\n<h3><strong>Lamba: L&#8217;amore di Dio non \u00e8 un desiderio, ma un comandamento<\/strong><\/h3>\n<p>\u201cAlla luce dei tragici eventi di guerra che si consumano in tanti scenari, dai quali nessun continente \u00e8 risparmiato e che coinvolgono anche cristiani contro altri cristiani &#8211; riflette monsignor Lamba, delegato diocesano per l&#8217;ecumenismo e il dialogo interreligioso -, appare sempre pi\u00f9 urgente sottolineare che l&#8217;amore verso Dio e verso i fratelli non \u00e8 un desiderio o un progetto utopico, ma un vero &#8216;comandamento&#8217;, praticabile solo nella misura in cui ogni discepolo di Ges\u00f9 Cristo, in un continuo cammino di conversione, e ogni comunit\u00e0 cristiana, si permettono di lasciatevi purificare dall&#8217;Amore di Dio per essere sempre pi\u00f9 capaci di amare come Ges\u00f9\u201d.<\/p>\n<h3><strong>Gnavi: una tradizione non scontata<\/strong><\/h3>\n<p>Sulla stessa linea monsignor Marco Gnavi, responsabile dell&#8217;Ufficio diocesano per l&#8217;ecumenismo e il dialogo interreligioso: \u201cLa Settimana di preghiera \u00e8 gi\u00e0 una tradizione delle Chiese e delle comunit\u00e0 ecclesiali &#8211; osserva &#8211; ma non \u00e8 mai scontata. , appunto perch\u00e9 le pressioni alla divisione, dati i contesti e i conflitti internazionali, sono tali che ogni gesto di preghiera, ogni passo verso l\u2019unit\u00e0 assume maggior valore\u201d. Il tema scelto \u00e8 \u00aballa radice stessa del nostro essere cristiani, poich\u00e9 &#8211; ha proseguito &#8211; sono i due comandamenti dell&#8217;amore a Dio e al prossimo che personificano tutte le nostre opzioni e vengono riproposti in questo nostro oggi, ferito e complicato, come modo semplice, diretto e possibile\u201d.\u200b<\/p>\n","protected":false},"excerpt":{"rendered":"<p>Monsignor Lamba: in questi scenari di guerra parlare dell&#8217;amore di Dio non \u00e8 n\u00e9 un&#8217;utopia n\u00e9 un auspicio, ma un \u201ccomandamento\u201d che salva<\/p>\n","protected":false},"author":17,"featured_media":92561,"comment_status":"closed","ping_status":"closed","sticky":false,"template":"","format":"standard","meta":{"_acf_changed":false,"_crdt_document":"","inline_featured_image":false,"footnotes":""},"categories":[73],"tags":[8958,2382,2749,578,1044,4952],"class_list":["post-92560","post","type-post","status-publish","format-standard","has-post-thumbnail","hentry","category-chiesa-e-mondo","tag-cristiani","tag-diocesi","tag-ecumenismo-it","tag-preghiera","tag-roma","tag-trending-it"],"acf":[],"yoast_head":"<!-- This site is optimized with the Yoast SEO plugin v27.5 - https:\/\/yoast.com\/product\/yoast-seo-wordpress\/ -->\n<title>Settimana per l&#039;Unit\u00e0 dei Cristiani, veglia ecumenica a San Gaspar del B\u00fafalo &#8211; Exaudi<\/title>\n<meta name=\"robots\" content=\"index, follow, max-snippet:-1, max-image-preview:large, max-video-preview:-1\" \/>\n<link rel=\"canonical\" href=\"https:\/\/exaudi.org\/it\/settimana-per-lunita-dei-cristiani-veglia-ecumenica-a-san-gaspar-del-bufalo\/\" \/>\n<meta property=\"og:locale\" content=\"it_IT\" \/>\n<meta property=\"og:type\" content=\"article\" \/>\n<meta property=\"og:title\" content=\"Settimana per l&#039;Unit\u00e0 dei Cristiani, veglia ecumenica a San Gaspar del B\u00fafalo &#8211; Exaudi\" \/>\n<meta property=\"og:description\" content=\"Monsignor Lamba: in questi scenari di guerra parlare dell&#039;amore di Dio non \u00e8 n\u00e9 un&#039;utopia n\u00e9 un auspicio, ma un \u201ccomandamento\u201d che salva\" \/>\n<meta property=\"og:url\" content=\"https:\/\/exaudi.org\/it\/settimana-per-lunita-dei-cristiani-veglia-ecumenica-a-san-gaspar-del-bufalo\/\" \/>\n<meta property=\"og:site_name\" content=\"Exaudi\" \/>\n<meta property=\"article:publisher\" content=\"https:\/\/www.facebook.com\/ExaudiNews\" \/>\n<meta property=\"article:author\" content=\"https:\/\/www.facebook.com\/ExaudiNotizie\/\" \/>\n<meta property=\"article:published_time\" content=\"2024-01-19T21:55:34+00:00\" \/>\n<meta property=\"og:image\" content=\"https:\/\/exaudi.org\/wp-content\/uploads\/2024\/01\/Diseno-sin-titulo-30-1400x933-1.jpg\" \/>\n\t<meta property=\"og:image:width\" content=\"1400\" \/>\n\t<meta property=\"og:image:height\" content=\"933\" \/>\n\t<meta property=\"og:image:type\" content=\"image\/jpeg\" \/>\n<meta name=\"author\" content=\"Exaudi Redazione\" \/>\n<meta name=\"twitter:card\" content=\"summary_large_image\" \/>\n<meta name=\"twitter:creator\" content=\"@Exaudi_Notizie\" \/>\n<meta name=\"twitter:site\" content=\"@Exaudi_News\" \/>\n<meta name=\"twitter:label1\" content=\"Scritto da\" \/>\n\t<meta name=\"twitter:data1\" content=\"Exaudi Redazione\" \/>\n\t<meta name=\"twitter:label2\" content=\"Tempo di lettura stimato\" \/>\n\t<meta name=\"twitter:data2\" content=\"3 minuti\" \/>\n<script type=\"application\/ld+json\" class=\"yoast-schema-graph\">{\"@context\":\"https:\\\/\\\/schema.org\",\"@graph\":[{\"@type\":\"Article\",\"@id\":\"https:\\\/\\\/exaudi.org\\\/it\\\/settimana-per-lunita-dei-cristiani-veglia-ecumenica-a-san-gaspar-del-bufalo\\\/#article\",\"isPartOf\":{\"@id\":\"https:\\\/\\\/exaudi.org\\\/it\\\/settimana-per-lunita-dei-cristiani-veglia-ecumenica-a-san-gaspar-del-bufalo\\\/\"},\"author\":{\"name\":\"Exaudi Redazione\",\"@id\":\"https:\\\/\\\/exaudi.org\\\/#\\\/schema\\\/person\\\/e1ab6ed07c01774724dd96f925f3a5f0\"},\"headline\":\"Settimana per l&#8217;Unit\u00e0 dei Cristiani, veglia ecumenica a San Gaspar del B\u00fafalo\",\"datePublished\":\"2024-01-19T21:55:34+00:00\",\"mainEntityOfPage\":{\"@id\":\"https:\\\/\\\/exaudi.org\\\/it\\\/settimana-per-lunita-dei-cristiani-veglia-ecumenica-a-san-gaspar-del-bufalo\\\/\"},\"wordCount\":695,\"image\":{\"@id\":\"https:\\\/\\\/exaudi.org\\\/it\\\/settimana-per-lunita-dei-cristiani-veglia-ecumenica-a-san-gaspar-del-bufalo\\\/#primaryimage\"},\"thumbnailUrl\":\"https:\\\/\\\/exaudi.org\\\/wp-content\\\/uploads\\\/2024\\\/01\\\/Diseno-sin-titulo-30-1400x933-1.jpg\",\"keywords\":[\"cristiani\",\"diocesi\",\"Ecumenismo\",\"preghiera\",\"Roma\",\"Trending\"],\"articleSection\":[\"Chiesa e Mondo\"],\"inLanguage\":\"it-IT\"},{\"@type\":\"WebPage\",\"@id\":\"https:\\\/\\\/exaudi.org\\\/it\\\/settimana-per-lunita-dei-cristiani-veglia-ecumenica-a-san-gaspar-del-bufalo\\\/\",\"url\":\"https:\\\/\\\/exaudi.org\\\/it\\\/settimana-per-lunita-dei-cristiani-veglia-ecumenica-a-san-gaspar-del-bufalo\\\/\",\"name\":\"Settimana per l'Unit\u00e0 dei Cristiani, veglia ecumenica a San Gaspar del B\u00fafalo &#8211; Exaudi\",\"isPartOf\":{\"@id\":\"https:\\\/\\\/exaudi.org\\\/#website\"},\"primaryImageOfPage\":{\"@id\":\"https:\\\/\\\/exaudi.org\\\/it\\\/settimana-per-lunita-dei-cristiani-veglia-ecumenica-a-san-gaspar-del-bufalo\\\/#primaryimage\"},\"image\":{\"@id\":\"https:\\\/\\\/exaudi.org\\\/it\\\/settimana-per-lunita-dei-cristiani-veglia-ecumenica-a-san-gaspar-del-bufalo\\\/#primaryimage\"},\"thumbnailUrl\":\"https:\\\/\\\/exaudi.org\\\/wp-content\\\/uploads\\\/2024\\\/01\\\/Diseno-sin-titulo-30-1400x933-1.jpg\",\"datePublished\":\"2024-01-19T21:55:34+00:00\",\"author\":{\"@id\":\"https:\\\/\\\/exaudi.org\\\/#\\\/schema\\\/person\\\/e1ab6ed07c01774724dd96f925f3a5f0\"},\"breadcrumb\":{\"@id\":\"https:\\\/\\\/exaudi.org\\\/it\\\/settimana-per-lunita-dei-cristiani-veglia-ecumenica-a-san-gaspar-del-bufalo\\\/#breadcrumb\"},\"inLanguage\":\"it-IT\",\"potentialAction\":[{\"@type\":\"ReadAction\",\"target\":[\"https:\\\/\\\/exaudi.org\\\/it\\\/settimana-per-lunita-dei-cristiani-veglia-ecumenica-a-san-gaspar-del-bufalo\\\/\"]}]},{\"@type\":\"ImageObject\",\"inLanguage\":\"it-IT\",\"@id\":\"https:\\\/\\\/exaudi.org\\\/it\\\/settimana-per-lunita-dei-cristiani-veglia-ecumenica-a-san-gaspar-del-bufalo\\\/#primaryimage\",\"url\":\"https:\\\/\\\/exaudi.org\\\/wp-content\\\/uploads\\\/2024\\\/01\\\/Diseno-sin-titulo-30-1400x933-1.jpg\",\"contentUrl\":\"https:\\\/\\\/exaudi.org\\\/wp-content\\\/uploads\\\/2024\\\/01\\\/Diseno-sin-titulo-30-1400x933-1.jpg\",\"width\":1400,\"height\":933},{\"@type\":\"BreadcrumbList\",\"@id\":\"https:\\\/\\\/exaudi.org\\\/it\\\/settimana-per-lunita-dei-cristiani-veglia-ecumenica-a-san-gaspar-del-bufalo\\\/#breadcrumb\",\"itemListElement\":[{\"@type\":\"ListItem\",\"position\":1,\"name\":\"Portada\",\"item\":\"https:\\\/\\\/exaudi.org\\\/it\\\/\"},{\"@type\":\"ListItem\",\"position\":2,\"name\":\"Settimana per l&#8217;Unit\u00e0 dei Cristiani, veglia ecumenica a San Gaspar del B\u00fafalo\"}]},{\"@type\":\"WebSite\",\"@id\":\"https:\\\/\\\/exaudi.org\\\/#website\",\"url\":\"https:\\\/\\\/exaudi.org\\\/\",\"name\":\"Exaudi\",\"description\":\"News\",\"potentialAction\":[{\"@type\":\"SearchAction\",\"target\":{\"@type\":\"EntryPoint\",\"urlTemplate\":\"https:\\\/\\\/exaudi.org\\\/?s={search_term_string}\"},\"query-input\":{\"@type\":\"PropertyValueSpecification\",\"valueRequired\":true,\"valueName\":\"search_term_string\"}}],\"inLanguage\":\"it-IT\"},{\"@type\":\"Person\",\"@id\":\"https:\\\/\\\/exaudi.org\\\/#\\\/schema\\\/person\\\/e1ab6ed07c01774724dd96f925f3a5f0\",\"name\":\"Exaudi Redazione\",\"image\":{\"@type\":\"ImageObject\",\"inLanguage\":\"it-IT\",\"@id\":\"https:\\\/\\\/secure.gravatar.com\\\/avatar\\\/ad6774b3ada023bf5b939d64f45c94b3adf91502dd883507d469b4308a943bb3?s=96&d=mm&r=g\",\"url\":\"https:\\\/\\\/secure.gravatar.com\\\/avatar\\\/ad6774b3ada023bf5b939d64f45c94b3adf91502dd883507d469b4308a943bb3?s=96&d=mm&r=g\",\"contentUrl\":\"https:\\\/\\\/secure.gravatar.com\\\/avatar\\\/ad6774b3ada023bf5b939d64f45c94b3adf91502dd883507d469b4308a943bb3?s=96&d=mm&r=g\",\"caption\":\"Exaudi Redazione\"},\"description\":\"Che cosa \u00e8 Exaudi News? Exaudi News \u00e8 un agenzia cattolica internazionale che informa, istruisce e trasforma quotidianamente in spagnolo, inglese e italiano. Attraverso notizie, articoli di analisi e trasmissioni in diretta degli eventi del Papa, Exaudi cerca di rafforzare l'unit\u00e0 dei cristiani e di contribuire all'evangelizzazione del mondo, sempre guidato dalla dottrina sociale della Chiesa. Lavoriamo per portare la verit\u00e0 e i valori cristiani in ogni angolo del pianeta. Aiutaci a trasformare il mondo con Exaudi! Noi di Exaudi crediamo che l'evangelizzazione e l'informazione di qualit\u00e0 possano cambiare la vita. Per continuare la nostra missione ed espandere la nostra portata, abbiamo bisogno del tuo aiuto. Stiamo anche cercando persone motivate che vogliano unirsi al nostro team. Grazie al vostro sostegno raggiungeremo pi\u00f9 persone, diffonderemo il messaggio di Cristo e rafforzeremo l'unit\u00e0 dei cristiani. Vuoi unirti alla nostra missione? Per maggiori informazioni su come contribuire, visita Exaudi.org\\\/it o contattaci direttamente: info@exaudi.org Exaudi: informa, forma e trasforma.\",\"sameAs\":[\"https:\\\/\\\/www.facebook.com\\\/ExaudiNotizie\\\/\",\"https:\\\/\\\/www.instagram.com\\\/Exaudi_notizie\\\/\",\"https:\\\/\\\/x.com\\\/Exaudi_Notizie\",\"https:\\\/\\\/www.youtube.com\\\/@exaudicatholicnews\"],\"url\":\"https:\\\/\\\/exaudi.org\\\/it\\\/author\\\/dlvedi-org\\\/\"}]}<\/script>\n<!-- \/ Yoast SEO plugin. -->","yoast_head_json":{"title":"Settimana per l'Unit\u00e0 dei Cristiani, veglia ecumenica a San Gaspar del B\u00fafalo &#8211; Exaudi","robots":{"index":"index","follow":"follow","max-snippet":"max-snippet:-1","max-image-preview":"max-image-preview:large","max-video-preview":"max-video-preview:-1"},"canonical":"https:\/\/exaudi.org\/it\/settimana-per-lunita-dei-cristiani-veglia-ecumenica-a-san-gaspar-del-bufalo\/","og_locale":"it_IT","og_type":"article","og_title":"Settimana per l'Unit\u00e0 dei Cristiani, veglia ecumenica a San Gaspar del B\u00fafalo &#8211; Exaudi","og_description":"Monsignor Lamba: in questi scenari di guerra parlare dell'amore di Dio non \u00e8 n\u00e9 un'utopia n\u00e9 un auspicio, ma un \u201ccomandamento\u201d che salva","og_url":"https:\/\/exaudi.org\/it\/settimana-per-lunita-dei-cristiani-veglia-ecumenica-a-san-gaspar-del-bufalo\/","og_site_name":"Exaudi","article_publisher":"https:\/\/www.facebook.com\/ExaudiNews","article_author":"https:\/\/www.facebook.com\/ExaudiNotizie\/","article_published_time":"2024-01-19T21:55:34+00:00","og_image":[{"width":1400,"height":933,"url":"https:\/\/exaudi.org\/wp-content\/uploads\/2024\/01\/Diseno-sin-titulo-30-1400x933-1.jpg","type":"image\/jpeg"}],"author":"Exaudi Redazione","twitter_card":"summary_large_image","twitter_creator":"@Exaudi_Notizie","twitter_site":"@Exaudi_News","twitter_misc":{"Scritto da":"Exaudi Redazione","Tempo di lettura stimato":"3 minuti"},"schema":{"@context":"https:\/\/schema.org","@graph":[{"@type":"Article","@id":"https:\/\/exaudi.org\/it\/settimana-per-lunita-dei-cristiani-veglia-ecumenica-a-san-gaspar-del-bufalo\/#article","isPartOf":{"@id":"https:\/\/exaudi.org\/it\/settimana-per-lunita-dei-cristiani-veglia-ecumenica-a-san-gaspar-del-bufalo\/"},"author":{"name":"Exaudi Redazione","@id":"https:\/\/exaudi.org\/#\/schema\/person\/e1ab6ed07c01774724dd96f925f3a5f0"},"headline":"Settimana per l&#8217;Unit\u00e0 dei Cristiani, veglia ecumenica a San Gaspar del B\u00fafalo","datePublished":"2024-01-19T21:55:34+00:00","mainEntityOfPage":{"@id":"https:\/\/exaudi.org\/it\/settimana-per-lunita-dei-cristiani-veglia-ecumenica-a-san-gaspar-del-bufalo\/"},"wordCount":695,"image":{"@id":"https:\/\/exaudi.org\/it\/settimana-per-lunita-dei-cristiani-veglia-ecumenica-a-san-gaspar-del-bufalo\/#primaryimage"},"thumbnailUrl":"https:\/\/exaudi.org\/wp-content\/uploads\/2024\/01\/Diseno-sin-titulo-30-1400x933-1.jpg","keywords":["cristiani","diocesi","Ecumenismo","preghiera","Roma","Trending"],"articleSection":["Chiesa e Mondo"],"inLanguage":"it-IT"},{"@type":"WebPage","@id":"https:\/\/exaudi.org\/it\/settimana-per-lunita-dei-cristiani-veglia-ecumenica-a-san-gaspar-del-bufalo\/","url":"https:\/\/exaudi.org\/it\/settimana-per-lunita-dei-cristiani-veglia-ecumenica-a-san-gaspar-del-bufalo\/","name":"Settimana per l'Unit\u00e0 dei Cristiani, veglia ecumenica a San Gaspar del B\u00fafalo &#8211; Exaudi","isPartOf":{"@id":"https:\/\/exaudi.org\/#website"},"primaryImageOfPage":{"@id":"https:\/\/exaudi.org\/it\/settimana-per-lunita-dei-cristiani-veglia-ecumenica-a-san-gaspar-del-bufalo\/#primaryimage"},"image":{"@id":"https:\/\/exaudi.org\/it\/settimana-per-lunita-dei-cristiani-veglia-ecumenica-a-san-gaspar-del-bufalo\/#primaryimage"},"thumbnailUrl":"https:\/\/exaudi.org\/wp-content\/uploads\/2024\/01\/Diseno-sin-titulo-30-1400x933-1.jpg","datePublished":"2024-01-19T21:55:34+00:00","author":{"@id":"https:\/\/exaudi.org\/#\/schema\/person\/e1ab6ed07c01774724dd96f925f3a5f0"},"breadcrumb":{"@id":"https:\/\/exaudi.org\/it\/settimana-per-lunita-dei-cristiani-veglia-ecumenica-a-san-gaspar-del-bufalo\/#breadcrumb"},"inLanguage":"it-IT","potentialAction":[{"@type":"ReadAction","target":["https:\/\/exaudi.org\/it\/settimana-per-lunita-dei-cristiani-veglia-ecumenica-a-san-gaspar-del-bufalo\/"]}]},{"@type":"ImageObject","inLanguage":"it-IT","@id":"https:\/\/exaudi.org\/it\/settimana-per-lunita-dei-cristiani-veglia-ecumenica-a-san-gaspar-del-bufalo\/#primaryimage","url":"https:\/\/exaudi.org\/wp-content\/uploads\/2024\/01\/Diseno-sin-titulo-30-1400x933-1.jpg","contentUrl":"https:\/\/exaudi.org\/wp-content\/uploads\/2024\/01\/Diseno-sin-titulo-30-1400x933-1.jpg","width":1400,"height":933},{"@type":"BreadcrumbList","@id":"https:\/\/exaudi.org\/it\/settimana-per-lunita-dei-cristiani-veglia-ecumenica-a-san-gaspar-del-bufalo\/#breadcrumb","itemListElement":[{"@type":"ListItem","position":1,"name":"Portada","item":"https:\/\/exaudi.org\/it\/"},{"@type":"ListItem","position":2,"name":"Settimana per l&#8217;Unit\u00e0 dei Cristiani, veglia ecumenica a San Gaspar del B\u00fafalo"}]},{"@type":"WebSite","@id":"https:\/\/exaudi.org\/#website","url":"https:\/\/exaudi.org\/","name":"Exaudi","description":"News","potentialAction":[{"@type":"SearchAction","target":{"@type":"EntryPoint","urlTemplate":"https:\/\/exaudi.org\/?s={search_term_string}"},"query-input":{"@type":"PropertyValueSpecification","valueRequired":true,"valueName":"search_term_string"}}],"inLanguage":"it-IT"},{"@type":"Person","@id":"https:\/\/exaudi.org\/#\/schema\/person\/e1ab6ed07c01774724dd96f925f3a5f0","name":"Exaudi Redazione","image":{"@type":"ImageObject","inLanguage":"it-IT","@id":"https:\/\/secure.gravatar.com\/avatar\/ad6774b3ada023bf5b939d64f45c94b3adf91502dd883507d469b4308a943bb3?s=96&d=mm&r=g","url":"https:\/\/secure.gravatar.com\/avatar\/ad6774b3ada023bf5b939d64f45c94b3adf91502dd883507d469b4308a943bb3?s=96&d=mm&r=g","contentUrl":"https:\/\/secure.gravatar.com\/avatar\/ad6774b3ada023bf5b939d64f45c94b3adf91502dd883507d469b4308a943bb3?s=96&d=mm&r=g","caption":"Exaudi Redazione"},"description":"Che cosa \u00e8 Exaudi News? Exaudi News \u00e8 un agenzia cattolica internazionale che informa, istruisce e trasforma quotidianamente in spagnolo, inglese e italiano. Attraverso notizie, articoli di analisi e trasmissioni in diretta degli eventi del Papa, Exaudi cerca di rafforzare l'unit\u00e0 dei cristiani e di contribuire all'evangelizzazione del mondo, sempre guidato dalla dottrina sociale della Chiesa. Lavoriamo per portare la verit\u00e0 e i valori cristiani in ogni angolo del pianeta. Aiutaci a trasformare il mondo con Exaudi! Noi di Exaudi crediamo che l'evangelizzazione e l'informazione di qualit\u00e0 possano cambiare la vita. Per continuare la nostra missione ed espandere la nostra portata, abbiamo bisogno del tuo aiuto. Stiamo anche cercando persone motivate che vogliano unirsi al nostro team. Grazie al vostro sostegno raggiungeremo pi\u00f9 persone, diffonderemo il messaggio di Cristo e rafforzeremo l'unit\u00e0 dei cristiani. Vuoi unirti alla nostra missione? Per maggiori informazioni su come contribuire, visita Exaudi.org\/it o contattaci direttamente: info@exaudi.org Exaudi: informa, forma e trasforma.","sameAs":["https:\/\/www.facebook.com\/ExaudiNotizie\/","https:\/\/www.instagram.com\/Exaudi_notizie\/","https:\/\/x.com\/Exaudi_Notizie","https:\/\/www.youtube.com\/@exaudicatholicnews"],"url":"https:\/\/exaudi.org\/it\/author\/dlvedi-org\/"}]}},"jetpack_featured_media_url":"https:\/\/exaudi.org\/wp-content\/uploads\/2024\/01\/Diseno-sin-titulo-30-1400x933-1.jpg","jetpack_shortlink":"https:\/\/wp.me\/pgKjF2-o4U","_links":{"self":[{"href":"https:\/\/exaudi.org\/it\/wp-json\/wp\/v2\/posts\/92560","targetHints":{"allow":["GET"]}}],"collection":[{"href":"https:\/\/exaudi.org\/it\/wp-json\/wp\/v2\/posts"}],"about":[{"href":"https:\/\/exaudi.org\/it\/wp-json\/wp\/v2\/types\/post"}],"author":[{"embeddable":true,"href":"https:\/\/exaudi.org\/it\/wp-json\/wp\/v2\/users\/17"}],"replies":[{"embeddable":true,"href":"https:\/\/exaudi.org\/it\/wp-json\/wp\/v2\/comments?post=92560"}],"version-history":[{"count":0,"href":"https:\/\/exaudi.org\/it\/wp-json\/wp\/v2\/posts\/92560\/revisions"}],"wp:featuredmedia":[{"embeddable":true,"href":"https:\/\/exaudi.org\/it\/wp-json\/wp\/v2\/media\/92561"}],"wp:attachment":[{"href":"https:\/\/exaudi.org\/it\/wp-json\/wp\/v2\/media?parent=92560"}],"wp:term":[{"taxonomy":"category","embeddable":true,"href":"https:\/\/exaudi.org\/it\/wp-json\/wp\/v2\/categories?post=92560"},{"taxonomy":"post_tag","embeddable":true,"href":"https:\/\/exaudi.org\/it\/wp-json\/wp\/v2\/tags?post=92560"}],"curies":[{"name":"wp","href":"https:\/\/api.w.org\/{rel}","templated":true}]}}