{"id":92457,"date":"2024-01-18T22:47:44","date_gmt":"2024-01-18T21:47:44","guid":{"rendered":"https:\/\/exaudi.org\/?p=92457"},"modified":"2024-01-18T22:47:44","modified_gmt":"2024-01-18T21:47:44","slug":"i-medici-del-pronto-soccorso-non-possono-essere-costretti-a-eseguire-aborti-in-texas","status":"publish","type":"post","link":"https:\/\/exaudi.org\/it\/i-medici-del-pronto-soccorso-non-possono-essere-costretti-a-eseguire-aborti-in-texas\/","title":{"rendered":"I medici del pronto soccorso non possono essere costretti a eseguire aborti in Texas"},"content":{"rendered":"<p>Secondo<strong> l\u2019OMS<\/strong>, l\u2019aborto \u00e8 stata la principale causa di morte nel mondo nel 2022. Ogni anno si <strong>verificano<\/strong> circa 73 milioni di aborti indotti, ovvero circa 200.000 aborti al giorno. Sei gravidanze indesiderate su dieci finiscono con un aborto.<\/p>\n<p>Joe Biden, presidente degli Stati Uniti, vuole costringere i medici del pronto soccorso degli ospedali del Texas a eseguire <a href=\"https:\/\/www.observatoriobioetica.org\/2017\/04\/estatuto-biologico-del-embrion-humano-3\/15982\">aborti<\/a> quando necessario.<\/p>\n<p>Questo problema non \u00e8 nuovo. Era il 2022 quando, attraverso il progetto \u201cTrattamento medico d&#8217;emergenza e lavoro\u201d, Biden esortava tutti i medici d\u2019urgenza, ignorando la loro posizione etica e deontologica, ad aiutare le donne che volevano abortire.<\/p>\n<p>Greg Abbott, governatore repubblicano dello stato del Texas, ha reagito contro questo progetto emettendo un&#8217;ordinanza per impedire agli\u00a0 \u00a0avvocati di dare il via libera a questo progetto iniziativa pro-aborto.<\/p>\n<p>Un anno dopo, nel novembre 2023, Biden si rivolse nuovamente in tribunale con l\u2019intenzione di abrogare la norma federale. Tuttavia, la Corte d&#8217;Appello del Quinto Circuito degli Stati Uniti ha ora stabilito che questa imposizione \u00e8 illegale e non pu\u00f2 essere attuata.<\/p>\n<p>Il sito Catholinc News informa che gli avvocati dell&#8217;<a href=\"https:\/\/adflegal.org\/press-release\/appeals-court-rejects-biden-admin-attempt-force-er-doctors-perform-abortions#:~:text=%E2%80%9CHospitals%E2%80%94especially%20emergency%20rooms%E2%80%94,who%20argued%20before%20the%20court.\">Alliance Defending Freedom (ADF)<\/a>, ente che rappresenta l&#8217;associazione americana pro-vita degli ostetrici e dei ginecologi e le associazioni mediche e odontoiatriche cristiane, hanno chiesto a questa corte &#8220;di non respingere la sentenza della&#8221; tribunale di grado inferiore\u201d che tutela i medici nella loro capacit\u00e0 di scegliere liberamente secondo coscienza. Ryan Bangert, vicepresidente senior delle iniziative strategiche dell\u2019ADF, ha sostenuto in tribunale che il Quinto Circuito ha stabilito correttamente cosa dovrebbe fare il governo federale, perch\u00e9 \u201cuna clinica non dovrebbe essere una struttura per aborti\u201d. Allo stesso modo, ha denunciato che i medici non dovrebbero mai essere costretti a infrangere il \u201cgiuramento di Ippocrate\u201d e non dovrebbero essere costretti a scegliere tra \u201cviolare le loro convinzioni pi\u00f9 profonde o affrontare dure sanzioni finanziarie ed essere esclusi dal programma Medicare\u201d, un programma assicurativo federale assicurazione sanitaria per le persone di et\u00e0 superiore ai 65 anni.<\/p>\n<h3><strong>73 milioni di aborti ogni anno nel mondo<\/strong><\/h3>\n<p>Per contestualizzare questa situazione, vale la pena chiarire che, <a href=\"https:\/\/www.who.int\/es\/news-room\/fact-sheets\/detail\/abortion\">secondo l\u2019OMS<\/a>, l\u2019aborto \u00e8 stata la principale causa di morte a livello mondiale nel 2022. Ogni anno si <a href=\"https:\/\/www.guttmacher.org\/fact-sheet\/induced-abortion-worldwide\">verificano<\/a> circa 73 milioni di aborti indotti, ovvero circa 200.000 aborti al giorno. Sei gravidanze indesiderate su dieci finiscono con un aborto.<\/p>\n<p><a href=\"https:\/\/www.observatoriobioetica.org\/2023\/06\/aborto-en-ee-uu-los-mapas-interactivos-que-muestran-como-crecen-las-restricciones-en-el-pais\/43901\">Negli Stati Uniti<\/a>, dei 50 Stati che compongono il Paese, 14 lo vietano completamente e altri 12 impongono restrizioni in un intervallo che va dalla 6a alla 26a settimana di gestazione, oltre a limitazioni all\u2019accesso ai servizi di aborto. In otto di essi il divieto assoluto o severo resta bloccato dalle decisioni dei giudici federali.<\/p>\n<p>In cinque stati si applicano lievi restrizioni, mentre in 20 stati, pi\u00f9 Porto Rico e Washington DC, l\u2019aborto \u00e8 legale anche nelle fasi avanzate della gravidanza senza restrizioni.<\/p>\n<p>In Spagna, come abbiamo recentemente commentato <a href=\"https:\/\/www.observatoriobioetica.org\/2023\/09\/espana-se-acerca-a-los-100-000-abortos-en-2022-una-cifra-sin-precedentes-en-su-historia\/42473\">in uno dei nostri rapporti<\/a>, nel 2022 sono stati eseguiti 98.316 aborti, il 9% in pi\u00f9 rispetto al 2021. Questi dati allarmanti sono stati annunciati dal <a href=\"https:\/\/www.sanidad.gob.es\/areas\/promocionPrevencion\/embarazo\/docs\/IVE_2022.pdf\">Ministero della Salute<\/a> nel Registro statale delle interruzioni volontarie di gravidanza lo scorso settembre 2023. .<\/p>\n<h3><strong>Valutazione bioetica<\/strong><\/h3>\n<p>L\u2019insistenza nel promuovere politiche che aprano la strada alle donne alla pratica dell\u2019aborto indiscriminato rappresenta il pi\u00f9 grande attacco contro la vita umana del nascituro e contro la dignit\u00e0 delle donne. L\u2019aborto non porta la salute a nessuno di coloro che ne sono coinvolti. Oltre a porre fine alla vita dell\u2019embrione o del feto, provoca <a href=\"https:\/\/www.observatoriobioetica.org\/wp-content\/uploads\/2024\/01\/Aborto-y-salud-mental-de-la-mujer.pdf\">conseguenze fisiche e psicologiche<\/a> ben documentate nelle donne che abortiscono, soprattutto in caso di aborti ripetuti. <a href=\"https:\/\/www.observatoriobioetica.org\/2022\/04\/la-oms-aconseja-facilitar-aborto-sin-limites-semanas-embarazo-restricciones-legales\/8931\">L\u2019insistenza dell\u2019OMS<\/a> e delle societ\u00e0 ginecologiche nell\u2019inserire l\u2019aborto \u2013 ricordiamo che \u00e8 stato la prima causa di morte nel 2022 \u2013 nei programmi di salute sessuale e riproduttiva, o addirittura nel tentare di riconoscerlo come un diritto, costituisce una contraddizione inaccettabile che dovrebbe continuare a essere risolta essere segnalato. La situazione di inverno demografico nei paesi avanzati, insieme alle pressioni delle Nazioni Unite per l\u2019estensione dell\u2019aborto come condizione per la concessione degli aiuti allo sviluppo nei paesi del terzo mondo, \u00e8 un attentato contro l\u2019essere umano e contro la nostra civilt\u00e0. La salute riproduttiva consiste nel sostenere le donne, la famiglia, la gravidanza, il parto e il processo postarti, nonch\u00e9 la crescita dei figli. Proteggere la vita nei casi di gravidanze indesiderate, sostenere le donne economicamente, socialmente e psicologicamente, \u00e8 il vero atteggiamento di progresso che si dovrebbe promuovere invece dell\u2019attuale promozione dello sterminio diffuso che l\u2019aborto comporta.<\/p>\n<p><em><strong>Julio Tudela \u2013 Cristina Castillo \u2013 Osservatorio di Bioetica \u2013 Istituto di Scienze della Vita \u2013 Universit\u00e0 Cattolica di Valencia<\/strong><\/em><\/p>\n<p>&nbsp;<\/p>\n","protected":false},"excerpt":{"rendered":"<p>Secondo l\u2019OMS, l\u2019aborto \u00e8 stata la principale causa di morte nel mondo nel 2022. Ogni anno si verificano circa 73 milioni di aborti indotti, ovvero circa 200.000 aborti al giorno. Sei gravidanze indesiderate su dieci finiscono con un aborto. Joe Biden, presidente degli Stati Uniti, vuole costringere i medici del pronto soccorso degli ospedali del [&hellip;]<\/p>\n","protected":false},"author":87,"featured_media":92414,"comment_status":"closed","ping_status":"closed","sticky":false,"template":"","format":"standard","meta":{"_acf_changed":false,"_crdt_document":"","inline_featured_image":false,"footnotes":""},"categories":[71],"tags":[3195,12301,6083,7731,2601,2219,12302,4952],"class_list":["post-92457","post","type-post","status-publish","format-standard","has-post-thumbnail","hentry","category-analisi","tag-aborto-it","tag-alleanza-per-la-difesa-della-liberta","tag-bioetica-it","tag-joe-biden-3","tag-oms","tag-stati-uniti","tag-texas-3","tag-trending-it"],"acf":[],"yoast_head":"<!-- This site is optimized with the Yoast SEO plugin v27.5 - https:\/\/yoast.com\/product\/yoast-seo-wordpress\/ -->\n<title>I medici del pronto soccorso non possono essere costretti a eseguire aborti in Texas &#8211; Exaudi<\/title>\n<meta name=\"robots\" content=\"index, follow, max-snippet:-1, max-image-preview:large, max-video-preview:-1\" \/>\n<link rel=\"canonical\" href=\"https:\/\/exaudi.org\/it\/i-medici-del-pronto-soccorso-non-possono-essere-costretti-a-eseguire-aborti-in-texas\/\" \/>\n<meta property=\"og:locale\" content=\"it_IT\" \/>\n<meta property=\"og:type\" content=\"article\" \/>\n<meta property=\"og:title\" content=\"I medici del pronto soccorso non possono essere costretti a eseguire aborti in Texas &#8211; Exaudi\" \/>\n<meta property=\"og:description\" content=\"Secondo l\u2019OMS, l\u2019aborto \u00e8 stata la principale causa di morte nel mondo nel 2022. Ogni anno si verificano circa 73 milioni di aborti indotti, ovvero circa 200.000 aborti al giorno. Sei gravidanze indesiderate su dieci finiscono con un aborto. Joe Biden, presidente degli Stati Uniti, vuole costringere i medici del pronto soccorso degli ospedali del [&hellip;]\" \/>\n<meta property=\"og:url\" content=\"https:\/\/exaudi.org\/it\/i-medici-del-pronto-soccorso-non-possono-essere-costretti-a-eseguire-aborti-in-texas\/\" \/>\n<meta property=\"og:site_name\" content=\"Exaudi\" \/>\n<meta property=\"article:publisher\" content=\"https:\/\/www.facebook.com\/ExaudiNews\" \/>\n<meta property=\"article:author\" content=\"https:\/\/www.facebook.com\/observatoriodebioetica\/\" \/>\n<meta property=\"article:published_time\" content=\"2024-01-18T21:47:44+00:00\" \/>\n<meta property=\"og:image\" content=\"https:\/\/exaudi.org\/wp-content\/uploads\/2024\/01\/pexels-anna-shvets-4769118-scaled.jpg\" \/>\n\t<meta property=\"og:image:width\" content=\"2560\" \/>\n\t<meta property=\"og:image:height\" content=\"1707\" \/>\n\t<meta property=\"og:image:type\" content=\"image\/jpeg\" \/>\n<meta name=\"author\" content=\"Observatorio de Bio\u00e9tica UCV\" \/>\n<meta name=\"twitter:card\" content=\"summary_large_image\" \/>\n<meta name=\"twitter:creator\" content=\"@obioetica\" \/>\n<meta name=\"twitter:site\" content=\"@Exaudi_News\" \/>\n<meta name=\"twitter:label1\" content=\"Scritto da\" \/>\n\t<meta name=\"twitter:data1\" content=\"Observatorio de Bio\u00e9tica UCV\" \/>\n\t<meta name=\"twitter:label2\" content=\"Tempo di lettura stimato\" \/>\n\t<meta name=\"twitter:data2\" content=\"4 minuti\" \/>\n<script type=\"application\/ld+json\" class=\"yoast-schema-graph\">{\"@context\":\"https:\\\/\\\/schema.org\",\"@graph\":[{\"@type\":\"Article\",\"@id\":\"https:\\\/\\\/exaudi.org\\\/it\\\/i-medici-del-pronto-soccorso-non-possono-essere-costretti-a-eseguire-aborti-in-texas\\\/#article\",\"isPartOf\":{\"@id\":\"https:\\\/\\\/exaudi.org\\\/it\\\/i-medici-del-pronto-soccorso-non-possono-essere-costretti-a-eseguire-aborti-in-texas\\\/\"},\"author\":{\"name\":\"Observatorio de Bio\u00e9tica UCV\",\"@id\":\"https:\\\/\\\/exaudi.org\\\/#\\\/schema\\\/person\\\/05d1c06e56ecb5490e9bff0d27026595\"},\"headline\":\"I medici del pronto soccorso non possono essere costretti a eseguire aborti in Texas\",\"datePublished\":\"2024-01-18T21:47:44+00:00\",\"mainEntityOfPage\":{\"@id\":\"https:\\\/\\\/exaudi.org\\\/it\\\/i-medici-del-pronto-soccorso-non-possono-essere-costretti-a-eseguire-aborti-in-texas\\\/\"},\"wordCount\":756,\"image\":{\"@id\":\"https:\\\/\\\/exaudi.org\\\/it\\\/i-medici-del-pronto-soccorso-non-possono-essere-costretti-a-eseguire-aborti-in-texas\\\/#primaryimage\"},\"thumbnailUrl\":\"https:\\\/\\\/exaudi.org\\\/wp-content\\\/uploads\\\/2024\\\/01\\\/pexels-anna-shvets-4769118-scaled.jpg\",\"keywords\":[\"Aborto\",\"ALLEANZA PER LA DIFESA DELLA LIBERT\u00c0\",\"Bio\u00e9tica\",\"Joe Biden\",\"Oms\",\"Stati Uniti\",\"TEXAS\",\"Trending\"],\"articleSection\":[\"Analisi\"],\"inLanguage\":\"it-IT\"},{\"@type\":\"WebPage\",\"@id\":\"https:\\\/\\\/exaudi.org\\\/it\\\/i-medici-del-pronto-soccorso-non-possono-essere-costretti-a-eseguire-aborti-in-texas\\\/\",\"url\":\"https:\\\/\\\/exaudi.org\\\/it\\\/i-medici-del-pronto-soccorso-non-possono-essere-costretti-a-eseguire-aborti-in-texas\\\/\",\"name\":\"I medici del pronto soccorso non possono essere costretti a eseguire aborti in Texas &#8211; Exaudi\",\"isPartOf\":{\"@id\":\"https:\\\/\\\/exaudi.org\\\/#website\"},\"primaryImageOfPage\":{\"@id\":\"https:\\\/\\\/exaudi.org\\\/it\\\/i-medici-del-pronto-soccorso-non-possono-essere-costretti-a-eseguire-aborti-in-texas\\\/#primaryimage\"},\"image\":{\"@id\":\"https:\\\/\\\/exaudi.org\\\/it\\\/i-medici-del-pronto-soccorso-non-possono-essere-costretti-a-eseguire-aborti-in-texas\\\/#primaryimage\"},\"thumbnailUrl\":\"https:\\\/\\\/exaudi.org\\\/wp-content\\\/uploads\\\/2024\\\/01\\\/pexels-anna-shvets-4769118-scaled.jpg\",\"datePublished\":\"2024-01-18T21:47:44+00:00\",\"author\":{\"@id\":\"https:\\\/\\\/exaudi.org\\\/#\\\/schema\\\/person\\\/05d1c06e56ecb5490e9bff0d27026595\"},\"breadcrumb\":{\"@id\":\"https:\\\/\\\/exaudi.org\\\/it\\\/i-medici-del-pronto-soccorso-non-possono-essere-costretti-a-eseguire-aborti-in-texas\\\/#breadcrumb\"},\"inLanguage\":\"it-IT\",\"potentialAction\":[{\"@type\":\"ReadAction\",\"target\":[\"https:\\\/\\\/exaudi.org\\\/it\\\/i-medici-del-pronto-soccorso-non-possono-essere-costretti-a-eseguire-aborti-in-texas\\\/\"]}]},{\"@type\":\"ImageObject\",\"inLanguage\":\"it-IT\",\"@id\":\"https:\\\/\\\/exaudi.org\\\/it\\\/i-medici-del-pronto-soccorso-non-possono-essere-costretti-a-eseguire-aborti-in-texas\\\/#primaryimage\",\"url\":\"https:\\\/\\\/exaudi.org\\\/wp-content\\\/uploads\\\/2024\\\/01\\\/pexels-anna-shvets-4769118-scaled.jpg\",\"contentUrl\":\"https:\\\/\\\/exaudi.org\\\/wp-content\\\/uploads\\\/2024\\\/01\\\/pexels-anna-shvets-4769118-scaled.jpg\",\"width\":2560,\"height\":1707},{\"@type\":\"BreadcrumbList\",\"@id\":\"https:\\\/\\\/exaudi.org\\\/it\\\/i-medici-del-pronto-soccorso-non-possono-essere-costretti-a-eseguire-aborti-in-texas\\\/#breadcrumb\",\"itemListElement\":[{\"@type\":\"ListItem\",\"position\":1,\"name\":\"Portada\",\"item\":\"https:\\\/\\\/exaudi.org\\\/it\\\/\"},{\"@type\":\"ListItem\",\"position\":2,\"name\":\"I medici del pronto soccorso non possono essere costretti a eseguire aborti in Texas\"}]},{\"@type\":\"WebSite\",\"@id\":\"https:\\\/\\\/exaudi.org\\\/#website\",\"url\":\"https:\\\/\\\/exaudi.org\\\/\",\"name\":\"Exaudi\",\"description\":\"News\",\"potentialAction\":[{\"@type\":\"SearchAction\",\"target\":{\"@type\":\"EntryPoint\",\"urlTemplate\":\"https:\\\/\\\/exaudi.org\\\/?s={search_term_string}\"},\"query-input\":{\"@type\":\"PropertyValueSpecification\",\"valueRequired\":true,\"valueName\":\"search_term_string\"}}],\"inLanguage\":\"it-IT\"},{\"@type\":\"Person\",\"@id\":\"https:\\\/\\\/exaudi.org\\\/#\\\/schema\\\/person\\\/05d1c06e56ecb5490e9bff0d27026595\",\"name\":\"Observatorio de Bio\u00e9tica UCV\",\"image\":{\"@type\":\"ImageObject\",\"inLanguage\":\"it-IT\",\"@id\":\"https:\\\/\\\/secure.gravatar.com\\\/avatar\\\/086563f59595a89fb0851de25d712a03657b1cdfa8af3c9cd0a1ee122fc5d596?s=96&d=mm&r=g\",\"url\":\"https:\\\/\\\/secure.gravatar.com\\\/avatar\\\/086563f59595a89fb0851de25d712a03657b1cdfa8af3c9cd0a1ee122fc5d596?s=96&d=mm&r=g\",\"contentUrl\":\"https:\\\/\\\/secure.gravatar.com\\\/avatar\\\/086563f59595a89fb0851de25d712a03657b1cdfa8af3c9cd0a1ee122fc5d596?s=96&d=mm&r=g\",\"caption\":\"Observatorio de Bio\u00e9tica UCV\"},\"description\":\"El Observatorio de Bio\u00e9tica se encuentra dentro del Instituto Ciencias de la vida de la Universidad Cat\u00f3lica de Valencia \u201cSan Vicente M\u00e1rtir\u201d . En el trasfondo de sus publicaciones, se defiende la vida humana desde la fecundaci\u00f3n a la muerte natural y la dignidad de la persona, teniendo como objetivo aunar esfuerzos para difundir la cultura de la vida como la define la Evangelium Vitae.\",\"sameAs\":[\"https:\\\/\\\/www.observatoriobioetica.org\\\/\",\"https:\\\/\\\/www.facebook.com\\\/observatoriodebioetica\\\/\",\"https:\\\/\\\/x.com\\\/obioetica\",\"https:\\\/\\\/www.youtube.com\\\/channel\\\/UC_Tr4WS5-TXoNo5e1MdQc7w\"],\"url\":\"https:\\\/\\\/exaudi.org\\\/it\\\/author\\\/observatoriodebioeticaucv\\\/\"}]}<\/script>\n<!-- \/ Yoast SEO plugin. -->","yoast_head_json":{"title":"I medici del pronto soccorso non possono essere costretti a eseguire aborti in Texas &#8211; Exaudi","robots":{"index":"index","follow":"follow","max-snippet":"max-snippet:-1","max-image-preview":"max-image-preview:large","max-video-preview":"max-video-preview:-1"},"canonical":"https:\/\/exaudi.org\/it\/i-medici-del-pronto-soccorso-non-possono-essere-costretti-a-eseguire-aborti-in-texas\/","og_locale":"it_IT","og_type":"article","og_title":"I medici del pronto soccorso non possono essere costretti a eseguire aborti in Texas &#8211; Exaudi","og_description":"Secondo l\u2019OMS, l\u2019aborto \u00e8 stata la principale causa di morte nel mondo nel 2022. Ogni anno si verificano circa 73 milioni di aborti indotti, ovvero circa 200.000 aborti al giorno. Sei gravidanze indesiderate su dieci finiscono con un aborto. Joe Biden, presidente degli Stati Uniti, vuole costringere i medici del pronto soccorso degli ospedali del [&hellip;]","og_url":"https:\/\/exaudi.org\/it\/i-medici-del-pronto-soccorso-non-possono-essere-costretti-a-eseguire-aborti-in-texas\/","og_site_name":"Exaudi","article_publisher":"https:\/\/www.facebook.com\/ExaudiNews","article_author":"https:\/\/www.facebook.com\/observatoriodebioetica\/","article_published_time":"2024-01-18T21:47:44+00:00","og_image":[{"width":2560,"height":1707,"url":"https:\/\/exaudi.org\/wp-content\/uploads\/2024\/01\/pexels-anna-shvets-4769118-scaled.jpg","type":"image\/jpeg"}],"author":"Observatorio de Bio\u00e9tica UCV","twitter_card":"summary_large_image","twitter_creator":"@obioetica","twitter_site":"@Exaudi_News","twitter_misc":{"Scritto da":"Observatorio de Bio\u00e9tica UCV","Tempo di lettura stimato":"4 minuti"},"schema":{"@context":"https:\/\/schema.org","@graph":[{"@type":"Article","@id":"https:\/\/exaudi.org\/it\/i-medici-del-pronto-soccorso-non-possono-essere-costretti-a-eseguire-aborti-in-texas\/#article","isPartOf":{"@id":"https:\/\/exaudi.org\/it\/i-medici-del-pronto-soccorso-non-possono-essere-costretti-a-eseguire-aborti-in-texas\/"},"author":{"name":"Observatorio de Bio\u00e9tica UCV","@id":"https:\/\/exaudi.org\/#\/schema\/person\/05d1c06e56ecb5490e9bff0d27026595"},"headline":"I medici del pronto soccorso non possono essere costretti a eseguire aborti in Texas","datePublished":"2024-01-18T21:47:44+00:00","mainEntityOfPage":{"@id":"https:\/\/exaudi.org\/it\/i-medici-del-pronto-soccorso-non-possono-essere-costretti-a-eseguire-aborti-in-texas\/"},"wordCount":756,"image":{"@id":"https:\/\/exaudi.org\/it\/i-medici-del-pronto-soccorso-non-possono-essere-costretti-a-eseguire-aborti-in-texas\/#primaryimage"},"thumbnailUrl":"https:\/\/exaudi.org\/wp-content\/uploads\/2024\/01\/pexels-anna-shvets-4769118-scaled.jpg","keywords":["Aborto","ALLEANZA PER LA DIFESA DELLA LIBERT\u00c0","Bio\u00e9tica","Joe Biden","Oms","Stati Uniti","TEXAS","Trending"],"articleSection":["Analisi"],"inLanguage":"it-IT"},{"@type":"WebPage","@id":"https:\/\/exaudi.org\/it\/i-medici-del-pronto-soccorso-non-possono-essere-costretti-a-eseguire-aborti-in-texas\/","url":"https:\/\/exaudi.org\/it\/i-medici-del-pronto-soccorso-non-possono-essere-costretti-a-eseguire-aborti-in-texas\/","name":"I medici del pronto soccorso non possono essere costretti a eseguire aborti in Texas &#8211; Exaudi","isPartOf":{"@id":"https:\/\/exaudi.org\/#website"},"primaryImageOfPage":{"@id":"https:\/\/exaudi.org\/it\/i-medici-del-pronto-soccorso-non-possono-essere-costretti-a-eseguire-aborti-in-texas\/#primaryimage"},"image":{"@id":"https:\/\/exaudi.org\/it\/i-medici-del-pronto-soccorso-non-possono-essere-costretti-a-eseguire-aborti-in-texas\/#primaryimage"},"thumbnailUrl":"https:\/\/exaudi.org\/wp-content\/uploads\/2024\/01\/pexels-anna-shvets-4769118-scaled.jpg","datePublished":"2024-01-18T21:47:44+00:00","author":{"@id":"https:\/\/exaudi.org\/#\/schema\/person\/05d1c06e56ecb5490e9bff0d27026595"},"breadcrumb":{"@id":"https:\/\/exaudi.org\/it\/i-medici-del-pronto-soccorso-non-possono-essere-costretti-a-eseguire-aborti-in-texas\/#breadcrumb"},"inLanguage":"it-IT","potentialAction":[{"@type":"ReadAction","target":["https:\/\/exaudi.org\/it\/i-medici-del-pronto-soccorso-non-possono-essere-costretti-a-eseguire-aborti-in-texas\/"]}]},{"@type":"ImageObject","inLanguage":"it-IT","@id":"https:\/\/exaudi.org\/it\/i-medici-del-pronto-soccorso-non-possono-essere-costretti-a-eseguire-aborti-in-texas\/#primaryimage","url":"https:\/\/exaudi.org\/wp-content\/uploads\/2024\/01\/pexels-anna-shvets-4769118-scaled.jpg","contentUrl":"https:\/\/exaudi.org\/wp-content\/uploads\/2024\/01\/pexels-anna-shvets-4769118-scaled.jpg","width":2560,"height":1707},{"@type":"BreadcrumbList","@id":"https:\/\/exaudi.org\/it\/i-medici-del-pronto-soccorso-non-possono-essere-costretti-a-eseguire-aborti-in-texas\/#breadcrumb","itemListElement":[{"@type":"ListItem","position":1,"name":"Portada","item":"https:\/\/exaudi.org\/it\/"},{"@type":"ListItem","position":2,"name":"I medici del pronto soccorso non possono essere costretti a eseguire aborti in Texas"}]},{"@type":"WebSite","@id":"https:\/\/exaudi.org\/#website","url":"https:\/\/exaudi.org\/","name":"Exaudi","description":"News","potentialAction":[{"@type":"SearchAction","target":{"@type":"EntryPoint","urlTemplate":"https:\/\/exaudi.org\/?s={search_term_string}"},"query-input":{"@type":"PropertyValueSpecification","valueRequired":true,"valueName":"search_term_string"}}],"inLanguage":"it-IT"},{"@type":"Person","@id":"https:\/\/exaudi.org\/#\/schema\/person\/05d1c06e56ecb5490e9bff0d27026595","name":"Observatorio de Bio\u00e9tica UCV","image":{"@type":"ImageObject","inLanguage":"it-IT","@id":"https:\/\/secure.gravatar.com\/avatar\/086563f59595a89fb0851de25d712a03657b1cdfa8af3c9cd0a1ee122fc5d596?s=96&d=mm&r=g","url":"https:\/\/secure.gravatar.com\/avatar\/086563f59595a89fb0851de25d712a03657b1cdfa8af3c9cd0a1ee122fc5d596?s=96&d=mm&r=g","contentUrl":"https:\/\/secure.gravatar.com\/avatar\/086563f59595a89fb0851de25d712a03657b1cdfa8af3c9cd0a1ee122fc5d596?s=96&d=mm&r=g","caption":"Observatorio de Bio\u00e9tica UCV"},"description":"El Observatorio de Bio\u00e9tica se encuentra dentro del Instituto Ciencias de la vida de la Universidad Cat\u00f3lica de Valencia \u201cSan Vicente M\u00e1rtir\u201d . En el trasfondo de sus publicaciones, se defiende la vida humana desde la fecundaci\u00f3n a la muerte natural y la dignidad de la persona, teniendo como objetivo aunar esfuerzos para difundir la cultura de la vida como la define la Evangelium Vitae.","sameAs":["https:\/\/www.observatoriobioetica.org\/","https:\/\/www.facebook.com\/observatoriodebioetica\/","https:\/\/x.com\/obioetica","https:\/\/www.youtube.com\/channel\/UC_Tr4WS5-TXoNo5e1MdQc7w"],"url":"https:\/\/exaudi.org\/it\/author\/observatoriodebioeticaucv\/"}]}},"jetpack_featured_media_url":"https:\/\/exaudi.org\/wp-content\/uploads\/2024\/01\/pexels-anna-shvets-4769118-scaled.jpg","jetpack_shortlink":"https:\/\/wp.me\/pgKjF2-o3f","_links":{"self":[{"href":"https:\/\/exaudi.org\/it\/wp-json\/wp\/v2\/posts\/92457","targetHints":{"allow":["GET"]}}],"collection":[{"href":"https:\/\/exaudi.org\/it\/wp-json\/wp\/v2\/posts"}],"about":[{"href":"https:\/\/exaudi.org\/it\/wp-json\/wp\/v2\/types\/post"}],"author":[{"embeddable":true,"href":"https:\/\/exaudi.org\/it\/wp-json\/wp\/v2\/users\/87"}],"replies":[{"embeddable":true,"href":"https:\/\/exaudi.org\/it\/wp-json\/wp\/v2\/comments?post=92457"}],"version-history":[{"count":0,"href":"https:\/\/exaudi.org\/it\/wp-json\/wp\/v2\/posts\/92457\/revisions"}],"wp:featuredmedia":[{"embeddable":true,"href":"https:\/\/exaudi.org\/it\/wp-json\/wp\/v2\/media\/92414"}],"wp:attachment":[{"href":"https:\/\/exaudi.org\/it\/wp-json\/wp\/v2\/media?parent=92457"}],"wp:term":[{"taxonomy":"category","embeddable":true,"href":"https:\/\/exaudi.org\/it\/wp-json\/wp\/v2\/categories?post=92457"},{"taxonomy":"post_tag","embeddable":true,"href":"https:\/\/exaudi.org\/it\/wp-json\/wp\/v2\/tags?post=92457"}],"curies":[{"name":"wp","href":"https:\/\/api.w.org\/{rel}","templated":true}]}}