{"id":92396,"date":"2024-01-17T21:24:43","date_gmt":"2024-01-17T20:24:43","guid":{"rendered":"https:\/\/exaudi.org\/?p=92396"},"modified":"2024-01-17T21:24:43","modified_gmt":"2024-01-17T20:24:43","slug":"la-moralita-nelleconomia-globale-sfide-e-opportunita-al-forum-economico-mondiale","status":"publish","type":"post","link":"https:\/\/exaudi.org\/it\/la-moralita-nelleconomia-globale-sfide-e-opportunita-al-forum-economico-mondiale\/","title":{"rendered":"&#8220;La moralit\u00e0 nell&#8217;economia globale: sfide e opportunit\u00e0 al Forum economico mondiale&#8221;"},"content":{"rendered":"<p>Nel quadro dell&#8217;incontro annuale del World Economic Forum di quest&#8217;anno, ci troviamo di fronte a un panorama globale segnato dall&#8217;instabilit\u00e0 internazionale. Lo scopo fondamentale di questo Forum, guidare e rafforzare la volont\u00e0 politica e la cooperazione reciproca, rappresenta un\u2019opportunit\u00e0 cruciale per le varie parti interessate di esplorare strade innovative ed efficaci con l\u2019obiettivo di costruire un mondo migliore.<\/p>\n<p><strong>Messaggio del Santo Padre<\/strong><\/p>\n<p><i>Al Presidente esecutivo del Forum economico mondiale<\/i><\/p>\n<p>L\u2019incontro del Forum economico mondiale di quest\u2019anno si svolge in un clima molto preoccupante di instabilit\u00e0 internazionale. Il vostro Forum, volto a guidare e a rafforzare la volont\u00e0 politica e la mutua cooperazione, offre un\u2019importante occasione per l\u2019impegno multi partecipativo a esplorare modi innovativi ed efficaci per costruire un mondo migliore. \u00c8 mia speranza che i vostri dibattiti tengano conto dell\u2019urgente bisogno di promuovere la coesione sociale, la fratellanza e la riconciliazione tra gruppi, comunit\u00e0 e Stati, al fine di far fronte alle sfide che abbiamo dinnanzi.<\/p>\n<p>Purtroppo, quando ci guardiamo intorno vediamo un mondo sempre pi\u00f9 lacerato, dove milioni di persone \u2014 uomini, donne, padri, madri, bambini \u2014, i cui volti in gran parte non conosciamo, continuano a soffrire, non ultimo per gli effetti di conflitti prolungati e guerre presenti. Tali sofferenze sono esacerbate dal fatto che \u00able guerre moderne non si svolgono pi\u00f9 solo su campi di battaglia delimitati, n\u00e9 riguardano solamente i soldati. In un contesto in cui sembra non essere osservato pi\u00f9 il discernimento tra obiettivi militari e civili, non c\u2019\u00e8 conflitto che non finisca in qualche modo per colpire indiscriminatamente la popolazione civile\u00bb (<a href=\"https:\/\/www.vatican.va\/content\/francesco\/it\/speeches\/2024\/january\/documents\/20240108-corpo-diplomatico.html\"><i>Discorso ai Membri del Corpo Diplomatico accreditato presso la Santa Sede<\/i><\/a>, 8 gennaio 2024).<\/p>\n<p>La pace a cui anelano i popoli del nostro mondo non pu\u00f2 essere altro che il frutto della giustizia (cfr.\u00a0<i>Isaia\u00a0<\/i>32, 17). Pertanto, esige qualcosa di pi\u00f9 che il semplice mettere da parte gli strumenti di guerra; esige che si affrontino le ingiustizie che sono le cause alla radice del conflitto. Tra quelle pi\u00f9 importanti c\u2019\u00e8 la fame, che continua ad affliggere intere regioni del mondo, mentre altre sono segnate da uno spreco eccessivo di cibo. Lo sfruttamento delle risorse naturali continua ad arricchire pochi, lasciando intere popolazioni, che sono le beneficiarie naturali di tali risorse, in uno stato di indigenza e povert\u00e0. N\u00e9 possiamo ignorare il diffuso sfruttamento di uomini, donne e bambini costretti a lavorare per salari bassi e privati di prospettive reali di progresso personale e di crescita professionale. Com\u2019\u00e8 possibile che nel mondo attuale ci siano ancora persone che muoiono di fame, sfruttate, condannate all\u2019analfabetismo, prive di assistenza sanitaria di base e lasciate senza un riparo?<\/p>\n<p>Il processo di globalizzazione, che ormai ha dimostrato con chiarezza l\u2019interdipendenza delle nazioni e dei popoli del mondo, ha pertanto una dimensione fondamentalmente morale, che deve farsi sentire nei dibattiti economici, culturali, politici e religiosi volti a modellare il futuro della comunit\u00e0 internazionale. In un mondo sempre pi\u00f9 minacciato dalla violenza, dall\u2019aggressione e dalla frammentazione, \u00e8 essenziale che Stati e imprese si uniscano nel promuovere modelli di globalizzazione lungimiranti ed eticamente sani, che per loro stessa natura devono comportare la subordinazione della ricerca di potere e di guadagno individuale, sia esso politico o economico, al bene comune della nostra famiglia umana, dando priorit\u00e0 ai poveri, ai bisognosi e a quanti si trovano in situazioni di maggiore vulnerabilit\u00e0.<\/p>\n<p>Da parte sua, il mondo degli affari e della finanza ora opera in contesti ancora pi\u00f9 ampi, dove gli Stati nazionali hanno una capacit\u00e0 limitata di controllare cambiamenti rapidi nelle relazioni economiche e finanziarie internazionali. La situazione esige che le imprese stesse siano sempre pi\u00f9 guidate non semplicemente dalla ricerca di un giusto profitto, ma anche da standard etici elevati, in particolare per quanto riguarda i Paesi meno sviluppati, che non dovrebbero essere alla merc\u00e9 di sistemi finanziari ingiusti o usurari. Un approccio lungimirante a tali questioni si dimostrer\u00e0 decisivo per raggiungere l\u2019obiettivo di uno sviluppo integrale dell\u2019umanit\u00e0 nella solidariet\u00e0. Lo sviluppo autentico deve essere globale, condiviso da tutte le nazioni e in ogni parte del mondo, oppure regredir\u00e0 anche in zone finora caratterizzate da un progresso costante.<\/p>\n<p>Al tempo stesso c\u2019\u00e8 un bisogno evidente di un\u2019azione politica internazionale che, attraverso l\u2019adozione di misure coordinate, possa perseguire in modo efficace gli obiettivi della pace globale e dello sviluppo autentico. In particolare, \u00e8 importante che le strutture intergovernative possano svolgere con efficacia le loro funzioni di controllo e guida nel settore economico, poich\u00e9 il conseguimento del bene comune \u00e8 un obiettivo al di l\u00e0 della portata dei singoli Stati, pure di quelli che sono dominanti in termini di potere, ricchezza e forza politica. Anche le organizzazioni internazionali sono sfidate ad assicurare il raggiungimento di quell\u2019uguaglianza che \u00e8 la base del diritto di tutti a partecipare al processo di pieno sviluppo, con il dovuto rispetto delle legittime differenze.<\/p>\n<p>Confido pertanto che i partecipanti al Forum di quest\u2019anno siano consapevoli della responsabilit\u00e0 morale di ognuno di noi nella lotta contro la povert\u00e0, nel raggiungimento di uno sviluppo integrale per tutti i nostri fratelli e sorelle e nella ricerca di una pacifica coesistenza tra i popoli. \u00c8 questa la grande sfida che il presente ci pone dinanzi. E se, nel perseguire questi obiettivi \u00abla storia sta dando segni di un ritorno all\u2019indietro\u00bb, \u00e8 pur vero che \u00abogni generazione deve far proprie le lotte e le conquiste delle generazioni precedenti e condurle a mete ancora pi\u00f9 alte. [&#8230;] Il bene, come anche l\u2019amore, la giustizia e la solidariet\u00e0, non si raggiungono una volta per sempre; vanno conquistati ogni giorno\u00bb (Esortazione apostolica\u00a0<i><a href=\"https:\/\/www.vatican.va\/content\/francesco\/it\/apost_exhortations\/documents\/20231004-laudate-deum.html#34\">Laudate Deum<\/a><\/i>, n. 34).<\/p>\n<p>Con questi sentimenti, offro i miei oranti buoni auspici per le deliberazioni del Forum, e invoco volentieri su tutti i partecipanti un\u2019abbondanza di benedizioni divine.<\/p>\n<p><i>Dal Vaticano, 15 gennaio 2024<\/i><\/p>\n<p>FRANCESCO<\/p>\n<p>_______________________________<\/p>\n<p><i>L&#8217;Osservatore Romano<\/i>,\u00a0Anno CLXIV n. 13,\u00a0mercoled\u00ec 17 gennaio 2024, p. 5.<\/p>\n","protected":false},"excerpt":{"rendered":"<p>Messaggio del Santo Padre al World Economic Forum 2024<\/p>\n","protected":false},"author":17,"featured_media":92397,"comment_status":"closed","ping_status":"closed","sticky":false,"template":"","format":"standard","meta":{"_acf_changed":false,"_crdt_document":"","inline_featured_image":false,"footnotes":""},"categories":[67,117],"tags":[251,4952],"class_list":["post-92396","post","type-post","status-publish","format-standard","has-post-thumbnail","hentry","category-leone-xiv","category-messaggi","tag-papa-francesco","tag-trending-it"],"acf":[],"yoast_head":"<!-- This site is optimized with the Yoast SEO plugin v27.4 - https:\/\/yoast.com\/product\/yoast-seo-wordpress\/ -->\n<title>&quot;La moralit\u00e0 nell&#039;economia globale: sfide e opportunit\u00e0 al Forum economico mondiale&quot; &#8211; Exaudi<\/title>\n<meta name=\"robots\" content=\"index, follow, max-snippet:-1, max-image-preview:large, max-video-preview:-1\" \/>\n<link rel=\"canonical\" href=\"https:\/\/exaudi.org\/it\/la-moralita-nelleconomia-globale-sfide-e-opportunita-al-forum-economico-mondiale\/\" \/>\n<meta property=\"og:locale\" content=\"it_IT\" \/>\n<meta property=\"og:type\" content=\"article\" \/>\n<meta property=\"og:title\" content=\"&quot;La moralit\u00e0 nell&#039;economia globale: sfide e opportunit\u00e0 al Forum economico mondiale&quot; &#8211; Exaudi\" \/>\n<meta property=\"og:description\" content=\"Messaggio del Santo Padre al World Economic Forum 2024\" \/>\n<meta property=\"og:url\" content=\"https:\/\/exaudi.org\/it\/la-moralita-nelleconomia-globale-sfide-e-opportunita-al-forum-economico-mondiale\/\" \/>\n<meta property=\"og:site_name\" content=\"Exaudi\" \/>\n<meta property=\"article:publisher\" content=\"https:\/\/www.facebook.com\/ExaudiNews\" \/>\n<meta property=\"article:author\" content=\"https:\/\/www.facebook.com\/ExaudiNotizie\/\" \/>\n<meta property=\"article:published_time\" content=\"2024-01-17T20:24:43+00:00\" \/>\n<meta property=\"og:image\" content=\"https:\/\/exaudi.org\/wp-content\/uploads\/2024\/01\/107359508-1705415705134-gettyimages-1928807341-DAVOS_WEF_2024.webp\" \/>\n\t<meta property=\"og:image:width\" content=\"740\" \/>\n\t<meta property=\"og:image:height\" content=\"416\" \/>\n\t<meta property=\"og:image:type\" content=\"image\/webp\" \/>\n<meta name=\"author\" content=\"Exaudi Redazione\" \/>\n<meta name=\"twitter:card\" content=\"summary_large_image\" \/>\n<meta name=\"twitter:creator\" content=\"@Exaudi_Notizie\" \/>\n<meta name=\"twitter:site\" content=\"@Exaudi_News\" \/>\n<meta name=\"twitter:label1\" content=\"Scritto da\" \/>\n\t<meta name=\"twitter:data1\" content=\"Exaudi Redazione\" \/>\n\t<meta name=\"twitter:label2\" content=\"Tempo di lettura stimato\" \/>\n\t<meta name=\"twitter:data2\" content=\"5 minuti\" \/>\n<script type=\"application\/ld+json\" class=\"yoast-schema-graph\">{\"@context\":\"https:\\\/\\\/schema.org\",\"@graph\":[{\"@type\":\"Article\",\"@id\":\"https:\\\/\\\/exaudi.org\\\/it\\\/la-moralita-nelleconomia-globale-sfide-e-opportunita-al-forum-economico-mondiale\\\/#article\",\"isPartOf\":{\"@id\":\"https:\\\/\\\/exaudi.org\\\/it\\\/la-moralita-nelleconomia-globale-sfide-e-opportunita-al-forum-economico-mondiale\\\/\"},\"author\":{\"name\":\"Exaudi Redazione\",\"@id\":\"https:\\\/\\\/exaudi.org\\\/#\\\/schema\\\/person\\\/e1ab6ed07c01774724dd96f925f3a5f0\"},\"headline\":\"&#8220;La moralit\u00e0 nell&#8217;economia globale: sfide e opportunit\u00e0 al Forum economico mondiale&#8221;\",\"datePublished\":\"2024-01-17T20:24:43+00:00\",\"mainEntityOfPage\":{\"@id\":\"https:\\\/\\\/exaudi.org\\\/it\\\/la-moralita-nelleconomia-globale-sfide-e-opportunita-al-forum-economico-mondiale\\\/\"},\"wordCount\":976,\"image\":{\"@id\":\"https:\\\/\\\/exaudi.org\\\/it\\\/la-moralita-nelleconomia-globale-sfide-e-opportunita-al-forum-economico-mondiale\\\/#primaryimage\"},\"thumbnailUrl\":\"https:\\\/\\\/exaudi.org\\\/wp-content\\\/uploads\\\/2024\\\/01\\\/107359508-1705415705134-gettyimages-1928807341-DAVOS_WEF_2024.webp\",\"keywords\":[\"Papa Francesco\",\"Trending\"],\"articleSection\":[\"Leone XIV\",\"Messaggi\"],\"inLanguage\":\"it-IT\"},{\"@type\":\"WebPage\",\"@id\":\"https:\\\/\\\/exaudi.org\\\/it\\\/la-moralita-nelleconomia-globale-sfide-e-opportunita-al-forum-economico-mondiale\\\/\",\"url\":\"https:\\\/\\\/exaudi.org\\\/it\\\/la-moralita-nelleconomia-globale-sfide-e-opportunita-al-forum-economico-mondiale\\\/\",\"name\":\"\\\"La moralit\u00e0 nell'economia globale: sfide e opportunit\u00e0 al Forum economico mondiale\\\" &#8211; Exaudi\",\"isPartOf\":{\"@id\":\"https:\\\/\\\/exaudi.org\\\/#website\"},\"primaryImageOfPage\":{\"@id\":\"https:\\\/\\\/exaudi.org\\\/it\\\/la-moralita-nelleconomia-globale-sfide-e-opportunita-al-forum-economico-mondiale\\\/#primaryimage\"},\"image\":{\"@id\":\"https:\\\/\\\/exaudi.org\\\/it\\\/la-moralita-nelleconomia-globale-sfide-e-opportunita-al-forum-economico-mondiale\\\/#primaryimage\"},\"thumbnailUrl\":\"https:\\\/\\\/exaudi.org\\\/wp-content\\\/uploads\\\/2024\\\/01\\\/107359508-1705415705134-gettyimages-1928807341-DAVOS_WEF_2024.webp\",\"datePublished\":\"2024-01-17T20:24:43+00:00\",\"author\":{\"@id\":\"https:\\\/\\\/exaudi.org\\\/#\\\/schema\\\/person\\\/e1ab6ed07c01774724dd96f925f3a5f0\"},\"breadcrumb\":{\"@id\":\"https:\\\/\\\/exaudi.org\\\/it\\\/la-moralita-nelleconomia-globale-sfide-e-opportunita-al-forum-economico-mondiale\\\/#breadcrumb\"},\"inLanguage\":\"it-IT\",\"potentialAction\":[{\"@type\":\"ReadAction\",\"target\":[\"https:\\\/\\\/exaudi.org\\\/it\\\/la-moralita-nelleconomia-globale-sfide-e-opportunita-al-forum-economico-mondiale\\\/\"]}]},{\"@type\":\"ImageObject\",\"inLanguage\":\"it-IT\",\"@id\":\"https:\\\/\\\/exaudi.org\\\/it\\\/la-moralita-nelleconomia-globale-sfide-e-opportunita-al-forum-economico-mondiale\\\/#primaryimage\",\"url\":\"https:\\\/\\\/exaudi.org\\\/wp-content\\\/uploads\\\/2024\\\/01\\\/107359508-1705415705134-gettyimages-1928807341-DAVOS_WEF_2024.webp\",\"contentUrl\":\"https:\\\/\\\/exaudi.org\\\/wp-content\\\/uploads\\\/2024\\\/01\\\/107359508-1705415705134-gettyimages-1928807341-DAVOS_WEF_2024.webp\",\"width\":740,\"height\":416,\"caption\":\"CNBC\"},{\"@type\":\"BreadcrumbList\",\"@id\":\"https:\\\/\\\/exaudi.org\\\/it\\\/la-moralita-nelleconomia-globale-sfide-e-opportunita-al-forum-economico-mondiale\\\/#breadcrumb\",\"itemListElement\":[{\"@type\":\"ListItem\",\"position\":1,\"name\":\"Portada\",\"item\":\"https:\\\/\\\/exaudi.org\\\/it\\\/\"},{\"@type\":\"ListItem\",\"position\":2,\"name\":\"&#8220;La moralit\u00e0 nell&#8217;economia globale: sfide e opportunit\u00e0 al Forum economico mondiale&#8221;\"}]},{\"@type\":\"WebSite\",\"@id\":\"https:\\\/\\\/exaudi.org\\\/#website\",\"url\":\"https:\\\/\\\/exaudi.org\\\/\",\"name\":\"Exaudi\",\"description\":\"News\",\"potentialAction\":[{\"@type\":\"SearchAction\",\"target\":{\"@type\":\"EntryPoint\",\"urlTemplate\":\"https:\\\/\\\/exaudi.org\\\/?s={search_term_string}\"},\"query-input\":{\"@type\":\"PropertyValueSpecification\",\"valueRequired\":true,\"valueName\":\"search_term_string\"}}],\"inLanguage\":\"it-IT\"},{\"@type\":\"Person\",\"@id\":\"https:\\\/\\\/exaudi.org\\\/#\\\/schema\\\/person\\\/e1ab6ed07c01774724dd96f925f3a5f0\",\"name\":\"Exaudi Redazione\",\"image\":{\"@type\":\"ImageObject\",\"inLanguage\":\"it-IT\",\"@id\":\"https:\\\/\\\/secure.gravatar.com\\\/avatar\\\/ad6774b3ada023bf5b939d64f45c94b3adf91502dd883507d469b4308a943bb3?s=96&d=mm&r=g\",\"url\":\"https:\\\/\\\/secure.gravatar.com\\\/avatar\\\/ad6774b3ada023bf5b939d64f45c94b3adf91502dd883507d469b4308a943bb3?s=96&d=mm&r=g\",\"contentUrl\":\"https:\\\/\\\/secure.gravatar.com\\\/avatar\\\/ad6774b3ada023bf5b939d64f45c94b3adf91502dd883507d469b4308a943bb3?s=96&d=mm&r=g\",\"caption\":\"Exaudi Redazione\"},\"description\":\"Che cosa \u00e8 Exaudi News? Exaudi News \u00e8 un agenzia cattolica internazionale che informa, istruisce e trasforma quotidianamente in spagnolo, inglese e italiano. Attraverso notizie, articoli di analisi e trasmissioni in diretta degli eventi del Papa, Exaudi cerca di rafforzare l'unit\u00e0 dei cristiani e di contribuire all'evangelizzazione del mondo, sempre guidato dalla dottrina sociale della Chiesa. Lavoriamo per portare la verit\u00e0 e i valori cristiani in ogni angolo del pianeta. Aiutaci a trasformare il mondo con Exaudi! Noi di Exaudi crediamo che l'evangelizzazione e l'informazione di qualit\u00e0 possano cambiare la vita. Per continuare la nostra missione ed espandere la nostra portata, abbiamo bisogno del tuo aiuto. Stiamo anche cercando persone motivate che vogliano unirsi al nostro team. Grazie al vostro sostegno raggiungeremo pi\u00f9 persone, diffonderemo il messaggio di Cristo e rafforzeremo l'unit\u00e0 dei cristiani. Vuoi unirti alla nostra missione? Per maggiori informazioni su come contribuire, visita Exaudi.org\\\/it o contattaci direttamente: info@exaudi.org Exaudi: informa, forma e trasforma.\",\"sameAs\":[\"https:\\\/\\\/www.facebook.com\\\/ExaudiNotizie\\\/\",\"https:\\\/\\\/www.instagram.com\\\/Exaudi_notizie\\\/\",\"https:\\\/\\\/x.com\\\/Exaudi_Notizie\",\"https:\\\/\\\/www.youtube.com\\\/@exaudicatholicnews\"],\"url\":\"https:\\\/\\\/exaudi.org\\\/it\\\/author\\\/dlvedi-org\\\/\"}]}<\/script>\n<!-- \/ Yoast SEO plugin. -->","yoast_head_json":{"title":"\"La moralit\u00e0 nell'economia globale: sfide e opportunit\u00e0 al Forum economico mondiale\" &#8211; Exaudi","robots":{"index":"index","follow":"follow","max-snippet":"max-snippet:-1","max-image-preview":"max-image-preview:large","max-video-preview":"max-video-preview:-1"},"canonical":"https:\/\/exaudi.org\/it\/la-moralita-nelleconomia-globale-sfide-e-opportunita-al-forum-economico-mondiale\/","og_locale":"it_IT","og_type":"article","og_title":"\"La moralit\u00e0 nell'economia globale: sfide e opportunit\u00e0 al Forum economico mondiale\" &#8211; Exaudi","og_description":"Messaggio del Santo Padre al World Economic Forum 2024","og_url":"https:\/\/exaudi.org\/it\/la-moralita-nelleconomia-globale-sfide-e-opportunita-al-forum-economico-mondiale\/","og_site_name":"Exaudi","article_publisher":"https:\/\/www.facebook.com\/ExaudiNews","article_author":"https:\/\/www.facebook.com\/ExaudiNotizie\/","article_published_time":"2024-01-17T20:24:43+00:00","og_image":[{"width":740,"height":416,"url":"https:\/\/exaudi.org\/wp-content\/uploads\/2024\/01\/107359508-1705415705134-gettyimages-1928807341-DAVOS_WEF_2024.webp","type":"image\/webp"}],"author":"Exaudi Redazione","twitter_card":"summary_large_image","twitter_creator":"@Exaudi_Notizie","twitter_site":"@Exaudi_News","twitter_misc":{"Scritto da":"Exaudi Redazione","Tempo di lettura stimato":"5 minuti"},"schema":{"@context":"https:\/\/schema.org","@graph":[{"@type":"Article","@id":"https:\/\/exaudi.org\/it\/la-moralita-nelleconomia-globale-sfide-e-opportunita-al-forum-economico-mondiale\/#article","isPartOf":{"@id":"https:\/\/exaudi.org\/it\/la-moralita-nelleconomia-globale-sfide-e-opportunita-al-forum-economico-mondiale\/"},"author":{"name":"Exaudi Redazione","@id":"https:\/\/exaudi.org\/#\/schema\/person\/e1ab6ed07c01774724dd96f925f3a5f0"},"headline":"&#8220;La moralit\u00e0 nell&#8217;economia globale: sfide e opportunit\u00e0 al Forum economico mondiale&#8221;","datePublished":"2024-01-17T20:24:43+00:00","mainEntityOfPage":{"@id":"https:\/\/exaudi.org\/it\/la-moralita-nelleconomia-globale-sfide-e-opportunita-al-forum-economico-mondiale\/"},"wordCount":976,"image":{"@id":"https:\/\/exaudi.org\/it\/la-moralita-nelleconomia-globale-sfide-e-opportunita-al-forum-economico-mondiale\/#primaryimage"},"thumbnailUrl":"https:\/\/exaudi.org\/wp-content\/uploads\/2024\/01\/107359508-1705415705134-gettyimages-1928807341-DAVOS_WEF_2024.webp","keywords":["Papa Francesco","Trending"],"articleSection":["Leone XIV","Messaggi"],"inLanguage":"it-IT"},{"@type":"WebPage","@id":"https:\/\/exaudi.org\/it\/la-moralita-nelleconomia-globale-sfide-e-opportunita-al-forum-economico-mondiale\/","url":"https:\/\/exaudi.org\/it\/la-moralita-nelleconomia-globale-sfide-e-opportunita-al-forum-economico-mondiale\/","name":"\"La moralit\u00e0 nell'economia globale: sfide e opportunit\u00e0 al Forum economico mondiale\" &#8211; Exaudi","isPartOf":{"@id":"https:\/\/exaudi.org\/#website"},"primaryImageOfPage":{"@id":"https:\/\/exaudi.org\/it\/la-moralita-nelleconomia-globale-sfide-e-opportunita-al-forum-economico-mondiale\/#primaryimage"},"image":{"@id":"https:\/\/exaudi.org\/it\/la-moralita-nelleconomia-globale-sfide-e-opportunita-al-forum-economico-mondiale\/#primaryimage"},"thumbnailUrl":"https:\/\/exaudi.org\/wp-content\/uploads\/2024\/01\/107359508-1705415705134-gettyimages-1928807341-DAVOS_WEF_2024.webp","datePublished":"2024-01-17T20:24:43+00:00","author":{"@id":"https:\/\/exaudi.org\/#\/schema\/person\/e1ab6ed07c01774724dd96f925f3a5f0"},"breadcrumb":{"@id":"https:\/\/exaudi.org\/it\/la-moralita-nelleconomia-globale-sfide-e-opportunita-al-forum-economico-mondiale\/#breadcrumb"},"inLanguage":"it-IT","potentialAction":[{"@type":"ReadAction","target":["https:\/\/exaudi.org\/it\/la-moralita-nelleconomia-globale-sfide-e-opportunita-al-forum-economico-mondiale\/"]}]},{"@type":"ImageObject","inLanguage":"it-IT","@id":"https:\/\/exaudi.org\/it\/la-moralita-nelleconomia-globale-sfide-e-opportunita-al-forum-economico-mondiale\/#primaryimage","url":"https:\/\/exaudi.org\/wp-content\/uploads\/2024\/01\/107359508-1705415705134-gettyimages-1928807341-DAVOS_WEF_2024.webp","contentUrl":"https:\/\/exaudi.org\/wp-content\/uploads\/2024\/01\/107359508-1705415705134-gettyimages-1928807341-DAVOS_WEF_2024.webp","width":740,"height":416,"caption":"CNBC"},{"@type":"BreadcrumbList","@id":"https:\/\/exaudi.org\/it\/la-moralita-nelleconomia-globale-sfide-e-opportunita-al-forum-economico-mondiale\/#breadcrumb","itemListElement":[{"@type":"ListItem","position":1,"name":"Portada","item":"https:\/\/exaudi.org\/it\/"},{"@type":"ListItem","position":2,"name":"&#8220;La moralit\u00e0 nell&#8217;economia globale: sfide e opportunit\u00e0 al Forum economico mondiale&#8221;"}]},{"@type":"WebSite","@id":"https:\/\/exaudi.org\/#website","url":"https:\/\/exaudi.org\/","name":"Exaudi","description":"News","potentialAction":[{"@type":"SearchAction","target":{"@type":"EntryPoint","urlTemplate":"https:\/\/exaudi.org\/?s={search_term_string}"},"query-input":{"@type":"PropertyValueSpecification","valueRequired":true,"valueName":"search_term_string"}}],"inLanguage":"it-IT"},{"@type":"Person","@id":"https:\/\/exaudi.org\/#\/schema\/person\/e1ab6ed07c01774724dd96f925f3a5f0","name":"Exaudi Redazione","image":{"@type":"ImageObject","inLanguage":"it-IT","@id":"https:\/\/secure.gravatar.com\/avatar\/ad6774b3ada023bf5b939d64f45c94b3adf91502dd883507d469b4308a943bb3?s=96&d=mm&r=g","url":"https:\/\/secure.gravatar.com\/avatar\/ad6774b3ada023bf5b939d64f45c94b3adf91502dd883507d469b4308a943bb3?s=96&d=mm&r=g","contentUrl":"https:\/\/secure.gravatar.com\/avatar\/ad6774b3ada023bf5b939d64f45c94b3adf91502dd883507d469b4308a943bb3?s=96&d=mm&r=g","caption":"Exaudi Redazione"},"description":"Che cosa \u00e8 Exaudi News? Exaudi News \u00e8 un agenzia cattolica internazionale che informa, istruisce e trasforma quotidianamente in spagnolo, inglese e italiano. Attraverso notizie, articoli di analisi e trasmissioni in diretta degli eventi del Papa, Exaudi cerca di rafforzare l'unit\u00e0 dei cristiani e di contribuire all'evangelizzazione del mondo, sempre guidato dalla dottrina sociale della Chiesa. Lavoriamo per portare la verit\u00e0 e i valori cristiani in ogni angolo del pianeta. Aiutaci a trasformare il mondo con Exaudi! Noi di Exaudi crediamo che l'evangelizzazione e l'informazione di qualit\u00e0 possano cambiare la vita. Per continuare la nostra missione ed espandere la nostra portata, abbiamo bisogno del tuo aiuto. Stiamo anche cercando persone motivate che vogliano unirsi al nostro team. Grazie al vostro sostegno raggiungeremo pi\u00f9 persone, diffonderemo il messaggio di Cristo e rafforzeremo l'unit\u00e0 dei cristiani. Vuoi unirti alla nostra missione? Per maggiori informazioni su come contribuire, visita Exaudi.org\/it o contattaci direttamente: info@exaudi.org Exaudi: informa, forma e trasforma.","sameAs":["https:\/\/www.facebook.com\/ExaudiNotizie\/","https:\/\/www.instagram.com\/Exaudi_notizie\/","https:\/\/x.com\/Exaudi_Notizie","https:\/\/www.youtube.com\/@exaudicatholicnews"],"url":"https:\/\/exaudi.org\/it\/author\/dlvedi-org\/"}]}},"jetpack_featured_media_url":"https:\/\/exaudi.org\/wp-content\/uploads\/2024\/01\/107359508-1705415705134-gettyimages-1928807341-DAVOS_WEF_2024.webp","jetpack_shortlink":"https:\/\/wp.me\/pgKjF2-o2g","_links":{"self":[{"href":"https:\/\/exaudi.org\/it\/wp-json\/wp\/v2\/posts\/92396","targetHints":{"allow":["GET"]}}],"collection":[{"href":"https:\/\/exaudi.org\/it\/wp-json\/wp\/v2\/posts"}],"about":[{"href":"https:\/\/exaudi.org\/it\/wp-json\/wp\/v2\/types\/post"}],"author":[{"embeddable":true,"href":"https:\/\/exaudi.org\/it\/wp-json\/wp\/v2\/users\/17"}],"replies":[{"embeddable":true,"href":"https:\/\/exaudi.org\/it\/wp-json\/wp\/v2\/comments?post=92396"}],"version-history":[{"count":0,"href":"https:\/\/exaudi.org\/it\/wp-json\/wp\/v2\/posts\/92396\/revisions"}],"wp:featuredmedia":[{"embeddable":true,"href":"https:\/\/exaudi.org\/it\/wp-json\/wp\/v2\/media\/92397"}],"wp:attachment":[{"href":"https:\/\/exaudi.org\/it\/wp-json\/wp\/v2\/media?parent=92396"}],"wp:term":[{"taxonomy":"category","embeddable":true,"href":"https:\/\/exaudi.org\/it\/wp-json\/wp\/v2\/categories?post=92396"},{"taxonomy":"post_tag","embeddable":true,"href":"https:\/\/exaudi.org\/it\/wp-json\/wp\/v2\/tags?post=92396"}],"curies":[{"name":"wp","href":"https:\/\/api.w.org\/{rel}","templated":true}]}}