{"id":92333,"date":"2024-01-17T16:25:21","date_gmt":"2024-01-17T15:25:21","guid":{"rendered":"https:\/\/exaudi.org\/?p=92333"},"modified":"2024-01-17T16:25:21","modified_gmt":"2024-01-17T15:25:21","slug":"lo-straordinario-dallordinario","status":"publish","type":"post","link":"https:\/\/exaudi.org\/it\/lo-straordinario-dallordinario\/","title":{"rendered":"Lo straordinario dall&#8217;ordinario"},"content":{"rendered":"<p>Questa settimana \u00e8 stato molto difficile per me decidere l&#8217;argomento di cui scrivere e, anche se pu\u00f2 sembrare una contraddizione, essendo nel tempo &#8211; chiamato ordinario &#8211; se spalanchi gli occhi, intorno a te continuano ad accadere cose straordinarie.<\/p>\n<p>E questo \u00e8 quello che mi \u00e8 successo. Immerso nel ritorno alla benedetta routine, ho avuto molti impatti che sono entrati nel profondo di me.<\/p>\n<p>Riflettendo su questo, ho deciso di scrivere di uno di loro, riservandomi l&#8217;opportunit\u00e0 di scrivere presto di qualcun altro.<\/p>\n<p>Fu l&#8217;incontro con un filosofo del secolo scorso chiamato Manuel Garc\u00eda Morente. \u00c8 incredibile come una persona che non \u00e8 pi\u00f9 in vita possa, attraverso gli altri e i loro scritti, avere un impatto dentro di te. Questo \u00e8 quello che mi \u00e8 successo questa settimana.<\/p>\n<p>Una persona mi ha parlato di lui e della sua lettera \u201cThe Extraordinary Fact\u201d. Ho imparato che quando mi succede qualcosa che non \u00e8 molto appropriato, che non mi aspetto o che \u00e8 fuori dall&#8217;ordinario, pu\u00f2 essere qualcosa di specifico per me. Vale a dire che il Signore lo vuole per qualcosa o per qualcosa.<\/p>\n<p>Sentirsi parlare di questo filosofo e della sua lettera non era quello che ci si aspettava durante una giornata lavorativa. Ma lo hanno fatto, e mentre me lo raccontavano e il suo \u201cfatto straordinario\u201d sapevo che dovevo leggermelo. Mi aveva interrogato.<\/p>\n<p>L&#8217;ho fatto cos\u00ec. L&#8217;ho letto d&#8217;un fiato e ho potuto, grazie alla lettura, ricordare e riflettere sul <strong>mio evento straordinario,<\/strong> <strong>quell&#8217;incontro personale e unico con Dio.<\/strong><\/p>\n<p>Un incontro che ha cambiato tutto senza cambiare nulla. Un incontro che ha cambiato radicalmente il mio modo di guardare e di stare al mondo. Un incontro che, come questo professore di filosofia ed etica degli anni della guerra civile, ha cambiato la mia vita, restituendomi quella libert\u00e0 che io stesso con i miei attaccamenti e affetti disordinati, i miei rispetti umani e la mia cosiddetta \u201cbont\u00e0\u201d mi aveva dato l&#8217;incarico di seppellire.<\/p>\n<p>Nei suoi scritti racconta la sua conversione al suo direttore spirituale. Una conversione che covava da tempo e che culmina in una notte di aprile (non vi dir\u00f2 di pi\u00f9 nel caso voleste leggerla) e cio\u00e8 che Dio ci parla attraverso la nostra vita e gli avvenimenti di essa. Il fatto \u00e8 che di solito siamo ciechi e sordi.<\/p>\n<p>Il professor Garc\u00eda Morente, ateo perch\u00e9 filosofo, fin\u00ec per essere ordinato sacerdote due anni prima di morire. Una storia straordinaria scoperta nel corso ordinario di una giornata lavorativa.<\/p>\n<p>E la vita, in quanto esseri d\u2019incontro quali siamo, \u00e8 piena di incontri (e disaccordi) che ci plasmano e plasmano, costruendo la persona che siamo chiamati a essere. Per mia esperienza, anche una buona lettura pu\u00f2 produrre dentro di te gli effetti di un incontro se \u00e8 capace di aprire il cuore e la comprensione alla trascendenza.<\/p>\n<p>L&#8217;evento straordinario ha avuto l&#8217;effetto in me di poter sentire l&#8217;immensit\u00e0 di Dio e la profonda gratitudine di potermi conoscere come sua figlia amata.<\/p>\n<p>L&#8217;immensit\u00e0, penso che non sia necessario spiegarla e, inoltre, sarebbe molto breve, ma vedere come nelle cose ordinarie della vita, nelle piccole cose si fa presente e ci chiama, mi sembra molto incomprensibile e, la gratitudine per avermi aperto gli occhi e le orecchie. Per avermi dato la mia barella per poter camminare. Per me, senza meritarlo.<\/p>\n<p>Il tempo ordinario o l\u2019ordinario della vita pu\u00f2 comportare il rischio di abituarsi alle cose e di smettere di dare loro importanza. Pu\u00f2 portarci a mettere la nostra giornata in modalit\u00e0 automatica e a smettere di guardare il cielo.<\/p>\n<p>Pertanto, se questo \u00e8 il vostro caso, come \u00e8 stato il mio in questa prima settimana dopo Natale, fermatevi a guardare e non limitatevi a vedere la bellezza di quella routine che ogni giorno vi viene donata. Perch\u00e9 se guardi e ti metti in modalit\u00e0 manuale, puoi scoprire l&#8217;immenso potere di un sorriso.<\/p>\n<p>Avevo bisogno di ritornare alle origini e il Sig. Manuel Garc\u00eda Morente mi ha permesso di ricordare e ripassare nel mio cuore quell&#8217;INCONTRO che ha dato senso alla mia vita.<\/p>\n<p>Chiss\u00e0 per cosa&#8230; insomma, per meglio dire, con la sicurezza di sapere per cosa.<br \/>\n\u200b<\/p>\n","protected":false},"excerpt":{"rendered":"<p>Il mio fatto straordinario, quell&#8217;incontro personale e unico con Dio<\/p>\n","protected":false},"author":129,"featured_media":92176,"comment_status":"closed","ping_status":"closed","sticky":false,"template":"","format":"standard","meta":{"_acf_changed":false,"_crdt_document":"","inline_featured_image":false,"footnotes":""},"categories":[129],"tags":[11198,7626,2487,12243,4469,12244,11316],"class_list":["post-92333","post","type-post","status-publish","format-standard","has-post-thumbnail","hentry","category-voci","tag-dio","tag-featured-it","tag-featured-3","tag-il-fatto-straordinario","tag-incontro","tag-manuel-garcia-morente-2","tag-marta-luquero-2"],"acf":[],"yoast_head":"<!-- This site is optimized with the Yoast SEO plugin v27.5 - https:\/\/yoast.com\/product\/yoast-seo-wordpress\/ -->\n<title>Lo straordinario dall&#039;ordinario &#8211; Exaudi<\/title>\n<meta name=\"robots\" content=\"index, follow, max-snippet:-1, max-image-preview:large, max-video-preview:-1\" \/>\n<link rel=\"canonical\" href=\"https:\/\/exaudi.org\/it\/lo-straordinario-dallordinario\/\" \/>\n<meta property=\"og:locale\" content=\"it_IT\" \/>\n<meta property=\"og:type\" content=\"article\" \/>\n<meta property=\"og:title\" content=\"Lo straordinario dall&#039;ordinario &#8211; Exaudi\" \/>\n<meta property=\"og:description\" content=\"Il mio fatto straordinario, quell&#039;incontro personale e unico con Dio\" \/>\n<meta property=\"og:url\" content=\"https:\/\/exaudi.org\/it\/lo-straordinario-dallordinario\/\" \/>\n<meta property=\"og:site_name\" content=\"Exaudi\" \/>\n<meta property=\"article:publisher\" content=\"https:\/\/www.facebook.com\/ExaudiNews\" \/>\n<meta property=\"article:published_time\" content=\"2024-01-17T15:25:21+00:00\" \/>\n<meta property=\"og:image\" content=\"https:\/\/exaudi.org\/wp-content\/uploads\/2024\/01\/pexels-musa-ortac-19737493-scaled.jpg\" \/>\n\t<meta property=\"og:image:width\" content=\"1707\" \/>\n\t<meta property=\"og:image:height\" content=\"2560\" \/>\n\t<meta property=\"og:image:type\" content=\"image\/jpeg\" \/>\n<meta name=\"author\" content=\"Marta Luquero\" \/>\n<meta name=\"twitter:card\" content=\"summary_large_image\" \/>\n<meta name=\"twitter:creator\" content=\"@Exaudi_News\" \/>\n<meta name=\"twitter:site\" content=\"@Exaudi_News\" \/>\n<meta name=\"twitter:label1\" content=\"Scritto da\" \/>\n\t<meta name=\"twitter:data1\" content=\"Marta Luquero\" \/>\n\t<meta name=\"twitter:label2\" content=\"Tempo di lettura stimato\" \/>\n\t<meta name=\"twitter:data2\" content=\"3 minuti\" \/>\n<script type=\"application\/ld+json\" class=\"yoast-schema-graph\">{\"@context\":\"https:\\\/\\\/schema.org\",\"@graph\":[{\"@type\":\"Article\",\"@id\":\"https:\\\/\\\/exaudi.org\\\/it\\\/lo-straordinario-dallordinario\\\/#article\",\"isPartOf\":{\"@id\":\"https:\\\/\\\/exaudi.org\\\/it\\\/lo-straordinario-dallordinario\\\/\"},\"author\":{\"name\":\"Marta Luquero\",\"@id\":\"https:\\\/\\\/exaudi.org\\\/#\\\/schema\\\/person\\\/593e679cdac2ac955cdf94fd77952021\"},\"headline\":\"Lo straordinario dall&#8217;ordinario\",\"datePublished\":\"2024-01-17T15:25:21+00:00\",\"mainEntityOfPage\":{\"@id\":\"https:\\\/\\\/exaudi.org\\\/it\\\/lo-straordinario-dallordinario\\\/\"},\"wordCount\":695,\"image\":{\"@id\":\"https:\\\/\\\/exaudi.org\\\/it\\\/lo-straordinario-dallordinario\\\/#primaryimage\"},\"thumbnailUrl\":\"https:\\\/\\\/exaudi.org\\\/wp-content\\\/uploads\\\/2024\\\/01\\\/pexels-musa-ortac-19737493-scaled.jpg\",\"keywords\":[\"DIO\",\"Featured\",\"Featured\",\"IL FATTO STRAORDINARIO\",\"incontro\",\"MANUEL GARC\u00cdA MORENTE\",\"MARTA LUQUERO\"],\"articleSection\":[\"Voci\"],\"inLanguage\":\"it-IT\"},{\"@type\":\"WebPage\",\"@id\":\"https:\\\/\\\/exaudi.org\\\/it\\\/lo-straordinario-dallordinario\\\/\",\"url\":\"https:\\\/\\\/exaudi.org\\\/it\\\/lo-straordinario-dallordinario\\\/\",\"name\":\"Lo straordinario dall'ordinario &#8211; Exaudi\",\"isPartOf\":{\"@id\":\"https:\\\/\\\/exaudi.org\\\/#website\"},\"primaryImageOfPage\":{\"@id\":\"https:\\\/\\\/exaudi.org\\\/it\\\/lo-straordinario-dallordinario\\\/#primaryimage\"},\"image\":{\"@id\":\"https:\\\/\\\/exaudi.org\\\/it\\\/lo-straordinario-dallordinario\\\/#primaryimage\"},\"thumbnailUrl\":\"https:\\\/\\\/exaudi.org\\\/wp-content\\\/uploads\\\/2024\\\/01\\\/pexels-musa-ortac-19737493-scaled.jpg\",\"datePublished\":\"2024-01-17T15:25:21+00:00\",\"author\":{\"@id\":\"https:\\\/\\\/exaudi.org\\\/#\\\/schema\\\/person\\\/593e679cdac2ac955cdf94fd77952021\"},\"breadcrumb\":{\"@id\":\"https:\\\/\\\/exaudi.org\\\/it\\\/lo-straordinario-dallordinario\\\/#breadcrumb\"},\"inLanguage\":\"it-IT\",\"potentialAction\":[{\"@type\":\"ReadAction\",\"target\":[\"https:\\\/\\\/exaudi.org\\\/it\\\/lo-straordinario-dallordinario\\\/\"]}]},{\"@type\":\"ImageObject\",\"inLanguage\":\"it-IT\",\"@id\":\"https:\\\/\\\/exaudi.org\\\/it\\\/lo-straordinario-dallordinario\\\/#primaryimage\",\"url\":\"https:\\\/\\\/exaudi.org\\\/wp-content\\\/uploads\\\/2024\\\/01\\\/pexels-musa-ortac-19737493-scaled.jpg\",\"contentUrl\":\"https:\\\/\\\/exaudi.org\\\/wp-content\\\/uploads\\\/2024\\\/01\\\/pexels-musa-ortac-19737493-scaled.jpg\",\"width\":1707,\"height\":2560},{\"@type\":\"BreadcrumbList\",\"@id\":\"https:\\\/\\\/exaudi.org\\\/it\\\/lo-straordinario-dallordinario\\\/#breadcrumb\",\"itemListElement\":[{\"@type\":\"ListItem\",\"position\":1,\"name\":\"Portada\",\"item\":\"https:\\\/\\\/exaudi.org\\\/it\\\/\"},{\"@type\":\"ListItem\",\"position\":2,\"name\":\"Lo straordinario dall&#8217;ordinario\"}]},{\"@type\":\"WebSite\",\"@id\":\"https:\\\/\\\/exaudi.org\\\/#website\",\"url\":\"https:\\\/\\\/exaudi.org\\\/\",\"name\":\"Exaudi\",\"description\":\"News\",\"potentialAction\":[{\"@type\":\"SearchAction\",\"target\":{\"@type\":\"EntryPoint\",\"urlTemplate\":\"https:\\\/\\\/exaudi.org\\\/?s={search_term_string}\"},\"query-input\":{\"@type\":\"PropertyValueSpecification\",\"valueRequired\":true,\"valueName\":\"search_term_string\"}}],\"inLanguage\":\"it-IT\"},{\"@type\":\"Person\",\"@id\":\"https:\\\/\\\/exaudi.org\\\/#\\\/schema\\\/person\\\/593e679cdac2ac955cdf94fd77952021\",\"name\":\"Marta Luquero\",\"image\":{\"@type\":\"ImageObject\",\"inLanguage\":\"it-IT\",\"@id\":\"https:\\\/\\\/secure.gravatar.com\\\/avatar\\\/4d835dde3204f153d4491cc82848d12bcb03055a2dff4ded8a8746c59d626537?s=96&d=mm&r=g\",\"url\":\"https:\\\/\\\/secure.gravatar.com\\\/avatar\\\/4d835dde3204f153d4491cc82848d12bcb03055a2dff4ded8a8746c59d626537?s=96&d=mm&r=g\",\"contentUrl\":\"https:\\\/\\\/secure.gravatar.com\\\/avatar\\\/4d835dde3204f153d4491cc82848d12bcb03055a2dff4ded8a8746c59d626537?s=96&d=mm&r=g\",\"caption\":\"Marta Luquero\"},\"description\":\"@sencillamentemarta Nacida en Madrid, soy madre de dos hijos. Licenciada en Derecho por la Universidad Complutense de Madrid, actualmente estoy cursando un m\u00e1ster en Humanidades. Apasionada de las personas y de una buena conversaci\u00f3n, hace a\u00f1os mi vida dio un giro de 180 grados cuando comprend\u00ed e hice experiencia de la necesidad vital de acompa\u00f1ar y ser acompa\u00f1ada. Trabajo en el mundo acad\u00e9mico, en una universidad cat\u00f3lica acompa\u00f1ando a j\u00f3venes en su camino universitario donde cada d\u00eda hago m\u00eda la necesidad del arte de recomenzar, y donde he reconectado con lo que significa ser universitario y el valor que tienen las grandes preguntas. Cada d\u00eda pongo intenci\u00f3n en mirar la realidad con atenci\u00f3n para no solo ver y soy firme defensora de las peque\u00f1as cosas hechas con amor.\",\"sameAs\":[\"https:\\\/\\\/www.instagram.com\\\/sencillamentemarta\\\/\"],\"url\":\"https:\\\/\\\/exaudi.org\\\/it\\\/author\\\/marta-luquero\\\/\"}]}<\/script>\n<!-- \/ Yoast SEO plugin. -->","yoast_head_json":{"title":"Lo straordinario dall'ordinario &#8211; Exaudi","robots":{"index":"index","follow":"follow","max-snippet":"max-snippet:-1","max-image-preview":"max-image-preview:large","max-video-preview":"max-video-preview:-1"},"canonical":"https:\/\/exaudi.org\/it\/lo-straordinario-dallordinario\/","og_locale":"it_IT","og_type":"article","og_title":"Lo straordinario dall'ordinario &#8211; Exaudi","og_description":"Il mio fatto straordinario, quell'incontro personale e unico con Dio","og_url":"https:\/\/exaudi.org\/it\/lo-straordinario-dallordinario\/","og_site_name":"Exaudi","article_publisher":"https:\/\/www.facebook.com\/ExaudiNews","article_published_time":"2024-01-17T15:25:21+00:00","og_image":[{"width":1707,"height":2560,"url":"https:\/\/exaudi.org\/wp-content\/uploads\/2024\/01\/pexels-musa-ortac-19737493-scaled.jpg","type":"image\/jpeg"}],"author":"Marta Luquero","twitter_card":"summary_large_image","twitter_creator":"@Exaudi_News","twitter_site":"@Exaudi_News","twitter_misc":{"Scritto da":"Marta Luquero","Tempo di lettura stimato":"3 minuti"},"schema":{"@context":"https:\/\/schema.org","@graph":[{"@type":"Article","@id":"https:\/\/exaudi.org\/it\/lo-straordinario-dallordinario\/#article","isPartOf":{"@id":"https:\/\/exaudi.org\/it\/lo-straordinario-dallordinario\/"},"author":{"name":"Marta Luquero","@id":"https:\/\/exaudi.org\/#\/schema\/person\/593e679cdac2ac955cdf94fd77952021"},"headline":"Lo straordinario dall&#8217;ordinario","datePublished":"2024-01-17T15:25:21+00:00","mainEntityOfPage":{"@id":"https:\/\/exaudi.org\/it\/lo-straordinario-dallordinario\/"},"wordCount":695,"image":{"@id":"https:\/\/exaudi.org\/it\/lo-straordinario-dallordinario\/#primaryimage"},"thumbnailUrl":"https:\/\/exaudi.org\/wp-content\/uploads\/2024\/01\/pexels-musa-ortac-19737493-scaled.jpg","keywords":["DIO","Featured","Featured","IL FATTO STRAORDINARIO","incontro","MANUEL GARC\u00cdA MORENTE","MARTA LUQUERO"],"articleSection":["Voci"],"inLanguage":"it-IT"},{"@type":"WebPage","@id":"https:\/\/exaudi.org\/it\/lo-straordinario-dallordinario\/","url":"https:\/\/exaudi.org\/it\/lo-straordinario-dallordinario\/","name":"Lo straordinario dall'ordinario &#8211; Exaudi","isPartOf":{"@id":"https:\/\/exaudi.org\/#website"},"primaryImageOfPage":{"@id":"https:\/\/exaudi.org\/it\/lo-straordinario-dallordinario\/#primaryimage"},"image":{"@id":"https:\/\/exaudi.org\/it\/lo-straordinario-dallordinario\/#primaryimage"},"thumbnailUrl":"https:\/\/exaudi.org\/wp-content\/uploads\/2024\/01\/pexels-musa-ortac-19737493-scaled.jpg","datePublished":"2024-01-17T15:25:21+00:00","author":{"@id":"https:\/\/exaudi.org\/#\/schema\/person\/593e679cdac2ac955cdf94fd77952021"},"breadcrumb":{"@id":"https:\/\/exaudi.org\/it\/lo-straordinario-dallordinario\/#breadcrumb"},"inLanguage":"it-IT","potentialAction":[{"@type":"ReadAction","target":["https:\/\/exaudi.org\/it\/lo-straordinario-dallordinario\/"]}]},{"@type":"ImageObject","inLanguage":"it-IT","@id":"https:\/\/exaudi.org\/it\/lo-straordinario-dallordinario\/#primaryimage","url":"https:\/\/exaudi.org\/wp-content\/uploads\/2024\/01\/pexels-musa-ortac-19737493-scaled.jpg","contentUrl":"https:\/\/exaudi.org\/wp-content\/uploads\/2024\/01\/pexels-musa-ortac-19737493-scaled.jpg","width":1707,"height":2560},{"@type":"BreadcrumbList","@id":"https:\/\/exaudi.org\/it\/lo-straordinario-dallordinario\/#breadcrumb","itemListElement":[{"@type":"ListItem","position":1,"name":"Portada","item":"https:\/\/exaudi.org\/it\/"},{"@type":"ListItem","position":2,"name":"Lo straordinario dall&#8217;ordinario"}]},{"@type":"WebSite","@id":"https:\/\/exaudi.org\/#website","url":"https:\/\/exaudi.org\/","name":"Exaudi","description":"News","potentialAction":[{"@type":"SearchAction","target":{"@type":"EntryPoint","urlTemplate":"https:\/\/exaudi.org\/?s={search_term_string}"},"query-input":{"@type":"PropertyValueSpecification","valueRequired":true,"valueName":"search_term_string"}}],"inLanguage":"it-IT"},{"@type":"Person","@id":"https:\/\/exaudi.org\/#\/schema\/person\/593e679cdac2ac955cdf94fd77952021","name":"Marta Luquero","image":{"@type":"ImageObject","inLanguage":"it-IT","@id":"https:\/\/secure.gravatar.com\/avatar\/4d835dde3204f153d4491cc82848d12bcb03055a2dff4ded8a8746c59d626537?s=96&d=mm&r=g","url":"https:\/\/secure.gravatar.com\/avatar\/4d835dde3204f153d4491cc82848d12bcb03055a2dff4ded8a8746c59d626537?s=96&d=mm&r=g","contentUrl":"https:\/\/secure.gravatar.com\/avatar\/4d835dde3204f153d4491cc82848d12bcb03055a2dff4ded8a8746c59d626537?s=96&d=mm&r=g","caption":"Marta Luquero"},"description":"@sencillamentemarta Nacida en Madrid, soy madre de dos hijos. Licenciada en Derecho por la Universidad Complutense de Madrid, actualmente estoy cursando un m\u00e1ster en Humanidades. Apasionada de las personas y de una buena conversaci\u00f3n, hace a\u00f1os mi vida dio un giro de 180 grados cuando comprend\u00ed e hice experiencia de la necesidad vital de acompa\u00f1ar y ser acompa\u00f1ada. Trabajo en el mundo acad\u00e9mico, en una universidad cat\u00f3lica acompa\u00f1ando a j\u00f3venes en su camino universitario donde cada d\u00eda hago m\u00eda la necesidad del arte de recomenzar, y donde he reconectado con lo que significa ser universitario y el valor que tienen las grandes preguntas. Cada d\u00eda pongo intenci\u00f3n en mirar la realidad con atenci\u00f3n para no solo ver y soy firme defensora de las peque\u00f1as cosas hechas con amor.","sameAs":["https:\/\/www.instagram.com\/sencillamentemarta\/"],"url":"https:\/\/exaudi.org\/it\/author\/marta-luquero\/"}]}},"jetpack_featured_media_url":"https:\/\/exaudi.org\/wp-content\/uploads\/2024\/01\/pexels-musa-ortac-19737493-scaled.jpg","jetpack_shortlink":"https:\/\/wp.me\/pgKjF2-o1f","_links":{"self":[{"href":"https:\/\/exaudi.org\/it\/wp-json\/wp\/v2\/posts\/92333","targetHints":{"allow":["GET"]}}],"collection":[{"href":"https:\/\/exaudi.org\/it\/wp-json\/wp\/v2\/posts"}],"about":[{"href":"https:\/\/exaudi.org\/it\/wp-json\/wp\/v2\/types\/post"}],"author":[{"embeddable":true,"href":"https:\/\/exaudi.org\/it\/wp-json\/wp\/v2\/users\/129"}],"replies":[{"embeddable":true,"href":"https:\/\/exaudi.org\/it\/wp-json\/wp\/v2\/comments?post=92333"}],"version-history":[{"count":0,"href":"https:\/\/exaudi.org\/it\/wp-json\/wp\/v2\/posts\/92333\/revisions"}],"wp:featuredmedia":[{"embeddable":true,"href":"https:\/\/exaudi.org\/it\/wp-json\/wp\/v2\/media\/92176"}],"wp:attachment":[{"href":"https:\/\/exaudi.org\/it\/wp-json\/wp\/v2\/media?parent=92333"}],"wp:term":[{"taxonomy":"category","embeddable":true,"href":"https:\/\/exaudi.org\/it\/wp-json\/wp\/v2\/categories?post=92333"},{"taxonomy":"post_tag","embeddable":true,"href":"https:\/\/exaudi.org\/it\/wp-json\/wp\/v2\/tags?post=92333"}],"curies":[{"name":"wp","href":"https:\/\/api.w.org\/{rel}","templated":true}]}}