{"id":92326,"date":"2024-01-16T17:41:46","date_gmt":"2024-01-16T16:41:46","guid":{"rendered":"https:\/\/exaudi.org\/?p=92326"},"modified":"2024-01-17T16:24:37","modified_gmt":"2024-01-17T15:24:37","slug":"la-conoscenza-e-latteggiamento-del-manager-nei-confronti-dei-beni-materiali","status":"publish","type":"post","link":"https:\/\/exaudi.org\/it\/la-conoscenza-e-latteggiamento-del-manager-nei-confronti-dei-beni-materiali\/","title":{"rendered":"La conoscenza e l&#8217;atteggiamento del manager nei confronti dei beni materiali"},"content":{"rendered":"<p>Poich\u00e9 le persone si riconoscono dalle loro azioni, un modo per riconoscersi o conoscere gli altri \u00e8 osservare il loro atteggiamento nei confronti dei beni materiali. Nei bambini piccoli, ci\u00f2 che osserviamo frequentemente \u00e8 che non vogliono condividere la cioccolata o i biscotti; che pretendono che gli venga servito pi\u00f9 di un dessert. E molte volte questo atteggiamento \u00e8 proiettato anche dagli adulti.<\/p>\n<p>Se si tratta di una distribuzione di profitti, nessuno vuole ricevere di meno favorendo gli altri; pochissimi sono disposti a sostenere con risorse proprie una spesa aziendale, anche se di piccola entit\u00e0; oppure la mancia data al ristorante \u00e8 piccola. In questi piccoli gesti agiamo come se l\u2019evento ci impoverisse notevolmente. Certo, c&#8217;\u00e8 chi sostiene che una persona riesce ad accumulare una fortuna solo quando fa attenzione alle piccole spese.<\/p>\n<p>La mia intenzione non \u00e8 in nessun caso quella di incoraggiare lo spreco di risorse, ma cercare di chiarire a ciascuno di noi se siamo noi i proprietari dei beni materiali, o se piuttosto sono i beni materiali a possederci. Solo chi \u00e8 capace di avere un bene materiale pu\u00f2 dirsi signore e proprietario di esso. Con il tempo succede la stessa cosa: solo chi sa donare il proprio tempo ad una causa \u00e8 padrone del proprio tempo o della propria vita, che \u00e8 la stessa cosa.<\/p>\n<p>C\u2019\u00e8 una storia che ho letto molto tempo fa che pu\u00f2 aiutarci ad avere un\u2019idea corretta di questa gestione dei beni materiali. La storia racconta che c&#8217;era un mendicante che chiedeva l&#8217;elemosina accanto ad un&#8217;ampia strada dove circolavano carrozze con personaggi importanti. Il mendicante era sul ciglio della strada e all&#8217;improvviso vide che una carrozza si stava dirigendo verso il punto in cui si trovava. Il suo spirito cominci\u00f2 a diventare inquieto mentre osservava il movimento della carrozza. Questo, ogni volta, gli si avvicinava; e il culmine della sua eccitazione arriv\u00f2 quando la carrozza si ferm\u00f2 esattamente davanti a lui. Il suo entusiasmo cresceva sempre pi\u00f9, mentre osservava come un uomo in livrea seduto accanto all&#8217;autista scendeva, apriva la piccola scala e apriva la portiera. Con un balzo corse verso la carrozza, mentre ne scese un uomo elegantemente vestito. La gioia del mendicante era esuberante: si percepiva nei suoi movimenti, nel suo sorriso e nell&#8217;agilit\u00e0 con cui si avvicinava allo strano personaggio.<\/p>\n<p>Ma quando gli arriv\u00f2 davanti, il personaggio gli tese la mano con il palmo rivolto verso l&#8217;alto, come se gli chiedesse qualcosa. La confusione del mendicante era palpabile quanto la sua indignazione interiore: come era possibile che uno con quella posizione e quella ricchezza gli chiedesse qualcosa? E proprio a lui, un mendicante che non aveva nulla!<\/p>\n<p>Il personaggio rimase con la mano tesa con il palmo rivolto verso l&#8217;alto&#8230; finch\u00e9 non infil\u00f2 la mano nella sua povera borsa e ne tir\u00f2 fuori un chicco di grano. Mettendola nel palmo del personaggio, chiuse la mano e, senza dire nulla, si volt\u00f2, torn\u00f2 alla sua carrozza, sal\u00ec i pochi gradini, il livreo chiuse la porta e torn\u00f2 al suo posto accanto al conducente. E la carrozza riprese il viaggio, lasciando il mendicante sempre pi\u00f9 indietro. Mentre la carrozza si allontanava, il mendicante rimaneva paralizzato, sconcertato e risentito: come era possibile che i ricchi portassero via ai mendicanti i pochi beni che avevano!&#8230;<\/p>\n<p>Alla fine della giornata, il mendicante si ritir\u00f2 nella sua povera casa. Accese una candela per illuminare la stanza e, tirata fuori la borsa in cui aveva messo ci\u00f2 che aveva guadagnato durante la giornata, ne rovesci\u00f2 il contenuto sul tavolo. E poi, sorpreso, scopr\u00ec che tra le cianfrusaglie uscite dal sacco, c&#8217;era un chicco di grano, ma d&#8217;oro, che brillava in modo abbagliante. Allora cap\u00ec cosa gli era successo e, cominciando a piangere, si represse per non avergli dato tutto quello che aveva nella borsa&#8230;<\/p>\n<p>Tutti i beni materiali sono mezzi per ottenere beni maggiori. E tra questi beni ci sono la gioia dei figli, la tranquillit\u00e0 di chi ha il cuore spezzato, la crescita dei collaboratori, la generazione di opportunit\u00e0 per chi prima non ne ha avute&#8230; Quindi possiamo dire che i beni materiali ci sono smaltito; e non che abbiano noi. Non ha senso fissarsi su un ultimo modello di auto; ad alcuni viaggi turistici; ad una vita improduttiva che consuma le risorse che genitori o nonni laboriosi hanno ottenuto&#8230;<\/p>\n<p>\u00c8 opportuno invece andare a sostenere i momenti difficili dei nostri collaboratori; prepararli professionalmente e umanamente (anche in questa signoria sui beni materiali); avere un rapporto con chi sopporta il caldo della giornata in una garitta ostile; sii generoso con chi ci serve al ristorante o con chi ci pulisce l&#8217;auto o con chi ci taglia i capelli.<\/p>\n<p>La nostra vita \u00e8 stata segnata da tanta gratuit\u00e0 e da tante persone. Questa \u00e8 un&#8217;idea che Michael Sandel cattura nel suo libro <em>La Tirannia del Merito<\/em>. Per lui i meriti personali sono pochissimi. Molto di ci\u00f2 che si ottiene dipende pi\u00f9 dalle opportunit\u00e0 e dalle qualit\u00e0 che la vita ci ha offerto gratuitamente che dallo sforzo, e, quindi, dal merito personale&#8230;<\/p>\n","protected":false},"excerpt":{"rendered":"<p>I meriti personali sono pochissimi. Molto di ci\u00f2 che si ottiene dipende pi\u00f9 dalle opportunit\u00e0 e dalle qualit\u00e0 che la vita ci ha offerto gratuitamente che dallo sforzo, e quindi dal merito personale<\/p>\n","protected":false},"author":57,"featured_media":92196,"comment_status":"closed","ping_status":"closed","sticky":false,"template":"","format":"standard","meta":{"_acf_changed":false,"_crdt_document":"","inline_featured_image":false,"footnotes":""},"categories":[129],"tags":[12223,12225,12226,2655,12227,12228,12224,4952],"class_list":["post-92326","post","type-post","status-publish","format-standard","has-post-thumbnail","hentry","category-voci","tag-atteggiamento","tag-conoscenza","tag-imprenditore","tag-manager","tag-merito-2","tag-michael-sandel-2","tag-patrimonio-materiale","tag-trending-it"],"acf":[],"yoast_head":"<!-- This site is optimized with the Yoast SEO plugin v27.4 - https:\/\/yoast.com\/product\/yoast-seo-wordpress\/ -->\n<title>La conoscenza e l&#039;atteggiamento del manager nei confronti dei beni materiali &#8211; Exaudi<\/title>\n<meta name=\"robots\" content=\"index, follow, max-snippet:-1, max-image-preview:large, max-video-preview:-1\" \/>\n<link rel=\"canonical\" href=\"https:\/\/exaudi.org\/it\/la-conoscenza-e-latteggiamento-del-manager-nei-confronti-dei-beni-materiali\/\" \/>\n<meta property=\"og:locale\" content=\"it_IT\" \/>\n<meta property=\"og:type\" content=\"article\" \/>\n<meta property=\"og:title\" content=\"La conoscenza e l&#039;atteggiamento del manager nei confronti dei beni materiali &#8211; Exaudi\" \/>\n<meta property=\"og:description\" content=\"I meriti personali sono pochissimi. Molto di ci\u00f2 che si ottiene dipende pi\u00f9 dalle opportunit\u00e0 e dalle qualit\u00e0 che la vita ci ha offerto gratuitamente che dallo sforzo, e quindi dal merito personale\" \/>\n<meta property=\"og:url\" content=\"https:\/\/exaudi.org\/it\/la-conoscenza-e-latteggiamento-del-manager-nei-confronti-dei-beni-materiali\/\" \/>\n<meta property=\"og:site_name\" content=\"Exaudi\" \/>\n<meta property=\"article:publisher\" content=\"https:\/\/www.facebook.com\/ExaudiNews\" \/>\n<meta property=\"article:published_time\" content=\"2024-01-16T16:41:46+00:00\" \/>\n<meta property=\"article:modified_time\" content=\"2024-01-17T15:24:37+00:00\" \/>\n<meta property=\"og:image\" content=\"https:\/\/exaudi.org\/wp-content\/uploads\/2024\/01\/pexels-martin-pechy-1295485-scaled.jpg\" \/>\n\t<meta property=\"og:image:width\" content=\"2503\" \/>\n\t<meta property=\"og:image:height\" content=\"2560\" \/>\n\t<meta property=\"og:image:type\" content=\"image\/jpeg\" \/>\n<meta name=\"author\" content=\"Alejandro Fontana\" \/>\n<meta name=\"twitter:card\" content=\"summary_large_image\" \/>\n<meta name=\"twitter:creator\" content=\"@Exaudi_News\" \/>\n<meta name=\"twitter:site\" content=\"@Exaudi_News\" \/>\n<meta name=\"twitter:label1\" content=\"Scritto da\" \/>\n\t<meta name=\"twitter:data1\" content=\"Alejandro Fontana\" \/>\n\t<meta name=\"twitter:label2\" content=\"Tempo di lettura stimato\" \/>\n\t<meta name=\"twitter:data2\" content=\"4 minuti\" \/>\n<script type=\"application\/ld+json\" class=\"yoast-schema-graph\">{\"@context\":\"https:\\\/\\\/schema.org\",\"@graph\":[{\"@type\":\"Article\",\"@id\":\"https:\\\/\\\/exaudi.org\\\/it\\\/la-conoscenza-e-latteggiamento-del-manager-nei-confronti-dei-beni-materiali\\\/#article\",\"isPartOf\":{\"@id\":\"https:\\\/\\\/exaudi.org\\\/it\\\/la-conoscenza-e-latteggiamento-del-manager-nei-confronti-dei-beni-materiali\\\/\"},\"author\":{\"name\":\"Alejandro Fontana\",\"@id\":\"https:\\\/\\\/exaudi.org\\\/#\\\/schema\\\/person\\\/036aa1cfc8cb49829af5d777f3965ad7\"},\"headline\":\"La conoscenza e l&#8217;atteggiamento del manager nei confronti dei beni materiali\",\"datePublished\":\"2024-01-16T16:41:46+00:00\",\"dateModified\":\"2024-01-17T15:24:37+00:00\",\"mainEntityOfPage\":{\"@id\":\"https:\\\/\\\/exaudi.org\\\/it\\\/la-conoscenza-e-latteggiamento-del-manager-nei-confronti-dei-beni-materiali\\\/\"},\"wordCount\":851,\"image\":{\"@id\":\"https:\\\/\\\/exaudi.org\\\/it\\\/la-conoscenza-e-latteggiamento-del-manager-nei-confronti-dei-beni-materiali\\\/#primaryimage\"},\"thumbnailUrl\":\"https:\\\/\\\/exaudi.org\\\/wp-content\\\/uploads\\\/2024\\\/01\\\/pexels-martin-pechy-1295485-scaled.jpg\",\"keywords\":[\"ATTEGGIAMENTO\",\"CONOSCENZA\",\"IMPRENDITORE\",\"manager\",\"MERITO\",\"MICHAEL SANDEL\",\"PATRIMONIO MATERIALE\",\"Trending\"],\"articleSection\":[\"Voci\"],\"inLanguage\":\"it-IT\"},{\"@type\":\"WebPage\",\"@id\":\"https:\\\/\\\/exaudi.org\\\/it\\\/la-conoscenza-e-latteggiamento-del-manager-nei-confronti-dei-beni-materiali\\\/\",\"url\":\"https:\\\/\\\/exaudi.org\\\/it\\\/la-conoscenza-e-latteggiamento-del-manager-nei-confronti-dei-beni-materiali\\\/\",\"name\":\"La conoscenza e l'atteggiamento del manager nei confronti dei beni materiali &#8211; Exaudi\",\"isPartOf\":{\"@id\":\"https:\\\/\\\/exaudi.org\\\/#website\"},\"primaryImageOfPage\":{\"@id\":\"https:\\\/\\\/exaudi.org\\\/it\\\/la-conoscenza-e-latteggiamento-del-manager-nei-confronti-dei-beni-materiali\\\/#primaryimage\"},\"image\":{\"@id\":\"https:\\\/\\\/exaudi.org\\\/it\\\/la-conoscenza-e-latteggiamento-del-manager-nei-confronti-dei-beni-materiali\\\/#primaryimage\"},\"thumbnailUrl\":\"https:\\\/\\\/exaudi.org\\\/wp-content\\\/uploads\\\/2024\\\/01\\\/pexels-martin-pechy-1295485-scaled.jpg\",\"datePublished\":\"2024-01-16T16:41:46+00:00\",\"dateModified\":\"2024-01-17T15:24:37+00:00\",\"author\":{\"@id\":\"https:\\\/\\\/exaudi.org\\\/#\\\/schema\\\/person\\\/036aa1cfc8cb49829af5d777f3965ad7\"},\"breadcrumb\":{\"@id\":\"https:\\\/\\\/exaudi.org\\\/it\\\/la-conoscenza-e-latteggiamento-del-manager-nei-confronti-dei-beni-materiali\\\/#breadcrumb\"},\"inLanguage\":\"it-IT\",\"potentialAction\":[{\"@type\":\"ReadAction\",\"target\":[\"https:\\\/\\\/exaudi.org\\\/it\\\/la-conoscenza-e-latteggiamento-del-manager-nei-confronti-dei-beni-materiali\\\/\"]}]},{\"@type\":\"ImageObject\",\"inLanguage\":\"it-IT\",\"@id\":\"https:\\\/\\\/exaudi.org\\\/it\\\/la-conoscenza-e-latteggiamento-del-manager-nei-confronti-dei-beni-materiali\\\/#primaryimage\",\"url\":\"https:\\\/\\\/exaudi.org\\\/wp-content\\\/uploads\\\/2024\\\/01\\\/pexels-martin-pechy-1295485-scaled.jpg\",\"contentUrl\":\"https:\\\/\\\/exaudi.org\\\/wp-content\\\/uploads\\\/2024\\\/01\\\/pexels-martin-pechy-1295485-scaled.jpg\",\"width\":2503,\"height\":2560},{\"@type\":\"BreadcrumbList\",\"@id\":\"https:\\\/\\\/exaudi.org\\\/it\\\/la-conoscenza-e-latteggiamento-del-manager-nei-confronti-dei-beni-materiali\\\/#breadcrumb\",\"itemListElement\":[{\"@type\":\"ListItem\",\"position\":1,\"name\":\"Portada\",\"item\":\"https:\\\/\\\/exaudi.org\\\/it\\\/\"},{\"@type\":\"ListItem\",\"position\":2,\"name\":\"La conoscenza e l&#8217;atteggiamento del manager nei confronti dei beni materiali\"}]},{\"@type\":\"WebSite\",\"@id\":\"https:\\\/\\\/exaudi.org\\\/#website\",\"url\":\"https:\\\/\\\/exaudi.org\\\/\",\"name\":\"Exaudi\",\"description\":\"News\",\"potentialAction\":[{\"@type\":\"SearchAction\",\"target\":{\"@type\":\"EntryPoint\",\"urlTemplate\":\"https:\\\/\\\/exaudi.org\\\/?s={search_term_string}\"},\"query-input\":{\"@type\":\"PropertyValueSpecification\",\"valueRequired\":true,\"valueName\":\"search_term_string\"}}],\"inLanguage\":\"it-IT\"},{\"@type\":\"Person\",\"@id\":\"https:\\\/\\\/exaudi.org\\\/#\\\/schema\\\/person\\\/036aa1cfc8cb49829af5d777f3965ad7\",\"name\":\"Alejandro Fontana\",\"image\":{\"@type\":\"ImageObject\",\"inLanguage\":\"it-IT\",\"@id\":\"https:\\\/\\\/secure.gravatar.com\\\/avatar\\\/288eb00d08e23df21f6e88a59ea2dd3df4566ed7b431ac0bcf3fbf94354fa324?s=96&d=mm&r=g\",\"url\":\"https:\\\/\\\/secure.gravatar.com\\\/avatar\\\/288eb00d08e23df21f6e88a59ea2dd3df4566ed7b431ac0bcf3fbf94354fa324?s=96&d=mm&r=g\",\"contentUrl\":\"https:\\\/\\\/secure.gravatar.com\\\/avatar\\\/288eb00d08e23df21f6e88a59ea2dd3df4566ed7b431ac0bcf3fbf94354fa324?s=96&d=mm&r=g\",\"caption\":\"Alejandro Fontana\"},\"description\":\"Profesor de Direcci\u00f3n General y Control Directivo. Consultor en Direcci\u00f3n General para empresas y organizaciones c\u00edvicas. Doctorado en Planificaci\u00f3n y Desarrollo; M\u00e1ster en Organizaciones y Comportamiento Humano; M.B.A. y M.E. en Ingenier\u00eda Civil. Miembro del grupo de investigaci\u00f3n GESPLAN de la Universidad Polit\u00e9cnica de Madrid. \u00c1reas de inter\u00e9s: cooperaci\u00f3n horizontal; relaci\u00f3n empresa-sociedad civil; negocios internacionales y an\u00e1lisis de estrategias empresariales.\",\"url\":\"https:\\\/\\\/exaudi.org\\\/it\\\/author\\\/alejandrofontana\\\/\"}]}<\/script>\n<!-- \/ Yoast SEO plugin. -->","yoast_head_json":{"title":"La conoscenza e l'atteggiamento del manager nei confronti dei beni materiali &#8211; Exaudi","robots":{"index":"index","follow":"follow","max-snippet":"max-snippet:-1","max-image-preview":"max-image-preview:large","max-video-preview":"max-video-preview:-1"},"canonical":"https:\/\/exaudi.org\/it\/la-conoscenza-e-latteggiamento-del-manager-nei-confronti-dei-beni-materiali\/","og_locale":"it_IT","og_type":"article","og_title":"La conoscenza e l'atteggiamento del manager nei confronti dei beni materiali &#8211; Exaudi","og_description":"I meriti personali sono pochissimi. Molto di ci\u00f2 che si ottiene dipende pi\u00f9 dalle opportunit\u00e0 e dalle qualit\u00e0 che la vita ci ha offerto gratuitamente che dallo sforzo, e quindi dal merito personale","og_url":"https:\/\/exaudi.org\/it\/la-conoscenza-e-latteggiamento-del-manager-nei-confronti-dei-beni-materiali\/","og_site_name":"Exaudi","article_publisher":"https:\/\/www.facebook.com\/ExaudiNews","article_published_time":"2024-01-16T16:41:46+00:00","article_modified_time":"2024-01-17T15:24:37+00:00","og_image":[{"width":2503,"height":2560,"url":"https:\/\/exaudi.org\/wp-content\/uploads\/2024\/01\/pexels-martin-pechy-1295485-scaled.jpg","type":"image\/jpeg"}],"author":"Alejandro Fontana","twitter_card":"summary_large_image","twitter_creator":"@Exaudi_News","twitter_site":"@Exaudi_News","twitter_misc":{"Scritto da":"Alejandro Fontana","Tempo di lettura stimato":"4 minuti"},"schema":{"@context":"https:\/\/schema.org","@graph":[{"@type":"Article","@id":"https:\/\/exaudi.org\/it\/la-conoscenza-e-latteggiamento-del-manager-nei-confronti-dei-beni-materiali\/#article","isPartOf":{"@id":"https:\/\/exaudi.org\/it\/la-conoscenza-e-latteggiamento-del-manager-nei-confronti-dei-beni-materiali\/"},"author":{"name":"Alejandro Fontana","@id":"https:\/\/exaudi.org\/#\/schema\/person\/036aa1cfc8cb49829af5d777f3965ad7"},"headline":"La conoscenza e l&#8217;atteggiamento del manager nei confronti dei beni materiali","datePublished":"2024-01-16T16:41:46+00:00","dateModified":"2024-01-17T15:24:37+00:00","mainEntityOfPage":{"@id":"https:\/\/exaudi.org\/it\/la-conoscenza-e-latteggiamento-del-manager-nei-confronti-dei-beni-materiali\/"},"wordCount":851,"image":{"@id":"https:\/\/exaudi.org\/it\/la-conoscenza-e-latteggiamento-del-manager-nei-confronti-dei-beni-materiali\/#primaryimage"},"thumbnailUrl":"https:\/\/exaudi.org\/wp-content\/uploads\/2024\/01\/pexels-martin-pechy-1295485-scaled.jpg","keywords":["ATTEGGIAMENTO","CONOSCENZA","IMPRENDITORE","manager","MERITO","MICHAEL SANDEL","PATRIMONIO MATERIALE","Trending"],"articleSection":["Voci"],"inLanguage":"it-IT"},{"@type":"WebPage","@id":"https:\/\/exaudi.org\/it\/la-conoscenza-e-latteggiamento-del-manager-nei-confronti-dei-beni-materiali\/","url":"https:\/\/exaudi.org\/it\/la-conoscenza-e-latteggiamento-del-manager-nei-confronti-dei-beni-materiali\/","name":"La conoscenza e l'atteggiamento del manager nei confronti dei beni materiali &#8211; Exaudi","isPartOf":{"@id":"https:\/\/exaudi.org\/#website"},"primaryImageOfPage":{"@id":"https:\/\/exaudi.org\/it\/la-conoscenza-e-latteggiamento-del-manager-nei-confronti-dei-beni-materiali\/#primaryimage"},"image":{"@id":"https:\/\/exaudi.org\/it\/la-conoscenza-e-latteggiamento-del-manager-nei-confronti-dei-beni-materiali\/#primaryimage"},"thumbnailUrl":"https:\/\/exaudi.org\/wp-content\/uploads\/2024\/01\/pexels-martin-pechy-1295485-scaled.jpg","datePublished":"2024-01-16T16:41:46+00:00","dateModified":"2024-01-17T15:24:37+00:00","author":{"@id":"https:\/\/exaudi.org\/#\/schema\/person\/036aa1cfc8cb49829af5d777f3965ad7"},"breadcrumb":{"@id":"https:\/\/exaudi.org\/it\/la-conoscenza-e-latteggiamento-del-manager-nei-confronti-dei-beni-materiali\/#breadcrumb"},"inLanguage":"it-IT","potentialAction":[{"@type":"ReadAction","target":["https:\/\/exaudi.org\/it\/la-conoscenza-e-latteggiamento-del-manager-nei-confronti-dei-beni-materiali\/"]}]},{"@type":"ImageObject","inLanguage":"it-IT","@id":"https:\/\/exaudi.org\/it\/la-conoscenza-e-latteggiamento-del-manager-nei-confronti-dei-beni-materiali\/#primaryimage","url":"https:\/\/exaudi.org\/wp-content\/uploads\/2024\/01\/pexels-martin-pechy-1295485-scaled.jpg","contentUrl":"https:\/\/exaudi.org\/wp-content\/uploads\/2024\/01\/pexels-martin-pechy-1295485-scaled.jpg","width":2503,"height":2560},{"@type":"BreadcrumbList","@id":"https:\/\/exaudi.org\/it\/la-conoscenza-e-latteggiamento-del-manager-nei-confronti-dei-beni-materiali\/#breadcrumb","itemListElement":[{"@type":"ListItem","position":1,"name":"Portada","item":"https:\/\/exaudi.org\/it\/"},{"@type":"ListItem","position":2,"name":"La conoscenza e l&#8217;atteggiamento del manager nei confronti dei beni materiali"}]},{"@type":"WebSite","@id":"https:\/\/exaudi.org\/#website","url":"https:\/\/exaudi.org\/","name":"Exaudi","description":"News","potentialAction":[{"@type":"SearchAction","target":{"@type":"EntryPoint","urlTemplate":"https:\/\/exaudi.org\/?s={search_term_string}"},"query-input":{"@type":"PropertyValueSpecification","valueRequired":true,"valueName":"search_term_string"}}],"inLanguage":"it-IT"},{"@type":"Person","@id":"https:\/\/exaudi.org\/#\/schema\/person\/036aa1cfc8cb49829af5d777f3965ad7","name":"Alejandro Fontana","image":{"@type":"ImageObject","inLanguage":"it-IT","@id":"https:\/\/secure.gravatar.com\/avatar\/288eb00d08e23df21f6e88a59ea2dd3df4566ed7b431ac0bcf3fbf94354fa324?s=96&d=mm&r=g","url":"https:\/\/secure.gravatar.com\/avatar\/288eb00d08e23df21f6e88a59ea2dd3df4566ed7b431ac0bcf3fbf94354fa324?s=96&d=mm&r=g","contentUrl":"https:\/\/secure.gravatar.com\/avatar\/288eb00d08e23df21f6e88a59ea2dd3df4566ed7b431ac0bcf3fbf94354fa324?s=96&d=mm&r=g","caption":"Alejandro Fontana"},"description":"Profesor de Direcci\u00f3n General y Control Directivo. Consultor en Direcci\u00f3n General para empresas y organizaciones c\u00edvicas. Doctorado en Planificaci\u00f3n y Desarrollo; M\u00e1ster en Organizaciones y Comportamiento Humano; M.B.A. y M.E. en Ingenier\u00eda Civil. Miembro del grupo de investigaci\u00f3n GESPLAN de la Universidad Polit\u00e9cnica de Madrid. \u00c1reas de inter\u00e9s: cooperaci\u00f3n horizontal; relaci\u00f3n empresa-sociedad civil; negocios internacionales y an\u00e1lisis de estrategias empresariales.","url":"https:\/\/exaudi.org\/it\/author\/alejandrofontana\/"}]}},"jetpack_featured_media_url":"https:\/\/exaudi.org\/wp-content\/uploads\/2024\/01\/pexels-martin-pechy-1295485-scaled.jpg","jetpack_shortlink":"https:\/\/wp.me\/pgKjF2-o18","_links":{"self":[{"href":"https:\/\/exaudi.org\/it\/wp-json\/wp\/v2\/posts\/92326","targetHints":{"allow":["GET"]}}],"collection":[{"href":"https:\/\/exaudi.org\/it\/wp-json\/wp\/v2\/posts"}],"about":[{"href":"https:\/\/exaudi.org\/it\/wp-json\/wp\/v2\/types\/post"}],"author":[{"embeddable":true,"href":"https:\/\/exaudi.org\/it\/wp-json\/wp\/v2\/users\/57"}],"replies":[{"embeddable":true,"href":"https:\/\/exaudi.org\/it\/wp-json\/wp\/v2\/comments?post=92326"}],"version-history":[{"count":0,"href":"https:\/\/exaudi.org\/it\/wp-json\/wp\/v2\/posts\/92326\/revisions"}],"wp:featuredmedia":[{"embeddable":true,"href":"https:\/\/exaudi.org\/it\/wp-json\/wp\/v2\/media\/92196"}],"wp:attachment":[{"href":"https:\/\/exaudi.org\/it\/wp-json\/wp\/v2\/media?parent=92326"}],"wp:term":[{"taxonomy":"category","embeddable":true,"href":"https:\/\/exaudi.org\/it\/wp-json\/wp\/v2\/categories?post=92326"},{"taxonomy":"post_tag","embeddable":true,"href":"https:\/\/exaudi.org\/it\/wp-json\/wp\/v2\/tags?post=92326"}],"curies":[{"name":"wp","href":"https:\/\/api.w.org\/{rel}","templated":true}]}}