{"id":92036,"date":"2024-01-13T17:43:26","date_gmt":"2024-01-13T16:43:26","guid":{"rendered":"https:\/\/exaudi.org\/?p=92036"},"modified":"2024-01-14T02:12:45","modified_gmt":"2024-01-14T01:12:45","slug":"riflessione-di-mons-enrique-diaz-parla-signore","status":"publish","type":"post","link":"https:\/\/exaudi.org\/it\/riflessione-di-mons-enrique-diaz-parla-signore\/","title":{"rendered":"Riflessione di Mons. Enrique D\u00edaz: \u201cParla Signore, il tuo servo ti ascolta\u201d"},"content":{"rendered":"<p>Mons. Enrique D\u00edaz D\u00edaz condivide con i lettori di Exaudi la sua riflessione sul <a href=\"https:\/\/www.dominicos.org\/predicacion\/homilia\/14-1-2024\/lecturas\/\">Vangelo di questa domenica, 14 gennaio 2024<\/a>, dal titolo: \u201cla, Signore; \u201cIl tuParo servo ti ascolta\u201d.<\/p>\n<p>***<\/p>\n<p>1 Samuele 3,3-10.19: <em>\u201cParla Signore, il tuo servo ti ascolta\u201d<\/em><\/p>\n<p>Salmo 39: \u201c<em>Eccomi, Signore, per fare la tua volont\u00e0<\/em>\u201d<\/p>\n<p>I Corinzi 6,13-15,17-20: \u201c<em>I vostri corpi sono membra di Cristo<\/em>\u201d<\/p>\n<p>San Giovanni 1,35-42: &#8220;<em>Videro dove abitava e rimasero con Lui<\/em>&#8221;<\/p>\n<p>Com&#8217;\u00e8 la voce di Dio? Chiami ancora oggi? A volte vorremmo che il Signore ci parlasse chiaramente e ci manifestasse la sua volont\u00e0 su tante cose: sulla societ\u00e0, sulla Chiesa, sulla nostra stessa persona, sul dolore e sulla sofferenza. Ma vorremmo che la sua voce si adattasse ai nostri capricci e ai nostri interessi. La voce di Dio \u00e8 sempre diversa, va sempre nel profondo, \u00e8 sempre vicina. Forse a noi capita come Samuele che dorme nel tempio, ma quando Dio gli parla non riconosce la sua voce e la confonde con quella del sacerdote Eli. Dio continua a parlare, Dio continua a chiamare. Spero che oggi osiamo dire: <em>\u201cParla Signore, il tuo servo ti ascolta\u201d<\/em><\/p>\n<p>Ci sono incontri che cambiano la vita e trasformano le persone. Ci sono incontri che sembrano impossibili da non aver avuto prima perch\u00e9 avvengono in modo cos\u00ec intimo e personale che sembra che li aspettiamo da tutta la vita. Nel vangelo di oggi Giovanni ci racconta l&#8217;incontro dei primi discepoli con Ges\u00f9. Non \u00e8 il racconto giornalistico di un incontro, ma il racconto di un momento che ha trasformato la vita e che pu\u00f2 poi essere narrato in dettagli e simboli che in un primo momento potevano passare inosservati. Troviamo molti elementi simbolici che descrivono tutta la persona di Ges\u00f9. Due discepoli di Giovanni ascoltano il loro maestro parlare di Ges\u00f9 come \u201c<em>agnello di Dio<\/em>\u201d, e senza domande n\u00e9 esitazioni, con la stessa ingenuit\u00e0 del giovane Samuele, che abbiamo contemplato nella prima lettura, seguono Ges\u00f9, cio\u00e8 Sono disposti a essere suoi discepoli, il che implicher\u00e0 un cambiamento definitivo nella loro vita. Perch\u00e9 seguirono Ges\u00f9? Solo curiosit\u00e0? Cosa ti ha colpito di pi\u00f9? Certo, la presentazione che fa Giovanni Battista, dicendo che Ges\u00f9 \u00e8 \u201cL&#8217;Agnello\u201d, implica una tradizione molto viva nella cultura ebraica, ma non sembra essere questa la ragione della sua sequela.<\/p>\n<p>Quando Ges\u00f9 li vede, entra in dialogo con loro: \u00ab<em>Che cosa cercate?<\/em>\u00bb, come chiedendosi fino a che punto sono disposti a seguirlo. Quando rispondono: \u201c<em>Dove abiti, Rabbi?<\/em>\u201d, in realt\u00e0 stanno chiedendo: dove ti manifesti come sei?Quali sono le zone adatte dove possiamo trovarti? Ges\u00f9 dice loro semplicemente: \u201c<em>Venite e vedrete<\/em>\u201d. Questi ricercatori vogliono entrare nella vita del Maestro, stare con lui, essere parte di lui. E Ges\u00f9 non si protegge mantenendo le distanze, ma anzi li accoglie e li invita a casa sua. Questo gesto simbolico \u00e8 sempre stato commentato come una delle condizioni dell&#8217;evangelizzazione: non basta dare parole, ma fatti, non teorie, ma esperienze, non parlare della buona notizia, ma mostrare come si vive noi stessi. Vale a dire: l&#8217;evangelizzazione non deve essere una lezione teorica, ma una testimonianza, l&#8217;evangelizzatore non \u00e8 un maestro che d\u00e0 una lezione, ma un testimone che offre la propria testimonianza personale.<\/p>\n<p>Nei giorni trascorsi in carcere, uno dei carcerati mi ha detto: \u201cfino a ora che sono in carcere e tra i carcerati ho trovato Ges\u00f9 e guarda dove sono venuto a trovarlo! &#8220;Tra i disprezzati del mondo!&#8221; Anche oggi Ges\u00f9 ci dice che per conoscerlo dobbiamo fare esperienza l\u00e0 dove Egli abita: nella sua Parola, nella sua Eucaristia, nella vita dei poveri e dei semplici. La povert\u00e0 e la semplicit\u00e0 continuano a essere l&#8217;ambito di Ges\u00f9, solo chi vuole rimanere cieco non pu\u00f2 scoprirlo. Forse abbiamo paura di incontrare Ges\u00f9 e preferiamo dichiarare la sua morte o la sua estinzione&#8230; ma Ges\u00f9 continua a vivere molto vicino a noi, condividendo la vita, anzi, amandoci, anche se non vogliamo riconoscerlo. Niente pu\u00f2 sostituire l&#8217;esperienza di fede personale, profonda e intima, dalla quale nascer\u00e0 il desiderio di seguire e imitare Ges\u00f9. Il culmine del processo cristiano \u00e8 nell\u2019esperienza di Ges\u00f9 come quei discepoli che \u201c<em>andarono, videro dove abitava e quel giorno rimasero con lui<\/em>\u201d.<\/p>\n<p>L&#8217;impatto dell&#8217;esperienza, della testimonianza, commuove i discepoli, ed essi diventano messaggeri che attireranno nuovi discepoli. Anche il nome di Pedro cambia per indicare la profondit\u00e0 di questo incontro. Seguire Ges\u00f9, camminare con Lui, non \u00e8 possibile senza aver fatto un&#8217;esperienza di incontro con Lui. Ma anche, una volta trovato Ges\u00f9, non possiamo continuare con la nostra vita grigia e indifferente. Troveremo uno slancio vero e una forza nuova per servire i nostri fratelli sullo stile di Ges\u00f9, per far conoscere, con le opere pi\u00f9 che con le parole, la sua persona e la sua vita. Sar\u00e0 urgente diventare missionari del suo Vangelo.<\/p>\n<p>Certo, la vita di oggi \u00e8 piena di rumore, di fretta, di suoni che si scambiano, che ci assordano, ma questo non ci d\u00e0 il diritto di dire che Dio oggi non parla. Quando Samuele (prima lettura) ud\u00ec la chiamata di Dio, si dice che in quel tempo la parola di Dio scarseggiava. E ci si chiede, se la parola di Dio \u00e8 scarsa o siamo cos\u00ec sordi da non volerla ascoltare, perdiamo la capacit\u00e0 del silenzio, la capacit\u00e0 di ascoltare nella nostra interiorit\u00e0 la voce di Dio che ci abita. Dio pu\u00f2 continuare a essere quell&#8217;ignoto in cui siamo immersi e circondati dal suo amore. Oggi dobbiamo porci una serie di domande e preparare il nostro cuore a rispondere con sincerit\u00e0 al Signore. Sono disposto a riconoscere Ges\u00f9 nella mia vita quotidiana e a permettergli di sconvolgere i miei interessi pi\u00f9 profondi? Posso, come Pedro, non solo cambiare il mio nome, ma anche le mie attivit\u00e0 e priorit\u00e0? Sono disposto ad avere un incontro profondo con Ges\u00f9? Quali mezzi sto utilizzando per realizzarlo?<\/p>\n<p><em>Padre buono, che in Ges\u00f9 ci mostri tutto il tuo amore e vuoi incontrare ciascuno di noi, disponi i nostri cuori secondo i tuoi desideri e concedici quell&#8217;incontro profondo che trasforma la nostra vita in una vera sequela di Ges\u00f9. Amen<\/em><br \/>\n<em>\u200b<\/em><\/p>\n","protected":false},"excerpt":{"rendered":"<p>Seconda Domenica Ordinaria<\/p>\n","protected":false},"author":25,"featured_media":92021,"comment_status":"closed","ping_status":"closed","sticky":false,"template":"","format":"standard","meta":{"_acf_changed":false,"_crdt_document":"","inline_featured_image":false,"footnotes":""},"categories":[73,95],"tags":[10807,10963,7626,2487,4952,706],"class_list":["post-92036","post","type-post","status-publish","format-standard","has-post-thumbnail","hentry","category-chiesa-e-mondo","category-spiritualita","tag-commento","tag-enrique-diaz-2","tag-featured-it","tag-featured-3","tag-trending-it","tag-vangelo"],"acf":[],"yoast_head":"<!-- This site is optimized with the Yoast SEO plugin v27.5 - https:\/\/yoast.com\/product\/yoast-seo-wordpress\/ -->\n<title>Riflessione di Mons. Enrique D\u00edaz: \u201cParla Signore, il tuo servo ti ascolta\u201d &#8211; Exaudi<\/title>\n<meta name=\"robots\" content=\"index, follow, max-snippet:-1, max-image-preview:large, max-video-preview:-1\" \/>\n<link rel=\"canonical\" href=\"https:\/\/exaudi.org\/it\/riflessione-di-mons-enrique-diaz-parla-signore\/\" \/>\n<meta property=\"og:locale\" content=\"it_IT\" \/>\n<meta property=\"og:type\" content=\"article\" \/>\n<meta property=\"og:title\" content=\"Riflessione di Mons. Enrique D\u00edaz: \u201cParla Signore, il tuo servo ti ascolta\u201d &#8211; Exaudi\" \/>\n<meta property=\"og:description\" content=\"Seconda Domenica Ordinaria\" \/>\n<meta property=\"og:url\" content=\"https:\/\/exaudi.org\/it\/riflessione-di-mons-enrique-diaz-parla-signore\/\" \/>\n<meta property=\"og:site_name\" content=\"Exaudi\" \/>\n<meta property=\"article:publisher\" content=\"https:\/\/www.facebook.com\/ExaudiNews\" \/>\n<meta property=\"article:published_time\" content=\"2024-01-13T16:43:26+00:00\" \/>\n<meta property=\"article:modified_time\" content=\"2024-01-14T01:12:45+00:00\" \/>\n<meta property=\"og:image\" content=\"https:\/\/exaudi.org\/wp-content\/uploads\/2024\/01\/cathopic_1484365808735456-scaled.jpg\" \/>\n\t<meta property=\"og:image:width\" content=\"1920\" \/>\n\t<meta property=\"og:image:height\" content=\"2560\" \/>\n\t<meta property=\"og:image:type\" content=\"image\/jpeg\" \/>\n<meta name=\"author\" content=\"Enrique D\u00edaz\" \/>\n<meta name=\"twitter:card\" content=\"summary_large_image\" \/>\n<meta name=\"twitter:creator\" content=\"@Exaudi_News\" \/>\n<meta name=\"twitter:site\" content=\"@Exaudi_News\" \/>\n<meta name=\"twitter:label1\" content=\"Scritto da\" \/>\n\t<meta name=\"twitter:data1\" content=\"Enrique D\u00edaz\" \/>\n\t<meta name=\"twitter:label2\" content=\"Tempo di lettura stimato\" \/>\n\t<meta name=\"twitter:data2\" content=\"5 minuti\" \/>\n<script type=\"application\/ld+json\" class=\"yoast-schema-graph\">{\"@context\":\"https:\\\/\\\/schema.org\",\"@graph\":[{\"@type\":\"Article\",\"@id\":\"https:\\\/\\\/exaudi.org\\\/it\\\/riflessione-di-mons-enrique-diaz-parla-signore\\\/#article\",\"isPartOf\":{\"@id\":\"https:\\\/\\\/exaudi.org\\\/it\\\/riflessione-di-mons-enrique-diaz-parla-signore\\\/\"},\"author\":{\"name\":\"Enrique D\u00edaz\",\"@id\":\"https:\\\/\\\/exaudi.org\\\/#\\\/schema\\\/person\\\/c02ffbd10830fa375f6882f7dcf1844d\"},\"headline\":\"Riflessione di Mons. Enrique D\u00edaz: \u201cParla Signore, il tuo servo ti ascolta\u201d\",\"datePublished\":\"2024-01-13T16:43:26+00:00\",\"dateModified\":\"2024-01-14T01:12:45+00:00\",\"mainEntityOfPage\":{\"@id\":\"https:\\\/\\\/exaudi.org\\\/it\\\/riflessione-di-mons-enrique-diaz-parla-signore\\\/\"},\"wordCount\":1020,\"image\":{\"@id\":\"https:\\\/\\\/exaudi.org\\\/it\\\/riflessione-di-mons-enrique-diaz-parla-signore\\\/#primaryimage\"},\"thumbnailUrl\":\"https:\\\/\\\/exaudi.org\\\/wp-content\\\/uploads\\\/2024\\\/01\\\/cathopic_1484365808735456-scaled.jpg\",\"keywords\":[\"Commento\",\"ENRIQUE D\u00cdAZ\",\"Featured\",\"Featured\",\"Trending\",\"Vangelo\"],\"articleSection\":[\"Chiesa e Mondo\",\"Spiritualit\u00e0\"],\"inLanguage\":\"it-IT\"},{\"@type\":\"WebPage\",\"@id\":\"https:\\\/\\\/exaudi.org\\\/it\\\/riflessione-di-mons-enrique-diaz-parla-signore\\\/\",\"url\":\"https:\\\/\\\/exaudi.org\\\/it\\\/riflessione-di-mons-enrique-diaz-parla-signore\\\/\",\"name\":\"Riflessione di Mons. Enrique D\u00edaz: \u201cParla Signore, il tuo servo ti ascolta\u201d &#8211; Exaudi\",\"isPartOf\":{\"@id\":\"https:\\\/\\\/exaudi.org\\\/#website\"},\"primaryImageOfPage\":{\"@id\":\"https:\\\/\\\/exaudi.org\\\/it\\\/riflessione-di-mons-enrique-diaz-parla-signore\\\/#primaryimage\"},\"image\":{\"@id\":\"https:\\\/\\\/exaudi.org\\\/it\\\/riflessione-di-mons-enrique-diaz-parla-signore\\\/#primaryimage\"},\"thumbnailUrl\":\"https:\\\/\\\/exaudi.org\\\/wp-content\\\/uploads\\\/2024\\\/01\\\/cathopic_1484365808735456-scaled.jpg\",\"datePublished\":\"2024-01-13T16:43:26+00:00\",\"dateModified\":\"2024-01-14T01:12:45+00:00\",\"author\":{\"@id\":\"https:\\\/\\\/exaudi.org\\\/#\\\/schema\\\/person\\\/c02ffbd10830fa375f6882f7dcf1844d\"},\"breadcrumb\":{\"@id\":\"https:\\\/\\\/exaudi.org\\\/it\\\/riflessione-di-mons-enrique-diaz-parla-signore\\\/#breadcrumb\"},\"inLanguage\":\"it-IT\",\"potentialAction\":[{\"@type\":\"ReadAction\",\"target\":[\"https:\\\/\\\/exaudi.org\\\/it\\\/riflessione-di-mons-enrique-diaz-parla-signore\\\/\"]}]},{\"@type\":\"ImageObject\",\"inLanguage\":\"it-IT\",\"@id\":\"https:\\\/\\\/exaudi.org\\\/it\\\/riflessione-di-mons-enrique-diaz-parla-signore\\\/#primaryimage\",\"url\":\"https:\\\/\\\/exaudi.org\\\/wp-content\\\/uploads\\\/2024\\\/01\\\/cathopic_1484365808735456-scaled.jpg\",\"contentUrl\":\"https:\\\/\\\/exaudi.org\\\/wp-content\\\/uploads\\\/2024\\\/01\\\/cathopic_1484365808735456-scaled.jpg\",\"width\":1920,\"height\":2560,\"caption\":\"Cathopic\"},{\"@type\":\"BreadcrumbList\",\"@id\":\"https:\\\/\\\/exaudi.org\\\/it\\\/riflessione-di-mons-enrique-diaz-parla-signore\\\/#breadcrumb\",\"itemListElement\":[{\"@type\":\"ListItem\",\"position\":1,\"name\":\"Portada\",\"item\":\"https:\\\/\\\/exaudi.org\\\/it\\\/\"},{\"@type\":\"ListItem\",\"position\":2,\"name\":\"Riflessione di Mons. Enrique D\u00edaz: \u201cParla Signore, il tuo servo ti ascolta\u201d\"}]},{\"@type\":\"WebSite\",\"@id\":\"https:\\\/\\\/exaudi.org\\\/#website\",\"url\":\"https:\\\/\\\/exaudi.org\\\/\",\"name\":\"Exaudi\",\"description\":\"News\",\"potentialAction\":[{\"@type\":\"SearchAction\",\"target\":{\"@type\":\"EntryPoint\",\"urlTemplate\":\"https:\\\/\\\/exaudi.org\\\/?s={search_term_string}\"},\"query-input\":{\"@type\":\"PropertyValueSpecification\",\"valueRequired\":true,\"valueName\":\"search_term_string\"}}],\"inLanguage\":\"it-IT\"},{\"@type\":\"Person\",\"@id\":\"https:\\\/\\\/exaudi.org\\\/#\\\/schema\\\/person\\\/c02ffbd10830fa375f6882f7dcf1844d\",\"name\":\"Enrique D\u00edaz\",\"image\":{\"@type\":\"ImageObject\",\"inLanguage\":\"it-IT\",\"@id\":\"https:\\\/\\\/secure.gravatar.com\\\/avatar\\\/7ca10be5325a95d04b74082d68ba605aa69611eb0f68f47096cb1bc349873284?s=96&d=mm&r=g\",\"url\":\"https:\\\/\\\/secure.gravatar.com\\\/avatar\\\/7ca10be5325a95d04b74082d68ba605aa69611eb0f68f47096cb1bc349873284?s=96&d=mm&r=g\",\"contentUrl\":\"https:\\\/\\\/secure.gravatar.com\\\/avatar\\\/7ca10be5325a95d04b74082d68ba605aa69611eb0f68f47096cb1bc349873284?s=96&d=mm&r=g\",\"caption\":\"Enrique D\u00edaz\"},\"description\":\"Naci\u00f3 en Huandacareo, Michoac\u00e1n, M\u00e9xico, en 1952. Realiz\u00f3 sus estudios de Filosof\u00eda y Teolog\u00eda en el Seminario de Morelia. Ordenado di\u00e1cono el 22 de mayo de 1977, y presb\u00edtero el 23 de octubre del mismo a\u00f1o. Obtuvo la Licenciatura en Sagrada Escritura en el Pontificio Instituto B\u00edblico en Roma. Ha desarrollado m\u00faltiples encargos pastorales como el de capell\u00e1n de la rector\u00eda de las Tres Aves Mar\u00edas; responsable de la Pastoral B\u00edblica Diocesana y director de la Escuela B\u00edblica en Morelia; maestro de Biblia en el Seminario Conciliar de Morelia, p\u00e1rroco de la Parroquia de Nuestra Se\u00f1ora de Guadalupe, Col. Guadalupe, Morelia; o vicario episcopal para la Zona de Nuestra Se\u00f1ora de la Luz, P\u00e1tzcuaro. Ordenado obispo auxiliar de san Crist\u00f3bal de las Casas en 2003. En la Conferencia Episcopal form\u00f3 parte de las Comisiones de Biblia, Diaconado y Ministerios Laicales. Fue responsable de las Dimensiones de Ministerios Laicales, de Educaci\u00f3n y Cultura. Ha participado en encuentros latinoamericanos y mundiales sobre el Diaconado Permanente. Actualmente es el responsable de la Dimensi\u00f3n de Pastoral de la Cultura. Particip\u00f3 como Miembro del S\u00ednodo de Obispos sobre la Palabra de Dios en la Vida y Misi\u00f3n de la Iglesia en Roma, en 2008. Recibi\u00f3 el nombramiento de obispo coadjutor de San Crist\u00f3bal de las Casas en 2014. Nombrado II obispo de Irapuato el d\u00eda 11 de marzo, tom\u00f3 posesi\u00f3n el 19 de Mayo. Colabora en varias revistas y publicaciones sobre todo con la reflexi\u00f3n diaria y dominical tanto en audio como escrita.\",\"url\":\"https:\\\/\\\/exaudi.org\\\/it\\\/author\\\/enriquediaz\\\/\"}]}<\/script>\n<!-- \/ Yoast SEO plugin. -->","yoast_head_json":{"title":"Riflessione di Mons. Enrique D\u00edaz: \u201cParla Signore, il tuo servo ti ascolta\u201d &#8211; Exaudi","robots":{"index":"index","follow":"follow","max-snippet":"max-snippet:-1","max-image-preview":"max-image-preview:large","max-video-preview":"max-video-preview:-1"},"canonical":"https:\/\/exaudi.org\/it\/riflessione-di-mons-enrique-diaz-parla-signore\/","og_locale":"it_IT","og_type":"article","og_title":"Riflessione di Mons. Enrique D\u00edaz: \u201cParla Signore, il tuo servo ti ascolta\u201d &#8211; Exaudi","og_description":"Seconda Domenica Ordinaria","og_url":"https:\/\/exaudi.org\/it\/riflessione-di-mons-enrique-diaz-parla-signore\/","og_site_name":"Exaudi","article_publisher":"https:\/\/www.facebook.com\/ExaudiNews","article_published_time":"2024-01-13T16:43:26+00:00","article_modified_time":"2024-01-14T01:12:45+00:00","og_image":[{"width":1920,"height":2560,"url":"https:\/\/exaudi.org\/wp-content\/uploads\/2024\/01\/cathopic_1484365808735456-scaled.jpg","type":"image\/jpeg"}],"author":"Enrique D\u00edaz","twitter_card":"summary_large_image","twitter_creator":"@Exaudi_News","twitter_site":"@Exaudi_News","twitter_misc":{"Scritto da":"Enrique D\u00edaz","Tempo di lettura stimato":"5 minuti"},"schema":{"@context":"https:\/\/schema.org","@graph":[{"@type":"Article","@id":"https:\/\/exaudi.org\/it\/riflessione-di-mons-enrique-diaz-parla-signore\/#article","isPartOf":{"@id":"https:\/\/exaudi.org\/it\/riflessione-di-mons-enrique-diaz-parla-signore\/"},"author":{"name":"Enrique D\u00edaz","@id":"https:\/\/exaudi.org\/#\/schema\/person\/c02ffbd10830fa375f6882f7dcf1844d"},"headline":"Riflessione di Mons. Enrique D\u00edaz: \u201cParla Signore, il tuo servo ti ascolta\u201d","datePublished":"2024-01-13T16:43:26+00:00","dateModified":"2024-01-14T01:12:45+00:00","mainEntityOfPage":{"@id":"https:\/\/exaudi.org\/it\/riflessione-di-mons-enrique-diaz-parla-signore\/"},"wordCount":1020,"image":{"@id":"https:\/\/exaudi.org\/it\/riflessione-di-mons-enrique-diaz-parla-signore\/#primaryimage"},"thumbnailUrl":"https:\/\/exaudi.org\/wp-content\/uploads\/2024\/01\/cathopic_1484365808735456-scaled.jpg","keywords":["Commento","ENRIQUE D\u00cdAZ","Featured","Featured","Trending","Vangelo"],"articleSection":["Chiesa e Mondo","Spiritualit\u00e0"],"inLanguage":"it-IT"},{"@type":"WebPage","@id":"https:\/\/exaudi.org\/it\/riflessione-di-mons-enrique-diaz-parla-signore\/","url":"https:\/\/exaudi.org\/it\/riflessione-di-mons-enrique-diaz-parla-signore\/","name":"Riflessione di Mons. Enrique D\u00edaz: \u201cParla Signore, il tuo servo ti ascolta\u201d &#8211; Exaudi","isPartOf":{"@id":"https:\/\/exaudi.org\/#website"},"primaryImageOfPage":{"@id":"https:\/\/exaudi.org\/it\/riflessione-di-mons-enrique-diaz-parla-signore\/#primaryimage"},"image":{"@id":"https:\/\/exaudi.org\/it\/riflessione-di-mons-enrique-diaz-parla-signore\/#primaryimage"},"thumbnailUrl":"https:\/\/exaudi.org\/wp-content\/uploads\/2024\/01\/cathopic_1484365808735456-scaled.jpg","datePublished":"2024-01-13T16:43:26+00:00","dateModified":"2024-01-14T01:12:45+00:00","author":{"@id":"https:\/\/exaudi.org\/#\/schema\/person\/c02ffbd10830fa375f6882f7dcf1844d"},"breadcrumb":{"@id":"https:\/\/exaudi.org\/it\/riflessione-di-mons-enrique-diaz-parla-signore\/#breadcrumb"},"inLanguage":"it-IT","potentialAction":[{"@type":"ReadAction","target":["https:\/\/exaudi.org\/it\/riflessione-di-mons-enrique-diaz-parla-signore\/"]}]},{"@type":"ImageObject","inLanguage":"it-IT","@id":"https:\/\/exaudi.org\/it\/riflessione-di-mons-enrique-diaz-parla-signore\/#primaryimage","url":"https:\/\/exaudi.org\/wp-content\/uploads\/2024\/01\/cathopic_1484365808735456-scaled.jpg","contentUrl":"https:\/\/exaudi.org\/wp-content\/uploads\/2024\/01\/cathopic_1484365808735456-scaled.jpg","width":1920,"height":2560,"caption":"Cathopic"},{"@type":"BreadcrumbList","@id":"https:\/\/exaudi.org\/it\/riflessione-di-mons-enrique-diaz-parla-signore\/#breadcrumb","itemListElement":[{"@type":"ListItem","position":1,"name":"Portada","item":"https:\/\/exaudi.org\/it\/"},{"@type":"ListItem","position":2,"name":"Riflessione di Mons. Enrique D\u00edaz: \u201cParla Signore, il tuo servo ti ascolta\u201d"}]},{"@type":"WebSite","@id":"https:\/\/exaudi.org\/#website","url":"https:\/\/exaudi.org\/","name":"Exaudi","description":"News","potentialAction":[{"@type":"SearchAction","target":{"@type":"EntryPoint","urlTemplate":"https:\/\/exaudi.org\/?s={search_term_string}"},"query-input":{"@type":"PropertyValueSpecification","valueRequired":true,"valueName":"search_term_string"}}],"inLanguage":"it-IT"},{"@type":"Person","@id":"https:\/\/exaudi.org\/#\/schema\/person\/c02ffbd10830fa375f6882f7dcf1844d","name":"Enrique D\u00edaz","image":{"@type":"ImageObject","inLanguage":"it-IT","@id":"https:\/\/secure.gravatar.com\/avatar\/7ca10be5325a95d04b74082d68ba605aa69611eb0f68f47096cb1bc349873284?s=96&d=mm&r=g","url":"https:\/\/secure.gravatar.com\/avatar\/7ca10be5325a95d04b74082d68ba605aa69611eb0f68f47096cb1bc349873284?s=96&d=mm&r=g","contentUrl":"https:\/\/secure.gravatar.com\/avatar\/7ca10be5325a95d04b74082d68ba605aa69611eb0f68f47096cb1bc349873284?s=96&d=mm&r=g","caption":"Enrique D\u00edaz"},"description":"Naci\u00f3 en Huandacareo, Michoac\u00e1n, M\u00e9xico, en 1952. Realiz\u00f3 sus estudios de Filosof\u00eda y Teolog\u00eda en el Seminario de Morelia. Ordenado di\u00e1cono el 22 de mayo de 1977, y presb\u00edtero el 23 de octubre del mismo a\u00f1o. Obtuvo la Licenciatura en Sagrada Escritura en el Pontificio Instituto B\u00edblico en Roma. Ha desarrollado m\u00faltiples encargos pastorales como el de capell\u00e1n de la rector\u00eda de las Tres Aves Mar\u00edas; responsable de la Pastoral B\u00edblica Diocesana y director de la Escuela B\u00edblica en Morelia; maestro de Biblia en el Seminario Conciliar de Morelia, p\u00e1rroco de la Parroquia de Nuestra Se\u00f1ora de Guadalupe, Col. Guadalupe, Morelia; o vicario episcopal para la Zona de Nuestra Se\u00f1ora de la Luz, P\u00e1tzcuaro. Ordenado obispo auxiliar de san Crist\u00f3bal de las Casas en 2003. En la Conferencia Episcopal form\u00f3 parte de las Comisiones de Biblia, Diaconado y Ministerios Laicales. Fue responsable de las Dimensiones de Ministerios Laicales, de Educaci\u00f3n y Cultura. Ha participado en encuentros latinoamericanos y mundiales sobre el Diaconado Permanente. Actualmente es el responsable de la Dimensi\u00f3n de Pastoral de la Cultura. Particip\u00f3 como Miembro del S\u00ednodo de Obispos sobre la Palabra de Dios en la Vida y Misi\u00f3n de la Iglesia en Roma, en 2008. Recibi\u00f3 el nombramiento de obispo coadjutor de San Crist\u00f3bal de las Casas en 2014. Nombrado II obispo de Irapuato el d\u00eda 11 de marzo, tom\u00f3 posesi\u00f3n el 19 de Mayo. Colabora en varias revistas y publicaciones sobre todo con la reflexi\u00f3n diaria y dominical tanto en audio como escrita.","url":"https:\/\/exaudi.org\/it\/author\/enriquediaz\/"}]}},"jetpack_featured_media_url":"https:\/\/exaudi.org\/wp-content\/uploads\/2024\/01\/cathopic_1484365808735456-scaled.jpg","jetpack_shortlink":"https:\/\/wp.me\/pgKjF2-nWs","_links":{"self":[{"href":"https:\/\/exaudi.org\/it\/wp-json\/wp\/v2\/posts\/92036","targetHints":{"allow":["GET"]}}],"collection":[{"href":"https:\/\/exaudi.org\/it\/wp-json\/wp\/v2\/posts"}],"about":[{"href":"https:\/\/exaudi.org\/it\/wp-json\/wp\/v2\/types\/post"}],"author":[{"embeddable":true,"href":"https:\/\/exaudi.org\/it\/wp-json\/wp\/v2\/users\/25"}],"replies":[{"embeddable":true,"href":"https:\/\/exaudi.org\/it\/wp-json\/wp\/v2\/comments?post=92036"}],"version-history":[{"count":0,"href":"https:\/\/exaudi.org\/it\/wp-json\/wp\/v2\/posts\/92036\/revisions"}],"wp:featuredmedia":[{"embeddable":true,"href":"https:\/\/exaudi.org\/it\/wp-json\/wp\/v2\/media\/92021"}],"wp:attachment":[{"href":"https:\/\/exaudi.org\/it\/wp-json\/wp\/v2\/media?parent=92036"}],"wp:term":[{"taxonomy":"category","embeddable":true,"href":"https:\/\/exaudi.org\/it\/wp-json\/wp\/v2\/categories?post=92036"},{"taxonomy":"post_tag","embeddable":true,"href":"https:\/\/exaudi.org\/it\/wp-json\/wp\/v2\/tags?post=92036"}],"curies":[{"name":"wp","href":"https:\/\/api.w.org\/{rel}","templated":true}]}}