{"id":92004,"date":"2024-01-12T23:42:31","date_gmt":"2024-01-12T22:42:31","guid":{"rendered":"https:\/\/exaudi.org\/?p=92004"},"modified":"2024-01-12T23:42:31","modified_gmt":"2024-01-12T22:42:31","slug":"comunicare-dal-cuore-testimonianza-coraggio-e-visione-ampia","status":"publish","type":"post","link":"https:\/\/exaudi.org\/it\/comunicare-dal-cuore-testimonianza-coraggio-e-visione-ampia\/","title":{"rendered":"&#8220;Comunicare dal cuore: testimonianza, coraggio e visione ampia&#8221;"},"content":{"rendered":"<p>Questa mattina, nel Palazzo Apostolico Vaticano, il Santo Padre Francesco ha ricevuto in Udienza i partecipanti al Simposio \u201cUniversit\u00e9 des Communicants en \u00c9glise\u201d promosso dalla Conferenza dei Vescovi di Francia.<\/p>\n<p>Pubblichiamo di seguito le parole a braccio rivolte ai presenti dal Santo Padre e il testo del discorso che era stato preparato per l\u2019occasione e che \u00e8 stato consegnato ai presenti:<\/p>\n<p><strong>Parole a braccio del Santo Padre<\/strong><\/p>\n<p><i>Cari fratelli e sorelle!<\/i><\/p>\n<p>Do il mio benvenuto a voi che in Francia siete responsabili della comunicazione di diocesi, congregazioni religiose, associazioni e movimenti cattolici, nuove comunit\u00e0 e parrocchie. Vi ringrazio di essere venuti. Vorrei leggere tutto il discorso ma ho un problema, ho un po\u2019 di bronchite, e non posso parlare bene. Se voi non vi offendete, consegner\u00f2 la copia del discorso. Scusatemi. La consegner\u00f2 perch\u00e9 la diano a tutti voi, ma faccio tanta fatica a parlare. Grazie della vostra comprensione. E grazie di essere venuti. Grazie tante del vostro lavoro, perch\u00e9 non \u00e8 facile comunicare, ma la prima cosa che fa una persona \u00e8 comunicare. Da Adamo quando vide Eva, comunic\u00f2. Comunicare \u00e8 la cosa pi\u00f9 umana che esiste. Andate avanti su questo.<\/p>\n<p>E adesso vi dar\u00f2 la benedizione e poi saluter\u00f2 a uno a uno, perch\u00e9 per salutare non devo parlare. Lo faccio di cuore.<\/p>\n<p>______________________________<\/p>\n<p><b>Testo consegnato<\/b><\/p>\n<p>La comunicazione \u00e8 la vostra missione. Una grande missione, in un mondo cos\u00ec iperconnesso e bombardato di notizie. Per questo avete deciso di fare ogni tanto una sosta \u2013 questa volta a Roma \u2013 per condividere, per pregare, per ascoltare. Quanto ne abbiamo bisogno! Lo dico in prima persona, perch\u00e9 anche il ministero del Papa oggi \u00e8 dentro il mondo della comunicazione. E allora questi momenti servono a ritrovare la radice di quello che comunichiamo, la verit\u00e0 che siamo chiamati a testimoniare, la comunione che ci unisce in Ges\u00f9 Cristo; ci aiutano a non cadere nell\u2019errore di pensare che l\u2019oggetto della nostra comunicazione siano le nostre strategie o imprese individuali; a non chiuderci nelle nostre solitudini, nelle nostre paure o ambizioni; a non puntare tutto sul progresso tecnologico.<\/p>\n<p>La sfida della buona comunicazione \u00e8 oggi pi\u00f9 complessa che mai, e il rischio \u00e8 di affrontarla con una mentalit\u00e0 mondana: con l\u2019ossessione del controllo, del potere, del successo; con l\u2019idea che i problemi siano innanzitutto materiali, tecnologici, organizzativi, economici.<\/p>\n<p>So che il primo incontro lo avete tenuto a Paray-le-Monial, la citt\u00e0 del Sacro Cuore, di Santa Margherita Maria Alacoque. Un luogo che richiama al centro, alla sorgente da cui \u00e8 sgorgata e continuamente sgorga la salvezza per l\u2019umanit\u00e0. E che ci dice anche l\u2019importanza di comunicare con il cuore, di ascoltare con il cuore, di vedere con il cuore cose che gli altri non vedono; per condividerle e raccontarle, rovesciando la prospettiva e le categorie del mondo. C\u2019\u00e8 tanto bisogno di questo. Ripartire dal cuore.<\/p>\n<p>Siete stati anche a Lisieux, la citt\u00e0 di Santa Teresina, testimone di una radicalit\u00e0 evangelica che \u00e8 salutare anche per il comunicare del nostro tempo, cos\u00ec inquinato da parole roboanti, da sogni di potere e di grandezza. Comunicare per noi non \u00e8 sovrastare con la nostra voce quella degli altri, non \u00e8 fare propaganda; a volte \u00e8 anche tacere; non \u00e8 nascondersi dietro slogan o frasi fatte. Comunicare per noi non \u00e8 puntare tutto sull\u2019organizzazione, non \u00e8 questione di\u00a0<i>marketing<\/i>; non \u00e8 solo adottare questa o quella tecnica. Per noi comunicare \u00e8 stare nel mondo per farsi carico dell\u2019altro, degli altri, \u00e8 farsi tutto a tutti; \u00e8 condividere una lettura cristiana degli avvenimenti; \u00e8 non arrendersi alla cultura dell\u2019aggressivit\u00e0 e della denigrazione; \u00e8 costruire una rete di condivisione del bene, del vero e del bello fatta di relazioni sincere; \u00e8 coinvolgere nella nostra comunicazione i giovani.<\/p>\n<p>Come non ricordare la celebre frase di San Francesco di Sales, patrono dei giornalisti e dei comunicatori cattolici: \u00ab<i>Le bruit fait peu de bien, le bien fait peu de bruit<\/i>\u00bb.<\/p>\n<p>Cari amici, pensando al vostro lavoro, vorrei lasciarvi tre parole come tracce di cammino: testimonianza, coraggio e sguardo largo.<\/p>\n<p>La prima. Ricordare che la comunicazione \u00e8 soprattutto\u00a0<i>testimonianza<\/i>. E quando \u00e8 fatta di parole, di immagini, \u00e8 un modo per condividere questa testimonianza. \u00c8 questo che ci rende credibili nella relazione con i\u00a0<i>media<\/i>\u00a0secolari; ed \u00e8 questo anche che rende sempre pi\u00f9 attrattiva e fa crescere giorno dopo giorno, da persona a persona, la nostra rete di comunicazione. So che, dopo la vergogna per lo scandalo degli abusi, la Chiesa in Francia sta vivendo un cammino di purificazione. Andate avanti. I momenti pi\u00f9 bui sono spesso quelli che precedono la luce.\u00a0<a href=\"https:\/\/www.vatican.va\/content\/francesco\/it\/travels\/2023\/outside\/documents\/marsiglia-2023.html\">A Marsiglia<\/a>\u00a0ho potuto vedere quanta vitalit\u00e0 c\u2019\u00e8 nella Chiesa di Francia. Non esitate a condividere attraverso la comunicazione tutto il bene che c\u2019\u00e8 nelle vostre diocesi, nelle congregazioni, nei movimenti. Non esitate a costruire con la comunicazione la comunione nella Chiesa e la fratellanza nel mondo. Siate creativi. Siate accoglienti. La societ\u00e0 vuole e ha bisogno di sentire la parola della Chiesa come Madre amorevole di tutti.<\/p>\n<p>La seconda traccia: non abbiate paura, ma coraggio. Un coraggio diverso da quello di chi crede di essere lui o lei il centro. Il coraggio che viene dall\u2019umilt\u00e0 e dalla seriet\u00e0 professionale, e che fa della vostra comunicazione una rete coesa e nello stesso tempo aperta, estroversa. Lo so, non \u00e8 facile. Ma questa \u00e8 la vostra, la nostra missione. E anche se i destinatari possono sembrarvi indifferenti, scettici, a volte critici, addirittura ostili, non scoraggiatevi. Non giudicateli. Condividete la gioia del Vangelo, l\u2019amore che ci fa conoscere Dio e capire il mondo. Anche gli uomini e le donne del nostro tempo hanno sete di Dio, cercano un incontro con Lui e lo cercano anche attraverso di voi.<\/p>\n<p>La terza parola \u00e8\u00a0<i>sguardo largo<\/i>. Guardare lontano. Guardare al mondo intero nella sua bellezza e complessit\u00e0. In mezzo alle mormorazioni del nostro tempo, all\u2019incapacit\u00e0 di vedere l\u2019essenziale, scoprire che ci\u00f2 che ci unisce \u00e8 sempre pi\u00f9 grande di quello che ci divide; e che va comunicato, con la creativit\u00e0 che nasce dall\u2019amore. Ricordiamolo sempre. \u00c8 una verit\u00e0 ignorata, ma \u00e8 la carit\u00e0 che spiega tutto. Tutto diventa pi\u00f9 chiaro \u2013 anche la nostra comunicazione \u2013 a partire da un cuore che vede con amore.<\/p>\n<p>Cari fratelli e sorelle, grazie per quello che fate! Benedico voi e il vostro lavoro. E per favore, non dimenticatevi di pregare per me.<\/p>\n","protected":false},"excerpt":{"rendered":"<p>Udienza ai partecipanti al Simposio \u201cUniversit\u00e9 des Communicants en \u00c9glise\u201d<\/p>\n","protected":false},"author":17,"featured_media":92005,"comment_status":"closed","ping_status":"closed","sticky":false,"template":"","format":"standard","meta":{"_acf_changed":false,"_crdt_document":"","inline_featured_image":false,"footnotes":""},"categories":[67],"tags":[251,4952,1843],"class_list":["post-92004","post","type-post","status-publish","format-standard","has-post-thumbnail","hentry","category-leone-xiv","tag-papa-francesco","tag-trending-it","tag-udienza"],"acf":[],"yoast_head":"<!-- This site is optimized with the Yoast SEO plugin v27.4 - https:\/\/yoast.com\/product\/yoast-seo-wordpress\/ -->\n<title>&quot;Comunicare dal cuore: testimonianza, coraggio e visione ampia&quot; &#8211; Exaudi<\/title>\n<meta name=\"robots\" content=\"index, follow, max-snippet:-1, max-image-preview:large, max-video-preview:-1\" \/>\n<link rel=\"canonical\" href=\"https:\/\/exaudi.org\/it\/comunicare-dal-cuore-testimonianza-coraggio-e-visione-ampia\/\" \/>\n<meta property=\"og:locale\" content=\"it_IT\" \/>\n<meta property=\"og:type\" content=\"article\" \/>\n<meta property=\"og:title\" content=\"&quot;Comunicare dal cuore: testimonianza, coraggio e visione ampia&quot; &#8211; Exaudi\" \/>\n<meta property=\"og:description\" content=\"Udienza ai partecipanti al Simposio \u201cUniversit\u00e9 des Communicants en \u00c9glise\u201d\" \/>\n<meta property=\"og:url\" content=\"https:\/\/exaudi.org\/it\/comunicare-dal-cuore-testimonianza-coraggio-e-visione-ampia\/\" \/>\n<meta property=\"og:site_name\" content=\"Exaudi\" \/>\n<meta property=\"article:publisher\" content=\"https:\/\/www.facebook.com\/ExaudiNews\" \/>\n<meta property=\"article:author\" content=\"https:\/\/www.facebook.com\/ExaudiNotizie\/\" \/>\n<meta property=\"article:published_time\" content=\"2024-01-12T22:42:31+00:00\" \/>\n<meta property=\"og:image\" content=\"https:\/\/exaudi.org\/wp-content\/uploads\/2024\/01\/cq5dam.web_.800.800-18.jpeg\" \/>\n\t<meta property=\"og:image:width\" content=\"800\" \/>\n\t<meta property=\"og:image:height\" content=\"533\" \/>\n\t<meta property=\"og:image:type\" content=\"image\/jpeg\" \/>\n<meta name=\"author\" content=\"Exaudi Redazione\" \/>\n<meta name=\"twitter:card\" content=\"summary_large_image\" \/>\n<meta name=\"twitter:creator\" content=\"@Exaudi_Notizie\" \/>\n<meta name=\"twitter:site\" content=\"@Exaudi_News\" \/>\n<meta name=\"twitter:label1\" content=\"Scritto da\" \/>\n\t<meta name=\"twitter:data1\" content=\"Exaudi Redazione\" \/>\n\t<meta name=\"twitter:label2\" content=\"Tempo di lettura stimato\" \/>\n\t<meta name=\"twitter:data2\" content=\"5 minuti\" \/>\n<script type=\"application\/ld+json\" class=\"yoast-schema-graph\">{\"@context\":\"https:\\\/\\\/schema.org\",\"@graph\":[{\"@type\":\"Article\",\"@id\":\"https:\\\/\\\/exaudi.org\\\/it\\\/comunicare-dal-cuore-testimonianza-coraggio-e-visione-ampia\\\/#article\",\"isPartOf\":{\"@id\":\"https:\\\/\\\/exaudi.org\\\/it\\\/comunicare-dal-cuore-testimonianza-coraggio-e-visione-ampia\\\/\"},\"author\":{\"name\":\"Exaudi Redazione\",\"@id\":\"https:\\\/\\\/exaudi.org\\\/#\\\/schema\\\/person\\\/e1ab6ed07c01774724dd96f925f3a5f0\"},\"headline\":\"&#8220;Comunicare dal cuore: testimonianza, coraggio e visione ampia&#8221;\",\"datePublished\":\"2024-01-12T22:42:31+00:00\",\"mainEntityOfPage\":{\"@id\":\"https:\\\/\\\/exaudi.org\\\/it\\\/comunicare-dal-cuore-testimonianza-coraggio-e-visione-ampia\\\/\"},\"wordCount\":1039,\"image\":{\"@id\":\"https:\\\/\\\/exaudi.org\\\/it\\\/comunicare-dal-cuore-testimonianza-coraggio-e-visione-ampia\\\/#primaryimage\"},\"thumbnailUrl\":\"https:\\\/\\\/exaudi.org\\\/wp-content\\\/uploads\\\/2024\\\/01\\\/cq5dam.web_.800.800-18.jpeg\",\"keywords\":[\"Papa Francesco\",\"Trending\",\"udienza\"],\"articleSection\":[\"Leone XIV\"],\"inLanguage\":\"it-IT\"},{\"@type\":\"WebPage\",\"@id\":\"https:\\\/\\\/exaudi.org\\\/it\\\/comunicare-dal-cuore-testimonianza-coraggio-e-visione-ampia\\\/\",\"url\":\"https:\\\/\\\/exaudi.org\\\/it\\\/comunicare-dal-cuore-testimonianza-coraggio-e-visione-ampia\\\/\",\"name\":\"\\\"Comunicare dal cuore: testimonianza, coraggio e visione ampia\\\" &#8211; Exaudi\",\"isPartOf\":{\"@id\":\"https:\\\/\\\/exaudi.org\\\/#website\"},\"primaryImageOfPage\":{\"@id\":\"https:\\\/\\\/exaudi.org\\\/it\\\/comunicare-dal-cuore-testimonianza-coraggio-e-visione-ampia\\\/#primaryimage\"},\"image\":{\"@id\":\"https:\\\/\\\/exaudi.org\\\/it\\\/comunicare-dal-cuore-testimonianza-coraggio-e-visione-ampia\\\/#primaryimage\"},\"thumbnailUrl\":\"https:\\\/\\\/exaudi.org\\\/wp-content\\\/uploads\\\/2024\\\/01\\\/cq5dam.web_.800.800-18.jpeg\",\"datePublished\":\"2024-01-12T22:42:31+00:00\",\"author\":{\"@id\":\"https:\\\/\\\/exaudi.org\\\/#\\\/schema\\\/person\\\/e1ab6ed07c01774724dd96f925f3a5f0\"},\"breadcrumb\":{\"@id\":\"https:\\\/\\\/exaudi.org\\\/it\\\/comunicare-dal-cuore-testimonianza-coraggio-e-visione-ampia\\\/#breadcrumb\"},\"inLanguage\":\"it-IT\",\"potentialAction\":[{\"@type\":\"ReadAction\",\"target\":[\"https:\\\/\\\/exaudi.org\\\/it\\\/comunicare-dal-cuore-testimonianza-coraggio-e-visione-ampia\\\/\"]}]},{\"@type\":\"ImageObject\",\"inLanguage\":\"it-IT\",\"@id\":\"https:\\\/\\\/exaudi.org\\\/it\\\/comunicare-dal-cuore-testimonianza-coraggio-e-visione-ampia\\\/#primaryimage\",\"url\":\"https:\\\/\\\/exaudi.org\\\/wp-content\\\/uploads\\\/2024\\\/01\\\/cq5dam.web_.800.800-18.jpeg\",\"contentUrl\":\"https:\\\/\\\/exaudi.org\\\/wp-content\\\/uploads\\\/2024\\\/01\\\/cq5dam.web_.800.800-18.jpeg\",\"width\":800,\"height\":533,\"caption\":\"Vatican Media\"},{\"@type\":\"BreadcrumbList\",\"@id\":\"https:\\\/\\\/exaudi.org\\\/it\\\/comunicare-dal-cuore-testimonianza-coraggio-e-visione-ampia\\\/#breadcrumb\",\"itemListElement\":[{\"@type\":\"ListItem\",\"position\":1,\"name\":\"Portada\",\"item\":\"https:\\\/\\\/exaudi.org\\\/it\\\/\"},{\"@type\":\"ListItem\",\"position\":2,\"name\":\"&#8220;Comunicare dal cuore: testimonianza, coraggio e visione ampia&#8221;\"}]},{\"@type\":\"WebSite\",\"@id\":\"https:\\\/\\\/exaudi.org\\\/#website\",\"url\":\"https:\\\/\\\/exaudi.org\\\/\",\"name\":\"Exaudi\",\"description\":\"News\",\"potentialAction\":[{\"@type\":\"SearchAction\",\"target\":{\"@type\":\"EntryPoint\",\"urlTemplate\":\"https:\\\/\\\/exaudi.org\\\/?s={search_term_string}\"},\"query-input\":{\"@type\":\"PropertyValueSpecification\",\"valueRequired\":true,\"valueName\":\"search_term_string\"}}],\"inLanguage\":\"it-IT\"},{\"@type\":\"Person\",\"@id\":\"https:\\\/\\\/exaudi.org\\\/#\\\/schema\\\/person\\\/e1ab6ed07c01774724dd96f925f3a5f0\",\"name\":\"Exaudi Redazione\",\"image\":{\"@type\":\"ImageObject\",\"inLanguage\":\"it-IT\",\"@id\":\"https:\\\/\\\/secure.gravatar.com\\\/avatar\\\/ad6774b3ada023bf5b939d64f45c94b3adf91502dd883507d469b4308a943bb3?s=96&d=mm&r=g\",\"url\":\"https:\\\/\\\/secure.gravatar.com\\\/avatar\\\/ad6774b3ada023bf5b939d64f45c94b3adf91502dd883507d469b4308a943bb3?s=96&d=mm&r=g\",\"contentUrl\":\"https:\\\/\\\/secure.gravatar.com\\\/avatar\\\/ad6774b3ada023bf5b939d64f45c94b3adf91502dd883507d469b4308a943bb3?s=96&d=mm&r=g\",\"caption\":\"Exaudi Redazione\"},\"description\":\"Che cosa \u00e8 Exaudi News? Exaudi News \u00e8 un agenzia cattolica internazionale che informa, istruisce e trasforma quotidianamente in spagnolo, inglese e italiano. Attraverso notizie, articoli di analisi e trasmissioni in diretta degli eventi del Papa, Exaudi cerca di rafforzare l'unit\u00e0 dei cristiani e di contribuire all'evangelizzazione del mondo, sempre guidato dalla dottrina sociale della Chiesa. Lavoriamo per portare la verit\u00e0 e i valori cristiani in ogni angolo del pianeta. Aiutaci a trasformare il mondo con Exaudi! Noi di Exaudi crediamo che l'evangelizzazione e l'informazione di qualit\u00e0 possano cambiare la vita. Per continuare la nostra missione ed espandere la nostra portata, abbiamo bisogno del tuo aiuto. Stiamo anche cercando persone motivate che vogliano unirsi al nostro team. Grazie al vostro sostegno raggiungeremo pi\u00f9 persone, diffonderemo il messaggio di Cristo e rafforzeremo l'unit\u00e0 dei cristiani. Vuoi unirti alla nostra missione? Per maggiori informazioni su come contribuire, visita Exaudi.org\\\/it o contattaci direttamente: info@exaudi.org Exaudi: informa, forma e trasforma.\",\"sameAs\":[\"https:\\\/\\\/www.facebook.com\\\/ExaudiNotizie\\\/\",\"https:\\\/\\\/www.instagram.com\\\/Exaudi_notizie\\\/\",\"https:\\\/\\\/x.com\\\/Exaudi_Notizie\",\"https:\\\/\\\/www.youtube.com\\\/@exaudicatholicnews\"],\"url\":\"https:\\\/\\\/exaudi.org\\\/it\\\/author\\\/dlvedi-org\\\/\"}]}<\/script>\n<!-- \/ Yoast SEO plugin. -->","yoast_head_json":{"title":"\"Comunicare dal cuore: testimonianza, coraggio e visione ampia\" &#8211; Exaudi","robots":{"index":"index","follow":"follow","max-snippet":"max-snippet:-1","max-image-preview":"max-image-preview:large","max-video-preview":"max-video-preview:-1"},"canonical":"https:\/\/exaudi.org\/it\/comunicare-dal-cuore-testimonianza-coraggio-e-visione-ampia\/","og_locale":"it_IT","og_type":"article","og_title":"\"Comunicare dal cuore: testimonianza, coraggio e visione ampia\" &#8211; Exaudi","og_description":"Udienza ai partecipanti al Simposio \u201cUniversit\u00e9 des Communicants en \u00c9glise\u201d","og_url":"https:\/\/exaudi.org\/it\/comunicare-dal-cuore-testimonianza-coraggio-e-visione-ampia\/","og_site_name":"Exaudi","article_publisher":"https:\/\/www.facebook.com\/ExaudiNews","article_author":"https:\/\/www.facebook.com\/ExaudiNotizie\/","article_published_time":"2024-01-12T22:42:31+00:00","og_image":[{"width":800,"height":533,"url":"https:\/\/exaudi.org\/wp-content\/uploads\/2024\/01\/cq5dam.web_.800.800-18.jpeg","type":"image\/jpeg"}],"author":"Exaudi Redazione","twitter_card":"summary_large_image","twitter_creator":"@Exaudi_Notizie","twitter_site":"@Exaudi_News","twitter_misc":{"Scritto da":"Exaudi Redazione","Tempo di lettura stimato":"5 minuti"},"schema":{"@context":"https:\/\/schema.org","@graph":[{"@type":"Article","@id":"https:\/\/exaudi.org\/it\/comunicare-dal-cuore-testimonianza-coraggio-e-visione-ampia\/#article","isPartOf":{"@id":"https:\/\/exaudi.org\/it\/comunicare-dal-cuore-testimonianza-coraggio-e-visione-ampia\/"},"author":{"name":"Exaudi Redazione","@id":"https:\/\/exaudi.org\/#\/schema\/person\/e1ab6ed07c01774724dd96f925f3a5f0"},"headline":"&#8220;Comunicare dal cuore: testimonianza, coraggio e visione ampia&#8221;","datePublished":"2024-01-12T22:42:31+00:00","mainEntityOfPage":{"@id":"https:\/\/exaudi.org\/it\/comunicare-dal-cuore-testimonianza-coraggio-e-visione-ampia\/"},"wordCount":1039,"image":{"@id":"https:\/\/exaudi.org\/it\/comunicare-dal-cuore-testimonianza-coraggio-e-visione-ampia\/#primaryimage"},"thumbnailUrl":"https:\/\/exaudi.org\/wp-content\/uploads\/2024\/01\/cq5dam.web_.800.800-18.jpeg","keywords":["Papa Francesco","Trending","udienza"],"articleSection":["Leone XIV"],"inLanguage":"it-IT"},{"@type":"WebPage","@id":"https:\/\/exaudi.org\/it\/comunicare-dal-cuore-testimonianza-coraggio-e-visione-ampia\/","url":"https:\/\/exaudi.org\/it\/comunicare-dal-cuore-testimonianza-coraggio-e-visione-ampia\/","name":"\"Comunicare dal cuore: testimonianza, coraggio e visione ampia\" &#8211; Exaudi","isPartOf":{"@id":"https:\/\/exaudi.org\/#website"},"primaryImageOfPage":{"@id":"https:\/\/exaudi.org\/it\/comunicare-dal-cuore-testimonianza-coraggio-e-visione-ampia\/#primaryimage"},"image":{"@id":"https:\/\/exaudi.org\/it\/comunicare-dal-cuore-testimonianza-coraggio-e-visione-ampia\/#primaryimage"},"thumbnailUrl":"https:\/\/exaudi.org\/wp-content\/uploads\/2024\/01\/cq5dam.web_.800.800-18.jpeg","datePublished":"2024-01-12T22:42:31+00:00","author":{"@id":"https:\/\/exaudi.org\/#\/schema\/person\/e1ab6ed07c01774724dd96f925f3a5f0"},"breadcrumb":{"@id":"https:\/\/exaudi.org\/it\/comunicare-dal-cuore-testimonianza-coraggio-e-visione-ampia\/#breadcrumb"},"inLanguage":"it-IT","potentialAction":[{"@type":"ReadAction","target":["https:\/\/exaudi.org\/it\/comunicare-dal-cuore-testimonianza-coraggio-e-visione-ampia\/"]}]},{"@type":"ImageObject","inLanguage":"it-IT","@id":"https:\/\/exaudi.org\/it\/comunicare-dal-cuore-testimonianza-coraggio-e-visione-ampia\/#primaryimage","url":"https:\/\/exaudi.org\/wp-content\/uploads\/2024\/01\/cq5dam.web_.800.800-18.jpeg","contentUrl":"https:\/\/exaudi.org\/wp-content\/uploads\/2024\/01\/cq5dam.web_.800.800-18.jpeg","width":800,"height":533,"caption":"Vatican Media"},{"@type":"BreadcrumbList","@id":"https:\/\/exaudi.org\/it\/comunicare-dal-cuore-testimonianza-coraggio-e-visione-ampia\/#breadcrumb","itemListElement":[{"@type":"ListItem","position":1,"name":"Portada","item":"https:\/\/exaudi.org\/it\/"},{"@type":"ListItem","position":2,"name":"&#8220;Comunicare dal cuore: testimonianza, coraggio e visione ampia&#8221;"}]},{"@type":"WebSite","@id":"https:\/\/exaudi.org\/#website","url":"https:\/\/exaudi.org\/","name":"Exaudi","description":"News","potentialAction":[{"@type":"SearchAction","target":{"@type":"EntryPoint","urlTemplate":"https:\/\/exaudi.org\/?s={search_term_string}"},"query-input":{"@type":"PropertyValueSpecification","valueRequired":true,"valueName":"search_term_string"}}],"inLanguage":"it-IT"},{"@type":"Person","@id":"https:\/\/exaudi.org\/#\/schema\/person\/e1ab6ed07c01774724dd96f925f3a5f0","name":"Exaudi Redazione","image":{"@type":"ImageObject","inLanguage":"it-IT","@id":"https:\/\/secure.gravatar.com\/avatar\/ad6774b3ada023bf5b939d64f45c94b3adf91502dd883507d469b4308a943bb3?s=96&d=mm&r=g","url":"https:\/\/secure.gravatar.com\/avatar\/ad6774b3ada023bf5b939d64f45c94b3adf91502dd883507d469b4308a943bb3?s=96&d=mm&r=g","contentUrl":"https:\/\/secure.gravatar.com\/avatar\/ad6774b3ada023bf5b939d64f45c94b3adf91502dd883507d469b4308a943bb3?s=96&d=mm&r=g","caption":"Exaudi Redazione"},"description":"Che cosa \u00e8 Exaudi News? Exaudi News \u00e8 un agenzia cattolica internazionale che informa, istruisce e trasforma quotidianamente in spagnolo, inglese e italiano. Attraverso notizie, articoli di analisi e trasmissioni in diretta degli eventi del Papa, Exaudi cerca di rafforzare l'unit\u00e0 dei cristiani e di contribuire all'evangelizzazione del mondo, sempre guidato dalla dottrina sociale della Chiesa. Lavoriamo per portare la verit\u00e0 e i valori cristiani in ogni angolo del pianeta. Aiutaci a trasformare il mondo con Exaudi! Noi di Exaudi crediamo che l'evangelizzazione e l'informazione di qualit\u00e0 possano cambiare la vita. Per continuare la nostra missione ed espandere la nostra portata, abbiamo bisogno del tuo aiuto. Stiamo anche cercando persone motivate che vogliano unirsi al nostro team. Grazie al vostro sostegno raggiungeremo pi\u00f9 persone, diffonderemo il messaggio di Cristo e rafforzeremo l'unit\u00e0 dei cristiani. Vuoi unirti alla nostra missione? Per maggiori informazioni su come contribuire, visita Exaudi.org\/it o contattaci direttamente: info@exaudi.org Exaudi: informa, forma e trasforma.","sameAs":["https:\/\/www.facebook.com\/ExaudiNotizie\/","https:\/\/www.instagram.com\/Exaudi_notizie\/","https:\/\/x.com\/Exaudi_Notizie","https:\/\/www.youtube.com\/@exaudicatholicnews"],"url":"https:\/\/exaudi.org\/it\/author\/dlvedi-org\/"}]}},"jetpack_featured_media_url":"https:\/\/exaudi.org\/wp-content\/uploads\/2024\/01\/cq5dam.web_.800.800-18.jpeg","jetpack_shortlink":"https:\/\/wp.me\/pgKjF2-nVW","_links":{"self":[{"href":"https:\/\/exaudi.org\/it\/wp-json\/wp\/v2\/posts\/92004","targetHints":{"allow":["GET"]}}],"collection":[{"href":"https:\/\/exaudi.org\/it\/wp-json\/wp\/v2\/posts"}],"about":[{"href":"https:\/\/exaudi.org\/it\/wp-json\/wp\/v2\/types\/post"}],"author":[{"embeddable":true,"href":"https:\/\/exaudi.org\/it\/wp-json\/wp\/v2\/users\/17"}],"replies":[{"embeddable":true,"href":"https:\/\/exaudi.org\/it\/wp-json\/wp\/v2\/comments?post=92004"}],"version-history":[{"count":0,"href":"https:\/\/exaudi.org\/it\/wp-json\/wp\/v2\/posts\/92004\/revisions"}],"wp:featuredmedia":[{"embeddable":true,"href":"https:\/\/exaudi.org\/it\/wp-json\/wp\/v2\/media\/92005"}],"wp:attachment":[{"href":"https:\/\/exaudi.org\/it\/wp-json\/wp\/v2\/media?parent=92004"}],"wp:term":[{"taxonomy":"category","embeddable":true,"href":"https:\/\/exaudi.org\/it\/wp-json\/wp\/v2\/categories?post=92004"},{"taxonomy":"post_tag","embeddable":true,"href":"https:\/\/exaudi.org\/it\/wp-json\/wp\/v2\/tags?post=92004"}],"curies":[{"name":"wp","href":"https:\/\/api.w.org\/{rel}","templated":true}]}}