{"id":91997,"date":"2024-01-12T23:25:40","date_gmt":"2024-01-12T22:25:40","guid":{"rendered":"https:\/\/exaudi.org\/?p=91997"},"modified":"2024-01-12T23:25:40","modified_gmt":"2024-01-12T22:25:40","slug":"educazione-e-dialogo-tessere-legami-tra-le-chiese","status":"publish","type":"post","link":"https:\/\/exaudi.org\/it\/educazione-e-dialogo-tessere-legami-tra-le-chiese\/","title":{"rendered":"&#8220;Educazione e dialogo: tessere legami tra le Chiese&#8221;"},"content":{"rendered":"<p>Questa mattina, nel Palazzo Apostolico Vaticano, il Santo Padre Francesco ha ricevuto in Udienza il Comitato Cattolico per la Collaborazione Culturale con le Chiese Ortodosse e le Chiese Ortodosse Orientali in occasione del 60\u00b0 anniversario dell\u2019istituzione.<\/p>\n<p>Nel suo discorso, il Papa sottolinea che in questo cammino educativo e spirituale, vogliamo evidenziare l&#8217;importanza della collaborazione tra le diverse tradizioni ecclesiali. Durante questo percorso gli studenti non solo acquisiscono conoscenze accademiche, ma si immergono anche nella ricchezza spirituale e liturgica, condividendo esperienze di vita comunitaria nei collegi ecclesiastici. Questo contatto diretto con comunit\u00e0 specifiche diventa un ponte verso la comprensione reciproca, abbattendo i pregiudizi e costruendo solidi ponti di dialogo e amicizia.<\/p>\n<p>Pubblichiamo di seguito il discorso che il Papa ha rivolge ai presenti nel corso dell\u2019Incontro:<\/p>\n<pre id=\"tw-target-text\" class=\"tw-data-text tw-text-large tw-ta\" dir=\"ltr\" data-placeholder=\"Traducci\u00f3n\" data-ved=\"2ahUKEwjqgeSk69iDAxV-rJUCHUMzDxAQ3ewLegQIBRAQ\"><\/pre>\n<p><strong>Discorso del Santo Padre<\/strong><\/p>\n<p><i>Cari fratelli e sorelle, buongiorno!<\/i><\/p>\n<p>Saluto il Cardinale Koch, il Segretario del\u00a0<a href=\"http:\/\/www.christianunity.va\/content\/unitacristiani\/it.html\">Dicastero<\/a>, e tutti voi, dandovi il benvenuto! \u00c8 bello incontrarvi nell\u2019imminenza della\u00a0<a href=\"http:\/\/www.christianunity.va\/content\/unitacristiani\/it\/settimana-di-preghiera-per-l-unita.html\">Settimana di preghiera per l\u2019unit\u00e0 dei cristiani<\/a>\u00a0e all\u2019inizio di quest\u2019anno, in cui ricorre il 60\u00b0 anniversario dell\u2019istituzione del\u00a0<a href=\"http:\/\/www.christianunity.va\/content\/unitacristiani\/it\/dicastero\/comitato-cattolico-per-la-collaborazione-culturale.html\">Comitato Cattolico per la Collaborazione Culturale<\/a>.<\/p>\n<p>Con il continuo e generoso sostegno dei benefattori, ai quali desidero esprimere viva gratitudine, il vostro Comitato offre a studenti provenienti dalle Chiese ortodosse e ortodosse orientali l\u2019opportunit\u00e0 di perfezionare la formazione presso istituti accademici cattolici, per poi ritornare nelle proprie comunit\u00e0 e mettere a disposizione le competenze acquisite. In questo modo svolgete, a nome di tutta la Chiesa cattolica, un servizio concreto e disinteressato a favore delle Chiese sorelle di Oriente, contribuendo alla preparazione di chierici e di laici che, grazie ai loro studi, potranno servire la missione dell\u2019unico Corpo di Cristo.<\/p>\n<p>Vorrei perci\u00f2 esprimere riconoscenza a quanti sono coinvolti in questo percorso di amore per la Chiesa, in modo speciale ai responsabili del Dicastero per la Promozione dell\u2019Unit\u00e0 dei Cristiani, sotto la cui direzione il Comitato realizza la sua attivit\u00e0, e ai Rettori dei Collegi ecclesiastici che ospitano gli studenti borsisti, per lo spirito di apertura e per la cura con la quale li accolgono e li seguono.<\/p>\n<p>In tal modo, accanto al percorso accademico, \u00e8 possibile conoscere personalmente l\u2019itinerario formativo, spirituale e liturgico di giovani studenti cattolici e soprattutto condividere con loro l\u2019esperienza della vita comunitaria nei collegi ecclesiastici. Questo contatto vivo e diretto con comunit\u00e0 concrete, nelle quali si sperimenta lo stesso desiderio di seguire l\u2019unico Maestro, il Signore Ges\u00f9 Cristo, e di servire la sua Chiesa, aiuta non solo gli studenti ortodossi e ortodossi orientali, ma anche quelli cattolici, a superare pregiudizi, ad abbattere barriere e a costruire ponti di dialogo e di amicizia.<\/p>\n<p>\u00c8 tanto importante questo e mi fa pensare alla comunit\u00e0 delle origini, a quei primi discepoli diventati poi apostoli, e ai quali si rifanno le nostre tradizioni. Se guardiamo a loro, vediamo che erano davvero molto diversi: c\u2019era chi era stato discepolo del Battista e chi zelota, chi pescatore e chi pubblicano; quante differenze di provenienza, carattere, affinit\u00e0! Eppure \u00e8 difficile pensare a un gruppo pi\u00f9 unito. Hanno trovato la loro coesione in Ges\u00f9: camminando dietro a Lui hanno camminato insieme fra di loro. E a cementare questa unit\u00e0 nella carit\u00e0 \u00e8 stato lo Spirito Santo, che li ha inviati ovunque, legandoli ancora di pi\u00f9 tra loro.<\/p>\n<p>Carissimi, anche per voi la via \u00e8 questa: camminare insieme dietro a Ges\u00f9, animati dallo stesso Spirito. Ed \u00e8 una grande opportunit\u00e0 che qui a Roma, mentre studiate, possiate condividere tra voi chi \u00e8 Cristo\u00a0<i>per voi<\/i>: dove l\u2019avete incontrato, in che modo ha conquistato i vostri cuori, come ha afferrato le vostre vite, secondo quali tradizioni lo lodate e lo riconoscete vostro Signore. Se alla base c\u2019\u00e8 la condivisione fraterna di quest\u2019esperienza, credo che le nostre storie passate, viziate da sbagli e incomprensioni, da peccati e stereotipi, possano essere gradualmente risanate, in quanto ricomprese all\u2019interno di una storia molto pi\u00f9 grande, quella della fedelt\u00e0 di Cristo che \u00abha amato la Chiesa e ha dato se stesso per lei\u00bb (<i>Ef<\/i>\u00a05,25). Questo \u00e8 il mio auspicio: che a lode e gloria del Signore, questi anni siano, attraverso l\u2019accoglienza e il rispetto fraterno, l\u2019ascolto e la condivisione,\u00a0<i>profezia di carit\u00e0<\/i>\u00a0e\u00a0<i>germi di unit\u00e0<\/i>, per il bene di tutti i cristiani nel mondo, e del mondo stesso, che ha bisogno di veder sbocciare nuovi semi di pace e di comunione.<\/p>\n<p>Vi ringrazio per la vostra visita e vi auguro di proseguire fruttuosamente gli studi, senza mai trascurare la dimensione spirituale e quella pastorale, essenziali per la formazione. Vi benedico di cuore, vi assicuro la mia preghiera e chiedo la vostra per me. E vi invito, tutti insieme, a pregare, ognuno nella propria lingua, la preghiera che il Signore ci ha insegnato. \u201cPadre Nostro\u2026\u201d.<\/p>\n","protected":false},"excerpt":{"rendered":"<p>Udienza al Comitato Cattolico per la Collaborazione Culturale con le Chiese Ortodosse e le Chiese Ortodosse Orientali<\/p>\n","protected":false},"author":17,"featured_media":91998,"comment_status":"closed","ping_status":"closed","sticky":false,"template":"","format":"standard","meta":{"_acf_changed":false,"_crdt_document":"","inline_featured_image":false,"footnotes":""},"categories":[123,67],"tags":[12086,12087,251,4952,1843],"class_list":["post-91997","post","type-post","status-publish","format-standard","has-post-thumbnail","hentry","category-discorsi","category-leone-xiv","tag-ortodosse","tag-ortodosse-orientali","tag-papa-francesco","tag-trending-it","tag-udienza"],"acf":[],"yoast_head":"<!-- This site is optimized with the Yoast SEO plugin v27.5 - https:\/\/yoast.com\/product\/yoast-seo-wordpress\/ -->\n<title>&quot;Educazione e dialogo: tessere legami tra le Chiese&quot; &#8211; Exaudi<\/title>\n<meta name=\"robots\" content=\"index, follow, max-snippet:-1, max-image-preview:large, max-video-preview:-1\" \/>\n<link rel=\"canonical\" href=\"https:\/\/exaudi.org\/it\/educazione-e-dialogo-tessere-legami-tra-le-chiese\/\" \/>\n<meta property=\"og:locale\" content=\"it_IT\" \/>\n<meta property=\"og:type\" content=\"article\" \/>\n<meta property=\"og:title\" content=\"&quot;Educazione e dialogo: tessere legami tra le Chiese&quot; &#8211; Exaudi\" \/>\n<meta property=\"og:description\" content=\"Udienza al Comitato Cattolico per la Collaborazione Culturale con le Chiese Ortodosse e le Chiese Ortodosse Orientali\" \/>\n<meta property=\"og:url\" content=\"https:\/\/exaudi.org\/it\/educazione-e-dialogo-tessere-legami-tra-le-chiese\/\" \/>\n<meta property=\"og:site_name\" content=\"Exaudi\" \/>\n<meta property=\"article:publisher\" content=\"https:\/\/www.facebook.com\/ExaudiNews\" \/>\n<meta property=\"article:author\" content=\"https:\/\/www.facebook.com\/ExaudiNotizie\/\" \/>\n<meta property=\"article:published_time\" content=\"2024-01-12T22:25:40+00:00\" \/>\n<meta property=\"og:image\" content=\"https:\/\/exaudi.org\/wp-content\/uploads\/2024\/01\/cq5dam.web_.800.800-17.jpeg\" \/>\n\t<meta property=\"og:image:width\" content=\"800\" \/>\n\t<meta property=\"og:image:height\" content=\"533\" \/>\n\t<meta property=\"og:image:type\" content=\"image\/jpeg\" \/>\n<meta name=\"author\" content=\"Exaudi Redazione\" \/>\n<meta name=\"twitter:card\" content=\"summary_large_image\" \/>\n<meta name=\"twitter:creator\" content=\"@Exaudi_Notizie\" \/>\n<meta name=\"twitter:site\" content=\"@Exaudi_News\" \/>\n<meta name=\"twitter:label1\" content=\"Scritto da\" \/>\n\t<meta name=\"twitter:data1\" content=\"Exaudi Redazione\" \/>\n\t<meta name=\"twitter:label2\" content=\"Tempo di lettura stimato\" \/>\n\t<meta name=\"twitter:data2\" content=\"4 minuti\" \/>\n<script type=\"application\/ld+json\" class=\"yoast-schema-graph\">{\"@context\":\"https:\\\/\\\/schema.org\",\"@graph\":[{\"@type\":\"Article\",\"@id\":\"https:\\\/\\\/exaudi.org\\\/it\\\/educazione-e-dialogo-tessere-legami-tra-le-chiese\\\/#article\",\"isPartOf\":{\"@id\":\"https:\\\/\\\/exaudi.org\\\/it\\\/educazione-e-dialogo-tessere-legami-tra-le-chiese\\\/\"},\"author\":{\"name\":\"Exaudi Redazione\",\"@id\":\"https:\\\/\\\/exaudi.org\\\/#\\\/schema\\\/person\\\/e1ab6ed07c01774724dd96f925f3a5f0\"},\"headline\":\"&#8220;Educazione e dialogo: tessere legami tra le Chiese&#8221;\",\"datePublished\":\"2024-01-12T22:25:40+00:00\",\"mainEntityOfPage\":{\"@id\":\"https:\\\/\\\/exaudi.org\\\/it\\\/educazione-e-dialogo-tessere-legami-tra-le-chiese\\\/\"},\"wordCount\":792,\"image\":{\"@id\":\"https:\\\/\\\/exaudi.org\\\/it\\\/educazione-e-dialogo-tessere-legami-tra-le-chiese\\\/#primaryimage\"},\"thumbnailUrl\":\"https:\\\/\\\/exaudi.org\\\/wp-content\\\/uploads\\\/2024\\\/01\\\/cq5dam.web_.800.800-17.jpeg\",\"keywords\":[\"Ortodosse\",\"Ortodosse Orientali\",\"Papa Francesco\",\"Trending\",\"udienza\"],\"articleSection\":[\"Discorsi\",\"Leone XIV\"],\"inLanguage\":\"it-IT\"},{\"@type\":\"WebPage\",\"@id\":\"https:\\\/\\\/exaudi.org\\\/it\\\/educazione-e-dialogo-tessere-legami-tra-le-chiese\\\/\",\"url\":\"https:\\\/\\\/exaudi.org\\\/it\\\/educazione-e-dialogo-tessere-legami-tra-le-chiese\\\/\",\"name\":\"\\\"Educazione e dialogo: tessere legami tra le Chiese\\\" &#8211; Exaudi\",\"isPartOf\":{\"@id\":\"https:\\\/\\\/exaudi.org\\\/#website\"},\"primaryImageOfPage\":{\"@id\":\"https:\\\/\\\/exaudi.org\\\/it\\\/educazione-e-dialogo-tessere-legami-tra-le-chiese\\\/#primaryimage\"},\"image\":{\"@id\":\"https:\\\/\\\/exaudi.org\\\/it\\\/educazione-e-dialogo-tessere-legami-tra-le-chiese\\\/#primaryimage\"},\"thumbnailUrl\":\"https:\\\/\\\/exaudi.org\\\/wp-content\\\/uploads\\\/2024\\\/01\\\/cq5dam.web_.800.800-17.jpeg\",\"datePublished\":\"2024-01-12T22:25:40+00:00\",\"author\":{\"@id\":\"https:\\\/\\\/exaudi.org\\\/#\\\/schema\\\/person\\\/e1ab6ed07c01774724dd96f925f3a5f0\"},\"breadcrumb\":{\"@id\":\"https:\\\/\\\/exaudi.org\\\/it\\\/educazione-e-dialogo-tessere-legami-tra-le-chiese\\\/#breadcrumb\"},\"inLanguage\":\"it-IT\",\"potentialAction\":[{\"@type\":\"ReadAction\",\"target\":[\"https:\\\/\\\/exaudi.org\\\/it\\\/educazione-e-dialogo-tessere-legami-tra-le-chiese\\\/\"]}]},{\"@type\":\"ImageObject\",\"inLanguage\":\"it-IT\",\"@id\":\"https:\\\/\\\/exaudi.org\\\/it\\\/educazione-e-dialogo-tessere-legami-tra-le-chiese\\\/#primaryimage\",\"url\":\"https:\\\/\\\/exaudi.org\\\/wp-content\\\/uploads\\\/2024\\\/01\\\/cq5dam.web_.800.800-17.jpeg\",\"contentUrl\":\"https:\\\/\\\/exaudi.org\\\/wp-content\\\/uploads\\\/2024\\\/01\\\/cq5dam.web_.800.800-17.jpeg\",\"width\":800,\"height\":533,\"caption\":\"Vatican Media\"},{\"@type\":\"BreadcrumbList\",\"@id\":\"https:\\\/\\\/exaudi.org\\\/it\\\/educazione-e-dialogo-tessere-legami-tra-le-chiese\\\/#breadcrumb\",\"itemListElement\":[{\"@type\":\"ListItem\",\"position\":1,\"name\":\"Portada\",\"item\":\"https:\\\/\\\/exaudi.org\\\/it\\\/\"},{\"@type\":\"ListItem\",\"position\":2,\"name\":\"&#8220;Educazione e dialogo: tessere legami tra le Chiese&#8221;\"}]},{\"@type\":\"WebSite\",\"@id\":\"https:\\\/\\\/exaudi.org\\\/#website\",\"url\":\"https:\\\/\\\/exaudi.org\\\/\",\"name\":\"Exaudi\",\"description\":\"News\",\"potentialAction\":[{\"@type\":\"SearchAction\",\"target\":{\"@type\":\"EntryPoint\",\"urlTemplate\":\"https:\\\/\\\/exaudi.org\\\/?s={search_term_string}\"},\"query-input\":{\"@type\":\"PropertyValueSpecification\",\"valueRequired\":true,\"valueName\":\"search_term_string\"}}],\"inLanguage\":\"it-IT\"},{\"@type\":\"Person\",\"@id\":\"https:\\\/\\\/exaudi.org\\\/#\\\/schema\\\/person\\\/e1ab6ed07c01774724dd96f925f3a5f0\",\"name\":\"Exaudi Redazione\",\"image\":{\"@type\":\"ImageObject\",\"inLanguage\":\"it-IT\",\"@id\":\"https:\\\/\\\/secure.gravatar.com\\\/avatar\\\/ad6774b3ada023bf5b939d64f45c94b3adf91502dd883507d469b4308a943bb3?s=96&d=mm&r=g\",\"url\":\"https:\\\/\\\/secure.gravatar.com\\\/avatar\\\/ad6774b3ada023bf5b939d64f45c94b3adf91502dd883507d469b4308a943bb3?s=96&d=mm&r=g\",\"contentUrl\":\"https:\\\/\\\/secure.gravatar.com\\\/avatar\\\/ad6774b3ada023bf5b939d64f45c94b3adf91502dd883507d469b4308a943bb3?s=96&d=mm&r=g\",\"caption\":\"Exaudi Redazione\"},\"description\":\"Che cosa \u00e8 Exaudi News? Exaudi News \u00e8 un agenzia cattolica internazionale che informa, istruisce e trasforma quotidianamente in spagnolo, inglese e italiano. Attraverso notizie, articoli di analisi e trasmissioni in diretta degli eventi del Papa, Exaudi cerca di rafforzare l'unit\u00e0 dei cristiani e di contribuire all'evangelizzazione del mondo, sempre guidato dalla dottrina sociale della Chiesa. Lavoriamo per portare la verit\u00e0 e i valori cristiani in ogni angolo del pianeta. Aiutaci a trasformare il mondo con Exaudi! Noi di Exaudi crediamo che l'evangelizzazione e l'informazione di qualit\u00e0 possano cambiare la vita. Per continuare la nostra missione ed espandere la nostra portata, abbiamo bisogno del tuo aiuto. Stiamo anche cercando persone motivate che vogliano unirsi al nostro team. Grazie al vostro sostegno raggiungeremo pi\u00f9 persone, diffonderemo il messaggio di Cristo e rafforzeremo l'unit\u00e0 dei cristiani. Vuoi unirti alla nostra missione? Per maggiori informazioni su come contribuire, visita Exaudi.org\\\/it o contattaci direttamente: info@exaudi.org Exaudi: informa, forma e trasforma.\",\"sameAs\":[\"https:\\\/\\\/www.facebook.com\\\/ExaudiNotizie\\\/\",\"https:\\\/\\\/www.instagram.com\\\/Exaudi_notizie\\\/\",\"https:\\\/\\\/x.com\\\/Exaudi_Notizie\",\"https:\\\/\\\/www.youtube.com\\\/@exaudicatholicnews\"],\"url\":\"https:\\\/\\\/exaudi.org\\\/it\\\/author\\\/dlvedi-org\\\/\"}]}<\/script>\n<!-- \/ Yoast SEO plugin. -->","yoast_head_json":{"title":"\"Educazione e dialogo: tessere legami tra le Chiese\" &#8211; Exaudi","robots":{"index":"index","follow":"follow","max-snippet":"max-snippet:-1","max-image-preview":"max-image-preview:large","max-video-preview":"max-video-preview:-1"},"canonical":"https:\/\/exaudi.org\/it\/educazione-e-dialogo-tessere-legami-tra-le-chiese\/","og_locale":"it_IT","og_type":"article","og_title":"\"Educazione e dialogo: tessere legami tra le Chiese\" &#8211; Exaudi","og_description":"Udienza al Comitato Cattolico per la Collaborazione Culturale con le Chiese Ortodosse e le Chiese Ortodosse Orientali","og_url":"https:\/\/exaudi.org\/it\/educazione-e-dialogo-tessere-legami-tra-le-chiese\/","og_site_name":"Exaudi","article_publisher":"https:\/\/www.facebook.com\/ExaudiNews","article_author":"https:\/\/www.facebook.com\/ExaudiNotizie\/","article_published_time":"2024-01-12T22:25:40+00:00","og_image":[{"width":800,"height":533,"url":"https:\/\/exaudi.org\/wp-content\/uploads\/2024\/01\/cq5dam.web_.800.800-17.jpeg","type":"image\/jpeg"}],"author":"Exaudi Redazione","twitter_card":"summary_large_image","twitter_creator":"@Exaudi_Notizie","twitter_site":"@Exaudi_News","twitter_misc":{"Scritto da":"Exaudi Redazione","Tempo di lettura stimato":"4 minuti"},"schema":{"@context":"https:\/\/schema.org","@graph":[{"@type":"Article","@id":"https:\/\/exaudi.org\/it\/educazione-e-dialogo-tessere-legami-tra-le-chiese\/#article","isPartOf":{"@id":"https:\/\/exaudi.org\/it\/educazione-e-dialogo-tessere-legami-tra-le-chiese\/"},"author":{"name":"Exaudi Redazione","@id":"https:\/\/exaudi.org\/#\/schema\/person\/e1ab6ed07c01774724dd96f925f3a5f0"},"headline":"&#8220;Educazione e dialogo: tessere legami tra le Chiese&#8221;","datePublished":"2024-01-12T22:25:40+00:00","mainEntityOfPage":{"@id":"https:\/\/exaudi.org\/it\/educazione-e-dialogo-tessere-legami-tra-le-chiese\/"},"wordCount":792,"image":{"@id":"https:\/\/exaudi.org\/it\/educazione-e-dialogo-tessere-legami-tra-le-chiese\/#primaryimage"},"thumbnailUrl":"https:\/\/exaudi.org\/wp-content\/uploads\/2024\/01\/cq5dam.web_.800.800-17.jpeg","keywords":["Ortodosse","Ortodosse Orientali","Papa Francesco","Trending","udienza"],"articleSection":["Discorsi","Leone XIV"],"inLanguage":"it-IT"},{"@type":"WebPage","@id":"https:\/\/exaudi.org\/it\/educazione-e-dialogo-tessere-legami-tra-le-chiese\/","url":"https:\/\/exaudi.org\/it\/educazione-e-dialogo-tessere-legami-tra-le-chiese\/","name":"\"Educazione e dialogo: tessere legami tra le Chiese\" &#8211; Exaudi","isPartOf":{"@id":"https:\/\/exaudi.org\/#website"},"primaryImageOfPage":{"@id":"https:\/\/exaudi.org\/it\/educazione-e-dialogo-tessere-legami-tra-le-chiese\/#primaryimage"},"image":{"@id":"https:\/\/exaudi.org\/it\/educazione-e-dialogo-tessere-legami-tra-le-chiese\/#primaryimage"},"thumbnailUrl":"https:\/\/exaudi.org\/wp-content\/uploads\/2024\/01\/cq5dam.web_.800.800-17.jpeg","datePublished":"2024-01-12T22:25:40+00:00","author":{"@id":"https:\/\/exaudi.org\/#\/schema\/person\/e1ab6ed07c01774724dd96f925f3a5f0"},"breadcrumb":{"@id":"https:\/\/exaudi.org\/it\/educazione-e-dialogo-tessere-legami-tra-le-chiese\/#breadcrumb"},"inLanguage":"it-IT","potentialAction":[{"@type":"ReadAction","target":["https:\/\/exaudi.org\/it\/educazione-e-dialogo-tessere-legami-tra-le-chiese\/"]}]},{"@type":"ImageObject","inLanguage":"it-IT","@id":"https:\/\/exaudi.org\/it\/educazione-e-dialogo-tessere-legami-tra-le-chiese\/#primaryimage","url":"https:\/\/exaudi.org\/wp-content\/uploads\/2024\/01\/cq5dam.web_.800.800-17.jpeg","contentUrl":"https:\/\/exaudi.org\/wp-content\/uploads\/2024\/01\/cq5dam.web_.800.800-17.jpeg","width":800,"height":533,"caption":"Vatican Media"},{"@type":"BreadcrumbList","@id":"https:\/\/exaudi.org\/it\/educazione-e-dialogo-tessere-legami-tra-le-chiese\/#breadcrumb","itemListElement":[{"@type":"ListItem","position":1,"name":"Portada","item":"https:\/\/exaudi.org\/it\/"},{"@type":"ListItem","position":2,"name":"&#8220;Educazione e dialogo: tessere legami tra le Chiese&#8221;"}]},{"@type":"WebSite","@id":"https:\/\/exaudi.org\/#website","url":"https:\/\/exaudi.org\/","name":"Exaudi","description":"News","potentialAction":[{"@type":"SearchAction","target":{"@type":"EntryPoint","urlTemplate":"https:\/\/exaudi.org\/?s={search_term_string}"},"query-input":{"@type":"PropertyValueSpecification","valueRequired":true,"valueName":"search_term_string"}}],"inLanguage":"it-IT"},{"@type":"Person","@id":"https:\/\/exaudi.org\/#\/schema\/person\/e1ab6ed07c01774724dd96f925f3a5f0","name":"Exaudi Redazione","image":{"@type":"ImageObject","inLanguage":"it-IT","@id":"https:\/\/secure.gravatar.com\/avatar\/ad6774b3ada023bf5b939d64f45c94b3adf91502dd883507d469b4308a943bb3?s=96&d=mm&r=g","url":"https:\/\/secure.gravatar.com\/avatar\/ad6774b3ada023bf5b939d64f45c94b3adf91502dd883507d469b4308a943bb3?s=96&d=mm&r=g","contentUrl":"https:\/\/secure.gravatar.com\/avatar\/ad6774b3ada023bf5b939d64f45c94b3adf91502dd883507d469b4308a943bb3?s=96&d=mm&r=g","caption":"Exaudi Redazione"},"description":"Che cosa \u00e8 Exaudi News? Exaudi News \u00e8 un agenzia cattolica internazionale che informa, istruisce e trasforma quotidianamente in spagnolo, inglese e italiano. Attraverso notizie, articoli di analisi e trasmissioni in diretta degli eventi del Papa, Exaudi cerca di rafforzare l'unit\u00e0 dei cristiani e di contribuire all'evangelizzazione del mondo, sempre guidato dalla dottrina sociale della Chiesa. Lavoriamo per portare la verit\u00e0 e i valori cristiani in ogni angolo del pianeta. Aiutaci a trasformare il mondo con Exaudi! Noi di Exaudi crediamo che l'evangelizzazione e l'informazione di qualit\u00e0 possano cambiare la vita. Per continuare la nostra missione ed espandere la nostra portata, abbiamo bisogno del tuo aiuto. Stiamo anche cercando persone motivate che vogliano unirsi al nostro team. Grazie al vostro sostegno raggiungeremo pi\u00f9 persone, diffonderemo il messaggio di Cristo e rafforzeremo l'unit\u00e0 dei cristiani. Vuoi unirti alla nostra missione? Per maggiori informazioni su come contribuire, visita Exaudi.org\/it o contattaci direttamente: info@exaudi.org Exaudi: informa, forma e trasforma.","sameAs":["https:\/\/www.facebook.com\/ExaudiNotizie\/","https:\/\/www.instagram.com\/Exaudi_notizie\/","https:\/\/x.com\/Exaudi_Notizie","https:\/\/www.youtube.com\/@exaudicatholicnews"],"url":"https:\/\/exaudi.org\/it\/author\/dlvedi-org\/"}]}},"jetpack_featured_media_url":"https:\/\/exaudi.org\/wp-content\/uploads\/2024\/01\/cq5dam.web_.800.800-17.jpeg","jetpack_shortlink":"https:\/\/wp.me\/pgKjF2-nVP","_links":{"self":[{"href":"https:\/\/exaudi.org\/it\/wp-json\/wp\/v2\/posts\/91997","targetHints":{"allow":["GET"]}}],"collection":[{"href":"https:\/\/exaudi.org\/it\/wp-json\/wp\/v2\/posts"}],"about":[{"href":"https:\/\/exaudi.org\/it\/wp-json\/wp\/v2\/types\/post"}],"author":[{"embeddable":true,"href":"https:\/\/exaudi.org\/it\/wp-json\/wp\/v2\/users\/17"}],"replies":[{"embeddable":true,"href":"https:\/\/exaudi.org\/it\/wp-json\/wp\/v2\/comments?post=91997"}],"version-history":[{"count":0,"href":"https:\/\/exaudi.org\/it\/wp-json\/wp\/v2\/posts\/91997\/revisions"}],"wp:featuredmedia":[{"embeddable":true,"href":"https:\/\/exaudi.org\/it\/wp-json\/wp\/v2\/media\/91998"}],"wp:attachment":[{"href":"https:\/\/exaudi.org\/it\/wp-json\/wp\/v2\/media?parent=91997"}],"wp:term":[{"taxonomy":"category","embeddable":true,"href":"https:\/\/exaudi.org\/it\/wp-json\/wp\/v2\/categories?post=91997"},{"taxonomy":"post_tag","embeddable":true,"href":"https:\/\/exaudi.org\/it\/wp-json\/wp\/v2\/tags?post=91997"}],"curies":[{"name":"wp","href":"https:\/\/api.w.org\/{rel}","templated":true}]}}