{"id":91990,"date":"2024-01-12T22:26:46","date_gmt":"2024-01-12T21:26:46","guid":{"rendered":"https:\/\/exaudi.org\/?p=91990"},"modified":"2024-01-12T22:26:46","modified_gmt":"2024-01-12T21:26:46","slug":"giovani-creativita-e-impegno-oltre-il-pensiero-breve","status":"publish","type":"post","link":"https:\/\/exaudi.org\/it\/giovani-creativita-e-impegno-oltre-il-pensiero-breve\/","title":{"rendered":"&#8220;Giovani, creativit\u00e0 e impegno: oltre il pensiero breve&#8221;"},"content":{"rendered":"<p>Questa mattina, nel Palazzo Apostolico Vaticano, il Santo Padre Francesco ha ricevuto in Udienza i partecipanti all\u2019Incontro promosso dalla \u201cToniolo Young Professional Association\u201d.<\/p>\n<p>Nel discorso il Papa affronta con preoccupazione il dilagare del \u201cpensiero breve\u201d e il pericolo dell&#8217;apatia tra i giovani. C&#8217;\u00e8 un appello a coltivare uno sguardo che arrivi alle stelle, sfidando la semplificazione e la ricerca dell&#8217;interesse immediato. I giovani sono invitati a rischiare, a sognare senza sosta e a essere creatori di armonia e bellezza in un mondo che spesso si accontenta del profitto.<\/p>\n<h3><strong>Discorso del Santo Padre<\/strong><\/h3>\n<p><i>Cari fratelli e sorelle, buongiorno e benvenuti!<\/i><\/p>\n<p>La collaborazione dell\u2019Istituto Toniolo con i Dicasteri della Curia e con le Rappresentanze Pontificie impegnate nell\u2019ambito delle Nazioni Unite \u00e8 gi\u00e0 giunta\u00a0al decimo anno, ed \u00e8 molto preziosa. Grazie, dunque, per il vostro servizio e per il vostro impegno, e grazie a tutti coloro che lo promuovono e sostengono; so che di recente anche la Fondazione Arvedi partecipa a questo progetto di fondamentale importanza, permettendo di aumentare il numero dei borsisti. Grazie!<\/p>\n<p>\u00c8 bello che ognuno di voi possa fare esperienza a contatto con il ministero petrino, attraverso il lavoro con le Istituzioni internazionali e maturando un\u2019esperienza di fede vissuta, di vita cristiana che si confronta con le sfide attuali del mondo. Ma la vostra presenza fa tanto bene anche alle nostre istituzioni, nelle quali portate una ventata di novit\u00e0, la capacit\u00e0 di sognare, il desiderio di guardare lontano.<\/p>\n<p>Oggi, invece, sembra diffondersi quello che alcuni chiamano \u201cpensiero breve\u201d: un pensiero fatto di pochi caratteri, che si brucia subito; un pensiero che non guarda in alto e avanti, ma soltanto qui e ora, frutto dei bisogni del momento; un pensiero che non guarda alla storia, che non ha un\u2019eredit\u00e0 storica dentro di s\u00e9; un pensiero che si muove per istinto e si misura per istanti; che, fatto di emozioni e compresso in poche parole, sembra sostituire il pensiero gi\u00e0 \u201cdebole\u201d del post-modernismo.\u00a0E questo \u00e8 il dramma del post-modernismo: il pensiero debole. Dinanzi alla complessit\u00e0 della vita e del mondo, questo pensiero \u201cbreve\u201d porta a generalizzare e a criticare, a semplificare e a truccare la realt\u00e0, nella ricerca dei propri interessi immediati anzich\u00e9 del bene degli altri e del futuro di tutti. Sono preoccupato quando sento di giovani\u00a0<i>barricati dietro a uno schermo<\/i>, con gli occhi che riflettono luci artificiali anzich\u00e9 far brillare la loro creativit\u00e0. S\u00ec, perch\u00e9 esser giovani non \u00e8 pensare di tenere il mondo in mano, ma sporcarsi le mani per il mondo; \u00e8 avere davanti una vita da spendere, non da conservare o da archiviare.<\/p>\n<p>Vedo voi e credo che la vostra passione e il vostro impegno siano antidoti al pensiero breve; perch\u00e9 voi, contro la tentazione di adeguarvi alle cose che passano, avete in animo di coltivare uno sguardo alto, che cerca le stelle, non la polvere. \u00c8 lo sguardo vero dei giovani. Ma tanti di loro sembrano, permettetemi l\u2019espressione, \u201cspremuti\u201d: fatti oggetto di prestazioni sempre pi\u00f9 esigenti, rischiano di veder inaridire il succo della vita, quel sognare inquieto che chiede di sprigionarsi dai loro cuori. Sognare inquieto. Vi domando \u2013 ma non rispondete ad alta voce \u2013: voi sognate? Avete inquietudine nel vostro pensiero, nel vostro cuore? Siete inquieti o siete giovani gi\u00e0 \u201cin pensione\u201d? Non dimenticatevi: sognare inquieto. \u00c8 triste vedere giovani abulici e anestetizzati, distesi sui divani anzich\u00e9 impegnate nelle scuole e nelle strade, ripiegati sul proprio schermo anzich\u00e9 su un libro o su un fratello bisognoso. \u00c8 triste. Giovani professionali fuori e spenti dentro, che spremuti dal dovere si rifugiano nella ricerca del piacere. Tutti abbiamo bisogno della creativit\u00e0 e dello slancio che solo voi giovani potete darci \u2013 nelle vostre mani stanno la creativit\u00e0 e lo slancio \u2013, della vostra sete di verit\u00e0, del vostro grido di pace, del vostro intuito sul futuro, dei vostri sorrisi speranzosi. Abbiamo bisogno di queste cose! Vorrei dirvi: portate questo dove operate,\u00a0<i>mettendovi in gioco<\/i>\u00a0senza paura. Perch\u00e9 i giovani sono le leve che rinnovano i sistemi, non gli ingranaggi che devono mantenerli in vita.<\/p>\n<p>Allora non trattenete il bene che siete, non abbiate timore di rischiare, per favore, rischiate, se non rischiate voi chi lo far\u00e0? Perch\u00e9 \u00e8 facendovi dono che vi scoprirete doni, doni unici e preziosi. Nel contesto occidentale si vive circondati da doni e regali, da tante cose spesso inutili, immersi in prodotti fatti dall\u2019uomo che fanno perdere lo stupore per la bellezza che ci circonda. Pensate un po\u2019: io ho perso la capacit\u00e0 di stupirmi? Lo stupore\u2026 Quando un giovane perde la capacit\u00e0 di stupirsi, \u00e8 gi\u00e0 in pensione! Il creato invita piuttosto a essere a nostra volta\u00a0<i>creatori di armonia e di bellezza<\/i>; a uscire dalla dipendenza dal virtuale, dal mondo ipnotico dei\u00a0<i>social<\/i>\u00a0che anestetizza l\u2019anima, per offrire agli altri qualcosa di nuovo e di bello. Una ricerca che vi appassiona, una preghiera fatta col cuore, un\u2019inchiesta che vi scuote, una pagina che donate agli altri, un sogno da realizzare, un gesto d\u2019amore per chi non pu\u00f2 ricambiare\u2026 Questo \u00e8 creare, questo \u00e8 assimilare lo stile con cui Dio ha fatto il mondo,\u00a0<i>lo stile della gratuit\u00e0<\/i>, che fa uscire dalla logica del \u201cfaccio per avere\u201d e \u201clavoro per guadagnare\u201d. Creativi per aprire squarci di novit\u00e0 in un mondo che si accontenta di profitti.\u00a0<i>Cos\u00ec sarete rivoluzionari<\/i>.<\/p>\n<p><i>La vita chiede di essere donata, non gestita<\/i>. In questo vi pu\u00f2 aiutare la testimonianza del Beato Giuseppe Toniolo, che attingeva la bellezza del vivere dalla fede e si confrontava senza paura coi problemi del suo tempo per dare un volto umano all\u2019economia. \u00c8 bello che anche voi vi lasciate interrogare dalla realt\u00e0, riscoprendo e ripensando la fede cos\u00ec da trarne ricchezze inedite per un avvenire migliore.<\/p>\n<p>Vorrei concretizzare queste idee attorno a un tema urgente, quello della pace. Uno sguardo sull\u2019oggi fa apparire lontana \u00a0quell\u2019aspirazione al bene, alla concordia, alla pacifica coesistenza tra i popoli di cui l\u2019attivit\u00e0 diplomatica \u00e8 sempre stata veicolo. Eppure tanta diplomazia sembra aver dimenticato la sua natura di risorsa chiamata a colmare il fossato sempre pi\u00f9 profondo dei rapporti tra le nazioni. La si vede rincorrere i fatti senza quella forza preventiva, quel sognare-dialogare-rischiare per la pace che argina il ricorso alle armi. E cos\u00ec le guerre sono il frutto di rapporti di forza prolungati, senza un preciso inizio e senza una fine certa. Ma dove sono le imprese audaci, le visione ardite? Dove sono? Questa politica \u2013 diciamo cos\u00ec \u2013 del distruggere, quella della guerra\u2026 Facciamoci la domanda:dove sono le imprese audaci, le visioni ardite? E da chi possono venire, se non da cuori giovani e impavidi, che accolgono il bene dentro di s\u00e9 e impugnano il Vangelo cos\u00ec com\u2019\u00e8, per scrivere pagine nuove di fraternit\u00e0 e di speranza? Questo \u00e8 il vostro mestiere, la vostra vocazione.<\/p>\n<p>Quanti altri aspetti, come l\u2019economia, la lotta alla fame, alla produzione e al commercio delle armi \u2013 questo \u00e8 brutto! \u2013 la questione climatica, la comunicazione, il mondo del lavoro, e tanti altri, hanno bisogno di rinnovamento e di creativit\u00e0? Vi affido questi sogni di anziano che si entusiasma nel vedere i vostri volti giovani; e penso a quanto pi\u00f9 si entusiasma nel guardarvi Ges\u00f9, Lui che ha sempre il cuore giovane e che ha chiamato dei giovani a seguirlo. In Lui vi rinnovo il grazie per il vostro servizio e vi benedico. E vi chiedo, per favore, di pregare per me, a favore, non contro! Grazie.<\/p>\n","protected":false},"excerpt":{"rendered":"<p>Udienza ai partecipanti all\u2019Incontro promosso dalla \u201cToniolo Young Professional Association\u201d<\/p>\n","protected":false},"author":17,"featured_media":91991,"comment_status":"closed","ping_status":"closed","sticky":false,"template":"","format":"standard","meta":{"_acf_changed":false,"_crdt_document":"","inline_featured_image":false,"footnotes":""},"categories":[123,67],"tags":[12082,251,12083,4952,1843],"class_list":["post-91990","post","type-post","status-publish","format-standard","has-post-thumbnail","hentry","category-discorsi","category-leone-xiv","tag-gioventu","tag-papa-francesco","tag-professionisti","tag-trending-it","tag-udienza"],"acf":[],"yoast_head":"<!-- This site is optimized with the Yoast SEO plugin v27.5 - https:\/\/yoast.com\/product\/yoast-seo-wordpress\/ -->\n<title>&quot;Giovani, creativit\u00e0 e impegno: oltre il pensiero breve&quot; &#8211; Exaudi<\/title>\n<meta name=\"robots\" content=\"index, follow, max-snippet:-1, max-image-preview:large, max-video-preview:-1\" \/>\n<link rel=\"canonical\" href=\"https:\/\/exaudi.org\/it\/giovani-creativita-e-impegno-oltre-il-pensiero-breve\/\" \/>\n<meta property=\"og:locale\" content=\"it_IT\" \/>\n<meta property=\"og:type\" content=\"article\" \/>\n<meta property=\"og:title\" content=\"&quot;Giovani, creativit\u00e0 e impegno: oltre il pensiero breve&quot; &#8211; Exaudi\" \/>\n<meta property=\"og:description\" content=\"Udienza ai partecipanti all\u2019Incontro promosso dalla \u201cToniolo Young Professional Association\u201d\" \/>\n<meta property=\"og:url\" content=\"https:\/\/exaudi.org\/it\/giovani-creativita-e-impegno-oltre-il-pensiero-breve\/\" \/>\n<meta property=\"og:site_name\" content=\"Exaudi\" \/>\n<meta property=\"article:publisher\" content=\"https:\/\/www.facebook.com\/ExaudiNews\" \/>\n<meta property=\"article:author\" content=\"https:\/\/www.facebook.com\/ExaudiNotizie\/\" \/>\n<meta property=\"article:published_time\" content=\"2024-01-12T21:26:46+00:00\" \/>\n<meta property=\"og:image\" content=\"https:\/\/exaudi.org\/wp-content\/uploads\/2024\/01\/cq5dam.web_.800.800-16.jpeg\" \/>\n\t<meta property=\"og:image:width\" content=\"800\" \/>\n\t<meta property=\"og:image:height\" content=\"533\" \/>\n\t<meta property=\"og:image:type\" content=\"image\/jpeg\" \/>\n<meta name=\"author\" content=\"Exaudi Redazione\" \/>\n<meta name=\"twitter:card\" content=\"summary_large_image\" \/>\n<meta name=\"twitter:creator\" content=\"@Exaudi_Notizie\" \/>\n<meta name=\"twitter:site\" content=\"@Exaudi_News\" \/>\n<meta name=\"twitter:label1\" content=\"Scritto da\" \/>\n\t<meta name=\"twitter:data1\" content=\"Exaudi Redazione\" \/>\n\t<meta name=\"twitter:label2\" content=\"Tempo di lettura stimato\" \/>\n\t<meta name=\"twitter:data2\" content=\"6 minuti\" \/>\n<script type=\"application\/ld+json\" class=\"yoast-schema-graph\">{\"@context\":\"https:\\\/\\\/schema.org\",\"@graph\":[{\"@type\":\"Article\",\"@id\":\"https:\\\/\\\/exaudi.org\\\/it\\\/giovani-creativita-e-impegno-oltre-il-pensiero-breve\\\/#article\",\"isPartOf\":{\"@id\":\"https:\\\/\\\/exaudi.org\\\/it\\\/giovani-creativita-e-impegno-oltre-il-pensiero-breve\\\/\"},\"author\":{\"name\":\"Exaudi Redazione\",\"@id\":\"https:\\\/\\\/exaudi.org\\\/#\\\/schema\\\/person\\\/e1ab6ed07c01774724dd96f925f3a5f0\"},\"headline\":\"&#8220;Giovani, creativit\u00e0 e impegno: oltre il pensiero breve&#8221;\",\"datePublished\":\"2024-01-12T21:26:46+00:00\",\"mainEntityOfPage\":{\"@id\":\"https:\\\/\\\/exaudi.org\\\/it\\\/giovani-creativita-e-impegno-oltre-il-pensiero-breve\\\/\"},\"wordCount\":1232,\"image\":{\"@id\":\"https:\\\/\\\/exaudi.org\\\/it\\\/giovani-creativita-e-impegno-oltre-il-pensiero-breve\\\/#primaryimage\"},\"thumbnailUrl\":\"https:\\\/\\\/exaudi.org\\\/wp-content\\\/uploads\\\/2024\\\/01\\\/cq5dam.web_.800.800-16.jpeg\",\"keywords\":[\"Giovent\u00f9\",\"Papa Francesco\",\"professionisti\",\"Trending\",\"udienza\"],\"articleSection\":[\"Discorsi\",\"Leone XIV\"],\"inLanguage\":\"it-IT\"},{\"@type\":\"WebPage\",\"@id\":\"https:\\\/\\\/exaudi.org\\\/it\\\/giovani-creativita-e-impegno-oltre-il-pensiero-breve\\\/\",\"url\":\"https:\\\/\\\/exaudi.org\\\/it\\\/giovani-creativita-e-impegno-oltre-il-pensiero-breve\\\/\",\"name\":\"\\\"Giovani, creativit\u00e0 e impegno: oltre il pensiero breve\\\" &#8211; Exaudi\",\"isPartOf\":{\"@id\":\"https:\\\/\\\/exaudi.org\\\/#website\"},\"primaryImageOfPage\":{\"@id\":\"https:\\\/\\\/exaudi.org\\\/it\\\/giovani-creativita-e-impegno-oltre-il-pensiero-breve\\\/#primaryimage\"},\"image\":{\"@id\":\"https:\\\/\\\/exaudi.org\\\/it\\\/giovani-creativita-e-impegno-oltre-il-pensiero-breve\\\/#primaryimage\"},\"thumbnailUrl\":\"https:\\\/\\\/exaudi.org\\\/wp-content\\\/uploads\\\/2024\\\/01\\\/cq5dam.web_.800.800-16.jpeg\",\"datePublished\":\"2024-01-12T21:26:46+00:00\",\"author\":{\"@id\":\"https:\\\/\\\/exaudi.org\\\/#\\\/schema\\\/person\\\/e1ab6ed07c01774724dd96f925f3a5f0\"},\"breadcrumb\":{\"@id\":\"https:\\\/\\\/exaudi.org\\\/it\\\/giovani-creativita-e-impegno-oltre-il-pensiero-breve\\\/#breadcrumb\"},\"inLanguage\":\"it-IT\",\"potentialAction\":[{\"@type\":\"ReadAction\",\"target\":[\"https:\\\/\\\/exaudi.org\\\/it\\\/giovani-creativita-e-impegno-oltre-il-pensiero-breve\\\/\"]}]},{\"@type\":\"ImageObject\",\"inLanguage\":\"it-IT\",\"@id\":\"https:\\\/\\\/exaudi.org\\\/it\\\/giovani-creativita-e-impegno-oltre-il-pensiero-breve\\\/#primaryimage\",\"url\":\"https:\\\/\\\/exaudi.org\\\/wp-content\\\/uploads\\\/2024\\\/01\\\/cq5dam.web_.800.800-16.jpeg\",\"contentUrl\":\"https:\\\/\\\/exaudi.org\\\/wp-content\\\/uploads\\\/2024\\\/01\\\/cq5dam.web_.800.800-16.jpeg\",\"width\":800,\"height\":533,\"caption\":\"Vatican Media\"},{\"@type\":\"BreadcrumbList\",\"@id\":\"https:\\\/\\\/exaudi.org\\\/it\\\/giovani-creativita-e-impegno-oltre-il-pensiero-breve\\\/#breadcrumb\",\"itemListElement\":[{\"@type\":\"ListItem\",\"position\":1,\"name\":\"Portada\",\"item\":\"https:\\\/\\\/exaudi.org\\\/it\\\/\"},{\"@type\":\"ListItem\",\"position\":2,\"name\":\"&#8220;Giovani, creativit\u00e0 e impegno: oltre il pensiero breve&#8221;\"}]},{\"@type\":\"WebSite\",\"@id\":\"https:\\\/\\\/exaudi.org\\\/#website\",\"url\":\"https:\\\/\\\/exaudi.org\\\/\",\"name\":\"Exaudi\",\"description\":\"News\",\"potentialAction\":[{\"@type\":\"SearchAction\",\"target\":{\"@type\":\"EntryPoint\",\"urlTemplate\":\"https:\\\/\\\/exaudi.org\\\/?s={search_term_string}\"},\"query-input\":{\"@type\":\"PropertyValueSpecification\",\"valueRequired\":true,\"valueName\":\"search_term_string\"}}],\"inLanguage\":\"it-IT\"},{\"@type\":\"Person\",\"@id\":\"https:\\\/\\\/exaudi.org\\\/#\\\/schema\\\/person\\\/e1ab6ed07c01774724dd96f925f3a5f0\",\"name\":\"Exaudi Redazione\",\"image\":{\"@type\":\"ImageObject\",\"inLanguage\":\"it-IT\",\"@id\":\"https:\\\/\\\/secure.gravatar.com\\\/avatar\\\/ad6774b3ada023bf5b939d64f45c94b3adf91502dd883507d469b4308a943bb3?s=96&d=mm&r=g\",\"url\":\"https:\\\/\\\/secure.gravatar.com\\\/avatar\\\/ad6774b3ada023bf5b939d64f45c94b3adf91502dd883507d469b4308a943bb3?s=96&d=mm&r=g\",\"contentUrl\":\"https:\\\/\\\/secure.gravatar.com\\\/avatar\\\/ad6774b3ada023bf5b939d64f45c94b3adf91502dd883507d469b4308a943bb3?s=96&d=mm&r=g\",\"caption\":\"Exaudi Redazione\"},\"description\":\"Che cosa \u00e8 Exaudi News? Exaudi News \u00e8 un agenzia cattolica internazionale che informa, istruisce e trasforma quotidianamente in spagnolo, inglese e italiano. Attraverso notizie, articoli di analisi e trasmissioni in diretta degli eventi del Papa, Exaudi cerca di rafforzare l'unit\u00e0 dei cristiani e di contribuire all'evangelizzazione del mondo, sempre guidato dalla dottrina sociale della Chiesa. Lavoriamo per portare la verit\u00e0 e i valori cristiani in ogni angolo del pianeta. Aiutaci a trasformare il mondo con Exaudi! Noi di Exaudi crediamo che l'evangelizzazione e l'informazione di qualit\u00e0 possano cambiare la vita. Per continuare la nostra missione ed espandere la nostra portata, abbiamo bisogno del tuo aiuto. Stiamo anche cercando persone motivate che vogliano unirsi al nostro team. Grazie al vostro sostegno raggiungeremo pi\u00f9 persone, diffonderemo il messaggio di Cristo e rafforzeremo l'unit\u00e0 dei cristiani. Vuoi unirti alla nostra missione? Per maggiori informazioni su come contribuire, visita Exaudi.org\\\/it o contattaci direttamente: info@exaudi.org Exaudi: informa, forma e trasforma.\",\"sameAs\":[\"https:\\\/\\\/www.facebook.com\\\/ExaudiNotizie\\\/\",\"https:\\\/\\\/www.instagram.com\\\/Exaudi_notizie\\\/\",\"https:\\\/\\\/x.com\\\/Exaudi_Notizie\",\"https:\\\/\\\/www.youtube.com\\\/@exaudicatholicnews\"],\"url\":\"https:\\\/\\\/exaudi.org\\\/it\\\/author\\\/dlvedi-org\\\/\"}]}<\/script>\n<!-- \/ Yoast SEO plugin. -->","yoast_head_json":{"title":"\"Giovani, creativit\u00e0 e impegno: oltre il pensiero breve\" &#8211; Exaudi","robots":{"index":"index","follow":"follow","max-snippet":"max-snippet:-1","max-image-preview":"max-image-preview:large","max-video-preview":"max-video-preview:-1"},"canonical":"https:\/\/exaudi.org\/it\/giovani-creativita-e-impegno-oltre-il-pensiero-breve\/","og_locale":"it_IT","og_type":"article","og_title":"\"Giovani, creativit\u00e0 e impegno: oltre il pensiero breve\" &#8211; Exaudi","og_description":"Udienza ai partecipanti all\u2019Incontro promosso dalla \u201cToniolo Young Professional Association\u201d","og_url":"https:\/\/exaudi.org\/it\/giovani-creativita-e-impegno-oltre-il-pensiero-breve\/","og_site_name":"Exaudi","article_publisher":"https:\/\/www.facebook.com\/ExaudiNews","article_author":"https:\/\/www.facebook.com\/ExaudiNotizie\/","article_published_time":"2024-01-12T21:26:46+00:00","og_image":[{"width":800,"height":533,"url":"https:\/\/exaudi.org\/wp-content\/uploads\/2024\/01\/cq5dam.web_.800.800-16.jpeg","type":"image\/jpeg"}],"author":"Exaudi Redazione","twitter_card":"summary_large_image","twitter_creator":"@Exaudi_Notizie","twitter_site":"@Exaudi_News","twitter_misc":{"Scritto da":"Exaudi Redazione","Tempo di lettura stimato":"6 minuti"},"schema":{"@context":"https:\/\/schema.org","@graph":[{"@type":"Article","@id":"https:\/\/exaudi.org\/it\/giovani-creativita-e-impegno-oltre-il-pensiero-breve\/#article","isPartOf":{"@id":"https:\/\/exaudi.org\/it\/giovani-creativita-e-impegno-oltre-il-pensiero-breve\/"},"author":{"name":"Exaudi Redazione","@id":"https:\/\/exaudi.org\/#\/schema\/person\/e1ab6ed07c01774724dd96f925f3a5f0"},"headline":"&#8220;Giovani, creativit\u00e0 e impegno: oltre il pensiero breve&#8221;","datePublished":"2024-01-12T21:26:46+00:00","mainEntityOfPage":{"@id":"https:\/\/exaudi.org\/it\/giovani-creativita-e-impegno-oltre-il-pensiero-breve\/"},"wordCount":1232,"image":{"@id":"https:\/\/exaudi.org\/it\/giovani-creativita-e-impegno-oltre-il-pensiero-breve\/#primaryimage"},"thumbnailUrl":"https:\/\/exaudi.org\/wp-content\/uploads\/2024\/01\/cq5dam.web_.800.800-16.jpeg","keywords":["Giovent\u00f9","Papa Francesco","professionisti","Trending","udienza"],"articleSection":["Discorsi","Leone XIV"],"inLanguage":"it-IT"},{"@type":"WebPage","@id":"https:\/\/exaudi.org\/it\/giovani-creativita-e-impegno-oltre-il-pensiero-breve\/","url":"https:\/\/exaudi.org\/it\/giovani-creativita-e-impegno-oltre-il-pensiero-breve\/","name":"\"Giovani, creativit\u00e0 e impegno: oltre il pensiero breve\" &#8211; Exaudi","isPartOf":{"@id":"https:\/\/exaudi.org\/#website"},"primaryImageOfPage":{"@id":"https:\/\/exaudi.org\/it\/giovani-creativita-e-impegno-oltre-il-pensiero-breve\/#primaryimage"},"image":{"@id":"https:\/\/exaudi.org\/it\/giovani-creativita-e-impegno-oltre-il-pensiero-breve\/#primaryimage"},"thumbnailUrl":"https:\/\/exaudi.org\/wp-content\/uploads\/2024\/01\/cq5dam.web_.800.800-16.jpeg","datePublished":"2024-01-12T21:26:46+00:00","author":{"@id":"https:\/\/exaudi.org\/#\/schema\/person\/e1ab6ed07c01774724dd96f925f3a5f0"},"breadcrumb":{"@id":"https:\/\/exaudi.org\/it\/giovani-creativita-e-impegno-oltre-il-pensiero-breve\/#breadcrumb"},"inLanguage":"it-IT","potentialAction":[{"@type":"ReadAction","target":["https:\/\/exaudi.org\/it\/giovani-creativita-e-impegno-oltre-il-pensiero-breve\/"]}]},{"@type":"ImageObject","inLanguage":"it-IT","@id":"https:\/\/exaudi.org\/it\/giovani-creativita-e-impegno-oltre-il-pensiero-breve\/#primaryimage","url":"https:\/\/exaudi.org\/wp-content\/uploads\/2024\/01\/cq5dam.web_.800.800-16.jpeg","contentUrl":"https:\/\/exaudi.org\/wp-content\/uploads\/2024\/01\/cq5dam.web_.800.800-16.jpeg","width":800,"height":533,"caption":"Vatican Media"},{"@type":"BreadcrumbList","@id":"https:\/\/exaudi.org\/it\/giovani-creativita-e-impegno-oltre-il-pensiero-breve\/#breadcrumb","itemListElement":[{"@type":"ListItem","position":1,"name":"Portada","item":"https:\/\/exaudi.org\/it\/"},{"@type":"ListItem","position":2,"name":"&#8220;Giovani, creativit\u00e0 e impegno: oltre il pensiero breve&#8221;"}]},{"@type":"WebSite","@id":"https:\/\/exaudi.org\/#website","url":"https:\/\/exaudi.org\/","name":"Exaudi","description":"News","potentialAction":[{"@type":"SearchAction","target":{"@type":"EntryPoint","urlTemplate":"https:\/\/exaudi.org\/?s={search_term_string}"},"query-input":{"@type":"PropertyValueSpecification","valueRequired":true,"valueName":"search_term_string"}}],"inLanguage":"it-IT"},{"@type":"Person","@id":"https:\/\/exaudi.org\/#\/schema\/person\/e1ab6ed07c01774724dd96f925f3a5f0","name":"Exaudi Redazione","image":{"@type":"ImageObject","inLanguage":"it-IT","@id":"https:\/\/secure.gravatar.com\/avatar\/ad6774b3ada023bf5b939d64f45c94b3adf91502dd883507d469b4308a943bb3?s=96&d=mm&r=g","url":"https:\/\/secure.gravatar.com\/avatar\/ad6774b3ada023bf5b939d64f45c94b3adf91502dd883507d469b4308a943bb3?s=96&d=mm&r=g","contentUrl":"https:\/\/secure.gravatar.com\/avatar\/ad6774b3ada023bf5b939d64f45c94b3adf91502dd883507d469b4308a943bb3?s=96&d=mm&r=g","caption":"Exaudi Redazione"},"description":"Che cosa \u00e8 Exaudi News? Exaudi News \u00e8 un agenzia cattolica internazionale che informa, istruisce e trasforma quotidianamente in spagnolo, inglese e italiano. Attraverso notizie, articoli di analisi e trasmissioni in diretta degli eventi del Papa, Exaudi cerca di rafforzare l'unit\u00e0 dei cristiani e di contribuire all'evangelizzazione del mondo, sempre guidato dalla dottrina sociale della Chiesa. Lavoriamo per portare la verit\u00e0 e i valori cristiani in ogni angolo del pianeta. Aiutaci a trasformare il mondo con Exaudi! Noi di Exaudi crediamo che l'evangelizzazione e l'informazione di qualit\u00e0 possano cambiare la vita. Per continuare la nostra missione ed espandere la nostra portata, abbiamo bisogno del tuo aiuto. Stiamo anche cercando persone motivate che vogliano unirsi al nostro team. Grazie al vostro sostegno raggiungeremo pi\u00f9 persone, diffonderemo il messaggio di Cristo e rafforzeremo l'unit\u00e0 dei cristiani. Vuoi unirti alla nostra missione? Per maggiori informazioni su come contribuire, visita Exaudi.org\/it o contattaci direttamente: info@exaudi.org Exaudi: informa, forma e trasforma.","sameAs":["https:\/\/www.facebook.com\/ExaudiNotizie\/","https:\/\/www.instagram.com\/Exaudi_notizie\/","https:\/\/x.com\/Exaudi_Notizie","https:\/\/www.youtube.com\/@exaudicatholicnews"],"url":"https:\/\/exaudi.org\/it\/author\/dlvedi-org\/"}]}},"jetpack_featured_media_url":"https:\/\/exaudi.org\/wp-content\/uploads\/2024\/01\/cq5dam.web_.800.800-16.jpeg","jetpack_shortlink":"https:\/\/wp.me\/pgKjF2-nVI","_links":{"self":[{"href":"https:\/\/exaudi.org\/it\/wp-json\/wp\/v2\/posts\/91990","targetHints":{"allow":["GET"]}}],"collection":[{"href":"https:\/\/exaudi.org\/it\/wp-json\/wp\/v2\/posts"}],"about":[{"href":"https:\/\/exaudi.org\/it\/wp-json\/wp\/v2\/types\/post"}],"author":[{"embeddable":true,"href":"https:\/\/exaudi.org\/it\/wp-json\/wp\/v2\/users\/17"}],"replies":[{"embeddable":true,"href":"https:\/\/exaudi.org\/it\/wp-json\/wp\/v2\/comments?post=91990"}],"version-history":[{"count":0,"href":"https:\/\/exaudi.org\/it\/wp-json\/wp\/v2\/posts\/91990\/revisions"}],"wp:featuredmedia":[{"embeddable":true,"href":"https:\/\/exaudi.org\/it\/wp-json\/wp\/v2\/media\/91991"}],"wp:attachment":[{"href":"https:\/\/exaudi.org\/it\/wp-json\/wp\/v2\/media?parent=91990"}],"wp:term":[{"taxonomy":"category","embeddable":true,"href":"https:\/\/exaudi.org\/it\/wp-json\/wp\/v2\/categories?post=91990"},{"taxonomy":"post_tag","embeddable":true,"href":"https:\/\/exaudi.org\/it\/wp-json\/wp\/v2\/tags?post=91990"}],"curies":[{"name":"wp","href":"https:\/\/api.w.org\/{rel}","templated":true}]}}