{"id":91904,"date":"2024-01-11T18:18:56","date_gmt":"2024-01-11T17:18:56","guid":{"rendered":"https:\/\/exaudi.org\/?p=91904"},"modified":"2024-01-11T18:18:56","modified_gmt":"2024-01-11T17:18:56","slug":"seguendo-il-modello-di-maria-essere-sentinella-con-fede-fervore-e-tenerezza","status":"publish","type":"post","link":"https:\/\/exaudi.org\/it\/seguendo-il-modello-di-maria-essere-sentinella-con-fede-fervore-e-tenerezza\/","title":{"rendered":"&#8220;Seguendo il modello di Maria: Essere sentinella con fede, fervore e tenerezza&#8221;"},"content":{"rendered":"<p>Questa mattina, nel Palazzo Apostolico Vaticano, il Santo Padre Francesco ha ricevuto in Udienza la Delegazione delle \u201cSentinelle della Santa Famiglia\u201d.<\/p>\n<p>Pubblichiamo di seguito il discorso che il Papa ha rivolto ai partecipanti nel corso dell\u2019Incontro:<\/p>\n<p><a name=\"it\"><\/a><b><u>Discorso del Santo Padre<\/u><\/b><\/p>\n<div class=\"testo\">\n<div class=\"text parbase vaticanrichtext\">\n<p><i>Gentili Signore, care \u201cSentinelle\u201d, buongiorno!<\/i><\/p>\n<p>Con gioia do il benvenuto a voi,\u00a0<i>Sentinelles de la Sainte Famille<\/i>, e saluto Sua Altezza Reale la Principessa Sibilla di Lussemburgo.<\/p>\n<p>La vostra \u00e8 una rete di preghiera mariana \u2013 pregare con la Madonna \u00e8 bello \u2013 fondata dieci anni fa, che ha la vocazione di presentare alla nostra Santa Madre le intenzioni della Chiesa e del mondo. Apprezzo la semplicit\u00e0 e l\u2019umilt\u00e0 del vostro movimento, sorto spontaneamente nella preghiera comune delle prime tra voi. L\u2019impegno richiesto a colei che vuole diventare una \u201csentinella\u201d \u00e8 semplice, potrebbe sembrare anche risibile: recitare ogni giorno una decina del Rosario. Molto semplice. \u00c8 poco agli occhi degli uomini, ma \u00e8 molto agli occhi di Dio, se \u00e8 fatto con fedelt\u00e0 nel tempo, con fede e con fervore e in spirito di comunione tra voi. Dio ama ci\u00f2 che \u00e8 piccolo e fa s\u00ec che porti frutto.<\/p>\n<p>Il fatto che il vostro movimento sia composto soltanto da donne mette in luce la vostra vocazione specifica e insostituibile nella Chiesa, ad immagine della Vergine Maria. Voi non solo pregate la Madonna chiedendole di intercedere, ma avete ancor pi\u00f9 la disposizione a conformarvi a lei, alla sua maternit\u00e0, a unirvi alla sua preghiera di intercessione di madre per tutti i figli della Chiesa e per il mondo. Cos\u00ec, qualunque sia il vostro stato di vita,\u00a0<i>con Maria siete tutte madri<\/i>. La vostra preghiera e il vostro impegno di \u201csentinelle\u201d sono orientati secondo il modello di Maria, con alcune caratteristiche.<\/p>\n<p>Penso anzitutto allo\u00a0<i>sguardo<\/i>\u00a0che rivolgete sugli altri e sulle realt\u00e0 del mondo. Che sia sempre come quello della Vergine Maria, uno sguardo di madre, paziente, comprensivo, compassionevole. E vi invito a impregnare tutta la vostra vita e tutte le vostre relazioni di questo sguardo, non solo quando vi ritrovate tra voi come \u201csentinelle\u201d e nei momenti di preghiera, ma nella vita quotidiana, in famiglia, in parrocchia, nei vostri ambienti di lavoro.<\/p>\n<p>Inoltre, abbiamo ascoltato anche recentemente nella Liturgia, che\u00a0<i>Maria \u201ccustodiva e meditava gli avvenimenti nel suo cuore\u201d<\/i>. Voi portate certamente nella vostra preghiera avvenimenti che possono essere dolorosi, a titolo personale oppure affidativi da altri. Portate pure le intenzioni del mondo attraversato da tanti conflitti, tante violenze e tanta indifferenza; e anche quelle di molte persone sofferenti, abbandonate, rifiutate o in grande difficolt\u00e0. Tutto ci\u00f2 potrebbe suscitare incomprensione, scoraggiamento. Ma Maria, vedendo Ges\u00f9 bambino patire la povert\u00e0, non si scoraggia, non si lamenta. Rimane in silenzio; custodisce nel suo cuore e medita (cfr\u00a0<i><a href=\"https:\/\/www.vatican.va\/content\/francesco\/it\/homilies\/2022\/documents\/20220101_omelia-madredidio-pace.html\">Omelia<\/a>,\u00a0<\/i>1\u00b0 gennaio 2022). \u00abQuesto fanno le madri: sanno superare ostacoli e conflitti, sanno infondere pace. Cos\u00ec riescono a trasformare le avversit\u00e0 in opportunit\u00e0 di rinascita e in opportunit\u00e0 di crescita\u00bb (<i><a href=\"https:\/\/www.vatican.va\/content\/francesco\/it\/homilies\/2022\/documents\/20220101_omelia-madredidio-pace.html\">ibid<\/a><\/i>.).\u00a0Vi auguro di poter aiutare le persone a scoprire il senso di ci\u00f2 che vivono, e a conservare sempre la speranza e la fiducia nel futuro.<\/p>\n<p>Infine, la\u00a0<i>tenerezza<\/i>. Il nostro mondo, come anche i nostri fratelli e sorelle, hanno pi\u00f9 che mai bisogno di tenerezza: una parola che qualcuno forse vorrebbe togliere dal dizionario! (cfr\u00a0<i><a href=\"https:\/\/www.vatican.va\/content\/francesco\/it\/homilies\/2019\/documents\/papa-francesco_20190101_omelia-giornatamondiale-pace.html\">Omelia<\/a>,\u00a0<\/i>1\u00b0 gennaio 2019). Com\u2019\u00e8 duro a volte oggi il mondo, implacabile, sordo e indifferente alle sofferenze e ai bisogni del prossimo. Maria \u00e8 stata tenerezza per Ges\u00f9; e lo \u00e8 per la Chiesa e per il mondo. Questa \u00e8 certamente anche la vocazione di una \u201csentinella\u201d: incarnare in qualche modo la tenerezza di Maria per la Chiesa e per il mondo.<\/p>\n<p>Vi ringrazio ancora per la vostra visita e per la vostra dedizione. Vi auguro di perseverare con coraggio. La vostra crescita, numerica e geografica, non vi faccia perdere la semplicit\u00e0 e la piccolezza di cuore. Vi benedico, e vi chiedo di non dimenticarvi di me nella preghiera. Grazie.<\/p>\n<div class=\"clearfix\"><\/div>\n<\/div>\n<div class=\"content parsys\"><\/div>\n<\/div>\n","protected":false},"excerpt":{"rendered":"<p>Udienza alla Delegazione delle \u201cSentinelle della Santa Famiglia\u201d<\/p>\n","protected":false},"author":17,"featured_media":91907,"comment_status":"closed","ping_status":"closed","sticky":false,"template":"","format":"standard","meta":{"_acf_changed":false,"_crdt_document":"","inline_featured_image":false,"footnotes":""},"categories":[123,67],"tags":[251,4952,1843],"class_list":["post-91904","post","type-post","status-publish","format-standard","has-post-thumbnail","hentry","category-discorsi","category-leone-xiv","tag-papa-francesco","tag-trending-it","tag-udienza"],"acf":[],"yoast_head":"<!-- This site is optimized with the Yoast SEO plugin v27.5 - https:\/\/yoast.com\/product\/yoast-seo-wordpress\/ -->\n<title>&quot;Seguendo il modello di Maria: Essere sentinella con fede, fervore e tenerezza&quot; &#8211; Exaudi<\/title>\n<meta name=\"robots\" content=\"index, follow, max-snippet:-1, max-image-preview:large, max-video-preview:-1\" \/>\n<link rel=\"canonical\" href=\"https:\/\/exaudi.org\/it\/seguendo-il-modello-di-maria-essere-sentinella-con-fede-fervore-e-tenerezza\/\" \/>\n<meta property=\"og:locale\" content=\"it_IT\" \/>\n<meta property=\"og:type\" content=\"article\" \/>\n<meta property=\"og:title\" content=\"&quot;Seguendo il modello di Maria: Essere sentinella con fede, fervore e tenerezza&quot; &#8211; Exaudi\" \/>\n<meta property=\"og:description\" content=\"Udienza alla Delegazione delle \u201cSentinelle della Santa Famiglia\u201d\" \/>\n<meta property=\"og:url\" content=\"https:\/\/exaudi.org\/it\/seguendo-il-modello-di-maria-essere-sentinella-con-fede-fervore-e-tenerezza\/\" \/>\n<meta property=\"og:site_name\" content=\"Exaudi\" \/>\n<meta property=\"article:publisher\" content=\"https:\/\/www.facebook.com\/ExaudiNews\" \/>\n<meta property=\"article:author\" content=\"https:\/\/www.facebook.com\/ExaudiNotizie\/\" \/>\n<meta property=\"article:published_time\" content=\"2024-01-11T17:18:56+00:00\" \/>\n<meta property=\"og:image\" content=\"https:\/\/exaudi.org\/wp-content\/uploads\/2024\/01\/cq5dam.web_.800.800-12.jpeg\" \/>\n\t<meta property=\"og:image:width\" content=\"800\" \/>\n\t<meta property=\"og:image:height\" content=\"533\" \/>\n\t<meta property=\"og:image:type\" content=\"image\/jpeg\" \/>\n<meta name=\"author\" content=\"Exaudi Redazione\" \/>\n<meta name=\"twitter:card\" content=\"summary_large_image\" \/>\n<meta name=\"twitter:creator\" content=\"@Exaudi_Notizie\" \/>\n<meta name=\"twitter:site\" content=\"@Exaudi_News\" \/>\n<meta name=\"twitter:label1\" content=\"Scritto da\" \/>\n\t<meta name=\"twitter:data1\" content=\"Exaudi Redazione\" \/>\n\t<meta name=\"twitter:label2\" content=\"Tempo di lettura stimato\" \/>\n\t<meta name=\"twitter:data2\" content=\"3 minuti\" \/>\n<script type=\"application\/ld+json\" class=\"yoast-schema-graph\">{\"@context\":\"https:\\\/\\\/schema.org\",\"@graph\":[{\"@type\":\"Article\",\"@id\":\"https:\\\/\\\/exaudi.org\\\/it\\\/seguendo-il-modello-di-maria-essere-sentinella-con-fede-fervore-e-tenerezza\\\/#article\",\"isPartOf\":{\"@id\":\"https:\\\/\\\/exaudi.org\\\/it\\\/seguendo-il-modello-di-maria-essere-sentinella-con-fede-fervore-e-tenerezza\\\/\"},\"author\":{\"name\":\"Exaudi Redazione\",\"@id\":\"https:\\\/\\\/exaudi.org\\\/#\\\/schema\\\/person\\\/e1ab6ed07c01774724dd96f925f3a5f0\"},\"headline\":\"&#8220;Seguendo il modello di Maria: Essere sentinella con fede, fervore e tenerezza&#8221;\",\"datePublished\":\"2024-01-11T17:18:56+00:00\",\"mainEntityOfPage\":{\"@id\":\"https:\\\/\\\/exaudi.org\\\/it\\\/seguendo-il-modello-di-maria-essere-sentinella-con-fede-fervore-e-tenerezza\\\/\"},\"wordCount\":651,\"image\":{\"@id\":\"https:\\\/\\\/exaudi.org\\\/it\\\/seguendo-il-modello-di-maria-essere-sentinella-con-fede-fervore-e-tenerezza\\\/#primaryimage\"},\"thumbnailUrl\":\"https:\\\/\\\/exaudi.org\\\/wp-content\\\/uploads\\\/2024\\\/01\\\/cq5dam.web_.800.800-12.jpeg\",\"keywords\":[\"Papa Francesco\",\"Trending\",\"udienza\"],\"articleSection\":[\"Discorsi\",\"Leone XIV\"],\"inLanguage\":\"it-IT\"},{\"@type\":\"WebPage\",\"@id\":\"https:\\\/\\\/exaudi.org\\\/it\\\/seguendo-il-modello-di-maria-essere-sentinella-con-fede-fervore-e-tenerezza\\\/\",\"url\":\"https:\\\/\\\/exaudi.org\\\/it\\\/seguendo-il-modello-di-maria-essere-sentinella-con-fede-fervore-e-tenerezza\\\/\",\"name\":\"\\\"Seguendo il modello di Maria: Essere sentinella con fede, fervore e tenerezza\\\" &#8211; Exaudi\",\"isPartOf\":{\"@id\":\"https:\\\/\\\/exaudi.org\\\/#website\"},\"primaryImageOfPage\":{\"@id\":\"https:\\\/\\\/exaudi.org\\\/it\\\/seguendo-il-modello-di-maria-essere-sentinella-con-fede-fervore-e-tenerezza\\\/#primaryimage\"},\"image\":{\"@id\":\"https:\\\/\\\/exaudi.org\\\/it\\\/seguendo-il-modello-di-maria-essere-sentinella-con-fede-fervore-e-tenerezza\\\/#primaryimage\"},\"thumbnailUrl\":\"https:\\\/\\\/exaudi.org\\\/wp-content\\\/uploads\\\/2024\\\/01\\\/cq5dam.web_.800.800-12.jpeg\",\"datePublished\":\"2024-01-11T17:18:56+00:00\",\"author\":{\"@id\":\"https:\\\/\\\/exaudi.org\\\/#\\\/schema\\\/person\\\/e1ab6ed07c01774724dd96f925f3a5f0\"},\"breadcrumb\":{\"@id\":\"https:\\\/\\\/exaudi.org\\\/it\\\/seguendo-il-modello-di-maria-essere-sentinella-con-fede-fervore-e-tenerezza\\\/#breadcrumb\"},\"inLanguage\":\"it-IT\",\"potentialAction\":[{\"@type\":\"ReadAction\",\"target\":[\"https:\\\/\\\/exaudi.org\\\/it\\\/seguendo-il-modello-di-maria-essere-sentinella-con-fede-fervore-e-tenerezza\\\/\"]}]},{\"@type\":\"ImageObject\",\"inLanguage\":\"it-IT\",\"@id\":\"https:\\\/\\\/exaudi.org\\\/it\\\/seguendo-il-modello-di-maria-essere-sentinella-con-fede-fervore-e-tenerezza\\\/#primaryimage\",\"url\":\"https:\\\/\\\/exaudi.org\\\/wp-content\\\/uploads\\\/2024\\\/01\\\/cq5dam.web_.800.800-12.jpeg\",\"contentUrl\":\"https:\\\/\\\/exaudi.org\\\/wp-content\\\/uploads\\\/2024\\\/01\\\/cq5dam.web_.800.800-12.jpeg\",\"width\":800,\"height\":533,\"caption\":\"Vatican Media\"},{\"@type\":\"BreadcrumbList\",\"@id\":\"https:\\\/\\\/exaudi.org\\\/it\\\/seguendo-il-modello-di-maria-essere-sentinella-con-fede-fervore-e-tenerezza\\\/#breadcrumb\",\"itemListElement\":[{\"@type\":\"ListItem\",\"position\":1,\"name\":\"Portada\",\"item\":\"https:\\\/\\\/exaudi.org\\\/it\\\/\"},{\"@type\":\"ListItem\",\"position\":2,\"name\":\"&#8220;Seguendo il modello di Maria: Essere sentinella con fede, fervore e tenerezza&#8221;\"}]},{\"@type\":\"WebSite\",\"@id\":\"https:\\\/\\\/exaudi.org\\\/#website\",\"url\":\"https:\\\/\\\/exaudi.org\\\/\",\"name\":\"Exaudi\",\"description\":\"News\",\"potentialAction\":[{\"@type\":\"SearchAction\",\"target\":{\"@type\":\"EntryPoint\",\"urlTemplate\":\"https:\\\/\\\/exaudi.org\\\/?s={search_term_string}\"},\"query-input\":{\"@type\":\"PropertyValueSpecification\",\"valueRequired\":true,\"valueName\":\"search_term_string\"}}],\"inLanguage\":\"it-IT\"},{\"@type\":\"Person\",\"@id\":\"https:\\\/\\\/exaudi.org\\\/#\\\/schema\\\/person\\\/e1ab6ed07c01774724dd96f925f3a5f0\",\"name\":\"Exaudi Redazione\",\"image\":{\"@type\":\"ImageObject\",\"inLanguage\":\"it-IT\",\"@id\":\"https:\\\/\\\/secure.gravatar.com\\\/avatar\\\/ad6774b3ada023bf5b939d64f45c94b3adf91502dd883507d469b4308a943bb3?s=96&d=mm&r=g\",\"url\":\"https:\\\/\\\/secure.gravatar.com\\\/avatar\\\/ad6774b3ada023bf5b939d64f45c94b3adf91502dd883507d469b4308a943bb3?s=96&d=mm&r=g\",\"contentUrl\":\"https:\\\/\\\/secure.gravatar.com\\\/avatar\\\/ad6774b3ada023bf5b939d64f45c94b3adf91502dd883507d469b4308a943bb3?s=96&d=mm&r=g\",\"caption\":\"Exaudi Redazione\"},\"description\":\"Che cosa \u00e8 Exaudi News? Exaudi News \u00e8 un agenzia cattolica internazionale che informa, istruisce e trasforma quotidianamente in spagnolo, inglese e italiano. Attraverso notizie, articoli di analisi e trasmissioni in diretta degli eventi del Papa, Exaudi cerca di rafforzare l'unit\u00e0 dei cristiani e di contribuire all'evangelizzazione del mondo, sempre guidato dalla dottrina sociale della Chiesa. Lavoriamo per portare la verit\u00e0 e i valori cristiani in ogni angolo del pianeta. Aiutaci a trasformare il mondo con Exaudi! Noi di Exaudi crediamo che l'evangelizzazione e l'informazione di qualit\u00e0 possano cambiare la vita. Per continuare la nostra missione ed espandere la nostra portata, abbiamo bisogno del tuo aiuto. Stiamo anche cercando persone motivate che vogliano unirsi al nostro team. Grazie al vostro sostegno raggiungeremo pi\u00f9 persone, diffonderemo il messaggio di Cristo e rafforzeremo l'unit\u00e0 dei cristiani. Vuoi unirti alla nostra missione? Per maggiori informazioni su come contribuire, visita Exaudi.org\\\/it o contattaci direttamente: info@exaudi.org Exaudi: informa, forma e trasforma.\",\"sameAs\":[\"https:\\\/\\\/www.facebook.com\\\/ExaudiNotizie\\\/\",\"https:\\\/\\\/www.instagram.com\\\/Exaudi_notizie\\\/\",\"https:\\\/\\\/x.com\\\/Exaudi_Notizie\",\"https:\\\/\\\/www.youtube.com\\\/@exaudicatholicnews\"],\"url\":\"https:\\\/\\\/exaudi.org\\\/it\\\/author\\\/dlvedi-org\\\/\"}]}<\/script>\n<!-- \/ Yoast SEO plugin. -->","yoast_head_json":{"title":"\"Seguendo il modello di Maria: Essere sentinella con fede, fervore e tenerezza\" &#8211; Exaudi","robots":{"index":"index","follow":"follow","max-snippet":"max-snippet:-1","max-image-preview":"max-image-preview:large","max-video-preview":"max-video-preview:-1"},"canonical":"https:\/\/exaudi.org\/it\/seguendo-il-modello-di-maria-essere-sentinella-con-fede-fervore-e-tenerezza\/","og_locale":"it_IT","og_type":"article","og_title":"\"Seguendo il modello di Maria: Essere sentinella con fede, fervore e tenerezza\" &#8211; Exaudi","og_description":"Udienza alla Delegazione delle \u201cSentinelle della Santa Famiglia\u201d","og_url":"https:\/\/exaudi.org\/it\/seguendo-il-modello-di-maria-essere-sentinella-con-fede-fervore-e-tenerezza\/","og_site_name":"Exaudi","article_publisher":"https:\/\/www.facebook.com\/ExaudiNews","article_author":"https:\/\/www.facebook.com\/ExaudiNotizie\/","article_published_time":"2024-01-11T17:18:56+00:00","og_image":[{"width":800,"height":533,"url":"https:\/\/exaudi.org\/wp-content\/uploads\/2024\/01\/cq5dam.web_.800.800-12.jpeg","type":"image\/jpeg"}],"author":"Exaudi Redazione","twitter_card":"summary_large_image","twitter_creator":"@Exaudi_Notizie","twitter_site":"@Exaudi_News","twitter_misc":{"Scritto da":"Exaudi Redazione","Tempo di lettura stimato":"3 minuti"},"schema":{"@context":"https:\/\/schema.org","@graph":[{"@type":"Article","@id":"https:\/\/exaudi.org\/it\/seguendo-il-modello-di-maria-essere-sentinella-con-fede-fervore-e-tenerezza\/#article","isPartOf":{"@id":"https:\/\/exaudi.org\/it\/seguendo-il-modello-di-maria-essere-sentinella-con-fede-fervore-e-tenerezza\/"},"author":{"name":"Exaudi Redazione","@id":"https:\/\/exaudi.org\/#\/schema\/person\/e1ab6ed07c01774724dd96f925f3a5f0"},"headline":"&#8220;Seguendo il modello di Maria: Essere sentinella con fede, fervore e tenerezza&#8221;","datePublished":"2024-01-11T17:18:56+00:00","mainEntityOfPage":{"@id":"https:\/\/exaudi.org\/it\/seguendo-il-modello-di-maria-essere-sentinella-con-fede-fervore-e-tenerezza\/"},"wordCount":651,"image":{"@id":"https:\/\/exaudi.org\/it\/seguendo-il-modello-di-maria-essere-sentinella-con-fede-fervore-e-tenerezza\/#primaryimage"},"thumbnailUrl":"https:\/\/exaudi.org\/wp-content\/uploads\/2024\/01\/cq5dam.web_.800.800-12.jpeg","keywords":["Papa Francesco","Trending","udienza"],"articleSection":["Discorsi","Leone XIV"],"inLanguage":"it-IT"},{"@type":"WebPage","@id":"https:\/\/exaudi.org\/it\/seguendo-il-modello-di-maria-essere-sentinella-con-fede-fervore-e-tenerezza\/","url":"https:\/\/exaudi.org\/it\/seguendo-il-modello-di-maria-essere-sentinella-con-fede-fervore-e-tenerezza\/","name":"\"Seguendo il modello di Maria: Essere sentinella con fede, fervore e tenerezza\" &#8211; Exaudi","isPartOf":{"@id":"https:\/\/exaudi.org\/#website"},"primaryImageOfPage":{"@id":"https:\/\/exaudi.org\/it\/seguendo-il-modello-di-maria-essere-sentinella-con-fede-fervore-e-tenerezza\/#primaryimage"},"image":{"@id":"https:\/\/exaudi.org\/it\/seguendo-il-modello-di-maria-essere-sentinella-con-fede-fervore-e-tenerezza\/#primaryimage"},"thumbnailUrl":"https:\/\/exaudi.org\/wp-content\/uploads\/2024\/01\/cq5dam.web_.800.800-12.jpeg","datePublished":"2024-01-11T17:18:56+00:00","author":{"@id":"https:\/\/exaudi.org\/#\/schema\/person\/e1ab6ed07c01774724dd96f925f3a5f0"},"breadcrumb":{"@id":"https:\/\/exaudi.org\/it\/seguendo-il-modello-di-maria-essere-sentinella-con-fede-fervore-e-tenerezza\/#breadcrumb"},"inLanguage":"it-IT","potentialAction":[{"@type":"ReadAction","target":["https:\/\/exaudi.org\/it\/seguendo-il-modello-di-maria-essere-sentinella-con-fede-fervore-e-tenerezza\/"]}]},{"@type":"ImageObject","inLanguage":"it-IT","@id":"https:\/\/exaudi.org\/it\/seguendo-il-modello-di-maria-essere-sentinella-con-fede-fervore-e-tenerezza\/#primaryimage","url":"https:\/\/exaudi.org\/wp-content\/uploads\/2024\/01\/cq5dam.web_.800.800-12.jpeg","contentUrl":"https:\/\/exaudi.org\/wp-content\/uploads\/2024\/01\/cq5dam.web_.800.800-12.jpeg","width":800,"height":533,"caption":"Vatican Media"},{"@type":"BreadcrumbList","@id":"https:\/\/exaudi.org\/it\/seguendo-il-modello-di-maria-essere-sentinella-con-fede-fervore-e-tenerezza\/#breadcrumb","itemListElement":[{"@type":"ListItem","position":1,"name":"Portada","item":"https:\/\/exaudi.org\/it\/"},{"@type":"ListItem","position":2,"name":"&#8220;Seguendo il modello di Maria: Essere sentinella con fede, fervore e tenerezza&#8221;"}]},{"@type":"WebSite","@id":"https:\/\/exaudi.org\/#website","url":"https:\/\/exaudi.org\/","name":"Exaudi","description":"News","potentialAction":[{"@type":"SearchAction","target":{"@type":"EntryPoint","urlTemplate":"https:\/\/exaudi.org\/?s={search_term_string}"},"query-input":{"@type":"PropertyValueSpecification","valueRequired":true,"valueName":"search_term_string"}}],"inLanguage":"it-IT"},{"@type":"Person","@id":"https:\/\/exaudi.org\/#\/schema\/person\/e1ab6ed07c01774724dd96f925f3a5f0","name":"Exaudi Redazione","image":{"@type":"ImageObject","inLanguage":"it-IT","@id":"https:\/\/secure.gravatar.com\/avatar\/ad6774b3ada023bf5b939d64f45c94b3adf91502dd883507d469b4308a943bb3?s=96&d=mm&r=g","url":"https:\/\/secure.gravatar.com\/avatar\/ad6774b3ada023bf5b939d64f45c94b3adf91502dd883507d469b4308a943bb3?s=96&d=mm&r=g","contentUrl":"https:\/\/secure.gravatar.com\/avatar\/ad6774b3ada023bf5b939d64f45c94b3adf91502dd883507d469b4308a943bb3?s=96&d=mm&r=g","caption":"Exaudi Redazione"},"description":"Che cosa \u00e8 Exaudi News? Exaudi News \u00e8 un agenzia cattolica internazionale che informa, istruisce e trasforma quotidianamente in spagnolo, inglese e italiano. Attraverso notizie, articoli di analisi e trasmissioni in diretta degli eventi del Papa, Exaudi cerca di rafforzare l'unit\u00e0 dei cristiani e di contribuire all'evangelizzazione del mondo, sempre guidato dalla dottrina sociale della Chiesa. Lavoriamo per portare la verit\u00e0 e i valori cristiani in ogni angolo del pianeta. Aiutaci a trasformare il mondo con Exaudi! Noi di Exaudi crediamo che l'evangelizzazione e l'informazione di qualit\u00e0 possano cambiare la vita. Per continuare la nostra missione ed espandere la nostra portata, abbiamo bisogno del tuo aiuto. Stiamo anche cercando persone motivate che vogliano unirsi al nostro team. Grazie al vostro sostegno raggiungeremo pi\u00f9 persone, diffonderemo il messaggio di Cristo e rafforzeremo l'unit\u00e0 dei cristiani. Vuoi unirti alla nostra missione? Per maggiori informazioni su come contribuire, visita Exaudi.org\/it o contattaci direttamente: info@exaudi.org Exaudi: informa, forma e trasforma.","sameAs":["https:\/\/www.facebook.com\/ExaudiNotizie\/","https:\/\/www.instagram.com\/Exaudi_notizie\/","https:\/\/x.com\/Exaudi_Notizie","https:\/\/www.youtube.com\/@exaudicatholicnews"],"url":"https:\/\/exaudi.org\/it\/author\/dlvedi-org\/"}]}},"jetpack_featured_media_url":"https:\/\/exaudi.org\/wp-content\/uploads\/2024\/01\/cq5dam.web_.800.800-12.jpeg","jetpack_shortlink":"https:\/\/wp.me\/pgKjF2-nUk","_links":{"self":[{"href":"https:\/\/exaudi.org\/it\/wp-json\/wp\/v2\/posts\/91904","targetHints":{"allow":["GET"]}}],"collection":[{"href":"https:\/\/exaudi.org\/it\/wp-json\/wp\/v2\/posts"}],"about":[{"href":"https:\/\/exaudi.org\/it\/wp-json\/wp\/v2\/types\/post"}],"author":[{"embeddable":true,"href":"https:\/\/exaudi.org\/it\/wp-json\/wp\/v2\/users\/17"}],"replies":[{"embeddable":true,"href":"https:\/\/exaudi.org\/it\/wp-json\/wp\/v2\/comments?post=91904"}],"version-history":[{"count":0,"href":"https:\/\/exaudi.org\/it\/wp-json\/wp\/v2\/posts\/91904\/revisions"}],"wp:featuredmedia":[{"embeddable":true,"href":"https:\/\/exaudi.org\/it\/wp-json\/wp\/v2\/media\/91907"}],"wp:attachment":[{"href":"https:\/\/exaudi.org\/it\/wp-json\/wp\/v2\/media?parent=91904"}],"wp:term":[{"taxonomy":"category","embeddable":true,"href":"https:\/\/exaudi.org\/it\/wp-json\/wp\/v2\/categories?post=91904"},{"taxonomy":"post_tag","embeddable":true,"href":"https:\/\/exaudi.org\/it\/wp-json\/wp\/v2\/tags?post=91904"}],"curies":[{"name":"wp","href":"https:\/\/api.w.org\/{rel}","templated":true}]}}