{"id":91895,"date":"2024-01-11T17:18:11","date_gmt":"2024-01-11T16:18:11","guid":{"rendered":"https:\/\/exaudi.org\/?p=91895"},"modified":"2024-01-11T20:17:58","modified_gmt":"2024-01-11T19:17:58","slug":"da-greccio-a-santa-ana-de-coro-fede-infanzia-gioia-e-fraternita","status":"publish","type":"post","link":"https:\/\/exaudi.org\/it\/da-greccio-a-santa-ana-de-coro-fede-infanzia-gioia-e-fraternita\/","title":{"rendered":"Da Greccio a Santa Ana de Coro: fede, infanzia, gioia e fraternit\u00e0"},"content":{"rendered":"<p>Appena iniziato il mese di dicembre 2023, un paio di immagini visive affascinanti, quasi fortuite, si sono impresse nel mio spirito, suscitando allo stesso tempo un&#8217;emozione particolare e una sorta di viaggio mentale verso tempi che ci hanno lasciato eredit\u00e0. Entrambi si sono svolti nello stesso giorno \u2013 1 dicembre \u2013 e nello stesso spazio, pi\u00f9 precisamente nella bellissima citt\u00e0 venezuelana di Santa Ana de Coro \u2013 capitale dello Stato Falc\u00f3n, comunemente noto come Coro \u2013, il cui centro urbano storico e porto La Vela , con le sue costruzioni architettoniche di epoca ispanica o coloniale, con i suoi oratori, chiese e case, alcune trasformate in musei che ospitano anche preziosi tesori dell&#8217;iconografia cattolica, \u00e8 stata dichiarata, appena trent&#8217;anni fa, patrimonio dell&#8217;umanit\u00e0 dall&#8217;UNESCO. civico <a href=\"https:\/\/whc.unesco.org\/es\/list\/658\">658<\/a>. Cos\u00ec, per le sue strade acciottolate soleggiate e un po&#8217; solitarie, fiancheggiate dai muri di case imbiancate o dipinte a colori vivaci, con le tipiche finestre alte e rettangolari con rustiche sbarre verticali o eleganti colonnine incassate, che in successione durante una il cammino sono interrotti dai periodici portoni di accesso alle case dai tetti in tegole che offrono una cornice spaziale aperta verso il cielo, nella prima immagine si vedevano diversi gruppi di frati francescani con i loro abiti caratteristici &#8211; tunica, cappuccio, cordone e sandali -, variando dal marrone al grigio, con qualche dettaglio distintivo nella forma secondo l&#8217;ordine specifico, che camminavano e talvolta anche saltavano e cantavano in un gioco con assoluta naturalezza e gioia contagiosa. Chi contemplasse questa immagine animata e senza tempo, cos\u00ec isolata, forse non riusciva a stabilire una data precisa di accadimento, come se appartenesse ad un&#8217;altra epoca, ad un passato lontano gi\u00e0 trascorso e forse pi\u00f9 diffuso, forse come quello di quando il Venezuela attraversava la sua crisi Ispanico del XVIII secolo, eppure si \u00e8 fatto presente nel terzo millennio della nostra era, suscitando sorrisi di intima convinzione.<\/p>\n<p><img loading=\"lazy\" decoding=\"async\" class=\"size-medium wp-image-91829 alignleft\" src=\"https:\/\/exaudi.org\/wp-content\/uploads\/2024\/01\/Detras-de-la-Capilla-de-Santa-Monica-en-La-Toma-225x300.jpg\" alt=\"\" width=\"225\" height=\"300\" srcset=\"https:\/\/exaudi.org\/wp-content\/uploads\/2024\/01\/Detras-de-la-Capilla-de-Santa-Monica-en-La-Toma-225x300.jpg 225w, https:\/\/exaudi.org\/wp-content\/uploads\/2024\/01\/Detras-de-la-Capilla-de-Santa-Monica-en-La-Toma-500x667.jpg 500w, https:\/\/exaudi.org\/wp-content\/uploads\/2024\/01\/Detras-de-la-Capilla-de-Santa-Monica-en-La-Toma-293x391.jpg 293w, https:\/\/exaudi.org\/wp-content\/uploads\/2024\/01\/Detras-de-la-Capilla-de-Santa-Monica-en-La-Toma-390x520.jpg 390w, https:\/\/exaudi.org\/wp-content\/uploads\/2024\/01\/Detras-de-la-Capilla-de-Santa-Monica-en-La-Toma.jpg 750w\" sizes=\"auto, (max-width: 225px) 100vw, 225px\" \/>La seconda immagine trae origine da una specifica attivit\u00e0 che, da tempo, si svolge ogni anno a Coro: la tradizionale sfilata dei bambini in et\u00e0 prescolare provenienti da oltre settanta istituti scolastici falconiani che rappresentano i principali personaggi del Presepe patalizio per dare inizio alla popolare Fiera dei Presepi; Con nostra ammirazione e gioia, questo evento festivo \u00e8 giunto alla sua 42\u00aa edizione, un numero insolito nel contesto venezuelano, e che \u00e8 stato il risultato della felice apparizione di Monsignor Ram\u00f3n Ovidio P\u00e9rez Morales quando era Vescovo della citt\u00e0 negli anni Ottanta. Successivamente abbiamo partecipato alla messa solenne delle sette e mezza del mattino nell&#8217;antichissimo, semplice e bellissimo Eremo di San Clemente, aprendo cos\u00ec il <em>Primo Congresso Nazionale Francescano. Da Greccio al Coro<\/em>, abbiamo accompagnato quel coloratissimo corteo partito dalla Plaza de la Cruz de San Clemente, proprio il luogo della prima messa in Venezuela nel 1527, momento iniziale dell&#8217;evangelizzazione in Sud America. I bambini e le bambine di ogni scuola, dai quattro ai sei anni, partecipando a quelli che potevano essere considerati diversi presepi sintetici e ambulanti, hanno indossato con tutta dignit\u00e0 e gioia gli abiti dei pastorelli, degli angioletti, dei magi, di San Giuseppe e dei Madonna con una bambola in braccio che rappresenta il piccolo Ges\u00f9 Bambino (alcune scuole prevedevano un bambino vero che i suoi genitori, anch&#8217;essi appassionati camminatori, prestavano con un po&#8217; pi\u00f9 di rischio). Ma questa occasione \u00e8 stata ancora pi\u00f9 unica, perch\u00e9 per completare il quadro dei personaggi del presepe che tutti conosciamo, dei bambini vestiti da San Francesco d&#8217;Assisi hanno accompagnato il resto del cast ricordando l&#8217;idea geniale che <em>il Poverello<\/em> ebbe per la celebrazione del Natale. a Greccio nel 1223. L&#8217;inventiva dei genitori e degli insegnanti nell&#8217;elaborazione dei costumi che cercavano di riprodurre quello del Santo di Assisi, figura ormai inseparabile dal gruppo del presepe, variava tra qualche fantasia di tessuto lucido e una sorprendente fedelt\u00e0 con la copia in miniatura dell&#8217;abito bruno degli attuali frati minori francescani. Nei miei ricordi d&#8217;infanzia conservo la sensazione di quella sorta di responsabilit\u00e0 speciale e di avventura molto personale che prevedeva sempre di travestirsi da un certo personaggio o da un costume da festa, interpretandolo nell&#8217;esperienza reale del gioco con tutte le sue implicazioni, quindi la contemplazione di quell&#8217;immagine dei bambini, con la loro seriet\u00e0, il loro candore e la loro gioia nel cammino verso le mangiatoie, non smetteva mai di suscitare meraviglia.<br \/>\n\u200b<br \/>\nPresieduto dalla bella immagine \u2013 <a href=\"https:\/\/diariocatolico.press\/sabias-que-un-lienzo-con-la-imagen-de-la-virgen-de-guadalupe-aparecio-en-venezuela\/\">\u201cla Tallita Ind\u00edgena Caquet\u00eda\u201d<\/a> \u2013 di Nostra Signora di Guadalupe di El Carrizal, la Beata Vergine, patrona dello Stato di Falc\u00f3n e dell&#8217;Arcidiocesi di Coro, il corteo che ha inaugurato la Feria del Pesebre si \u00e8 concluso con il piacevole Annuncio di Natale letto sotto forma di canto da Fra Juan Francisco Moreno Garc\u00eda, a nome della custodia dei frati minori del Venezuela, \u00abper annunciare nella Chiesa il mistero del Dio umanizzato, incarnazione del Verbo nell&#8217;amore .&#8221; E in riferimento all\u2019anniversario francescano, il proclama prosegue: \u201cEsulti di gioia la Creazione intera se tra le braccia di Francesco ammira e contempla un Dio che si fa piccolo bambino\u201d. In linea con questo clima festoso della Fiera, ci siamo poi recati all&#8217;inaugurazione ufficiale delle bellissime mostre \u201cI Presepi di Roselena\u201d, un insieme antologico di provenienza privata, e dei \u201cCapolavori della Collezione\u201d nel <a href=\"https:\/\/arquidiocesisdecoro.org.ve\/museo-del-pesebre-mons-ramon-ovidio-perez-morales\/\">Museo della Presepe \u201cMonse\u00f1or\u201d. Ram\u00f3n Ovidio P\u00e9rez Morales<\/a>\u201d, istituzione museale unica in Venezuela. Il fatto che nel nostro Paese si realizzi una fiera cittadina con queste caratteristiche, che abbraccia la tradizione di un&#8217;espressione di profonda religiosit\u00e0 e risponde anche all&#8217;ingegno artigianale, \u00e8 una notizia che costituisce di per s\u00e9 una piacevolissima sorpresa, tanto pi\u00f9 quando ci rendiamo conto che questo festival regionale unico ha gi\u00e0 superato quattro decenni di ammirevole perseveranza e dedizione. Ma anche, proprio in occasione della doppia occasione festiva della fiera e dell&#8217;ottavo centenario del primo presepe allestito dal Santo di Assisi, \u00e8 stato organizzato il <em>Primo Congresso Nazionale Francescano. Da Greccio a Coro<\/em>, ed \u00e8 proprio da questo che nasce l&#8217;immagine di fascino con cui ho iniziato questa cronaca. Si sono cos\u00ec riuniti nel caloroso Coro per l&#8217;incontro senza precedenti diversi fratelli e sorelle dei vari ordini ispirati dall&#8217;unico carisma di San Francesco d&#8217;Assisi e appartenenti alle diverse regioni venezuelane: i frati minori francescani e i frati minori cappuccini (Caracas ); i fratelli e le sorelle dei terzi ordini francescani regolari del Sacro Cuore di Ges\u00f9 (Caracas), dell&#8217;Immacolata (Zulia e Caracas), della Croce Bianca (La Victoria), del Santissimo Sacramento (Maracay), di Jos\u00e9 e Mar\u00eda (Barquisimeto) e Divina Misericordia (Coro); e le sorelle e i fratelli dell&#8217;Ordine francescano secolare (Barquisimeto, Guanare e Caracas). L&#8217;organizzazione di questo congresso senza precedenti \u00e8 avvenuta grazie al lavoro dedicato e all&#8217;iniziativa entusiasta di Fra Giovanni \u00c1vila e dei suoi tenaci Fratelli Francescani de La Divina Misericordia; dalla signora Belkis Weffer, direttrice del Museo Manger, e dal suo team; della professoressa Roselena Sanchez, preside dell&#8217;Universit\u00e0 Nazionale Sperimentale Francisco de Miranda, presepe delicato e studioso; di Suor Nancy Sierra Camacho, e di un comitato molto impegnato composto da molte persone, i cui nomi non sono stati inclusi a causa della comprensibile \u201cingiustizia\u201d dello spazio ristretto di queste linee. L&#8217;evento, che ha mostrato la fede profonda, sincera e serena del gentilissimo e accogliente popolo coriano, ha avuto anche il generoso sostegno dell&#8217;<a href=\"https:\/\/arquidiocesisdecoro.org.ve\/museo-del-pesebre-mons-ramon-ovidio-perez-morales\/\">Arcidiocesi di Coro<\/a> e del suo Arcivescovo emerito, Mons. Mariano Parra Sandoval, della <a href=\"https:\/\/www.instagram.com\/caritas.coro\/?hl=es\">Caritas di Coro<\/a>, della <a href=\"https:\/\/www.conver.org\/\">Conferenza Venezuelana delle Religiose e degli Uomini Religiosi (CONVER)<\/a>, nonch\u00e9 con il contributo dell&#8217;Ufficio del Sindaco e del Governo dello Stato. Nel pomeriggio di quel giorno si \u00e8 svolto il Congresso francescano, iniziato con la preghiera preparatoria alla celebrazione del Natale a Greccio e all&#8217;intronizzazione di Ges\u00f9 Bambino in un presepe ad hoc, mentre cantavamo il bonus natalizio venezuelano di del 19esimo secolo. Ragazzo carino&#8221;.<\/p>\n<p><img loading=\"lazy\" decoding=\"async\" class=\"size-medium wp-image-91835 alignright\" src=\"https:\/\/exaudi.org\/wp-content\/uploads\/2024\/01\/Ermita-de-San-Clemente-Coro-225x300.jpg\" alt=\"\" width=\"225\" height=\"300\" srcset=\"https:\/\/exaudi.org\/wp-content\/uploads\/2024\/01\/Ermita-de-San-Clemente-Coro-225x300.jpg 225w, https:\/\/exaudi.org\/wp-content\/uploads\/2024\/01\/Ermita-de-San-Clemente-Coro-768x1024.jpg 768w, https:\/\/exaudi.org\/wp-content\/uploads\/2024\/01\/Ermita-de-San-Clemente-Coro-770x1027.jpg 770w, https:\/\/exaudi.org\/wp-content\/uploads\/2024\/01\/Ermita-de-San-Clemente-Coro-1152x1536.jpg 1152w, https:\/\/exaudi.org\/wp-content\/uploads\/2024\/01\/Ermita-de-San-Clemente-Coro-1536x2048.jpg 1536w, https:\/\/exaudi.org\/wp-content\/uploads\/2024\/01\/Ermita-de-San-Clemente-Coro-500x667.jpg 500w, https:\/\/exaudi.org\/wp-content\/uploads\/2024\/01\/Ermita-de-San-Clemente-Coro-293x391.jpg 293w, https:\/\/exaudi.org\/wp-content\/uploads\/2024\/01\/Ermita-de-San-Clemente-Coro-1400x1867.jpg 1400w, https:\/\/exaudi.org\/wp-content\/uploads\/2024\/01\/Ermita-de-San-Clemente-Coro-390x520.jpg 390w, https:\/\/exaudi.org\/wp-content\/uploads\/2024\/01\/Ermita-de-San-Clemente-Coro-scaled.jpg 1920w\" sizes=\"auto, (max-width: 225px) 100vw, 225px\" \/>Tre interventi hanno costituito l&#8217;insieme di studio e meditazione di quella giornata del Congresso. Il primo \u00e8 stato guidato da Fra Alfonso Mora Pereira, Custode dei Fratelli Minori Cappuccini del Venezuela, e il cui titolo era \u201cGreccio: una finestra sul mistero di Dio incarnato\u201d. San Francesco, ci ha detto frate Alfonso, apre quella finestra \u00abper scrutare il mistero di Dio fatto Bambino, perch\u00e9 vede nell\u2019immagine del presepe una forza comunicativa che le parole non sempre riuscivano a trasmettere\u00bb. Cos\u00ec \u00abil presepe di Greccio rivela una delle verit\u00e0 fondamentali della nostra fede: Dio si \u00e8 fatto uomo in carne e sangue, il mistero di Dio in tutta la sua onnipotenza era a Betlemme adagiato in una stalla di animali\u00bb. E ha proseguito: \u00abOttocento anni dopo continuiamo ad usare la stessa finestra per celebrare il nostro Natale e contemplare gli strani disegni di Dio che viene a riorientare i nostri criteri e le nostre aspirazioni, perch\u00e9 per Lui che vuole essere grande deve farsi piccolo (cfr Mt 20, 26). Il presepe convoca la famiglia e la chiesa che si raccoglie intorno ad esso per esprimere la fede in Dio e i sentimenti di affetto e di gioia familiare, ma chi vuole contemplare il presepe deve fare un cammino dalla citt\u00e0 alla periferia perch\u00e9 il presepe non &#8220;\u00e8 non \u00e8 in un palazzo ma in una povera grotta alla periferia di Betlemme e Greccio.&#8221;<\/p>\n<p>\u00c8 toccato a me offrire la seconda presentazione basata sui versi illuminanti di un verso di Rainer Maria Rilke: \u201c&#8221;Cantare \u00e8 esistere.&#8221; Di San Francesco d&#8217;Assisi e del primo presepe di Greccio. \u201cCantare \u00e8 esistere\u201d \u00e8 una realt\u00e0 che si scopre e ci fa comprendere, proprio come avvenne con il gesto di San Francesco otto secoli fa, l&#8217;invito a riconoscere e celebrare la gioia immensa che inonda lo spirito e si manifesta nell&#8217;essere. per l&#8217;annuncio e l&#8217;esperienza della riconciliazione; la grande grazia e possibilit\u00e0 di esistenza piena che \u00e8 stata aperta dall&#8217;amore di Dio quando sceglie di farsi uomo per la nostra redenzione: il Bambino di Betlemme, l&#8217;<em>Emmanuele<\/em>: Dio con noi. \u201cGloria a Dio nei luoghi altissimi e pace in terra agli uomini nei quali si compiace!\u201d, cantavano gli angeli del cielo, e i pastori, dopo aver visitato e contemplato il \u201cbambino adagiato nella mangiatoia\u201d accanto a Maria e Giuseppe, stupiti, e forse continuando quello stesso canto, \u00abtornarono glorificando e lodando Dio per tutto quello che avevano udito e visto\u00bb (Lc 2,14-20). Con Ges\u00f9, che nella sua piena umanit\u00e0 si dona per la nostra salvezza, si annuncia il significato essenziale dell&#8217;amore che invita alla riconciliazione dell&#8217;essere in ciascuno di noi: con Dio, con la nostra intimit\u00e0, con il prossimo e con la nostra casa, l&#8217;intera Creazione.<\/p>\n<p>La conferenza finale \u00e8 stata tenuta da monsignor Ram\u00f3n Ovidio P\u00e9rez Morales, arcivescovo-vescovo emerito di Los Teques, che ci ha parlato di \u201cIl presepe e l&#8217;evangelizzazione della cultura\u201d. L&#8217;illustre Monsignore ci ha interrogato duramente: \u201cIl presepe \u00e8 un mezzo di evangelizzazione della cultura. Che messaggio d\u00e0 il presepe su Dio, sull&#8217;uomo, sulla societ\u00e0, sulla natura? (\u2026) Cosa insegna e cosa evidenzia il presepe nel nostro mondo concreto? Dicono che la mangiatoia sia come una Bibbia aperta. E un barile pedagogico senza fondo. \u201cMeglio che dare risposte \u00e8 porre domande che aprono al compromesso.\u201d E questi stessi indicheranno le sfide che dobbiamo affrontare nella nostra realt\u00e0 concreta. Per questo, ha osservato, \u00abi presepi ingenui sono i pi\u00f9 favorevoli all&#8217;evangelizzazione nella sua doppia direzione di contributo-accoglienza. Bambini giganti accanto a minuscole case, leoni che camminano tra gli esseri umani, sono lezioni, ad esempio, che per Dio non esistono misurazioni e che la riconciliazione universale \u00e8 una profezia messianica. Monsignore non ha mancato di inserire un simpatico aneddoto personale della sua infanzia in cui il dono di un coccodrillo di plastica, dentato e terrificante, \u00e8 stato naturalmente incorporato da lui e dai suoi fratelli nel paesaggio del presepe domestico, convivendo pacificamente e senza problemi. una delle scene con i devoti pastori, forse alludendo alla possibilit\u00e0 del ricordato Eden perduto e alla promessa di riconciliazione. Monsignor Ovidio ha voluto aggiungere anche la descrizione di un paio di immagini di sintesi che propone alla nostra meditazione sulla missione evangelizzatrice del presepe, che lega indissolubilmente l&#8217;amore divino della Santissima Trinit\u00e0 nel Natale: il presepe trinitario. Avremmo cos\u00ec una mangiatoia piccola, pi\u00f9 piccola ed essenziale, che presenta un triangolo equilatero che comprende nel suo ambito la Sacra Famiglia di Betlemme, magari con qualche altro personaggio che si insinua al suo interno, come un pastore in adorazione o il mulo e il bue. E avremmo anche un altro presepe pi\u00f9 grande e comprensivo che \u00e8 incorniciato nel paesaggio di Betlemme, ampliato con pi\u00f9 personaggi e scene, dove la grotta della nascita ha la forma precisa, un triangolo con i lati uguali, la stessa figura geometrica, simbolo del Trinit\u00e0.<\/p>\n<p>La sessione del congresso si \u00e8 conclusa brillantemente con uno splendido e divertente concerto del Coro Falc\u00f3n, che ha eseguito un entusiasmante repertorio di vari brani natalizi. Il giorno successivo, 2 dicembre, il prolungamento dell&#8217;incontro francescano ha avuto luogo con una messa mattutina alle sette e mezza del mattino nella comunit\u00e0 dei Fratelli Francescani della Divina Misericordia, nella piccola Cappella di Santa Monica nel settore La Toma. alla periferia di Coro (Parrocchia di Sant&#8217;Antonio da Padova). Le piccolissime dimensioni del suggestivo oratorio e le semplicissime costruzioni della comunit\u00e0 hanno permesso alla fantasia di lanciarsi in un gioco che potesse omologare quello spazio come quello forse vissuto dai primi frati minori nei pressi della cappella della Madonna del Angeli della Porziuncola a pochi chilometri da Assisi. Le foreste e i campi della valle umbra del lontano XIII secolo furono sostituiti nel nostro caso dall&#8217;arido paesaggio xerofitico e dai duri, persistenti ed emblematici alberi di cuj\u00ed (Prosopis juliflora) che offrono la loro ombra nell&#8217;ambiente soleggiato. Come Il Poverello e i suoi compagni, i Fratelli Francescani della Divina Misericordia si recano nella regione vicina nella loro opera di evangelizzazione. La celebrazione eucaristica \u00e8 stata presieduta da monsignor Mariano Jos\u00e9 Parra Sandoval, che nella sua omelia ha sottolineato la gioia francescana che si \u00e8 diffusa nella citt\u00e0 di Coro. \u201cD\u2019ora in poi \u2013 ha confessato con parole simili \u2013 il mio saluto a tutti sar\u00e0 \u201cPace e bene\u201d. Questi francescani\u2026!\u201d, ha concluso come in compiaciuta complicit\u00e0 con un&#8217;affermazione evangelica. Curiosamente, il giorno prima, anche il sindaco di Coro, Henry Hern\u00e1ndez, nel suo saluto ufficiale al Congresso francescano, ha rivolto con un sorriso un \u201cPace e bene\u201d a tutti i presenti, moltiplicando il motto di auguri inestimabili, portandomi a ricordare quell&#8217;occasione in cui i frati minori, intorno al 1225 e su richiesta di San Francesco, promossero proprio la pace cantando il <em>Cantico di frate Sole<\/em> davanti alle autorit\u00e0 civili e religiose di Assisi, davanti al vescovo e al <em>podest\u00e0<\/em> di quel tempo. Dopo la messa, abbiamo avuto una gustosa comunione nello spazio del terreno che si apre dietro la cappella e dove i cuj\u00ed beneficiano della loro ombra. Fra Alfonso esclam\u00f2 che le vivide immagini gli facevano pensare al memorabile Capitolo delle Stuoie poco prima dell&#8217;estate del 1221, anche se ovviamente su scala molto pi\u00f9 piccola. Ma lo spirito fraterno che ci animava era anche erede di quella genealogia del Santo di Assisi, e cos\u00ec, sorelle e fratelli, frati, persone consacrate e laici, abbiamo vissuto la gioia che accende la fede apre il cuore all&#8217;amore che desidera diffondersi come missione evangelizzatrice, anche con la convinzione di proseguire il cammino dei <a href=\"https:\/\/centenarifrancescani.org\/index.php\/es\/\">centenari francescani<\/a> che si celebreranno nei prossimi anni. Con ci\u00f2 abbiamo iniziato ancora una volta, con gratitudine e con rinnovata forza, il cammino di Avvento verso il glorioso Natale del Signore. Pace e bene!<\/p>\n","protected":false},"excerpt":{"rendered":"<p>Una piccola cronaca grata in occasione della celebrazione dell&#8217;800\u00b0 anniversario del primo presepe preparato da San Francesco d&#8217;Assisi e della 42\u00b0 Fiera dei Presepi a Coro, Venezuela<\/p>\n","protected":false},"author":72,"featured_media":91832,"comment_status":"closed","ping_status":"closed","sticky":false,"template":"","format":"standard","meta":{"_acf_changed":false,"_crdt_document":"","inline_featured_image":false,"footnotes":""},"categories":[73],"tags":[12047,12048,12049,3333,12050,12051,11212,12052,12053,4952],"class_list":["post-91895","post","type-post","status-publish","format-standard","has-post-thumbnail","hentry","category-chiesa-e-mondo","tag-arcivescovo-vescovo-emerito-di-los-teques","tag-belen-2","tag-congresso","tag-francescani","tag-greccio-2","tag-monsignor-ramon-ovidio-perez-morales","tag-san-francisco","tag-santa-ana-de-coro-2","tag-stato-falcon","tag-trending-it"],"acf":[],"yoast_head":"<!-- This site is optimized with the Yoast SEO plugin v27.4 - https:\/\/yoast.com\/product\/yoast-seo-wordpress\/ -->\n<title>Da Greccio a Santa Ana de Coro: fede, infanzia, gioia e fraternit\u00e0 &#8211; Exaudi<\/title>\n<meta name=\"robots\" content=\"index, follow, max-snippet:-1, max-image-preview:large, max-video-preview:-1\" \/>\n<link rel=\"canonical\" href=\"https:\/\/exaudi.org\/it\/da-greccio-a-santa-ana-de-coro-fede-infanzia-gioia-e-fraternita\/\" \/>\n<meta property=\"og:locale\" content=\"it_IT\" \/>\n<meta property=\"og:type\" content=\"article\" \/>\n<meta property=\"og:title\" content=\"Da Greccio a Santa Ana de Coro: fede, infanzia, gioia e fraternit\u00e0 &#8211; Exaudi\" \/>\n<meta property=\"og:description\" content=\"Una piccola cronaca grata in occasione della celebrazione dell&#039;800\u00b0 anniversario del primo presepe preparato da San Francesco d&#039;Assisi e della 42\u00b0 Fiera dei Presepi a Coro, Venezuela\" \/>\n<meta property=\"og:url\" content=\"https:\/\/exaudi.org\/it\/da-greccio-a-santa-ana-de-coro-fede-infanzia-gioia-e-fraternita\/\" \/>\n<meta property=\"og:site_name\" content=\"Exaudi\" \/>\n<meta property=\"article:publisher\" content=\"https:\/\/www.facebook.com\/ExaudiNews\" \/>\n<meta property=\"article:published_time\" content=\"2024-01-11T16:18:11+00:00\" \/>\n<meta property=\"article:modified_time\" content=\"2024-01-11T19:17:58+00:00\" \/>\n<meta property=\"og:image\" content=\"https:\/\/exaudi.org\/wp-content\/uploads\/2024\/01\/En-Coro-cerca-de-la-Ermita-de-San-Clemente.jpg\" \/>\n\t<meta property=\"og:image:width\" content=\"1080\" \/>\n\t<meta property=\"og:image:height\" content=\"810\" \/>\n\t<meta property=\"og:image:type\" content=\"image\/jpeg\" \/>\n<meta name=\"author\" content=\"Cristian \u00c1lvarez\" \/>\n<meta name=\"twitter:card\" content=\"summary_large_image\" \/>\n<meta name=\"twitter:creator\" content=\"@Exaudi_News\" \/>\n<meta name=\"twitter:site\" content=\"@Exaudi_News\" \/>\n<meta name=\"twitter:label1\" content=\"Scritto da\" \/>\n\t<meta name=\"twitter:data1\" content=\"Cristian \u00c1lvarez\" \/>\n\t<meta name=\"twitter:label2\" content=\"Tempo di lettura stimato\" \/>\n\t<meta name=\"twitter:data2\" content=\"12 minuti\" \/>\n<script type=\"application\/ld+json\" class=\"yoast-schema-graph\">{\"@context\":\"https:\\\/\\\/schema.org\",\"@graph\":[{\"@type\":\"Article\",\"@id\":\"https:\\\/\\\/exaudi.org\\\/it\\\/da-greccio-a-santa-ana-de-coro-fede-infanzia-gioia-e-fraternita\\\/#article\",\"isPartOf\":{\"@id\":\"https:\\\/\\\/exaudi.org\\\/it\\\/da-greccio-a-santa-ana-de-coro-fede-infanzia-gioia-e-fraternita\\\/\"},\"author\":{\"name\":\"Cristian \u00c1lvarez\",\"@id\":\"https:\\\/\\\/exaudi.org\\\/#\\\/schema\\\/person\\\/9a30c3bad46a6adaa4c1b634f994fc64\"},\"headline\":\"Da Greccio a Santa Ana de Coro: fede, infanzia, gioia e fraternit\u00e0\",\"datePublished\":\"2024-01-11T16:18:11+00:00\",\"dateModified\":\"2024-01-11T19:17:58+00:00\",\"mainEntityOfPage\":{\"@id\":\"https:\\\/\\\/exaudi.org\\\/it\\\/da-greccio-a-santa-ana-de-coro-fede-infanzia-gioia-e-fraternita\\\/\"},\"wordCount\":2569,\"image\":{\"@id\":\"https:\\\/\\\/exaudi.org\\\/it\\\/da-greccio-a-santa-ana-de-coro-fede-infanzia-gioia-e-fraternita\\\/#primaryimage\"},\"thumbnailUrl\":\"https:\\\/\\\/exaudi.org\\\/wp-content\\\/uploads\\\/2024\\\/01\\\/En-Coro-cerca-de-la-Ermita-de-San-Clemente.jpg\",\"keywords\":[\"ARCIVESCOVO-VESCOVO EMERITO DI LOS TEQUES\",\"BEL\u00c9N\",\"CONGRESSO\",\"francescani\",\"GRECCIO\",\"MONSIGNOR RAM\u00d3N OVIDIO P\u00c9REZ MORALES\",\"San Francisco\",\"SANTA ANA DE CORO\",\"STATO FALC\u00d3N\",\"Trending\"],\"articleSection\":[\"Chiesa e Mondo\"],\"inLanguage\":\"it-IT\"},{\"@type\":\"WebPage\",\"@id\":\"https:\\\/\\\/exaudi.org\\\/it\\\/da-greccio-a-santa-ana-de-coro-fede-infanzia-gioia-e-fraternita\\\/\",\"url\":\"https:\\\/\\\/exaudi.org\\\/it\\\/da-greccio-a-santa-ana-de-coro-fede-infanzia-gioia-e-fraternita\\\/\",\"name\":\"Da Greccio a Santa Ana de Coro: fede, infanzia, gioia e fraternit\u00e0 &#8211; Exaudi\",\"isPartOf\":{\"@id\":\"https:\\\/\\\/exaudi.org\\\/#website\"},\"primaryImageOfPage\":{\"@id\":\"https:\\\/\\\/exaudi.org\\\/it\\\/da-greccio-a-santa-ana-de-coro-fede-infanzia-gioia-e-fraternita\\\/#primaryimage\"},\"image\":{\"@id\":\"https:\\\/\\\/exaudi.org\\\/it\\\/da-greccio-a-santa-ana-de-coro-fede-infanzia-gioia-e-fraternita\\\/#primaryimage\"},\"thumbnailUrl\":\"https:\\\/\\\/exaudi.org\\\/wp-content\\\/uploads\\\/2024\\\/01\\\/En-Coro-cerca-de-la-Ermita-de-San-Clemente.jpg\",\"datePublished\":\"2024-01-11T16:18:11+00:00\",\"dateModified\":\"2024-01-11T19:17:58+00:00\",\"author\":{\"@id\":\"https:\\\/\\\/exaudi.org\\\/#\\\/schema\\\/person\\\/9a30c3bad46a6adaa4c1b634f994fc64\"},\"breadcrumb\":{\"@id\":\"https:\\\/\\\/exaudi.org\\\/it\\\/da-greccio-a-santa-ana-de-coro-fede-infanzia-gioia-e-fraternita\\\/#breadcrumb\"},\"inLanguage\":\"it-IT\",\"potentialAction\":[{\"@type\":\"ReadAction\",\"target\":[\"https:\\\/\\\/exaudi.org\\\/it\\\/da-greccio-a-santa-ana-de-coro-fede-infanzia-gioia-e-fraternita\\\/\"]}]},{\"@type\":\"ImageObject\",\"inLanguage\":\"it-IT\",\"@id\":\"https:\\\/\\\/exaudi.org\\\/it\\\/da-greccio-a-santa-ana-de-coro-fede-infanzia-gioia-e-fraternita\\\/#primaryimage\",\"url\":\"https:\\\/\\\/exaudi.org\\\/wp-content\\\/uploads\\\/2024\\\/01\\\/En-Coro-cerca-de-la-Ermita-de-San-Clemente.jpg\",\"contentUrl\":\"https:\\\/\\\/exaudi.org\\\/wp-content\\\/uploads\\\/2024\\\/01\\\/En-Coro-cerca-de-la-Ermita-de-San-Clemente.jpg\",\"width\":1080,\"height\":810},{\"@type\":\"BreadcrumbList\",\"@id\":\"https:\\\/\\\/exaudi.org\\\/it\\\/da-greccio-a-santa-ana-de-coro-fede-infanzia-gioia-e-fraternita\\\/#breadcrumb\",\"itemListElement\":[{\"@type\":\"ListItem\",\"position\":1,\"name\":\"Portada\",\"item\":\"https:\\\/\\\/exaudi.org\\\/it\\\/\"},{\"@type\":\"ListItem\",\"position\":2,\"name\":\"Da Greccio a Santa Ana de Coro: fede, infanzia, gioia e fraternit\u00e0\"}]},{\"@type\":\"WebSite\",\"@id\":\"https:\\\/\\\/exaudi.org\\\/#website\",\"url\":\"https:\\\/\\\/exaudi.org\\\/\",\"name\":\"Exaudi\",\"description\":\"News\",\"potentialAction\":[{\"@type\":\"SearchAction\",\"target\":{\"@type\":\"EntryPoint\",\"urlTemplate\":\"https:\\\/\\\/exaudi.org\\\/?s={search_term_string}\"},\"query-input\":{\"@type\":\"PropertyValueSpecification\",\"valueRequired\":true,\"valueName\":\"search_term_string\"}}],\"inLanguage\":\"it-IT\"},{\"@type\":\"Person\",\"@id\":\"https:\\\/\\\/exaudi.org\\\/#\\\/schema\\\/person\\\/9a30c3bad46a6adaa4c1b634f994fc64\",\"name\":\"Cristian \u00c1lvarez\",\"image\":{\"@type\":\"ImageObject\",\"inLanguage\":\"it-IT\",\"@id\":\"https:\\\/\\\/secure.gravatar.com\\\/avatar\\\/e67b95b5923e7e3e1424d5e5741d452bd7a77f543e271c57cc20194c69d2f2cd?s=96&d=mm&r=g\",\"url\":\"https:\\\/\\\/secure.gravatar.com\\\/avatar\\\/e67b95b5923e7e3e1424d5e5741d452bd7a77f543e271c57cc20194c69d2f2cd?s=96&d=mm&r=g\",\"contentUrl\":\"https:\\\/\\\/secure.gravatar.com\\\/avatar\\\/e67b95b5923e7e3e1424d5e5741d452bd7a77f543e271c57cc20194c69d2f2cd?s=96&d=mm&r=g\",\"caption\":\"Cristian \u00c1lvarez\"},\"description\":\"Doctor en Letras por la Universidad Sim\u00f3n Bol\u00edvar (USB) de Caracas, Venezuela, es Profesor Titular en la misma universidad. En la USB fue Decano de Estudios Generales, Jefe del Departamento de Lengua y Literatura, Director de la Editorial Equinoccio y Coordinador fundador de la Licenciatura en Estudios y Artes Liberales. Ha publicado los libros Ramos Sucre y la Edad Media (1990; 1992); Salir a la realidad: un legado quijotesco (1999); La \u00abvaria lecci\u00f3n\u00bb de Mariano Pic\u00f3n-Salas: la conciencia como primera libertad (2003; 2011; 2021); \u00bfRepensar (en) la Universidad Sim\u00f3n Bol\u00edvar? (2005); y Di\u00e1logo y comprensi\u00f3n: textos para la universidad (2006). Para Monte \u00c1vila Latinoamericana, prepar\u00f3 la edici\u00f3n de las Biblioteca Mariano Pic\u00f3n-Salas, que consta de doce vol\u00famenes, de los cuales fueron publicados seis. Junto a su esposa Sandra L\u00f3pez, pertenece a la Orden Franciscana Seglar en la Fraternidad La Chinquinquir\u00e1 de Caracas.\",\"url\":\"https:\\\/\\\/exaudi.org\\\/it\\\/author\\\/calvarez\\\/\"}]}<\/script>\n<!-- \/ Yoast SEO plugin. -->","yoast_head_json":{"title":"Da Greccio a Santa Ana de Coro: fede, infanzia, gioia e fraternit\u00e0 &#8211; Exaudi","robots":{"index":"index","follow":"follow","max-snippet":"max-snippet:-1","max-image-preview":"max-image-preview:large","max-video-preview":"max-video-preview:-1"},"canonical":"https:\/\/exaudi.org\/it\/da-greccio-a-santa-ana-de-coro-fede-infanzia-gioia-e-fraternita\/","og_locale":"it_IT","og_type":"article","og_title":"Da Greccio a Santa Ana de Coro: fede, infanzia, gioia e fraternit\u00e0 &#8211; Exaudi","og_description":"Una piccola cronaca grata in occasione della celebrazione dell'800\u00b0 anniversario del primo presepe preparato da San Francesco d'Assisi e della 42\u00b0 Fiera dei Presepi a Coro, Venezuela","og_url":"https:\/\/exaudi.org\/it\/da-greccio-a-santa-ana-de-coro-fede-infanzia-gioia-e-fraternita\/","og_site_name":"Exaudi","article_publisher":"https:\/\/www.facebook.com\/ExaudiNews","article_published_time":"2024-01-11T16:18:11+00:00","article_modified_time":"2024-01-11T19:17:58+00:00","og_image":[{"width":1080,"height":810,"url":"https:\/\/exaudi.org\/wp-content\/uploads\/2024\/01\/En-Coro-cerca-de-la-Ermita-de-San-Clemente.jpg","type":"image\/jpeg"}],"author":"Cristian \u00c1lvarez","twitter_card":"summary_large_image","twitter_creator":"@Exaudi_News","twitter_site":"@Exaudi_News","twitter_misc":{"Scritto da":"Cristian \u00c1lvarez","Tempo di lettura stimato":"12 minuti"},"schema":{"@context":"https:\/\/schema.org","@graph":[{"@type":"Article","@id":"https:\/\/exaudi.org\/it\/da-greccio-a-santa-ana-de-coro-fede-infanzia-gioia-e-fraternita\/#article","isPartOf":{"@id":"https:\/\/exaudi.org\/it\/da-greccio-a-santa-ana-de-coro-fede-infanzia-gioia-e-fraternita\/"},"author":{"name":"Cristian \u00c1lvarez","@id":"https:\/\/exaudi.org\/#\/schema\/person\/9a30c3bad46a6adaa4c1b634f994fc64"},"headline":"Da Greccio a Santa Ana de Coro: fede, infanzia, gioia e fraternit\u00e0","datePublished":"2024-01-11T16:18:11+00:00","dateModified":"2024-01-11T19:17:58+00:00","mainEntityOfPage":{"@id":"https:\/\/exaudi.org\/it\/da-greccio-a-santa-ana-de-coro-fede-infanzia-gioia-e-fraternita\/"},"wordCount":2569,"image":{"@id":"https:\/\/exaudi.org\/it\/da-greccio-a-santa-ana-de-coro-fede-infanzia-gioia-e-fraternita\/#primaryimage"},"thumbnailUrl":"https:\/\/exaudi.org\/wp-content\/uploads\/2024\/01\/En-Coro-cerca-de-la-Ermita-de-San-Clemente.jpg","keywords":["ARCIVESCOVO-VESCOVO EMERITO DI LOS TEQUES","BEL\u00c9N","CONGRESSO","francescani","GRECCIO","MONSIGNOR RAM\u00d3N OVIDIO P\u00c9REZ MORALES","San Francisco","SANTA ANA DE CORO","STATO FALC\u00d3N","Trending"],"articleSection":["Chiesa e Mondo"],"inLanguage":"it-IT"},{"@type":"WebPage","@id":"https:\/\/exaudi.org\/it\/da-greccio-a-santa-ana-de-coro-fede-infanzia-gioia-e-fraternita\/","url":"https:\/\/exaudi.org\/it\/da-greccio-a-santa-ana-de-coro-fede-infanzia-gioia-e-fraternita\/","name":"Da Greccio a Santa Ana de Coro: fede, infanzia, gioia e fraternit\u00e0 &#8211; Exaudi","isPartOf":{"@id":"https:\/\/exaudi.org\/#website"},"primaryImageOfPage":{"@id":"https:\/\/exaudi.org\/it\/da-greccio-a-santa-ana-de-coro-fede-infanzia-gioia-e-fraternita\/#primaryimage"},"image":{"@id":"https:\/\/exaudi.org\/it\/da-greccio-a-santa-ana-de-coro-fede-infanzia-gioia-e-fraternita\/#primaryimage"},"thumbnailUrl":"https:\/\/exaudi.org\/wp-content\/uploads\/2024\/01\/En-Coro-cerca-de-la-Ermita-de-San-Clemente.jpg","datePublished":"2024-01-11T16:18:11+00:00","dateModified":"2024-01-11T19:17:58+00:00","author":{"@id":"https:\/\/exaudi.org\/#\/schema\/person\/9a30c3bad46a6adaa4c1b634f994fc64"},"breadcrumb":{"@id":"https:\/\/exaudi.org\/it\/da-greccio-a-santa-ana-de-coro-fede-infanzia-gioia-e-fraternita\/#breadcrumb"},"inLanguage":"it-IT","potentialAction":[{"@type":"ReadAction","target":["https:\/\/exaudi.org\/it\/da-greccio-a-santa-ana-de-coro-fede-infanzia-gioia-e-fraternita\/"]}]},{"@type":"ImageObject","inLanguage":"it-IT","@id":"https:\/\/exaudi.org\/it\/da-greccio-a-santa-ana-de-coro-fede-infanzia-gioia-e-fraternita\/#primaryimage","url":"https:\/\/exaudi.org\/wp-content\/uploads\/2024\/01\/En-Coro-cerca-de-la-Ermita-de-San-Clemente.jpg","contentUrl":"https:\/\/exaudi.org\/wp-content\/uploads\/2024\/01\/En-Coro-cerca-de-la-Ermita-de-San-Clemente.jpg","width":1080,"height":810},{"@type":"BreadcrumbList","@id":"https:\/\/exaudi.org\/it\/da-greccio-a-santa-ana-de-coro-fede-infanzia-gioia-e-fraternita\/#breadcrumb","itemListElement":[{"@type":"ListItem","position":1,"name":"Portada","item":"https:\/\/exaudi.org\/it\/"},{"@type":"ListItem","position":2,"name":"Da Greccio a Santa Ana de Coro: fede, infanzia, gioia e fraternit\u00e0"}]},{"@type":"WebSite","@id":"https:\/\/exaudi.org\/#website","url":"https:\/\/exaudi.org\/","name":"Exaudi","description":"News","potentialAction":[{"@type":"SearchAction","target":{"@type":"EntryPoint","urlTemplate":"https:\/\/exaudi.org\/?s={search_term_string}"},"query-input":{"@type":"PropertyValueSpecification","valueRequired":true,"valueName":"search_term_string"}}],"inLanguage":"it-IT"},{"@type":"Person","@id":"https:\/\/exaudi.org\/#\/schema\/person\/9a30c3bad46a6adaa4c1b634f994fc64","name":"Cristian \u00c1lvarez","image":{"@type":"ImageObject","inLanguage":"it-IT","@id":"https:\/\/secure.gravatar.com\/avatar\/e67b95b5923e7e3e1424d5e5741d452bd7a77f543e271c57cc20194c69d2f2cd?s=96&d=mm&r=g","url":"https:\/\/secure.gravatar.com\/avatar\/e67b95b5923e7e3e1424d5e5741d452bd7a77f543e271c57cc20194c69d2f2cd?s=96&d=mm&r=g","contentUrl":"https:\/\/secure.gravatar.com\/avatar\/e67b95b5923e7e3e1424d5e5741d452bd7a77f543e271c57cc20194c69d2f2cd?s=96&d=mm&r=g","caption":"Cristian \u00c1lvarez"},"description":"Doctor en Letras por la Universidad Sim\u00f3n Bol\u00edvar (USB) de Caracas, Venezuela, es Profesor Titular en la misma universidad. En la USB fue Decano de Estudios Generales, Jefe del Departamento de Lengua y Literatura, Director de la Editorial Equinoccio y Coordinador fundador de la Licenciatura en Estudios y Artes Liberales. Ha publicado los libros Ramos Sucre y la Edad Media (1990; 1992); Salir a la realidad: un legado quijotesco (1999); La \u00abvaria lecci\u00f3n\u00bb de Mariano Pic\u00f3n-Salas: la conciencia como primera libertad (2003; 2011; 2021); \u00bfRepensar (en) la Universidad Sim\u00f3n Bol\u00edvar? (2005); y Di\u00e1logo y comprensi\u00f3n: textos para la universidad (2006). Para Monte \u00c1vila Latinoamericana, prepar\u00f3 la edici\u00f3n de las Biblioteca Mariano Pic\u00f3n-Salas, que consta de doce vol\u00famenes, de los cuales fueron publicados seis. Junto a su esposa Sandra L\u00f3pez, pertenece a la Orden Franciscana Seglar en la Fraternidad La Chinquinquir\u00e1 de Caracas.","url":"https:\/\/exaudi.org\/it\/author\/calvarez\/"}]}},"jetpack_featured_media_url":"https:\/\/exaudi.org\/wp-content\/uploads\/2024\/01\/En-Coro-cerca-de-la-Ermita-de-San-Clemente.jpg","jetpack_shortlink":"https:\/\/wp.me\/pgKjF2-nUb","_links":{"self":[{"href":"https:\/\/exaudi.org\/it\/wp-json\/wp\/v2\/posts\/91895","targetHints":{"allow":["GET"]}}],"collection":[{"href":"https:\/\/exaudi.org\/it\/wp-json\/wp\/v2\/posts"}],"about":[{"href":"https:\/\/exaudi.org\/it\/wp-json\/wp\/v2\/types\/post"}],"author":[{"embeddable":true,"href":"https:\/\/exaudi.org\/it\/wp-json\/wp\/v2\/users\/72"}],"replies":[{"embeddable":true,"href":"https:\/\/exaudi.org\/it\/wp-json\/wp\/v2\/comments?post=91895"}],"version-history":[{"count":0,"href":"https:\/\/exaudi.org\/it\/wp-json\/wp\/v2\/posts\/91895\/revisions"}],"wp:featuredmedia":[{"embeddable":true,"href":"https:\/\/exaudi.org\/it\/wp-json\/wp\/v2\/media\/91832"}],"wp:attachment":[{"href":"https:\/\/exaudi.org\/it\/wp-json\/wp\/v2\/media?parent=91895"}],"wp:term":[{"taxonomy":"category","embeddable":true,"href":"https:\/\/exaudi.org\/it\/wp-json\/wp\/v2\/categories?post=91895"},{"taxonomy":"post_tag","embeddable":true,"href":"https:\/\/exaudi.org\/it\/wp-json\/wp\/v2\/tags?post=91895"}],"curies":[{"name":"wp","href":"https:\/\/api.w.org\/{rel}","templated":true}]}}