{"id":91604,"date":"2024-01-07T18:04:40","date_gmt":"2024-01-07T17:04:40","guid":{"rendered":"https:\/\/exaudi.org\/?p=91604"},"modified":"2024-01-07T18:04:40","modified_gmt":"2024-01-07T17:04:40","slug":"santa-messa-nella-cappella-sistina-con-il-rito-del-battesimo-dei-bambini","status":"publish","type":"post","link":"https:\/\/exaudi.org\/it\/santa-messa-nella-cappella-sistina-con-il-rito-del-battesimo-dei-bambini\/","title":{"rendered":"Santa Messa nella Cappella Sistina con il Rito del Battesimo dei Bambini"},"content":{"rendered":"<p>Alle ore 9.30 di questa mattina, Festa del Battesimo del Signore, il Santo Padre Francesco ha presieduto nella Cappella Sistina la Santa Messa nel corso della quale ha amministrato il Sacramento del Battesimo ad alcuni bambini.<\/p>\n<p>Riportiamo di seguito la trascrizione dell\u2019omelia che il Papa ha pronunciato a braccio dopo la lettura del Santo Vangelo e le sue parole prima della Benedizione finale:<\/p>\n<p><b><u>Omelia del Santo Padre<\/u><\/b><\/p>\n<p><i>Cari fratelli e sorelle<\/i>,<\/p>\n<p>noi siamo qui per battezzare, per dare il dono della fede ai nostri bimbi. E loro sono i protagonisti in questa cerimonia: loro possono parlare, andare, gridare\u2026 Loro comandano, perch\u00e9 \u00e8 la loro festa: riceveranno il dono pi\u00f9 bello,\u00a0<i>il dono della fede<\/i>, il dono del Signore.<\/p>\n<p>Se piangono \u2013 per il momento sono silenziosi, ma \u00e8 sufficiente che uno dia la nota e incomincia il concerto \u2013 lasciateli piangere; se hanno fame, allattateli, tranquilli, qui. Se hanno caldo, togliete le vesti, che a volte il caldo fa male.<\/p>\n<p>Loro sono i protagonisti, perch\u00e9 loro oggi daranno anche a noi la testimonianza di come si riceve la fede: con innocenza, con apertura di cuore.<\/p>\n<p>E a voi, genitori e padrini, auguro che la vostra vita sia di aiuto per questi bambini, di aiuto per la crescita. Vi auguro di accompagnarli nella crescita, perch\u00e9 questo \u00e8 un modo di aiutare, affinch\u00e9 la fede cresca in loro. Grazie tante per la vostra testimonianza, per averli portarli qui a ricevere la fede.<\/p>\n<p>E adesso, continuiamo con il rito del Battesimo.<\/p>\n<p>_____________________________________________<\/p>\n<p><b>Parole a braccio prima della Benedizione finale<\/b><\/p>\n<p>Prima di darvi la benedizione, vi ringrazio per avere incominciato questa vita dei vostri figli con il Battesimo. E mi raccomando, che loro sappiano la data del Battesimo, perch\u00e9 \u00e8 la data della nascita. E anche ognuno di noi. Se io domando a voi: \u201cQual \u00e8 la data della tua nascita?\u201d, io non so se tutti potranno saperlo. Ma pensate bene: la data della nascita \u00e8 come un compleanno, la data nella quale ho ricevuto la grazia del Signore sono diventato cristiano e cristiana. Insegnate ai bambini questo, per festeggiarla tutti gli anni.<\/p>\n<p><iframe loading=\"lazy\" title=\"7 January 2024, Holy Mass Baptism of the Lord | Pope Francis\" width=\"500\" height=\"281\" src=\"https:\/\/www.youtube.com\/embed\/cot5-YR_Dho?feature=oembed\" frameborder=\"0\" allow=\"accelerometer; autoplay; clipboard-write; encrypted-media; gyroscope; picture-in-picture; web-share\" referrerpolicy=\"strict-origin-when-cross-origin\" allowfullscreen><\/iframe><\/p>\n","protected":false},"excerpt":{"rendered":"<p>Trascrizione dell\u2019omelia che il Papa ha pronunciato a braccio<\/p>\n","protected":false},"author":17,"featured_media":91605,"comment_status":"closed","ping_status":"closed","sticky":false,"template":"","format":"standard","meta":{"_acf_changed":false,"_crdt_document":"","inline_featured_image":false,"footnotes":""},"categories":[67,113],"tags":[3273,4030,251,4952],"class_list":["post-91604","post","type-post","status-publish","format-standard","has-post-thumbnail","hentry","category-leone-xiv","category-omelie","tag-bambini","tag-battesimo","tag-papa-francesco","tag-trending-it"],"acf":[],"yoast_head":"<!-- This site is optimized with the Yoast SEO plugin v27.5 - https:\/\/yoast.com\/product\/yoast-seo-wordpress\/ -->\n<title>Santa Messa nella Cappella Sistina con il Rito del Battesimo dei Bambini &#8211; Exaudi<\/title>\n<meta name=\"robots\" content=\"index, follow, max-snippet:-1, max-image-preview:large, max-video-preview:-1\" \/>\n<link rel=\"canonical\" href=\"https:\/\/exaudi.org\/it\/holy-mass-in-the-sistine-chapel-with-the-rite-of-baptism-of-children\/\" \/>\n<meta property=\"og:locale\" content=\"it_IT\" \/>\n<meta property=\"og:type\" content=\"article\" \/>\n<meta property=\"og:title\" content=\"Santa Messa nella Cappella Sistina con il Rito del Battesimo dei Bambini &#8211; Exaudi\" \/>\n<meta property=\"og:description\" content=\"Trascrizione dell\u2019omelia che il Papa ha pronunciato a braccio\" \/>\n<meta property=\"og:url\" content=\"https:\/\/exaudi.org\/holy-mass-in-the-sistine-chapel-with-the-rite-of-baptism-of-children\/\" \/>\n<meta property=\"og:site_name\" content=\"Exaudi\" \/>\n<meta property=\"article:publisher\" content=\"https:\/\/www.facebook.com\/ExaudiNews\" \/>\n<meta property=\"article:author\" content=\"https:\/\/www.facebook.com\/ExaudiNotizie\/\" \/>\n<meta property=\"article:published_time\" content=\"2024-01-07T17:04:40+00:00\" \/>\n<meta property=\"og:image\" content=\"https:\/\/exaudi.org\/wp-content\/uploads\/2024\/01\/cq5dam.web_.800.800-9.jpeg\" \/>\n\t<meta property=\"og:image:width\" content=\"800\" \/>\n\t<meta property=\"og:image:height\" content=\"533\" \/>\n\t<meta property=\"og:image:type\" content=\"image\/jpeg\" \/>\n<meta name=\"author\" content=\"Exaudi Redazione\" \/>\n<meta name=\"twitter:card\" content=\"summary_large_image\" \/>\n<meta name=\"twitter:creator\" content=\"@Exaudi_Notizie\" \/>\n<meta name=\"twitter:site\" content=\"@Exaudi_News\" \/>\n<meta name=\"twitter:label1\" content=\"Scritto da\" \/>\n\t<meta name=\"twitter:data1\" content=\"Exaudi Redazione\" \/>\n\t<meta name=\"twitter:label2\" content=\"Tempo di lettura stimato\" \/>\n\t<meta name=\"twitter:data2\" content=\"2 minuti\" \/>\n<script type=\"application\/ld+json\" class=\"yoast-schema-graph\">{\"@context\":\"https:\\\/\\\/schema.org\",\"@graph\":[{\"@type\":\"Article\",\"@id\":\"https:\\\/\\\/exaudi.org\\\/holy-mass-in-the-sistine-chapel-with-the-rite-of-baptism-of-children\\\/#article\",\"isPartOf\":{\"@id\":\"https:\\\/\\\/exaudi.org\\\/holy-mass-in-the-sistine-chapel-with-the-rite-of-baptism-of-children\\\/\"},\"author\":{\"name\":\"Exaudi Redazione\",\"@id\":\"https:\\\/\\\/exaudi.org\\\/#\\\/schema\\\/person\\\/e1ab6ed07c01774724dd96f925f3a5f0\"},\"headline\":\"Santa Messa nella Cappella Sistina con il Rito del Battesimo dei Bambini\",\"datePublished\":\"2024-01-07T17:04:40+00:00\",\"mainEntityOfPage\":{\"@id\":\"https:\\\/\\\/exaudi.org\\\/holy-mass-in-the-sistine-chapel-with-the-rite-of-baptism-of-children\\\/\"},\"wordCount\":360,\"image\":{\"@id\":\"https:\\\/\\\/exaudi.org\\\/holy-mass-in-the-sistine-chapel-with-the-rite-of-baptism-of-children\\\/#primaryimage\"},\"thumbnailUrl\":\"https:\\\/\\\/exaudi.org\\\/wp-content\\\/uploads\\\/2024\\\/01\\\/cq5dam.web_.800.800-9.jpeg\",\"keywords\":[\"bambini\",\"battesimo\",\"Papa Francesco\",\"Trending\"],\"articleSection\":[\"Leone XIV\",\"Omelie\"],\"inLanguage\":\"it-IT\"},{\"@type\":\"WebPage\",\"@id\":\"https:\\\/\\\/exaudi.org\\\/holy-mass-in-the-sistine-chapel-with-the-rite-of-baptism-of-children\\\/\",\"url\":\"https:\\\/\\\/exaudi.org\\\/holy-mass-in-the-sistine-chapel-with-the-rite-of-baptism-of-children\\\/\",\"name\":\"Santa Messa nella Cappella Sistina con il Rito del Battesimo dei Bambini &#8211; Exaudi\",\"isPartOf\":{\"@id\":\"https:\\\/\\\/exaudi.org\\\/#website\"},\"primaryImageOfPage\":{\"@id\":\"https:\\\/\\\/exaudi.org\\\/holy-mass-in-the-sistine-chapel-with-the-rite-of-baptism-of-children\\\/#primaryimage\"},\"image\":{\"@id\":\"https:\\\/\\\/exaudi.org\\\/holy-mass-in-the-sistine-chapel-with-the-rite-of-baptism-of-children\\\/#primaryimage\"},\"thumbnailUrl\":\"https:\\\/\\\/exaudi.org\\\/wp-content\\\/uploads\\\/2024\\\/01\\\/cq5dam.web_.800.800-9.jpeg\",\"datePublished\":\"2024-01-07T17:04:40+00:00\",\"author\":{\"@id\":\"https:\\\/\\\/exaudi.org\\\/#\\\/schema\\\/person\\\/e1ab6ed07c01774724dd96f925f3a5f0\"},\"breadcrumb\":{\"@id\":\"https:\\\/\\\/exaudi.org\\\/holy-mass-in-the-sistine-chapel-with-the-rite-of-baptism-of-children\\\/#breadcrumb\"},\"inLanguage\":\"it-IT\",\"potentialAction\":[{\"@type\":\"ReadAction\",\"target\":[\"https:\\\/\\\/exaudi.org\\\/holy-mass-in-the-sistine-chapel-with-the-rite-of-baptism-of-children\\\/\"]}]},{\"@type\":\"ImageObject\",\"inLanguage\":\"it-IT\",\"@id\":\"https:\\\/\\\/exaudi.org\\\/holy-mass-in-the-sistine-chapel-with-the-rite-of-baptism-of-children\\\/#primaryimage\",\"url\":\"https:\\\/\\\/exaudi.org\\\/wp-content\\\/uploads\\\/2024\\\/01\\\/cq5dam.web_.800.800-9.jpeg\",\"contentUrl\":\"https:\\\/\\\/exaudi.org\\\/wp-content\\\/uploads\\\/2024\\\/01\\\/cq5dam.web_.800.800-9.jpeg\",\"width\":800,\"height\":533,\"caption\":\"Vatican Media\"},{\"@type\":\"BreadcrumbList\",\"@id\":\"https:\\\/\\\/exaudi.org\\\/holy-mass-in-the-sistine-chapel-with-the-rite-of-baptism-of-children\\\/#breadcrumb\",\"itemListElement\":[{\"@type\":\"ListItem\",\"position\":1,\"name\":\"Portada\",\"item\":\"https:\\\/\\\/exaudi.org\\\/it\\\/\"},{\"@type\":\"ListItem\",\"position\":2,\"name\":\"Santa Messa nella Cappella Sistina con il Rito del Battesimo dei Bambini\"}]},{\"@type\":\"WebSite\",\"@id\":\"https:\\\/\\\/exaudi.org\\\/#website\",\"url\":\"https:\\\/\\\/exaudi.org\\\/\",\"name\":\"Exaudi\",\"description\":\"News\",\"potentialAction\":[{\"@type\":\"SearchAction\",\"target\":{\"@type\":\"EntryPoint\",\"urlTemplate\":\"https:\\\/\\\/exaudi.org\\\/?s={search_term_string}\"},\"query-input\":{\"@type\":\"PropertyValueSpecification\",\"valueRequired\":true,\"valueName\":\"search_term_string\"}}],\"inLanguage\":\"it-IT\"},{\"@type\":\"Person\",\"@id\":\"https:\\\/\\\/exaudi.org\\\/#\\\/schema\\\/person\\\/e1ab6ed07c01774724dd96f925f3a5f0\",\"name\":\"Exaudi Redazione\",\"image\":{\"@type\":\"ImageObject\",\"inLanguage\":\"it-IT\",\"@id\":\"https:\\\/\\\/secure.gravatar.com\\\/avatar\\\/ad6774b3ada023bf5b939d64f45c94b3adf91502dd883507d469b4308a943bb3?s=96&d=mm&r=g\",\"url\":\"https:\\\/\\\/secure.gravatar.com\\\/avatar\\\/ad6774b3ada023bf5b939d64f45c94b3adf91502dd883507d469b4308a943bb3?s=96&d=mm&r=g\",\"contentUrl\":\"https:\\\/\\\/secure.gravatar.com\\\/avatar\\\/ad6774b3ada023bf5b939d64f45c94b3adf91502dd883507d469b4308a943bb3?s=96&d=mm&r=g\",\"caption\":\"Exaudi Redazione\"},\"description\":\"Che cosa \u00e8 Exaudi News? Exaudi News \u00e8 un agenzia cattolica internazionale che informa, istruisce e trasforma quotidianamente in spagnolo, inglese e italiano. Attraverso notizie, articoli di analisi e trasmissioni in diretta degli eventi del Papa, Exaudi cerca di rafforzare l'unit\u00e0 dei cristiani e di contribuire all'evangelizzazione del mondo, sempre guidato dalla dottrina sociale della Chiesa. Lavoriamo per portare la verit\u00e0 e i valori cristiani in ogni angolo del pianeta. Aiutaci a trasformare il mondo con Exaudi! Noi di Exaudi crediamo che l'evangelizzazione e l'informazione di qualit\u00e0 possano cambiare la vita. Per continuare la nostra missione ed espandere la nostra portata, abbiamo bisogno del tuo aiuto. Stiamo anche cercando persone motivate che vogliano unirsi al nostro team. Grazie al vostro sostegno raggiungeremo pi\u00f9 persone, diffonderemo il messaggio di Cristo e rafforzeremo l'unit\u00e0 dei cristiani. Vuoi unirti alla nostra missione? Per maggiori informazioni su come contribuire, visita Exaudi.org\\\/it o contattaci direttamente: info@exaudi.org Exaudi: informa, forma e trasforma.\",\"sameAs\":[\"https:\\\/\\\/www.facebook.com\\\/ExaudiNotizie\\\/\",\"https:\\\/\\\/www.instagram.com\\\/Exaudi_notizie\\\/\",\"https:\\\/\\\/x.com\\\/Exaudi_Notizie\",\"https:\\\/\\\/www.youtube.com\\\/@exaudicatholicnews\"],\"url\":\"https:\\\/\\\/exaudi.org\\\/it\\\/author\\\/dlvedi-org\\\/\"}]}<\/script>\n<!-- \/ Yoast SEO plugin. -->","yoast_head_json":{"title":"Santa Messa nella Cappella Sistina con il Rito del Battesimo dei Bambini &#8211; Exaudi","robots":{"index":"index","follow":"follow","max-snippet":"max-snippet:-1","max-image-preview":"max-image-preview:large","max-video-preview":"max-video-preview:-1"},"canonical":"https:\/\/exaudi.org\/it\/holy-mass-in-the-sistine-chapel-with-the-rite-of-baptism-of-children\/","og_locale":"it_IT","og_type":"article","og_title":"Santa Messa nella Cappella Sistina con il Rito del Battesimo dei Bambini &#8211; Exaudi","og_description":"Trascrizione dell\u2019omelia che il Papa ha pronunciato a braccio","og_url":"https:\/\/exaudi.org\/holy-mass-in-the-sistine-chapel-with-the-rite-of-baptism-of-children\/","og_site_name":"Exaudi","article_publisher":"https:\/\/www.facebook.com\/ExaudiNews","article_author":"https:\/\/www.facebook.com\/ExaudiNotizie\/","article_published_time":"2024-01-07T17:04:40+00:00","og_image":[{"width":800,"height":533,"url":"https:\/\/exaudi.org\/wp-content\/uploads\/2024\/01\/cq5dam.web_.800.800-9.jpeg","type":"image\/jpeg"}],"author":"Exaudi Redazione","twitter_card":"summary_large_image","twitter_creator":"@Exaudi_Notizie","twitter_site":"@Exaudi_News","twitter_misc":{"Scritto da":"Exaudi Redazione","Tempo di lettura stimato":"2 minuti"},"schema":{"@context":"https:\/\/schema.org","@graph":[{"@type":"Article","@id":"https:\/\/exaudi.org\/holy-mass-in-the-sistine-chapel-with-the-rite-of-baptism-of-children\/#article","isPartOf":{"@id":"https:\/\/exaudi.org\/holy-mass-in-the-sistine-chapel-with-the-rite-of-baptism-of-children\/"},"author":{"name":"Exaudi Redazione","@id":"https:\/\/exaudi.org\/#\/schema\/person\/e1ab6ed07c01774724dd96f925f3a5f0"},"headline":"Santa Messa nella Cappella Sistina con il Rito del Battesimo dei Bambini","datePublished":"2024-01-07T17:04:40+00:00","mainEntityOfPage":{"@id":"https:\/\/exaudi.org\/holy-mass-in-the-sistine-chapel-with-the-rite-of-baptism-of-children\/"},"wordCount":360,"image":{"@id":"https:\/\/exaudi.org\/holy-mass-in-the-sistine-chapel-with-the-rite-of-baptism-of-children\/#primaryimage"},"thumbnailUrl":"https:\/\/exaudi.org\/wp-content\/uploads\/2024\/01\/cq5dam.web_.800.800-9.jpeg","keywords":["bambini","battesimo","Papa Francesco","Trending"],"articleSection":["Leone XIV","Omelie"],"inLanguage":"it-IT"},{"@type":"WebPage","@id":"https:\/\/exaudi.org\/holy-mass-in-the-sistine-chapel-with-the-rite-of-baptism-of-children\/","url":"https:\/\/exaudi.org\/holy-mass-in-the-sistine-chapel-with-the-rite-of-baptism-of-children\/","name":"Santa Messa nella Cappella Sistina con il Rito del Battesimo dei Bambini &#8211; Exaudi","isPartOf":{"@id":"https:\/\/exaudi.org\/#website"},"primaryImageOfPage":{"@id":"https:\/\/exaudi.org\/holy-mass-in-the-sistine-chapel-with-the-rite-of-baptism-of-children\/#primaryimage"},"image":{"@id":"https:\/\/exaudi.org\/holy-mass-in-the-sistine-chapel-with-the-rite-of-baptism-of-children\/#primaryimage"},"thumbnailUrl":"https:\/\/exaudi.org\/wp-content\/uploads\/2024\/01\/cq5dam.web_.800.800-9.jpeg","datePublished":"2024-01-07T17:04:40+00:00","author":{"@id":"https:\/\/exaudi.org\/#\/schema\/person\/e1ab6ed07c01774724dd96f925f3a5f0"},"breadcrumb":{"@id":"https:\/\/exaudi.org\/holy-mass-in-the-sistine-chapel-with-the-rite-of-baptism-of-children\/#breadcrumb"},"inLanguage":"it-IT","potentialAction":[{"@type":"ReadAction","target":["https:\/\/exaudi.org\/holy-mass-in-the-sistine-chapel-with-the-rite-of-baptism-of-children\/"]}]},{"@type":"ImageObject","inLanguage":"it-IT","@id":"https:\/\/exaudi.org\/holy-mass-in-the-sistine-chapel-with-the-rite-of-baptism-of-children\/#primaryimage","url":"https:\/\/exaudi.org\/wp-content\/uploads\/2024\/01\/cq5dam.web_.800.800-9.jpeg","contentUrl":"https:\/\/exaudi.org\/wp-content\/uploads\/2024\/01\/cq5dam.web_.800.800-9.jpeg","width":800,"height":533,"caption":"Vatican Media"},{"@type":"BreadcrumbList","@id":"https:\/\/exaudi.org\/holy-mass-in-the-sistine-chapel-with-the-rite-of-baptism-of-children\/#breadcrumb","itemListElement":[{"@type":"ListItem","position":1,"name":"Portada","item":"https:\/\/exaudi.org\/it\/"},{"@type":"ListItem","position":2,"name":"Santa Messa nella Cappella Sistina con il Rito del Battesimo dei Bambini"}]},{"@type":"WebSite","@id":"https:\/\/exaudi.org\/#website","url":"https:\/\/exaudi.org\/","name":"Exaudi","description":"News","potentialAction":[{"@type":"SearchAction","target":{"@type":"EntryPoint","urlTemplate":"https:\/\/exaudi.org\/?s={search_term_string}"},"query-input":{"@type":"PropertyValueSpecification","valueRequired":true,"valueName":"search_term_string"}}],"inLanguage":"it-IT"},{"@type":"Person","@id":"https:\/\/exaudi.org\/#\/schema\/person\/e1ab6ed07c01774724dd96f925f3a5f0","name":"Exaudi Redazione","image":{"@type":"ImageObject","inLanguage":"it-IT","@id":"https:\/\/secure.gravatar.com\/avatar\/ad6774b3ada023bf5b939d64f45c94b3adf91502dd883507d469b4308a943bb3?s=96&d=mm&r=g","url":"https:\/\/secure.gravatar.com\/avatar\/ad6774b3ada023bf5b939d64f45c94b3adf91502dd883507d469b4308a943bb3?s=96&d=mm&r=g","contentUrl":"https:\/\/secure.gravatar.com\/avatar\/ad6774b3ada023bf5b939d64f45c94b3adf91502dd883507d469b4308a943bb3?s=96&d=mm&r=g","caption":"Exaudi Redazione"},"description":"Che cosa \u00e8 Exaudi News? Exaudi News \u00e8 un agenzia cattolica internazionale che informa, istruisce e trasforma quotidianamente in spagnolo, inglese e italiano. Attraverso notizie, articoli di analisi e trasmissioni in diretta degli eventi del Papa, Exaudi cerca di rafforzare l'unit\u00e0 dei cristiani e di contribuire all'evangelizzazione del mondo, sempre guidato dalla dottrina sociale della Chiesa. Lavoriamo per portare la verit\u00e0 e i valori cristiani in ogni angolo del pianeta. Aiutaci a trasformare il mondo con Exaudi! Noi di Exaudi crediamo che l'evangelizzazione e l'informazione di qualit\u00e0 possano cambiare la vita. Per continuare la nostra missione ed espandere la nostra portata, abbiamo bisogno del tuo aiuto. Stiamo anche cercando persone motivate che vogliano unirsi al nostro team. Grazie al vostro sostegno raggiungeremo pi\u00f9 persone, diffonderemo il messaggio di Cristo e rafforzeremo l'unit\u00e0 dei cristiani. Vuoi unirti alla nostra missione? Per maggiori informazioni su come contribuire, visita Exaudi.org\/it o contattaci direttamente: info@exaudi.org Exaudi: informa, forma e trasforma.","sameAs":["https:\/\/www.facebook.com\/ExaudiNotizie\/","https:\/\/www.instagram.com\/Exaudi_notizie\/","https:\/\/x.com\/Exaudi_Notizie","https:\/\/www.youtube.com\/@exaudicatholicnews"],"url":"https:\/\/exaudi.org\/it\/author\/dlvedi-org\/"}]}},"jetpack_featured_media_url":"https:\/\/exaudi.org\/wp-content\/uploads\/2024\/01\/cq5dam.web_.800.800-9.jpeg","jetpack_shortlink":"https:\/\/wp.me\/pgKjF2-nPu","_links":{"self":[{"href":"https:\/\/exaudi.org\/it\/wp-json\/wp\/v2\/posts\/91604","targetHints":{"allow":["GET"]}}],"collection":[{"href":"https:\/\/exaudi.org\/it\/wp-json\/wp\/v2\/posts"}],"about":[{"href":"https:\/\/exaudi.org\/it\/wp-json\/wp\/v2\/types\/post"}],"author":[{"embeddable":true,"href":"https:\/\/exaudi.org\/it\/wp-json\/wp\/v2\/users\/17"}],"replies":[{"embeddable":true,"href":"https:\/\/exaudi.org\/it\/wp-json\/wp\/v2\/comments?post=91604"}],"version-history":[{"count":0,"href":"https:\/\/exaudi.org\/it\/wp-json\/wp\/v2\/posts\/91604\/revisions"}],"wp:featuredmedia":[{"embeddable":true,"href":"https:\/\/exaudi.org\/it\/wp-json\/wp\/v2\/media\/91605"}],"wp:attachment":[{"href":"https:\/\/exaudi.org\/it\/wp-json\/wp\/v2\/media?parent=91604"}],"wp:term":[{"taxonomy":"category","embeddable":true,"href":"https:\/\/exaudi.org\/it\/wp-json\/wp\/v2\/categories?post=91604"},{"taxonomy":"post_tag","embeddable":true,"href":"https:\/\/exaudi.org\/it\/wp-json\/wp\/v2\/tags?post=91604"}],"curies":[{"name":"wp","href":"https:\/\/api.w.org\/{rel}","templated":true}]}}