{"id":91598,"date":"2024-01-07T17:59:16","date_gmt":"2024-01-07T16:59:16","guid":{"rendered":"https:\/\/exaudi.org\/?p=91598"},"modified":"2024-01-07T17:59:16","modified_gmt":"2024-01-07T16:59:16","slug":"nel-battesimo-dio-ci-rende-suoi-figli-per-sempre","status":"publish","type":"post","link":"https:\/\/exaudi.org\/it\/nel-battesimo-dio-ci-rende-suoi-figli-per-sempre\/","title":{"rendered":"&#8220;Nel battesimo Dio ci rende suoi figli per sempre&#8221;"},"content":{"rendered":"<p>Dopo aver concluso la celebrazione della Santa Messa nella Cappella Sistina, nella festa del Battesimo del Signore con il rito del Battesimo dei bambini, alle ore 12,00, il Santo Padre Francesco si \u00e8 affacciato alla finestra dello studio di Palazzo Apostolico Vaticano per recitare l&#8217;Angelus insieme ai fedeli e ai pellegrini riuniti in Piazza San Pietro.<\/p>\n<p>Prima della recita dell&#8217;Angelus, il Papa ha sottolineato che in questa festa del Battesimo del Signore dobbiamo ricordare la data del nostro battesimo come un compleanno, poich\u00e9 \u00e8 il giorno in cui Dio ci rende suoi figli per sempre.<\/p>\n<p>Queste le parole del Papa introducendo la preghiera mariana:<\/p>\n<p>***<\/p>\n<h3><strong>Le parole del Papa<\/strong><\/h3>\n<p><i>Cari fratelli e sorelle, buongiorno!<\/i><\/p>\n<p>Oggi celebriamo il Battesimo del Signore (cfr\u00a0<i>Mc\u00a0<\/i>1,7-11). Esso avviene presso il fiume Giordano, dove Giovanni \u2013 detto per questo \u201cBattista\u201d \u2013 compie un rito di purificazione, che esprime l\u2019impegno a lasciare il peccato e a convertirsi. Il popolo va a farsi battezzare con umilt\u00e0, con sincerit\u00e0 e, come dice la Liturgia, \u201ccon l\u2019anima e i piedi nudi\u201d, e anche Ges\u00f9 ci va, inaugurando il suo ministero: mostra cos\u00ec di voler stare vicino ai peccatori, di essere venuto per loro, per noi tutti che siamo peccatori.<\/p>\n<p>E proprio in quel giorno succedono alcuni fatti straordinari. Giovanni Battista dice qualcosa di insolito, riconoscendo pubblicamente in Ges\u00f9, apparentemente uguale a tutti gli altri, uno \u00abpi\u00f9 forte\u00bb (v. 7) di lui, che \u00abbattezzer\u00e0 in Spirito Santo\u00bb (v. 8). Poi si aprono i cieli, lo Spirito Santo scende su Ges\u00f9 come una colomba (cfr v. 10) e dall\u2019alto la voce del Padre proclama: \u00abTu sei il Figlio mio, l\u2019amato: in te ho posto il mio compiacimento\u00bb (v. 11).<\/p>\n<p>Tutto questo, se da una parte ci rivela che Ges\u00f9 \u00e8 il Figlio di Dio, dall\u2019altra ci parla del nostro Battesimo, che ci ha resi a nostra volta figli di Dio, perch\u00e9 il Battesimo ci fa figli di Dio.<\/p>\n<p>Il Battesimo \u00e8 Dio che viene in noi, purifica, guarisce il nostro cuore, ci fa suoi figli per sempre, suo popolo, sua famiglia, eredi del Paradiso (cfr\u00a0<i><a href=\"https:\/\/www.vatican.va\/archive\/catechism_it\/p2s2c1a1_it.htm#In%20sintesi\">Catechismo della Chiesa Cattolica<\/a><\/i>, 1279). E Dio diviene intimo a noi e non se ne va pi\u00f9. Per questo \u00e8 importante ricordare il giorno del Battesimo e anche conoscerne la data. Io domando a tutti voi \u2013 ognuno ci pensi \u2013: \u201cIo ricordo la data del mio Battesimo?\u201d. Se tu non la ricordi, quando tornerai a casa, domandala per non dimenticarla pi\u00f9, perch\u00e9 \u00e8 un nuovo compleanno, perch\u00e9 con il tuo Battesimo sei nato alla vita della grazia. Ringraziamo il Signore per il Battesimo. E anche, ringraziamolo per i genitori che ci hanno portato al fonte, per chi ci ha amministrato il Sacramento, per il padrino, per la madrina, per la comunit\u00e0 in cui lo abbiamo ricevuto. Festeggiare il proprio Battesimo: \u00e8 un nuovo compleanno.<\/p>\n<p>E possiamo chiederci: io sono consapevole del dono immenso che porto in me per il Battesimo? Riconosco, nella mia vita, la luce della presenza di Dio, che mi vede come suo figlio amato, come sua figlia amata? E ora, in memoria del nostro Battesimo, accogliamo la presenza di Dio in noi. Possiamo farlo con il segno della croce, che traccia in noi il ricordo della grazia di Dio, il quale ci ama e desidera stare con noi. Quel segno della croce che ci ricorda questo. Facciamolo insieme:\u00a0<i>Nel nome del Padre e del Figlio e dello Spirito Santo<\/i>.<\/p>\n<p>E non dimenticatevi la data del Battesimo che \u00e8 un compleanno. Maria, tempio dello Spirito, ci aiuti a celebrare ed accogliere le meraviglie che il Signore compie in noi.<\/p>\n<p>___________________________________________<\/p>\n<p><b>Dopo l&#8217;Angelus<\/b><\/p>\n<p><i>Cari fratelli e sorelle!<\/i><\/p>\n<p><a href=\"https:\/\/www.vatican.va\/content\/francesco\/it\/events\/event.dir.html\/content\/vaticanevents\/it\/2024\/1\/7\/battesimo.html\">Nell\u2019odierna festa del Battesimo del Signore, ho battezzato alcuni neonati<\/a>. Preghiamo per loro e per le loro famiglie. Estendo questa preghiera a tutti i bambini che in questi giorni ricevono il santo Battesimo.<\/p>\n<p>Oggi le comunit\u00e0 ecclesiali dell\u2019Oriente che seguono il Calendario Giuliano celebrano il Santo Natale. In spirito di gioiosa fraternit\u00e0 auguro che la nascita del Signore Ges\u00f9 le ricolmi di luce, di carit\u00e0 e di pace.<\/p>\n<p>Vi invito ad unirvi alla mia preghiera per la liberazione, senza condizioni, di tutte le persone attualmente sequestrate in Colombia. Questo gesto, che \u00e8 un dovere davanti a Dio, favorir\u00e0 anche un clima di riconciliazione e di pace nel Paese.<\/p>\n<p>Sono molto vicino alle popolazioni della Repubblica Democratica del Congo colpite nei giorni scorsi da inondazioni. E per favore continuiamo a pregare per la pace; per la pace in Ucraina, in Palestina, Israele e nel mondo intero.<\/p>\n<p>E saluto tutti voi, pellegrini provenienti dall\u2019Italia e da tante parti del mondo, in particolare i ragazzi della parrocchia del Santissimo Crocifisso in Roma, il gruppo Scout Milano 35 e l\u2019associazione \u201c<i>Totus tuus<\/i>\u201d di Potenza.<\/p>\n<p>Auguro a tutti una bella festa. E per favore, non dimenticatevi di pregare per me. Buon pranzo e arrivederci!<\/p>\n<p><iframe loading=\"lazy\" title=\"January 7 2024 Angelus prayer Pope Francis\" width=\"500\" height=\"281\" src=\"https:\/\/www.youtube.com\/embed\/a0_mljDDnbY?feature=oembed\" frameborder=\"0\" allow=\"accelerometer; autoplay; clipboard-write; encrypted-media; gyroscope; picture-in-picture; web-share\" referrerpolicy=\"strict-origin-when-cross-origin\" allowfullscreen><\/iframe><\/p>\n<h3>\u200b<\/h3>\n","protected":false},"excerpt":{"rendered":"<p>Le parole del Papa all&#8217;Angelus<\/p>\n","protected":false},"author":17,"featured_media":91603,"comment_status":"closed","ping_status":"closed","sticky":false,"template":"","format":"standard","meta":{"_acf_changed":false,"_crdt_document":"","inline_featured_image":false,"footnotes":""},"categories":[69,67],"tags":[250,7626,2487],"class_list":["post-91598","post","type-post","status-publish","format-standard","has-post-thumbnail","hentry","category-angelus-it","category-leone-xiv","tag-angelus-it","tag-featured-it","tag-featured-3"],"acf":[],"yoast_head":"<!-- This site is optimized with the Yoast SEO plugin v27.5 - https:\/\/yoast.com\/product\/yoast-seo-wordpress\/ -->\n<title>&quot;Nel battesimo Dio ci rende suoi figli per sempre&quot; &#8211; Exaudi<\/title>\n<meta name=\"robots\" content=\"index, follow, max-snippet:-1, max-image-preview:large, max-video-preview:-1\" \/>\n<link rel=\"canonical\" href=\"https:\/\/exaudi.org\/it\/nel-battesimo-dio-ci-rende-suoi-figli-per-sempre\/\" \/>\n<meta property=\"og:locale\" content=\"it_IT\" \/>\n<meta property=\"og:type\" content=\"article\" \/>\n<meta property=\"og:title\" content=\"&quot;Nel battesimo Dio ci rende suoi figli per sempre&quot; &#8211; Exaudi\" \/>\n<meta property=\"og:description\" content=\"Le parole del Papa all&#039;Angelus\" \/>\n<meta property=\"og:url\" content=\"https:\/\/exaudi.org\/it\/nel-battesimo-dio-ci-rende-suoi-figli-per-sempre\/\" \/>\n<meta property=\"og:site_name\" content=\"Exaudi\" \/>\n<meta property=\"article:publisher\" content=\"https:\/\/www.facebook.com\/ExaudiNews\" \/>\n<meta property=\"article:author\" content=\"https:\/\/www.facebook.com\/ExaudiNotizie\/\" \/>\n<meta property=\"article:published_time\" content=\"2024-01-07T16:59:16+00:00\" \/>\n<meta property=\"og:image\" content=\"https:\/\/exaudi.org\/wp-content\/uploads\/2024\/01\/Snapinsta.app_416092875_762732829224814_3966211899695604123_n_1080.jpg\" \/>\n\t<meta property=\"og:image:width\" content=\"1080\" \/>\n\t<meta property=\"og:image:height\" content=\"1080\" \/>\n\t<meta property=\"og:image:type\" content=\"image\/jpeg\" \/>\n<meta name=\"author\" content=\"Exaudi Redazione\" \/>\n<meta name=\"twitter:card\" content=\"summary_large_image\" \/>\n<meta name=\"twitter:creator\" content=\"@Exaudi_Notizie\" \/>\n<meta name=\"twitter:site\" content=\"@Exaudi_News\" \/>\n<meta name=\"twitter:label1\" content=\"Scritto da\" \/>\n\t<meta name=\"twitter:data1\" content=\"Exaudi Redazione\" \/>\n\t<meta name=\"twitter:label2\" content=\"Tempo di lettura stimato\" \/>\n\t<meta name=\"twitter:data2\" content=\"4 minuti\" \/>\n<script type=\"application\/ld+json\" class=\"yoast-schema-graph\">{\"@context\":\"https:\\\/\\\/schema.org\",\"@graph\":[{\"@type\":\"Article\",\"@id\":\"https:\\\/\\\/exaudi.org\\\/it\\\/nel-battesimo-dio-ci-rende-suoi-figli-per-sempre\\\/#article\",\"isPartOf\":{\"@id\":\"https:\\\/\\\/exaudi.org\\\/it\\\/nel-battesimo-dio-ci-rende-suoi-figli-per-sempre\\\/\"},\"author\":{\"name\":\"Exaudi Redazione\",\"@id\":\"https:\\\/\\\/exaudi.org\\\/#\\\/schema\\\/person\\\/e1ab6ed07c01774724dd96f925f3a5f0\"},\"headline\":\"&#8220;Nel battesimo Dio ci rende suoi figli per sempre&#8221;\",\"datePublished\":\"2024-01-07T16:59:16+00:00\",\"mainEntityOfPage\":{\"@id\":\"https:\\\/\\\/exaudi.org\\\/it\\\/nel-battesimo-dio-ci-rende-suoi-figli-per-sempre\\\/\"},\"wordCount\":809,\"image\":{\"@id\":\"https:\\\/\\\/exaudi.org\\\/it\\\/nel-battesimo-dio-ci-rende-suoi-figli-per-sempre\\\/#primaryimage\"},\"thumbnailUrl\":\"https:\\\/\\\/exaudi.org\\\/wp-content\\\/uploads\\\/2024\\\/01\\\/Snapinsta.app_416092875_762732829224814_3966211899695604123_n_1080.jpg\",\"keywords\":[\"\u00e1ngelus\",\"Featured\",\"Featured\"],\"articleSection\":[\"Angelus\",\"Leone XIV\"],\"inLanguage\":\"it-IT\"},{\"@type\":\"WebPage\",\"@id\":\"https:\\\/\\\/exaudi.org\\\/it\\\/nel-battesimo-dio-ci-rende-suoi-figli-per-sempre\\\/\",\"url\":\"https:\\\/\\\/exaudi.org\\\/it\\\/nel-battesimo-dio-ci-rende-suoi-figli-per-sempre\\\/\",\"name\":\"\\\"Nel battesimo Dio ci rende suoi figli per sempre\\\" &#8211; Exaudi\",\"isPartOf\":{\"@id\":\"https:\\\/\\\/exaudi.org\\\/#website\"},\"primaryImageOfPage\":{\"@id\":\"https:\\\/\\\/exaudi.org\\\/it\\\/nel-battesimo-dio-ci-rende-suoi-figli-per-sempre\\\/#primaryimage\"},\"image\":{\"@id\":\"https:\\\/\\\/exaudi.org\\\/it\\\/nel-battesimo-dio-ci-rende-suoi-figli-per-sempre\\\/#primaryimage\"},\"thumbnailUrl\":\"https:\\\/\\\/exaudi.org\\\/wp-content\\\/uploads\\\/2024\\\/01\\\/Snapinsta.app_416092875_762732829224814_3966211899695604123_n_1080.jpg\",\"datePublished\":\"2024-01-07T16:59:16+00:00\",\"author\":{\"@id\":\"https:\\\/\\\/exaudi.org\\\/#\\\/schema\\\/person\\\/e1ab6ed07c01774724dd96f925f3a5f0\"},\"breadcrumb\":{\"@id\":\"https:\\\/\\\/exaudi.org\\\/it\\\/nel-battesimo-dio-ci-rende-suoi-figli-per-sempre\\\/#breadcrumb\"},\"inLanguage\":\"it-IT\",\"potentialAction\":[{\"@type\":\"ReadAction\",\"target\":[\"https:\\\/\\\/exaudi.org\\\/it\\\/nel-battesimo-dio-ci-rende-suoi-figli-per-sempre\\\/\"]}]},{\"@type\":\"ImageObject\",\"inLanguage\":\"it-IT\",\"@id\":\"https:\\\/\\\/exaudi.org\\\/it\\\/nel-battesimo-dio-ci-rende-suoi-figli-per-sempre\\\/#primaryimage\",\"url\":\"https:\\\/\\\/exaudi.org\\\/wp-content\\\/uploads\\\/2024\\\/01\\\/Snapinsta.app_416092875_762732829224814_3966211899695604123_n_1080.jpg\",\"contentUrl\":\"https:\\\/\\\/exaudi.org\\\/wp-content\\\/uploads\\\/2024\\\/01\\\/Snapinsta.app_416092875_762732829224814_3966211899695604123_n_1080.jpg\",\"width\":1080,\"height\":1080},{\"@type\":\"BreadcrumbList\",\"@id\":\"https:\\\/\\\/exaudi.org\\\/it\\\/nel-battesimo-dio-ci-rende-suoi-figli-per-sempre\\\/#breadcrumb\",\"itemListElement\":[{\"@type\":\"ListItem\",\"position\":1,\"name\":\"Portada\",\"item\":\"https:\\\/\\\/exaudi.org\\\/it\\\/\"},{\"@type\":\"ListItem\",\"position\":2,\"name\":\"&#8220;Nel battesimo Dio ci rende suoi figli per sempre&#8221;\"}]},{\"@type\":\"WebSite\",\"@id\":\"https:\\\/\\\/exaudi.org\\\/#website\",\"url\":\"https:\\\/\\\/exaudi.org\\\/\",\"name\":\"Exaudi\",\"description\":\"News\",\"potentialAction\":[{\"@type\":\"SearchAction\",\"target\":{\"@type\":\"EntryPoint\",\"urlTemplate\":\"https:\\\/\\\/exaudi.org\\\/?s={search_term_string}\"},\"query-input\":{\"@type\":\"PropertyValueSpecification\",\"valueRequired\":true,\"valueName\":\"search_term_string\"}}],\"inLanguage\":\"it-IT\"},{\"@type\":\"Person\",\"@id\":\"https:\\\/\\\/exaudi.org\\\/#\\\/schema\\\/person\\\/e1ab6ed07c01774724dd96f925f3a5f0\",\"name\":\"Exaudi Redazione\",\"image\":{\"@type\":\"ImageObject\",\"inLanguage\":\"it-IT\",\"@id\":\"https:\\\/\\\/secure.gravatar.com\\\/avatar\\\/ad6774b3ada023bf5b939d64f45c94b3adf91502dd883507d469b4308a943bb3?s=96&d=mm&r=g\",\"url\":\"https:\\\/\\\/secure.gravatar.com\\\/avatar\\\/ad6774b3ada023bf5b939d64f45c94b3adf91502dd883507d469b4308a943bb3?s=96&d=mm&r=g\",\"contentUrl\":\"https:\\\/\\\/secure.gravatar.com\\\/avatar\\\/ad6774b3ada023bf5b939d64f45c94b3adf91502dd883507d469b4308a943bb3?s=96&d=mm&r=g\",\"caption\":\"Exaudi Redazione\"},\"description\":\"Che cosa \u00e8 Exaudi News? Exaudi News \u00e8 un agenzia cattolica internazionale che informa, istruisce e trasforma quotidianamente in spagnolo, inglese e italiano. Attraverso notizie, articoli di analisi e trasmissioni in diretta degli eventi del Papa, Exaudi cerca di rafforzare l'unit\u00e0 dei cristiani e di contribuire all'evangelizzazione del mondo, sempre guidato dalla dottrina sociale della Chiesa. Lavoriamo per portare la verit\u00e0 e i valori cristiani in ogni angolo del pianeta. Aiutaci a trasformare il mondo con Exaudi! Noi di Exaudi crediamo che l'evangelizzazione e l'informazione di qualit\u00e0 possano cambiare la vita. Per continuare la nostra missione ed espandere la nostra portata, abbiamo bisogno del tuo aiuto. Stiamo anche cercando persone motivate che vogliano unirsi al nostro team. Grazie al vostro sostegno raggiungeremo pi\u00f9 persone, diffonderemo il messaggio di Cristo e rafforzeremo l'unit\u00e0 dei cristiani. Vuoi unirti alla nostra missione? Per maggiori informazioni su come contribuire, visita Exaudi.org\\\/it o contattaci direttamente: info@exaudi.org Exaudi: informa, forma e trasforma.\",\"sameAs\":[\"https:\\\/\\\/www.facebook.com\\\/ExaudiNotizie\\\/\",\"https:\\\/\\\/www.instagram.com\\\/Exaudi_notizie\\\/\",\"https:\\\/\\\/x.com\\\/Exaudi_Notizie\",\"https:\\\/\\\/www.youtube.com\\\/@exaudicatholicnews\"],\"url\":\"https:\\\/\\\/exaudi.org\\\/it\\\/author\\\/dlvedi-org\\\/\"}]}<\/script>\n<!-- \/ Yoast SEO plugin. -->","yoast_head_json":{"title":"\"Nel battesimo Dio ci rende suoi figli per sempre\" &#8211; Exaudi","robots":{"index":"index","follow":"follow","max-snippet":"max-snippet:-1","max-image-preview":"max-image-preview:large","max-video-preview":"max-video-preview:-1"},"canonical":"https:\/\/exaudi.org\/it\/nel-battesimo-dio-ci-rende-suoi-figli-per-sempre\/","og_locale":"it_IT","og_type":"article","og_title":"\"Nel battesimo Dio ci rende suoi figli per sempre\" &#8211; Exaudi","og_description":"Le parole del Papa all'Angelus","og_url":"https:\/\/exaudi.org\/it\/nel-battesimo-dio-ci-rende-suoi-figli-per-sempre\/","og_site_name":"Exaudi","article_publisher":"https:\/\/www.facebook.com\/ExaudiNews","article_author":"https:\/\/www.facebook.com\/ExaudiNotizie\/","article_published_time":"2024-01-07T16:59:16+00:00","og_image":[{"width":1080,"height":1080,"url":"https:\/\/exaudi.org\/wp-content\/uploads\/2024\/01\/Snapinsta.app_416092875_762732829224814_3966211899695604123_n_1080.jpg","type":"image\/jpeg"}],"author":"Exaudi Redazione","twitter_card":"summary_large_image","twitter_creator":"@Exaudi_Notizie","twitter_site":"@Exaudi_News","twitter_misc":{"Scritto da":"Exaudi Redazione","Tempo di lettura stimato":"4 minuti"},"schema":{"@context":"https:\/\/schema.org","@graph":[{"@type":"Article","@id":"https:\/\/exaudi.org\/it\/nel-battesimo-dio-ci-rende-suoi-figli-per-sempre\/#article","isPartOf":{"@id":"https:\/\/exaudi.org\/it\/nel-battesimo-dio-ci-rende-suoi-figli-per-sempre\/"},"author":{"name":"Exaudi Redazione","@id":"https:\/\/exaudi.org\/#\/schema\/person\/e1ab6ed07c01774724dd96f925f3a5f0"},"headline":"&#8220;Nel battesimo Dio ci rende suoi figli per sempre&#8221;","datePublished":"2024-01-07T16:59:16+00:00","mainEntityOfPage":{"@id":"https:\/\/exaudi.org\/it\/nel-battesimo-dio-ci-rende-suoi-figli-per-sempre\/"},"wordCount":809,"image":{"@id":"https:\/\/exaudi.org\/it\/nel-battesimo-dio-ci-rende-suoi-figli-per-sempre\/#primaryimage"},"thumbnailUrl":"https:\/\/exaudi.org\/wp-content\/uploads\/2024\/01\/Snapinsta.app_416092875_762732829224814_3966211899695604123_n_1080.jpg","keywords":["\u00e1ngelus","Featured","Featured"],"articleSection":["Angelus","Leone XIV"],"inLanguage":"it-IT"},{"@type":"WebPage","@id":"https:\/\/exaudi.org\/it\/nel-battesimo-dio-ci-rende-suoi-figli-per-sempre\/","url":"https:\/\/exaudi.org\/it\/nel-battesimo-dio-ci-rende-suoi-figli-per-sempre\/","name":"\"Nel battesimo Dio ci rende suoi figli per sempre\" &#8211; Exaudi","isPartOf":{"@id":"https:\/\/exaudi.org\/#website"},"primaryImageOfPage":{"@id":"https:\/\/exaudi.org\/it\/nel-battesimo-dio-ci-rende-suoi-figli-per-sempre\/#primaryimage"},"image":{"@id":"https:\/\/exaudi.org\/it\/nel-battesimo-dio-ci-rende-suoi-figli-per-sempre\/#primaryimage"},"thumbnailUrl":"https:\/\/exaudi.org\/wp-content\/uploads\/2024\/01\/Snapinsta.app_416092875_762732829224814_3966211899695604123_n_1080.jpg","datePublished":"2024-01-07T16:59:16+00:00","author":{"@id":"https:\/\/exaudi.org\/#\/schema\/person\/e1ab6ed07c01774724dd96f925f3a5f0"},"breadcrumb":{"@id":"https:\/\/exaudi.org\/it\/nel-battesimo-dio-ci-rende-suoi-figli-per-sempre\/#breadcrumb"},"inLanguage":"it-IT","potentialAction":[{"@type":"ReadAction","target":["https:\/\/exaudi.org\/it\/nel-battesimo-dio-ci-rende-suoi-figli-per-sempre\/"]}]},{"@type":"ImageObject","inLanguage":"it-IT","@id":"https:\/\/exaudi.org\/it\/nel-battesimo-dio-ci-rende-suoi-figli-per-sempre\/#primaryimage","url":"https:\/\/exaudi.org\/wp-content\/uploads\/2024\/01\/Snapinsta.app_416092875_762732829224814_3966211899695604123_n_1080.jpg","contentUrl":"https:\/\/exaudi.org\/wp-content\/uploads\/2024\/01\/Snapinsta.app_416092875_762732829224814_3966211899695604123_n_1080.jpg","width":1080,"height":1080},{"@type":"BreadcrumbList","@id":"https:\/\/exaudi.org\/it\/nel-battesimo-dio-ci-rende-suoi-figli-per-sempre\/#breadcrumb","itemListElement":[{"@type":"ListItem","position":1,"name":"Portada","item":"https:\/\/exaudi.org\/it\/"},{"@type":"ListItem","position":2,"name":"&#8220;Nel battesimo Dio ci rende suoi figli per sempre&#8221;"}]},{"@type":"WebSite","@id":"https:\/\/exaudi.org\/#website","url":"https:\/\/exaudi.org\/","name":"Exaudi","description":"News","potentialAction":[{"@type":"SearchAction","target":{"@type":"EntryPoint","urlTemplate":"https:\/\/exaudi.org\/?s={search_term_string}"},"query-input":{"@type":"PropertyValueSpecification","valueRequired":true,"valueName":"search_term_string"}}],"inLanguage":"it-IT"},{"@type":"Person","@id":"https:\/\/exaudi.org\/#\/schema\/person\/e1ab6ed07c01774724dd96f925f3a5f0","name":"Exaudi Redazione","image":{"@type":"ImageObject","inLanguage":"it-IT","@id":"https:\/\/secure.gravatar.com\/avatar\/ad6774b3ada023bf5b939d64f45c94b3adf91502dd883507d469b4308a943bb3?s=96&d=mm&r=g","url":"https:\/\/secure.gravatar.com\/avatar\/ad6774b3ada023bf5b939d64f45c94b3adf91502dd883507d469b4308a943bb3?s=96&d=mm&r=g","contentUrl":"https:\/\/secure.gravatar.com\/avatar\/ad6774b3ada023bf5b939d64f45c94b3adf91502dd883507d469b4308a943bb3?s=96&d=mm&r=g","caption":"Exaudi Redazione"},"description":"Che cosa \u00e8 Exaudi News? Exaudi News \u00e8 un agenzia cattolica internazionale che informa, istruisce e trasforma quotidianamente in spagnolo, inglese e italiano. Attraverso notizie, articoli di analisi e trasmissioni in diretta degli eventi del Papa, Exaudi cerca di rafforzare l'unit\u00e0 dei cristiani e di contribuire all'evangelizzazione del mondo, sempre guidato dalla dottrina sociale della Chiesa. Lavoriamo per portare la verit\u00e0 e i valori cristiani in ogni angolo del pianeta. Aiutaci a trasformare il mondo con Exaudi! Noi di Exaudi crediamo che l'evangelizzazione e l'informazione di qualit\u00e0 possano cambiare la vita. Per continuare la nostra missione ed espandere la nostra portata, abbiamo bisogno del tuo aiuto. Stiamo anche cercando persone motivate che vogliano unirsi al nostro team. Grazie al vostro sostegno raggiungeremo pi\u00f9 persone, diffonderemo il messaggio di Cristo e rafforzeremo l'unit\u00e0 dei cristiani. Vuoi unirti alla nostra missione? Per maggiori informazioni su come contribuire, visita Exaudi.org\/it o contattaci direttamente: info@exaudi.org Exaudi: informa, forma e trasforma.","sameAs":["https:\/\/www.facebook.com\/ExaudiNotizie\/","https:\/\/www.instagram.com\/Exaudi_notizie\/","https:\/\/x.com\/Exaudi_Notizie","https:\/\/www.youtube.com\/@exaudicatholicnews"],"url":"https:\/\/exaudi.org\/it\/author\/dlvedi-org\/"}]}},"jetpack_featured_media_url":"https:\/\/exaudi.org\/wp-content\/uploads\/2024\/01\/Snapinsta.app_416092875_762732829224814_3966211899695604123_n_1080.jpg","jetpack_shortlink":"https:\/\/wp.me\/pgKjF2-nPo","_links":{"self":[{"href":"https:\/\/exaudi.org\/it\/wp-json\/wp\/v2\/posts\/91598","targetHints":{"allow":["GET"]}}],"collection":[{"href":"https:\/\/exaudi.org\/it\/wp-json\/wp\/v2\/posts"}],"about":[{"href":"https:\/\/exaudi.org\/it\/wp-json\/wp\/v2\/types\/post"}],"author":[{"embeddable":true,"href":"https:\/\/exaudi.org\/it\/wp-json\/wp\/v2\/users\/17"}],"replies":[{"embeddable":true,"href":"https:\/\/exaudi.org\/it\/wp-json\/wp\/v2\/comments?post=91598"}],"version-history":[{"count":0,"href":"https:\/\/exaudi.org\/it\/wp-json\/wp\/v2\/posts\/91598\/revisions"}],"wp:featuredmedia":[{"embeddable":true,"href":"https:\/\/exaudi.org\/it\/wp-json\/wp\/v2\/media\/91603"}],"wp:attachment":[{"href":"https:\/\/exaudi.org\/it\/wp-json\/wp\/v2\/media?parent=91598"}],"wp:term":[{"taxonomy":"category","embeddable":true,"href":"https:\/\/exaudi.org\/it\/wp-json\/wp\/v2\/categories?post=91598"},{"taxonomy":"post_tag","embeddable":true,"href":"https:\/\/exaudi.org\/it\/wp-json\/wp\/v2\/tags?post=91598"}],"curies":[{"name":"wp","href":"https:\/\/api.w.org\/{rel}","templated":true}]}}