{"id":91560,"date":"2024-01-06T18:30:00","date_gmt":"2024-01-06T17:30:00","guid":{"rendered":"https:\/\/exaudi.org\/?p=91560"},"modified":"2024-01-06T18:30:00","modified_gmt":"2024-01-06T17:30:00","slug":"polonia-corteo-dei-tre-magi-da-record-coinvolte-900-localita","status":"publish","type":"post","link":"https:\/\/exaudi.org\/it\/polonia-corteo-dei-tre-magi-da-record-coinvolte-900-localita\/","title":{"rendered":"Polonia: Corteo dei Tre Magi da record. Coinvolte 900 localit\u00e0"},"content":{"rendered":"<p>Rivolgo la mia benedizione ai partecipanti al grande corteo dei Re Magi che si svolge a Varsavia e in molte citt\u00e0 della Polonia \u2013 ha affermato Papa Francesco dopo la recita dell\u2019&#8221;Angelus&#8221;. Il 6 gennaio, nella solennit\u00e0 della Manifestazione del Signore, per le vie di circa 900 localit\u00e0 polacche ed anche al di fuori dei suoi confini si \u00e8 svolto il corteo dei Re Magi. Si stratta di un record nella storia di questo evento.<\/p>\n<figure id=\"attachment_91546\" aria-describedby=\"caption-attachment-91546\" style=\"width: 2560px\" class=\"wp-caption alignleft\"><img loading=\"lazy\" decoding=\"async\" class=\"size-full wp-image-91546\" src=\"https:\/\/exaudi.org\/wp-content\/uploads\/2024\/01\/Photo-2_S.-Amata-J.-Nowaszewska-scaled.jpg\" alt=\"S. Amata J. Nowaszewska\" width=\"2560\" height=\"1707\" srcset=\"https:\/\/exaudi.org\/wp-content\/uploads\/2024\/01\/Photo-2_S.-Amata-J.-Nowaszewska-scaled.jpg 2560w, https:\/\/exaudi.org\/wp-content\/uploads\/2024\/01\/Photo-2_S.-Amata-J.-Nowaszewska-300x200.jpg 300w, https:\/\/exaudi.org\/wp-content\/uploads\/2024\/01\/Photo-2_S.-Amata-J.-Nowaszewska-1024x683.jpg 1024w, https:\/\/exaudi.org\/wp-content\/uploads\/2024\/01\/Photo-2_S.-Amata-J.-Nowaszewska-770x513.jpg 770w, https:\/\/exaudi.org\/wp-content\/uploads\/2024\/01\/Photo-2_S.-Amata-J.-Nowaszewska-1536x1024.jpg 1536w, https:\/\/exaudi.org\/wp-content\/uploads\/2024\/01\/Photo-2_S.-Amata-J.-Nowaszewska-2048x1365.jpg 2048w, https:\/\/exaudi.org\/wp-content\/uploads\/2024\/01\/Photo-2_S.-Amata-J.-Nowaszewska-360x240.jpg?crop=1 360w, https:\/\/exaudi.org\/wp-content\/uploads\/2024\/01\/Photo-2_S.-Amata-J.-Nowaszewska-500x333.jpg 500w, https:\/\/exaudi.org\/wp-content\/uploads\/2024\/01\/Photo-2_S.-Amata-J.-Nowaszewska-1155x770.jpg 1155w, https:\/\/exaudi.org\/wp-content\/uploads\/2024\/01\/Photo-2_S.-Amata-J.-Nowaszewska-370x247.jpg 370w, https:\/\/exaudi.org\/wp-content\/uploads\/2024\/01\/Photo-2_S.-Amata-J.-Nowaszewska-293x195.jpg 293w, https:\/\/exaudi.org\/wp-content\/uploads\/2024\/01\/Photo-2_S.-Amata-J.-Nowaszewska-1400x933.jpg 1400w, https:\/\/exaudi.org\/wp-content\/uploads\/2024\/01\/Photo-2_S.-Amata-J.-Nowaszewska-120x80.jpg 120w, https:\/\/exaudi.org\/wp-content\/uploads\/2024\/01\/Photo-2_S.-Amata-J.-Nowaszewska-240x160.jpg 240w, https:\/\/exaudi.org\/wp-content\/uploads\/2024\/01\/Photo-2_S.-Amata-J.-Nowaszewska-390x260.jpg 390w\" sizes=\"auto, (max-width: 2560px) 100vw, 2560px\" \/><figcaption id=\"caption-attachment-91546\" class=\"wp-caption-text\">S. Amata J. Nowaszewska<\/figcaption><\/figure>\n<figure id=\"attachment_91549\" aria-describedby=\"caption-attachment-91549\" style=\"width: 2560px\" class=\"wp-caption alignright\"><img loading=\"lazy\" decoding=\"async\" class=\"size-full wp-image-91549\" src=\"https:\/\/exaudi.org\/wp-content\/uploads\/2024\/01\/Photo-3_S.-Amata-J.-Nowaszewska-scaled.jpg\" alt=\"S. Amata J. Nowaszewska\" width=\"2560\" height=\"1707\" srcset=\"https:\/\/exaudi.org\/wp-content\/uploads\/2024\/01\/Photo-3_S.-Amata-J.-Nowaszewska-scaled.jpg 2560w, https:\/\/exaudi.org\/wp-content\/uploads\/2024\/01\/Photo-3_S.-Amata-J.-Nowaszewska-300x200.jpg 300w, https:\/\/exaudi.org\/wp-content\/uploads\/2024\/01\/Photo-3_S.-Amata-J.-Nowaszewska-1024x683.jpg 1024w, https:\/\/exaudi.org\/wp-content\/uploads\/2024\/01\/Photo-3_S.-Amata-J.-Nowaszewska-770x513.jpg 770w, https:\/\/exaudi.org\/wp-content\/uploads\/2024\/01\/Photo-3_S.-Amata-J.-Nowaszewska-1536x1024.jpg 1536w, https:\/\/exaudi.org\/wp-content\/uploads\/2024\/01\/Photo-3_S.-Amata-J.-Nowaszewska-2048x1365.jpg 2048w, https:\/\/exaudi.org\/wp-content\/uploads\/2024\/01\/Photo-3_S.-Amata-J.-Nowaszewska-360x240.jpg?crop=1 360w, https:\/\/exaudi.org\/wp-content\/uploads\/2024\/01\/Photo-3_S.-Amata-J.-Nowaszewska-500x333.jpg 500w, https:\/\/exaudi.org\/wp-content\/uploads\/2024\/01\/Photo-3_S.-Amata-J.-Nowaszewska-1155x770.jpg 1155w, https:\/\/exaudi.org\/wp-content\/uploads\/2024\/01\/Photo-3_S.-Amata-J.-Nowaszewska-370x247.jpg 370w, https:\/\/exaudi.org\/wp-content\/uploads\/2024\/01\/Photo-3_S.-Amata-J.-Nowaszewska-293x195.jpg 293w, https:\/\/exaudi.org\/wp-content\/uploads\/2024\/01\/Photo-3_S.-Amata-J.-Nowaszewska-1400x933.jpg 1400w, https:\/\/exaudi.org\/wp-content\/uploads\/2024\/01\/Photo-3_S.-Amata-J.-Nowaszewska-120x80.jpg 120w, https:\/\/exaudi.org\/wp-content\/uploads\/2024\/01\/Photo-3_S.-Amata-J.-Nowaszewska-240x160.jpg 240w, https:\/\/exaudi.org\/wp-content\/uploads\/2024\/01\/Photo-3_S.-Amata-J.-Nowaszewska-390x260.jpg 390w\" sizes=\"auto, (max-width: 2560px) 100vw, 2560px\" \/><figcaption id=\"caption-attachment-91549\" class=\"wp-caption-text\">S. Amata J. Nowaszewska<\/figcaption><\/figure>\n<p>In Polonia, ma anche in Germania, Francia, Stati Uniti e in Africa sono state organizzate circa 900 cortei dei Re Magi. Per le strade in Polonia hanno sfilato 3 milioni di fedeli per adorare insieme Ges\u00f9, per festeggiare e cantare i canti di Natale. L\u2019evento di quest\u2019anno \u00e8 stato accompagnato da un verso tratto da un canto di natale: &#8220;Giace nel presepe&#8221;. Si tratta del pi\u00f9 grande presepe di strada del mondo, che si svolge ottocento anni dopo la prima rappresentazione del presepe fatta da S. Francesco a Greccio, in Italia.<\/p>\n<figure id=\"attachment_91552\" aria-describedby=\"caption-attachment-91552\" style=\"width: 1024px\" class=\"wp-caption alignleft\"><img loading=\"lazy\" decoding=\"async\" class=\"size-full wp-image-91552\" src=\"https:\/\/exaudi.org\/wp-content\/uploads\/2024\/01\/Photo-4_S.-Amata-J.-Nowaszewska.jpeg\" alt=\"S. Amata J. Nowaszewska\" width=\"1024\" height=\"576\" srcset=\"https:\/\/exaudi.org\/wp-content\/uploads\/2024\/01\/Photo-4_S.-Amata-J.-Nowaszewska.jpeg 1024w, https:\/\/exaudi.org\/wp-content\/uploads\/2024\/01\/Photo-4_S.-Amata-J.-Nowaszewska-300x169.jpeg 300w, https:\/\/exaudi.org\/wp-content\/uploads\/2024\/01\/Photo-4_S.-Amata-J.-Nowaszewska-770x433.jpeg 770w, https:\/\/exaudi.org\/wp-content\/uploads\/2024\/01\/Photo-4_S.-Amata-J.-Nowaszewska-500x281.jpeg 500w, https:\/\/exaudi.org\/wp-content\/uploads\/2024\/01\/Photo-4_S.-Amata-J.-Nowaszewska-293x165.jpeg 293w, https:\/\/exaudi.org\/wp-content\/uploads\/2024\/01\/Photo-4_S.-Amata-J.-Nowaszewska-390x219.jpeg 390w\" sizes=\"auto, (max-width: 1024px) 100vw, 1024px\" \/><figcaption id=\"caption-attachment-91552\" class=\"wp-caption-text\">S. Amata J. Nowaszewska<\/figcaption><\/figure>\n<p>A mezzogiorno, dopo la preghiera dell\u2019Angelus, il corteo di Varsavia \u00e8 partita dal monumento a Nicola Copernico a Krakowski Przedmie\u015bcie ed ha raggiunto Piazza Castello dove ha avuto luogo l\u2019inchino dei re e la consegna dei doni. Come ogni anno i cortei sono collegati a concorsi per bambini, giovani e famiglie intere, per le opere d\u2019arte, i presepi e le poesie. Al termine sono stati eseguiti canti di natale comunitari.<\/p>\n<p>Magda e \u0141ukasz Olk\u00f3w insieme al loro bambino Ja\u015b hanno ricoperto il ruolo della Sacra Famiglia all\u2019interno del Corteo dei Re Magi di Varsavia. &#8220;\u00c8 un modello insuperabile, sentiamo la sua cura per noi, ci sono molti elementi comuni a ogni famiglia in questa storia di Ges\u00f9, Giuseppe e Maria&#8221;. \u2013 hanno affermato i coniugi Olk\u00f3w a Radio Vaticana. Aperti all&#8217;adozione, hanno otto figli, il pi\u00f9 piccolo dei quali \u00e8 il loro primo figlio biologico. Lei \u00e8 una germanista e fotografa che si \u00e8 dedicata alla casa, lui \u00e8 un informatico e un imprenditore.<\/p>\n<p>Da 16 anni la processione si svolge in un totale di 23 Paesi. La comunit\u00e0 polacca e i missionari sono coinvolti nella sua organizzazione. Iniziatrice e organizzatrice del Corteo dei Re Magi di Varsavia, il pi\u00f9 grande presepe di strada del mondo, \u00e8 la Fondazione \u201cOrszak Trzech Kr\u00f3li\u201d.<\/p>\n<p><em><strong>Vatican News<\/strong><\/em><\/p>\n","protected":false},"excerpt":{"rendered":"<p>Rivolgo la mia benedizione ai partecipanti al grande corteo dei Re Magi che si svolge a Varsavia e in molte citt\u00e0 della Polonia \u2013 ha affermato Papa Francesco dopo la recita dell\u2019&#8221;Angelus&#8221;. Il 6 gennaio, nella solennit\u00e0 della Manifestazione del Signore, per le vie di circa 900 localit\u00e0 polacche ed anche al di fuori dei [&hellip;]<\/p>\n","protected":false},"author":17,"featured_media":91558,"comment_status":"closed","ping_status":"closed","sticky":false,"template":"","format":"standard","meta":{"_acf_changed":false,"_crdt_document":"","inline_featured_image":false,"footnotes":""},"categories":[73],"tags":[1787,11901,4952],"class_list":["post-91560","post","type-post","status-publish","format-standard","has-post-thumbnail","hentry","category-chiesa-e-mondo","tag-polonia","tag-tre-agi","tag-trending-it"],"acf":[],"yoast_head":"<!-- This site is optimized with the Yoast SEO plugin v27.5 - https:\/\/yoast.com\/product\/yoast-seo-wordpress\/ -->\n<title>Polonia: Corteo dei Tre Magi da record. Coinvolte 900 localit\u00e0 &#8211; Exaudi<\/title>\n<meta name=\"robots\" content=\"index, follow, max-snippet:-1, max-image-preview:large, max-video-preview:-1\" \/>\n<link rel=\"canonical\" href=\"https:\/\/exaudi.org\/it\/polonia-corteo-dei-tre-magi-da-record-coinvolte-900-localita\/\" \/>\n<meta property=\"og:locale\" content=\"it_IT\" \/>\n<meta property=\"og:type\" content=\"article\" \/>\n<meta property=\"og:title\" content=\"Polonia: Corteo dei Tre Magi da record. Coinvolte 900 localit\u00e0 &#8211; Exaudi\" \/>\n<meta property=\"og:description\" content=\"Rivolgo la mia benedizione ai partecipanti al grande corteo dei Re Magi che si svolge a Varsavia e in molte citt\u00e0 della Polonia \u2013 ha affermato Papa Francesco dopo la recita dell\u2019&#8221;Angelus&#8221;. Il 6 gennaio, nella solennit\u00e0 della Manifestazione del Signore, per le vie di circa 900 localit\u00e0 polacche ed anche al di fuori dei [&hellip;]\" \/>\n<meta property=\"og:url\" content=\"https:\/\/exaudi.org\/it\/polonia-corteo-dei-tre-magi-da-record-coinvolte-900-localita\/\" \/>\n<meta property=\"og:site_name\" content=\"Exaudi\" \/>\n<meta property=\"article:publisher\" content=\"https:\/\/www.facebook.com\/ExaudiNews\" \/>\n<meta property=\"article:author\" content=\"https:\/\/www.facebook.com\/ExaudiNotizie\/\" \/>\n<meta property=\"article:published_time\" content=\"2024-01-06T17:30:00+00:00\" \/>\n<meta property=\"og:image\" content=\"https:\/\/exaudi.org\/wp-content\/uploads\/2024\/01\/Photo-1_S.-Amata-J.-Nowaszewska-scaled.jpg\" \/>\n\t<meta property=\"og:image:width\" content=\"2560\" \/>\n\t<meta property=\"og:image:height\" content=\"1888\" \/>\n\t<meta property=\"og:image:type\" content=\"image\/jpeg\" \/>\n<meta name=\"author\" content=\"Exaudi Redazione\" \/>\n<meta name=\"twitter:card\" content=\"summary_large_image\" \/>\n<meta name=\"twitter:creator\" content=\"@Exaudi_Notizie\" \/>\n<meta name=\"twitter:site\" content=\"@Exaudi_News\" \/>\n<meta name=\"twitter:label1\" content=\"Scritto da\" \/>\n\t<meta name=\"twitter:data1\" content=\"Exaudi Redazione\" \/>\n\t<meta name=\"twitter:label2\" content=\"Tempo di lettura stimato\" \/>\n\t<meta name=\"twitter:data2\" content=\"2 minuti\" \/>\n<script type=\"application\/ld+json\" class=\"yoast-schema-graph\">{\"@context\":\"https:\\\/\\\/schema.org\",\"@graph\":[{\"@type\":\"Article\",\"@id\":\"https:\\\/\\\/exaudi.org\\\/it\\\/polonia-corteo-dei-tre-magi-da-record-coinvolte-900-localita\\\/#article\",\"isPartOf\":{\"@id\":\"https:\\\/\\\/exaudi.org\\\/it\\\/polonia-corteo-dei-tre-magi-da-record-coinvolte-900-localita\\\/\"},\"author\":{\"name\":\"Exaudi Redazione\",\"@id\":\"https:\\\/\\\/exaudi.org\\\/#\\\/schema\\\/person\\\/e1ab6ed07c01774724dd96f925f3a5f0\"},\"headline\":\"Polonia: Corteo dei Tre Magi da record. Coinvolte 900 localit\u00e0\",\"datePublished\":\"2024-01-06T17:30:00+00:00\",\"mainEntityOfPage\":{\"@id\":\"https:\\\/\\\/exaudi.org\\\/it\\\/polonia-corteo-dei-tre-magi-da-record-coinvolte-900-localita\\\/\"},\"wordCount\":417,\"image\":{\"@id\":\"https:\\\/\\\/exaudi.org\\\/it\\\/polonia-corteo-dei-tre-magi-da-record-coinvolte-900-localita\\\/#primaryimage\"},\"thumbnailUrl\":\"https:\\\/\\\/exaudi.org\\\/wp-content\\\/uploads\\\/2024\\\/01\\\/Photo-1_S.-Amata-J.-Nowaszewska-scaled.jpg\",\"keywords\":[\"Polonia\",\"Tre agi\",\"Trending\"],\"articleSection\":[\"Chiesa e Mondo\"],\"inLanguage\":\"it-IT\"},{\"@type\":\"WebPage\",\"@id\":\"https:\\\/\\\/exaudi.org\\\/it\\\/polonia-corteo-dei-tre-magi-da-record-coinvolte-900-localita\\\/\",\"url\":\"https:\\\/\\\/exaudi.org\\\/it\\\/polonia-corteo-dei-tre-magi-da-record-coinvolte-900-localita\\\/\",\"name\":\"Polonia: Corteo dei Tre Magi da record. Coinvolte 900 localit\u00e0 &#8211; Exaudi\",\"isPartOf\":{\"@id\":\"https:\\\/\\\/exaudi.org\\\/#website\"},\"primaryImageOfPage\":{\"@id\":\"https:\\\/\\\/exaudi.org\\\/it\\\/polonia-corteo-dei-tre-magi-da-record-coinvolte-900-localita\\\/#primaryimage\"},\"image\":{\"@id\":\"https:\\\/\\\/exaudi.org\\\/it\\\/polonia-corteo-dei-tre-magi-da-record-coinvolte-900-localita\\\/#primaryimage\"},\"thumbnailUrl\":\"https:\\\/\\\/exaudi.org\\\/wp-content\\\/uploads\\\/2024\\\/01\\\/Photo-1_S.-Amata-J.-Nowaszewska-scaled.jpg\",\"datePublished\":\"2024-01-06T17:30:00+00:00\",\"author\":{\"@id\":\"https:\\\/\\\/exaudi.org\\\/#\\\/schema\\\/person\\\/e1ab6ed07c01774724dd96f925f3a5f0\"},\"breadcrumb\":{\"@id\":\"https:\\\/\\\/exaudi.org\\\/it\\\/polonia-corteo-dei-tre-magi-da-record-coinvolte-900-localita\\\/#breadcrumb\"},\"inLanguage\":\"it-IT\",\"potentialAction\":[{\"@type\":\"ReadAction\",\"target\":[\"https:\\\/\\\/exaudi.org\\\/it\\\/polonia-corteo-dei-tre-magi-da-record-coinvolte-900-localita\\\/\"]}]},{\"@type\":\"ImageObject\",\"inLanguage\":\"it-IT\",\"@id\":\"https:\\\/\\\/exaudi.org\\\/it\\\/polonia-corteo-dei-tre-magi-da-record-coinvolte-900-localita\\\/#primaryimage\",\"url\":\"https:\\\/\\\/exaudi.org\\\/wp-content\\\/uploads\\\/2024\\\/01\\\/Photo-1_S.-Amata-J.-Nowaszewska-scaled.jpg\",\"contentUrl\":\"https:\\\/\\\/exaudi.org\\\/wp-content\\\/uploads\\\/2024\\\/01\\\/Photo-1_S.-Amata-J.-Nowaszewska-scaled.jpg\",\"width\":2560,\"height\":1888,\"caption\":\"S. Amata J. Nowaszewska\"},{\"@type\":\"BreadcrumbList\",\"@id\":\"https:\\\/\\\/exaudi.org\\\/it\\\/polonia-corteo-dei-tre-magi-da-record-coinvolte-900-localita\\\/#breadcrumb\",\"itemListElement\":[{\"@type\":\"ListItem\",\"position\":1,\"name\":\"Portada\",\"item\":\"https:\\\/\\\/exaudi.org\\\/it\\\/\"},{\"@type\":\"ListItem\",\"position\":2,\"name\":\"Polonia: Corteo dei Tre Magi da record. Coinvolte 900 localit\u00e0\"}]},{\"@type\":\"WebSite\",\"@id\":\"https:\\\/\\\/exaudi.org\\\/#website\",\"url\":\"https:\\\/\\\/exaudi.org\\\/\",\"name\":\"Exaudi\",\"description\":\"News\",\"potentialAction\":[{\"@type\":\"SearchAction\",\"target\":{\"@type\":\"EntryPoint\",\"urlTemplate\":\"https:\\\/\\\/exaudi.org\\\/?s={search_term_string}\"},\"query-input\":{\"@type\":\"PropertyValueSpecification\",\"valueRequired\":true,\"valueName\":\"search_term_string\"}}],\"inLanguage\":\"it-IT\"},{\"@type\":\"Person\",\"@id\":\"https:\\\/\\\/exaudi.org\\\/#\\\/schema\\\/person\\\/e1ab6ed07c01774724dd96f925f3a5f0\",\"name\":\"Exaudi Redazione\",\"image\":{\"@type\":\"ImageObject\",\"inLanguage\":\"it-IT\",\"@id\":\"https:\\\/\\\/secure.gravatar.com\\\/avatar\\\/ad6774b3ada023bf5b939d64f45c94b3adf91502dd883507d469b4308a943bb3?s=96&d=mm&r=g\",\"url\":\"https:\\\/\\\/secure.gravatar.com\\\/avatar\\\/ad6774b3ada023bf5b939d64f45c94b3adf91502dd883507d469b4308a943bb3?s=96&d=mm&r=g\",\"contentUrl\":\"https:\\\/\\\/secure.gravatar.com\\\/avatar\\\/ad6774b3ada023bf5b939d64f45c94b3adf91502dd883507d469b4308a943bb3?s=96&d=mm&r=g\",\"caption\":\"Exaudi Redazione\"},\"description\":\"Che cosa \u00e8 Exaudi News? Exaudi News \u00e8 un agenzia cattolica internazionale che informa, istruisce e trasforma quotidianamente in spagnolo, inglese e italiano. Attraverso notizie, articoli di analisi e trasmissioni in diretta degli eventi del Papa, Exaudi cerca di rafforzare l'unit\u00e0 dei cristiani e di contribuire all'evangelizzazione del mondo, sempre guidato dalla dottrina sociale della Chiesa. Lavoriamo per portare la verit\u00e0 e i valori cristiani in ogni angolo del pianeta. Aiutaci a trasformare il mondo con Exaudi! Noi di Exaudi crediamo che l'evangelizzazione e l'informazione di qualit\u00e0 possano cambiare la vita. Per continuare la nostra missione ed espandere la nostra portata, abbiamo bisogno del tuo aiuto. Stiamo anche cercando persone motivate che vogliano unirsi al nostro team. Grazie al vostro sostegno raggiungeremo pi\u00f9 persone, diffonderemo il messaggio di Cristo e rafforzeremo l'unit\u00e0 dei cristiani. Vuoi unirti alla nostra missione? Per maggiori informazioni su come contribuire, visita Exaudi.org\\\/it o contattaci direttamente: info@exaudi.org Exaudi: informa, forma e trasforma.\",\"sameAs\":[\"https:\\\/\\\/www.facebook.com\\\/ExaudiNotizie\\\/\",\"https:\\\/\\\/www.instagram.com\\\/Exaudi_notizie\\\/\",\"https:\\\/\\\/x.com\\\/Exaudi_Notizie\",\"https:\\\/\\\/www.youtube.com\\\/@exaudicatholicnews\"],\"url\":\"https:\\\/\\\/exaudi.org\\\/it\\\/author\\\/dlvedi-org\\\/\"}]}<\/script>\n<!-- \/ Yoast SEO plugin. -->","yoast_head_json":{"title":"Polonia: Corteo dei Tre Magi da record. Coinvolte 900 localit\u00e0 &#8211; Exaudi","robots":{"index":"index","follow":"follow","max-snippet":"max-snippet:-1","max-image-preview":"max-image-preview:large","max-video-preview":"max-video-preview:-1"},"canonical":"https:\/\/exaudi.org\/it\/polonia-corteo-dei-tre-magi-da-record-coinvolte-900-localita\/","og_locale":"it_IT","og_type":"article","og_title":"Polonia: Corteo dei Tre Magi da record. Coinvolte 900 localit\u00e0 &#8211; Exaudi","og_description":"Rivolgo la mia benedizione ai partecipanti al grande corteo dei Re Magi che si svolge a Varsavia e in molte citt\u00e0 della Polonia \u2013 ha affermato Papa Francesco dopo la recita dell\u2019&#8221;Angelus&#8221;. Il 6 gennaio, nella solennit\u00e0 della Manifestazione del Signore, per le vie di circa 900 localit\u00e0 polacche ed anche al di fuori dei [&hellip;]","og_url":"https:\/\/exaudi.org\/it\/polonia-corteo-dei-tre-magi-da-record-coinvolte-900-localita\/","og_site_name":"Exaudi","article_publisher":"https:\/\/www.facebook.com\/ExaudiNews","article_author":"https:\/\/www.facebook.com\/ExaudiNotizie\/","article_published_time":"2024-01-06T17:30:00+00:00","og_image":[{"width":2560,"height":1888,"url":"https:\/\/exaudi.org\/wp-content\/uploads\/2024\/01\/Photo-1_S.-Amata-J.-Nowaszewska-scaled.jpg","type":"image\/jpeg"}],"author":"Exaudi Redazione","twitter_card":"summary_large_image","twitter_creator":"@Exaudi_Notizie","twitter_site":"@Exaudi_News","twitter_misc":{"Scritto da":"Exaudi Redazione","Tempo di lettura stimato":"2 minuti"},"schema":{"@context":"https:\/\/schema.org","@graph":[{"@type":"Article","@id":"https:\/\/exaudi.org\/it\/polonia-corteo-dei-tre-magi-da-record-coinvolte-900-localita\/#article","isPartOf":{"@id":"https:\/\/exaudi.org\/it\/polonia-corteo-dei-tre-magi-da-record-coinvolte-900-localita\/"},"author":{"name":"Exaudi Redazione","@id":"https:\/\/exaudi.org\/#\/schema\/person\/e1ab6ed07c01774724dd96f925f3a5f0"},"headline":"Polonia: Corteo dei Tre Magi da record. Coinvolte 900 localit\u00e0","datePublished":"2024-01-06T17:30:00+00:00","mainEntityOfPage":{"@id":"https:\/\/exaudi.org\/it\/polonia-corteo-dei-tre-magi-da-record-coinvolte-900-localita\/"},"wordCount":417,"image":{"@id":"https:\/\/exaudi.org\/it\/polonia-corteo-dei-tre-magi-da-record-coinvolte-900-localita\/#primaryimage"},"thumbnailUrl":"https:\/\/exaudi.org\/wp-content\/uploads\/2024\/01\/Photo-1_S.-Amata-J.-Nowaszewska-scaled.jpg","keywords":["Polonia","Tre agi","Trending"],"articleSection":["Chiesa e Mondo"],"inLanguage":"it-IT"},{"@type":"WebPage","@id":"https:\/\/exaudi.org\/it\/polonia-corteo-dei-tre-magi-da-record-coinvolte-900-localita\/","url":"https:\/\/exaudi.org\/it\/polonia-corteo-dei-tre-magi-da-record-coinvolte-900-localita\/","name":"Polonia: Corteo dei Tre Magi da record. Coinvolte 900 localit\u00e0 &#8211; Exaudi","isPartOf":{"@id":"https:\/\/exaudi.org\/#website"},"primaryImageOfPage":{"@id":"https:\/\/exaudi.org\/it\/polonia-corteo-dei-tre-magi-da-record-coinvolte-900-localita\/#primaryimage"},"image":{"@id":"https:\/\/exaudi.org\/it\/polonia-corteo-dei-tre-magi-da-record-coinvolte-900-localita\/#primaryimage"},"thumbnailUrl":"https:\/\/exaudi.org\/wp-content\/uploads\/2024\/01\/Photo-1_S.-Amata-J.-Nowaszewska-scaled.jpg","datePublished":"2024-01-06T17:30:00+00:00","author":{"@id":"https:\/\/exaudi.org\/#\/schema\/person\/e1ab6ed07c01774724dd96f925f3a5f0"},"breadcrumb":{"@id":"https:\/\/exaudi.org\/it\/polonia-corteo-dei-tre-magi-da-record-coinvolte-900-localita\/#breadcrumb"},"inLanguage":"it-IT","potentialAction":[{"@type":"ReadAction","target":["https:\/\/exaudi.org\/it\/polonia-corteo-dei-tre-magi-da-record-coinvolte-900-localita\/"]}]},{"@type":"ImageObject","inLanguage":"it-IT","@id":"https:\/\/exaudi.org\/it\/polonia-corteo-dei-tre-magi-da-record-coinvolte-900-localita\/#primaryimage","url":"https:\/\/exaudi.org\/wp-content\/uploads\/2024\/01\/Photo-1_S.-Amata-J.-Nowaszewska-scaled.jpg","contentUrl":"https:\/\/exaudi.org\/wp-content\/uploads\/2024\/01\/Photo-1_S.-Amata-J.-Nowaszewska-scaled.jpg","width":2560,"height":1888,"caption":"S. Amata J. Nowaszewska"},{"@type":"BreadcrumbList","@id":"https:\/\/exaudi.org\/it\/polonia-corteo-dei-tre-magi-da-record-coinvolte-900-localita\/#breadcrumb","itemListElement":[{"@type":"ListItem","position":1,"name":"Portada","item":"https:\/\/exaudi.org\/it\/"},{"@type":"ListItem","position":2,"name":"Polonia: Corteo dei Tre Magi da record. Coinvolte 900 localit\u00e0"}]},{"@type":"WebSite","@id":"https:\/\/exaudi.org\/#website","url":"https:\/\/exaudi.org\/","name":"Exaudi","description":"News","potentialAction":[{"@type":"SearchAction","target":{"@type":"EntryPoint","urlTemplate":"https:\/\/exaudi.org\/?s={search_term_string}"},"query-input":{"@type":"PropertyValueSpecification","valueRequired":true,"valueName":"search_term_string"}}],"inLanguage":"it-IT"},{"@type":"Person","@id":"https:\/\/exaudi.org\/#\/schema\/person\/e1ab6ed07c01774724dd96f925f3a5f0","name":"Exaudi Redazione","image":{"@type":"ImageObject","inLanguage":"it-IT","@id":"https:\/\/secure.gravatar.com\/avatar\/ad6774b3ada023bf5b939d64f45c94b3adf91502dd883507d469b4308a943bb3?s=96&d=mm&r=g","url":"https:\/\/secure.gravatar.com\/avatar\/ad6774b3ada023bf5b939d64f45c94b3adf91502dd883507d469b4308a943bb3?s=96&d=mm&r=g","contentUrl":"https:\/\/secure.gravatar.com\/avatar\/ad6774b3ada023bf5b939d64f45c94b3adf91502dd883507d469b4308a943bb3?s=96&d=mm&r=g","caption":"Exaudi Redazione"},"description":"Che cosa \u00e8 Exaudi News? Exaudi News \u00e8 un agenzia cattolica internazionale che informa, istruisce e trasforma quotidianamente in spagnolo, inglese e italiano. Attraverso notizie, articoli di analisi e trasmissioni in diretta degli eventi del Papa, Exaudi cerca di rafforzare l'unit\u00e0 dei cristiani e di contribuire all'evangelizzazione del mondo, sempre guidato dalla dottrina sociale della Chiesa. Lavoriamo per portare la verit\u00e0 e i valori cristiani in ogni angolo del pianeta. Aiutaci a trasformare il mondo con Exaudi! Noi di Exaudi crediamo che l'evangelizzazione e l'informazione di qualit\u00e0 possano cambiare la vita. Per continuare la nostra missione ed espandere la nostra portata, abbiamo bisogno del tuo aiuto. Stiamo anche cercando persone motivate che vogliano unirsi al nostro team. Grazie al vostro sostegno raggiungeremo pi\u00f9 persone, diffonderemo il messaggio di Cristo e rafforzeremo l'unit\u00e0 dei cristiani. Vuoi unirti alla nostra missione? Per maggiori informazioni su come contribuire, visita Exaudi.org\/it o contattaci direttamente: info@exaudi.org Exaudi: informa, forma e trasforma.","sameAs":["https:\/\/www.facebook.com\/ExaudiNotizie\/","https:\/\/www.instagram.com\/Exaudi_notizie\/","https:\/\/x.com\/Exaudi_Notizie","https:\/\/www.youtube.com\/@exaudicatholicnews"],"url":"https:\/\/exaudi.org\/it\/author\/dlvedi-org\/"}]}},"jetpack_featured_media_url":"https:\/\/exaudi.org\/wp-content\/uploads\/2024\/01\/Photo-1_S.-Amata-J.-Nowaszewska-scaled.jpg","jetpack_shortlink":"https:\/\/wp.me\/pgKjF2-nOM","_links":{"self":[{"href":"https:\/\/exaudi.org\/it\/wp-json\/wp\/v2\/posts\/91560","targetHints":{"allow":["GET"]}}],"collection":[{"href":"https:\/\/exaudi.org\/it\/wp-json\/wp\/v2\/posts"}],"about":[{"href":"https:\/\/exaudi.org\/it\/wp-json\/wp\/v2\/types\/post"}],"author":[{"embeddable":true,"href":"https:\/\/exaudi.org\/it\/wp-json\/wp\/v2\/users\/17"}],"replies":[{"embeddable":true,"href":"https:\/\/exaudi.org\/it\/wp-json\/wp\/v2\/comments?post=91560"}],"version-history":[{"count":0,"href":"https:\/\/exaudi.org\/it\/wp-json\/wp\/v2\/posts\/91560\/revisions"}],"wp:featuredmedia":[{"embeddable":true,"href":"https:\/\/exaudi.org\/it\/wp-json\/wp\/v2\/media\/91558"}],"wp:attachment":[{"href":"https:\/\/exaudi.org\/it\/wp-json\/wp\/v2\/media?parent=91560"}],"wp:term":[{"taxonomy":"category","embeddable":true,"href":"https:\/\/exaudi.org\/it\/wp-json\/wp\/v2\/categories?post=91560"},{"taxonomy":"post_tag","embeddable":true,"href":"https:\/\/exaudi.org\/it\/wp-json\/wp\/v2\/tags?post=91560"}],"curies":[{"name":"wp","href":"https:\/\/api.w.org\/{rel}","templated":true}]}}