{"id":91461,"date":"2024-01-04T19:55:22","date_gmt":"2024-01-04T18:55:22","guid":{"rendered":"https:\/\/exaudi.org\/?p=91461"},"modified":"2024-01-04T19:55:22","modified_gmt":"2024-01-04T18:55:22","slug":"camminare-nella-fede-comunicatori-cattolici-nella-societa-e-nella-chiesa","status":"publish","type":"post","link":"https:\/\/exaudi.org\/it\/camminare-nella-fede-comunicatori-cattolici-nella-societa-e-nella-chiesa\/","title":{"rendered":"&#8220;Camminare nella fede: comunicatori cattolici nella societ\u00e0 e nella Chiesa&#8221;"},"content":{"rendered":"<p>La comunicazione, in questi giorni segnati da fake news e dichiarazioni provocatorie, si pone come un faro di speranza. Pertanto, come difensori della fede e portatori di un messaggio di pace, \u00e8 fondamentale sostenere il disarmo del linguaggio. Dobbiamo essere costruttori di ponti, disposti all&#8217;ascolto e a impegnarci in una comunicazione rispettosa, modellando cos\u00ec una comunicazione \u201cgentile e profetica\u201d, come ho sapientemente espresso nella LVII Giornata Mondiale delle Comunicazioni Sociali.<\/p>\n<p>Questa mattina, nel Palazzo Apostolico Vaticano, il Santo Padre Francesco ha ricevuto in Udienza una Delegazione della Societ\u00e0 dei Pubblicisti Cattolici della Germania (Gesellschaft Katholischer Publizisten Deutschlands) nel 75\u00b0 anniversario della fondazione.<\/p>\n<p>Pubblichiamo di seguito il testo del discorso che era stato preparato dal Papa per l\u2019occasione e che \u00e8 stato consegnato ai presenti:<\/p>\n<div class=\"testo\">\n<div class=\"text parbase vaticanrichtext\">\n<h3><b>Parole a braccio<\/b><\/h3>\n<p>Cari fratelli e sorelle, buongiorno\u00a0e benvenuti!<\/p>\n<p>Sono contento di accogliere voi, giornalisti tedeschi, che siete riuniti nella\u00a0<i>Gesellschaft katholischer Publizisten Deutschlands.<\/i>\u00a0Benvenuti qui tutti! Voi avete tra le mani il\u00a0<a href=\"https:\/\/www.vatican.va\/content\/francesco\/it\/speeches\/2024\/january\/documents\/20240104-giornalisti-cattolici-tedeschi.html#Cari\">discorso che devo dire<\/a>, lo avete nella vostra lingua. Io consegner\u00f2 l\u2019originale italiano. E vi ringrazio, ringrazio per il vostro lavoro che non \u00e8 facile, il lavoro di giornalista, \u00e8 una cosa bella il comunicare. Auguro per tutti voi il meglio. Mi piacerebbe salutarvi adesso, e vi chiedo di pregare per me.\u00a0<i>Betet f\u00fcr mich, bitte! Diese Arbeit ist nicht einfach, nicht. Betet f\u00fcr mich. Aber betet \u201cf\u00fcr\u201d, nicht gegen. Vielen Dank f\u00fcr alles. Gott segne euch<\/i>.<\/p>\n<p>________________________________<\/p>\n<p><strong>Discorso del Santo Padre<\/strong><i><a name=\"Cari\"><\/a>Cari fratelli e sorelle, buongiorno e benvenuti!<\/i><\/p>\n<p>Grazie di essere venuti a Roma per celebrare il 75\u00b0 anniversario della vostra associazione. La\u00a0<i>Gesellschaft katholischer Publizisten Deutschlands<\/i>\u00a0riunisce professionisti cattolici dei\u00a0<i>media<\/i>, provenienti da vari settori, ecclesiali e civili. La comunicazione aiuta ad essere, come dice l\u2019Apostolo Paolo, \u00abmembra gli uni degli altri\u00bb (<i>Ef<\/i>\u00a04,25), chiamati a vivere in comunione all\u2019interno di una rete di relazioni in continua espansione. Ci\u00f2 \u00e8 essenziale nella Chiesa, dove il legame con l\u2019universalit\u00e0 si sviluppa e si armonizza in modo particolare attraverso il ministero del successore di Pietro.<\/p>\n<p>La vostra Associazione si propone l\u2019impegno per l\u2019ecumenismo, il dialogo interreligioso e anche per la difesa della pace, della libert\u00e0 e della dignit\u00e0 umana. Sono obiettivi quanto mai attuali! Quanti conflitti oggi, anzich\u00e9 essere estinti dal dialogo, sono alimentati da notizie false o da dichiarazioni incendiarie che passano attraverso i\u00a0<i>media<\/i>! Perci\u00f2 \u00e8 ancora pi\u00f9 importante che voi, forti delle vostre radici cristiane e della fede quotidianamente vissuta, \u201csmilitarizzati\u201d nel cuore dal Vangelo, sosteniate\u00a0<i>il disarmo del linguaggio<\/i>. Questo \u00e8 fondamentale: favorire toni di pace e di comprensione, costruire ponti, essere disponibili all\u2019ascolto, esercitare una comunicazione rispettosa verso l\u2019altro e le sue ragioni. C\u2019\u00e8 un bisogno urgente di questo nella societ\u00e0, ma anche la Chiesa necessita di una comunicazione \u00abgentile e al contempo profetica\u00bb (<i><a href=\"https:\/\/www.vatican.va\/content\/francesco\/it\/messages\/communications\/documents\/20230124-messaggio-comunicazioni-sociali.html\">Messaggio per la LVII Giornata mondiale delle comunicazioni sociali<\/a><\/i>, 24 gennaio 2023).<\/p>\n<p>La Chiesa in Germania ha intrapreso un cammino sinodale, sul quale ho scritto una lettera nel 2019, che auspico sia pi\u00f9 conosciuta, meditata e attuata, in quanto esprime due aspetti che ritengo fondamentali per non smarrirsi. Anzitutto la cura della\u00a0<i>dimensione spirituale<\/i>, ovvero il concreto e costante adeguamento al Vangelo e non ai modelli del mondo, riscoprendo la conversione personale e comunitaria attraverso i Sacramenti e la preghiera, la docilit\u00e0 allo Spirito Santo e non allo spirito del tempo. E poi la\u00a0<i>dimensione universale<\/i>, cattolica, per non concepire la vita di fede come qualcosa di relativo solo al proprio ambito culturale e nazionale. Fa bene, da questo punto di vista, la partecipazione al processo sinodale universale. I comunicatori cattolici hanno un ruolo prezioso da svolgere in tali situazioni: fornendo informazioni corrette, possono contribuire a chiarire malintesi e soprattutto ad evitare che essi sorgano, aiutando la comprensione reciproca e non le contrapposizioni.<\/p>\n<p>In ogni caso, \u00e8 importante non avere un atteggiamento introverso, ma \u201cuscire\u201d per portare il messaggio cristiano in ogni ambito della vita, utilizzando i mezzi e le possibilit\u00e0 oggi a disposizione. Una Chiesa che si occupa principalmente di s\u00e9 stessa si ammala di autoreferenzialit\u00e0. La Chiesa, invece, \u00e8 missione, e i comunicatori cattolici non possono non coinvolgersi e rimanere, per cos\u00ec dire, \u201cneutrali\u201d rispetto al messaggio che trasmettono. Mi piace ricordare, in proposito, che \u00abla neutralit\u00e0 dei\u00a0<i>media<\/i>\u00a0\u00e8 solo apparente: solo chi comunica mettendo in gioco s\u00e9 stesso pu\u00f2 rappresentare un punto di riferimento\u00bb\u00a0(<i><a href=\"https:\/\/www.vatican.va\/content\/francesco\/it\/messages\/communications\/documents\/papa-francesco_20140124_messaggio-comunicazioni-sociali.html\">Messaggio per la XLVIII Giornata mondiale delle comunicazioni sociali<\/a><\/i>, 24 gennaio 2014).<\/p>\n<p>Carissimi, voi provenite da un Paese prospero e sviluppato, ma anche l\u00ec si trovano, a volte nascosti, non pochi disagi. Penso al fenomeno della povert\u00e0 infantile, a famiglie che non sanno come pagare le bollette e alla situazione di tanti migranti e rifugiati, che la Germania ha accolto in gran numero. L\u00ec il Dio dell\u2019amore aspetta la buona notizia della nostra carit\u00e0: attende cristiani che escano e vadano verso le persone che stanno ai margini. E per questo c\u2019\u00e8 bisogno anche di comunicatori che diano risalto alle storie e ai volti di coloro a cui pochi o nessuno prestano attenzione. Quando comunicate, dunque, pensate sempre ai volti delle persone, specialmente dei poveri e dei semplici, e partite da loro, dalla loro realt\u00e0, dai loro drammi e dalle loro speranze, anche se farlo vuol dire andare controcorrente, e consumare le suole delle scarpe!<\/p>\n<p>Sorelle e fratelli, vi ringrazio per la vostra presenza e per il vostro lavoro. Vi benedico di cuore. E voi, per favore, non dimenticatevi di pregare per me.<\/p>\n<\/div>\n<\/div>\n","protected":false},"excerpt":{"rendered":"<p>Udienza a una Delegazione della Societ\u00e0 dei Pubblicisti Cattolici della Germania<\/p>\n","protected":false},"author":17,"featured_media":91462,"comment_status":"closed","ping_status":"closed","sticky":false,"template":"","format":"standard","meta":{"_acf_changed":false,"_crdt_document":"","inline_featured_image":false,"footnotes":""},"categories":[123,67],"tags":[11876,6596,251,11877,4952,1843],"class_list":["post-91461","post","type-post","status-publish","format-standard","has-post-thumbnail","hentry","category-discorsi","category-leone-xiv","tag-cattolici","tag-germania","tag-papa-francesco","tag-pubblicisti","tag-trending-it","tag-udienza"],"acf":[],"yoast_head":"<!-- This site is optimized with the Yoast SEO plugin v27.5 - https:\/\/yoast.com\/product\/yoast-seo-wordpress\/ -->\n<title>&quot;Camminare nella fede: comunicatori cattolici nella societ\u00e0 e nella Chiesa&quot; &#8211; Exaudi<\/title>\n<meta name=\"robots\" content=\"index, follow, max-snippet:-1, max-image-preview:large, max-video-preview:-1\" \/>\n<link rel=\"canonical\" href=\"https:\/\/exaudi.org\/it\/camminare-nella-fede-comunicatori-cattolici-nella-societa-e-nella-chiesa\/\" \/>\n<meta property=\"og:locale\" content=\"it_IT\" \/>\n<meta property=\"og:type\" content=\"article\" \/>\n<meta property=\"og:title\" content=\"&quot;Camminare nella fede: comunicatori cattolici nella societ\u00e0 e nella Chiesa&quot; &#8211; Exaudi\" \/>\n<meta property=\"og:description\" content=\"Udienza a una Delegazione della Societ\u00e0 dei Pubblicisti Cattolici della Germania\" \/>\n<meta property=\"og:url\" content=\"https:\/\/exaudi.org\/it\/camminare-nella-fede-comunicatori-cattolici-nella-societa-e-nella-chiesa\/\" \/>\n<meta property=\"og:site_name\" content=\"Exaudi\" \/>\n<meta property=\"article:publisher\" content=\"https:\/\/www.facebook.com\/ExaudiNews\" \/>\n<meta property=\"article:author\" content=\"https:\/\/www.facebook.com\/ExaudiNotizie\/\" \/>\n<meta property=\"article:published_time\" content=\"2024-01-04T18:55:22+00:00\" \/>\n<meta property=\"og:image\" content=\"https:\/\/exaudi.org\/wp-content\/uploads\/2024\/01\/cq5dam.web_.800.800-3.jpeg\" \/>\n\t<meta property=\"og:image:width\" content=\"800\" \/>\n\t<meta property=\"og:image:height\" content=\"533\" \/>\n\t<meta property=\"og:image:type\" content=\"image\/jpeg\" \/>\n<meta name=\"author\" content=\"Exaudi Redazione\" \/>\n<meta name=\"twitter:card\" content=\"summary_large_image\" \/>\n<meta name=\"twitter:creator\" content=\"@Exaudi_Notizie\" \/>\n<meta name=\"twitter:site\" content=\"@Exaudi_News\" \/>\n<meta name=\"twitter:label1\" content=\"Scritto da\" \/>\n\t<meta name=\"twitter:data1\" content=\"Exaudi Redazione\" \/>\n\t<meta name=\"twitter:label2\" content=\"Tempo di lettura stimato\" \/>\n\t<meta name=\"twitter:data2\" content=\"4 minuti\" \/>\n<script type=\"application\/ld+json\" class=\"yoast-schema-graph\">{\"@context\":\"https:\\\/\\\/schema.org\",\"@graph\":[{\"@type\":\"Article\",\"@id\":\"https:\\\/\\\/exaudi.org\\\/it\\\/camminare-nella-fede-comunicatori-cattolici-nella-societa-e-nella-chiesa\\\/#article\",\"isPartOf\":{\"@id\":\"https:\\\/\\\/exaudi.org\\\/it\\\/camminare-nella-fede-comunicatori-cattolici-nella-societa-e-nella-chiesa\\\/\"},\"author\":{\"name\":\"Exaudi Redazione\",\"@id\":\"https:\\\/\\\/exaudi.org\\\/#\\\/schema\\\/person\\\/e1ab6ed07c01774724dd96f925f3a5f0\"},\"headline\":\"&#8220;Camminare nella fede: comunicatori cattolici nella societ\u00e0 e nella Chiesa&#8221;\",\"datePublished\":\"2024-01-04T18:55:22+00:00\",\"mainEntityOfPage\":{\"@id\":\"https:\\\/\\\/exaudi.org\\\/it\\\/camminare-nella-fede-comunicatori-cattolici-nella-societa-e-nella-chiesa\\\/\"},\"wordCount\":903,\"image\":{\"@id\":\"https:\\\/\\\/exaudi.org\\\/it\\\/camminare-nella-fede-comunicatori-cattolici-nella-societa-e-nella-chiesa\\\/#primaryimage\"},\"thumbnailUrl\":\"https:\\\/\\\/exaudi.org\\\/wp-content\\\/uploads\\\/2024\\\/01\\\/cq5dam.web_.800.800-3.jpeg\",\"keywords\":[\"Cattolici\",\"Germania\",\"Papa Francesco\",\"Pubblicisti\",\"Trending\",\"udienza\"],\"articleSection\":[\"Discorsi\",\"Leone XIV\"],\"inLanguage\":\"it-IT\"},{\"@type\":\"WebPage\",\"@id\":\"https:\\\/\\\/exaudi.org\\\/it\\\/camminare-nella-fede-comunicatori-cattolici-nella-societa-e-nella-chiesa\\\/\",\"url\":\"https:\\\/\\\/exaudi.org\\\/it\\\/camminare-nella-fede-comunicatori-cattolici-nella-societa-e-nella-chiesa\\\/\",\"name\":\"\\\"Camminare nella fede: comunicatori cattolici nella societ\u00e0 e nella Chiesa\\\" &#8211; Exaudi\",\"isPartOf\":{\"@id\":\"https:\\\/\\\/exaudi.org\\\/#website\"},\"primaryImageOfPage\":{\"@id\":\"https:\\\/\\\/exaudi.org\\\/it\\\/camminare-nella-fede-comunicatori-cattolici-nella-societa-e-nella-chiesa\\\/#primaryimage\"},\"image\":{\"@id\":\"https:\\\/\\\/exaudi.org\\\/it\\\/camminare-nella-fede-comunicatori-cattolici-nella-societa-e-nella-chiesa\\\/#primaryimage\"},\"thumbnailUrl\":\"https:\\\/\\\/exaudi.org\\\/wp-content\\\/uploads\\\/2024\\\/01\\\/cq5dam.web_.800.800-3.jpeg\",\"datePublished\":\"2024-01-04T18:55:22+00:00\",\"author\":{\"@id\":\"https:\\\/\\\/exaudi.org\\\/#\\\/schema\\\/person\\\/e1ab6ed07c01774724dd96f925f3a5f0\"},\"breadcrumb\":{\"@id\":\"https:\\\/\\\/exaudi.org\\\/it\\\/camminare-nella-fede-comunicatori-cattolici-nella-societa-e-nella-chiesa\\\/#breadcrumb\"},\"inLanguage\":\"it-IT\",\"potentialAction\":[{\"@type\":\"ReadAction\",\"target\":[\"https:\\\/\\\/exaudi.org\\\/it\\\/camminare-nella-fede-comunicatori-cattolici-nella-societa-e-nella-chiesa\\\/\"]}]},{\"@type\":\"ImageObject\",\"inLanguage\":\"it-IT\",\"@id\":\"https:\\\/\\\/exaudi.org\\\/it\\\/camminare-nella-fede-comunicatori-cattolici-nella-societa-e-nella-chiesa\\\/#primaryimage\",\"url\":\"https:\\\/\\\/exaudi.org\\\/wp-content\\\/uploads\\\/2024\\\/01\\\/cq5dam.web_.800.800-3.jpeg\",\"contentUrl\":\"https:\\\/\\\/exaudi.org\\\/wp-content\\\/uploads\\\/2024\\\/01\\\/cq5dam.web_.800.800-3.jpeg\",\"width\":800,\"height\":533,\"caption\":\"Vatican Media\"},{\"@type\":\"BreadcrumbList\",\"@id\":\"https:\\\/\\\/exaudi.org\\\/it\\\/camminare-nella-fede-comunicatori-cattolici-nella-societa-e-nella-chiesa\\\/#breadcrumb\",\"itemListElement\":[{\"@type\":\"ListItem\",\"position\":1,\"name\":\"Portada\",\"item\":\"https:\\\/\\\/exaudi.org\\\/it\\\/\"},{\"@type\":\"ListItem\",\"position\":2,\"name\":\"&#8220;Camminare nella fede: comunicatori cattolici nella societ\u00e0 e nella Chiesa&#8221;\"}]},{\"@type\":\"WebSite\",\"@id\":\"https:\\\/\\\/exaudi.org\\\/#website\",\"url\":\"https:\\\/\\\/exaudi.org\\\/\",\"name\":\"Exaudi\",\"description\":\"News\",\"potentialAction\":[{\"@type\":\"SearchAction\",\"target\":{\"@type\":\"EntryPoint\",\"urlTemplate\":\"https:\\\/\\\/exaudi.org\\\/?s={search_term_string}\"},\"query-input\":{\"@type\":\"PropertyValueSpecification\",\"valueRequired\":true,\"valueName\":\"search_term_string\"}}],\"inLanguage\":\"it-IT\"},{\"@type\":\"Person\",\"@id\":\"https:\\\/\\\/exaudi.org\\\/#\\\/schema\\\/person\\\/e1ab6ed07c01774724dd96f925f3a5f0\",\"name\":\"Exaudi Redazione\",\"image\":{\"@type\":\"ImageObject\",\"inLanguage\":\"it-IT\",\"@id\":\"https:\\\/\\\/secure.gravatar.com\\\/avatar\\\/ad6774b3ada023bf5b939d64f45c94b3adf91502dd883507d469b4308a943bb3?s=96&d=mm&r=g\",\"url\":\"https:\\\/\\\/secure.gravatar.com\\\/avatar\\\/ad6774b3ada023bf5b939d64f45c94b3adf91502dd883507d469b4308a943bb3?s=96&d=mm&r=g\",\"contentUrl\":\"https:\\\/\\\/secure.gravatar.com\\\/avatar\\\/ad6774b3ada023bf5b939d64f45c94b3adf91502dd883507d469b4308a943bb3?s=96&d=mm&r=g\",\"caption\":\"Exaudi Redazione\"},\"description\":\"Che cosa \u00e8 Exaudi News? Exaudi News \u00e8 un agenzia cattolica internazionale che informa, istruisce e trasforma quotidianamente in spagnolo, inglese e italiano. Attraverso notizie, articoli di analisi e trasmissioni in diretta degli eventi del Papa, Exaudi cerca di rafforzare l'unit\u00e0 dei cristiani e di contribuire all'evangelizzazione del mondo, sempre guidato dalla dottrina sociale della Chiesa. Lavoriamo per portare la verit\u00e0 e i valori cristiani in ogni angolo del pianeta. Aiutaci a trasformare il mondo con Exaudi! Noi di Exaudi crediamo che l'evangelizzazione e l'informazione di qualit\u00e0 possano cambiare la vita. Per continuare la nostra missione ed espandere la nostra portata, abbiamo bisogno del tuo aiuto. Stiamo anche cercando persone motivate che vogliano unirsi al nostro team. Grazie al vostro sostegno raggiungeremo pi\u00f9 persone, diffonderemo il messaggio di Cristo e rafforzeremo l'unit\u00e0 dei cristiani. Vuoi unirti alla nostra missione? Per maggiori informazioni su come contribuire, visita Exaudi.org\\\/it o contattaci direttamente: info@exaudi.org Exaudi: informa, forma e trasforma.\",\"sameAs\":[\"https:\\\/\\\/www.facebook.com\\\/ExaudiNotizie\\\/\",\"https:\\\/\\\/www.instagram.com\\\/Exaudi_notizie\\\/\",\"https:\\\/\\\/x.com\\\/Exaudi_Notizie\",\"https:\\\/\\\/www.youtube.com\\\/@exaudicatholicnews\"],\"url\":\"https:\\\/\\\/exaudi.org\\\/it\\\/author\\\/dlvedi-org\\\/\"}]}<\/script>\n<!-- \/ Yoast SEO plugin. -->","yoast_head_json":{"title":"\"Camminare nella fede: comunicatori cattolici nella societ\u00e0 e nella Chiesa\" &#8211; Exaudi","robots":{"index":"index","follow":"follow","max-snippet":"max-snippet:-1","max-image-preview":"max-image-preview:large","max-video-preview":"max-video-preview:-1"},"canonical":"https:\/\/exaudi.org\/it\/camminare-nella-fede-comunicatori-cattolici-nella-societa-e-nella-chiesa\/","og_locale":"it_IT","og_type":"article","og_title":"\"Camminare nella fede: comunicatori cattolici nella societ\u00e0 e nella Chiesa\" &#8211; Exaudi","og_description":"Udienza a una Delegazione della Societ\u00e0 dei Pubblicisti Cattolici della Germania","og_url":"https:\/\/exaudi.org\/it\/camminare-nella-fede-comunicatori-cattolici-nella-societa-e-nella-chiesa\/","og_site_name":"Exaudi","article_publisher":"https:\/\/www.facebook.com\/ExaudiNews","article_author":"https:\/\/www.facebook.com\/ExaudiNotizie\/","article_published_time":"2024-01-04T18:55:22+00:00","og_image":[{"width":800,"height":533,"url":"https:\/\/exaudi.org\/wp-content\/uploads\/2024\/01\/cq5dam.web_.800.800-3.jpeg","type":"image\/jpeg"}],"author":"Exaudi Redazione","twitter_card":"summary_large_image","twitter_creator":"@Exaudi_Notizie","twitter_site":"@Exaudi_News","twitter_misc":{"Scritto da":"Exaudi Redazione","Tempo di lettura stimato":"4 minuti"},"schema":{"@context":"https:\/\/schema.org","@graph":[{"@type":"Article","@id":"https:\/\/exaudi.org\/it\/camminare-nella-fede-comunicatori-cattolici-nella-societa-e-nella-chiesa\/#article","isPartOf":{"@id":"https:\/\/exaudi.org\/it\/camminare-nella-fede-comunicatori-cattolici-nella-societa-e-nella-chiesa\/"},"author":{"name":"Exaudi Redazione","@id":"https:\/\/exaudi.org\/#\/schema\/person\/e1ab6ed07c01774724dd96f925f3a5f0"},"headline":"&#8220;Camminare nella fede: comunicatori cattolici nella societ\u00e0 e nella Chiesa&#8221;","datePublished":"2024-01-04T18:55:22+00:00","mainEntityOfPage":{"@id":"https:\/\/exaudi.org\/it\/camminare-nella-fede-comunicatori-cattolici-nella-societa-e-nella-chiesa\/"},"wordCount":903,"image":{"@id":"https:\/\/exaudi.org\/it\/camminare-nella-fede-comunicatori-cattolici-nella-societa-e-nella-chiesa\/#primaryimage"},"thumbnailUrl":"https:\/\/exaudi.org\/wp-content\/uploads\/2024\/01\/cq5dam.web_.800.800-3.jpeg","keywords":["Cattolici","Germania","Papa Francesco","Pubblicisti","Trending","udienza"],"articleSection":["Discorsi","Leone XIV"],"inLanguage":"it-IT"},{"@type":"WebPage","@id":"https:\/\/exaudi.org\/it\/camminare-nella-fede-comunicatori-cattolici-nella-societa-e-nella-chiesa\/","url":"https:\/\/exaudi.org\/it\/camminare-nella-fede-comunicatori-cattolici-nella-societa-e-nella-chiesa\/","name":"\"Camminare nella fede: comunicatori cattolici nella societ\u00e0 e nella Chiesa\" &#8211; Exaudi","isPartOf":{"@id":"https:\/\/exaudi.org\/#website"},"primaryImageOfPage":{"@id":"https:\/\/exaudi.org\/it\/camminare-nella-fede-comunicatori-cattolici-nella-societa-e-nella-chiesa\/#primaryimage"},"image":{"@id":"https:\/\/exaudi.org\/it\/camminare-nella-fede-comunicatori-cattolici-nella-societa-e-nella-chiesa\/#primaryimage"},"thumbnailUrl":"https:\/\/exaudi.org\/wp-content\/uploads\/2024\/01\/cq5dam.web_.800.800-3.jpeg","datePublished":"2024-01-04T18:55:22+00:00","author":{"@id":"https:\/\/exaudi.org\/#\/schema\/person\/e1ab6ed07c01774724dd96f925f3a5f0"},"breadcrumb":{"@id":"https:\/\/exaudi.org\/it\/camminare-nella-fede-comunicatori-cattolici-nella-societa-e-nella-chiesa\/#breadcrumb"},"inLanguage":"it-IT","potentialAction":[{"@type":"ReadAction","target":["https:\/\/exaudi.org\/it\/camminare-nella-fede-comunicatori-cattolici-nella-societa-e-nella-chiesa\/"]}]},{"@type":"ImageObject","inLanguage":"it-IT","@id":"https:\/\/exaudi.org\/it\/camminare-nella-fede-comunicatori-cattolici-nella-societa-e-nella-chiesa\/#primaryimage","url":"https:\/\/exaudi.org\/wp-content\/uploads\/2024\/01\/cq5dam.web_.800.800-3.jpeg","contentUrl":"https:\/\/exaudi.org\/wp-content\/uploads\/2024\/01\/cq5dam.web_.800.800-3.jpeg","width":800,"height":533,"caption":"Vatican Media"},{"@type":"BreadcrumbList","@id":"https:\/\/exaudi.org\/it\/camminare-nella-fede-comunicatori-cattolici-nella-societa-e-nella-chiesa\/#breadcrumb","itemListElement":[{"@type":"ListItem","position":1,"name":"Portada","item":"https:\/\/exaudi.org\/it\/"},{"@type":"ListItem","position":2,"name":"&#8220;Camminare nella fede: comunicatori cattolici nella societ\u00e0 e nella Chiesa&#8221;"}]},{"@type":"WebSite","@id":"https:\/\/exaudi.org\/#website","url":"https:\/\/exaudi.org\/","name":"Exaudi","description":"News","potentialAction":[{"@type":"SearchAction","target":{"@type":"EntryPoint","urlTemplate":"https:\/\/exaudi.org\/?s={search_term_string}"},"query-input":{"@type":"PropertyValueSpecification","valueRequired":true,"valueName":"search_term_string"}}],"inLanguage":"it-IT"},{"@type":"Person","@id":"https:\/\/exaudi.org\/#\/schema\/person\/e1ab6ed07c01774724dd96f925f3a5f0","name":"Exaudi Redazione","image":{"@type":"ImageObject","inLanguage":"it-IT","@id":"https:\/\/secure.gravatar.com\/avatar\/ad6774b3ada023bf5b939d64f45c94b3adf91502dd883507d469b4308a943bb3?s=96&d=mm&r=g","url":"https:\/\/secure.gravatar.com\/avatar\/ad6774b3ada023bf5b939d64f45c94b3adf91502dd883507d469b4308a943bb3?s=96&d=mm&r=g","contentUrl":"https:\/\/secure.gravatar.com\/avatar\/ad6774b3ada023bf5b939d64f45c94b3adf91502dd883507d469b4308a943bb3?s=96&d=mm&r=g","caption":"Exaudi Redazione"},"description":"Che cosa \u00e8 Exaudi News? Exaudi News \u00e8 un agenzia cattolica internazionale che informa, istruisce e trasforma quotidianamente in spagnolo, inglese e italiano. Attraverso notizie, articoli di analisi e trasmissioni in diretta degli eventi del Papa, Exaudi cerca di rafforzare l'unit\u00e0 dei cristiani e di contribuire all'evangelizzazione del mondo, sempre guidato dalla dottrina sociale della Chiesa. Lavoriamo per portare la verit\u00e0 e i valori cristiani in ogni angolo del pianeta. Aiutaci a trasformare il mondo con Exaudi! Noi di Exaudi crediamo che l'evangelizzazione e l'informazione di qualit\u00e0 possano cambiare la vita. Per continuare la nostra missione ed espandere la nostra portata, abbiamo bisogno del tuo aiuto. Stiamo anche cercando persone motivate che vogliano unirsi al nostro team. Grazie al vostro sostegno raggiungeremo pi\u00f9 persone, diffonderemo il messaggio di Cristo e rafforzeremo l'unit\u00e0 dei cristiani. Vuoi unirti alla nostra missione? Per maggiori informazioni su come contribuire, visita Exaudi.org\/it o contattaci direttamente: info@exaudi.org Exaudi: informa, forma e trasforma.","sameAs":["https:\/\/www.facebook.com\/ExaudiNotizie\/","https:\/\/www.instagram.com\/Exaudi_notizie\/","https:\/\/x.com\/Exaudi_Notizie","https:\/\/www.youtube.com\/@exaudicatholicnews"],"url":"https:\/\/exaudi.org\/it\/author\/dlvedi-org\/"}]}},"jetpack_featured_media_url":"https:\/\/exaudi.org\/wp-content\/uploads\/2024\/01\/cq5dam.web_.800.800-3.jpeg","jetpack_shortlink":"https:\/\/wp.me\/pgKjF2-nNb","_links":{"self":[{"href":"https:\/\/exaudi.org\/it\/wp-json\/wp\/v2\/posts\/91461","targetHints":{"allow":["GET"]}}],"collection":[{"href":"https:\/\/exaudi.org\/it\/wp-json\/wp\/v2\/posts"}],"about":[{"href":"https:\/\/exaudi.org\/it\/wp-json\/wp\/v2\/types\/post"}],"author":[{"embeddable":true,"href":"https:\/\/exaudi.org\/it\/wp-json\/wp\/v2\/users\/17"}],"replies":[{"embeddable":true,"href":"https:\/\/exaudi.org\/it\/wp-json\/wp\/v2\/comments?post=91461"}],"version-history":[{"count":0,"href":"https:\/\/exaudi.org\/it\/wp-json\/wp\/v2\/posts\/91461\/revisions"}],"wp:featuredmedia":[{"embeddable":true,"href":"https:\/\/exaudi.org\/it\/wp-json\/wp\/v2\/media\/91462"}],"wp:attachment":[{"href":"https:\/\/exaudi.org\/it\/wp-json\/wp\/v2\/media?parent=91461"}],"wp:term":[{"taxonomy":"category","embeddable":true,"href":"https:\/\/exaudi.org\/it\/wp-json\/wp\/v2\/categories?post=91461"},{"taxonomy":"post_tag","embeddable":true,"href":"https:\/\/exaudi.org\/it\/wp-json\/wp\/v2\/tags?post=91461"}],"curies":[{"name":"wp","href":"https:\/\/api.w.org\/{rel}","templated":true}]}}