{"id":91442,"date":"2024-01-04T17:50:47","date_gmt":"2024-01-04T16:50:47","guid":{"rendered":"https:\/\/exaudi.org\/?p=91442"},"modified":"2024-01-04T17:50:47","modified_gmt":"2024-01-04T16:50:47","slug":"la-religione-cattolica-favorisce-la-pace","status":"publish","type":"post","link":"https:\/\/exaudi.org\/it\/la-religione-cattolica-favorisce-la-pace\/","title":{"rendered":"La religione cattolica favorisce la pace"},"content":{"rendered":"<p>Il <a href=\"https:\/\/exaudi.org\/es\/author\/josepmariamontiudenuix\/\">sacerdote e dottore in Filosofia Jos\u00e9 Mar\u00eda Montiu de Nuix<\/a> propone ai lettori di Exaudi questo articolo sulla guerra e la pace nel mondo.<\/p>\n<p>***<\/p>\n<p>Vista la guerra tra Israele e Palestinesi, quella in Ucraina, e tante altre, uno dei temi pi\u00f9 attuali \u00e8 senza dubbio quello della guerra e della pace nel mondo.<\/p>\n<p>Quando gli esseri umani si allontanano da Dio, passano un brutto momento. L\u2019uomo \u00e8 costitutivamente un essere per Dio. Solo con Dio puoi essere felice. Ci hai fatti, Signore, per Te, e il nostro cuore sar\u00e0 inquieto finch\u00e9 non riposer\u00e0 in Te. Il bene dell&#8217;uomo \u00e8 Dio. La societ\u00e0 gode di maggiore armonia quanto pi\u00f9 \u00e8 vicina a Dio. Poich\u00e9 Dio \u00e8 amore, contribuisce molto alla pace. Quando la societ\u00e0 si separa da Dio, le cose peggiorano molto. Se ci si allontana da Dio, i delitti, anche quelli pi\u00f9 gravi, aumentano moltissimo. La Seconda Guerra Mondiale \u00e8 stata il frutto della resa dell\u2019uomo ad una libert\u00e0 indipendente da Dio. Insomma, che ci sia pace o guerra \u00e8 qualcosa che \u00e8 strettamente legato al nostro rapporto con Dio.<\/p>\n<p>Ora, in questo stesso paragrafo, espongo un ragionamento comune e falso. Credere nel cattolicesimo \u00e8 qualcosa che ti rende \u201cdiverso\u201d da chi appartiene ad altre confessioni religiose e dai non credenti. Ma, secondo alcuni, ci\u00f2 che \u201cdifferenzia\u201d \u201cdivide\u201d. E ci\u00f2 che \u201cdivide\u201d non d\u00e0 \u201cpace\u201d. Pertanto la religione cattolica non contribuisce alla pace. Ma, sul \u201cmotivo\u201d, sono tutti d\u2019accordo. E dove c\u2019\u00e8 \u201ccoincidenza\u201d, c\u2019\u00e8 \u201cunione\u201d. Ma \u201cl\u2019unione\u201d contribuisce alla \u201cpace\u201d. Quindi, perch\u00e9 ci sia la pace, invece di una religione cattolica, deve esserci una religione nuova e universale, fatta di sola ragione, che realizzi l\u2019alleanza dell\u2019umanit\u00e0.<\/p>\n<p>Si noti, a questo proposito, che una costruzione etica che fosse fatta della sola ragione, della sola vera ragione, e che, da sola, guidasse la vita dell&#8217;individuo e della societ\u00e0, poteva, tutt&#8217;al pi\u00f9, essere compresa e accettata da un minoranza intellettuale molto piccola e molto selezionata, ma mai dalla maggioranza delle persone. Non servirebbe, quindi, come guida per l\u2019Umanit\u00e0.<\/p>\n<p>Inoltre, i sostenitori di questa religione, fatta di sola ragione, dovrebbero rispondere alla seguente domanda: questa ragione \u00e8 la \u201cloro\u201d ragione, il modo di pensare della loro corrente ideologica, una falsa ragione, oppure \u00e8 \u201cla\u201d vera ragione? ? Questa questione \u00e8 molto importante oggi, a causa del proliferare di tanti discorsi, supposti di ragione, che non sono di vera ragione, poich\u00e9 contengono errori molto importanti. Ci sono tante ideologie famose piene di falsit\u00e0!<\/p>\n<p>Inoltre, molti sostenitori di tale etica esclusivista nutrono grandi pregiudizi nei confronti della Chiesa. Ma la verit\u00e0 non ha questi paraocchi.<\/p>\n<p>Insomma, di per s\u00e9, la proposta di una religione universale basata sulla sola ragione, escludendo la fede, non pu\u00f2 reggere.<\/p>\n<p>Cristo \u00e8 Dio. E Dio \u00e8 Amore, quindi Cristo \u00e8 un grande aiuto in termini di pace. Cristo \u00e8 il principe della pace. Cristo \u00e8 venuto per portarci la pace.<\/p>\n<p>La religione cristiana si riduce all&#8217;amore. Il grande maestro dell\u2019amore \u00e8 Nostro Signore Ges\u00f9 Cristo. L\u2019amore pi\u00f9 grande \u00e8 amare come Lui ha amato. Questo \u00e8 ci\u00f2 che deve fare il cristiano. Ma l\u2019amore unisce molto. Quale meravigliosa unit\u00e0 ci sarebbe nel mondo se tutti seguissimo il nuovo comandamento di Cristo, amare come Lui ha amato. Poi la religione cattolica, che \u00e8 la pienezza della religione cristiana, aiuta molto a realizzare la pace. In effetti, la storia ci mostra che, con l&#8217;arrivo del cristianesimo, il mondo \u00e8 migliorato molto. Pertanto, ha umanizzato il mondo, ha ammorbidito i costumi, ha creato istituzioni di beneficenza e ha notevolmente elevato l\u2019umanit\u00e0. \u00c8 stato un grande contributo alla pace, che non ha eguali in tutta la storia umana. Anche qui la storia \u00e8 maestra di vita.<\/p>\n<p>Se un determinato cristiano non potesse contribuire alla pace, non sarebbe \u201cperch\u00e9 \u00e8\u201d cristiano, ma \u201cmalgrado\u201d sia cristiano, cio\u00e8 perch\u00e9 non \u00e8 coerente con le sue convinzioni. I fanatici si sono allontanati dalla verit\u00e0 della religione.<\/p>\n<p>Segare e tagliare i contenuti rivelati da Ges\u00f9, principe della pace, per livellarli con altre credenze, non pu\u00f2 contribuire alla pace, ma al contrario, poich\u00e9 sarebbe contrario al disegno di Cristo, Dio. E il piano di Cristo Dio \u00e8 un piano di pace.<\/p>\n<p>Inoltre, sempre pi\u00f9, data l\u2019attuale situazione del mondo, \u00e8 palpabile il grande contributo della religione cristiana alla pace nel mondo, e l\u2019attacco alla pace che implica agire fortemente al di fuori della verit\u00e0 cattolica, della sua fede e della sua morale. Questa \u00e8 una verit\u00e0 capitale, che non dovremmo mai dimenticare, perch\u00e9 ne siamo molto coinvolti.<\/p>\n<p>In definitiva, la pace pu\u00f2 giungere all\u2019umanit\u00e0 solo come dono di Dio. E Cristo e la religione cristiana sono la migliore proposta di pace, mentre una religione della ragione pura, esclusivista, che scarta ci\u00f2 che Dio, bont\u00e0 infinita, ci porta, non \u00e8.<\/p>\n<p>In breve, ci\u00f2 che \u00e8 rivelazione divina non \u00e8 nuocerci, ma piuttosto un contributo alla pace. Ma la religione cristiana \u00e8 rivelazione divina. E la religione cattolica \u00e8 la pienezza della religione cristiana. La religione cattolica rappresenta quindi un potente contributo a favore della pace, che supera di gran lunga ci\u00f2 che la semplice ragione potrebbe fare.<\/p>\n","protected":false},"excerpt":{"rendered":"<p>Cristo \u00e8 venuto per portarci la pace<\/p>\n","protected":false},"author":45,"featured_media":91421,"comment_status":"closed","ping_status":"closed","sticky":false,"template":"","format":"standard","meta":{"_acf_changed":false,"_crdt_document":"","inline_featured_image":false,"footnotes":""},"categories":[73],"tags":[688,11861],"class_list":["post-91442","post","type-post","status-publish","format-standard","has-post-thumbnail","hentry","category-chiesa-e-mondo","tag-pace","tag-religione-cattolica"],"acf":[],"yoast_head":"<!-- This site is optimized with the Yoast SEO plugin v27.5 - https:\/\/yoast.com\/product\/yoast-seo-wordpress\/ -->\n<title>La religione cattolica favorisce la pace &#8211; Exaudi<\/title>\n<meta name=\"robots\" content=\"index, follow, max-snippet:-1, max-image-preview:large, max-video-preview:-1\" \/>\n<link rel=\"canonical\" href=\"https:\/\/exaudi.org\/it\/the-catholic-religion-favors-peace\/\" \/>\n<meta property=\"og:locale\" content=\"it_IT\" \/>\n<meta property=\"og:type\" content=\"article\" \/>\n<meta property=\"og:title\" content=\"La religione cattolica favorisce la pace &#8211; Exaudi\" \/>\n<meta property=\"og:description\" content=\"Cristo \u00e8 venuto per portarci la pace\" \/>\n<meta property=\"og:url\" content=\"https:\/\/exaudi.org\/the-catholic-religion-favors-peace\/\" \/>\n<meta property=\"og:site_name\" content=\"Exaudi\" \/>\n<meta property=\"article:publisher\" content=\"https:\/\/www.facebook.com\/ExaudiNews\" \/>\n<meta property=\"article:published_time\" content=\"2024-01-04T16:50:47+00:00\" \/>\n<meta property=\"og:image\" content=\"https:\/\/exaudi.org\/wp-content\/uploads\/2024\/01\/cathopic_1509649259601258-scaled.jpg\" \/>\n\t<meta property=\"og:image:width\" content=\"2560\" \/>\n\t<meta property=\"og:image:height\" content=\"1707\" \/>\n\t<meta property=\"og:image:type\" content=\"image\/jpeg\" \/>\n<meta name=\"author\" content=\"Jos\u00e9 Mar\u00eda Montiu de Nuix\" \/>\n<meta name=\"twitter:card\" content=\"summary_large_image\" \/>\n<meta name=\"twitter:creator\" content=\"@Exaudi_News\" \/>\n<meta name=\"twitter:site\" content=\"@Exaudi_News\" \/>\n<meta name=\"twitter:label1\" content=\"Scritto da\" \/>\n\t<meta name=\"twitter:data1\" content=\"Jos\u00e9 Mar\u00eda Montiu de Nuix\" \/>\n\t<meta name=\"twitter:label2\" content=\"Tempo di lettura stimato\" \/>\n\t<meta name=\"twitter:data2\" content=\"4 minuti\" \/>\n<script type=\"application\/ld+json\" class=\"yoast-schema-graph\">{\"@context\":\"https:\\\/\\\/schema.org\",\"@graph\":[{\"@type\":\"Article\",\"@id\":\"https:\\\/\\\/exaudi.org\\\/the-catholic-religion-favors-peace\\\/#article\",\"isPartOf\":{\"@id\":\"https:\\\/\\\/exaudi.org\\\/the-catholic-religion-favors-peace\\\/\"},\"author\":{\"name\":\"Jos\u00e9 Mar\u00eda Montiu de Nuix\",\"@id\":\"https:\\\/\\\/exaudi.org\\\/#\\\/schema\\\/person\\\/63aa8d363a4039100348c8036010e9fa\"},\"headline\":\"La religione cattolica favorisce la pace\",\"datePublished\":\"2024-01-04T16:50:47+00:00\",\"mainEntityOfPage\":{\"@id\":\"https:\\\/\\\/exaudi.org\\\/the-catholic-religion-favors-peace\\\/\"},\"wordCount\":837,\"image\":{\"@id\":\"https:\\\/\\\/exaudi.org\\\/the-catholic-religion-favors-peace\\\/#primaryimage\"},\"thumbnailUrl\":\"https:\\\/\\\/exaudi.org\\\/wp-content\\\/uploads\\\/2024\\\/01\\\/cathopic_1509649259601258-scaled.jpg\",\"keywords\":[\"pace\",\"RELIGIONE CATTOLICA\"],\"articleSection\":[\"Chiesa e Mondo\"],\"inLanguage\":\"it-IT\"},{\"@type\":\"WebPage\",\"@id\":\"https:\\\/\\\/exaudi.org\\\/the-catholic-religion-favors-peace\\\/\",\"url\":\"https:\\\/\\\/exaudi.org\\\/the-catholic-religion-favors-peace\\\/\",\"name\":\"La religione cattolica favorisce la pace &#8211; Exaudi\",\"isPartOf\":{\"@id\":\"https:\\\/\\\/exaudi.org\\\/#website\"},\"primaryImageOfPage\":{\"@id\":\"https:\\\/\\\/exaudi.org\\\/the-catholic-religion-favors-peace\\\/#primaryimage\"},\"image\":{\"@id\":\"https:\\\/\\\/exaudi.org\\\/the-catholic-religion-favors-peace\\\/#primaryimage\"},\"thumbnailUrl\":\"https:\\\/\\\/exaudi.org\\\/wp-content\\\/uploads\\\/2024\\\/01\\\/cathopic_1509649259601258-scaled.jpg\",\"datePublished\":\"2024-01-04T16:50:47+00:00\",\"author\":{\"@id\":\"https:\\\/\\\/exaudi.org\\\/#\\\/schema\\\/person\\\/63aa8d363a4039100348c8036010e9fa\"},\"breadcrumb\":{\"@id\":\"https:\\\/\\\/exaudi.org\\\/the-catholic-religion-favors-peace\\\/#breadcrumb\"},\"inLanguage\":\"it-IT\",\"potentialAction\":[{\"@type\":\"ReadAction\",\"target\":[\"https:\\\/\\\/exaudi.org\\\/the-catholic-religion-favors-peace\\\/\"]}]},{\"@type\":\"ImageObject\",\"inLanguage\":\"it-IT\",\"@id\":\"https:\\\/\\\/exaudi.org\\\/the-catholic-religion-favors-peace\\\/#primaryimage\",\"url\":\"https:\\\/\\\/exaudi.org\\\/wp-content\\\/uploads\\\/2024\\\/01\\\/cathopic_1509649259601258-scaled.jpg\",\"contentUrl\":\"https:\\\/\\\/exaudi.org\\\/wp-content\\\/uploads\\\/2024\\\/01\\\/cathopic_1509649259601258-scaled.jpg\",\"width\":2560,\"height\":1707},{\"@type\":\"BreadcrumbList\",\"@id\":\"https:\\\/\\\/exaudi.org\\\/the-catholic-religion-favors-peace\\\/#breadcrumb\",\"itemListElement\":[{\"@type\":\"ListItem\",\"position\":1,\"name\":\"Portada\",\"item\":\"https:\\\/\\\/exaudi.org\\\/it\\\/\"},{\"@type\":\"ListItem\",\"position\":2,\"name\":\"La religione cattolica favorisce la pace\"}]},{\"@type\":\"WebSite\",\"@id\":\"https:\\\/\\\/exaudi.org\\\/#website\",\"url\":\"https:\\\/\\\/exaudi.org\\\/\",\"name\":\"Exaudi\",\"description\":\"News\",\"potentialAction\":[{\"@type\":\"SearchAction\",\"target\":{\"@type\":\"EntryPoint\",\"urlTemplate\":\"https:\\\/\\\/exaudi.org\\\/?s={search_term_string}\"},\"query-input\":{\"@type\":\"PropertyValueSpecification\",\"valueRequired\":true,\"valueName\":\"search_term_string\"}}],\"inLanguage\":\"it-IT\"},{\"@type\":\"Person\",\"@id\":\"https:\\\/\\\/exaudi.org\\\/#\\\/schema\\\/person\\\/63aa8d363a4039100348c8036010e9fa\",\"name\":\"Jos\u00e9 Mar\u00eda Montiu de Nuix\",\"image\":{\"@type\":\"ImageObject\",\"inLanguage\":\"it-IT\",\"@id\":\"https:\\\/\\\/secure.gravatar.com\\\/avatar\\\/f3d1e54272060740a50258cef7d916098d4ffe7ad9f6a7a8603d12c508634d10?s=96&d=mm&r=g\",\"url\":\"https:\\\/\\\/secure.gravatar.com\\\/avatar\\\/f3d1e54272060740a50258cef7d916098d4ffe7ad9f6a7a8603d12c508634d10?s=96&d=mm&r=g\",\"contentUrl\":\"https:\\\/\\\/secure.gravatar.com\\\/avatar\\\/f3d1e54272060740a50258cef7d916098d4ffe7ad9f6a7a8603d12c508634d10?s=96&d=mm&r=g\",\"caption\":\"Jos\u00e9 Mar\u00eda Montiu de Nuix\"},\"description\":\"Nacido en Cervera, L\u00e9rida, Espa\u00f1a, en 1960 y bautizado ese mismo a\u00f1o. Ordenado sacerdote en 1992. Doctor en Filosof\u00eda. Licenciado en Filosof\u00eda y Ciencias de la Educaci\u00f3n por la Universidad de Barcelona (UB). Licenciado (especialidad: Matem\u00e1tica Fundamental), cursos de doctorado y suficiencia investigadora en Ciencias Exactas por la UB. Licenciado en Filosof\u00eda por la Universidad de Navarra. Licenciado en Estudios Eclesi\u00e1sticos por la Facultad de Teolog\u00eda San Vicente Ferrer, Valencia. Docente e investigador con m\u00e1s de medio millar de publicaciones. Acad\u00e9mico de la Academia Hispanoamericana de Doctores.\",\"url\":\"https:\\\/\\\/exaudi.org\\\/it\\\/author\\\/josepmariamontiudenuix\\\/\"}]}<\/script>\n<!-- \/ Yoast SEO plugin. -->","yoast_head_json":{"title":"La religione cattolica favorisce la pace &#8211; Exaudi","robots":{"index":"index","follow":"follow","max-snippet":"max-snippet:-1","max-image-preview":"max-image-preview:large","max-video-preview":"max-video-preview:-1"},"canonical":"https:\/\/exaudi.org\/it\/the-catholic-religion-favors-peace\/","og_locale":"it_IT","og_type":"article","og_title":"La religione cattolica favorisce la pace &#8211; Exaudi","og_description":"Cristo \u00e8 venuto per portarci la pace","og_url":"https:\/\/exaudi.org\/the-catholic-religion-favors-peace\/","og_site_name":"Exaudi","article_publisher":"https:\/\/www.facebook.com\/ExaudiNews","article_published_time":"2024-01-04T16:50:47+00:00","og_image":[{"width":2560,"height":1707,"url":"https:\/\/exaudi.org\/wp-content\/uploads\/2024\/01\/cathopic_1509649259601258-scaled.jpg","type":"image\/jpeg"}],"author":"Jos\u00e9 Mar\u00eda Montiu de Nuix","twitter_card":"summary_large_image","twitter_creator":"@Exaudi_News","twitter_site":"@Exaudi_News","twitter_misc":{"Scritto da":"Jos\u00e9 Mar\u00eda Montiu de Nuix","Tempo di lettura stimato":"4 minuti"},"schema":{"@context":"https:\/\/schema.org","@graph":[{"@type":"Article","@id":"https:\/\/exaudi.org\/the-catholic-religion-favors-peace\/#article","isPartOf":{"@id":"https:\/\/exaudi.org\/the-catholic-religion-favors-peace\/"},"author":{"name":"Jos\u00e9 Mar\u00eda Montiu de Nuix","@id":"https:\/\/exaudi.org\/#\/schema\/person\/63aa8d363a4039100348c8036010e9fa"},"headline":"La religione cattolica favorisce la pace","datePublished":"2024-01-04T16:50:47+00:00","mainEntityOfPage":{"@id":"https:\/\/exaudi.org\/the-catholic-religion-favors-peace\/"},"wordCount":837,"image":{"@id":"https:\/\/exaudi.org\/the-catholic-religion-favors-peace\/#primaryimage"},"thumbnailUrl":"https:\/\/exaudi.org\/wp-content\/uploads\/2024\/01\/cathopic_1509649259601258-scaled.jpg","keywords":["pace","RELIGIONE CATTOLICA"],"articleSection":["Chiesa e Mondo"],"inLanguage":"it-IT"},{"@type":"WebPage","@id":"https:\/\/exaudi.org\/the-catholic-religion-favors-peace\/","url":"https:\/\/exaudi.org\/the-catholic-religion-favors-peace\/","name":"La religione cattolica favorisce la pace &#8211; Exaudi","isPartOf":{"@id":"https:\/\/exaudi.org\/#website"},"primaryImageOfPage":{"@id":"https:\/\/exaudi.org\/the-catholic-religion-favors-peace\/#primaryimage"},"image":{"@id":"https:\/\/exaudi.org\/the-catholic-religion-favors-peace\/#primaryimage"},"thumbnailUrl":"https:\/\/exaudi.org\/wp-content\/uploads\/2024\/01\/cathopic_1509649259601258-scaled.jpg","datePublished":"2024-01-04T16:50:47+00:00","author":{"@id":"https:\/\/exaudi.org\/#\/schema\/person\/63aa8d363a4039100348c8036010e9fa"},"breadcrumb":{"@id":"https:\/\/exaudi.org\/the-catholic-religion-favors-peace\/#breadcrumb"},"inLanguage":"it-IT","potentialAction":[{"@type":"ReadAction","target":["https:\/\/exaudi.org\/the-catholic-religion-favors-peace\/"]}]},{"@type":"ImageObject","inLanguage":"it-IT","@id":"https:\/\/exaudi.org\/the-catholic-religion-favors-peace\/#primaryimage","url":"https:\/\/exaudi.org\/wp-content\/uploads\/2024\/01\/cathopic_1509649259601258-scaled.jpg","contentUrl":"https:\/\/exaudi.org\/wp-content\/uploads\/2024\/01\/cathopic_1509649259601258-scaled.jpg","width":2560,"height":1707},{"@type":"BreadcrumbList","@id":"https:\/\/exaudi.org\/the-catholic-religion-favors-peace\/#breadcrumb","itemListElement":[{"@type":"ListItem","position":1,"name":"Portada","item":"https:\/\/exaudi.org\/it\/"},{"@type":"ListItem","position":2,"name":"La religione cattolica favorisce la pace"}]},{"@type":"WebSite","@id":"https:\/\/exaudi.org\/#website","url":"https:\/\/exaudi.org\/","name":"Exaudi","description":"News","potentialAction":[{"@type":"SearchAction","target":{"@type":"EntryPoint","urlTemplate":"https:\/\/exaudi.org\/?s={search_term_string}"},"query-input":{"@type":"PropertyValueSpecification","valueRequired":true,"valueName":"search_term_string"}}],"inLanguage":"it-IT"},{"@type":"Person","@id":"https:\/\/exaudi.org\/#\/schema\/person\/63aa8d363a4039100348c8036010e9fa","name":"Jos\u00e9 Mar\u00eda Montiu de Nuix","image":{"@type":"ImageObject","inLanguage":"it-IT","@id":"https:\/\/secure.gravatar.com\/avatar\/f3d1e54272060740a50258cef7d916098d4ffe7ad9f6a7a8603d12c508634d10?s=96&d=mm&r=g","url":"https:\/\/secure.gravatar.com\/avatar\/f3d1e54272060740a50258cef7d916098d4ffe7ad9f6a7a8603d12c508634d10?s=96&d=mm&r=g","contentUrl":"https:\/\/secure.gravatar.com\/avatar\/f3d1e54272060740a50258cef7d916098d4ffe7ad9f6a7a8603d12c508634d10?s=96&d=mm&r=g","caption":"Jos\u00e9 Mar\u00eda Montiu de Nuix"},"description":"Nacido en Cervera, L\u00e9rida, Espa\u00f1a, en 1960 y bautizado ese mismo a\u00f1o. Ordenado sacerdote en 1992. Doctor en Filosof\u00eda. Licenciado en Filosof\u00eda y Ciencias de la Educaci\u00f3n por la Universidad de Barcelona (UB). Licenciado (especialidad: Matem\u00e1tica Fundamental), cursos de doctorado y suficiencia investigadora en Ciencias Exactas por la UB. Licenciado en Filosof\u00eda por la Universidad de Navarra. Licenciado en Estudios Eclesi\u00e1sticos por la Facultad de Teolog\u00eda San Vicente Ferrer, Valencia. Docente e investigador con m\u00e1s de medio millar de publicaciones. Acad\u00e9mico de la Academia Hispanoamericana de Doctores.","url":"https:\/\/exaudi.org\/it\/author\/josepmariamontiudenuix\/"}]}},"jetpack_featured_media_url":"https:\/\/exaudi.org\/wp-content\/uploads\/2024\/01\/cathopic_1509649259601258-scaled.jpg","jetpack_shortlink":"https:\/\/wp.me\/pgKjF2-nMS","_links":{"self":[{"href":"https:\/\/exaudi.org\/it\/wp-json\/wp\/v2\/posts\/91442","targetHints":{"allow":["GET"]}}],"collection":[{"href":"https:\/\/exaudi.org\/it\/wp-json\/wp\/v2\/posts"}],"about":[{"href":"https:\/\/exaudi.org\/it\/wp-json\/wp\/v2\/types\/post"}],"author":[{"embeddable":true,"href":"https:\/\/exaudi.org\/it\/wp-json\/wp\/v2\/users\/45"}],"replies":[{"embeddable":true,"href":"https:\/\/exaudi.org\/it\/wp-json\/wp\/v2\/comments?post=91442"}],"version-history":[{"count":0,"href":"https:\/\/exaudi.org\/it\/wp-json\/wp\/v2\/posts\/91442\/revisions"}],"wp:featuredmedia":[{"embeddable":true,"href":"https:\/\/exaudi.org\/it\/wp-json\/wp\/v2\/media\/91421"}],"wp:attachment":[{"href":"https:\/\/exaudi.org\/it\/wp-json\/wp\/v2\/media?parent=91442"}],"wp:term":[{"taxonomy":"category","embeddable":true,"href":"https:\/\/exaudi.org\/it\/wp-json\/wp\/v2\/categories?post=91442"},{"taxonomy":"post_tag","embeddable":true,"href":"https:\/\/exaudi.org\/it\/wp-json\/wp\/v2\/tags?post=91442"}],"curies":[{"name":"wp","href":"https:\/\/api.w.org\/{rel}","templated":true}]}}