{"id":91390,"date":"2024-01-02T17:46:39","date_gmt":"2024-01-02T16:46:39","guid":{"rendered":"https:\/\/exaudi.org\/?p=91390"},"modified":"2024-01-03T01:47:44","modified_gmt":"2024-01-03T00:47:44","slug":"intenzione-di-preghiera-per-il-mese-di-gennaio","status":"publish","type":"post","link":"https:\/\/exaudi.org\/it\/intenzione-di-preghiera-per-il-mese-di-gennaio\/","title":{"rendered":"Intenzione di preghiera per il mese di gennaio"},"content":{"rendered":"<p>Pubblichiamo di seguito il testo del Video del Santo Padre con l\u2019intenzione di preghiera per il mese di gennaio, diffusa attraverso la Rete Mondiale di Preghiera del Papa sul tema \u201cPer il dono della diversit\u00e0 nella Chiesa: Preghiamo perch\u00e9 lo Spirito aiuti a riconoscere il dono dei diversi carismi dentro le comunit\u00e0 cristiane e a scoprire la ricchezza delle differenti tradizioni rituali in seno alla Chiesa Cattolica\u201d:<\/p>\n<h3><strong>Testo del Video\u00a0<\/strong><\/h3>\n<p>Non dobbiamo avere paura della diversit\u00e0 dei carismi nella Chiesa. Perch\u00e9 non siamo tutti uguali. Al contrario, dobbiamo rallegrarci di vivere questa diversit\u00e0.<\/p>\n<p>Gi\u00e0 nelle prime comunit\u00e0 cristiane, diversit\u00e0 e unit\u00e0 erano molto presenti e in tensione, per essere risolte in un piano superiore.<\/p>\n<p>Ma c\u2019\u00e8 di pi\u00f9. Per avanzare nel cammino della fede abbiamo bisogno anche del dialogo ecumenico con i nostri fratelli e sorelle di altre confessioni e comunit\u00e0 cristiane.<\/p>\n<p>Non come qualcosa che confonde o crea disagio, ma come un regalo che Dio fa alla comunit\u00e0 cristiana perch\u00e9 cresca come un solo corpo, il corpo di Cristo.<\/p>\n<p>Pensiamo, per esempio, alle Chiese orientali. Hanno alcune tradizioni proprie, alcuni riti liturgici specifici, ma mantengono l\u2019unit\u00e0 della fede. La rafforzano, non la dividono.<\/p>\n<p>Se ci lasciamo guidare dallo Spirito Santo, la ricchezza, la variet\u00e0, la diversit\u00e0 non diventano mai motivo di conflitto.<\/p>\n<p>Lo Spirito ci ricorda che anzitutto siamo figli amati di Dio. Tutti uguali nell\u2019amore di Dio e tutti diversi.<\/p>\n<p>Preghiamo perch\u00e9 lo Spirito ci aiuti a riconoscere il dono dei diversi carismi dentro le comunit\u00e0 cristiane e a scoprire la ricchezza delle differenti tradizioni rituali in seno alla Chiesa Cattolica.<\/p>\n","protected":false},"excerpt":{"rendered":"<p>Testo del Video del Santo Padre<\/p>\n","protected":false},"author":17,"featured_media":75377,"comment_status":"closed","ping_status":"closed","sticky":false,"template":"","format":"standard","meta":{"_acf_changed":false,"_crdt_document":"","inline_featured_image":false,"footnotes":""},"categories":[67],"tags":[251,4952],"class_list":["post-91390","post","type-post","status-publish","format-standard","has-post-thumbnail","hentry","category-leone-xiv","tag-papa-francesco","tag-trending-it"],"acf":[],"yoast_head":"<!-- This site is optimized with the Yoast SEO plugin v27.4 - https:\/\/yoast.com\/product\/yoast-seo-wordpress\/ -->\n<title>Intenzione di preghiera per il mese di gennaio &#8211; Exaudi<\/title>\n<meta name=\"robots\" content=\"index, follow, max-snippet:-1, max-image-preview:large, max-video-preview:-1\" \/>\n<link rel=\"canonical\" href=\"https:\/\/exaudi.org\/it\/intenzione-di-preghiera-per-il-mese-di-gennaio\/\" \/>\n<meta property=\"og:locale\" content=\"it_IT\" \/>\n<meta property=\"og:type\" content=\"article\" \/>\n<meta property=\"og:title\" content=\"Intenzione di preghiera per il mese di gennaio &#8211; Exaudi\" \/>\n<meta property=\"og:description\" content=\"Testo del Video del Santo Padre\" \/>\n<meta property=\"og:url\" content=\"https:\/\/exaudi.org\/it\/intenzione-di-preghiera-per-il-mese-di-gennaio\/\" \/>\n<meta property=\"og:site_name\" content=\"Exaudi\" \/>\n<meta property=\"article:publisher\" content=\"https:\/\/www.facebook.com\/ExaudiNews\" \/>\n<meta property=\"article:author\" content=\"https:\/\/www.facebook.com\/ExaudiNotizie\/\" \/>\n<meta property=\"article:published_time\" content=\"2024-01-02T16:46:39+00:00\" \/>\n<meta property=\"article:modified_time\" content=\"2024-01-03T00:47:44+00:00\" \/>\n<meta property=\"og:image\" content=\"https:\/\/exaudi.org\/wp-content\/uploads\/2023\/05\/rai-papa-telecamera-foto-Ansa.jpg\" \/>\n\t<meta property=\"og:image:width\" content=\"640\" \/>\n\t<meta property=\"og:image:height\" content=\"381\" \/>\n\t<meta property=\"og:image:type\" content=\"image\/jpeg\" \/>\n<meta name=\"author\" content=\"Exaudi Redazione\" \/>\n<meta name=\"twitter:card\" content=\"summary_large_image\" \/>\n<meta name=\"twitter:creator\" content=\"@Exaudi_Notizie\" \/>\n<meta name=\"twitter:site\" content=\"@Exaudi_News\" \/>\n<meta name=\"twitter:label1\" content=\"Scritto da\" \/>\n\t<meta name=\"twitter:data1\" content=\"Exaudi Redazione\" \/>\n\t<meta name=\"twitter:label2\" content=\"Tempo di lettura stimato\" \/>\n\t<meta name=\"twitter:data2\" content=\"1 minuto\" \/>\n<script type=\"application\/ld+json\" class=\"yoast-schema-graph\">{\"@context\":\"https:\\\/\\\/schema.org\",\"@graph\":[{\"@type\":\"Article\",\"@id\":\"https:\\\/\\\/exaudi.org\\\/it\\\/intenzione-di-preghiera-per-il-mese-di-gennaio\\\/#article\",\"isPartOf\":{\"@id\":\"https:\\\/\\\/exaudi.org\\\/it\\\/intenzione-di-preghiera-per-il-mese-di-gennaio\\\/\"},\"author\":{\"name\":\"Exaudi Redazione\",\"@id\":\"https:\\\/\\\/exaudi.org\\\/#\\\/schema\\\/person\\\/e1ab6ed07c01774724dd96f925f3a5f0\"},\"headline\":\"Intenzione di preghiera per il mese di gennaio\",\"datePublished\":\"2024-01-02T16:46:39+00:00\",\"dateModified\":\"2024-01-03T00:47:44+00:00\",\"mainEntityOfPage\":{\"@id\":\"https:\\\/\\\/exaudi.org\\\/it\\\/intenzione-di-preghiera-per-il-mese-di-gennaio\\\/\"},\"wordCount\":274,\"image\":{\"@id\":\"https:\\\/\\\/exaudi.org\\\/it\\\/intenzione-di-preghiera-per-il-mese-di-gennaio\\\/#primaryimage\"},\"thumbnailUrl\":\"https:\\\/\\\/exaudi.org\\\/wp-content\\\/uploads\\\/2023\\\/05\\\/rai-papa-telecamera-foto-Ansa.jpg\",\"keywords\":[\"Papa Francesco\",\"Trending\"],\"articleSection\":[\"Leone XIV\"],\"inLanguage\":\"it-IT\"},{\"@type\":\"WebPage\",\"@id\":\"https:\\\/\\\/exaudi.org\\\/it\\\/intenzione-di-preghiera-per-il-mese-di-gennaio\\\/\",\"url\":\"https:\\\/\\\/exaudi.org\\\/it\\\/intenzione-di-preghiera-per-il-mese-di-gennaio\\\/\",\"name\":\"Intenzione di preghiera per il mese di gennaio &#8211; Exaudi\",\"isPartOf\":{\"@id\":\"https:\\\/\\\/exaudi.org\\\/#website\"},\"primaryImageOfPage\":{\"@id\":\"https:\\\/\\\/exaudi.org\\\/it\\\/intenzione-di-preghiera-per-il-mese-di-gennaio\\\/#primaryimage\"},\"image\":{\"@id\":\"https:\\\/\\\/exaudi.org\\\/it\\\/intenzione-di-preghiera-per-il-mese-di-gennaio\\\/#primaryimage\"},\"thumbnailUrl\":\"https:\\\/\\\/exaudi.org\\\/wp-content\\\/uploads\\\/2023\\\/05\\\/rai-papa-telecamera-foto-Ansa.jpg\",\"datePublished\":\"2024-01-02T16:46:39+00:00\",\"dateModified\":\"2024-01-03T00:47:44+00:00\",\"author\":{\"@id\":\"https:\\\/\\\/exaudi.org\\\/#\\\/schema\\\/person\\\/e1ab6ed07c01774724dd96f925f3a5f0\"},\"breadcrumb\":{\"@id\":\"https:\\\/\\\/exaudi.org\\\/it\\\/intenzione-di-preghiera-per-il-mese-di-gennaio\\\/#breadcrumb\"},\"inLanguage\":\"it-IT\",\"potentialAction\":[{\"@type\":\"ReadAction\",\"target\":[\"https:\\\/\\\/exaudi.org\\\/it\\\/intenzione-di-preghiera-per-il-mese-di-gennaio\\\/\"]}]},{\"@type\":\"ImageObject\",\"inLanguage\":\"it-IT\",\"@id\":\"https:\\\/\\\/exaudi.org\\\/it\\\/intenzione-di-preghiera-per-il-mese-di-gennaio\\\/#primaryimage\",\"url\":\"https:\\\/\\\/exaudi.org\\\/wp-content\\\/uploads\\\/2023\\\/05\\\/rai-papa-telecamera-foto-Ansa.jpg\",\"contentUrl\":\"https:\\\/\\\/exaudi.org\\\/wp-content\\\/uploads\\\/2023\\\/05\\\/rai-papa-telecamera-foto-Ansa.jpg\",\"width\":640,\"height\":381,\"caption\":\"Primaonline\"},{\"@type\":\"BreadcrumbList\",\"@id\":\"https:\\\/\\\/exaudi.org\\\/it\\\/intenzione-di-preghiera-per-il-mese-di-gennaio\\\/#breadcrumb\",\"itemListElement\":[{\"@type\":\"ListItem\",\"position\":1,\"name\":\"Portada\",\"item\":\"https:\\\/\\\/exaudi.org\\\/it\\\/\"},{\"@type\":\"ListItem\",\"position\":2,\"name\":\"Intenzione di preghiera per il mese di gennaio\"}]},{\"@type\":\"WebSite\",\"@id\":\"https:\\\/\\\/exaudi.org\\\/#website\",\"url\":\"https:\\\/\\\/exaudi.org\\\/\",\"name\":\"Exaudi\",\"description\":\"News\",\"potentialAction\":[{\"@type\":\"SearchAction\",\"target\":{\"@type\":\"EntryPoint\",\"urlTemplate\":\"https:\\\/\\\/exaudi.org\\\/?s={search_term_string}\"},\"query-input\":{\"@type\":\"PropertyValueSpecification\",\"valueRequired\":true,\"valueName\":\"search_term_string\"}}],\"inLanguage\":\"it-IT\"},{\"@type\":\"Person\",\"@id\":\"https:\\\/\\\/exaudi.org\\\/#\\\/schema\\\/person\\\/e1ab6ed07c01774724dd96f925f3a5f0\",\"name\":\"Exaudi Redazione\",\"image\":{\"@type\":\"ImageObject\",\"inLanguage\":\"it-IT\",\"@id\":\"https:\\\/\\\/secure.gravatar.com\\\/avatar\\\/ad6774b3ada023bf5b939d64f45c94b3adf91502dd883507d469b4308a943bb3?s=96&d=mm&r=g\",\"url\":\"https:\\\/\\\/secure.gravatar.com\\\/avatar\\\/ad6774b3ada023bf5b939d64f45c94b3adf91502dd883507d469b4308a943bb3?s=96&d=mm&r=g\",\"contentUrl\":\"https:\\\/\\\/secure.gravatar.com\\\/avatar\\\/ad6774b3ada023bf5b939d64f45c94b3adf91502dd883507d469b4308a943bb3?s=96&d=mm&r=g\",\"caption\":\"Exaudi Redazione\"},\"description\":\"Che cosa \u00e8 Exaudi News? Exaudi News \u00e8 un agenzia cattolica internazionale che informa, istruisce e trasforma quotidianamente in spagnolo, inglese e italiano. Attraverso notizie, articoli di analisi e trasmissioni in diretta degli eventi del Papa, Exaudi cerca di rafforzare l'unit\u00e0 dei cristiani e di contribuire all'evangelizzazione del mondo, sempre guidato dalla dottrina sociale della Chiesa. Lavoriamo per portare la verit\u00e0 e i valori cristiani in ogni angolo del pianeta. Aiutaci a trasformare il mondo con Exaudi! Noi di Exaudi crediamo che l'evangelizzazione e l'informazione di qualit\u00e0 possano cambiare la vita. Per continuare la nostra missione ed espandere la nostra portata, abbiamo bisogno del tuo aiuto. Stiamo anche cercando persone motivate che vogliano unirsi al nostro team. Grazie al vostro sostegno raggiungeremo pi\u00f9 persone, diffonderemo il messaggio di Cristo e rafforzeremo l'unit\u00e0 dei cristiani. Vuoi unirti alla nostra missione? Per maggiori informazioni su come contribuire, visita Exaudi.org\\\/it o contattaci direttamente: info@exaudi.org Exaudi: informa, forma e trasforma.\",\"sameAs\":[\"https:\\\/\\\/www.facebook.com\\\/ExaudiNotizie\\\/\",\"https:\\\/\\\/www.instagram.com\\\/Exaudi_notizie\\\/\",\"https:\\\/\\\/x.com\\\/Exaudi_Notizie\",\"https:\\\/\\\/www.youtube.com\\\/@exaudicatholicnews\"],\"url\":\"https:\\\/\\\/exaudi.org\\\/it\\\/author\\\/dlvedi-org\\\/\"}]}<\/script>\n<!-- \/ Yoast SEO plugin. -->","yoast_head_json":{"title":"Intenzione di preghiera per il mese di gennaio &#8211; Exaudi","robots":{"index":"index","follow":"follow","max-snippet":"max-snippet:-1","max-image-preview":"max-image-preview:large","max-video-preview":"max-video-preview:-1"},"canonical":"https:\/\/exaudi.org\/it\/intenzione-di-preghiera-per-il-mese-di-gennaio\/","og_locale":"it_IT","og_type":"article","og_title":"Intenzione di preghiera per il mese di gennaio &#8211; Exaudi","og_description":"Testo del Video del Santo Padre","og_url":"https:\/\/exaudi.org\/it\/intenzione-di-preghiera-per-il-mese-di-gennaio\/","og_site_name":"Exaudi","article_publisher":"https:\/\/www.facebook.com\/ExaudiNews","article_author":"https:\/\/www.facebook.com\/ExaudiNotizie\/","article_published_time":"2024-01-02T16:46:39+00:00","article_modified_time":"2024-01-03T00:47:44+00:00","og_image":[{"width":640,"height":381,"url":"https:\/\/exaudi.org\/wp-content\/uploads\/2023\/05\/rai-papa-telecamera-foto-Ansa.jpg","type":"image\/jpeg"}],"author":"Exaudi Redazione","twitter_card":"summary_large_image","twitter_creator":"@Exaudi_Notizie","twitter_site":"@Exaudi_News","twitter_misc":{"Scritto da":"Exaudi Redazione","Tempo di lettura stimato":"1 minuto"},"schema":{"@context":"https:\/\/schema.org","@graph":[{"@type":"Article","@id":"https:\/\/exaudi.org\/it\/intenzione-di-preghiera-per-il-mese-di-gennaio\/#article","isPartOf":{"@id":"https:\/\/exaudi.org\/it\/intenzione-di-preghiera-per-il-mese-di-gennaio\/"},"author":{"name":"Exaudi Redazione","@id":"https:\/\/exaudi.org\/#\/schema\/person\/e1ab6ed07c01774724dd96f925f3a5f0"},"headline":"Intenzione di preghiera per il mese di gennaio","datePublished":"2024-01-02T16:46:39+00:00","dateModified":"2024-01-03T00:47:44+00:00","mainEntityOfPage":{"@id":"https:\/\/exaudi.org\/it\/intenzione-di-preghiera-per-il-mese-di-gennaio\/"},"wordCount":274,"image":{"@id":"https:\/\/exaudi.org\/it\/intenzione-di-preghiera-per-il-mese-di-gennaio\/#primaryimage"},"thumbnailUrl":"https:\/\/exaudi.org\/wp-content\/uploads\/2023\/05\/rai-papa-telecamera-foto-Ansa.jpg","keywords":["Papa Francesco","Trending"],"articleSection":["Leone XIV"],"inLanguage":"it-IT"},{"@type":"WebPage","@id":"https:\/\/exaudi.org\/it\/intenzione-di-preghiera-per-il-mese-di-gennaio\/","url":"https:\/\/exaudi.org\/it\/intenzione-di-preghiera-per-il-mese-di-gennaio\/","name":"Intenzione di preghiera per il mese di gennaio &#8211; Exaudi","isPartOf":{"@id":"https:\/\/exaudi.org\/#website"},"primaryImageOfPage":{"@id":"https:\/\/exaudi.org\/it\/intenzione-di-preghiera-per-il-mese-di-gennaio\/#primaryimage"},"image":{"@id":"https:\/\/exaudi.org\/it\/intenzione-di-preghiera-per-il-mese-di-gennaio\/#primaryimage"},"thumbnailUrl":"https:\/\/exaudi.org\/wp-content\/uploads\/2023\/05\/rai-papa-telecamera-foto-Ansa.jpg","datePublished":"2024-01-02T16:46:39+00:00","dateModified":"2024-01-03T00:47:44+00:00","author":{"@id":"https:\/\/exaudi.org\/#\/schema\/person\/e1ab6ed07c01774724dd96f925f3a5f0"},"breadcrumb":{"@id":"https:\/\/exaudi.org\/it\/intenzione-di-preghiera-per-il-mese-di-gennaio\/#breadcrumb"},"inLanguage":"it-IT","potentialAction":[{"@type":"ReadAction","target":["https:\/\/exaudi.org\/it\/intenzione-di-preghiera-per-il-mese-di-gennaio\/"]}]},{"@type":"ImageObject","inLanguage":"it-IT","@id":"https:\/\/exaudi.org\/it\/intenzione-di-preghiera-per-il-mese-di-gennaio\/#primaryimage","url":"https:\/\/exaudi.org\/wp-content\/uploads\/2023\/05\/rai-papa-telecamera-foto-Ansa.jpg","contentUrl":"https:\/\/exaudi.org\/wp-content\/uploads\/2023\/05\/rai-papa-telecamera-foto-Ansa.jpg","width":640,"height":381,"caption":"Primaonline"},{"@type":"BreadcrumbList","@id":"https:\/\/exaudi.org\/it\/intenzione-di-preghiera-per-il-mese-di-gennaio\/#breadcrumb","itemListElement":[{"@type":"ListItem","position":1,"name":"Portada","item":"https:\/\/exaudi.org\/it\/"},{"@type":"ListItem","position":2,"name":"Intenzione di preghiera per il mese di gennaio"}]},{"@type":"WebSite","@id":"https:\/\/exaudi.org\/#website","url":"https:\/\/exaudi.org\/","name":"Exaudi","description":"News","potentialAction":[{"@type":"SearchAction","target":{"@type":"EntryPoint","urlTemplate":"https:\/\/exaudi.org\/?s={search_term_string}"},"query-input":{"@type":"PropertyValueSpecification","valueRequired":true,"valueName":"search_term_string"}}],"inLanguage":"it-IT"},{"@type":"Person","@id":"https:\/\/exaudi.org\/#\/schema\/person\/e1ab6ed07c01774724dd96f925f3a5f0","name":"Exaudi Redazione","image":{"@type":"ImageObject","inLanguage":"it-IT","@id":"https:\/\/secure.gravatar.com\/avatar\/ad6774b3ada023bf5b939d64f45c94b3adf91502dd883507d469b4308a943bb3?s=96&d=mm&r=g","url":"https:\/\/secure.gravatar.com\/avatar\/ad6774b3ada023bf5b939d64f45c94b3adf91502dd883507d469b4308a943bb3?s=96&d=mm&r=g","contentUrl":"https:\/\/secure.gravatar.com\/avatar\/ad6774b3ada023bf5b939d64f45c94b3adf91502dd883507d469b4308a943bb3?s=96&d=mm&r=g","caption":"Exaudi Redazione"},"description":"Che cosa \u00e8 Exaudi News? Exaudi News \u00e8 un agenzia cattolica internazionale che informa, istruisce e trasforma quotidianamente in spagnolo, inglese e italiano. Attraverso notizie, articoli di analisi e trasmissioni in diretta degli eventi del Papa, Exaudi cerca di rafforzare l'unit\u00e0 dei cristiani e di contribuire all'evangelizzazione del mondo, sempre guidato dalla dottrina sociale della Chiesa. Lavoriamo per portare la verit\u00e0 e i valori cristiani in ogni angolo del pianeta. Aiutaci a trasformare il mondo con Exaudi! Noi di Exaudi crediamo che l'evangelizzazione e l'informazione di qualit\u00e0 possano cambiare la vita. Per continuare la nostra missione ed espandere la nostra portata, abbiamo bisogno del tuo aiuto. Stiamo anche cercando persone motivate che vogliano unirsi al nostro team. Grazie al vostro sostegno raggiungeremo pi\u00f9 persone, diffonderemo il messaggio di Cristo e rafforzeremo l'unit\u00e0 dei cristiani. Vuoi unirti alla nostra missione? Per maggiori informazioni su come contribuire, visita Exaudi.org\/it o contattaci direttamente: info@exaudi.org Exaudi: informa, forma e trasforma.","sameAs":["https:\/\/www.facebook.com\/ExaudiNotizie\/","https:\/\/www.instagram.com\/Exaudi_notizie\/","https:\/\/x.com\/Exaudi_Notizie","https:\/\/www.youtube.com\/@exaudicatholicnews"],"url":"https:\/\/exaudi.org\/it\/author\/dlvedi-org\/"}]}},"jetpack_featured_media_url":"https:\/\/exaudi.org\/wp-content\/uploads\/2023\/05\/rai-papa-telecamera-foto-Ansa.jpg","jetpack_shortlink":"https:\/\/wp.me\/pgKjF2-nM2","_links":{"self":[{"href":"https:\/\/exaudi.org\/it\/wp-json\/wp\/v2\/posts\/91390","targetHints":{"allow":["GET"]}}],"collection":[{"href":"https:\/\/exaudi.org\/it\/wp-json\/wp\/v2\/posts"}],"about":[{"href":"https:\/\/exaudi.org\/it\/wp-json\/wp\/v2\/types\/post"}],"author":[{"embeddable":true,"href":"https:\/\/exaudi.org\/it\/wp-json\/wp\/v2\/users\/17"}],"replies":[{"embeddable":true,"href":"https:\/\/exaudi.org\/it\/wp-json\/wp\/v2\/comments?post=91390"}],"version-history":[{"count":0,"href":"https:\/\/exaudi.org\/it\/wp-json\/wp\/v2\/posts\/91390\/revisions"}],"wp:featuredmedia":[{"embeddable":true,"href":"https:\/\/exaudi.org\/it\/wp-json\/wp\/v2\/media\/75377"}],"wp:attachment":[{"href":"https:\/\/exaudi.org\/it\/wp-json\/wp\/v2\/media?parent=91390"}],"wp:term":[{"taxonomy":"category","embeddable":true,"href":"https:\/\/exaudi.org\/it\/wp-json\/wp\/v2\/categories?post=91390"},{"taxonomy":"post_tag","embeddable":true,"href":"https:\/\/exaudi.org\/it\/wp-json\/wp\/v2\/tags?post=91390"}],"curies":[{"name":"wp","href":"https:\/\/api.w.org\/{rel}","templated":true}]}}