{"id":91364,"date":"2024-01-01T16:51:11","date_gmt":"2024-01-01T15:51:11","guid":{"rendered":"https:\/\/exaudi.org\/?p=91364"},"modified":"2024-01-01T16:51:11","modified_gmt":"2024-01-01T15:51:11","slug":"riflessione-di-mons-enrique-diaz-invocheranno-il-mio-nome-e-io-li-benediro","status":"publish","type":"post","link":"https:\/\/exaudi.org\/it\/riflessione-di-mons-enrique-diaz-invocheranno-il-mio-nome-e-io-li-benediro\/","title":{"rendered":"Riflessione di Mons. Enrique D\u00edaz: \u201cInvocheranno il mio nome e io li benedir\u00f2\u201d"},"content":{"rendered":"<p>Mons. Enrique D\u00edaz D\u00edaz condivide con i lettori di Exaudi la sua riflessione sul <a href=\"https:\/\/exaudi.org\/es\/beata-eugenia-ravasco-30-de-diciembre\/\">Vangelo di questo luned\u00ec, 1 gennaio 2024<\/a>, dal titolo: \u201cInvocheranno il mio nome e io li benedir\u00f2\u201d<\/p>\n<p>***<\/p>\n<p>Numeri 6,22-27: <em>\u201cInvocheranno il mio nome e io li benedir\u00f2\u201d<\/em><\/p>\n<p>Salmo 66: <em>\u201cAbbi piet\u00e0 di noi, Signore, e benedicici\u201d<\/em><\/p>\n<p>Galati 4,4-7: <em>\u201cDio ha mandato suo Figlio, nato da donna\u201d<\/em><\/p>\n<p>San Luca 2,16-21: &#8220;<em>Trovarono Maria, Giuseppe e il bambino. Passati gli otto giorni, lo chiamarono Ges\u00f9\u201d<\/em><\/p>\n<p>Mentre alcuni soffrono e sono dilaniati, altri sono stufi di feste e di chiasso con il pretesto delle festivit\u00e0 di Natale e Capodanno&#8230; Dimenticato da alcuni e disprezzato da altri, il presepe resta con la sua proposta di vita, la sua offerta di riconciliazione e l\u2019unica via che ci condurr\u00e0 alla vera pace. Ci\u00f2 che accadde \u00abin quel tempo\u00bb, che san Luca in modo poetico e bello cerca di trasmetterci nel suo vangelo sull&#8217;infanzia di Ges\u00f9, sembra accadere adesso: Cristo continua la sua incarnazione tra i poveri e i disprezzati, mentre il mondo continua il suo percorso di ignoranza e disprezzo. Questo primo giorno dell&#8217;anno appare saturo di feste ed eventi. Anche liturgicamente, in un ampio ventaglio di occasioni per la nostra riflessione, ci offre la pausa e il respiro necessari per riprendere fiato e iniziare con decisione il nuovo anno. La proposta c&#8217;\u00e8: nello stesso momento in cui questo nuovo giorno ci viene presentato come momento di grazia e di benedizione, scopriamo il passaggio del Signore nell&#8217;anno che \u00e8 passato e imploriamo la sua benedizione per il nuovo anno che inizia. L&#8217;immagine di Betlemme porta nuove speranze e opportunit\u00e0 per la costruzione di un nuovo mondo possibile. Ges\u00f9 si offre a noi come il vero Principe della pace, che con la sua vita e il suo amore disarma e costruisce, illumina e scopre nuove strade per la pace. E tutto questo possiamo farlo mano nella mano, con l\u2019esempio e sotto la cura di Maria, la piccola, la semplice, colei che ascolta la parola, la madre di Ges\u00f9.<\/p>\n<p>Cosa mi lascia l\u2019anno che finisce? Mi guardo indietro e contemplo il susseguirsi dei giorni come in un turbine, e mi fermo a rivedere cosa ho vissuto come importante, cosa mi ha lasciato vuoti e vuoti, quante cose ho potuto fare che mi hanno dato gioia, quante cose sono rimasti nel baule dei desideri e dei buoni propositi&#8230; Ci sono stati momenti di solitudine, di dolore e di sofferenza, \u00e8 vero; ma ci sono stati anche momenti di intesa, di affetto, di lavoro, di successi, di gioie&#8230; \u00c8 vita vissuta in pienezza, \u00e8 vita come dono di Dio. Mi feriscono le assenze delle persone care che se ne sono andate e mi hanno lasciato ricordi pieni di nostalgia e vuoti impossibili da riempire; Mi feriscono le malattie mie e degli altri, che mettono alla prova la nostra fede e la nostra forza, che minano le nostre sicurezze e che ci fanno capire quanto siamo fragili. Sono ferito dalla violenza, dalla guerra, dalla fame, dalla morte e dalla corruzione. Ma guardando ogni giorno e ogni momento, scopro con sorpresa e gratitudine la presenza di Ges\u00f9 sempre e incondizionatamente. Ci sono momenti in cui mi sono dimenticato di Lui, ma Lui non si \u00e8 mai dimenticato di me; Ci sono momenti in cui le mie azioni non erano in accordo con i Suoi pensieri, ma Lui non mi ha mai abbandonato. Ho sempre sentito la sua presenza vicina, discreta e incondizionata. Come a Betlemme, nel silenzio, in mezzo alla violenza, continua ad offrire la sua proposta di pace. Per me questo momento \u00e8 un momento di grazia e un dono del Suo amore. Perch\u00e9 non scoprire il valore della propria vita, un dono di Dio, come primo passo per trovare la pace interiore?<\/p>\n<p>E come ogni buon cristiano, all&#8217;inizio dell&#8217;anno trovo una benedizione. Mos\u00e8 trasmette ad Aronne il modo in cui ogni Israelita deve iniziare ogni sua opera, con la memoria e l&#8217;esperienza della presenza di Dio nella propria vita: \u00abIl Signore ti benedica e ti protegga, faccia risplendere su di te il suo volto e ti conceda la sua grazia. . Il Signore ti guardi con benevolenza e ti conceda la pace\u201d. \u00c8 l\u2019evento pi\u00f9 grande per tutti gli uomini: riconoscersi nelle mani di Dio. \u00c8 l&#8217;inizio della vera pace: scoprirsi fratelli e benedetti dallo stesso Padre. Significa diventare una benedizione per gli altri e manifestare il volto di Dio nella nostra vita, nello stesso tempo in cui scopriamo il volto di Dio in loro. Questa benedizione trova la sua pienezza nel brano evangelico. Il testo si conclude con la storia della circoncisione. \u00c8 un rito che esprime le radici ebraiche di Ges\u00f9, il legame con le promesse dei profeti dell&#8217;Antico Testamento. Ges\u00f9 \u00e8 nato sotto la Legge, ma \u00e8 venuto a salvare quelli che erano sotto la Legge, per renderli figli di adozione. Tutti siamo stati salvati da Ges\u00f9, perch\u00e9 Lui \u00e8 nostro fratello. Adesso possiamo chiamare Dio <em>\u201cAbb\u00e0!\u201d<\/em>, Padre. Confesso che \u00e8 la migliore notizia che potessi ricevere: Dio \u00e8 mio padre, che mi ama, mi coccola, mi perdona, \u00e8 attento a me, mi guida sulla retta via. Perch\u00e9 avere paura, se Dio mi accompagna sempre?<\/p>\n<p>E questa notizia e questa benedizione sono il modo migliore che abbiamo per fermare l\u2019escalation di violenza. Solo quando scopriremo il volto e l\u2019immagine di Dio, quando vedremo negli altri il volto e l\u2019immagine di nostro Padre, saremo capaci di superare l\u2019odio, le ambizioni e i risentimenti. Lui fa cos\u00ec e cos\u00ec ci insegna Ges\u00f9. Penso che non ci siamo resi conto della grandezza e della gioia che produce questa grande notizia, sapendo che Dio \u00e8 mio Padre. Eliminiamo la paura o la paura dalle nostre credenze, perch\u00e9 non ha alcun significato in chi crede nel Dio rivelato da Ges\u00f9. Il nome dato al Dio-Bambino indica quale \u00e8 la sua missione; A quel tempo il nome non fu dato per caso o perch\u00e9 piacesse molto al padre. Ges\u00f9 significa &#8220;Dio salva&#8221;, cio\u00e8 Dio \u00e8 per noi. La religione della paura o dell\u2019aggressivit\u00e0 non \u00e8 cristiana, \u00e8 vera solo la religione dell\u2019amore, della speranza e della fratellanza. Se Dio ci ama, se mi ha fatto suo figlio, se Ges\u00f9 si \u00e8 fatto uomo per me, ma anche per mio fratello, se viene a salvarci tutti, perch\u00e9 continuare ad attaccarci e a lottare? Perch\u00e9 non spezzare la catena della violenza con l&#8217;amore?<\/p>\n<p>Oggi all&#8217;inizio dell&#8217;anno rinnoviamo la benedizione che Dio nostro Padre ci offre nel suo Figlio Ges\u00f9. Impegniamoci seriamente per costruire un mondo senza violenza. Rivediamo i nostri spazi e bandiamo ogni violenza familiare, istituzionale e discriminatoria. Se Ges\u00f9 si \u00e8 fatto uomo per noi, \u00e8 certo che si pu\u00f2 costruire un mondo diverso, con il suo amore, con la sua parola e nel suo stile. Maria, la piccola e fedele, sapeva ascoltare le parole e farle vivere. Seguiamo il loro esempio e costruiamo un mondo migliore partendo dalla vita di tutti i giorni.<\/p>\n<p><em>\u201cMaria, Vergine dell&#8217;attesa e del compimento, che custodisci il segreto del Natale, rendici capaci di riconoscere nel Bambino che tieni tra le braccia il Salvatore annunciato, che porta a tutti speranza e pace\u201d. Amen<\/em><\/p>\n","protected":false},"excerpt":{"rendered":"<p>Santa Maria, madre di Dio<\/p>\n","protected":false},"author":25,"featured_media":91242,"comment_status":"closed","ping_status":"closed","sticky":false,"template":"","format":"standard","meta":{"_acf_changed":false,"_crdt_document":"","inline_featured_image":false,"footnotes":""},"categories":[73,95],"tags":[10963,10964,4952,706],"class_list":["post-91364","post","type-post","status-publish","format-standard","has-post-thumbnail","hentry","category-chiesa-e-mondo","category-spiritualita","tag-enrique-diaz-2","tag-riflessione","tag-trending-it","tag-vangelo"],"acf":[],"yoast_head":"<!-- This site is optimized with the Yoast SEO plugin v27.4 - https:\/\/yoast.com\/product\/yoast-seo-wordpress\/ -->\n<title>Riflessione di Mons. Enrique D\u00edaz: \u201cInvocheranno il mio nome e io li benedir\u00f2\u201d &#8211; Exaudi<\/title>\n<meta name=\"robots\" content=\"index, follow, max-snippet:-1, max-image-preview:large, max-video-preview:-1\" \/>\n<link rel=\"canonical\" href=\"https:\/\/exaudi.org\/it\/riflessione-di-mons-enrique-diaz-invocheranno-il-mio-nome-e-io-li-benediro\/\" \/>\n<meta property=\"og:locale\" content=\"it_IT\" \/>\n<meta property=\"og:type\" content=\"article\" \/>\n<meta property=\"og:title\" content=\"Riflessione di Mons. Enrique D\u00edaz: \u201cInvocheranno il mio nome e io li benedir\u00f2\u201d &#8211; Exaudi\" \/>\n<meta property=\"og:description\" content=\"Santa Maria, madre di Dio\" \/>\n<meta property=\"og:url\" content=\"https:\/\/exaudi.org\/it\/riflessione-di-mons-enrique-diaz-invocheranno-il-mio-nome-e-io-li-benediro\/\" \/>\n<meta property=\"og:site_name\" content=\"Exaudi\" \/>\n<meta property=\"article:publisher\" content=\"https:\/\/www.facebook.com\/ExaudiNews\" \/>\n<meta property=\"article:published_time\" content=\"2024-01-01T15:51:11+00:00\" \/>\n<meta property=\"og:image\" content=\"https:\/\/exaudi.org\/wp-content\/uploads\/2023\/12\/DanielaSantiago-155692381675-cathopic-scaled.jpg\" \/>\n\t<meta property=\"og:image:width\" content=\"2560\" \/>\n\t<meta property=\"og:image:height\" content=\"1920\" \/>\n\t<meta property=\"og:image:type\" content=\"image\/jpeg\" \/>\n<meta name=\"author\" content=\"Enrique D\u00edaz\" \/>\n<meta name=\"twitter:card\" content=\"summary_large_image\" \/>\n<meta name=\"twitter:creator\" content=\"@Exaudi_News\" \/>\n<meta name=\"twitter:site\" content=\"@Exaudi_News\" \/>\n<meta name=\"twitter:label1\" content=\"Scritto da\" \/>\n\t<meta name=\"twitter:data1\" content=\"Enrique D\u00edaz\" \/>\n\t<meta name=\"twitter:label2\" content=\"Tempo di lettura stimato\" \/>\n\t<meta name=\"twitter:data2\" content=\"6 minuti\" \/>\n<script type=\"application\/ld+json\" class=\"yoast-schema-graph\">{\"@context\":\"https:\\\/\\\/schema.org\",\"@graph\":[{\"@type\":\"Article\",\"@id\":\"https:\\\/\\\/exaudi.org\\\/it\\\/riflessione-di-mons-enrique-diaz-invocheranno-il-mio-nome-e-io-li-benediro\\\/#article\",\"isPartOf\":{\"@id\":\"https:\\\/\\\/exaudi.org\\\/it\\\/riflessione-di-mons-enrique-diaz-invocheranno-il-mio-nome-e-io-li-benediro\\\/\"},\"author\":{\"name\":\"Enrique D\u00edaz\",\"@id\":\"https:\\\/\\\/exaudi.org\\\/#\\\/schema\\\/person\\\/c02ffbd10830fa375f6882f7dcf1844d\"},\"headline\":\"Riflessione di Mons. Enrique D\u00edaz: \u201cInvocheranno il mio nome e io li benedir\u00f2\u201d\",\"datePublished\":\"2024-01-01T15:51:11+00:00\",\"mainEntityOfPage\":{\"@id\":\"https:\\\/\\\/exaudi.org\\\/it\\\/riflessione-di-mons-enrique-diaz-invocheranno-il-mio-nome-e-io-li-benediro\\\/\"},\"wordCount\":1200,\"image\":{\"@id\":\"https:\\\/\\\/exaudi.org\\\/it\\\/riflessione-di-mons-enrique-diaz-invocheranno-il-mio-nome-e-io-li-benediro\\\/#primaryimage\"},\"thumbnailUrl\":\"https:\\\/\\\/exaudi.org\\\/wp-content\\\/uploads\\\/2023\\\/12\\\/DanielaSantiago-155692381675-cathopic-scaled.jpg\",\"keywords\":[\"ENRIQUE D\u00cdAZ\",\"RIFLESSIONE\",\"Trending\",\"Vangelo\"],\"articleSection\":[\"Chiesa e Mondo\",\"Spiritualit\u00e0\"],\"inLanguage\":\"it-IT\"},{\"@type\":\"WebPage\",\"@id\":\"https:\\\/\\\/exaudi.org\\\/it\\\/riflessione-di-mons-enrique-diaz-invocheranno-il-mio-nome-e-io-li-benediro\\\/\",\"url\":\"https:\\\/\\\/exaudi.org\\\/it\\\/riflessione-di-mons-enrique-diaz-invocheranno-il-mio-nome-e-io-li-benediro\\\/\",\"name\":\"Riflessione di Mons. Enrique D\u00edaz: \u201cInvocheranno il mio nome e io li benedir\u00f2\u201d &#8211; Exaudi\",\"isPartOf\":{\"@id\":\"https:\\\/\\\/exaudi.org\\\/#website\"},\"primaryImageOfPage\":{\"@id\":\"https:\\\/\\\/exaudi.org\\\/it\\\/riflessione-di-mons-enrique-diaz-invocheranno-il-mio-nome-e-io-li-benediro\\\/#primaryimage\"},\"image\":{\"@id\":\"https:\\\/\\\/exaudi.org\\\/it\\\/riflessione-di-mons-enrique-diaz-invocheranno-il-mio-nome-e-io-li-benediro\\\/#primaryimage\"},\"thumbnailUrl\":\"https:\\\/\\\/exaudi.org\\\/wp-content\\\/uploads\\\/2023\\\/12\\\/DanielaSantiago-155692381675-cathopic-scaled.jpg\",\"datePublished\":\"2024-01-01T15:51:11+00:00\",\"author\":{\"@id\":\"https:\\\/\\\/exaudi.org\\\/#\\\/schema\\\/person\\\/c02ffbd10830fa375f6882f7dcf1844d\"},\"breadcrumb\":{\"@id\":\"https:\\\/\\\/exaudi.org\\\/it\\\/riflessione-di-mons-enrique-diaz-invocheranno-il-mio-nome-e-io-li-benediro\\\/#breadcrumb\"},\"inLanguage\":\"it-IT\",\"potentialAction\":[{\"@type\":\"ReadAction\",\"target\":[\"https:\\\/\\\/exaudi.org\\\/it\\\/riflessione-di-mons-enrique-diaz-invocheranno-il-mio-nome-e-io-li-benediro\\\/\"]}]},{\"@type\":\"ImageObject\",\"inLanguage\":\"it-IT\",\"@id\":\"https:\\\/\\\/exaudi.org\\\/it\\\/riflessione-di-mons-enrique-diaz-invocheranno-il-mio-nome-e-io-li-benediro\\\/#primaryimage\",\"url\":\"https:\\\/\\\/exaudi.org\\\/wp-content\\\/uploads\\\/2023\\\/12\\\/DanielaSantiago-155692381675-cathopic-scaled.jpg\",\"contentUrl\":\"https:\\\/\\\/exaudi.org\\\/wp-content\\\/uploads\\\/2023\\\/12\\\/DanielaSantiago-155692381675-cathopic-scaled.jpg\",\"width\":2560,\"height\":1920,\"caption\":\"Cathopic\"},{\"@type\":\"BreadcrumbList\",\"@id\":\"https:\\\/\\\/exaudi.org\\\/it\\\/riflessione-di-mons-enrique-diaz-invocheranno-il-mio-nome-e-io-li-benediro\\\/#breadcrumb\",\"itemListElement\":[{\"@type\":\"ListItem\",\"position\":1,\"name\":\"Portada\",\"item\":\"https:\\\/\\\/exaudi.org\\\/it\\\/\"},{\"@type\":\"ListItem\",\"position\":2,\"name\":\"Riflessione di Mons. Enrique D\u00edaz: \u201cInvocheranno il mio nome e io li benedir\u00f2\u201d\"}]},{\"@type\":\"WebSite\",\"@id\":\"https:\\\/\\\/exaudi.org\\\/#website\",\"url\":\"https:\\\/\\\/exaudi.org\\\/\",\"name\":\"Exaudi\",\"description\":\"News\",\"potentialAction\":[{\"@type\":\"SearchAction\",\"target\":{\"@type\":\"EntryPoint\",\"urlTemplate\":\"https:\\\/\\\/exaudi.org\\\/?s={search_term_string}\"},\"query-input\":{\"@type\":\"PropertyValueSpecification\",\"valueRequired\":true,\"valueName\":\"search_term_string\"}}],\"inLanguage\":\"it-IT\"},{\"@type\":\"Person\",\"@id\":\"https:\\\/\\\/exaudi.org\\\/#\\\/schema\\\/person\\\/c02ffbd10830fa375f6882f7dcf1844d\",\"name\":\"Enrique D\u00edaz\",\"image\":{\"@type\":\"ImageObject\",\"inLanguage\":\"it-IT\",\"@id\":\"https:\\\/\\\/secure.gravatar.com\\\/avatar\\\/7ca10be5325a95d04b74082d68ba605aa69611eb0f68f47096cb1bc349873284?s=96&d=mm&r=g\",\"url\":\"https:\\\/\\\/secure.gravatar.com\\\/avatar\\\/7ca10be5325a95d04b74082d68ba605aa69611eb0f68f47096cb1bc349873284?s=96&d=mm&r=g\",\"contentUrl\":\"https:\\\/\\\/secure.gravatar.com\\\/avatar\\\/7ca10be5325a95d04b74082d68ba605aa69611eb0f68f47096cb1bc349873284?s=96&d=mm&r=g\",\"caption\":\"Enrique D\u00edaz\"},\"description\":\"Naci\u00f3 en Huandacareo, Michoac\u00e1n, M\u00e9xico, en 1952. Realiz\u00f3 sus estudios de Filosof\u00eda y Teolog\u00eda en el Seminario de Morelia. Ordenado di\u00e1cono el 22 de mayo de 1977, y presb\u00edtero el 23 de octubre del mismo a\u00f1o. Obtuvo la Licenciatura en Sagrada Escritura en el Pontificio Instituto B\u00edblico en Roma. Ha desarrollado m\u00faltiples encargos pastorales como el de capell\u00e1n de la rector\u00eda de las Tres Aves Mar\u00edas; responsable de la Pastoral B\u00edblica Diocesana y director de la Escuela B\u00edblica en Morelia; maestro de Biblia en el Seminario Conciliar de Morelia, p\u00e1rroco de la Parroquia de Nuestra Se\u00f1ora de Guadalupe, Col. Guadalupe, Morelia; o vicario episcopal para la Zona de Nuestra Se\u00f1ora de la Luz, P\u00e1tzcuaro. Ordenado obispo auxiliar de san Crist\u00f3bal de las Casas en 2003. En la Conferencia Episcopal form\u00f3 parte de las Comisiones de Biblia, Diaconado y Ministerios Laicales. Fue responsable de las Dimensiones de Ministerios Laicales, de Educaci\u00f3n y Cultura. Ha participado en encuentros latinoamericanos y mundiales sobre el Diaconado Permanente. Actualmente es el responsable de la Dimensi\u00f3n de Pastoral de la Cultura. Particip\u00f3 como Miembro del S\u00ednodo de Obispos sobre la Palabra de Dios en la Vida y Misi\u00f3n de la Iglesia en Roma, en 2008. Recibi\u00f3 el nombramiento de obispo coadjutor de San Crist\u00f3bal de las Casas en 2014. Nombrado II obispo de Irapuato el d\u00eda 11 de marzo, tom\u00f3 posesi\u00f3n el 19 de Mayo. Colabora en varias revistas y publicaciones sobre todo con la reflexi\u00f3n diaria y dominical tanto en audio como escrita.\",\"url\":\"https:\\\/\\\/exaudi.org\\\/it\\\/author\\\/enriquediaz\\\/\"}]}<\/script>\n<!-- \/ Yoast SEO plugin. -->","yoast_head_json":{"title":"Riflessione di Mons. Enrique D\u00edaz: \u201cInvocheranno il mio nome e io li benedir\u00f2\u201d &#8211; Exaudi","robots":{"index":"index","follow":"follow","max-snippet":"max-snippet:-1","max-image-preview":"max-image-preview:large","max-video-preview":"max-video-preview:-1"},"canonical":"https:\/\/exaudi.org\/it\/riflessione-di-mons-enrique-diaz-invocheranno-il-mio-nome-e-io-li-benediro\/","og_locale":"it_IT","og_type":"article","og_title":"Riflessione di Mons. Enrique D\u00edaz: \u201cInvocheranno il mio nome e io li benedir\u00f2\u201d &#8211; Exaudi","og_description":"Santa Maria, madre di Dio","og_url":"https:\/\/exaudi.org\/it\/riflessione-di-mons-enrique-diaz-invocheranno-il-mio-nome-e-io-li-benediro\/","og_site_name":"Exaudi","article_publisher":"https:\/\/www.facebook.com\/ExaudiNews","article_published_time":"2024-01-01T15:51:11+00:00","og_image":[{"width":2560,"height":1920,"url":"https:\/\/exaudi.org\/wp-content\/uploads\/2023\/12\/DanielaSantiago-155692381675-cathopic-scaled.jpg","type":"image\/jpeg"}],"author":"Enrique D\u00edaz","twitter_card":"summary_large_image","twitter_creator":"@Exaudi_News","twitter_site":"@Exaudi_News","twitter_misc":{"Scritto da":"Enrique D\u00edaz","Tempo di lettura stimato":"6 minuti"},"schema":{"@context":"https:\/\/schema.org","@graph":[{"@type":"Article","@id":"https:\/\/exaudi.org\/it\/riflessione-di-mons-enrique-diaz-invocheranno-il-mio-nome-e-io-li-benediro\/#article","isPartOf":{"@id":"https:\/\/exaudi.org\/it\/riflessione-di-mons-enrique-diaz-invocheranno-il-mio-nome-e-io-li-benediro\/"},"author":{"name":"Enrique D\u00edaz","@id":"https:\/\/exaudi.org\/#\/schema\/person\/c02ffbd10830fa375f6882f7dcf1844d"},"headline":"Riflessione di Mons. Enrique D\u00edaz: \u201cInvocheranno il mio nome e io li benedir\u00f2\u201d","datePublished":"2024-01-01T15:51:11+00:00","mainEntityOfPage":{"@id":"https:\/\/exaudi.org\/it\/riflessione-di-mons-enrique-diaz-invocheranno-il-mio-nome-e-io-li-benediro\/"},"wordCount":1200,"image":{"@id":"https:\/\/exaudi.org\/it\/riflessione-di-mons-enrique-diaz-invocheranno-il-mio-nome-e-io-li-benediro\/#primaryimage"},"thumbnailUrl":"https:\/\/exaudi.org\/wp-content\/uploads\/2023\/12\/DanielaSantiago-155692381675-cathopic-scaled.jpg","keywords":["ENRIQUE D\u00cdAZ","RIFLESSIONE","Trending","Vangelo"],"articleSection":["Chiesa e Mondo","Spiritualit\u00e0"],"inLanguage":"it-IT"},{"@type":"WebPage","@id":"https:\/\/exaudi.org\/it\/riflessione-di-mons-enrique-diaz-invocheranno-il-mio-nome-e-io-li-benediro\/","url":"https:\/\/exaudi.org\/it\/riflessione-di-mons-enrique-diaz-invocheranno-il-mio-nome-e-io-li-benediro\/","name":"Riflessione di Mons. Enrique D\u00edaz: \u201cInvocheranno il mio nome e io li benedir\u00f2\u201d &#8211; Exaudi","isPartOf":{"@id":"https:\/\/exaudi.org\/#website"},"primaryImageOfPage":{"@id":"https:\/\/exaudi.org\/it\/riflessione-di-mons-enrique-diaz-invocheranno-il-mio-nome-e-io-li-benediro\/#primaryimage"},"image":{"@id":"https:\/\/exaudi.org\/it\/riflessione-di-mons-enrique-diaz-invocheranno-il-mio-nome-e-io-li-benediro\/#primaryimage"},"thumbnailUrl":"https:\/\/exaudi.org\/wp-content\/uploads\/2023\/12\/DanielaSantiago-155692381675-cathopic-scaled.jpg","datePublished":"2024-01-01T15:51:11+00:00","author":{"@id":"https:\/\/exaudi.org\/#\/schema\/person\/c02ffbd10830fa375f6882f7dcf1844d"},"breadcrumb":{"@id":"https:\/\/exaudi.org\/it\/riflessione-di-mons-enrique-diaz-invocheranno-il-mio-nome-e-io-li-benediro\/#breadcrumb"},"inLanguage":"it-IT","potentialAction":[{"@type":"ReadAction","target":["https:\/\/exaudi.org\/it\/riflessione-di-mons-enrique-diaz-invocheranno-il-mio-nome-e-io-li-benediro\/"]}]},{"@type":"ImageObject","inLanguage":"it-IT","@id":"https:\/\/exaudi.org\/it\/riflessione-di-mons-enrique-diaz-invocheranno-il-mio-nome-e-io-li-benediro\/#primaryimage","url":"https:\/\/exaudi.org\/wp-content\/uploads\/2023\/12\/DanielaSantiago-155692381675-cathopic-scaled.jpg","contentUrl":"https:\/\/exaudi.org\/wp-content\/uploads\/2023\/12\/DanielaSantiago-155692381675-cathopic-scaled.jpg","width":2560,"height":1920,"caption":"Cathopic"},{"@type":"BreadcrumbList","@id":"https:\/\/exaudi.org\/it\/riflessione-di-mons-enrique-diaz-invocheranno-il-mio-nome-e-io-li-benediro\/#breadcrumb","itemListElement":[{"@type":"ListItem","position":1,"name":"Portada","item":"https:\/\/exaudi.org\/it\/"},{"@type":"ListItem","position":2,"name":"Riflessione di Mons. Enrique D\u00edaz: \u201cInvocheranno il mio nome e io li benedir\u00f2\u201d"}]},{"@type":"WebSite","@id":"https:\/\/exaudi.org\/#website","url":"https:\/\/exaudi.org\/","name":"Exaudi","description":"News","potentialAction":[{"@type":"SearchAction","target":{"@type":"EntryPoint","urlTemplate":"https:\/\/exaudi.org\/?s={search_term_string}"},"query-input":{"@type":"PropertyValueSpecification","valueRequired":true,"valueName":"search_term_string"}}],"inLanguage":"it-IT"},{"@type":"Person","@id":"https:\/\/exaudi.org\/#\/schema\/person\/c02ffbd10830fa375f6882f7dcf1844d","name":"Enrique D\u00edaz","image":{"@type":"ImageObject","inLanguage":"it-IT","@id":"https:\/\/secure.gravatar.com\/avatar\/7ca10be5325a95d04b74082d68ba605aa69611eb0f68f47096cb1bc349873284?s=96&d=mm&r=g","url":"https:\/\/secure.gravatar.com\/avatar\/7ca10be5325a95d04b74082d68ba605aa69611eb0f68f47096cb1bc349873284?s=96&d=mm&r=g","contentUrl":"https:\/\/secure.gravatar.com\/avatar\/7ca10be5325a95d04b74082d68ba605aa69611eb0f68f47096cb1bc349873284?s=96&d=mm&r=g","caption":"Enrique D\u00edaz"},"description":"Naci\u00f3 en Huandacareo, Michoac\u00e1n, M\u00e9xico, en 1952. Realiz\u00f3 sus estudios de Filosof\u00eda y Teolog\u00eda en el Seminario de Morelia. Ordenado di\u00e1cono el 22 de mayo de 1977, y presb\u00edtero el 23 de octubre del mismo a\u00f1o. Obtuvo la Licenciatura en Sagrada Escritura en el Pontificio Instituto B\u00edblico en Roma. Ha desarrollado m\u00faltiples encargos pastorales como el de capell\u00e1n de la rector\u00eda de las Tres Aves Mar\u00edas; responsable de la Pastoral B\u00edblica Diocesana y director de la Escuela B\u00edblica en Morelia; maestro de Biblia en el Seminario Conciliar de Morelia, p\u00e1rroco de la Parroquia de Nuestra Se\u00f1ora de Guadalupe, Col. Guadalupe, Morelia; o vicario episcopal para la Zona de Nuestra Se\u00f1ora de la Luz, P\u00e1tzcuaro. Ordenado obispo auxiliar de san Crist\u00f3bal de las Casas en 2003. En la Conferencia Episcopal form\u00f3 parte de las Comisiones de Biblia, Diaconado y Ministerios Laicales. Fue responsable de las Dimensiones de Ministerios Laicales, de Educaci\u00f3n y Cultura. Ha participado en encuentros latinoamericanos y mundiales sobre el Diaconado Permanente. Actualmente es el responsable de la Dimensi\u00f3n de Pastoral de la Cultura. Particip\u00f3 como Miembro del S\u00ednodo de Obispos sobre la Palabra de Dios en la Vida y Misi\u00f3n de la Iglesia en Roma, en 2008. Recibi\u00f3 el nombramiento de obispo coadjutor de San Crist\u00f3bal de las Casas en 2014. Nombrado II obispo de Irapuato el d\u00eda 11 de marzo, tom\u00f3 posesi\u00f3n el 19 de Mayo. Colabora en varias revistas y publicaciones sobre todo con la reflexi\u00f3n diaria y dominical tanto en audio como escrita.","url":"https:\/\/exaudi.org\/it\/author\/enriquediaz\/"}]}},"jetpack_featured_media_url":"https:\/\/exaudi.org\/wp-content\/uploads\/2023\/12\/DanielaSantiago-155692381675-cathopic-scaled.jpg","jetpack_shortlink":"https:\/\/wp.me\/pgKjF2-nLC","_links":{"self":[{"href":"https:\/\/exaudi.org\/it\/wp-json\/wp\/v2\/posts\/91364","targetHints":{"allow":["GET"]}}],"collection":[{"href":"https:\/\/exaudi.org\/it\/wp-json\/wp\/v2\/posts"}],"about":[{"href":"https:\/\/exaudi.org\/it\/wp-json\/wp\/v2\/types\/post"}],"author":[{"embeddable":true,"href":"https:\/\/exaudi.org\/it\/wp-json\/wp\/v2\/users\/25"}],"replies":[{"embeddable":true,"href":"https:\/\/exaudi.org\/it\/wp-json\/wp\/v2\/comments?post=91364"}],"version-history":[{"count":0,"href":"https:\/\/exaudi.org\/it\/wp-json\/wp\/v2\/posts\/91364\/revisions"}],"wp:featuredmedia":[{"embeddable":true,"href":"https:\/\/exaudi.org\/it\/wp-json\/wp\/v2\/media\/91242"}],"wp:attachment":[{"href":"https:\/\/exaudi.org\/it\/wp-json\/wp\/v2\/media?parent=91364"}],"wp:term":[{"taxonomy":"category","embeddable":true,"href":"https:\/\/exaudi.org\/it\/wp-json\/wp\/v2\/categories?post=91364"},{"taxonomy":"post_tag","embeddable":true,"href":"https:\/\/exaudi.org\/it\/wp-json\/wp\/v2\/tags?post=91364"}],"curies":[{"name":"wp","href":"https:\/\/api.w.org\/{rel}","templated":true}]}}