{"id":91314,"date":"2023-12-31T17:11:39","date_gmt":"2023-12-31T16:11:39","guid":{"rendered":"https:\/\/exaudi.org\/?p=91314"},"modified":"2023-12-31T17:11:39","modified_gmt":"2023-12-31T16:11:39","slug":"riflettiamo-sulla-famiglia-poverta-ostacoli-e-stupori","status":"publish","type":"post","link":"https:\/\/exaudi.org\/it\/riflettiamo-sulla-famiglia-poverta-ostacoli-e-stupori\/","title":{"rendered":"&#8220;Riflettiamo sulla Famiglia: povert\u00e0, ostacoli e stupori&#8221;"},"content":{"rendered":"<p>Alle ore 12 di oggi, il Santo Padre Francesco si \u00e8 affacciato alla finestra dello studio nel Palazzo Apostolico Vaticano per recitare l\u2019Angelus con i fedeli e i pellegrini riuniti in Piazza San Pietro.<\/p>\n<p>Queste le parole del Papa nell\u2019introdurre la preghiera mariana:<\/p>\n<p><a name=\"prima\"><\/a><b><u>Prima dell\u2019Angelus<\/u><\/b><\/p>\n<div class=\"testo\">\n<div class=\"text parbase vaticanrichtext\">\n<p>Cari fratelli e sorelle, buongiorno!<\/p>\n<p>Oggi celebriamo la festa della Santa Famiglia di Ges\u00f9, Maria e Giuseppe. Il Vangelo ce la mostra al tempio di Gerusalemme, per la presentazione del Bambino al Signore (cfr\u00a0<i>Lc<\/i>\u00a02,22-40).<\/p>\n<p>Arriva al tempio e l\u00ec porta in dono l\u2019offerta pi\u00f9 umile e semplice tra quelle previste, a testimonianza della sua povert\u00e0. Infine, Maria riceve una profezia: \u00abA te una spada trafigger\u00e0 l\u2019anima\u00bb (v. 35). Arrivano nella povert\u00e0 e ripartono con un carico di sofferenza. Ci\u00f2 desta sorpresa: ma come, la Famiglia di Ges\u00f9, l\u2019unica famiglia della storia che pu\u00f2 vantare in s\u00e9 stessa la presenza di Dio in carne e ossa, anzich\u00e9 essere ricca \u00e8 povera! Anzich\u00e9 essere agevolata, sembra ostacolata! Anzich\u00e9 essere priva di fatiche, \u00e8 immersa in grandi dolori!<\/p>\n<p>Che cosa dice questo alle nostre famiglie, questo modo di vivere, la storia della Santa Famiglia, povera, ostacolata, con grandi dolori? Ci dice una cosa molto bella: Dio, che spesso immaginiamo stia al di l\u00e0 dei problemi, \u00e8 venuto ad abitare la nostra vita con i suoi problemi. Lui ci ha salvato cos\u00ec: non \u00e8 venuto gi\u00e0 adulto, ma piccolissimo; ha vissuto in famiglia, figlio di una mamma e di un pap\u00e0; l\u00ec ha trascorso la maggior parte del suo tempo, crescendo, imparando, in una vita fatta di quotidianit\u00e0, nascondimento e silenzio. E non ha evitato le difficolt\u00e0, anzi, scegliendo una famiglia, una famiglia \u201cesperta nel soffrire\u201d, e dice alle nostre famiglie: \u201cSe vi trovate in difficolt\u00e0, io so che cosa provate, l\u2019ho vissuto: io, mia madre e mio padre l\u2019abbiamo provato per dire anche alla vostra famiglia: non siete soli!\u201d.<\/p>\n<p>Giuseppe e Maria \u201csi stupivano delle cose che si dicevano di Ges\u00f9\u201d (cfr\u00a0<i>Lc<\/i>\u00a02,33), perch\u00e9 non pensavano che ci fossero il vecchio Simeone e la profetessa Anna a dire queste cose. Si stupivano. E voglio fermarmi su questo oggi: sulla capacit\u00e0 di stupore. La capacit\u00e0 di stupore \u00e8 un segreto per andare avanti bene in famiglia. Non abituarsi all\u2019ordinariet\u00e0 delle cose. Sapersi anzitutto stupire di Dio, che ci accompagna. E poi, stupirsi in famiglia. Penso che \u00e8 bene nella coppia sapersi stupire del proprio coniuge, ad esempio prendendolo per mano e guardandolo negli occhi alla sera per qualche istante, con tenerezza: lo stupore ti porta alla tenerezza, sempre. \u00c8 bella la tenerezza nel matrimonio. E poi stupirsi del miracolo della vita, dei figli, trovando il tempo per giocare con loro e per ascoltarli. Domando a voi, padri e madri: trovate del tempo per giocare con i figli? Per portarli a passeggiare? Ieri ho sentito al telefono una persona e le ho chiesto: \u201cDove sei?\u201d \u2013 \u201cSono in piazza, ho portato a passeggiare i miei figli\u201d. \u00c8 una bella paternit\u00e0 e maternit\u00e0, questa. E poi, stupirsi della saggezza dei nonni. Tante volte, noi i nonni li tiriamo fuori dalla vita. No, i nonni sono fonti di saggezza. Impariamo a stupirci della saggezza dei nonni, della loro storia. I nonni che riportano la vita all\u2019essenziale. E stupirsi, infine, della propria storia d\u2019amore \u2013 ognuno di noi ha la propria: il Signore ci ha fatto camminare con amore, stupirsi di questo. La nostra vita ha sicuramente degli aspetti negativi, ma stupirsi anche della bont\u00e0 di Dio di camminare con noi, anche se noi siamo cos\u00ec inesperti.<\/p>\n<p>Maria, Regina della famiglia, ci aiuti a stupirci: chiediamo oggi la grazia dello stupore. La Madonna ci aiuti a stupirci ogni giorno del bene e a sapere insegnare agli altri la bellezza dello stupore.<\/p>\n<p>_________________________<\/p>\n<p><b>Dopo l\u2019Angelus<\/b><\/p>\n<p>Cari fratelli e sorelle!<\/p>\n<p>Purtroppo la celebrazione del Natale in Nigeria \u00e8 stata segnata da gravi violenze nello Stato di Plateau, con molte vittime. Prego per loro e per le loro famiglie. Che Dio liberi la Nigeria da questi orrori! E prego anche per quanti hanno perso la vita nell\u2019esplosione di un camion-cisterna in Liberia.<\/p>\n<p>Continuiamo a pregare per i popoli che soffrono a causa delle guerre: il martoriato popolo ucraino, i popoli palestinese e israeliano, il popolo sudanese e tanti altri. Al termine di un anno, si abbia il coraggio di chiedersi: quante vite umane sono state spezzate dai conflitti armati? Quanti morti? E quante distruzioni, quanta sofferenza, quanta povert\u00e0? Chi ha interessi in questi conflitti, ascolti la voce della coscienza. E non dimentichiamo i martoriati Rohingya!<\/p>\n<p>Un anno fa Papa Benedetto XVI concludeva il suo cammino terreno, dopo aver servito con amore e sapienza la Chiesa. Sentiamo per lui tanto affetto, tanta gratitudine, tanta ammirazione. Dal Cielo ci benedica e ci accompagni. Un applauso a Benedetto XVI!<\/p>\n<p>Saluto tutti i romani, i pellegrini, i gruppi parrocchiali, le associazioni e i giovani. Oggi rivolgo un saluto speciale alle famiglie qui presenti e a quelle collegate mediante la televisione e gli altri mezzi di comunicazione. Non dimentichiamo che la famiglia \u00e8 la cellula fondamentale della societ\u00e0: bisogna sempre difenderla e sostenerla, sempre!<\/p>\n<p>Saluto la squadra nazionale italiana maschile di pallavolo\u00a0<i>under<\/i>\u00a018; e saluto i figuranti del Presepe vivente di Marcellano, in Umbria.<\/p>\n<p>E a tutti auguro una buona domenica. Una benedizione alle vostre famiglie! E auguro anche un fine anno sereno. Per favore, non dimenticatevi di pregare per me. Buon pranzo e arrivederci!<\/p>\n<p><iframe loading=\"lazy\" title=\"Ang\u00e9lus du 31 d\u00e9cembre\" width=\"500\" height=\"281\" src=\"https:\/\/www.youtube.com\/embed\/pKFuksCg5hU?feature=oembed\" frameborder=\"0\" allow=\"accelerometer; autoplay; clipboard-write; encrypted-media; gyroscope; picture-in-picture; web-share\" referrerpolicy=\"strict-origin-when-cross-origin\" allowfullscreen><\/iframe><\/p>\n<div class=\"clearfix\"><\/div>\n<\/div>\n<div class=\"content parsys\"><\/div>\n<\/div>\n","protected":false},"excerpt":{"rendered":"<p>Festa della Santa Famiglia di Ges\u00f9, Maria e Giuseppe<\/p>\n","protected":false},"author":17,"featured_media":91315,"comment_status":"closed","ping_status":"closed","sticky":false,"template":"","format":"standard","meta":{"_acf_changed":false,"_crdt_document":"","inline_featured_image":false,"footnotes":""},"categories":[69,67],"tags":[11837,2487,251],"class_list":["post-91314","post","type-post","status-publish","format-standard","has-post-thumbnail","hentry","category-angelus-it","category-leone-xiv","tag-angelus-31-dicembre-2023","tag-featured-3","tag-papa-francesco"],"acf":[],"yoast_head":"<!-- This site is optimized with the Yoast SEO plugin v27.4 - https:\/\/yoast.com\/product\/yoast-seo-wordpress\/ -->\n<title>&quot;Riflettiamo sulla Famiglia: povert\u00e0, ostacoli e stupori&quot; &#8211; Exaudi<\/title>\n<meta name=\"robots\" content=\"index, follow, max-snippet:-1, max-image-preview:large, max-video-preview:-1\" \/>\n<link rel=\"canonical\" href=\"https:\/\/exaudi.org\/it\/let-us-reflect-on-the-family-poverty-obstacles-and-worries\/\" \/>\n<meta property=\"og:locale\" content=\"it_IT\" \/>\n<meta property=\"og:type\" content=\"article\" \/>\n<meta property=\"og:title\" content=\"&quot;Riflettiamo sulla Famiglia: povert\u00e0, ostacoli e stupori&quot; &#8211; Exaudi\" \/>\n<meta property=\"og:description\" content=\"Festa della Santa Famiglia di Ges\u00f9, Maria e Giuseppe\" \/>\n<meta property=\"og:url\" content=\"https:\/\/exaudi.org\/let-us-reflect-on-the-family-poverty-obstacles-and-worries\/\" \/>\n<meta property=\"og:site_name\" content=\"Exaudi\" \/>\n<meta property=\"article:publisher\" content=\"https:\/\/www.facebook.com\/ExaudiNews\" \/>\n<meta property=\"article:author\" content=\"https:\/\/www.facebook.com\/ExaudiNotizie\/\" \/>\n<meta property=\"article:published_time\" content=\"2023-12-31T16:11:39+00:00\" \/>\n<meta property=\"og:image\" content=\"https:\/\/exaudi.org\/wp-content\/uploads\/2023\/12\/cq5dam.web_.800.800-9.jpeg\" \/>\n\t<meta property=\"og:image:width\" content=\"800\" \/>\n\t<meta property=\"og:image:height\" content=\"533\" \/>\n\t<meta property=\"og:image:type\" content=\"image\/jpeg\" \/>\n<meta name=\"author\" content=\"Exaudi Redazione\" \/>\n<meta name=\"twitter:card\" content=\"summary_large_image\" \/>\n<meta name=\"twitter:creator\" content=\"@Exaudi_Notizie\" \/>\n<meta name=\"twitter:site\" content=\"@Exaudi_News\" \/>\n<meta name=\"twitter:label1\" content=\"Scritto da\" \/>\n\t<meta name=\"twitter:data1\" content=\"Exaudi Redazione\" \/>\n\t<meta name=\"twitter:label2\" content=\"Tempo di lettura stimato\" \/>\n\t<meta name=\"twitter:data2\" content=\"5 minuti\" \/>\n<script type=\"application\/ld+json\" class=\"yoast-schema-graph\">{\"@context\":\"https:\\\/\\\/schema.org\",\"@graph\":[{\"@type\":\"Article\",\"@id\":\"https:\\\/\\\/exaudi.org\\\/let-us-reflect-on-the-family-poverty-obstacles-and-worries\\\/#article\",\"isPartOf\":{\"@id\":\"https:\\\/\\\/exaudi.org\\\/let-us-reflect-on-the-family-poverty-obstacles-and-worries\\\/\"},\"author\":{\"name\":\"Exaudi Redazione\",\"@id\":\"https:\\\/\\\/exaudi.org\\\/#\\\/schema\\\/person\\\/e1ab6ed07c01774724dd96f925f3a5f0\"},\"headline\":\"&#8220;Riflettiamo sulla Famiglia: povert\u00e0, ostacoli e stupori&#8221;\",\"datePublished\":\"2023-12-31T16:11:39+00:00\",\"mainEntityOfPage\":{\"@id\":\"https:\\\/\\\/exaudi.org\\\/let-us-reflect-on-the-family-poverty-obstacles-and-worries\\\/\"},\"wordCount\":907,\"image\":{\"@id\":\"https:\\\/\\\/exaudi.org\\\/let-us-reflect-on-the-family-poverty-obstacles-and-worries\\\/#primaryimage\"},\"thumbnailUrl\":\"https:\\\/\\\/exaudi.org\\\/wp-content\\\/uploads\\\/2023\\\/12\\\/cq5dam.web_.800.800-9.jpeg\",\"keywords\":[\"Angelus 31 dicembre 2023\",\"Featured\",\"Papa Francesco\"],\"articleSection\":[\"Angelus\",\"Leone XIV\"],\"inLanguage\":\"it-IT\"},{\"@type\":\"WebPage\",\"@id\":\"https:\\\/\\\/exaudi.org\\\/let-us-reflect-on-the-family-poverty-obstacles-and-worries\\\/\",\"url\":\"https:\\\/\\\/exaudi.org\\\/let-us-reflect-on-the-family-poverty-obstacles-and-worries\\\/\",\"name\":\"\\\"Riflettiamo sulla Famiglia: povert\u00e0, ostacoli e stupori\\\" &#8211; Exaudi\",\"isPartOf\":{\"@id\":\"https:\\\/\\\/exaudi.org\\\/#website\"},\"primaryImageOfPage\":{\"@id\":\"https:\\\/\\\/exaudi.org\\\/let-us-reflect-on-the-family-poverty-obstacles-and-worries\\\/#primaryimage\"},\"image\":{\"@id\":\"https:\\\/\\\/exaudi.org\\\/let-us-reflect-on-the-family-poverty-obstacles-and-worries\\\/#primaryimage\"},\"thumbnailUrl\":\"https:\\\/\\\/exaudi.org\\\/wp-content\\\/uploads\\\/2023\\\/12\\\/cq5dam.web_.800.800-9.jpeg\",\"datePublished\":\"2023-12-31T16:11:39+00:00\",\"author\":{\"@id\":\"https:\\\/\\\/exaudi.org\\\/#\\\/schema\\\/person\\\/e1ab6ed07c01774724dd96f925f3a5f0\"},\"breadcrumb\":{\"@id\":\"https:\\\/\\\/exaudi.org\\\/let-us-reflect-on-the-family-poverty-obstacles-and-worries\\\/#breadcrumb\"},\"inLanguage\":\"it-IT\",\"potentialAction\":[{\"@type\":\"ReadAction\",\"target\":[\"https:\\\/\\\/exaudi.org\\\/let-us-reflect-on-the-family-poverty-obstacles-and-worries\\\/\"]}]},{\"@type\":\"ImageObject\",\"inLanguage\":\"it-IT\",\"@id\":\"https:\\\/\\\/exaudi.org\\\/let-us-reflect-on-the-family-poverty-obstacles-and-worries\\\/#primaryimage\",\"url\":\"https:\\\/\\\/exaudi.org\\\/wp-content\\\/uploads\\\/2023\\\/12\\\/cq5dam.web_.800.800-9.jpeg\",\"contentUrl\":\"https:\\\/\\\/exaudi.org\\\/wp-content\\\/uploads\\\/2023\\\/12\\\/cq5dam.web_.800.800-9.jpeg\",\"width\":800,\"height\":533,\"caption\":\"Vatican Media\"},{\"@type\":\"BreadcrumbList\",\"@id\":\"https:\\\/\\\/exaudi.org\\\/let-us-reflect-on-the-family-poverty-obstacles-and-worries\\\/#breadcrumb\",\"itemListElement\":[{\"@type\":\"ListItem\",\"position\":1,\"name\":\"Portada\",\"item\":\"https:\\\/\\\/exaudi.org\\\/it\\\/\"},{\"@type\":\"ListItem\",\"position\":2,\"name\":\"&#8220;Riflettiamo sulla Famiglia: povert\u00e0, ostacoli e stupori&#8221;\"}]},{\"@type\":\"WebSite\",\"@id\":\"https:\\\/\\\/exaudi.org\\\/#website\",\"url\":\"https:\\\/\\\/exaudi.org\\\/\",\"name\":\"Exaudi\",\"description\":\"News\",\"potentialAction\":[{\"@type\":\"SearchAction\",\"target\":{\"@type\":\"EntryPoint\",\"urlTemplate\":\"https:\\\/\\\/exaudi.org\\\/?s={search_term_string}\"},\"query-input\":{\"@type\":\"PropertyValueSpecification\",\"valueRequired\":true,\"valueName\":\"search_term_string\"}}],\"inLanguage\":\"it-IT\"},{\"@type\":\"Person\",\"@id\":\"https:\\\/\\\/exaudi.org\\\/#\\\/schema\\\/person\\\/e1ab6ed07c01774724dd96f925f3a5f0\",\"name\":\"Exaudi Redazione\",\"image\":{\"@type\":\"ImageObject\",\"inLanguage\":\"it-IT\",\"@id\":\"https:\\\/\\\/secure.gravatar.com\\\/avatar\\\/ad6774b3ada023bf5b939d64f45c94b3adf91502dd883507d469b4308a943bb3?s=96&d=mm&r=g\",\"url\":\"https:\\\/\\\/secure.gravatar.com\\\/avatar\\\/ad6774b3ada023bf5b939d64f45c94b3adf91502dd883507d469b4308a943bb3?s=96&d=mm&r=g\",\"contentUrl\":\"https:\\\/\\\/secure.gravatar.com\\\/avatar\\\/ad6774b3ada023bf5b939d64f45c94b3adf91502dd883507d469b4308a943bb3?s=96&d=mm&r=g\",\"caption\":\"Exaudi Redazione\"},\"description\":\"Che cosa \u00e8 Exaudi News? Exaudi News \u00e8 un agenzia cattolica internazionale che informa, istruisce e trasforma quotidianamente in spagnolo, inglese e italiano. Attraverso notizie, articoli di analisi e trasmissioni in diretta degli eventi del Papa, Exaudi cerca di rafforzare l'unit\u00e0 dei cristiani e di contribuire all'evangelizzazione del mondo, sempre guidato dalla dottrina sociale della Chiesa. Lavoriamo per portare la verit\u00e0 e i valori cristiani in ogni angolo del pianeta. Aiutaci a trasformare il mondo con Exaudi! Noi di Exaudi crediamo che l'evangelizzazione e l'informazione di qualit\u00e0 possano cambiare la vita. Per continuare la nostra missione ed espandere la nostra portata, abbiamo bisogno del tuo aiuto. Stiamo anche cercando persone motivate che vogliano unirsi al nostro team. Grazie al vostro sostegno raggiungeremo pi\u00f9 persone, diffonderemo il messaggio di Cristo e rafforzeremo l'unit\u00e0 dei cristiani. Vuoi unirti alla nostra missione? Per maggiori informazioni su come contribuire, visita Exaudi.org\\\/it o contattaci direttamente: info@exaudi.org Exaudi: informa, forma e trasforma.\",\"sameAs\":[\"https:\\\/\\\/www.facebook.com\\\/ExaudiNotizie\\\/\",\"https:\\\/\\\/www.instagram.com\\\/Exaudi_notizie\\\/\",\"https:\\\/\\\/x.com\\\/Exaudi_Notizie\",\"https:\\\/\\\/www.youtube.com\\\/@exaudicatholicnews\"],\"url\":\"https:\\\/\\\/exaudi.org\\\/it\\\/author\\\/dlvedi-org\\\/\"}]}<\/script>\n<!-- \/ Yoast SEO plugin. -->","yoast_head_json":{"title":"\"Riflettiamo sulla Famiglia: povert\u00e0, ostacoli e stupori\" &#8211; Exaudi","robots":{"index":"index","follow":"follow","max-snippet":"max-snippet:-1","max-image-preview":"max-image-preview:large","max-video-preview":"max-video-preview:-1"},"canonical":"https:\/\/exaudi.org\/it\/let-us-reflect-on-the-family-poverty-obstacles-and-worries\/","og_locale":"it_IT","og_type":"article","og_title":"\"Riflettiamo sulla Famiglia: povert\u00e0, ostacoli e stupori\" &#8211; Exaudi","og_description":"Festa della Santa Famiglia di Ges\u00f9, Maria e Giuseppe","og_url":"https:\/\/exaudi.org\/let-us-reflect-on-the-family-poverty-obstacles-and-worries\/","og_site_name":"Exaudi","article_publisher":"https:\/\/www.facebook.com\/ExaudiNews","article_author":"https:\/\/www.facebook.com\/ExaudiNotizie\/","article_published_time":"2023-12-31T16:11:39+00:00","og_image":[{"width":800,"height":533,"url":"https:\/\/exaudi.org\/wp-content\/uploads\/2023\/12\/cq5dam.web_.800.800-9.jpeg","type":"image\/jpeg"}],"author":"Exaudi Redazione","twitter_card":"summary_large_image","twitter_creator":"@Exaudi_Notizie","twitter_site":"@Exaudi_News","twitter_misc":{"Scritto da":"Exaudi Redazione","Tempo di lettura stimato":"5 minuti"},"schema":{"@context":"https:\/\/schema.org","@graph":[{"@type":"Article","@id":"https:\/\/exaudi.org\/let-us-reflect-on-the-family-poverty-obstacles-and-worries\/#article","isPartOf":{"@id":"https:\/\/exaudi.org\/let-us-reflect-on-the-family-poverty-obstacles-and-worries\/"},"author":{"name":"Exaudi Redazione","@id":"https:\/\/exaudi.org\/#\/schema\/person\/e1ab6ed07c01774724dd96f925f3a5f0"},"headline":"&#8220;Riflettiamo sulla Famiglia: povert\u00e0, ostacoli e stupori&#8221;","datePublished":"2023-12-31T16:11:39+00:00","mainEntityOfPage":{"@id":"https:\/\/exaudi.org\/let-us-reflect-on-the-family-poverty-obstacles-and-worries\/"},"wordCount":907,"image":{"@id":"https:\/\/exaudi.org\/let-us-reflect-on-the-family-poverty-obstacles-and-worries\/#primaryimage"},"thumbnailUrl":"https:\/\/exaudi.org\/wp-content\/uploads\/2023\/12\/cq5dam.web_.800.800-9.jpeg","keywords":["Angelus 31 dicembre 2023","Featured","Papa Francesco"],"articleSection":["Angelus","Leone XIV"],"inLanguage":"it-IT"},{"@type":"WebPage","@id":"https:\/\/exaudi.org\/let-us-reflect-on-the-family-poverty-obstacles-and-worries\/","url":"https:\/\/exaudi.org\/let-us-reflect-on-the-family-poverty-obstacles-and-worries\/","name":"\"Riflettiamo sulla Famiglia: povert\u00e0, ostacoli e stupori\" &#8211; Exaudi","isPartOf":{"@id":"https:\/\/exaudi.org\/#website"},"primaryImageOfPage":{"@id":"https:\/\/exaudi.org\/let-us-reflect-on-the-family-poverty-obstacles-and-worries\/#primaryimage"},"image":{"@id":"https:\/\/exaudi.org\/let-us-reflect-on-the-family-poverty-obstacles-and-worries\/#primaryimage"},"thumbnailUrl":"https:\/\/exaudi.org\/wp-content\/uploads\/2023\/12\/cq5dam.web_.800.800-9.jpeg","datePublished":"2023-12-31T16:11:39+00:00","author":{"@id":"https:\/\/exaudi.org\/#\/schema\/person\/e1ab6ed07c01774724dd96f925f3a5f0"},"breadcrumb":{"@id":"https:\/\/exaudi.org\/let-us-reflect-on-the-family-poverty-obstacles-and-worries\/#breadcrumb"},"inLanguage":"it-IT","potentialAction":[{"@type":"ReadAction","target":["https:\/\/exaudi.org\/let-us-reflect-on-the-family-poverty-obstacles-and-worries\/"]}]},{"@type":"ImageObject","inLanguage":"it-IT","@id":"https:\/\/exaudi.org\/let-us-reflect-on-the-family-poverty-obstacles-and-worries\/#primaryimage","url":"https:\/\/exaudi.org\/wp-content\/uploads\/2023\/12\/cq5dam.web_.800.800-9.jpeg","contentUrl":"https:\/\/exaudi.org\/wp-content\/uploads\/2023\/12\/cq5dam.web_.800.800-9.jpeg","width":800,"height":533,"caption":"Vatican Media"},{"@type":"BreadcrumbList","@id":"https:\/\/exaudi.org\/let-us-reflect-on-the-family-poverty-obstacles-and-worries\/#breadcrumb","itemListElement":[{"@type":"ListItem","position":1,"name":"Portada","item":"https:\/\/exaudi.org\/it\/"},{"@type":"ListItem","position":2,"name":"&#8220;Riflettiamo sulla Famiglia: povert\u00e0, ostacoli e stupori&#8221;"}]},{"@type":"WebSite","@id":"https:\/\/exaudi.org\/#website","url":"https:\/\/exaudi.org\/","name":"Exaudi","description":"News","potentialAction":[{"@type":"SearchAction","target":{"@type":"EntryPoint","urlTemplate":"https:\/\/exaudi.org\/?s={search_term_string}"},"query-input":{"@type":"PropertyValueSpecification","valueRequired":true,"valueName":"search_term_string"}}],"inLanguage":"it-IT"},{"@type":"Person","@id":"https:\/\/exaudi.org\/#\/schema\/person\/e1ab6ed07c01774724dd96f925f3a5f0","name":"Exaudi Redazione","image":{"@type":"ImageObject","inLanguage":"it-IT","@id":"https:\/\/secure.gravatar.com\/avatar\/ad6774b3ada023bf5b939d64f45c94b3adf91502dd883507d469b4308a943bb3?s=96&d=mm&r=g","url":"https:\/\/secure.gravatar.com\/avatar\/ad6774b3ada023bf5b939d64f45c94b3adf91502dd883507d469b4308a943bb3?s=96&d=mm&r=g","contentUrl":"https:\/\/secure.gravatar.com\/avatar\/ad6774b3ada023bf5b939d64f45c94b3adf91502dd883507d469b4308a943bb3?s=96&d=mm&r=g","caption":"Exaudi Redazione"},"description":"Che cosa \u00e8 Exaudi News? Exaudi News \u00e8 un agenzia cattolica internazionale che informa, istruisce e trasforma quotidianamente in spagnolo, inglese e italiano. Attraverso notizie, articoli di analisi e trasmissioni in diretta degli eventi del Papa, Exaudi cerca di rafforzare l'unit\u00e0 dei cristiani e di contribuire all'evangelizzazione del mondo, sempre guidato dalla dottrina sociale della Chiesa. Lavoriamo per portare la verit\u00e0 e i valori cristiani in ogni angolo del pianeta. Aiutaci a trasformare il mondo con Exaudi! Noi di Exaudi crediamo che l'evangelizzazione e l'informazione di qualit\u00e0 possano cambiare la vita. Per continuare la nostra missione ed espandere la nostra portata, abbiamo bisogno del tuo aiuto. Stiamo anche cercando persone motivate che vogliano unirsi al nostro team. Grazie al vostro sostegno raggiungeremo pi\u00f9 persone, diffonderemo il messaggio di Cristo e rafforzeremo l'unit\u00e0 dei cristiani. Vuoi unirti alla nostra missione? Per maggiori informazioni su come contribuire, visita Exaudi.org\/it o contattaci direttamente: info@exaudi.org Exaudi: informa, forma e trasforma.","sameAs":["https:\/\/www.facebook.com\/ExaudiNotizie\/","https:\/\/www.instagram.com\/Exaudi_notizie\/","https:\/\/x.com\/Exaudi_Notizie","https:\/\/www.youtube.com\/@exaudicatholicnews"],"url":"https:\/\/exaudi.org\/it\/author\/dlvedi-org\/"}]}},"jetpack_featured_media_url":"https:\/\/exaudi.org\/wp-content\/uploads\/2023\/12\/cq5dam.web_.800.800-9.jpeg","jetpack_shortlink":"https:\/\/wp.me\/pgKjF2-nKO","_links":{"self":[{"href":"https:\/\/exaudi.org\/it\/wp-json\/wp\/v2\/posts\/91314","targetHints":{"allow":["GET"]}}],"collection":[{"href":"https:\/\/exaudi.org\/it\/wp-json\/wp\/v2\/posts"}],"about":[{"href":"https:\/\/exaudi.org\/it\/wp-json\/wp\/v2\/types\/post"}],"author":[{"embeddable":true,"href":"https:\/\/exaudi.org\/it\/wp-json\/wp\/v2\/users\/17"}],"replies":[{"embeddable":true,"href":"https:\/\/exaudi.org\/it\/wp-json\/wp\/v2\/comments?post=91314"}],"version-history":[{"count":0,"href":"https:\/\/exaudi.org\/it\/wp-json\/wp\/v2\/posts\/91314\/revisions"}],"wp:featuredmedia":[{"embeddable":true,"href":"https:\/\/exaudi.org\/it\/wp-json\/wp\/v2\/media\/91315"}],"wp:attachment":[{"href":"https:\/\/exaudi.org\/it\/wp-json\/wp\/v2\/media?parent=91314"}],"wp:term":[{"taxonomy":"category","embeddable":true,"href":"https:\/\/exaudi.org\/it\/wp-json\/wp\/v2\/categories?post=91314"},{"taxonomy":"post_tag","embeddable":true,"href":"https:\/\/exaudi.org\/it\/wp-json\/wp\/v2\/tags?post=91314"}],"curies":[{"name":"wp","href":"https:\/\/api.w.org\/{rel}","templated":true}]}}