{"id":91280,"date":"2023-12-30T16:58:05","date_gmt":"2023-12-30T15:58:05","guid":{"rendered":"https:\/\/exaudi.org\/?p=91280"},"modified":"2023-12-30T16:58:05","modified_gmt":"2023-12-30T15:58:05","slug":"parole-chiave-per-il-vostro-servizio-gioia-preghiera-e-umilta","status":"publish","type":"post","link":"https:\/\/exaudi.org\/it\/parole-chiave-per-il-vostro-servizio-gioia-preghiera-e-umilta\/","title":{"rendered":"&#8220;Parole-chiave per il vostro servizio: gioia, preghiera e umilt\u00e0&#8221;"},"content":{"rendered":"<p>Questa mattina nell\u2019Aula Paolo VI, il Santo Padre Francesco ha ricevuto in Udienza la Federazione Internazionale Pueri Cantores.<\/p>\n<p>Nel salutare affettuosamente i cantanti devoti, il Papa, insieme al maestro Jean Henric e ai presidenti nazionali, elogia il loro importante servizio nella Chiesa. Mette in risalto tre parole chiave: gioia, preghiera e umilt\u00e0. Evidenzia che il canto, dono tramandato di generazione in generazione, \u00e8 manifestazione di gioia vitale per il mondo. Riconosce il ruolo fondamentale dei cantori nell&#8217;aprire i cuori alla preghiera, esortandoli a mantenere un legame costante con Ges\u00f9.<\/p>\n<p>Riportiamo di seguito il discorso che il Papa ha rivolto ai presenti nel corso dell\u2019incontro:<\/p>\n<p><a name=\"disc\"><\/a><b><u>Discorso del Santo Padre<\/u><\/b><\/p>\n<p>Cari ragazzi e ragazze, fratelli e sorelle, buongiorno e benvenuti! Cantate bene, complimenti!<\/p>\n<p>Saluto il vostro Presidente, il Maestro Jean Henric, i Presidenti nazionali presenti, quanti vi accompagnano e tutti voi, cantori, che mi avete accolto con un bellissimo canto e che con la vostra presenza riempite di vita quest\u2019aula. Quello che fate \u00e8 molto importante, perch\u00e9 con le vostre voci aiutate le comunit\u00e0 a pregare, ad aprire il cuore al Signore, e questo \u00e8 fondamentale per la vita della Chiesa. Vi ringrazio tanto, e vorrei affidarvi tre parole-chiave per il vostro servizio:\u00a0<i>gioia<\/i>,\u00a0<i>preghiera<\/i>\u00a0e\u00a0<i>umilt\u00e0<\/i>.<\/p>\n<p><img loading=\"lazy\" decoding=\"async\" class=\"size-medium wp-image-91284 alignleft\" src=\"https:\/\/exaudi.org\/wp-content\/uploads\/2023\/12\/cq5dam.web_.800.800-1-7-200x300.jpeg\" alt=\"\" width=\"200\" height=\"300\" srcset=\"https:\/\/exaudi.org\/wp-content\/uploads\/2023\/12\/cq5dam.web_.800.800-1-7-200x300.jpeg 200w, https:\/\/exaudi.org\/wp-content\/uploads\/2023\/12\/cq5dam.web_.800.800-1-7-500x750.jpeg 500w, https:\/\/exaudi.org\/wp-content\/uploads\/2023\/12\/cq5dam.web_.800.800-1-7-293x440.jpeg 293w, https:\/\/exaudi.org\/wp-content\/uploads\/2023\/12\/cq5dam.web_.800.800-1-7-390x585.jpeg 390w, https:\/\/exaudi.org\/wp-content\/uploads\/2023\/12\/cq5dam.web_.800.800-1-7.jpeg 533w\" sizes=\"auto, (max-width: 200px) 100vw, 200px\" \/>Partiamo dalla\u00a0<i>gioia<\/i>. Il canto \u00e8 gioia, specialmente quando \u00e8 fatto in coro. E la gioia del vostro canto \u00e8 un regalo che avete ricevuto da chi ha composto le musiche che eseguite, da chi ve le insegna e da chi ve le ha tramandate, a volte addirittura attraverso i secoli. Pensate a quanti altri bambini e ragazzi hanno cantato le note che intonate! Erano bambini e bambine, ragazzi e ragazze come voi, pieni di vita e di sogni, che amavano giocare e stare insieme, e che hanno dedicato generosamente, come voi, tempo e fatica per imparare, eseguire e cos\u00ec consegnare anche a noi quello che hanno ricevuto. Questa \u00e8 la \u201ctradizione\u201d del canto! E questo \u00e8 molto bello: ricevere un dono prezioso e trasmetterlo arricchito della propria gioia. Come dice la Bibbia: \u00abDio ama chi dona con gioia\u00bb (cfr\u00a0<i>2 Cor<\/i>\u00a09,7). Perci\u00f2, quando mettete il vostro entusiasmo nel cantare, voi fate un dono grande a quelli che vi ascoltano. C\u2019\u00e8 tanto bisogno di gioia nel mondo! Molte persone, anche giovani, sono prigioniere dell\u2019angoscia, o della noia; il canto e la musica possono toccare i cuori, regalare bellezza<b>,<\/b>\u00a0e restituire gusto e speranza per la vita. Questo \u00e8 la gioia.<\/p>\n<p>Seconda parola: la\u00a0<i>preghiera<\/i>. Voi non siete artisti qualsiasi, non fate spettacolo. Aiutate gli altri a pregare con la vostra preghiera, la preghiera canora. Allora \u00e8 importante per ognuno di voi tenere il cuore vicino a Ges\u00f9 non solo quando canta, ma sempre, e questo si fa nella preghiera, ogni giorno. Se il vostro cuore \u00e8 pieno di amore per Ges\u00f9, questo traspare nelle voci ed \u00e8 come una freccia che coglie in pieno nel segno, arrivando al cuore delle persone. Sant\u2019Agostino insegnava che \u00abil cantare \u00e8 proprio di chi ama\u00bb (<i>Sermo 336<\/i>, 1:\u00a0<i>PL<\/i>\u00a038, 1472) e che chi canta prega due volte. \u00c8 vero: cantare \u00e8 un atto d\u2019amore, e facendolo preghiamo con le parole e con la musica, con il cuore e con la voce, con la devozione e con l\u2019arte. Cos\u00ec, quando per esempio cantate \u201cSignore piet\u00e0\u201d, oppure \u201cSanto, santo, santo\u201d, o ancora \u201cil Signore \u00e8 il mio pastore\u201d, voi sentite con il cuore quello che dite, perch\u00e9 avete incontrato Dio che \u00e8 generoso nel perdono, \u00e8 Santo, \u00e8 buono e attento a tutti i nostri bisogni, e cammina sempre con noi. Ma non solo. Cantando e pregando insieme, in armonia, ascoltandovi, aspettandovi, inserendo i ritmi di ciascuno nel ritmo di tutti, voi aiutate la comunit\u00e0 a fare altrettanto, e insegnate quanto \u00e8 bello camminare tutti insieme.<\/p>\n<p>Infine, l\u2019<i>umilt\u00e0<\/i>. Il canto \u00e8 una scuola di umilt\u00e0, perch\u00e9 il cantore, anche nelle parti solistiche, \u00e8 sempre inserito in un coro, che \u00e8 pi\u00f9 grande di lui e in cui tutti sono al servizio di tutti, anche il maestro che dirige. Il vostro canto, poi, \u00e8 ancora pi\u00f9 umile, perch\u00e9 \u00e8 al servizio di Dio e dunque, mentre aiuta gli altri a incontrare il Signore, sa anche farsi da parte al momento giusto, per lasciare spazio al silenzio, dove ognuno pu\u00f2 ascoltare nel segreto le parole che solo Ges\u00f9 sa dire a ciascuno di noi. Un cantore che cerca di mettere al centro s\u00e9 stesso, o di prevalere sugli altri, non \u00e8 un buon cantore, anzi, spesso rischia di rovinare il lavoro di tutti, e questo si sente subito. Perci\u00f2, non cercate di apparire: sforzatevi piuttosto di fondervi insieme, perch\u00e9 nell\u2019unit\u00e0, che viene dall\u2019umilt\u00e0, il vostro canto esprima vera amicizia, con Dio, con gli altri e tra voi stessi.<\/p>\n<p>E vorrei dirvi un\u2019ultima cosa. Siete in tanti, qui presenti, eppure quando cantavate, poco fa, sembravate uno solo: \u00e8 bello questo! Ci\u00f2 non \u00e8 avvenuto per caso, ma perch\u00e9 avete studiato le parti, avete fatto le prove, vi siete impegnati, e anche questo \u00e8 un messaggio importante per tutti. Cantare bene insieme richiede fatica, come richiede fatica vivere bene insieme. Voi, per\u00f2, con l\u2019armonia delle vostre esecuzioni, con la luce dei vostri volti e con la bellezza delle vostre voci, ci aiutate a capire che ne vale la pena!<\/p>\n<p>Cari ragazzi e ragazze, quante cose ci insegna la musica! E a maggior ragione la musica sacra, la cui anima \u00e8 la Parola di Dio. Siete fortunati ad aver ricevuto questo dono, e sono fortunati quelli che vi ascoltano quando lo condividete con loro. Grazie per il vostro servizio! Continuate a svolgerlo con passione, sotto la guida dei vostri educatori. Vi benedico di cuore. E vi raccomando, non dimenticatevi di pregare per me. Grazie. E buon cammino nel nuovo anno!<\/p>\n","protected":false},"excerpt":{"rendered":"<p>Udienza alla Federazione Internazionale Pueri Cantores<\/p>\n","protected":false},"author":17,"featured_media":91281,"comment_status":"closed","ping_status":"closed","sticky":false,"template":"","format":"standard","meta":{"_acf_changed":false,"_crdt_document":"","inline_featured_image":false,"footnotes":""},"categories":[123,67],"tags":[891,251,578,4952,1843,5308],"class_list":["post-91280","post","type-post","status-publish","format-standard","has-post-thumbnail","hentry","category-discorsi","category-leone-xiv","tag-gioia","tag-papa-francesco","tag-preghiera","tag-trending-it","tag-udienza","tag-umilta"],"acf":[],"yoast_head":"<!-- This site is optimized with the Yoast SEO plugin v27.5 - https:\/\/yoast.com\/product\/yoast-seo-wordpress\/ -->\n<title>&quot;Parole-chiave per il vostro servizio: gioia, preghiera e umilt\u00e0&quot; &#8211; Exaudi<\/title>\n<meta name=\"robots\" content=\"index, follow, max-snippet:-1, max-image-preview:large, max-video-preview:-1\" \/>\n<link rel=\"canonical\" href=\"https:\/\/exaudi.org\/it\/key-words-for-your-service-joy-prayer-and-humility\/\" \/>\n<meta property=\"og:locale\" content=\"it_IT\" \/>\n<meta property=\"og:type\" content=\"article\" \/>\n<meta property=\"og:title\" content=\"&quot;Parole-chiave per il vostro servizio: gioia, preghiera e umilt\u00e0&quot; &#8211; Exaudi\" \/>\n<meta property=\"og:description\" content=\"Udienza alla Federazione Internazionale Pueri Cantores\" \/>\n<meta property=\"og:url\" content=\"https:\/\/exaudi.org\/key-words-for-your-service-joy-prayer-and-humility\/\" \/>\n<meta property=\"og:site_name\" content=\"Exaudi\" \/>\n<meta property=\"article:publisher\" content=\"https:\/\/www.facebook.com\/ExaudiNews\" \/>\n<meta property=\"article:author\" content=\"https:\/\/www.facebook.com\/ExaudiNotizie\/\" \/>\n<meta property=\"article:published_time\" content=\"2023-12-30T15:58:05+00:00\" \/>\n<meta property=\"og:image\" content=\"https:\/\/exaudi.org\/wp-content\/uploads\/2023\/12\/cq5dam.web_.800.800-2-6.jpeg\" \/>\n\t<meta property=\"og:image:width\" content=\"800\" \/>\n\t<meta property=\"og:image:height\" content=\"532\" \/>\n\t<meta property=\"og:image:type\" content=\"image\/jpeg\" \/>\n<meta name=\"author\" content=\"Exaudi Redazione\" \/>\n<meta name=\"twitter:card\" content=\"summary_large_image\" \/>\n<meta name=\"twitter:creator\" content=\"@Exaudi_Notizie\" \/>\n<meta name=\"twitter:site\" content=\"@Exaudi_News\" \/>\n<meta name=\"twitter:label1\" content=\"Scritto da\" \/>\n\t<meta name=\"twitter:data1\" content=\"Exaudi Redazione\" \/>\n\t<meta name=\"twitter:label2\" content=\"Tempo di lettura stimato\" \/>\n\t<meta name=\"twitter:data2\" content=\"5 minuti\" \/>\n<script type=\"application\/ld+json\" class=\"yoast-schema-graph\">{\"@context\":\"https:\\\/\\\/schema.org\",\"@graph\":[{\"@type\":\"Article\",\"@id\":\"https:\\\/\\\/exaudi.org\\\/key-words-for-your-service-joy-prayer-and-humility\\\/#article\",\"isPartOf\":{\"@id\":\"https:\\\/\\\/exaudi.org\\\/key-words-for-your-service-joy-prayer-and-humility\\\/\"},\"author\":{\"name\":\"Exaudi Redazione\",\"@id\":\"https:\\\/\\\/exaudi.org\\\/#\\\/schema\\\/person\\\/e1ab6ed07c01774724dd96f925f3a5f0\"},\"headline\":\"&#8220;Parole-chiave per il vostro servizio: gioia, preghiera e umilt\u00e0&#8221;\",\"datePublished\":\"2023-12-30T15:58:05+00:00\",\"mainEntityOfPage\":{\"@id\":\"https:\\\/\\\/exaudi.org\\\/key-words-for-your-service-joy-prayer-and-humility\\\/\"},\"wordCount\":942,\"image\":{\"@id\":\"https:\\\/\\\/exaudi.org\\\/key-words-for-your-service-joy-prayer-and-humility\\\/#primaryimage\"},\"thumbnailUrl\":\"https:\\\/\\\/exaudi.org\\\/wp-content\\\/uploads\\\/2023\\\/12\\\/cq5dam.web_.800.800-2-6.jpeg\",\"keywords\":[\"gioia\",\"Papa Francesco\",\"preghiera\",\"Trending\",\"udienza\",\"umilt\u00e0\"],\"articleSection\":[\"Discorsi\",\"Leone XIV\"],\"inLanguage\":\"it-IT\"},{\"@type\":\"WebPage\",\"@id\":\"https:\\\/\\\/exaudi.org\\\/key-words-for-your-service-joy-prayer-and-humility\\\/\",\"url\":\"https:\\\/\\\/exaudi.org\\\/key-words-for-your-service-joy-prayer-and-humility\\\/\",\"name\":\"\\\"Parole-chiave per il vostro servizio: gioia, preghiera e umilt\u00e0\\\" &#8211; Exaudi\",\"isPartOf\":{\"@id\":\"https:\\\/\\\/exaudi.org\\\/#website\"},\"primaryImageOfPage\":{\"@id\":\"https:\\\/\\\/exaudi.org\\\/key-words-for-your-service-joy-prayer-and-humility\\\/#primaryimage\"},\"image\":{\"@id\":\"https:\\\/\\\/exaudi.org\\\/key-words-for-your-service-joy-prayer-and-humility\\\/#primaryimage\"},\"thumbnailUrl\":\"https:\\\/\\\/exaudi.org\\\/wp-content\\\/uploads\\\/2023\\\/12\\\/cq5dam.web_.800.800-2-6.jpeg\",\"datePublished\":\"2023-12-30T15:58:05+00:00\",\"author\":{\"@id\":\"https:\\\/\\\/exaudi.org\\\/#\\\/schema\\\/person\\\/e1ab6ed07c01774724dd96f925f3a5f0\"},\"breadcrumb\":{\"@id\":\"https:\\\/\\\/exaudi.org\\\/key-words-for-your-service-joy-prayer-and-humility\\\/#breadcrumb\"},\"inLanguage\":\"it-IT\",\"potentialAction\":[{\"@type\":\"ReadAction\",\"target\":[\"https:\\\/\\\/exaudi.org\\\/key-words-for-your-service-joy-prayer-and-humility\\\/\"]}]},{\"@type\":\"ImageObject\",\"inLanguage\":\"it-IT\",\"@id\":\"https:\\\/\\\/exaudi.org\\\/key-words-for-your-service-joy-prayer-and-humility\\\/#primaryimage\",\"url\":\"https:\\\/\\\/exaudi.org\\\/wp-content\\\/uploads\\\/2023\\\/12\\\/cq5dam.web_.800.800-2-6.jpeg\",\"contentUrl\":\"https:\\\/\\\/exaudi.org\\\/wp-content\\\/uploads\\\/2023\\\/12\\\/cq5dam.web_.800.800-2-6.jpeg\",\"width\":800,\"height\":532,\"caption\":\"Vatican Media\"},{\"@type\":\"BreadcrumbList\",\"@id\":\"https:\\\/\\\/exaudi.org\\\/key-words-for-your-service-joy-prayer-and-humility\\\/#breadcrumb\",\"itemListElement\":[{\"@type\":\"ListItem\",\"position\":1,\"name\":\"Portada\",\"item\":\"https:\\\/\\\/exaudi.org\\\/it\\\/\"},{\"@type\":\"ListItem\",\"position\":2,\"name\":\"&#8220;Parole-chiave per il vostro servizio: gioia, preghiera e umilt\u00e0&#8221;\"}]},{\"@type\":\"WebSite\",\"@id\":\"https:\\\/\\\/exaudi.org\\\/#website\",\"url\":\"https:\\\/\\\/exaudi.org\\\/\",\"name\":\"Exaudi\",\"description\":\"News\",\"potentialAction\":[{\"@type\":\"SearchAction\",\"target\":{\"@type\":\"EntryPoint\",\"urlTemplate\":\"https:\\\/\\\/exaudi.org\\\/?s={search_term_string}\"},\"query-input\":{\"@type\":\"PropertyValueSpecification\",\"valueRequired\":true,\"valueName\":\"search_term_string\"}}],\"inLanguage\":\"it-IT\"},{\"@type\":\"Person\",\"@id\":\"https:\\\/\\\/exaudi.org\\\/#\\\/schema\\\/person\\\/e1ab6ed07c01774724dd96f925f3a5f0\",\"name\":\"Exaudi Redazione\",\"image\":{\"@type\":\"ImageObject\",\"inLanguage\":\"it-IT\",\"@id\":\"https:\\\/\\\/secure.gravatar.com\\\/avatar\\\/ad6774b3ada023bf5b939d64f45c94b3adf91502dd883507d469b4308a943bb3?s=96&d=mm&r=g\",\"url\":\"https:\\\/\\\/secure.gravatar.com\\\/avatar\\\/ad6774b3ada023bf5b939d64f45c94b3adf91502dd883507d469b4308a943bb3?s=96&d=mm&r=g\",\"contentUrl\":\"https:\\\/\\\/secure.gravatar.com\\\/avatar\\\/ad6774b3ada023bf5b939d64f45c94b3adf91502dd883507d469b4308a943bb3?s=96&d=mm&r=g\",\"caption\":\"Exaudi Redazione\"},\"description\":\"Che cosa \u00e8 Exaudi News? Exaudi News \u00e8 un agenzia cattolica internazionale che informa, istruisce e trasforma quotidianamente in spagnolo, inglese e italiano. Attraverso notizie, articoli di analisi e trasmissioni in diretta degli eventi del Papa, Exaudi cerca di rafforzare l'unit\u00e0 dei cristiani e di contribuire all'evangelizzazione del mondo, sempre guidato dalla dottrina sociale della Chiesa. Lavoriamo per portare la verit\u00e0 e i valori cristiani in ogni angolo del pianeta. Aiutaci a trasformare il mondo con Exaudi! Noi di Exaudi crediamo che l'evangelizzazione e l'informazione di qualit\u00e0 possano cambiare la vita. Per continuare la nostra missione ed espandere la nostra portata, abbiamo bisogno del tuo aiuto. Stiamo anche cercando persone motivate che vogliano unirsi al nostro team. Grazie al vostro sostegno raggiungeremo pi\u00f9 persone, diffonderemo il messaggio di Cristo e rafforzeremo l'unit\u00e0 dei cristiani. Vuoi unirti alla nostra missione? Per maggiori informazioni su come contribuire, visita Exaudi.org\\\/it o contattaci direttamente: info@exaudi.org Exaudi: informa, forma e trasforma.\",\"sameAs\":[\"https:\\\/\\\/www.facebook.com\\\/ExaudiNotizie\\\/\",\"https:\\\/\\\/www.instagram.com\\\/Exaudi_notizie\\\/\",\"https:\\\/\\\/x.com\\\/Exaudi_Notizie\",\"https:\\\/\\\/www.youtube.com\\\/@exaudicatholicnews\"],\"url\":\"https:\\\/\\\/exaudi.org\\\/it\\\/author\\\/dlvedi-org\\\/\"}]}<\/script>\n<!-- \/ Yoast SEO plugin. -->","yoast_head_json":{"title":"\"Parole-chiave per il vostro servizio: gioia, preghiera e umilt\u00e0\" &#8211; Exaudi","robots":{"index":"index","follow":"follow","max-snippet":"max-snippet:-1","max-image-preview":"max-image-preview:large","max-video-preview":"max-video-preview:-1"},"canonical":"https:\/\/exaudi.org\/it\/key-words-for-your-service-joy-prayer-and-humility\/","og_locale":"it_IT","og_type":"article","og_title":"\"Parole-chiave per il vostro servizio: gioia, preghiera e umilt\u00e0\" &#8211; Exaudi","og_description":"Udienza alla Federazione Internazionale Pueri Cantores","og_url":"https:\/\/exaudi.org\/key-words-for-your-service-joy-prayer-and-humility\/","og_site_name":"Exaudi","article_publisher":"https:\/\/www.facebook.com\/ExaudiNews","article_author":"https:\/\/www.facebook.com\/ExaudiNotizie\/","article_published_time":"2023-12-30T15:58:05+00:00","og_image":[{"width":800,"height":532,"url":"https:\/\/exaudi.org\/wp-content\/uploads\/2023\/12\/cq5dam.web_.800.800-2-6.jpeg","type":"image\/jpeg"}],"author":"Exaudi Redazione","twitter_card":"summary_large_image","twitter_creator":"@Exaudi_Notizie","twitter_site":"@Exaudi_News","twitter_misc":{"Scritto da":"Exaudi Redazione","Tempo di lettura stimato":"5 minuti"},"schema":{"@context":"https:\/\/schema.org","@graph":[{"@type":"Article","@id":"https:\/\/exaudi.org\/key-words-for-your-service-joy-prayer-and-humility\/#article","isPartOf":{"@id":"https:\/\/exaudi.org\/key-words-for-your-service-joy-prayer-and-humility\/"},"author":{"name":"Exaudi Redazione","@id":"https:\/\/exaudi.org\/#\/schema\/person\/e1ab6ed07c01774724dd96f925f3a5f0"},"headline":"&#8220;Parole-chiave per il vostro servizio: gioia, preghiera e umilt\u00e0&#8221;","datePublished":"2023-12-30T15:58:05+00:00","mainEntityOfPage":{"@id":"https:\/\/exaudi.org\/key-words-for-your-service-joy-prayer-and-humility\/"},"wordCount":942,"image":{"@id":"https:\/\/exaudi.org\/key-words-for-your-service-joy-prayer-and-humility\/#primaryimage"},"thumbnailUrl":"https:\/\/exaudi.org\/wp-content\/uploads\/2023\/12\/cq5dam.web_.800.800-2-6.jpeg","keywords":["gioia","Papa Francesco","preghiera","Trending","udienza","umilt\u00e0"],"articleSection":["Discorsi","Leone XIV"],"inLanguage":"it-IT"},{"@type":"WebPage","@id":"https:\/\/exaudi.org\/key-words-for-your-service-joy-prayer-and-humility\/","url":"https:\/\/exaudi.org\/key-words-for-your-service-joy-prayer-and-humility\/","name":"\"Parole-chiave per il vostro servizio: gioia, preghiera e umilt\u00e0\" &#8211; Exaudi","isPartOf":{"@id":"https:\/\/exaudi.org\/#website"},"primaryImageOfPage":{"@id":"https:\/\/exaudi.org\/key-words-for-your-service-joy-prayer-and-humility\/#primaryimage"},"image":{"@id":"https:\/\/exaudi.org\/key-words-for-your-service-joy-prayer-and-humility\/#primaryimage"},"thumbnailUrl":"https:\/\/exaudi.org\/wp-content\/uploads\/2023\/12\/cq5dam.web_.800.800-2-6.jpeg","datePublished":"2023-12-30T15:58:05+00:00","author":{"@id":"https:\/\/exaudi.org\/#\/schema\/person\/e1ab6ed07c01774724dd96f925f3a5f0"},"breadcrumb":{"@id":"https:\/\/exaudi.org\/key-words-for-your-service-joy-prayer-and-humility\/#breadcrumb"},"inLanguage":"it-IT","potentialAction":[{"@type":"ReadAction","target":["https:\/\/exaudi.org\/key-words-for-your-service-joy-prayer-and-humility\/"]}]},{"@type":"ImageObject","inLanguage":"it-IT","@id":"https:\/\/exaudi.org\/key-words-for-your-service-joy-prayer-and-humility\/#primaryimage","url":"https:\/\/exaudi.org\/wp-content\/uploads\/2023\/12\/cq5dam.web_.800.800-2-6.jpeg","contentUrl":"https:\/\/exaudi.org\/wp-content\/uploads\/2023\/12\/cq5dam.web_.800.800-2-6.jpeg","width":800,"height":532,"caption":"Vatican Media"},{"@type":"BreadcrumbList","@id":"https:\/\/exaudi.org\/key-words-for-your-service-joy-prayer-and-humility\/#breadcrumb","itemListElement":[{"@type":"ListItem","position":1,"name":"Portada","item":"https:\/\/exaudi.org\/it\/"},{"@type":"ListItem","position":2,"name":"&#8220;Parole-chiave per il vostro servizio: gioia, preghiera e umilt\u00e0&#8221;"}]},{"@type":"WebSite","@id":"https:\/\/exaudi.org\/#website","url":"https:\/\/exaudi.org\/","name":"Exaudi","description":"News","potentialAction":[{"@type":"SearchAction","target":{"@type":"EntryPoint","urlTemplate":"https:\/\/exaudi.org\/?s={search_term_string}"},"query-input":{"@type":"PropertyValueSpecification","valueRequired":true,"valueName":"search_term_string"}}],"inLanguage":"it-IT"},{"@type":"Person","@id":"https:\/\/exaudi.org\/#\/schema\/person\/e1ab6ed07c01774724dd96f925f3a5f0","name":"Exaudi Redazione","image":{"@type":"ImageObject","inLanguage":"it-IT","@id":"https:\/\/secure.gravatar.com\/avatar\/ad6774b3ada023bf5b939d64f45c94b3adf91502dd883507d469b4308a943bb3?s=96&d=mm&r=g","url":"https:\/\/secure.gravatar.com\/avatar\/ad6774b3ada023bf5b939d64f45c94b3adf91502dd883507d469b4308a943bb3?s=96&d=mm&r=g","contentUrl":"https:\/\/secure.gravatar.com\/avatar\/ad6774b3ada023bf5b939d64f45c94b3adf91502dd883507d469b4308a943bb3?s=96&d=mm&r=g","caption":"Exaudi Redazione"},"description":"Che cosa \u00e8 Exaudi News? Exaudi News \u00e8 un agenzia cattolica internazionale che informa, istruisce e trasforma quotidianamente in spagnolo, inglese e italiano. Attraverso notizie, articoli di analisi e trasmissioni in diretta degli eventi del Papa, Exaudi cerca di rafforzare l'unit\u00e0 dei cristiani e di contribuire all'evangelizzazione del mondo, sempre guidato dalla dottrina sociale della Chiesa. Lavoriamo per portare la verit\u00e0 e i valori cristiani in ogni angolo del pianeta. Aiutaci a trasformare il mondo con Exaudi! Noi di Exaudi crediamo che l'evangelizzazione e l'informazione di qualit\u00e0 possano cambiare la vita. Per continuare la nostra missione ed espandere la nostra portata, abbiamo bisogno del tuo aiuto. Stiamo anche cercando persone motivate che vogliano unirsi al nostro team. Grazie al vostro sostegno raggiungeremo pi\u00f9 persone, diffonderemo il messaggio di Cristo e rafforzeremo l'unit\u00e0 dei cristiani. Vuoi unirti alla nostra missione? Per maggiori informazioni su come contribuire, visita Exaudi.org\/it o contattaci direttamente: info@exaudi.org Exaudi: informa, forma e trasforma.","sameAs":["https:\/\/www.facebook.com\/ExaudiNotizie\/","https:\/\/www.instagram.com\/Exaudi_notizie\/","https:\/\/x.com\/Exaudi_Notizie","https:\/\/www.youtube.com\/@exaudicatholicnews"],"url":"https:\/\/exaudi.org\/it\/author\/dlvedi-org\/"}]}},"jetpack_featured_media_url":"https:\/\/exaudi.org\/wp-content\/uploads\/2023\/12\/cq5dam.web_.800.800-2-6.jpeg","jetpack_shortlink":"https:\/\/wp.me\/pgKjF2-nKg","_links":{"self":[{"href":"https:\/\/exaudi.org\/it\/wp-json\/wp\/v2\/posts\/91280","targetHints":{"allow":["GET"]}}],"collection":[{"href":"https:\/\/exaudi.org\/it\/wp-json\/wp\/v2\/posts"}],"about":[{"href":"https:\/\/exaudi.org\/it\/wp-json\/wp\/v2\/types\/post"}],"author":[{"embeddable":true,"href":"https:\/\/exaudi.org\/it\/wp-json\/wp\/v2\/users\/17"}],"replies":[{"embeddable":true,"href":"https:\/\/exaudi.org\/it\/wp-json\/wp\/v2\/comments?post=91280"}],"version-history":[{"count":0,"href":"https:\/\/exaudi.org\/it\/wp-json\/wp\/v2\/posts\/91280\/revisions"}],"wp:featuredmedia":[{"embeddable":true,"href":"https:\/\/exaudi.org\/it\/wp-json\/wp\/v2\/media\/91281"}],"wp:attachment":[{"href":"https:\/\/exaudi.org\/it\/wp-json\/wp\/v2\/media?parent=91280"}],"wp:term":[{"taxonomy":"category","embeddable":true,"href":"https:\/\/exaudi.org\/it\/wp-json\/wp\/v2\/categories?post=91280"},{"taxonomy":"post_tag","embeddable":true,"href":"https:\/\/exaudi.org\/it\/wp-json\/wp\/v2\/tags?post=91280"}],"curies":[{"name":"wp","href":"https:\/\/api.w.org\/{rel}","templated":true}]}}