{"id":91208,"date":"2023-12-28T18:34:44","date_gmt":"2023-12-28T17:34:44","guid":{"rendered":"https:\/\/exaudi.org\/?p=91208"},"modified":"2023-12-28T23:32:10","modified_gmt":"2023-12-28T22:32:10","slug":"festa-dei-santi-innocenti","status":"publish","type":"post","link":"https:\/\/exaudi.org\/it\/festa-dei-santi-innocenti\/","title":{"rendered":"Festa dei Santi Innocenti"},"content":{"rendered":"<p>Il sacerdote <a href=\"https:\/\/exaudi.org\/es\/transfiguracion-senor-que-bien-se-esta-aqui\/\">Fernando Luj\u00e1n<\/a> propone questo articolo sulla festa dei Santi Innocenti, celebrata oggi, 28 dicembre.<\/p>\n<p>&#8220;Dalla bocca dei lattanti hai fatto uscire la lode&#8221; (Salmo 8).<\/p>\n<p>Come ogni 28 dicembre, la liturgia della Chiesa celebra la memoria dei Bambini Innocenti che il re Erode fece uccidere nella citt\u00e0 di Betlemme. Il racconto di questo evento ci giunge dal Vangelo di san Matteo[1]. In questo episodio si narra come Erode chiam\u00f2 i sommi sacerdoti per chiedere loro dove sarebbe dovuto nascere il re d&#8217;Israele, che i profeti avevano annunciato. Gli risposero citando il profeta Michea: Deve essere a Betlemme, perch\u00e9 cos\u00ec annunzia il profeta Michea, dicendo: \u201cE tu, Betlemme, non sei la pi\u00f9 piccola delle citt\u00e0 di Giuda, perch\u00e9 da te uscir\u00e0 il condottiero che sar\u00e0 il pastore del mio popolo d&#8217;Israele\u201d (Mic. 5, 1).<\/p>\n<p>Dobbiamo comprendere tutto l&#8217;Antico Testamento dalla prospettiva del Messia, tutto guarda a Cristo e senza di Lui non si pu\u00f2 comprendere nel suo insieme. Per questo troviamo innumerevoli riferimenti a Ges\u00f9 secoli prima della sua nascita ed \u00e8 questa la chiave che la Chiesa usa per interpretarlo, per riempirlo del suo vero significato.<\/p>\n<p>Questa realt\u00e0 a volte non era pienamente compresa, soprattutto al tempo di Ges\u00f9, poich\u00e9 si pensava che il Messia sarebbe stato un re alla maniera di un re politico, cio\u00e8 alla maniera dei re e dei governanti temporali. Erode, come figlio del suo tempo, pensava che questo re a cui si riferisce Michea avrebbe usurpato il suo potere reale e poich\u00e9 non poteva garantire in modo specifico chi sarebbe stato tra tanti bambini, prese la machiavellica decisione di sacrificare tutti i bambini sotto i due anni di et\u00e0.<\/p>\n<p>Lo stesso evangelista San Matteo affermer\u00e0 che in quel giorno si \u00e8 compiuto ci\u00f2 che il profeta Geremia aveva avvertito: &#8220;Si sente un grido a Rama (vicino a Betlemme), \u00e8 Rachele (moglie di Israele) che piange per i suoi figli, e non sono quelli che vuole consolare, perch\u00e9 non esistono pi\u00f9\u201d (Ger. 31, 15).<\/p>\n<p>Nel quadro dell&#8217;Ottava di Natale, che stiamo celebrando, la strage dei Santi Innocenti \u00e8 un altro dei frutti della nascita del Salvatore. Il neonato Cristo ha conferito ai martiri Innocenti la corona della gloria.<\/p>\n<p>La speranza di Israele fu minacciata dall&#8217;ira e dall&#8217;odio di Erode: ci\u00f2 fece s\u00ec che l&#8217;Angelo avvertisse in sogno la Sacra Famiglia del pericolo. Fuggendo verso l&#8217;Egitto, da dove un tempo era stato liberato il popolo eletto, Giuseppe e Maria trovarono rifugio presso il Bambino.<\/p>\n<p>Anche se non potevano parlare n\u00e9 difendersi dalla crudelt\u00e0 umana, con la loro vita glorificarono il neonato Messia. In questo senso, ad esempio, si potrebbe comprendere ci\u00f2 a cui fa riferimento il Salmo 8: &#8220;Signore nostro padrone, quanto \u00e8 ammirabile il tuo nome su tutta la terra! Hai esaltato la tua maest\u00e0 sopra i Cieli. Dalla bocca dei bambini hai fatto uscire la lode contro i tuoi nemici, per schiacciare l&#8217;avversario e il ribelle&#8221;.<\/p>\n<p>I Santi Innocenti sono testimoni di Ges\u00f9 e rappresentano tanti altri innocenti nel corso della storia che la crudelt\u00e0 umana ha deciso di togliersi la vita. Oggi non siamo lontani da quella crudelt\u00e0, oppure qual \u00e8 oggi il crimine dell\u2019aborto? Come la speranza di Israele fu minacciata dalla crudelt\u00e0 di Erode, ai nostri giorni la speranza di tanti concepiti \u00e8 indebolita da un progresso incompreso. Erode vedeva un problema nella profezia della nascita del Messia; anche oggi la vita dei non nati, degli innocenti, \u00e8 vista come un problema. Ricordiamo l&#8217;affermazione di Papa Francesco in un&#8217;intervista, riferendosi alla piaga dell&#8217;aborto: \u201c\u00e8 necessario togliere una vita per evitare un problema?\u201d<\/p>\n<p>Non c\u2019\u00e8 dubbio che costoro hanno dato la vita per Cristo, come continuano a dare anche oggi, e per questo hanno ricevuto, e questi ricevono, la corona della gloria che non svanisce. In questo senso possiamo riferirci a coloro che troviamo nel servizio di lettura della Liturgia delle Ore di questo giorno: \u00abQuei bambini, senza saperlo, muoiono per Cristo, e i loro genitori piangono la morte di quei martiri; Cristo, quando erano ancora incapaci di parlare, li rende testimoni idonei. Tale \u00e8 il regno di colui che \u00e8 divenuto re. Cos\u00ec colui che \u00e8 divenuto liberatore libera, cos\u00ec colui che \u00e8 divenuto salvatore salva\u201d[2].<\/p>\n<p>[1] Conf. Mt 2,13-18<\/p>\n<p>[2] Sermone 2, di san Quodvuldeo vescovo &#8211; Ufficio di lettura della Festa<\/p>\n","protected":false},"excerpt":{"rendered":"<p>\u201cDalla bocca dei bambini che allattano hai fatto uscire la lode\u201d<\/p>\n","protected":false},"author":70,"featured_media":47453,"comment_status":"closed","ping_status":"closed","sticky":false,"template":"","format":"standard","meta":{"_acf_changed":false,"_crdt_document":"","inline_featured_image":false,"footnotes":""},"categories":[58],"tags":[2487,5359],"class_list":["post-91208","post","type-post","status-publish","format-standard","has-post-thumbnail","hentry","category-featured-news","tag-featured-3","tag-santi-innocenti"],"acf":[],"yoast_head":"<!-- This site is optimized with the Yoast SEO plugin v27.4 - https:\/\/yoast.com\/product\/yoast-seo-wordpress\/ -->\n<title>Festa dei Santi Innocenti &#8211; Exaudi<\/title>\n<meta name=\"robots\" content=\"index, follow, max-snippet:-1, max-image-preview:large, max-video-preview:-1\" \/>\n<link rel=\"canonical\" href=\"https:\/\/exaudi.org\/it\/festa-dei-santi-innocenti\/\" \/>\n<meta property=\"og:locale\" content=\"it_IT\" \/>\n<meta property=\"og:type\" content=\"article\" \/>\n<meta property=\"og:title\" content=\"Festa dei Santi Innocenti &#8211; Exaudi\" \/>\n<meta property=\"og:description\" content=\"\u201cDalla bocca dei bambini che allattano hai fatto uscire la lode\u201d\" \/>\n<meta property=\"og:url\" content=\"https:\/\/exaudi.org\/it\/festa-dei-santi-innocenti\/\" \/>\n<meta property=\"og:site_name\" content=\"Exaudi\" \/>\n<meta property=\"article:publisher\" content=\"https:\/\/www.facebook.com\/ExaudiNews\" \/>\n<meta property=\"article:published_time\" content=\"2023-12-28T17:34:44+00:00\" \/>\n<meta property=\"article:modified_time\" content=\"2023-12-28T22:32:10+00:00\" \/>\n<meta property=\"og:image\" content=\"https:\/\/exaudi.org\/wp-content\/uploads\/2021\/12\/cq5dam.thumbnail.cropped.1500.844-18.jpeg\" \/>\n\t<meta property=\"og:image:width\" content=\"1280\" \/>\n\t<meta property=\"og:image:height\" content=\"720\" \/>\n\t<meta property=\"og:image:type\" content=\"image\/jpeg\" \/>\n<meta name=\"author\" content=\"Fernando Luj\u00e1n\" \/>\n<meta name=\"twitter:card\" content=\"summary_large_image\" \/>\n<meta name=\"twitter:creator\" content=\"@Exaudi_News\" \/>\n<meta name=\"twitter:site\" content=\"@Exaudi_News\" \/>\n<meta name=\"twitter:label1\" content=\"Scritto da\" \/>\n\t<meta name=\"twitter:data1\" content=\"Fernando Luj\u00e1n\" \/>\n\t<meta name=\"twitter:label2\" content=\"Tempo di lettura stimato\" \/>\n\t<meta name=\"twitter:data2\" content=\"3 minuti\" \/>\n<script type=\"application\/ld+json\" class=\"yoast-schema-graph\">{\"@context\":\"https:\\\/\\\/schema.org\",\"@graph\":[{\"@type\":\"Article\",\"@id\":\"https:\\\/\\\/exaudi.org\\\/it\\\/festa-dei-santi-innocenti\\\/#article\",\"isPartOf\":{\"@id\":\"https:\\\/\\\/exaudi.org\\\/it\\\/festa-dei-santi-innocenti\\\/\"},\"author\":{\"name\":\"Fernando Luj\u00e1n\",\"@id\":\"https:\\\/\\\/exaudi.org\\\/#\\\/schema\\\/person\\\/a34e7f6b2df745227af8c8b631a833e3\"},\"headline\":\"Festa dei Santi Innocenti\",\"datePublished\":\"2023-12-28T17:34:44+00:00\",\"dateModified\":\"2023-12-28T22:32:10+00:00\",\"mainEntityOfPage\":{\"@id\":\"https:\\\/\\\/exaudi.org\\\/it\\\/festa-dei-santi-innocenti\\\/\"},\"wordCount\":707,\"image\":{\"@id\":\"https:\\\/\\\/exaudi.org\\\/it\\\/festa-dei-santi-innocenti\\\/#primaryimage\"},\"thumbnailUrl\":\"https:\\\/\\\/exaudi.org\\\/wp-content\\\/uploads\\\/2021\\\/12\\\/cq5dam.thumbnail.cropped.1500.844-18.jpeg\",\"keywords\":[\"Featured\",\"Santi Innocenti\"],\"articleSection\":[\"Featured News\"],\"inLanguage\":\"it-IT\"},{\"@type\":\"WebPage\",\"@id\":\"https:\\\/\\\/exaudi.org\\\/it\\\/festa-dei-santi-innocenti\\\/\",\"url\":\"https:\\\/\\\/exaudi.org\\\/it\\\/festa-dei-santi-innocenti\\\/\",\"name\":\"Festa dei Santi Innocenti &#8211; Exaudi\",\"isPartOf\":{\"@id\":\"https:\\\/\\\/exaudi.org\\\/#website\"},\"primaryImageOfPage\":{\"@id\":\"https:\\\/\\\/exaudi.org\\\/it\\\/festa-dei-santi-innocenti\\\/#primaryimage\"},\"image\":{\"@id\":\"https:\\\/\\\/exaudi.org\\\/it\\\/festa-dei-santi-innocenti\\\/#primaryimage\"},\"thumbnailUrl\":\"https:\\\/\\\/exaudi.org\\\/wp-content\\\/uploads\\\/2021\\\/12\\\/cq5dam.thumbnail.cropped.1500.844-18.jpeg\",\"datePublished\":\"2023-12-28T17:34:44+00:00\",\"dateModified\":\"2023-12-28T22:32:10+00:00\",\"author\":{\"@id\":\"https:\\\/\\\/exaudi.org\\\/#\\\/schema\\\/person\\\/a34e7f6b2df745227af8c8b631a833e3\"},\"breadcrumb\":{\"@id\":\"https:\\\/\\\/exaudi.org\\\/it\\\/festa-dei-santi-innocenti\\\/#breadcrumb\"},\"inLanguage\":\"it-IT\",\"potentialAction\":[{\"@type\":\"ReadAction\",\"target\":[\"https:\\\/\\\/exaudi.org\\\/it\\\/festa-dei-santi-innocenti\\\/\"]}]},{\"@type\":\"ImageObject\",\"inLanguage\":\"it-IT\",\"@id\":\"https:\\\/\\\/exaudi.org\\\/it\\\/festa-dei-santi-innocenti\\\/#primaryimage\",\"url\":\"https:\\\/\\\/exaudi.org\\\/wp-content\\\/uploads\\\/2021\\\/12\\\/cq5dam.thumbnail.cropped.1500.844-18.jpeg\",\"contentUrl\":\"https:\\\/\\\/exaudi.org\\\/wp-content\\\/uploads\\\/2021\\\/12\\\/cq5dam.thumbnail.cropped.1500.844-18.jpeg\",\"width\":1280,\"height\":720,\"caption\":\"Festa dei Santi Innocenti \u00a9 Vatican Media\"},{\"@type\":\"BreadcrumbList\",\"@id\":\"https:\\\/\\\/exaudi.org\\\/it\\\/festa-dei-santi-innocenti\\\/#breadcrumb\",\"itemListElement\":[{\"@type\":\"ListItem\",\"position\":1,\"name\":\"Portada\",\"item\":\"https:\\\/\\\/exaudi.org\\\/it\\\/\"},{\"@type\":\"ListItem\",\"position\":2,\"name\":\"Festa dei Santi Innocenti\"}]},{\"@type\":\"WebSite\",\"@id\":\"https:\\\/\\\/exaudi.org\\\/#website\",\"url\":\"https:\\\/\\\/exaudi.org\\\/\",\"name\":\"Exaudi\",\"description\":\"News\",\"potentialAction\":[{\"@type\":\"SearchAction\",\"target\":{\"@type\":\"EntryPoint\",\"urlTemplate\":\"https:\\\/\\\/exaudi.org\\\/?s={search_term_string}\"},\"query-input\":{\"@type\":\"PropertyValueSpecification\",\"valueRequired\":true,\"valueName\":\"search_term_string\"}}],\"inLanguage\":\"it-IT\"},{\"@type\":\"Person\",\"@id\":\"https:\\\/\\\/exaudi.org\\\/#\\\/schema\\\/person\\\/a34e7f6b2df745227af8c8b631a833e3\",\"name\":\"Fernando Luj\u00e1n\",\"image\":{\"@type\":\"ImageObject\",\"inLanguage\":\"it-IT\",\"@id\":\"https:\\\/\\\/secure.gravatar.com\\\/avatar\\\/d61ccd4c1cb2a055bb2be723eeb7fbdd055a8146fd0b20f01af66932503d1295?s=96&d=mm&r=g\",\"url\":\"https:\\\/\\\/secure.gravatar.com\\\/avatar\\\/d61ccd4c1cb2a055bb2be723eeb7fbdd055a8146fd0b20f01af66932503d1295?s=96&d=mm&r=g\",\"contentUrl\":\"https:\\\/\\\/secure.gravatar.com\\\/avatar\\\/d61ccd4c1cb2a055bb2be723eeb7fbdd055a8146fd0b20f01af66932503d1295?s=96&d=mm&r=g\",\"caption\":\"Fernando Luj\u00e1n\"},\"description\":\"Nacido en Pozoblanco, C\u00f3rdoba, Espa\u00f1a, en 1990 y ordenado sacerdote el 25 de junio de 2016. Licenciado en Derecho Can\u00f3nico por la Universidad de San D\u00e1maso de Madrid. Defensor del v\u00ednculo y Promotor de justicia del Tribunal Eclesi\u00e1stico de C\u00f3rdoba. P\u00e1rroco de Santa Marina de Aguas Santas de Villafranca de C\u00f3rdoba. Capell\u00e1n del Colegio Ntra. Sra. de la Piedad, de las Hijas del Patrocinio de Mar\u00eda de C\u00f3rdoba.\",\"url\":\"https:\\\/\\\/exaudi.org\\\/it\\\/author\\\/fernandolujan\\\/\"}]}<\/script>\n<!-- \/ Yoast SEO plugin. -->","yoast_head_json":{"title":"Festa dei Santi Innocenti &#8211; Exaudi","robots":{"index":"index","follow":"follow","max-snippet":"max-snippet:-1","max-image-preview":"max-image-preview:large","max-video-preview":"max-video-preview:-1"},"canonical":"https:\/\/exaudi.org\/it\/festa-dei-santi-innocenti\/","og_locale":"it_IT","og_type":"article","og_title":"Festa dei Santi Innocenti &#8211; Exaudi","og_description":"\u201cDalla bocca dei bambini che allattano hai fatto uscire la lode\u201d","og_url":"https:\/\/exaudi.org\/it\/festa-dei-santi-innocenti\/","og_site_name":"Exaudi","article_publisher":"https:\/\/www.facebook.com\/ExaudiNews","article_published_time":"2023-12-28T17:34:44+00:00","article_modified_time":"2023-12-28T22:32:10+00:00","og_image":[{"width":1280,"height":720,"url":"https:\/\/exaudi.org\/wp-content\/uploads\/2021\/12\/cq5dam.thumbnail.cropped.1500.844-18.jpeg","type":"image\/jpeg"}],"author":"Fernando Luj\u00e1n","twitter_card":"summary_large_image","twitter_creator":"@Exaudi_News","twitter_site":"@Exaudi_News","twitter_misc":{"Scritto da":"Fernando Luj\u00e1n","Tempo di lettura stimato":"3 minuti"},"schema":{"@context":"https:\/\/schema.org","@graph":[{"@type":"Article","@id":"https:\/\/exaudi.org\/it\/festa-dei-santi-innocenti\/#article","isPartOf":{"@id":"https:\/\/exaudi.org\/it\/festa-dei-santi-innocenti\/"},"author":{"name":"Fernando Luj\u00e1n","@id":"https:\/\/exaudi.org\/#\/schema\/person\/a34e7f6b2df745227af8c8b631a833e3"},"headline":"Festa dei Santi Innocenti","datePublished":"2023-12-28T17:34:44+00:00","dateModified":"2023-12-28T22:32:10+00:00","mainEntityOfPage":{"@id":"https:\/\/exaudi.org\/it\/festa-dei-santi-innocenti\/"},"wordCount":707,"image":{"@id":"https:\/\/exaudi.org\/it\/festa-dei-santi-innocenti\/#primaryimage"},"thumbnailUrl":"https:\/\/exaudi.org\/wp-content\/uploads\/2021\/12\/cq5dam.thumbnail.cropped.1500.844-18.jpeg","keywords":["Featured","Santi Innocenti"],"articleSection":["Featured News"],"inLanguage":"it-IT"},{"@type":"WebPage","@id":"https:\/\/exaudi.org\/it\/festa-dei-santi-innocenti\/","url":"https:\/\/exaudi.org\/it\/festa-dei-santi-innocenti\/","name":"Festa dei Santi Innocenti &#8211; Exaudi","isPartOf":{"@id":"https:\/\/exaudi.org\/#website"},"primaryImageOfPage":{"@id":"https:\/\/exaudi.org\/it\/festa-dei-santi-innocenti\/#primaryimage"},"image":{"@id":"https:\/\/exaudi.org\/it\/festa-dei-santi-innocenti\/#primaryimage"},"thumbnailUrl":"https:\/\/exaudi.org\/wp-content\/uploads\/2021\/12\/cq5dam.thumbnail.cropped.1500.844-18.jpeg","datePublished":"2023-12-28T17:34:44+00:00","dateModified":"2023-12-28T22:32:10+00:00","author":{"@id":"https:\/\/exaudi.org\/#\/schema\/person\/a34e7f6b2df745227af8c8b631a833e3"},"breadcrumb":{"@id":"https:\/\/exaudi.org\/it\/festa-dei-santi-innocenti\/#breadcrumb"},"inLanguage":"it-IT","potentialAction":[{"@type":"ReadAction","target":["https:\/\/exaudi.org\/it\/festa-dei-santi-innocenti\/"]}]},{"@type":"ImageObject","inLanguage":"it-IT","@id":"https:\/\/exaudi.org\/it\/festa-dei-santi-innocenti\/#primaryimage","url":"https:\/\/exaudi.org\/wp-content\/uploads\/2021\/12\/cq5dam.thumbnail.cropped.1500.844-18.jpeg","contentUrl":"https:\/\/exaudi.org\/wp-content\/uploads\/2021\/12\/cq5dam.thumbnail.cropped.1500.844-18.jpeg","width":1280,"height":720,"caption":"Festa dei Santi Innocenti \u00a9 Vatican Media"},{"@type":"BreadcrumbList","@id":"https:\/\/exaudi.org\/it\/festa-dei-santi-innocenti\/#breadcrumb","itemListElement":[{"@type":"ListItem","position":1,"name":"Portada","item":"https:\/\/exaudi.org\/it\/"},{"@type":"ListItem","position":2,"name":"Festa dei Santi Innocenti"}]},{"@type":"WebSite","@id":"https:\/\/exaudi.org\/#website","url":"https:\/\/exaudi.org\/","name":"Exaudi","description":"News","potentialAction":[{"@type":"SearchAction","target":{"@type":"EntryPoint","urlTemplate":"https:\/\/exaudi.org\/?s={search_term_string}"},"query-input":{"@type":"PropertyValueSpecification","valueRequired":true,"valueName":"search_term_string"}}],"inLanguage":"it-IT"},{"@type":"Person","@id":"https:\/\/exaudi.org\/#\/schema\/person\/a34e7f6b2df745227af8c8b631a833e3","name":"Fernando Luj\u00e1n","image":{"@type":"ImageObject","inLanguage":"it-IT","@id":"https:\/\/secure.gravatar.com\/avatar\/d61ccd4c1cb2a055bb2be723eeb7fbdd055a8146fd0b20f01af66932503d1295?s=96&d=mm&r=g","url":"https:\/\/secure.gravatar.com\/avatar\/d61ccd4c1cb2a055bb2be723eeb7fbdd055a8146fd0b20f01af66932503d1295?s=96&d=mm&r=g","contentUrl":"https:\/\/secure.gravatar.com\/avatar\/d61ccd4c1cb2a055bb2be723eeb7fbdd055a8146fd0b20f01af66932503d1295?s=96&d=mm&r=g","caption":"Fernando Luj\u00e1n"},"description":"Nacido en Pozoblanco, C\u00f3rdoba, Espa\u00f1a, en 1990 y ordenado sacerdote el 25 de junio de 2016. Licenciado en Derecho Can\u00f3nico por la Universidad de San D\u00e1maso de Madrid. Defensor del v\u00ednculo y Promotor de justicia del Tribunal Eclesi\u00e1stico de C\u00f3rdoba. P\u00e1rroco de Santa Marina de Aguas Santas de Villafranca de C\u00f3rdoba. Capell\u00e1n del Colegio Ntra. Sra. de la Piedad, de las Hijas del Patrocinio de Mar\u00eda de C\u00f3rdoba.","url":"https:\/\/exaudi.org\/it\/author\/fernandolujan\/"}]}},"jetpack_featured_media_url":"https:\/\/exaudi.org\/wp-content\/uploads\/2021\/12\/cq5dam.thumbnail.cropped.1500.844-18.jpeg","jetpack_shortlink":"https:\/\/wp.me\/pgKjF2-nJ6","_links":{"self":[{"href":"https:\/\/exaudi.org\/it\/wp-json\/wp\/v2\/posts\/91208","targetHints":{"allow":["GET"]}}],"collection":[{"href":"https:\/\/exaudi.org\/it\/wp-json\/wp\/v2\/posts"}],"about":[{"href":"https:\/\/exaudi.org\/it\/wp-json\/wp\/v2\/types\/post"}],"author":[{"embeddable":true,"href":"https:\/\/exaudi.org\/it\/wp-json\/wp\/v2\/users\/70"}],"replies":[{"embeddable":true,"href":"https:\/\/exaudi.org\/it\/wp-json\/wp\/v2\/comments?post=91208"}],"version-history":[{"count":0,"href":"https:\/\/exaudi.org\/it\/wp-json\/wp\/v2\/posts\/91208\/revisions"}],"wp:featuredmedia":[{"embeddable":true,"href":"https:\/\/exaudi.org\/it\/wp-json\/wp\/v2\/media\/47453"}],"wp:attachment":[{"href":"https:\/\/exaudi.org\/it\/wp-json\/wp\/v2\/media?parent=91208"}],"wp:term":[{"taxonomy":"category","embeddable":true,"href":"https:\/\/exaudi.org\/it\/wp-json\/wp\/v2\/categories?post=91208"},{"taxonomy":"post_tag","embeddable":true,"href":"https:\/\/exaudi.org\/it\/wp-json\/wp\/v2\/tags?post=91208"}],"curies":[{"name":"wp","href":"https:\/\/api.w.org\/{rel}","templated":true}]}}