{"id":91162,"date":"2023-12-26T19:05:30","date_gmt":"2023-12-26T18:05:30","guid":{"rendered":"https:\/\/exaudi.org\/?p=91162"},"modified":"2023-12-27T17:03:57","modified_gmt":"2023-12-27T16:03:57","slug":"natale-amaro","status":"publish","type":"post","link":"https:\/\/exaudi.org\/it\/natale-amaro\/","title":{"rendered":"Natale amaro"},"content":{"rendered":"<p>E chi di noi non ama il Natale? Siamo davvero cos\u00ec strani? Sono poche le persone che soffrono di \u201cdepressione bianca\u201d o di \u201cChristmas blues\u201d? Abbiamo forse il gene \u201cEvenezer Scrooge\u201d o \u201cGrinch\u201d? Dovrei sentirmi male \u2013 peggio \u2013 per essermi sentito male a Natale se sono cristiano? Abbiamo ragioni oggettive per esserlo?<\/p>\n<p>Non voglio fare il guastafeste, ma \u00e8 una realt\u00e0 che molte persone si aspettano che il Natale passi in fretta. E non sono necessarie cause fortemente oggettive. Immagino, ad esempio, che per i pochi cristiani di Gaza il Natale sar\u00e0 piuttosto amaro. Anche le persone che trascorrono il Natale in terapia intensiva, insieme a chi si prende cura di loro e a chi li ama, vivranno una vacanza non particolarmente entusiasmante. Probabilmente sono molte le persone che sono sole o che hanno perso la famiglia, a causa di una morte o, ad esempio, di un divorzio in cui la donna porta con s\u00e9 i figli insieme ai genitori e al nuovo partner. Oppure persone affette da malattie croniche molto gravi, o con gravi problemi economici, o semplicemente che in quell&#8217;anno non sono riuscite a raggiungere i propri obiettivi vitali o, peggio ancora, che ritengono venuto meno il senso complessivo della loro vita. Se sommiamo, nella nostra societ\u00e0 ferita non ce ne sono poi cos\u00ec pochi.<\/p>\n<p>A volte le cause, un po&#8217; misteriose a dire il vero, possono essere pi\u00f9 subdole. La nausea provocata dalla pubblicit\u00e0 natalizia ovunque e in modo esclusivamente consumistico; L&#8217;ultima goccia \u00e8 quando compaiono le ragazze &#8220;natalizie&#8221; seminude. Non si trovano pi\u00f9 cartoline con motivi cristiani: la renna, l&#8217;albero e Babbo Natale hanno sostituito Ges\u00f9 anche nei paesi tropicali, o nell&#8217;emisfero australe, dove ormai \u00e8 estate. Rendendosi conto di come, tranne che in zone piccole e privilegiate, il protagonista della festa \u00e8 American Express o Visa, ma non Ges\u00f9. Vedere come la festa venga svuotata del suo significato originario, tanto che adesso si usa un asettico \u201cBuone Feste\u201d, di cui non si sa bene cosa significhi, al di l\u00e0 di qualche bicchiere di alcol e qualche regalo. Vedendo come, di conseguenza, ci si ritrovi a vivere rituali sociali senza senso, in cui si \u00e8 costretti a indossare una maschera di felicit\u00e0, pi\u00f9 falsa dei profili social e, ovviamente, pi\u00f9 amara. Insomma, la tristezza di constatare, con nostro grande rammarico, la perdita del significato originario del Natale.<\/p>\n<p>A questa causa, piuttosto culturale e sociologica, se ne aggiungono altre pi\u00f9 intime. Nostalgia del \u201cNatale perduto\u201d, cio\u00e8 dei Natali tanto sospirati dell&#8217;infanzia e dell&#8217;adolescenza, tanto attesi. Insieme a questo, vediamo come, a differenza di quegli \u201canni meravigliosi\u201d, quel dono meraviglioso che \u00e8 \u201cl\u2019illusione\u201d \u00e8 andato in gran parte perduto e non sappiamo come recuperarlo. Vivere un Natale senza figli, che \u00e8 come un \u201cNatale secco\u201d, proprio perch\u00e9 sono loro a fornire gli ingredienti magici dell\u2019illusione, dell\u2019ingenuit\u00e0 e della meraviglia. Nostalgia per la perdita delle persone care, tanto legate a quei meravigliosi Natali, come i nonni e i genitori.<\/p>\n<p>Per le persone di fede, questo sentimento provoca un conflitto spirituale. Il gioco di parole \u00e8 ancora pi\u00f9 distorto, perch\u00e9 il significato religioso della festa \u00e8 di profonda gioia e speranza. La fede ci dice anche che il contenuto del Natale \u00e8 reale, oggettivo. Non \u00e8 una storia per bambini, come Babbo Natale che esce dal camino, n\u00e9 una consolazione per i perdenti. \u00c8 reale: Dio si \u00e8 fatto uomo ed \u00e8 sceso nel mondo, mostrandosi impotente, come un Bambino tra le braccia di sua Madre. E, cos\u00ec facendo, ha salvato l\u2019umanit\u00e0. La forza spirituale di ci\u00f2 che commemoriamo dovrebbe riempirci di gioia\u2026 dovrebbe, ma non \u00e8 cos\u00ec. Se fossimo santi lo farei, ma non lo siamo&#8230; ancora.<\/p>\n<p>Come spiegare? Forse ci aiuter\u00e0 uno stratagemma comune nella teologia cattolica, che ci dice che \u201cDio ci ha salvato\u201d, ma \u201cche la salvezza non \u00e8 stata ancora pienamente manifestata\u201d. Quel \u201cgi\u00e0, ma non ancora\u201d, con cui si spiega magicamente il caos del mondo, della Chiesa e della vita personale. Sappiamo che questa pienezza desiderata sar\u00e0 realt\u00e0 alla fine dei tempi, nell&#8217;escatologia, o nella vita dei santi, che in qualche modo la anticipano. Ma nella nostra vita e nel nostro tempo abbiamo solo il desiderio che passi presto, di ritornare alla nostra routine salvifica, e di non pensare tanto a quello che dovrebbe essere, ma non \u00e8.<\/p>\n","protected":false},"excerpt":{"rendered":"<p>\u201cDio ci ha salvato\u201d, ma \u201cquella salvezza non si \u00e8 ancora pienamente manifestata\u201d<\/p>\n","protected":false},"author":116,"featured_media":91157,"comment_status":"closed","ping_status":"closed","sticky":false,"template":"","format":"standard","meta":{"_acf_changed":false,"_crdt_document":"","inline_featured_image":false,"footnotes":""},"categories":[129],"tags":[11198,4696,3987,4952],"class_list":["post-91162","post","type-post","status-publish","format-standard","has-post-thumbnail","hentry","category-voci","tag-dio","tag-natale","tag-salvezza","tag-trending-it"],"acf":[],"yoast_head":"<!-- This site is optimized with the Yoast SEO plugin v27.4 - https:\/\/yoast.com\/product\/yoast-seo-wordpress\/ -->\n<title>Natale amaro &#8211; Exaudi<\/title>\n<meta name=\"robots\" content=\"index, follow, max-snippet:-1, max-image-preview:large, max-video-preview:-1\" \/>\n<link rel=\"canonical\" href=\"https:\/\/exaudi.org\/it\/natale-amaro\/\" \/>\n<meta property=\"og:locale\" content=\"it_IT\" \/>\n<meta property=\"og:type\" content=\"article\" \/>\n<meta property=\"og:title\" content=\"Natale amaro &#8211; Exaudi\" \/>\n<meta property=\"og:description\" content=\"\u201cDio ci ha salvato\u201d, ma \u201cquella salvezza non si \u00e8 ancora pienamente manifestata\u201d\" \/>\n<meta property=\"og:url\" content=\"https:\/\/exaudi.org\/it\/natale-amaro\/\" \/>\n<meta property=\"og:site_name\" content=\"Exaudi\" \/>\n<meta property=\"article:publisher\" content=\"https:\/\/www.facebook.com\/ExaudiNews\" \/>\n<meta property=\"article:published_time\" content=\"2023-12-26T18:05:30+00:00\" \/>\n<meta property=\"article:modified_time\" content=\"2023-12-27T16:03:57+00:00\" \/>\n<meta property=\"og:image\" content=\"https:\/\/exaudi.org\/wp-content\/uploads\/2023\/12\/pexels-jeswin-thomas-1652555-scaled.jpg\" \/>\n\t<meta property=\"og:image:width\" content=\"2560\" \/>\n\t<meta property=\"og:image:height\" content=\"1707\" \/>\n\t<meta property=\"og:image:type\" content=\"image\/jpeg\" \/>\n<meta name=\"author\" content=\"Salvador Fabre\" \/>\n<meta name=\"twitter:card\" content=\"summary_large_image\" \/>\n<meta name=\"twitter:creator\" content=\"@Exaudi_News\" \/>\n<meta name=\"twitter:site\" content=\"@Exaudi_News\" \/>\n<meta name=\"twitter:label1\" content=\"Scritto da\" \/>\n\t<meta name=\"twitter:data1\" content=\"Salvador Fabre\" \/>\n\t<meta name=\"twitter:label2\" content=\"Tempo di lettura stimato\" \/>\n\t<meta name=\"twitter:data2\" content=\"3 minuti\" \/>\n<script type=\"application\/ld+json\" class=\"yoast-schema-graph\">{\"@context\":\"https:\\\/\\\/schema.org\",\"@graph\":[{\"@type\":\"Article\",\"@id\":\"https:\\\/\\\/exaudi.org\\\/it\\\/natale-amaro\\\/#article\",\"isPartOf\":{\"@id\":\"https:\\\/\\\/exaudi.org\\\/it\\\/natale-amaro\\\/\"},\"author\":{\"name\":\"Salvador Fabre\",\"@id\":\"https:\\\/\\\/exaudi.org\\\/#\\\/schema\\\/person\\\/29b1dbd9f3952eecacfc704ca1a473a8\"},\"headline\":\"Natale amaro\",\"datePublished\":\"2023-12-26T18:05:30+00:00\",\"dateModified\":\"2023-12-27T16:03:57+00:00\",\"mainEntityOfPage\":{\"@id\":\"https:\\\/\\\/exaudi.org\\\/it\\\/natale-amaro\\\/\"},\"wordCount\":708,\"image\":{\"@id\":\"https:\\\/\\\/exaudi.org\\\/it\\\/natale-amaro\\\/#primaryimage\"},\"thumbnailUrl\":\"https:\\\/\\\/exaudi.org\\\/wp-content\\\/uploads\\\/2023\\\/12\\\/pexels-jeswin-thomas-1652555-scaled.jpg\",\"keywords\":[\"DIO\",\"natale\",\"salvezza\",\"Trending\"],\"articleSection\":[\"Voci\"],\"inLanguage\":\"it-IT\"},{\"@type\":\"WebPage\",\"@id\":\"https:\\\/\\\/exaudi.org\\\/it\\\/natale-amaro\\\/\",\"url\":\"https:\\\/\\\/exaudi.org\\\/it\\\/natale-amaro\\\/\",\"name\":\"Natale amaro &#8211; Exaudi\",\"isPartOf\":{\"@id\":\"https:\\\/\\\/exaudi.org\\\/#website\"},\"primaryImageOfPage\":{\"@id\":\"https:\\\/\\\/exaudi.org\\\/it\\\/natale-amaro\\\/#primaryimage\"},\"image\":{\"@id\":\"https:\\\/\\\/exaudi.org\\\/it\\\/natale-amaro\\\/#primaryimage\"},\"thumbnailUrl\":\"https:\\\/\\\/exaudi.org\\\/wp-content\\\/uploads\\\/2023\\\/12\\\/pexels-jeswin-thomas-1652555-scaled.jpg\",\"datePublished\":\"2023-12-26T18:05:30+00:00\",\"dateModified\":\"2023-12-27T16:03:57+00:00\",\"author\":{\"@id\":\"https:\\\/\\\/exaudi.org\\\/#\\\/schema\\\/person\\\/29b1dbd9f3952eecacfc704ca1a473a8\"},\"breadcrumb\":{\"@id\":\"https:\\\/\\\/exaudi.org\\\/it\\\/natale-amaro\\\/#breadcrumb\"},\"inLanguage\":\"it-IT\",\"potentialAction\":[{\"@type\":\"ReadAction\",\"target\":[\"https:\\\/\\\/exaudi.org\\\/it\\\/natale-amaro\\\/\"]}]},{\"@type\":\"ImageObject\",\"inLanguage\":\"it-IT\",\"@id\":\"https:\\\/\\\/exaudi.org\\\/it\\\/natale-amaro\\\/#primaryimage\",\"url\":\"https:\\\/\\\/exaudi.org\\\/wp-content\\\/uploads\\\/2023\\\/12\\\/pexels-jeswin-thomas-1652555-scaled.jpg\",\"contentUrl\":\"https:\\\/\\\/exaudi.org\\\/wp-content\\\/uploads\\\/2023\\\/12\\\/pexels-jeswin-thomas-1652555-scaled.jpg\",\"width\":2560,\"height\":1707},{\"@type\":\"BreadcrumbList\",\"@id\":\"https:\\\/\\\/exaudi.org\\\/it\\\/natale-amaro\\\/#breadcrumb\",\"itemListElement\":[{\"@type\":\"ListItem\",\"position\":1,\"name\":\"Portada\",\"item\":\"https:\\\/\\\/exaudi.org\\\/it\\\/\"},{\"@type\":\"ListItem\",\"position\":2,\"name\":\"Natale amaro\"}]},{\"@type\":\"WebSite\",\"@id\":\"https:\\\/\\\/exaudi.org\\\/#website\",\"url\":\"https:\\\/\\\/exaudi.org\\\/\",\"name\":\"Exaudi\",\"description\":\"News\",\"potentialAction\":[{\"@type\":\"SearchAction\",\"target\":{\"@type\":\"EntryPoint\",\"urlTemplate\":\"https:\\\/\\\/exaudi.org\\\/?s={search_term_string}\"},\"query-input\":{\"@type\":\"PropertyValueSpecification\",\"valueRequired\":true,\"valueName\":\"search_term_string\"}}],\"inLanguage\":\"it-IT\"},{\"@type\":\"Person\",\"@id\":\"https:\\\/\\\/exaudi.org\\\/#\\\/schema\\\/person\\\/29b1dbd9f3952eecacfc704ca1a473a8\",\"name\":\"Salvador Fabre\",\"image\":{\"@type\":\"ImageObject\",\"inLanguage\":\"it-IT\",\"@id\":\"https:\\\/\\\/secure.gravatar.com\\\/avatar\\\/8d1a5a78ba86b9a8255e1c5b454943b9168b1dc31a275487309b73b631a7ac5d?s=96&d=mm&r=g\",\"url\":\"https:\\\/\\\/secure.gravatar.com\\\/avatar\\\/8d1a5a78ba86b9a8255e1c5b454943b9168b1dc31a275487309b73b631a7ac5d?s=96&d=mm&r=g\",\"contentUrl\":\"https:\\\/\\\/secure.gravatar.com\\\/avatar\\\/8d1a5a78ba86b9a8255e1c5b454943b9168b1dc31a275487309b73b631a7ac5d?s=96&d=mm&r=g\",\"caption\":\"Salvador Fabre\"},\"description\":\"Doctor en filosof\u00eda - Pensar en Cristiano\",\"url\":\"https:\\\/\\\/exaudi.org\\\/it\\\/author\\\/dr-salvador-fabre\\\/\"}]}<\/script>\n<!-- \/ Yoast SEO plugin. -->","yoast_head_json":{"title":"Natale amaro &#8211; Exaudi","robots":{"index":"index","follow":"follow","max-snippet":"max-snippet:-1","max-image-preview":"max-image-preview:large","max-video-preview":"max-video-preview:-1"},"canonical":"https:\/\/exaudi.org\/it\/natale-amaro\/","og_locale":"it_IT","og_type":"article","og_title":"Natale amaro &#8211; Exaudi","og_description":"\u201cDio ci ha salvato\u201d, ma \u201cquella salvezza non si \u00e8 ancora pienamente manifestata\u201d","og_url":"https:\/\/exaudi.org\/it\/natale-amaro\/","og_site_name":"Exaudi","article_publisher":"https:\/\/www.facebook.com\/ExaudiNews","article_published_time":"2023-12-26T18:05:30+00:00","article_modified_time":"2023-12-27T16:03:57+00:00","og_image":[{"width":2560,"height":1707,"url":"https:\/\/exaudi.org\/wp-content\/uploads\/2023\/12\/pexels-jeswin-thomas-1652555-scaled.jpg","type":"image\/jpeg"}],"author":"Salvador Fabre","twitter_card":"summary_large_image","twitter_creator":"@Exaudi_News","twitter_site":"@Exaudi_News","twitter_misc":{"Scritto da":"Salvador Fabre","Tempo di lettura stimato":"3 minuti"},"schema":{"@context":"https:\/\/schema.org","@graph":[{"@type":"Article","@id":"https:\/\/exaudi.org\/it\/natale-amaro\/#article","isPartOf":{"@id":"https:\/\/exaudi.org\/it\/natale-amaro\/"},"author":{"name":"Salvador Fabre","@id":"https:\/\/exaudi.org\/#\/schema\/person\/29b1dbd9f3952eecacfc704ca1a473a8"},"headline":"Natale amaro","datePublished":"2023-12-26T18:05:30+00:00","dateModified":"2023-12-27T16:03:57+00:00","mainEntityOfPage":{"@id":"https:\/\/exaudi.org\/it\/natale-amaro\/"},"wordCount":708,"image":{"@id":"https:\/\/exaudi.org\/it\/natale-amaro\/#primaryimage"},"thumbnailUrl":"https:\/\/exaudi.org\/wp-content\/uploads\/2023\/12\/pexels-jeswin-thomas-1652555-scaled.jpg","keywords":["DIO","natale","salvezza","Trending"],"articleSection":["Voci"],"inLanguage":"it-IT"},{"@type":"WebPage","@id":"https:\/\/exaudi.org\/it\/natale-amaro\/","url":"https:\/\/exaudi.org\/it\/natale-amaro\/","name":"Natale amaro &#8211; Exaudi","isPartOf":{"@id":"https:\/\/exaudi.org\/#website"},"primaryImageOfPage":{"@id":"https:\/\/exaudi.org\/it\/natale-amaro\/#primaryimage"},"image":{"@id":"https:\/\/exaudi.org\/it\/natale-amaro\/#primaryimage"},"thumbnailUrl":"https:\/\/exaudi.org\/wp-content\/uploads\/2023\/12\/pexels-jeswin-thomas-1652555-scaled.jpg","datePublished":"2023-12-26T18:05:30+00:00","dateModified":"2023-12-27T16:03:57+00:00","author":{"@id":"https:\/\/exaudi.org\/#\/schema\/person\/29b1dbd9f3952eecacfc704ca1a473a8"},"breadcrumb":{"@id":"https:\/\/exaudi.org\/it\/natale-amaro\/#breadcrumb"},"inLanguage":"it-IT","potentialAction":[{"@type":"ReadAction","target":["https:\/\/exaudi.org\/it\/natale-amaro\/"]}]},{"@type":"ImageObject","inLanguage":"it-IT","@id":"https:\/\/exaudi.org\/it\/natale-amaro\/#primaryimage","url":"https:\/\/exaudi.org\/wp-content\/uploads\/2023\/12\/pexels-jeswin-thomas-1652555-scaled.jpg","contentUrl":"https:\/\/exaudi.org\/wp-content\/uploads\/2023\/12\/pexels-jeswin-thomas-1652555-scaled.jpg","width":2560,"height":1707},{"@type":"BreadcrumbList","@id":"https:\/\/exaudi.org\/it\/natale-amaro\/#breadcrumb","itemListElement":[{"@type":"ListItem","position":1,"name":"Portada","item":"https:\/\/exaudi.org\/it\/"},{"@type":"ListItem","position":2,"name":"Natale amaro"}]},{"@type":"WebSite","@id":"https:\/\/exaudi.org\/#website","url":"https:\/\/exaudi.org\/","name":"Exaudi","description":"News","potentialAction":[{"@type":"SearchAction","target":{"@type":"EntryPoint","urlTemplate":"https:\/\/exaudi.org\/?s={search_term_string}"},"query-input":{"@type":"PropertyValueSpecification","valueRequired":true,"valueName":"search_term_string"}}],"inLanguage":"it-IT"},{"@type":"Person","@id":"https:\/\/exaudi.org\/#\/schema\/person\/29b1dbd9f3952eecacfc704ca1a473a8","name":"Salvador Fabre","image":{"@type":"ImageObject","inLanguage":"it-IT","@id":"https:\/\/secure.gravatar.com\/avatar\/8d1a5a78ba86b9a8255e1c5b454943b9168b1dc31a275487309b73b631a7ac5d?s=96&d=mm&r=g","url":"https:\/\/secure.gravatar.com\/avatar\/8d1a5a78ba86b9a8255e1c5b454943b9168b1dc31a275487309b73b631a7ac5d?s=96&d=mm&r=g","contentUrl":"https:\/\/secure.gravatar.com\/avatar\/8d1a5a78ba86b9a8255e1c5b454943b9168b1dc31a275487309b73b631a7ac5d?s=96&d=mm&r=g","caption":"Salvador Fabre"},"description":"Doctor en filosof\u00eda - Pensar en Cristiano","url":"https:\/\/exaudi.org\/it\/author\/dr-salvador-fabre\/"}]}},"jetpack_featured_media_url":"https:\/\/exaudi.org\/wp-content\/uploads\/2023\/12\/pexels-jeswin-thomas-1652555-scaled.jpg","jetpack_shortlink":"https:\/\/wp.me\/pgKjF2-nIm","_links":{"self":[{"href":"https:\/\/exaudi.org\/it\/wp-json\/wp\/v2\/posts\/91162","targetHints":{"allow":["GET"]}}],"collection":[{"href":"https:\/\/exaudi.org\/it\/wp-json\/wp\/v2\/posts"}],"about":[{"href":"https:\/\/exaudi.org\/it\/wp-json\/wp\/v2\/types\/post"}],"author":[{"embeddable":true,"href":"https:\/\/exaudi.org\/it\/wp-json\/wp\/v2\/users\/116"}],"replies":[{"embeddable":true,"href":"https:\/\/exaudi.org\/it\/wp-json\/wp\/v2\/comments?post=91162"}],"version-history":[{"count":0,"href":"https:\/\/exaudi.org\/it\/wp-json\/wp\/v2\/posts\/91162\/revisions"}],"wp:featuredmedia":[{"embeddable":true,"href":"https:\/\/exaudi.org\/it\/wp-json\/wp\/v2\/media\/91157"}],"wp:attachment":[{"href":"https:\/\/exaudi.org\/it\/wp-json\/wp\/v2\/media?parent=91162"}],"wp:term":[{"taxonomy":"category","embeddable":true,"href":"https:\/\/exaudi.org\/it\/wp-json\/wp\/v2\/categories?post=91162"},{"taxonomy":"post_tag","embeddable":true,"href":"https:\/\/exaudi.org\/it\/wp-json\/wp\/v2\/tags?post=91162"}],"curies":[{"name":"wp","href":"https:\/\/api.w.org\/{rel}","templated":true}]}}