{"id":91150,"date":"2023-12-26T16:09:36","date_gmt":"2023-12-26T15:09:36","guid":{"rendered":"https:\/\/exaudi.org\/?p=91150"},"modified":"2023-12-29T17:31:41","modified_gmt":"2023-12-29T16:31:41","slug":"il-suo-sacrificio-semina-un-seme-il-sangue-dei-martiri-il-seme-dei-cristiani","status":"publish","type":"post","link":"https:\/\/exaudi.org\/it\/il-suo-sacrificio-semina-un-seme-il-sangue-dei-martiri-il-seme-dei-cristiani\/","title":{"rendered":"&#8220;Il suo sacrificio semina un seme, il sangue dei martiri, il seme dei cristiani&#8221;"},"content":{"rendered":"<p>Nel giorno in cui la Chiesa cattolica celebra la festa del primo martire Santo Stefano, il Pontefice ricorda le migliaia di persone perseguitate nel mondo per aver testimoniato Ges\u00f9: &#8220;Oggi, duemila anni dopo, c&#8217;\u00e8 ancora chi soffre e &#8220;Muoiono per testimoniare Ges\u00f9, mentre il mondo ride di loro e predica qualcos&#8217;altro&#8221;.<\/p>\n<p>Queste le parole del Papa introducendo la preghiera mariana:<\/p>\n<p>***<\/p>\n<h3><strong>Le parole del Papa<\/strong><\/h3>\n<p>Cari fratelli e sorelle, buongiorno!<\/p>\n<p>Oggi, subito dopo Natale, celebriamo Santo Stefano, primo martire. Troviamo il racconto del suo martirio negli Atti degli Apostoli (cfr capp. 6-7), che lo descrivono come un uomo di buona reputazione, che serviva alle mense e amministrava la carit\u00e0 (cfr 6,3). E proprio per questa generosa integrit\u00e0 egli non pu\u00f2 fare a meno di testimoniare ci\u00f2 che ha di pi\u00f9 prezioso: testimoniare la fede in Ges\u00f9, e questo scatena l\u2019ira dei suoi avversari, che lo uccidono lapidandolo senza piet\u00e0. E tutto accade davanti a un giovane, Saulo, zelante persecutore dei cristiani, che fa da \u201cgarante\u201d dell\u2019esecuzione (cfr 7,58).<\/p>\n<p>Pensiamo un momento a questa scena: Saulo e Stefano, il persecutore e il perseguitato. Tra loro sembra esserci un muro impenetrabile, duro come l\u2019integralismo del giovane fariseo e come le pietre lanciate contro il condannato a morte. Eppure, al di l\u00e0 delle apparenze, c\u2019\u00e8 qualcosa di pi\u00f9 forte che li unisce: attraverso la testimonianza di Stefano, infatti, gi\u00e0 il Signore sta preparando nel cuore di Saulo, a sua insaputa, la conversione che lo porter\u00e0 ad essere un grande Apostolo. Stefano, il suo servizio, la sua preghiera e la fede che annuncia, il suo coraggio e soprattutto il suo perdono in punto di morte, non sono vani. Si diceva, nei tempi delle persecuzioni \u2013 e anche oggi questo \u00e8 giusto dirlo \u2013 \u201cil sangue dei martiri seme di cristiani\u201d. Sembrano concludersi nel nulla, ma in realt\u00e0 il suo sacrificio lancia un seme che, correndo in direzione opposta ai sassi, si pianta, in modo nascosto, nel petto del suo peggiore rivale.<\/p>\n<p>Oggi, duemila anni dopo, purtroppo vediamo che la persecuzione continua: c\u2019\u00e8 persecuzione dei cristiani\u2026 Ancora ci sono \u2013 e sono tanti \u2013 quelli che soffrono e muoiono per testimoniare Ges\u00f9, come c\u2019\u00e8 chi \u00e8 penalizzato a vari livelli per il fatto di comportarsi in modo coerente con il Vangelo, e chi fa fatica ogni giorno a rimanere fedele, senza clamore, ai propri buoni doveri, mentre il mondo se ne ride e predica altro. Anche questi fratelli e sorelle possono sembrare dei falliti, ma oggi vediamo che non \u00e8 cos\u00ec. Adesso come allora, infatti, il seme dei loro sacrifici, che sembra morire, germoglia, porta frutto, perch\u00e9 Dio attraverso di loro continua a operare prodigi (cfr\u00a0<i>At\u00a0<\/i>18,9-10), a cambiare i cuori e a salvare gli uomini.<\/p>\n<p>Chiediamoci, allora: mi interesso e prego per chi, in varie parti del mondo, ancora oggi soffre e muore per la fede? Tanti che sono assassinati per la fede. E a mia volta, cerco di testimoniare il Vangelo con coerenza, con mitezza e con fiducia? Credo che il seme del bene porter\u00e0 frutto anche se non vedo risultati immediati?<\/p>\n<p>Maria, Regina dei martiri, ci aiuti a testimoniare Ges\u00f9.<\/p>\n<p>_________________________<\/p>\n<p><b>Dopo l\u2019Angelus<\/b><\/p>\n<p>Cari fratelli e sorelle,<\/p>\n<p>rinnovo a tutti voi l\u2019augurio di pace e di bene che scaturisce dal Natale del Signore. E colgo questa occasione per ringraziare quanti mi hanno indirizzato messaggi augurali da Roma e da tante parti del mondo. Grazie, soprattutto per le vostre preghiere! E continuate a pregare per il Papa! C\u2019\u00e8 bisogno.<\/p>\n<p>Nel segno della testimonianza di Santo Stefano, sono vicino alle comunit\u00e0 cristiane che soffrono discriminazioni e le esorto a perseverare nella carit\u00e0 verso tutti, lottando pacificamente per la giustizia e la libert\u00e0 religiosa.<\/p>\n<p>All\u2019intercessione del primo Martire affido anche l\u2019invocazione di pace dei popoli straziati dalla guerra. I\u00a0<i>media<\/i>\u00a0ci mostrano che cosa la guerra produce: abbiamo visto la Siria, vediamo Gaza. Pensiamo alla martoriata Ucraina.<b>\u00a0<\/b>Un deserto di morte. \u00c8 questo che si vuole? I popoli vogliono la pace. Preghiamo per la pace. Lottiamo per la pace.<\/p>\n<p>Rivolgo il mio saluto a voi, romani e pellegrini, famiglie, gruppi parrocchiali, comunit\u00e0 religiose, associazioni. Vi invito a sostare davanti al grande Presepe di Piazza San Pietro, ispirato a quello che San Francesco fece a Greccio ottocento anni fa. Osservando le statue, vedrete sui volti e negli atteggiamenti un tratto comune: lo stupore. Vedrete uno stupore che si fa adorazione. Lasciamoci colpire dallo stupore davanti alla nascita del Signore. Vi auguro di custodire questo in voi: lo stupore che si fa adorazione.<\/p>\n<p>E grazie a tutti voi, ai ragazzi dell\u2019Immacolata, e a tanti che sono qui davanti!<\/p>\n<p>Buona festa a tutti! E, per favore, non dimenticatevi di pregare per me. Buon pranzo e arrivederci.<\/p>\n<p><iframe loading=\"lazy\" title=\"December 26 2023 Angelus prayer Pope Francis\" width=\"500\" height=\"281\" src=\"https:\/\/www.youtube.com\/embed\/Si_3qllhmzM?feature=oembed\" frameborder=\"0\" allow=\"accelerometer; autoplay; clipboard-write; encrypted-media; gyroscope; picture-in-picture; web-share\" referrerpolicy=\"strict-origin-when-cross-origin\" allowfullscreen><\/iframe><\/p>\n","protected":false},"excerpt":{"rendered":"<p>Parole del Santo Padre all&#8217;Angelus<\/p>\n","protected":false},"author":17,"featured_media":83263,"comment_status":"closed","ping_status":"closed","sticky":false,"template":"","format":"standard","meta":{"_acf_changed":false,"_crdt_document":"","inline_featured_image":false,"footnotes":""},"categories":[69,67],"tags":[11812,7626,2487,4952],"class_list":["post-91150","post","type-post","status-publish","format-standard","has-post-thumbnail","hentry","category-angelus-it","category-leone-xiv","tag-angelus-december-26-2023","tag-featured-it","tag-featured-3","tag-trending-it"],"acf":[],"yoast_head":"<!-- This site is optimized with the Yoast SEO plugin v27.4 - https:\/\/yoast.com\/product\/yoast-seo-wordpress\/ -->\n<title>&quot;Il suo sacrificio semina un seme, il sangue dei martiri, il seme dei cristiani&quot; &#8211; Exaudi<\/title>\n<meta name=\"robots\" content=\"index, follow, max-snippet:-1, max-image-preview:large, max-video-preview:-1\" \/>\n<link rel=\"canonical\" href=\"https:\/\/exaudi.org\/it\/il-suo-sacrificio-semina-un-seme-il-sangue-dei-martiri-il-seme-dei-cristiani\/\" \/>\n<meta property=\"og:locale\" content=\"it_IT\" \/>\n<meta property=\"og:type\" content=\"article\" \/>\n<meta property=\"og:title\" content=\"&quot;Il suo sacrificio semina un seme, il sangue dei martiri, il seme dei cristiani&quot; &#8211; Exaudi\" \/>\n<meta property=\"og:description\" content=\"Parole del Santo Padre all&#039;Angelus\" \/>\n<meta property=\"og:url\" content=\"https:\/\/exaudi.org\/it\/il-suo-sacrificio-semina-un-seme-il-sangue-dei-martiri-il-seme-dei-cristiani\/\" \/>\n<meta property=\"og:site_name\" content=\"Exaudi\" \/>\n<meta property=\"article:publisher\" content=\"https:\/\/www.facebook.com\/ExaudiNews\" \/>\n<meta property=\"article:author\" content=\"https:\/\/www.facebook.com\/ExaudiNotizie\/\" \/>\n<meta property=\"article:published_time\" content=\"2023-12-26T15:09:36+00:00\" \/>\n<meta property=\"article:modified_time\" content=\"2023-12-29T16:31:41+00:00\" \/>\n<meta property=\"og:image\" content=\"https:\/\/exaudi.org\/wp-content\/uploads\/2023\/09\/cq5dam.thumbnail.cropped.750.422-12.jpeg\" \/>\n\t<meta property=\"og:image:width\" content=\"800\" \/>\n\t<meta property=\"og:image:height\" content=\"533\" \/>\n\t<meta property=\"og:image:type\" content=\"image\/jpeg\" \/>\n<meta name=\"author\" content=\"Exaudi Redazione\" \/>\n<meta name=\"twitter:card\" content=\"summary_large_image\" \/>\n<meta name=\"twitter:creator\" content=\"@Exaudi_Notizie\" \/>\n<meta name=\"twitter:site\" content=\"@Exaudi_News\" \/>\n<meta name=\"twitter:label1\" content=\"Scritto da\" \/>\n\t<meta name=\"twitter:data1\" content=\"Exaudi Redazione\" \/>\n\t<meta name=\"twitter:label2\" content=\"Tempo di lettura stimato\" \/>\n\t<meta name=\"twitter:data2\" content=\"4 minuti\" \/>\n<script type=\"application\/ld+json\" class=\"yoast-schema-graph\">{\"@context\":\"https:\\\/\\\/schema.org\",\"@graph\":[{\"@type\":\"Article\",\"@id\":\"https:\\\/\\\/exaudi.org\\\/it\\\/il-suo-sacrificio-semina-un-seme-il-sangue-dei-martiri-il-seme-dei-cristiani\\\/#article\",\"isPartOf\":{\"@id\":\"https:\\\/\\\/exaudi.org\\\/it\\\/il-suo-sacrificio-semina-un-seme-il-sangue-dei-martiri-il-seme-dei-cristiani\\\/\"},\"author\":{\"name\":\"Exaudi Redazione\",\"@id\":\"https:\\\/\\\/exaudi.org\\\/#\\\/schema\\\/person\\\/e1ab6ed07c01774724dd96f925f3a5f0\"},\"headline\":\"&#8220;Il suo sacrificio semina un seme, il sangue dei martiri, il seme dei cristiani&#8221;\",\"datePublished\":\"2023-12-26T15:09:36+00:00\",\"dateModified\":\"2023-12-29T16:31:41+00:00\",\"mainEntityOfPage\":{\"@id\":\"https:\\\/\\\/exaudi.org\\\/it\\\/il-suo-sacrificio-semina-un-seme-il-sangue-dei-martiri-il-seme-dei-cristiani\\\/\"},\"wordCount\":797,\"image\":{\"@id\":\"https:\\\/\\\/exaudi.org\\\/it\\\/il-suo-sacrificio-semina-un-seme-il-sangue-dei-martiri-il-seme-dei-cristiani\\\/#primaryimage\"},\"thumbnailUrl\":\"https:\\\/\\\/exaudi.org\\\/wp-content\\\/uploads\\\/2023\\\/09\\\/cq5dam.thumbnail.cropped.750.422-12.jpeg\",\"keywords\":[\"Angelus December 26 - 2023\",\"Featured\",\"Featured\",\"Trending\"],\"articleSection\":[\"Angelus\",\"Leone XIV\"],\"inLanguage\":\"it-IT\"},{\"@type\":\"WebPage\",\"@id\":\"https:\\\/\\\/exaudi.org\\\/it\\\/il-suo-sacrificio-semina-un-seme-il-sangue-dei-martiri-il-seme-dei-cristiani\\\/\",\"url\":\"https:\\\/\\\/exaudi.org\\\/it\\\/il-suo-sacrificio-semina-un-seme-il-sangue-dei-martiri-il-seme-dei-cristiani\\\/\",\"name\":\"\\\"Il suo sacrificio semina un seme, il sangue dei martiri, il seme dei cristiani\\\" &#8211; Exaudi\",\"isPartOf\":{\"@id\":\"https:\\\/\\\/exaudi.org\\\/#website\"},\"primaryImageOfPage\":{\"@id\":\"https:\\\/\\\/exaudi.org\\\/it\\\/il-suo-sacrificio-semina-un-seme-il-sangue-dei-martiri-il-seme-dei-cristiani\\\/#primaryimage\"},\"image\":{\"@id\":\"https:\\\/\\\/exaudi.org\\\/it\\\/il-suo-sacrificio-semina-un-seme-il-sangue-dei-martiri-il-seme-dei-cristiani\\\/#primaryimage\"},\"thumbnailUrl\":\"https:\\\/\\\/exaudi.org\\\/wp-content\\\/uploads\\\/2023\\\/09\\\/cq5dam.thumbnail.cropped.750.422-12.jpeg\",\"datePublished\":\"2023-12-26T15:09:36+00:00\",\"dateModified\":\"2023-12-29T16:31:41+00:00\",\"author\":{\"@id\":\"https:\\\/\\\/exaudi.org\\\/#\\\/schema\\\/person\\\/e1ab6ed07c01774724dd96f925f3a5f0\"},\"breadcrumb\":{\"@id\":\"https:\\\/\\\/exaudi.org\\\/it\\\/il-suo-sacrificio-semina-un-seme-il-sangue-dei-martiri-il-seme-dei-cristiani\\\/#breadcrumb\"},\"inLanguage\":\"it-IT\",\"potentialAction\":[{\"@type\":\"ReadAction\",\"target\":[\"https:\\\/\\\/exaudi.org\\\/it\\\/il-suo-sacrificio-semina-un-seme-il-sangue-dei-martiri-il-seme-dei-cristiani\\\/\"]}]},{\"@type\":\"ImageObject\",\"inLanguage\":\"it-IT\",\"@id\":\"https:\\\/\\\/exaudi.org\\\/it\\\/il-suo-sacrificio-semina-un-seme-il-sangue-dei-martiri-il-seme-dei-cristiani\\\/#primaryimage\",\"url\":\"https:\\\/\\\/exaudi.org\\\/wp-content\\\/uploads\\\/2023\\\/09\\\/cq5dam.thumbnail.cropped.750.422-12.jpeg\",\"contentUrl\":\"https:\\\/\\\/exaudi.org\\\/wp-content\\\/uploads\\\/2023\\\/09\\\/cq5dam.thumbnail.cropped.750.422-12.jpeg\",\"width\":800,\"height\":533,\"caption\":\"Vatican Media\"},{\"@type\":\"BreadcrumbList\",\"@id\":\"https:\\\/\\\/exaudi.org\\\/it\\\/il-suo-sacrificio-semina-un-seme-il-sangue-dei-martiri-il-seme-dei-cristiani\\\/#breadcrumb\",\"itemListElement\":[{\"@type\":\"ListItem\",\"position\":1,\"name\":\"Portada\",\"item\":\"https:\\\/\\\/exaudi.org\\\/it\\\/\"},{\"@type\":\"ListItem\",\"position\":2,\"name\":\"&#8220;Il suo sacrificio semina un seme, il sangue dei martiri, il seme dei cristiani&#8221;\"}]},{\"@type\":\"WebSite\",\"@id\":\"https:\\\/\\\/exaudi.org\\\/#website\",\"url\":\"https:\\\/\\\/exaudi.org\\\/\",\"name\":\"Exaudi\",\"description\":\"News\",\"potentialAction\":[{\"@type\":\"SearchAction\",\"target\":{\"@type\":\"EntryPoint\",\"urlTemplate\":\"https:\\\/\\\/exaudi.org\\\/?s={search_term_string}\"},\"query-input\":{\"@type\":\"PropertyValueSpecification\",\"valueRequired\":true,\"valueName\":\"search_term_string\"}}],\"inLanguage\":\"it-IT\"},{\"@type\":\"Person\",\"@id\":\"https:\\\/\\\/exaudi.org\\\/#\\\/schema\\\/person\\\/e1ab6ed07c01774724dd96f925f3a5f0\",\"name\":\"Exaudi Redazione\",\"image\":{\"@type\":\"ImageObject\",\"inLanguage\":\"it-IT\",\"@id\":\"https:\\\/\\\/secure.gravatar.com\\\/avatar\\\/ad6774b3ada023bf5b939d64f45c94b3adf91502dd883507d469b4308a943bb3?s=96&d=mm&r=g\",\"url\":\"https:\\\/\\\/secure.gravatar.com\\\/avatar\\\/ad6774b3ada023bf5b939d64f45c94b3adf91502dd883507d469b4308a943bb3?s=96&d=mm&r=g\",\"contentUrl\":\"https:\\\/\\\/secure.gravatar.com\\\/avatar\\\/ad6774b3ada023bf5b939d64f45c94b3adf91502dd883507d469b4308a943bb3?s=96&d=mm&r=g\",\"caption\":\"Exaudi Redazione\"},\"description\":\"Che cosa \u00e8 Exaudi News? Exaudi News \u00e8 un agenzia cattolica internazionale che informa, istruisce e trasforma quotidianamente in spagnolo, inglese e italiano. Attraverso notizie, articoli di analisi e trasmissioni in diretta degli eventi del Papa, Exaudi cerca di rafforzare l'unit\u00e0 dei cristiani e di contribuire all'evangelizzazione del mondo, sempre guidato dalla dottrina sociale della Chiesa. Lavoriamo per portare la verit\u00e0 e i valori cristiani in ogni angolo del pianeta. Aiutaci a trasformare il mondo con Exaudi! Noi di Exaudi crediamo che l'evangelizzazione e l'informazione di qualit\u00e0 possano cambiare la vita. Per continuare la nostra missione ed espandere la nostra portata, abbiamo bisogno del tuo aiuto. Stiamo anche cercando persone motivate che vogliano unirsi al nostro team. Grazie al vostro sostegno raggiungeremo pi\u00f9 persone, diffonderemo il messaggio di Cristo e rafforzeremo l'unit\u00e0 dei cristiani. Vuoi unirti alla nostra missione? Per maggiori informazioni su come contribuire, visita Exaudi.org\\\/it o contattaci direttamente: info@exaudi.org Exaudi: informa, forma e trasforma.\",\"sameAs\":[\"https:\\\/\\\/www.facebook.com\\\/ExaudiNotizie\\\/\",\"https:\\\/\\\/www.instagram.com\\\/Exaudi_notizie\\\/\",\"https:\\\/\\\/x.com\\\/Exaudi_Notizie\",\"https:\\\/\\\/www.youtube.com\\\/@exaudicatholicnews\"],\"url\":\"https:\\\/\\\/exaudi.org\\\/it\\\/author\\\/dlvedi-org\\\/\"}]}<\/script>\n<!-- \/ Yoast SEO plugin. -->","yoast_head_json":{"title":"\"Il suo sacrificio semina un seme, il sangue dei martiri, il seme dei cristiani\" &#8211; Exaudi","robots":{"index":"index","follow":"follow","max-snippet":"max-snippet:-1","max-image-preview":"max-image-preview:large","max-video-preview":"max-video-preview:-1"},"canonical":"https:\/\/exaudi.org\/it\/il-suo-sacrificio-semina-un-seme-il-sangue-dei-martiri-il-seme-dei-cristiani\/","og_locale":"it_IT","og_type":"article","og_title":"\"Il suo sacrificio semina un seme, il sangue dei martiri, il seme dei cristiani\" &#8211; Exaudi","og_description":"Parole del Santo Padre all'Angelus","og_url":"https:\/\/exaudi.org\/it\/il-suo-sacrificio-semina-un-seme-il-sangue-dei-martiri-il-seme-dei-cristiani\/","og_site_name":"Exaudi","article_publisher":"https:\/\/www.facebook.com\/ExaudiNews","article_author":"https:\/\/www.facebook.com\/ExaudiNotizie\/","article_published_time":"2023-12-26T15:09:36+00:00","article_modified_time":"2023-12-29T16:31:41+00:00","og_image":[{"width":800,"height":533,"url":"https:\/\/exaudi.org\/wp-content\/uploads\/2023\/09\/cq5dam.thumbnail.cropped.750.422-12.jpeg","type":"image\/jpeg"}],"author":"Exaudi Redazione","twitter_card":"summary_large_image","twitter_creator":"@Exaudi_Notizie","twitter_site":"@Exaudi_News","twitter_misc":{"Scritto da":"Exaudi Redazione","Tempo di lettura stimato":"4 minuti"},"schema":{"@context":"https:\/\/schema.org","@graph":[{"@type":"Article","@id":"https:\/\/exaudi.org\/it\/il-suo-sacrificio-semina-un-seme-il-sangue-dei-martiri-il-seme-dei-cristiani\/#article","isPartOf":{"@id":"https:\/\/exaudi.org\/it\/il-suo-sacrificio-semina-un-seme-il-sangue-dei-martiri-il-seme-dei-cristiani\/"},"author":{"name":"Exaudi Redazione","@id":"https:\/\/exaudi.org\/#\/schema\/person\/e1ab6ed07c01774724dd96f925f3a5f0"},"headline":"&#8220;Il suo sacrificio semina un seme, il sangue dei martiri, il seme dei cristiani&#8221;","datePublished":"2023-12-26T15:09:36+00:00","dateModified":"2023-12-29T16:31:41+00:00","mainEntityOfPage":{"@id":"https:\/\/exaudi.org\/it\/il-suo-sacrificio-semina-un-seme-il-sangue-dei-martiri-il-seme-dei-cristiani\/"},"wordCount":797,"image":{"@id":"https:\/\/exaudi.org\/it\/il-suo-sacrificio-semina-un-seme-il-sangue-dei-martiri-il-seme-dei-cristiani\/#primaryimage"},"thumbnailUrl":"https:\/\/exaudi.org\/wp-content\/uploads\/2023\/09\/cq5dam.thumbnail.cropped.750.422-12.jpeg","keywords":["Angelus December 26 - 2023","Featured","Featured","Trending"],"articleSection":["Angelus","Leone XIV"],"inLanguage":"it-IT"},{"@type":"WebPage","@id":"https:\/\/exaudi.org\/it\/il-suo-sacrificio-semina-un-seme-il-sangue-dei-martiri-il-seme-dei-cristiani\/","url":"https:\/\/exaudi.org\/it\/il-suo-sacrificio-semina-un-seme-il-sangue-dei-martiri-il-seme-dei-cristiani\/","name":"\"Il suo sacrificio semina un seme, il sangue dei martiri, il seme dei cristiani\" &#8211; Exaudi","isPartOf":{"@id":"https:\/\/exaudi.org\/#website"},"primaryImageOfPage":{"@id":"https:\/\/exaudi.org\/it\/il-suo-sacrificio-semina-un-seme-il-sangue-dei-martiri-il-seme-dei-cristiani\/#primaryimage"},"image":{"@id":"https:\/\/exaudi.org\/it\/il-suo-sacrificio-semina-un-seme-il-sangue-dei-martiri-il-seme-dei-cristiani\/#primaryimage"},"thumbnailUrl":"https:\/\/exaudi.org\/wp-content\/uploads\/2023\/09\/cq5dam.thumbnail.cropped.750.422-12.jpeg","datePublished":"2023-12-26T15:09:36+00:00","dateModified":"2023-12-29T16:31:41+00:00","author":{"@id":"https:\/\/exaudi.org\/#\/schema\/person\/e1ab6ed07c01774724dd96f925f3a5f0"},"breadcrumb":{"@id":"https:\/\/exaudi.org\/it\/il-suo-sacrificio-semina-un-seme-il-sangue-dei-martiri-il-seme-dei-cristiani\/#breadcrumb"},"inLanguage":"it-IT","potentialAction":[{"@type":"ReadAction","target":["https:\/\/exaudi.org\/it\/il-suo-sacrificio-semina-un-seme-il-sangue-dei-martiri-il-seme-dei-cristiani\/"]}]},{"@type":"ImageObject","inLanguage":"it-IT","@id":"https:\/\/exaudi.org\/it\/il-suo-sacrificio-semina-un-seme-il-sangue-dei-martiri-il-seme-dei-cristiani\/#primaryimage","url":"https:\/\/exaudi.org\/wp-content\/uploads\/2023\/09\/cq5dam.thumbnail.cropped.750.422-12.jpeg","contentUrl":"https:\/\/exaudi.org\/wp-content\/uploads\/2023\/09\/cq5dam.thumbnail.cropped.750.422-12.jpeg","width":800,"height":533,"caption":"Vatican Media"},{"@type":"BreadcrumbList","@id":"https:\/\/exaudi.org\/it\/il-suo-sacrificio-semina-un-seme-il-sangue-dei-martiri-il-seme-dei-cristiani\/#breadcrumb","itemListElement":[{"@type":"ListItem","position":1,"name":"Portada","item":"https:\/\/exaudi.org\/it\/"},{"@type":"ListItem","position":2,"name":"&#8220;Il suo sacrificio semina un seme, il sangue dei martiri, il seme dei cristiani&#8221;"}]},{"@type":"WebSite","@id":"https:\/\/exaudi.org\/#website","url":"https:\/\/exaudi.org\/","name":"Exaudi","description":"News","potentialAction":[{"@type":"SearchAction","target":{"@type":"EntryPoint","urlTemplate":"https:\/\/exaudi.org\/?s={search_term_string}"},"query-input":{"@type":"PropertyValueSpecification","valueRequired":true,"valueName":"search_term_string"}}],"inLanguage":"it-IT"},{"@type":"Person","@id":"https:\/\/exaudi.org\/#\/schema\/person\/e1ab6ed07c01774724dd96f925f3a5f0","name":"Exaudi Redazione","image":{"@type":"ImageObject","inLanguage":"it-IT","@id":"https:\/\/secure.gravatar.com\/avatar\/ad6774b3ada023bf5b939d64f45c94b3adf91502dd883507d469b4308a943bb3?s=96&d=mm&r=g","url":"https:\/\/secure.gravatar.com\/avatar\/ad6774b3ada023bf5b939d64f45c94b3adf91502dd883507d469b4308a943bb3?s=96&d=mm&r=g","contentUrl":"https:\/\/secure.gravatar.com\/avatar\/ad6774b3ada023bf5b939d64f45c94b3adf91502dd883507d469b4308a943bb3?s=96&d=mm&r=g","caption":"Exaudi Redazione"},"description":"Che cosa \u00e8 Exaudi News? Exaudi News \u00e8 un agenzia cattolica internazionale che informa, istruisce e trasforma quotidianamente in spagnolo, inglese e italiano. Attraverso notizie, articoli di analisi e trasmissioni in diretta degli eventi del Papa, Exaudi cerca di rafforzare l'unit\u00e0 dei cristiani e di contribuire all'evangelizzazione del mondo, sempre guidato dalla dottrina sociale della Chiesa. Lavoriamo per portare la verit\u00e0 e i valori cristiani in ogni angolo del pianeta. Aiutaci a trasformare il mondo con Exaudi! Noi di Exaudi crediamo che l'evangelizzazione e l'informazione di qualit\u00e0 possano cambiare la vita. Per continuare la nostra missione ed espandere la nostra portata, abbiamo bisogno del tuo aiuto. Stiamo anche cercando persone motivate che vogliano unirsi al nostro team. Grazie al vostro sostegno raggiungeremo pi\u00f9 persone, diffonderemo il messaggio di Cristo e rafforzeremo l'unit\u00e0 dei cristiani. Vuoi unirti alla nostra missione? Per maggiori informazioni su come contribuire, visita Exaudi.org\/it o contattaci direttamente: info@exaudi.org Exaudi: informa, forma e trasforma.","sameAs":["https:\/\/www.facebook.com\/ExaudiNotizie\/","https:\/\/www.instagram.com\/Exaudi_notizie\/","https:\/\/x.com\/Exaudi_Notizie","https:\/\/www.youtube.com\/@exaudicatholicnews"],"url":"https:\/\/exaudi.org\/it\/author\/dlvedi-org\/"}]}},"jetpack_featured_media_url":"https:\/\/exaudi.org\/wp-content\/uploads\/2023\/09\/cq5dam.thumbnail.cropped.750.422-12.jpeg","jetpack_shortlink":"https:\/\/wp.me\/pgKjF2-nIa","_links":{"self":[{"href":"https:\/\/exaudi.org\/it\/wp-json\/wp\/v2\/posts\/91150","targetHints":{"allow":["GET"]}}],"collection":[{"href":"https:\/\/exaudi.org\/it\/wp-json\/wp\/v2\/posts"}],"about":[{"href":"https:\/\/exaudi.org\/it\/wp-json\/wp\/v2\/types\/post"}],"author":[{"embeddable":true,"href":"https:\/\/exaudi.org\/it\/wp-json\/wp\/v2\/users\/17"}],"replies":[{"embeddable":true,"href":"https:\/\/exaudi.org\/it\/wp-json\/wp\/v2\/comments?post=91150"}],"version-history":[{"count":0,"href":"https:\/\/exaudi.org\/it\/wp-json\/wp\/v2\/posts\/91150\/revisions"}],"wp:featuredmedia":[{"embeddable":true,"href":"https:\/\/exaudi.org\/it\/wp-json\/wp\/v2\/media\/83263"}],"wp:attachment":[{"href":"https:\/\/exaudi.org\/it\/wp-json\/wp\/v2\/media?parent=91150"}],"wp:term":[{"taxonomy":"category","embeddable":true,"href":"https:\/\/exaudi.org\/it\/wp-json\/wp\/v2\/categories?post=91150"},{"taxonomy":"post_tag","embeddable":true,"href":"https:\/\/exaudi.org\/it\/wp-json\/wp\/v2\/tags?post=91150"}],"curies":[{"name":"wp","href":"https:\/\/api.w.org\/{rel}","templated":true}]}}