{"id":91098,"date":"2023-12-24T17:27:44","date_gmt":"2023-12-24T16:27:44","guid":{"rendered":"https:\/\/exaudi.org\/?p=91098"},"modified":"2023-12-24T17:27:44","modified_gmt":"2023-12-24T16:27:44","slug":"dio-si-offre-come-nostro-rifugio-e-rifugio-vieni-alla-mia-ombra-rimani-con-me","status":"publish","type":"post","link":"https:\/\/exaudi.org\/it\/dio-si-offre-come-nostro-rifugio-e-rifugio-vieni-alla-mia-ombra-rimani-con-me\/","title":{"rendered":"Dio si offre come nostro rifugio e rifugio: \u201cvieni alla mia ombra, rimani con me\u201d"},"content":{"rendered":"<p>Oggi, 24 dicembre 2023, quarta domenica di Avvento, il Vangelo ci presenta la scena dell&#8217;Annunciazione.Il Papa, nelle parole prima dell&#8217;Angelus, ha affermato che Dio \u00e8 per noi, si offre a noi come nostro rifugio e riparo. &#8220;Vieni alla mia ombra, resta con me.&#8221;<\/p>\n<p>Dopo la preghiera mariana, il Santo Padre ha raccomandato a fedeli e pellegrini: \u201cNon confondiamo la celebrazione con il consumismo! \u201cPossiamo \u2013 e come cristiani dobbiamo \u2013 celebrare con semplicit\u00e0, senza sprechi, condividendo con chi non ha il necessario o non ha compagnia\u201d.<\/p>\n<p>Queste le parole del Papa introducendo la preghiera mariana:<\/p>\n<p>***<\/p>\n<h3><strong>Le parole del Papa<\/strong><\/h3>\n<p>Cari fratelli e sorelle, buona domenica!<\/p>\n<p>Oggi, nella quarta domenica di Avvento, il Vangelo ci presenta la scena dell\u2019Annunciazione (cfr\u00a0<i>Lc<\/i>\u00a01,26-38). L\u2019angelo, per spiegare a Maria come concepir\u00e0 Ges\u00f9, le dice: \u00abLo Spirito Santo scender\u00e0 su di te e la potenza dell\u2019Altissimo ti coprir\u00e0\u00a0<i>con la sua ombra<\/i>\u00bb (v. 35). Fermiamoci un po\u2019 su questa immagine,\u00a0<i>l\u2019ombra<\/i>.<\/p>\n<p>In una terra come quella di Maria, perennemente assolata, una nuvola di passaggio, un albero che resiste alla siccit\u00e0 e offre riparo, una tenda ospitale portano sollievo e protezione. L\u2019ombra \u00e8 un dono che ristora, e l\u2019angelo descrive proprio cos\u00ec il modo in cui lo Spirito Santo discende su Maria, il modo di fare di Dio: Dio sempre agisce come amore gentile che abbraccia, che feconda, che e custodisce, senza fare violenza, senza ferire la libert\u00e0. Cos\u00ec \u00e8 il modo di agire di Dio.<\/p>\n<p>Quella dell\u2019ombra che protegge \u00e8 un\u2019immagine ricorrente nella Bibbia. Pensiamo all\u2019ombra che accompagna il popolo di Dio nel deserto (cfr\u00a0<i>Es<\/i>\u00a013,21-22). L\u2019ombra parla, insomma, della\u00a0<i>gentilezza di Dio<\/i>. \u00c8 come se Lui dicesse, a Maria ma anche a tutti noi oggi: \u201cSono qui per te e mi offro come tuo rifugio e tuo riparo: vieni sotto la mia ombra, stai con me\u201d. Fratelli e sorelle, cos\u00ec si comporta l\u2019amore fecondo di Dio. Ed \u00e8 qualcosa che, in un certo modo, possiamo sperimentare anche tra di noi, ad esempio quando tra amici, fidanzati, sposi, genitori e figli, si \u00e8 delicati, si \u00e8 rispettosi, prendendosi cura degli altri con gentilezza. Pensiamo alla gentilezza di Dio!<\/p>\n<p>Dio ama cos\u00ec e chiama anche noi a fare lo stesso: accogliendo, proteggendo, rispettando gli altri. Pensare a tutti, pensare a chi \u00e8 emarginato, a chi in questi giorni \u00e8 lontano dalla gioia del Natale. Pensiamo a tutti con la gentilezza di Dio. Ricordare questa parola: la gentilezza di Dio. E chiediamoci allora, alla vigilia del Natale: io, desidero lasciarmi avvolgere dall\u2019ombra dello Spirito Santo, dalla dolcezza e dalla mitezza di Dio, dalla gentilezza di Dio, facendogli posto nel cuore, accostandomi al suo perdono, all\u2019Eucaristia? E poi: per quali persone sole e bisognose potrei essere ombra che ristora, amicizia che consola?<\/p>\n<p>Maria ci aiuti a essere aperti, accoglienti verso la presenza di Dio, che con mitezza viene a salvarci.<\/p>\n<p>________________________<\/p>\n<p><b><u>Dopo l\u2019Angelus<\/u><\/b><\/p>\n<p>Cari fratelli e sorelle!<\/p>\n<p>Saluto tutti voi, romani e pellegrini dall\u2019Italia e da varie parti del mondo. In particolare, saluto la delegazione dei<b>\u00a0<\/b>cittadini italiani che vivono in territori ufficialmente riconosciuti molto contaminati e che da tempo ne attendono la bonifica. Esprimo solidariet\u00e0 a queste popolazioni e auspico che la loro voce sia ascoltata.<\/p>\n<p>A tutti voi auguro buona domenica e una vigilia di Natale nella preghiera, nel calore degli affetti e nella sobriet\u00e0. Permettetemi una raccomandazione: non confondiamo la festa con il consumismo! Si pu\u00f2 \u2013 e come cristiani si deve \u2013 festeggiare in semplicit\u00e0, senza sprechi, e condividendo con chi manca del necessario o manca di compagnia. Siamo vicini ai nostri fratelli e sorelle che soffrono per la guerra: pensiamo alla Palestina, a Israele, all\u2019Ucraina. Pensiamo anche a coloro che soffrono per la miseria, la fame, le schiavit\u00f9. Il Dio che ha preso per s\u00e9 un cuore umano infonda umanit\u00e0 nei cuori degli uomini!<\/p>\n<p>E per favore, non dimenticatevi di pregare per me. Buon pranzo e buon Natale a tutti! Arrivederci!<\/p>\n<p><iframe loading=\"lazy\" title=\"December 24 2023 Angelus prayer Pope Francis\" width=\"500\" height=\"281\" src=\"https:\/\/www.youtube.com\/embed\/tFATfaKiwWE?feature=oembed\" frameborder=\"0\" allow=\"accelerometer; autoplay; clipboard-write; encrypted-media; gyroscope; picture-in-picture; web-share\" referrerpolicy=\"strict-origin-when-cross-origin\" allowfullscreen><\/iframe><\/p>\n","protected":false},"excerpt":{"rendered":"<p>Le parole del Santo Padre all&#8217;Angelus<\/p>\n","protected":false},"author":17,"featured_media":91087,"comment_status":"closed","ping_status":"closed","sticky":false,"template":"","format":"standard","meta":{"_acf_changed":false,"_crdt_document":"","inline_featured_image":false,"footnotes":""},"categories":[69,67],"tags":[11802,2487,251],"class_list":["post-91098","post","type-post","status-publish","format-standard","has-post-thumbnail","hentry","category-angelus-it","category-leone-xiv","tag-angelus-24-dicembre-2023","tag-featured-3","tag-papa-francesco"],"acf":[],"yoast_head":"<!-- This site is optimized with the Yoast SEO plugin v27.5 - https:\/\/yoast.com\/product\/yoast-seo-wordpress\/ -->\n<title>Dio si offre come nostro rifugio e rifugio: \u201cvieni alla mia ombra, rimani con me\u201d &#8211; Exaudi<\/title>\n<meta name=\"robots\" content=\"index, follow, max-snippet:-1, max-image-preview:large, max-video-preview:-1\" \/>\n<link rel=\"canonical\" href=\"https:\/\/exaudi.org\/it\/god-offers-himself-as-our-refuge-and-shelter-come-under-my-shadow-stay-with-me\/\" \/>\n<meta property=\"og:locale\" content=\"it_IT\" \/>\n<meta property=\"og:type\" content=\"article\" \/>\n<meta property=\"og:title\" content=\"Dio si offre come nostro rifugio e rifugio: \u201cvieni alla mia ombra, rimani con me\u201d &#8211; Exaudi\" \/>\n<meta property=\"og:description\" content=\"Le parole del Santo Padre all&#039;Angelus\" \/>\n<meta property=\"og:url\" content=\"https:\/\/exaudi.org\/god-offers-himself-as-our-refuge-and-shelter-come-under-my-shadow-stay-with-me\/\" \/>\n<meta property=\"og:site_name\" content=\"Exaudi\" \/>\n<meta property=\"article:publisher\" content=\"https:\/\/www.facebook.com\/ExaudiNews\" \/>\n<meta property=\"article:author\" content=\"https:\/\/www.facebook.com\/ExaudiNotizie\/\" \/>\n<meta property=\"article:published_time\" content=\"2023-12-24T16:27:44+00:00\" \/>\n<meta property=\"og:image\" content=\"https:\/\/exaudi.org\/wp-content\/uploads\/2023\/12\/Angelus-24-diciembre-2023.jpeg\" \/>\n\t<meta property=\"og:image:width\" content=\"533\" \/>\n\t<meta property=\"og:image:height\" content=\"800\" \/>\n\t<meta property=\"og:image:type\" content=\"image\/jpeg\" \/>\n<meta name=\"author\" content=\"Exaudi Redazione\" \/>\n<meta name=\"twitter:card\" content=\"summary_large_image\" \/>\n<meta name=\"twitter:creator\" content=\"@Exaudi_Notizie\" \/>\n<meta name=\"twitter:site\" content=\"@Exaudi_News\" \/>\n<meta name=\"twitter:label1\" content=\"Scritto da\" \/>\n\t<meta name=\"twitter:data1\" content=\"Exaudi Redazione\" \/>\n\t<meta name=\"twitter:label2\" content=\"Tempo di lettura stimato\" \/>\n\t<meta name=\"twitter:data2\" content=\"3 minuti\" \/>\n<script type=\"application\/ld+json\" class=\"yoast-schema-graph\">{\"@context\":\"https:\\\/\\\/schema.org\",\"@graph\":[{\"@type\":\"Article\",\"@id\":\"https:\\\/\\\/exaudi.org\\\/god-offers-himself-as-our-refuge-and-shelter-come-under-my-shadow-stay-with-me\\\/#article\",\"isPartOf\":{\"@id\":\"https:\\\/\\\/exaudi.org\\\/god-offers-himself-as-our-refuge-and-shelter-come-under-my-shadow-stay-with-me\\\/\"},\"author\":{\"name\":\"Exaudi Redazione\",\"@id\":\"https:\\\/\\\/exaudi.org\\\/#\\\/schema\\\/person\\\/e1ab6ed07c01774724dd96f925f3a5f0\"},\"headline\":\"Dio si offre come nostro rifugio e rifugio: \u201cvieni alla mia ombra, rimani con me\u201d\",\"datePublished\":\"2023-12-24T16:27:44+00:00\",\"mainEntityOfPage\":{\"@id\":\"https:\\\/\\\/exaudi.org\\\/god-offers-himself-as-our-refuge-and-shelter-come-under-my-shadow-stay-with-me\\\/\"},\"wordCount\":672,\"image\":{\"@id\":\"https:\\\/\\\/exaudi.org\\\/god-offers-himself-as-our-refuge-and-shelter-come-under-my-shadow-stay-with-me\\\/#primaryimage\"},\"thumbnailUrl\":\"https:\\\/\\\/exaudi.org\\\/wp-content\\\/uploads\\\/2023\\\/12\\\/Angelus-24-diciembre-2023.jpeg\",\"keywords\":[\"Angelus 24 dicembre 2023\",\"Featured\",\"Papa Francesco\"],\"articleSection\":[\"Angelus\",\"Leone XIV\"],\"inLanguage\":\"it-IT\"},{\"@type\":\"WebPage\",\"@id\":\"https:\\\/\\\/exaudi.org\\\/god-offers-himself-as-our-refuge-and-shelter-come-under-my-shadow-stay-with-me\\\/\",\"url\":\"https:\\\/\\\/exaudi.org\\\/god-offers-himself-as-our-refuge-and-shelter-come-under-my-shadow-stay-with-me\\\/\",\"name\":\"Dio si offre come nostro rifugio e rifugio: \u201cvieni alla mia ombra, rimani con me\u201d &#8211; Exaudi\",\"isPartOf\":{\"@id\":\"https:\\\/\\\/exaudi.org\\\/#website\"},\"primaryImageOfPage\":{\"@id\":\"https:\\\/\\\/exaudi.org\\\/god-offers-himself-as-our-refuge-and-shelter-come-under-my-shadow-stay-with-me\\\/#primaryimage\"},\"image\":{\"@id\":\"https:\\\/\\\/exaudi.org\\\/god-offers-himself-as-our-refuge-and-shelter-come-under-my-shadow-stay-with-me\\\/#primaryimage\"},\"thumbnailUrl\":\"https:\\\/\\\/exaudi.org\\\/wp-content\\\/uploads\\\/2023\\\/12\\\/Angelus-24-diciembre-2023.jpeg\",\"datePublished\":\"2023-12-24T16:27:44+00:00\",\"author\":{\"@id\":\"https:\\\/\\\/exaudi.org\\\/#\\\/schema\\\/person\\\/e1ab6ed07c01774724dd96f925f3a5f0\"},\"breadcrumb\":{\"@id\":\"https:\\\/\\\/exaudi.org\\\/god-offers-himself-as-our-refuge-and-shelter-come-under-my-shadow-stay-with-me\\\/#breadcrumb\"},\"inLanguage\":\"it-IT\",\"potentialAction\":[{\"@type\":\"ReadAction\",\"target\":[\"https:\\\/\\\/exaudi.org\\\/god-offers-himself-as-our-refuge-and-shelter-come-under-my-shadow-stay-with-me\\\/\"]}]},{\"@type\":\"ImageObject\",\"inLanguage\":\"it-IT\",\"@id\":\"https:\\\/\\\/exaudi.org\\\/god-offers-himself-as-our-refuge-and-shelter-come-under-my-shadow-stay-with-me\\\/#primaryimage\",\"url\":\"https:\\\/\\\/exaudi.org\\\/wp-content\\\/uploads\\\/2023\\\/12\\\/Angelus-24-diciembre-2023.jpeg\",\"contentUrl\":\"https:\\\/\\\/exaudi.org\\\/wp-content\\\/uploads\\\/2023\\\/12\\\/Angelus-24-diciembre-2023.jpeg\",\"width\":533,\"height\":800},{\"@type\":\"BreadcrumbList\",\"@id\":\"https:\\\/\\\/exaudi.org\\\/god-offers-himself-as-our-refuge-and-shelter-come-under-my-shadow-stay-with-me\\\/#breadcrumb\",\"itemListElement\":[{\"@type\":\"ListItem\",\"position\":1,\"name\":\"Portada\",\"item\":\"https:\\\/\\\/exaudi.org\\\/it\\\/\"},{\"@type\":\"ListItem\",\"position\":2,\"name\":\"Dio si offre come nostro rifugio e rifugio: \u201cvieni alla mia ombra, rimani con me\u201d\"}]},{\"@type\":\"WebSite\",\"@id\":\"https:\\\/\\\/exaudi.org\\\/#website\",\"url\":\"https:\\\/\\\/exaudi.org\\\/\",\"name\":\"Exaudi\",\"description\":\"News\",\"potentialAction\":[{\"@type\":\"SearchAction\",\"target\":{\"@type\":\"EntryPoint\",\"urlTemplate\":\"https:\\\/\\\/exaudi.org\\\/?s={search_term_string}\"},\"query-input\":{\"@type\":\"PropertyValueSpecification\",\"valueRequired\":true,\"valueName\":\"search_term_string\"}}],\"inLanguage\":\"it-IT\"},{\"@type\":\"Person\",\"@id\":\"https:\\\/\\\/exaudi.org\\\/#\\\/schema\\\/person\\\/e1ab6ed07c01774724dd96f925f3a5f0\",\"name\":\"Exaudi Redazione\",\"image\":{\"@type\":\"ImageObject\",\"inLanguage\":\"it-IT\",\"@id\":\"https:\\\/\\\/secure.gravatar.com\\\/avatar\\\/ad6774b3ada023bf5b939d64f45c94b3adf91502dd883507d469b4308a943bb3?s=96&d=mm&r=g\",\"url\":\"https:\\\/\\\/secure.gravatar.com\\\/avatar\\\/ad6774b3ada023bf5b939d64f45c94b3adf91502dd883507d469b4308a943bb3?s=96&d=mm&r=g\",\"contentUrl\":\"https:\\\/\\\/secure.gravatar.com\\\/avatar\\\/ad6774b3ada023bf5b939d64f45c94b3adf91502dd883507d469b4308a943bb3?s=96&d=mm&r=g\",\"caption\":\"Exaudi Redazione\"},\"description\":\"Che cosa \u00e8 Exaudi News? Exaudi News \u00e8 un agenzia cattolica internazionale che informa, istruisce e trasforma quotidianamente in spagnolo, inglese e italiano. Attraverso notizie, articoli di analisi e trasmissioni in diretta degli eventi del Papa, Exaudi cerca di rafforzare l'unit\u00e0 dei cristiani e di contribuire all'evangelizzazione del mondo, sempre guidato dalla dottrina sociale della Chiesa. Lavoriamo per portare la verit\u00e0 e i valori cristiani in ogni angolo del pianeta. Aiutaci a trasformare il mondo con Exaudi! Noi di Exaudi crediamo che l'evangelizzazione e l'informazione di qualit\u00e0 possano cambiare la vita. Per continuare la nostra missione ed espandere la nostra portata, abbiamo bisogno del tuo aiuto. Stiamo anche cercando persone motivate che vogliano unirsi al nostro team. Grazie al vostro sostegno raggiungeremo pi\u00f9 persone, diffonderemo il messaggio di Cristo e rafforzeremo l'unit\u00e0 dei cristiani. Vuoi unirti alla nostra missione? Per maggiori informazioni su come contribuire, visita Exaudi.org\\\/it o contattaci direttamente: info@exaudi.org Exaudi: informa, forma e trasforma.\",\"sameAs\":[\"https:\\\/\\\/www.facebook.com\\\/ExaudiNotizie\\\/\",\"https:\\\/\\\/www.instagram.com\\\/Exaudi_notizie\\\/\",\"https:\\\/\\\/x.com\\\/Exaudi_Notizie\",\"https:\\\/\\\/www.youtube.com\\\/@exaudicatholicnews\"],\"url\":\"https:\\\/\\\/exaudi.org\\\/it\\\/author\\\/dlvedi-org\\\/\"}]}<\/script>\n<!-- \/ Yoast SEO plugin. -->","yoast_head_json":{"title":"Dio si offre come nostro rifugio e rifugio: \u201cvieni alla mia ombra, rimani con me\u201d &#8211; Exaudi","robots":{"index":"index","follow":"follow","max-snippet":"max-snippet:-1","max-image-preview":"max-image-preview:large","max-video-preview":"max-video-preview:-1"},"canonical":"https:\/\/exaudi.org\/it\/god-offers-himself-as-our-refuge-and-shelter-come-under-my-shadow-stay-with-me\/","og_locale":"it_IT","og_type":"article","og_title":"Dio si offre come nostro rifugio e rifugio: \u201cvieni alla mia ombra, rimani con me\u201d &#8211; Exaudi","og_description":"Le parole del Santo Padre all'Angelus","og_url":"https:\/\/exaudi.org\/god-offers-himself-as-our-refuge-and-shelter-come-under-my-shadow-stay-with-me\/","og_site_name":"Exaudi","article_publisher":"https:\/\/www.facebook.com\/ExaudiNews","article_author":"https:\/\/www.facebook.com\/ExaudiNotizie\/","article_published_time":"2023-12-24T16:27:44+00:00","og_image":[{"width":533,"height":800,"url":"https:\/\/exaudi.org\/wp-content\/uploads\/2023\/12\/Angelus-24-diciembre-2023.jpeg","type":"image\/jpeg"}],"author":"Exaudi Redazione","twitter_card":"summary_large_image","twitter_creator":"@Exaudi_Notizie","twitter_site":"@Exaudi_News","twitter_misc":{"Scritto da":"Exaudi Redazione","Tempo di lettura stimato":"3 minuti"},"schema":{"@context":"https:\/\/schema.org","@graph":[{"@type":"Article","@id":"https:\/\/exaudi.org\/god-offers-himself-as-our-refuge-and-shelter-come-under-my-shadow-stay-with-me\/#article","isPartOf":{"@id":"https:\/\/exaudi.org\/god-offers-himself-as-our-refuge-and-shelter-come-under-my-shadow-stay-with-me\/"},"author":{"name":"Exaudi Redazione","@id":"https:\/\/exaudi.org\/#\/schema\/person\/e1ab6ed07c01774724dd96f925f3a5f0"},"headline":"Dio si offre come nostro rifugio e rifugio: \u201cvieni alla mia ombra, rimani con me\u201d","datePublished":"2023-12-24T16:27:44+00:00","mainEntityOfPage":{"@id":"https:\/\/exaudi.org\/god-offers-himself-as-our-refuge-and-shelter-come-under-my-shadow-stay-with-me\/"},"wordCount":672,"image":{"@id":"https:\/\/exaudi.org\/god-offers-himself-as-our-refuge-and-shelter-come-under-my-shadow-stay-with-me\/#primaryimage"},"thumbnailUrl":"https:\/\/exaudi.org\/wp-content\/uploads\/2023\/12\/Angelus-24-diciembre-2023.jpeg","keywords":["Angelus 24 dicembre 2023","Featured","Papa Francesco"],"articleSection":["Angelus","Leone XIV"],"inLanguage":"it-IT"},{"@type":"WebPage","@id":"https:\/\/exaudi.org\/god-offers-himself-as-our-refuge-and-shelter-come-under-my-shadow-stay-with-me\/","url":"https:\/\/exaudi.org\/god-offers-himself-as-our-refuge-and-shelter-come-under-my-shadow-stay-with-me\/","name":"Dio si offre come nostro rifugio e rifugio: \u201cvieni alla mia ombra, rimani con me\u201d &#8211; Exaudi","isPartOf":{"@id":"https:\/\/exaudi.org\/#website"},"primaryImageOfPage":{"@id":"https:\/\/exaudi.org\/god-offers-himself-as-our-refuge-and-shelter-come-under-my-shadow-stay-with-me\/#primaryimage"},"image":{"@id":"https:\/\/exaudi.org\/god-offers-himself-as-our-refuge-and-shelter-come-under-my-shadow-stay-with-me\/#primaryimage"},"thumbnailUrl":"https:\/\/exaudi.org\/wp-content\/uploads\/2023\/12\/Angelus-24-diciembre-2023.jpeg","datePublished":"2023-12-24T16:27:44+00:00","author":{"@id":"https:\/\/exaudi.org\/#\/schema\/person\/e1ab6ed07c01774724dd96f925f3a5f0"},"breadcrumb":{"@id":"https:\/\/exaudi.org\/god-offers-himself-as-our-refuge-and-shelter-come-under-my-shadow-stay-with-me\/#breadcrumb"},"inLanguage":"it-IT","potentialAction":[{"@type":"ReadAction","target":["https:\/\/exaudi.org\/god-offers-himself-as-our-refuge-and-shelter-come-under-my-shadow-stay-with-me\/"]}]},{"@type":"ImageObject","inLanguage":"it-IT","@id":"https:\/\/exaudi.org\/god-offers-himself-as-our-refuge-and-shelter-come-under-my-shadow-stay-with-me\/#primaryimage","url":"https:\/\/exaudi.org\/wp-content\/uploads\/2023\/12\/Angelus-24-diciembre-2023.jpeg","contentUrl":"https:\/\/exaudi.org\/wp-content\/uploads\/2023\/12\/Angelus-24-diciembre-2023.jpeg","width":533,"height":800},{"@type":"BreadcrumbList","@id":"https:\/\/exaudi.org\/god-offers-himself-as-our-refuge-and-shelter-come-under-my-shadow-stay-with-me\/#breadcrumb","itemListElement":[{"@type":"ListItem","position":1,"name":"Portada","item":"https:\/\/exaudi.org\/it\/"},{"@type":"ListItem","position":2,"name":"Dio si offre come nostro rifugio e rifugio: \u201cvieni alla mia ombra, rimani con me\u201d"}]},{"@type":"WebSite","@id":"https:\/\/exaudi.org\/#website","url":"https:\/\/exaudi.org\/","name":"Exaudi","description":"News","potentialAction":[{"@type":"SearchAction","target":{"@type":"EntryPoint","urlTemplate":"https:\/\/exaudi.org\/?s={search_term_string}"},"query-input":{"@type":"PropertyValueSpecification","valueRequired":true,"valueName":"search_term_string"}}],"inLanguage":"it-IT"},{"@type":"Person","@id":"https:\/\/exaudi.org\/#\/schema\/person\/e1ab6ed07c01774724dd96f925f3a5f0","name":"Exaudi Redazione","image":{"@type":"ImageObject","inLanguage":"it-IT","@id":"https:\/\/secure.gravatar.com\/avatar\/ad6774b3ada023bf5b939d64f45c94b3adf91502dd883507d469b4308a943bb3?s=96&d=mm&r=g","url":"https:\/\/secure.gravatar.com\/avatar\/ad6774b3ada023bf5b939d64f45c94b3adf91502dd883507d469b4308a943bb3?s=96&d=mm&r=g","contentUrl":"https:\/\/secure.gravatar.com\/avatar\/ad6774b3ada023bf5b939d64f45c94b3adf91502dd883507d469b4308a943bb3?s=96&d=mm&r=g","caption":"Exaudi Redazione"},"description":"Che cosa \u00e8 Exaudi News? Exaudi News \u00e8 un agenzia cattolica internazionale che informa, istruisce e trasforma quotidianamente in spagnolo, inglese e italiano. Attraverso notizie, articoli di analisi e trasmissioni in diretta degli eventi del Papa, Exaudi cerca di rafforzare l'unit\u00e0 dei cristiani e di contribuire all'evangelizzazione del mondo, sempre guidato dalla dottrina sociale della Chiesa. Lavoriamo per portare la verit\u00e0 e i valori cristiani in ogni angolo del pianeta. Aiutaci a trasformare il mondo con Exaudi! Noi di Exaudi crediamo che l'evangelizzazione e l'informazione di qualit\u00e0 possano cambiare la vita. Per continuare la nostra missione ed espandere la nostra portata, abbiamo bisogno del tuo aiuto. Stiamo anche cercando persone motivate che vogliano unirsi al nostro team. Grazie al vostro sostegno raggiungeremo pi\u00f9 persone, diffonderemo il messaggio di Cristo e rafforzeremo l'unit\u00e0 dei cristiani. Vuoi unirti alla nostra missione? Per maggiori informazioni su come contribuire, visita Exaudi.org\/it o contattaci direttamente: info@exaudi.org Exaudi: informa, forma e trasforma.","sameAs":["https:\/\/www.facebook.com\/ExaudiNotizie\/","https:\/\/www.instagram.com\/Exaudi_notizie\/","https:\/\/x.com\/Exaudi_Notizie","https:\/\/www.youtube.com\/@exaudicatholicnews"],"url":"https:\/\/exaudi.org\/it\/author\/dlvedi-org\/"}]}},"jetpack_featured_media_url":"https:\/\/exaudi.org\/wp-content\/uploads\/2023\/12\/Angelus-24-diciembre-2023.jpeg","jetpack_shortlink":"https:\/\/wp.me\/pgKjF2-nHk","_links":{"self":[{"href":"https:\/\/exaudi.org\/it\/wp-json\/wp\/v2\/posts\/91098","targetHints":{"allow":["GET"]}}],"collection":[{"href":"https:\/\/exaudi.org\/it\/wp-json\/wp\/v2\/posts"}],"about":[{"href":"https:\/\/exaudi.org\/it\/wp-json\/wp\/v2\/types\/post"}],"author":[{"embeddable":true,"href":"https:\/\/exaudi.org\/it\/wp-json\/wp\/v2\/users\/17"}],"replies":[{"embeddable":true,"href":"https:\/\/exaudi.org\/it\/wp-json\/wp\/v2\/comments?post=91098"}],"version-history":[{"count":0,"href":"https:\/\/exaudi.org\/it\/wp-json\/wp\/v2\/posts\/91098\/revisions"}],"wp:featuredmedia":[{"embeddable":true,"href":"https:\/\/exaudi.org\/it\/wp-json\/wp\/v2\/media\/91087"}],"wp:attachment":[{"href":"https:\/\/exaudi.org\/it\/wp-json\/wp\/v2\/media?parent=91098"}],"wp:term":[{"taxonomy":"category","embeddable":true,"href":"https:\/\/exaudi.org\/it\/wp-json\/wp\/v2\/categories?post=91098"},{"taxonomy":"post_tag","embeddable":true,"href":"https:\/\/exaudi.org\/it\/wp-json\/wp\/v2\/tags?post=91098"}],"curies":[{"name":"wp","href":"https:\/\/api.w.org\/{rel}","templated":true}]}}