{"id":91074,"date":"2023-12-23T16:36:09","date_gmt":"2023-12-23T15:36:09","guid":{"rendered":"https:\/\/exaudi.org\/?p=91074"},"modified":"2023-12-23T16:36:09","modified_gmt":"2023-12-23T15:36:09","slug":"riflessione-di-mons-enrique-diaz-proclamero-senza-sosta-la-misericordia-del-signore","status":"publish","type":"post","link":"https:\/\/exaudi.org\/it\/riflessione-di-mons-enrique-diaz-proclamero-senza-sosta-la-misericordia-del-signore\/","title":{"rendered":"Riflessione di Mons. Enrique D\u00edaz: \u201cProclamer\u00f2 senza sosta la misericordia del Signore\u201d"},"content":{"rendered":"<p>Mons. Enrique D\u00edaz D\u00edaz condivide con i lettori di Exaudi la sua riflessione sul <a href=\"https:\/\/www.dominicos.org\/predicacion\/homilia\/24-12-2023\/lecturas\/\">Vangelo di questa domenica, 24 dicembre 2023<\/a>, dal titolo: \u201cProclamer\u00f2 incessantemente la misericordia del Signore\u201d<\/p>\n<p>***<\/p>\n<p>II Samuele 7, 1-5. 8-12. 14.16: \u00abIl regno di Davide rester\u00e0 per sempre davanti al Signore\u00bb<\/p>\n<p>Salmo 88: \u00abProclamer\u00f2 incessantemente la misericordia del Signore\u00bb<\/p>\n<p>Romani 16,25-27: Il mistero nascosto da secoli \u00e8 stato svelato\u201d<\/p>\n<p>San Luca 1,26-38: \u00abConcepirai e partorirai un figlio\u00bb<\/p>\n<p>Ogni giorno \u00e8 pi\u00f9 difficile procurarsi \u201cuna casetta\u201d. Prezzi altissimi, salari bassi,<br \/>\nCamere minuscole e poco bilancio. Ora immaginiamo che quella casa non sia niente di meno<br \/>\nche per il Messia tanto atteso, per il Re del cielo e della terra, per l&#8217;Onnipotente, per Colui che<br \/>\nHa nelle sue mani il destino dei tempi&#8230; Non spaventiamoci e conosciamo le sue richieste.<br \/>\nSan Luca ci mostra i desideri e le attese di questo \u201cinviato\u201d che sta per arrivare. Esso<br \/>\nlo fa nel suo stile e con forme letterarie che cercano non tanto la storia quanto la presentazione<br \/>\ncarattere straordinario. Cos\u00ec ci ha fatto conoscere anche la vita di Giovanni Battista. Innanzitutto<br \/>\nmette in risalto il luogo. Mentre per il Battista ci colloca nella solennit\u00e0 del Santuario, tra i<br \/>\nincensi e offerte, per il Messia sceglie Nazaret, ormai riconosciuta da tutti, ma in quello<br \/>\ntempo totalmente sconosciuto, mai menzionato nell&#8217;Antico Testamento, considerato come<br \/>\nUna regione pagana non \u00e8 legata ad alcuna promessa o aspettativa messianica. Semmai come luogo<br \/>\nvicino al passaggio tra popolazioni importanti e in una regione mista a razze vocate<br \/>\ncommercio ed esposto a tutti i paganismi. Cosa vuoi dirci? Non lo so, forse<br \/>\nLa salvezza viene da luoghi umili, ignorati, semplici e non tanto da lussi o<br \/>\ngrandi istituzioni di Israele.<\/p>\n<p>Gi\u00e0 l&#8217;Annuncio del Battista ci ha creato un po&#8217; di confusione perch\u00e9 l&#8217;Angelo \u00e8 inviato a due<br \/>\ni vecchi sterili, con tutto ci\u00f2 che ci\u00f2 provoca tra le malelingue vicine, non considerati<br \/>\nadeguatamente forte per educare e sostenere un profeta. Ma almeno avevamo la giustificazione<br \/>\nche Zaccaria e sua moglie erano persone rette, irreprensibili e che seguivano la legge del<br \/>\nSignore, ed entrambi considerati discendenti di illustri trib\u00f9 d&#8217;Israele. Ma per il Messia<br \/>\npresentaci Maria, non ci dice nulla dei suoi antenati, e senza alcun merito di buona famiglia<br \/>\nDeve essere la fidanzata di Giuseppe, lui infatti \u00e8 un discendente della linea di Davide. Non ci viene parlato<br \/>\nnulla riguardo all&#8217;osservanza delle leggi, ma certamente presenta Giuseppe come un uomo giusto. Ma<br \/>\nJos\u00e9 non era presente al momento dell&#8217;annuncio! Quindi, seguendo il nostro confronto, gi\u00e0 Isabel<br \/>\nAveva perso ogni speranza di avere un figlio, Maria non era pronta e nemmeno lontanamente<br \/>\nSperavo in quel momento di avere un figlio. Troviamo cos\u00ec una giovane ragazza, senza stemmi<br \/>\nfamiliari importanti, senza titoli o riconoscimenti, in quanto chiaro rappresentante della<br \/>\n\u201cpovero Israele\u201d, che era molto fedele a Dio, ma non aveva alcuna rilevanza sociale.<\/p>\n<p>Al momento dell&#8217;annuncio le reazioni sono molto diverse. Poich\u00e9 Zaccaria \u00e8 pieno di paura, lo so<br \/>\nsi mostra incredulo, chiede prove e non d\u00e0 mai il consenso, Maria \u00e8 molto chiara che lo so<br \/>\nLei si stupisce e anche si preoccupa quando si sente lodata, chiede spiegazioni perch\u00e9 non sa come fare<br \/>\nsia cos\u00ec, ma alla fine diventa schiava e serva fedele della parola del Signore. Due<br \/>\npersonaggi contrastanti, due atteggiamenti contrastanti e due esiti contrastanti: mentre<br \/>\nZaccaria resta muto per la sua incredulit\u00e0, Maria genera la Parola, la fa vivere presto<br \/>\nsui monti e diviene annunciatore dell&#8217;Onnipotente.<\/p>\n<p>I giorni si avvicinano e Ges\u00f9 cerca una casa dove nascere. Non ci sono molte richieste in merito<br \/>\nagi e ricchezze, chiede solo cuori semplici, condivisi e distaccati da lussi, ricchezze, onori e ambizioni. Ora possiamo ascoltare quella richiesta<br \/>\nGes\u00f9: \u00abCerco una casetta\u00bb, e affrettatevi a rispondere con la generosit\u00e0 di Maria, con un s\u00ec sicuro e<br \/>\nfiduciosi, con un \u201cfiat\u201d che impegna e dispone, con un \u201csono schiavo del Signore, sia fatto in<br \/>\nmio secondo la tua parola\u201d, confidando in un amore molto pi\u00f9 grande del nostro.<\/p>\n<p>Non temiamo, anche per ciascuno di noi valgono le parole di Gabriele: \u201cRallegratevi. il Signore<br \/>\n\u00e8 con te&#8221;. Naturalmente non pu\u00f2 dirci che siamo pieni di grazia, perch\u00e9<br \/>\nI nostri crimini ci sopraffanno e le nostre miserie sono evidenti. Ma il Signore \u00e8 cos\u00ec generoso<br \/>\nche nonostante le nostre miserie sceglie anche noi per mangiatoia, grotta, casetta, dove pu\u00f2<br \/>\n\u00e8 nato il Salvatore. L&#8217;apparenza esterna non conta, ci\u00f2 che conta \u00e8 la pulizia interna e<br \/>\napertura del cuore per accogliere Ges\u00f9. Non dimentichiamo che con Ges\u00f9 arrivano anche i pastori,<br \/>\ni peccatori, i malati, i disprezzati&#8230; poi, s\u00ec, esige una porta grande e nobile<br \/>\naccogliere tutti come fratelli. Non possiamo mettere all&#8217;ingresso il solito: \u201cRiserviamo<br \/>\nil diritto di ammissione&#8221;, perch\u00e9 Ges\u00f9, da buon messicano, arriva accompagnato da tutto il suo<br \/>\nfratelli, senza fare distinzioni per chi accetta il loro invito. Rompi quegli abissi<br \/>\nSi aprono tra poveri e ricchi. Distruggi le barriere che separano. Conosciamo gi\u00e0 il suo stile: scegliere<br \/>\nAi pi\u00f9 piccoli non importa il rumore o il pianto dei bambini e per tutti \u00e8 come il pane, come il pane? Per tutti diventa cibo, luce e vita! Quindi, se vogliamo davvero offrire il ns<br \/>\ncuore come casa, prepariamoci alle conseguenze perch\u00e9 dovremo vivere secondo lo stile di<br \/>\nGes\u00f9 e trascorriamo un Natale alle sue condizioni, ma se non siamo disposti a tutto questo<br \/>\nrischi, perch\u00e9 allora continuiamo a dirci cristiani?<\/p>\n<p>\u00c8 l&#8217;ultimo giorno di questo Avvento e contemplare cos\u00ec da vicino la nascita di Ges\u00f9 ci costringe<br \/>\nchiederci: come accogliere Dio-Bambino che diventa presenza viva e concreta in mezzo a noi? Come vivr\u00f2 e come esprimer\u00f2 tenerezza verso questo Dio che si avvicina fino a diventare uno di noi? Come far\u00f2 a dare calore e compagnia al neonato nel mio cuore e nella mia casa?<\/p>\n<p><em>Signore, attraverso l&#8217;annuncio del tuo Angelo, hai fatto conoscere a Maria il tuo disegno d&#8217;amore<\/em><br \/>\n<em>salvezza e l&#8217;hai resa partecipe dell&#8217;Incarnazione, donaci di aprire il nostro cuore e<\/em><br \/>\n<em>diventare, attraverso il tuo Spirito, casa e porta dove Ges\u00f9 nasce e dove<\/em><br \/>\n<em>Benvenuti, uomini tutti, perch\u00e9 sono nostri fratelli. Amen.<\/em><br \/>\n\u200b<\/p>\n<p>\u200b<\/p>\n","protected":false},"excerpt":{"rendered":"<p>Quarta domenica di Avvento<\/p>\n","protected":false},"author":25,"featured_media":91070,"comment_status":"closed","ping_status":"closed","sticky":false,"template":"","format":"standard","meta":{"_acf_changed":false,"_crdt_document":"","inline_featured_image":false,"footnotes":""},"categories":[73,95],"tags":[10807,10963,4952,706],"class_list":["post-91074","post","type-post","status-publish","format-standard","has-post-thumbnail","hentry","category-chiesa-e-mondo","category-spiritualita","tag-commento","tag-enrique-diaz-2","tag-trending-it","tag-vangelo"],"acf":[],"yoast_head":"<!-- This site is optimized with the Yoast SEO plugin v27.5 - https:\/\/yoast.com\/product\/yoast-seo-wordpress\/ -->\n<title>Riflessione di Mons. Enrique D\u00edaz: \u201cProclamer\u00f2 senza sosta la misericordia del Signore\u201d &#8211; Exaudi<\/title>\n<meta name=\"robots\" content=\"index, follow, max-snippet:-1, max-image-preview:large, max-video-preview:-1\" \/>\n<link rel=\"canonical\" href=\"https:\/\/exaudi.org\/it\/riflessione-di-mons-enrique-diaz-proclamero-senza-sosta-la-misericordia-del-signore\/\" \/>\n<meta property=\"og:locale\" content=\"it_IT\" \/>\n<meta property=\"og:type\" content=\"article\" \/>\n<meta property=\"og:title\" content=\"Riflessione di Mons. Enrique D\u00edaz: \u201cProclamer\u00f2 senza sosta la misericordia del Signore\u201d &#8211; Exaudi\" \/>\n<meta property=\"og:description\" content=\"Quarta domenica di Avvento\" \/>\n<meta property=\"og:url\" content=\"https:\/\/exaudi.org\/it\/riflessione-di-mons-enrique-diaz-proclamero-senza-sosta-la-misericordia-del-signore\/\" \/>\n<meta property=\"og:site_name\" content=\"Exaudi\" \/>\n<meta property=\"article:publisher\" content=\"https:\/\/www.facebook.com\/ExaudiNews\" \/>\n<meta property=\"article:published_time\" content=\"2023-12-23T15:36:09+00:00\" \/>\n<meta property=\"og:image\" content=\"https:\/\/exaudi.org\/wp-content\/uploads\/2023\/12\/ranyelpaula-1609474281533-cathopic-1-scaled.jpg\" \/>\n\t<meta property=\"og:image:width\" content=\"1708\" \/>\n\t<meta property=\"og:image:height\" content=\"2560\" \/>\n\t<meta property=\"og:image:type\" content=\"image\/jpeg\" \/>\n<meta name=\"author\" content=\"Enrique D\u00edaz\" \/>\n<meta name=\"twitter:card\" content=\"summary_large_image\" \/>\n<meta name=\"twitter:creator\" content=\"@Exaudi_News\" \/>\n<meta name=\"twitter:site\" content=\"@Exaudi_News\" \/>\n<meta name=\"twitter:label1\" content=\"Scritto da\" \/>\n\t<meta name=\"twitter:data1\" content=\"Enrique D\u00edaz\" \/>\n\t<meta name=\"twitter:label2\" content=\"Tempo di lettura stimato\" \/>\n\t<meta name=\"twitter:data2\" content=\"5 minuti\" \/>\n<script type=\"application\/ld+json\" class=\"yoast-schema-graph\">{\"@context\":\"https:\\\/\\\/schema.org\",\"@graph\":[{\"@type\":\"Article\",\"@id\":\"https:\\\/\\\/exaudi.org\\\/it\\\/riflessione-di-mons-enrique-diaz-proclamero-senza-sosta-la-misericordia-del-signore\\\/#article\",\"isPartOf\":{\"@id\":\"https:\\\/\\\/exaudi.org\\\/it\\\/riflessione-di-mons-enrique-diaz-proclamero-senza-sosta-la-misericordia-del-signore\\\/\"},\"author\":{\"name\":\"Enrique D\u00edaz\",\"@id\":\"https:\\\/\\\/exaudi.org\\\/#\\\/schema\\\/person\\\/c02ffbd10830fa375f6882f7dcf1844d\"},\"headline\":\"Riflessione di Mons. Enrique D\u00edaz: \u201cProclamer\u00f2 senza sosta la misericordia del Signore\u201d\",\"datePublished\":\"2023-12-23T15:36:09+00:00\",\"mainEntityOfPage\":{\"@id\":\"https:\\\/\\\/exaudi.org\\\/it\\\/riflessione-di-mons-enrique-diaz-proclamero-senza-sosta-la-misericordia-del-signore\\\/\"},\"wordCount\":1019,\"image\":{\"@id\":\"https:\\\/\\\/exaudi.org\\\/it\\\/riflessione-di-mons-enrique-diaz-proclamero-senza-sosta-la-misericordia-del-signore\\\/#primaryimage\"},\"thumbnailUrl\":\"https:\\\/\\\/exaudi.org\\\/wp-content\\\/uploads\\\/2023\\\/12\\\/ranyelpaula-1609474281533-cathopic-1-scaled.jpg\",\"keywords\":[\"Commento\",\"ENRIQUE D\u00cdAZ\",\"Trending\",\"Vangelo\"],\"articleSection\":[\"Chiesa e Mondo\",\"Spiritualit\u00e0\"],\"inLanguage\":\"it-IT\"},{\"@type\":\"WebPage\",\"@id\":\"https:\\\/\\\/exaudi.org\\\/it\\\/riflessione-di-mons-enrique-diaz-proclamero-senza-sosta-la-misericordia-del-signore\\\/\",\"url\":\"https:\\\/\\\/exaudi.org\\\/it\\\/riflessione-di-mons-enrique-diaz-proclamero-senza-sosta-la-misericordia-del-signore\\\/\",\"name\":\"Riflessione di Mons. Enrique D\u00edaz: \u201cProclamer\u00f2 senza sosta la misericordia del Signore\u201d &#8211; Exaudi\",\"isPartOf\":{\"@id\":\"https:\\\/\\\/exaudi.org\\\/#website\"},\"primaryImageOfPage\":{\"@id\":\"https:\\\/\\\/exaudi.org\\\/it\\\/riflessione-di-mons-enrique-diaz-proclamero-senza-sosta-la-misericordia-del-signore\\\/#primaryimage\"},\"image\":{\"@id\":\"https:\\\/\\\/exaudi.org\\\/it\\\/riflessione-di-mons-enrique-diaz-proclamero-senza-sosta-la-misericordia-del-signore\\\/#primaryimage\"},\"thumbnailUrl\":\"https:\\\/\\\/exaudi.org\\\/wp-content\\\/uploads\\\/2023\\\/12\\\/ranyelpaula-1609474281533-cathopic-1-scaled.jpg\",\"datePublished\":\"2023-12-23T15:36:09+00:00\",\"author\":{\"@id\":\"https:\\\/\\\/exaudi.org\\\/#\\\/schema\\\/person\\\/c02ffbd10830fa375f6882f7dcf1844d\"},\"breadcrumb\":{\"@id\":\"https:\\\/\\\/exaudi.org\\\/it\\\/riflessione-di-mons-enrique-diaz-proclamero-senza-sosta-la-misericordia-del-signore\\\/#breadcrumb\"},\"inLanguage\":\"it-IT\",\"potentialAction\":[{\"@type\":\"ReadAction\",\"target\":[\"https:\\\/\\\/exaudi.org\\\/it\\\/riflessione-di-mons-enrique-diaz-proclamero-senza-sosta-la-misericordia-del-signore\\\/\"]}]},{\"@type\":\"ImageObject\",\"inLanguage\":\"it-IT\",\"@id\":\"https:\\\/\\\/exaudi.org\\\/it\\\/riflessione-di-mons-enrique-diaz-proclamero-senza-sosta-la-misericordia-del-signore\\\/#primaryimage\",\"url\":\"https:\\\/\\\/exaudi.org\\\/wp-content\\\/uploads\\\/2023\\\/12\\\/ranyelpaula-1609474281533-cathopic-1-scaled.jpg\",\"contentUrl\":\"https:\\\/\\\/exaudi.org\\\/wp-content\\\/uploads\\\/2023\\\/12\\\/ranyelpaula-1609474281533-cathopic-1-scaled.jpg\",\"width\":1708,\"height\":2560,\"caption\":\"Cathopic\"},{\"@type\":\"BreadcrumbList\",\"@id\":\"https:\\\/\\\/exaudi.org\\\/it\\\/riflessione-di-mons-enrique-diaz-proclamero-senza-sosta-la-misericordia-del-signore\\\/#breadcrumb\",\"itemListElement\":[{\"@type\":\"ListItem\",\"position\":1,\"name\":\"Portada\",\"item\":\"https:\\\/\\\/exaudi.org\\\/it\\\/\"},{\"@type\":\"ListItem\",\"position\":2,\"name\":\"Riflessione di Mons. Enrique D\u00edaz: \u201cProclamer\u00f2 senza sosta la misericordia del Signore\u201d\"}]},{\"@type\":\"WebSite\",\"@id\":\"https:\\\/\\\/exaudi.org\\\/#website\",\"url\":\"https:\\\/\\\/exaudi.org\\\/\",\"name\":\"Exaudi\",\"description\":\"News\",\"potentialAction\":[{\"@type\":\"SearchAction\",\"target\":{\"@type\":\"EntryPoint\",\"urlTemplate\":\"https:\\\/\\\/exaudi.org\\\/?s={search_term_string}\"},\"query-input\":{\"@type\":\"PropertyValueSpecification\",\"valueRequired\":true,\"valueName\":\"search_term_string\"}}],\"inLanguage\":\"it-IT\"},{\"@type\":\"Person\",\"@id\":\"https:\\\/\\\/exaudi.org\\\/#\\\/schema\\\/person\\\/c02ffbd10830fa375f6882f7dcf1844d\",\"name\":\"Enrique D\u00edaz\",\"image\":{\"@type\":\"ImageObject\",\"inLanguage\":\"it-IT\",\"@id\":\"https:\\\/\\\/secure.gravatar.com\\\/avatar\\\/7ca10be5325a95d04b74082d68ba605aa69611eb0f68f47096cb1bc349873284?s=96&d=mm&r=g\",\"url\":\"https:\\\/\\\/secure.gravatar.com\\\/avatar\\\/7ca10be5325a95d04b74082d68ba605aa69611eb0f68f47096cb1bc349873284?s=96&d=mm&r=g\",\"contentUrl\":\"https:\\\/\\\/secure.gravatar.com\\\/avatar\\\/7ca10be5325a95d04b74082d68ba605aa69611eb0f68f47096cb1bc349873284?s=96&d=mm&r=g\",\"caption\":\"Enrique D\u00edaz\"},\"description\":\"Naci\u00f3 en Huandacareo, Michoac\u00e1n, M\u00e9xico, en 1952. Realiz\u00f3 sus estudios de Filosof\u00eda y Teolog\u00eda en el Seminario de Morelia. Ordenado di\u00e1cono el 22 de mayo de 1977, y presb\u00edtero el 23 de octubre del mismo a\u00f1o. Obtuvo la Licenciatura en Sagrada Escritura en el Pontificio Instituto B\u00edblico en Roma. Ha desarrollado m\u00faltiples encargos pastorales como el de capell\u00e1n de la rector\u00eda de las Tres Aves Mar\u00edas; responsable de la Pastoral B\u00edblica Diocesana y director de la Escuela B\u00edblica en Morelia; maestro de Biblia en el Seminario Conciliar de Morelia, p\u00e1rroco de la Parroquia de Nuestra Se\u00f1ora de Guadalupe, Col. Guadalupe, Morelia; o vicario episcopal para la Zona de Nuestra Se\u00f1ora de la Luz, P\u00e1tzcuaro. Ordenado obispo auxiliar de san Crist\u00f3bal de las Casas en 2003. En la Conferencia Episcopal form\u00f3 parte de las Comisiones de Biblia, Diaconado y Ministerios Laicales. Fue responsable de las Dimensiones de Ministerios Laicales, de Educaci\u00f3n y Cultura. Ha participado en encuentros latinoamericanos y mundiales sobre el Diaconado Permanente. Actualmente es el responsable de la Dimensi\u00f3n de Pastoral de la Cultura. Particip\u00f3 como Miembro del S\u00ednodo de Obispos sobre la Palabra de Dios en la Vida y Misi\u00f3n de la Iglesia en Roma, en 2008. Recibi\u00f3 el nombramiento de obispo coadjutor de San Crist\u00f3bal de las Casas en 2014. Nombrado II obispo de Irapuato el d\u00eda 11 de marzo, tom\u00f3 posesi\u00f3n el 19 de Mayo. Colabora en varias revistas y publicaciones sobre todo con la reflexi\u00f3n diaria y dominical tanto en audio como escrita.\",\"url\":\"https:\\\/\\\/exaudi.org\\\/it\\\/author\\\/enriquediaz\\\/\"}]}<\/script>\n<!-- \/ Yoast SEO plugin. -->","yoast_head_json":{"title":"Riflessione di Mons. Enrique D\u00edaz: \u201cProclamer\u00f2 senza sosta la misericordia del Signore\u201d &#8211; Exaudi","robots":{"index":"index","follow":"follow","max-snippet":"max-snippet:-1","max-image-preview":"max-image-preview:large","max-video-preview":"max-video-preview:-1"},"canonical":"https:\/\/exaudi.org\/it\/riflessione-di-mons-enrique-diaz-proclamero-senza-sosta-la-misericordia-del-signore\/","og_locale":"it_IT","og_type":"article","og_title":"Riflessione di Mons. Enrique D\u00edaz: \u201cProclamer\u00f2 senza sosta la misericordia del Signore\u201d &#8211; Exaudi","og_description":"Quarta domenica di Avvento","og_url":"https:\/\/exaudi.org\/it\/riflessione-di-mons-enrique-diaz-proclamero-senza-sosta-la-misericordia-del-signore\/","og_site_name":"Exaudi","article_publisher":"https:\/\/www.facebook.com\/ExaudiNews","article_published_time":"2023-12-23T15:36:09+00:00","og_image":[{"width":1708,"height":2560,"url":"https:\/\/exaudi.org\/wp-content\/uploads\/2023\/12\/ranyelpaula-1609474281533-cathopic-1-scaled.jpg","type":"image\/jpeg"}],"author":"Enrique D\u00edaz","twitter_card":"summary_large_image","twitter_creator":"@Exaudi_News","twitter_site":"@Exaudi_News","twitter_misc":{"Scritto da":"Enrique D\u00edaz","Tempo di lettura stimato":"5 minuti"},"schema":{"@context":"https:\/\/schema.org","@graph":[{"@type":"Article","@id":"https:\/\/exaudi.org\/it\/riflessione-di-mons-enrique-diaz-proclamero-senza-sosta-la-misericordia-del-signore\/#article","isPartOf":{"@id":"https:\/\/exaudi.org\/it\/riflessione-di-mons-enrique-diaz-proclamero-senza-sosta-la-misericordia-del-signore\/"},"author":{"name":"Enrique D\u00edaz","@id":"https:\/\/exaudi.org\/#\/schema\/person\/c02ffbd10830fa375f6882f7dcf1844d"},"headline":"Riflessione di Mons. Enrique D\u00edaz: \u201cProclamer\u00f2 senza sosta la misericordia del Signore\u201d","datePublished":"2023-12-23T15:36:09+00:00","mainEntityOfPage":{"@id":"https:\/\/exaudi.org\/it\/riflessione-di-mons-enrique-diaz-proclamero-senza-sosta-la-misericordia-del-signore\/"},"wordCount":1019,"image":{"@id":"https:\/\/exaudi.org\/it\/riflessione-di-mons-enrique-diaz-proclamero-senza-sosta-la-misericordia-del-signore\/#primaryimage"},"thumbnailUrl":"https:\/\/exaudi.org\/wp-content\/uploads\/2023\/12\/ranyelpaula-1609474281533-cathopic-1-scaled.jpg","keywords":["Commento","ENRIQUE D\u00cdAZ","Trending","Vangelo"],"articleSection":["Chiesa e Mondo","Spiritualit\u00e0"],"inLanguage":"it-IT"},{"@type":"WebPage","@id":"https:\/\/exaudi.org\/it\/riflessione-di-mons-enrique-diaz-proclamero-senza-sosta-la-misericordia-del-signore\/","url":"https:\/\/exaudi.org\/it\/riflessione-di-mons-enrique-diaz-proclamero-senza-sosta-la-misericordia-del-signore\/","name":"Riflessione di Mons. Enrique D\u00edaz: \u201cProclamer\u00f2 senza sosta la misericordia del Signore\u201d &#8211; Exaudi","isPartOf":{"@id":"https:\/\/exaudi.org\/#website"},"primaryImageOfPage":{"@id":"https:\/\/exaudi.org\/it\/riflessione-di-mons-enrique-diaz-proclamero-senza-sosta-la-misericordia-del-signore\/#primaryimage"},"image":{"@id":"https:\/\/exaudi.org\/it\/riflessione-di-mons-enrique-diaz-proclamero-senza-sosta-la-misericordia-del-signore\/#primaryimage"},"thumbnailUrl":"https:\/\/exaudi.org\/wp-content\/uploads\/2023\/12\/ranyelpaula-1609474281533-cathopic-1-scaled.jpg","datePublished":"2023-12-23T15:36:09+00:00","author":{"@id":"https:\/\/exaudi.org\/#\/schema\/person\/c02ffbd10830fa375f6882f7dcf1844d"},"breadcrumb":{"@id":"https:\/\/exaudi.org\/it\/riflessione-di-mons-enrique-diaz-proclamero-senza-sosta-la-misericordia-del-signore\/#breadcrumb"},"inLanguage":"it-IT","potentialAction":[{"@type":"ReadAction","target":["https:\/\/exaudi.org\/it\/riflessione-di-mons-enrique-diaz-proclamero-senza-sosta-la-misericordia-del-signore\/"]}]},{"@type":"ImageObject","inLanguage":"it-IT","@id":"https:\/\/exaudi.org\/it\/riflessione-di-mons-enrique-diaz-proclamero-senza-sosta-la-misericordia-del-signore\/#primaryimage","url":"https:\/\/exaudi.org\/wp-content\/uploads\/2023\/12\/ranyelpaula-1609474281533-cathopic-1-scaled.jpg","contentUrl":"https:\/\/exaudi.org\/wp-content\/uploads\/2023\/12\/ranyelpaula-1609474281533-cathopic-1-scaled.jpg","width":1708,"height":2560,"caption":"Cathopic"},{"@type":"BreadcrumbList","@id":"https:\/\/exaudi.org\/it\/riflessione-di-mons-enrique-diaz-proclamero-senza-sosta-la-misericordia-del-signore\/#breadcrumb","itemListElement":[{"@type":"ListItem","position":1,"name":"Portada","item":"https:\/\/exaudi.org\/it\/"},{"@type":"ListItem","position":2,"name":"Riflessione di Mons. Enrique D\u00edaz: \u201cProclamer\u00f2 senza sosta la misericordia del Signore\u201d"}]},{"@type":"WebSite","@id":"https:\/\/exaudi.org\/#website","url":"https:\/\/exaudi.org\/","name":"Exaudi","description":"News","potentialAction":[{"@type":"SearchAction","target":{"@type":"EntryPoint","urlTemplate":"https:\/\/exaudi.org\/?s={search_term_string}"},"query-input":{"@type":"PropertyValueSpecification","valueRequired":true,"valueName":"search_term_string"}}],"inLanguage":"it-IT"},{"@type":"Person","@id":"https:\/\/exaudi.org\/#\/schema\/person\/c02ffbd10830fa375f6882f7dcf1844d","name":"Enrique D\u00edaz","image":{"@type":"ImageObject","inLanguage":"it-IT","@id":"https:\/\/secure.gravatar.com\/avatar\/7ca10be5325a95d04b74082d68ba605aa69611eb0f68f47096cb1bc349873284?s=96&d=mm&r=g","url":"https:\/\/secure.gravatar.com\/avatar\/7ca10be5325a95d04b74082d68ba605aa69611eb0f68f47096cb1bc349873284?s=96&d=mm&r=g","contentUrl":"https:\/\/secure.gravatar.com\/avatar\/7ca10be5325a95d04b74082d68ba605aa69611eb0f68f47096cb1bc349873284?s=96&d=mm&r=g","caption":"Enrique D\u00edaz"},"description":"Naci\u00f3 en Huandacareo, Michoac\u00e1n, M\u00e9xico, en 1952. Realiz\u00f3 sus estudios de Filosof\u00eda y Teolog\u00eda en el Seminario de Morelia. Ordenado di\u00e1cono el 22 de mayo de 1977, y presb\u00edtero el 23 de octubre del mismo a\u00f1o. Obtuvo la Licenciatura en Sagrada Escritura en el Pontificio Instituto B\u00edblico en Roma. Ha desarrollado m\u00faltiples encargos pastorales como el de capell\u00e1n de la rector\u00eda de las Tres Aves Mar\u00edas; responsable de la Pastoral B\u00edblica Diocesana y director de la Escuela B\u00edblica en Morelia; maestro de Biblia en el Seminario Conciliar de Morelia, p\u00e1rroco de la Parroquia de Nuestra Se\u00f1ora de Guadalupe, Col. Guadalupe, Morelia; o vicario episcopal para la Zona de Nuestra Se\u00f1ora de la Luz, P\u00e1tzcuaro. Ordenado obispo auxiliar de san Crist\u00f3bal de las Casas en 2003. En la Conferencia Episcopal form\u00f3 parte de las Comisiones de Biblia, Diaconado y Ministerios Laicales. Fue responsable de las Dimensiones de Ministerios Laicales, de Educaci\u00f3n y Cultura. Ha participado en encuentros latinoamericanos y mundiales sobre el Diaconado Permanente. Actualmente es el responsable de la Dimensi\u00f3n de Pastoral de la Cultura. Particip\u00f3 como Miembro del S\u00ednodo de Obispos sobre la Palabra de Dios en la Vida y Misi\u00f3n de la Iglesia en Roma, en 2008. Recibi\u00f3 el nombramiento de obispo coadjutor de San Crist\u00f3bal de las Casas en 2014. Nombrado II obispo de Irapuato el d\u00eda 11 de marzo, tom\u00f3 posesi\u00f3n el 19 de Mayo. Colabora en varias revistas y publicaciones sobre todo con la reflexi\u00f3n diaria y dominical tanto en audio como escrita.","url":"https:\/\/exaudi.org\/it\/author\/enriquediaz\/"}]}},"jetpack_featured_media_url":"https:\/\/exaudi.org\/wp-content\/uploads\/2023\/12\/ranyelpaula-1609474281533-cathopic-1-scaled.jpg","jetpack_shortlink":"https:\/\/wp.me\/pgKjF2-nGW","_links":{"self":[{"href":"https:\/\/exaudi.org\/it\/wp-json\/wp\/v2\/posts\/91074","targetHints":{"allow":["GET"]}}],"collection":[{"href":"https:\/\/exaudi.org\/it\/wp-json\/wp\/v2\/posts"}],"about":[{"href":"https:\/\/exaudi.org\/it\/wp-json\/wp\/v2\/types\/post"}],"author":[{"embeddable":true,"href":"https:\/\/exaudi.org\/it\/wp-json\/wp\/v2\/users\/25"}],"replies":[{"embeddable":true,"href":"https:\/\/exaudi.org\/it\/wp-json\/wp\/v2\/comments?post=91074"}],"version-history":[{"count":0,"href":"https:\/\/exaudi.org\/it\/wp-json\/wp\/v2\/posts\/91074\/revisions"}],"wp:featuredmedia":[{"embeddable":true,"href":"https:\/\/exaudi.org\/it\/wp-json\/wp\/v2\/media\/91070"}],"wp:attachment":[{"href":"https:\/\/exaudi.org\/it\/wp-json\/wp\/v2\/media?parent=91074"}],"wp:term":[{"taxonomy":"category","embeddable":true,"href":"https:\/\/exaudi.org\/it\/wp-json\/wp\/v2\/categories?post=91074"},{"taxonomy":"post_tag","embeddable":true,"href":"https:\/\/exaudi.org\/it\/wp-json\/wp\/v2\/tags?post=91074"}],"curies":[{"name":"wp","href":"https:\/\/api.w.org\/{rel}","templated":true}]}}