{"id":90999,"date":"2023-12-21T17:51:27","date_gmt":"2023-12-21T16:51:27","guid":{"rendered":"https:\/\/exaudi.org\/?p=90999"},"modified":"2023-12-21T17:51:27","modified_gmt":"2023-12-21T16:51:27","slug":"esiste-il-diritto-al-suicidio","status":"publish","type":"post","link":"https:\/\/exaudi.org\/it\/esiste-il-diritto-al-suicidio\/","title":{"rendered":"Esiste il diritto al suicidio?"},"content":{"rendered":"<p>Gr\u00e9gor Puppinck, direttore del Centro europeo per il diritto e la giustizia, con sede a Strasburgo e accreditato davanti alla Corte europea dei diritti dell\u2019uomo (CEDU), ha recentemente affermato che \u201cla Corte europea dei diritti dell\u2019uomo sta costruendo passo dopo passo un diritto alla morte volontaria attraverso un&#8217;ingegnosa costruzione giurisprudenziale che, attraverso citazioni ambigue, lascia nel vuoto un diritto non solo assente dalla Convenzione europea dei diritti dell&#8217;uomo, ma anche contrario alla sua lettera e all&#8217;intenzione dei suoi redattori.<\/p>\n<p>Il 28 novembre Puppinck ha pubblicato sulla <a href=\"https:\/\/www.genethique.org\/comment-la-cour-europeenne-des-droits-de-lhomme-est-en-train-de-construire-un-droit-a-mourir\/\">rivista Genethique<\/a> un rapporto sull&#8217;evoluzione della legislazione in materia di suicidio assistito di cui si occupa la Corte europea dei diritti dell&#8217;uomo.<\/p>\n<p>Il rapporto inizia spiegando la motivazione del suo studio. \u201cUn ex avvocato della Corte europea dei diritti dell&#8217;uomo mi ha mostrato un foglio di carta che presentava le fasi passate della giurisprudenza della Corte sull&#8217;<a href=\"https:\/\/www.youtube.com\/watch?v=qRXRTWiePMA&amp;list=PLPFp6m1WEWhQ78YDwcHrNTbmFzZHBYSqO\">eutanasia<\/a>. In questo foglio sono contenuti anche i passi futuri che porteranno al progressivo riconoscimento, sentenza dopo sentenza, del diritto umano alla morte volontaria\u201d.<\/p>\n<p>Dopo aver studiato queste dichiarazioni di Puppinck, egli conferma l&#8217;esistenza di una \u201ccostruzione ingegnosa\u201d verso la legalizzazione della morte assistita.<\/p>\n<p>Il rapporto spiega come, attraverso successive interpretazioni, la Corte si \u00e8 avvalsa dell&#8217;<a href=\"https:\/\/www.derechoshumanos.net\/Convenio-Europeo-de-Derechos-Humanos-CEDH\/articulo8CEDH.htm\">articolo 8<\/a> della Convenzione europea dei diritti dell&#8217;uomo &#8211; che tutela la vita privata e familiare &#8211; per sostenere il suicidio assistito, interpretando tale articolo in senso lato per affermare nuovi diritti o impedire l&#8217;espulsione. Degli stranieri, lasciando indifferente l\u2019<a href=\"https:\/\/www.derechoshumanos.net\/Convenio-Europeo-de-Derechos-Humanos-CEDH\/#a2\">articolo 2<\/a>, che spiega come la morte non possa essere inflitta intenzionalmente a nessuno.<\/p>\n<p>Gr\u00e9gor Puppinck spiega che \u201cil metodo \u00e8 semplice: \u00e8 sufficiente che la Corte di giustizia inquadra una situazione o una pratica nel campo della vita privata o familiare per costringere gli Stati a giustificare le loro legislazioni e decisioni restrittive in questo campo\u201d.<\/p>\n<p>Tra il 2002 e il 2013, la Corte EDU si \u00e8 pronunciata su una serie di casi riguardanti diverse persone che richiedevano l&#8217;eutanasia, attraverso la quale \u00e8 stato utilizzato l&#8217;articolo 8, affermando che &#8220;gli Stati dovevano giustificare caso per caso il loro rifiuto di fornire veleni a chi li applicava&#8221;. Con l&#8217;unica limitazione dell&#8217;articolo 2, dove deve essere impedito che una persona \u201c<em>metta fine alla propria vita se la sua decisione non \u00e8 presa liberamente e con piena cognizione di causa<\/em>\u201d. Pertanto, la Corte, citando una citazione di un tribunale svizzero, ha riconosciuto &#8220;<em>il diritto di una persona di decidere come e quando la sua vita dovrebbe finire, a condizione che possa formare liberamente la propria volont\u00e0 al riguardo e agire di conseguenza<\/em>&#8220;.<\/p>\n<p>Come spiega Gr\u00e9gor Puppinck, \u201cquesta concezione, individuale e relativa, sostituisce quella della dignit\u00e0 umana \u201cintrinseca\u201d e, quindi, universale e assoluta, su cui si fondavano i diritti umani del dopoguerra\u201d, affermando che, ovviamente, in questo modo, la volont\u00e0 dell&#8217;individuo \u00e8 anteposta ai divieti morali, compreso quello di uccidere.<\/p>\n<p>Il secondo passo, una volta diffusa in tutta Europa la pratica dell\u2019eutanasia, \u00e8 stato quello di chiarire se l\u2019atto volontario di uccidere un terzo sia contrario o meno all\u2019articolo 2, in quanto \u201cla morte non pu\u00f2 essere inflitta intenzionalmente a nessuno\u201d. Per fare questo, la Corte europea dei diritti dell\u2019uomo si \u00e8 avvalsa del caso Mortier v. Belgio del 2022. Ha estrapolato la giurisprudenza precedente, riaffermando il diritto di una persona a <em>decidere come e quando la propria vita<\/em> dovrebbe finire, ma in modo troncato, senza citando il resto della frase che specifica le condizioni previste per tale diritto:\u00a0<em>&#8220;a condizione che [la persona] possa liberamente formare la sua volont\u00e0 al riguardo e agire di conseguenza&#8221;<\/em>, spiega Gr\u00e9gor. Allo stesso modo, la Corte EDU ha utilizzato l\u2019accettazione dell\u2019aborto come sostegno all\u2019accettazione dell\u2019eutanasia.<\/p>\n<p>Infine, Gr\u00e9gor afferma che ci sono gi\u00e0 34 casi pronti e pendenti come metodo per influenzare il processo legislativo nazionale, affinch\u00e9 sia \u200b\u200bcostretto ad avanzare nel riconoscimento dell&#8217;eutanasia.<\/p>\n<h3><strong>Valutazione bioetica<\/strong><\/h3>\n<p>Il fatto che un individuo possa liberamente formare ed esprimere la propria volont\u00e0 in qualsiasi materia non \u00e8 una condizione sufficiente per legittimare tale decisione e, ancor meno, la sua esecuzione. Il criterio utilizzato nella considerazione dell\u2019<a href=\"https:\/\/www.observatoriobioetica.org\/2017\/04\/estatuto-biologico-del-embrion-humano-3\/15982\">aborto<\/a> come diritto e che ora sembra voler essere esteso al caso dell\u2019<a href=\"https:\/\/www.youtube.com\/watch?reload=9&amp;time_continue=2&amp;v=JnZuMJqVAaY&amp;embeds_referring_euri=https%3A%2F%2Fwww.observatoriobioetica.org%2F&amp;source_ve_path=MzY4NDIsMjg2NjY&amp;feature=emb_logo\">eutanasia<\/a>, si basa su un\u2019errata concezione del principio di autonomia di principio, che viene ipertrofizzato fino a diventare l\u2019unico criterio per la accettabilit\u00e0 etica di un&#8217;opzione individuale. La libert\u00e0 di scelta richiede requisiti in tal senso<br \/>\npu\u00f2 essere considerato tale e anche a esso devono essere applicate restrizioni, a seconda del bene degli altri individui.<br \/>\n\u200b<\/p>\n<p>Una scelta libera deve essere consapevole, ben informata, cio\u00e8 con sufficiente accesso alla verit\u00e0 di ci\u00f2 che si sceglie, compresa la conoscenza delle alternative disponibili e delle conseguenze di ciascuna opzione possibile, sia sull&#8217;individuo stesso che sui suoi cari . simile.<\/p>\n<p>Le condizioni in cui vengono prese decisioni autolesionistiche (suicidio) sono frequentemente condizionate da disturbi psicologici o psichiatrici che impediscono l&#8217;adozione di criteri responsabili e consapevoli. Ma, inoltre, anche se questa capacit\u00e0 di decisione libera e responsabile rimanesse intatta, la possibilit\u00e0 che l&#8217;esito di tale decisione sia dannoso per l&#8217;individuo stesso o per altri, costituisce una chiara limitazione all&#8217;esercizio della sua autonomia. Ecco perch\u00e9, dopo un tentativo di suicidio, vengono applicati tutti i mezzi disponibili per cercare di salvare la vita della persona che ha tentato il suicidio e impedirgli di ripetere il tentativo.<\/p>\n<p>Occorre insistere, quindi, sul fatto che il fatto che un individuo possa liberamente formare la propria volont\u00e0 e agire di conseguenza, come si \u00e8 detto, non consiste semplicemente nell&#8217;optare per una possibilit\u00e0 o per un&#8217;altra, ma che questo \u201cliberamente formare la volont\u00e0\u201d \u00e8 molto pi\u00f9 complesso, come dettagliato.<\/p>\n<p>Ma ignorare questi limiti che devono essere applicati a ogni capacit\u00e0 decisionale autonoma significa oltrepassare la linea rossa del \u201cprimum non nocere\u201d, innanzitutto non nuocere, che deve essere alla base di ogni valutazione bioetica.<\/p>\n<p>Se consideriamo sufficiente il fatto che venga adottata consapevolmente, ignorandone le conseguenze, perch\u00e9 un\u2019opzione sia eticamente accettabile, dovremo cancellare l\u2019etica come guida alla condotta degli esseri umani, che vivranno chiusi nei propri criteri, che pu\u00f2 essere arbitrario, errato, instabile o dannoso.<\/p>\n<p>Infine, non vogliamo ignorare il fatto deplorevole che un&#8217;organizzazione come la Corte europea dei diritti dell&#8217;uomo difenda il diritto alla morte volontaria invece del diritto alla vita, il pi\u00f9 umano dei diritti.<\/p>\n<p><strong>Julio Tudela &#8211; Paloma Aznar &#8211; Istituto di Scienze della Vita &#8211; Osservatorio di Bioetica &#8211; Universit\u00e0 Cattolica di Valencia<\/strong><\/p>\n","protected":false},"excerpt":{"rendered":"<p>Gr\u00e9gor Puppinck, direttore del Centro europeo per il diritto e la giustizia, con sede a Strasburgo e accreditato davanti alla Corte europea dei diritti dell\u2019uomo (CEDU), ha recentemente affermato che \u201cla Corte europea dei diritti dell\u2019uomo sta costruendo passo dopo passo un diritto alla morte volontaria attraverso un&#8217;ingegnosa costruzione giurisprudenziale che, attraverso citazioni ambigue, lascia [&hellip;]<\/p>\n","protected":false},"author":87,"featured_media":90845,"comment_status":"closed","ping_status":"closed","sticky":false,"template":"","format":"standard","meta":{"_acf_changed":false,"_crdt_document":"","inline_featured_image":false,"footnotes":""},"categories":[129],"tags":[3195,6083,6430,3194,11784,4952],"class_list":["post-90999","post","type-post","status-publish","format-standard","has-post-thumbnail","hentry","category-voci","tag-aborto-it","tag-bioetica-it","tag-diritti","tag-eutanasia-it","tag-suicidio-2","tag-trending-it"],"acf":[],"yoast_head":"<!-- This site is optimized with the Yoast SEO plugin v27.5 - https:\/\/yoast.com\/product\/yoast-seo-wordpress\/ -->\n<title>Esiste il diritto al suicidio? &#8211; Exaudi<\/title>\n<meta name=\"robots\" content=\"index, follow, max-snippet:-1, max-image-preview:large, max-video-preview:-1\" \/>\n<link rel=\"canonical\" href=\"https:\/\/exaudi.org\/it\/esiste-il-diritto-al-suicidio\/\" \/>\n<meta property=\"og:locale\" content=\"it_IT\" \/>\n<meta property=\"og:type\" content=\"article\" \/>\n<meta property=\"og:title\" content=\"Esiste il diritto al suicidio? &#8211; Exaudi\" \/>\n<meta property=\"og:description\" content=\"Gr\u00e9gor Puppinck, direttore del Centro europeo per il diritto e la giustizia, con sede a Strasburgo e accreditato davanti alla Corte europea dei diritti dell\u2019uomo (CEDU), ha recentemente affermato che \u201cla Corte europea dei diritti dell\u2019uomo sta costruendo passo dopo passo un diritto alla morte volontaria attraverso un&#8217;ingegnosa costruzione giurisprudenziale che, attraverso citazioni ambigue, lascia [&hellip;]\" \/>\n<meta property=\"og:url\" content=\"https:\/\/exaudi.org\/it\/esiste-il-diritto-al-suicidio\/\" \/>\n<meta property=\"og:site_name\" content=\"Exaudi\" \/>\n<meta property=\"article:publisher\" content=\"https:\/\/www.facebook.com\/ExaudiNews\" \/>\n<meta property=\"article:author\" content=\"https:\/\/www.facebook.com\/observatoriodebioetica\/\" \/>\n<meta property=\"article:published_time\" content=\"2023-12-21T16:51:27+00:00\" \/>\n<meta property=\"og:image\" content=\"https:\/\/exaudi.org\/wp-content\/uploads\/2023\/12\/pexels-thought-catalog-2228552-scaled.jpg\" \/>\n\t<meta property=\"og:image:width\" content=\"2560\" \/>\n\t<meta property=\"og:image:height\" content=\"1707\" \/>\n\t<meta property=\"og:image:type\" content=\"image\/jpeg\" \/>\n<meta name=\"author\" content=\"Observatorio de Bio\u00e9tica UCV\" \/>\n<meta name=\"twitter:card\" content=\"summary_large_image\" \/>\n<meta name=\"twitter:creator\" content=\"@obioetica\" \/>\n<meta name=\"twitter:site\" content=\"@Exaudi_News\" \/>\n<meta name=\"twitter:label1\" content=\"Scritto da\" \/>\n\t<meta name=\"twitter:data1\" content=\"Observatorio de Bio\u00e9tica UCV\" \/>\n\t<meta name=\"twitter:label2\" content=\"Tempo di lettura stimato\" \/>\n\t<meta name=\"twitter:data2\" content=\"5 minuti\" \/>\n<script type=\"application\/ld+json\" class=\"yoast-schema-graph\">{\"@context\":\"https:\\\/\\\/schema.org\",\"@graph\":[{\"@type\":\"Article\",\"@id\":\"https:\\\/\\\/exaudi.org\\\/it\\\/esiste-il-diritto-al-suicidio\\\/#article\",\"isPartOf\":{\"@id\":\"https:\\\/\\\/exaudi.org\\\/it\\\/esiste-il-diritto-al-suicidio\\\/\"},\"author\":{\"name\":\"Observatorio de Bio\u00e9tica UCV\",\"@id\":\"https:\\\/\\\/exaudi.org\\\/#\\\/schema\\\/person\\\/05d1c06e56ecb5490e9bff0d27026595\"},\"headline\":\"Esiste il diritto al suicidio?\",\"datePublished\":\"2023-12-21T16:51:27+00:00\",\"mainEntityOfPage\":{\"@id\":\"https:\\\/\\\/exaudi.org\\\/it\\\/esiste-il-diritto-al-suicidio\\\/\"},\"wordCount\":1069,\"image\":{\"@id\":\"https:\\\/\\\/exaudi.org\\\/it\\\/esiste-il-diritto-al-suicidio\\\/#primaryimage\"},\"thumbnailUrl\":\"https:\\\/\\\/exaudi.org\\\/wp-content\\\/uploads\\\/2023\\\/12\\\/pexels-thought-catalog-2228552-scaled.jpg\",\"keywords\":[\"Aborto\",\"Bio\u00e9tica\",\"diritti\",\"Eutanasia\",\"SUICIDIO\",\"Trending\"],\"articleSection\":[\"Voci\"],\"inLanguage\":\"it-IT\"},{\"@type\":\"WebPage\",\"@id\":\"https:\\\/\\\/exaudi.org\\\/it\\\/esiste-il-diritto-al-suicidio\\\/\",\"url\":\"https:\\\/\\\/exaudi.org\\\/it\\\/esiste-il-diritto-al-suicidio\\\/\",\"name\":\"Esiste il diritto al suicidio? &#8211; Exaudi\",\"isPartOf\":{\"@id\":\"https:\\\/\\\/exaudi.org\\\/#website\"},\"primaryImageOfPage\":{\"@id\":\"https:\\\/\\\/exaudi.org\\\/it\\\/esiste-il-diritto-al-suicidio\\\/#primaryimage\"},\"image\":{\"@id\":\"https:\\\/\\\/exaudi.org\\\/it\\\/esiste-il-diritto-al-suicidio\\\/#primaryimage\"},\"thumbnailUrl\":\"https:\\\/\\\/exaudi.org\\\/wp-content\\\/uploads\\\/2023\\\/12\\\/pexels-thought-catalog-2228552-scaled.jpg\",\"datePublished\":\"2023-12-21T16:51:27+00:00\",\"author\":{\"@id\":\"https:\\\/\\\/exaudi.org\\\/#\\\/schema\\\/person\\\/05d1c06e56ecb5490e9bff0d27026595\"},\"breadcrumb\":{\"@id\":\"https:\\\/\\\/exaudi.org\\\/it\\\/esiste-il-diritto-al-suicidio\\\/#breadcrumb\"},\"inLanguage\":\"it-IT\",\"potentialAction\":[{\"@type\":\"ReadAction\",\"target\":[\"https:\\\/\\\/exaudi.org\\\/it\\\/esiste-il-diritto-al-suicidio\\\/\"]}]},{\"@type\":\"ImageObject\",\"inLanguage\":\"it-IT\",\"@id\":\"https:\\\/\\\/exaudi.org\\\/it\\\/esiste-il-diritto-al-suicidio\\\/#primaryimage\",\"url\":\"https:\\\/\\\/exaudi.org\\\/wp-content\\\/uploads\\\/2023\\\/12\\\/pexels-thought-catalog-2228552-scaled.jpg\",\"contentUrl\":\"https:\\\/\\\/exaudi.org\\\/wp-content\\\/uploads\\\/2023\\\/12\\\/pexels-thought-catalog-2228552-scaled.jpg\",\"width\":2560,\"height\":1707},{\"@type\":\"BreadcrumbList\",\"@id\":\"https:\\\/\\\/exaudi.org\\\/it\\\/esiste-il-diritto-al-suicidio\\\/#breadcrumb\",\"itemListElement\":[{\"@type\":\"ListItem\",\"position\":1,\"name\":\"Portada\",\"item\":\"https:\\\/\\\/exaudi.org\\\/it\\\/\"},{\"@type\":\"ListItem\",\"position\":2,\"name\":\"Esiste il diritto al suicidio?\"}]},{\"@type\":\"WebSite\",\"@id\":\"https:\\\/\\\/exaudi.org\\\/#website\",\"url\":\"https:\\\/\\\/exaudi.org\\\/\",\"name\":\"Exaudi\",\"description\":\"News\",\"potentialAction\":[{\"@type\":\"SearchAction\",\"target\":{\"@type\":\"EntryPoint\",\"urlTemplate\":\"https:\\\/\\\/exaudi.org\\\/?s={search_term_string}\"},\"query-input\":{\"@type\":\"PropertyValueSpecification\",\"valueRequired\":true,\"valueName\":\"search_term_string\"}}],\"inLanguage\":\"it-IT\"},{\"@type\":\"Person\",\"@id\":\"https:\\\/\\\/exaudi.org\\\/#\\\/schema\\\/person\\\/05d1c06e56ecb5490e9bff0d27026595\",\"name\":\"Observatorio de Bio\u00e9tica UCV\",\"image\":{\"@type\":\"ImageObject\",\"inLanguage\":\"it-IT\",\"@id\":\"https:\\\/\\\/secure.gravatar.com\\\/avatar\\\/086563f59595a89fb0851de25d712a03657b1cdfa8af3c9cd0a1ee122fc5d596?s=96&d=mm&r=g\",\"url\":\"https:\\\/\\\/secure.gravatar.com\\\/avatar\\\/086563f59595a89fb0851de25d712a03657b1cdfa8af3c9cd0a1ee122fc5d596?s=96&d=mm&r=g\",\"contentUrl\":\"https:\\\/\\\/secure.gravatar.com\\\/avatar\\\/086563f59595a89fb0851de25d712a03657b1cdfa8af3c9cd0a1ee122fc5d596?s=96&d=mm&r=g\",\"caption\":\"Observatorio de Bio\u00e9tica UCV\"},\"description\":\"El Observatorio de Bio\u00e9tica se encuentra dentro del Instituto Ciencias de la vida de la Universidad Cat\u00f3lica de Valencia \u201cSan Vicente M\u00e1rtir\u201d . En el trasfondo de sus publicaciones, se defiende la vida humana desde la fecundaci\u00f3n a la muerte natural y la dignidad de la persona, teniendo como objetivo aunar esfuerzos para difundir la cultura de la vida como la define la Evangelium Vitae.\",\"sameAs\":[\"https:\\\/\\\/www.observatoriobioetica.org\\\/\",\"https:\\\/\\\/www.facebook.com\\\/observatoriodebioetica\\\/\",\"https:\\\/\\\/x.com\\\/obioetica\",\"https:\\\/\\\/www.youtube.com\\\/channel\\\/UC_Tr4WS5-TXoNo5e1MdQc7w\"],\"url\":\"https:\\\/\\\/exaudi.org\\\/it\\\/author\\\/observatoriodebioeticaucv\\\/\"}]}<\/script>\n<!-- \/ Yoast SEO plugin. -->","yoast_head_json":{"title":"Esiste il diritto al suicidio? &#8211; Exaudi","robots":{"index":"index","follow":"follow","max-snippet":"max-snippet:-1","max-image-preview":"max-image-preview:large","max-video-preview":"max-video-preview:-1"},"canonical":"https:\/\/exaudi.org\/it\/esiste-il-diritto-al-suicidio\/","og_locale":"it_IT","og_type":"article","og_title":"Esiste il diritto al suicidio? &#8211; Exaudi","og_description":"Gr\u00e9gor Puppinck, direttore del Centro europeo per il diritto e la giustizia, con sede a Strasburgo e accreditato davanti alla Corte europea dei diritti dell\u2019uomo (CEDU), ha recentemente affermato che \u201cla Corte europea dei diritti dell\u2019uomo sta costruendo passo dopo passo un diritto alla morte volontaria attraverso un&#8217;ingegnosa costruzione giurisprudenziale che, attraverso citazioni ambigue, lascia [&hellip;]","og_url":"https:\/\/exaudi.org\/it\/esiste-il-diritto-al-suicidio\/","og_site_name":"Exaudi","article_publisher":"https:\/\/www.facebook.com\/ExaudiNews","article_author":"https:\/\/www.facebook.com\/observatoriodebioetica\/","article_published_time":"2023-12-21T16:51:27+00:00","og_image":[{"width":2560,"height":1707,"url":"https:\/\/exaudi.org\/wp-content\/uploads\/2023\/12\/pexels-thought-catalog-2228552-scaled.jpg","type":"image\/jpeg"}],"author":"Observatorio de Bio\u00e9tica UCV","twitter_card":"summary_large_image","twitter_creator":"@obioetica","twitter_site":"@Exaudi_News","twitter_misc":{"Scritto da":"Observatorio de Bio\u00e9tica UCV","Tempo di lettura stimato":"5 minuti"},"schema":{"@context":"https:\/\/schema.org","@graph":[{"@type":"Article","@id":"https:\/\/exaudi.org\/it\/esiste-il-diritto-al-suicidio\/#article","isPartOf":{"@id":"https:\/\/exaudi.org\/it\/esiste-il-diritto-al-suicidio\/"},"author":{"name":"Observatorio de Bio\u00e9tica UCV","@id":"https:\/\/exaudi.org\/#\/schema\/person\/05d1c06e56ecb5490e9bff0d27026595"},"headline":"Esiste il diritto al suicidio?","datePublished":"2023-12-21T16:51:27+00:00","mainEntityOfPage":{"@id":"https:\/\/exaudi.org\/it\/esiste-il-diritto-al-suicidio\/"},"wordCount":1069,"image":{"@id":"https:\/\/exaudi.org\/it\/esiste-il-diritto-al-suicidio\/#primaryimage"},"thumbnailUrl":"https:\/\/exaudi.org\/wp-content\/uploads\/2023\/12\/pexels-thought-catalog-2228552-scaled.jpg","keywords":["Aborto","Bio\u00e9tica","diritti","Eutanasia","SUICIDIO","Trending"],"articleSection":["Voci"],"inLanguage":"it-IT"},{"@type":"WebPage","@id":"https:\/\/exaudi.org\/it\/esiste-il-diritto-al-suicidio\/","url":"https:\/\/exaudi.org\/it\/esiste-il-diritto-al-suicidio\/","name":"Esiste il diritto al suicidio? &#8211; Exaudi","isPartOf":{"@id":"https:\/\/exaudi.org\/#website"},"primaryImageOfPage":{"@id":"https:\/\/exaudi.org\/it\/esiste-il-diritto-al-suicidio\/#primaryimage"},"image":{"@id":"https:\/\/exaudi.org\/it\/esiste-il-diritto-al-suicidio\/#primaryimage"},"thumbnailUrl":"https:\/\/exaudi.org\/wp-content\/uploads\/2023\/12\/pexels-thought-catalog-2228552-scaled.jpg","datePublished":"2023-12-21T16:51:27+00:00","author":{"@id":"https:\/\/exaudi.org\/#\/schema\/person\/05d1c06e56ecb5490e9bff0d27026595"},"breadcrumb":{"@id":"https:\/\/exaudi.org\/it\/esiste-il-diritto-al-suicidio\/#breadcrumb"},"inLanguage":"it-IT","potentialAction":[{"@type":"ReadAction","target":["https:\/\/exaudi.org\/it\/esiste-il-diritto-al-suicidio\/"]}]},{"@type":"ImageObject","inLanguage":"it-IT","@id":"https:\/\/exaudi.org\/it\/esiste-il-diritto-al-suicidio\/#primaryimage","url":"https:\/\/exaudi.org\/wp-content\/uploads\/2023\/12\/pexels-thought-catalog-2228552-scaled.jpg","contentUrl":"https:\/\/exaudi.org\/wp-content\/uploads\/2023\/12\/pexels-thought-catalog-2228552-scaled.jpg","width":2560,"height":1707},{"@type":"BreadcrumbList","@id":"https:\/\/exaudi.org\/it\/esiste-il-diritto-al-suicidio\/#breadcrumb","itemListElement":[{"@type":"ListItem","position":1,"name":"Portada","item":"https:\/\/exaudi.org\/it\/"},{"@type":"ListItem","position":2,"name":"Esiste il diritto al suicidio?"}]},{"@type":"WebSite","@id":"https:\/\/exaudi.org\/#website","url":"https:\/\/exaudi.org\/","name":"Exaudi","description":"News","potentialAction":[{"@type":"SearchAction","target":{"@type":"EntryPoint","urlTemplate":"https:\/\/exaudi.org\/?s={search_term_string}"},"query-input":{"@type":"PropertyValueSpecification","valueRequired":true,"valueName":"search_term_string"}}],"inLanguage":"it-IT"},{"@type":"Person","@id":"https:\/\/exaudi.org\/#\/schema\/person\/05d1c06e56ecb5490e9bff0d27026595","name":"Observatorio de Bio\u00e9tica UCV","image":{"@type":"ImageObject","inLanguage":"it-IT","@id":"https:\/\/secure.gravatar.com\/avatar\/086563f59595a89fb0851de25d712a03657b1cdfa8af3c9cd0a1ee122fc5d596?s=96&d=mm&r=g","url":"https:\/\/secure.gravatar.com\/avatar\/086563f59595a89fb0851de25d712a03657b1cdfa8af3c9cd0a1ee122fc5d596?s=96&d=mm&r=g","contentUrl":"https:\/\/secure.gravatar.com\/avatar\/086563f59595a89fb0851de25d712a03657b1cdfa8af3c9cd0a1ee122fc5d596?s=96&d=mm&r=g","caption":"Observatorio de Bio\u00e9tica UCV"},"description":"El Observatorio de Bio\u00e9tica se encuentra dentro del Instituto Ciencias de la vida de la Universidad Cat\u00f3lica de Valencia \u201cSan Vicente M\u00e1rtir\u201d . En el trasfondo de sus publicaciones, se defiende la vida humana desde la fecundaci\u00f3n a la muerte natural y la dignidad de la persona, teniendo como objetivo aunar esfuerzos para difundir la cultura de la vida como la define la Evangelium Vitae.","sameAs":["https:\/\/www.observatoriobioetica.org\/","https:\/\/www.facebook.com\/observatoriodebioetica\/","https:\/\/x.com\/obioetica","https:\/\/www.youtube.com\/channel\/UC_Tr4WS5-TXoNo5e1MdQc7w"],"url":"https:\/\/exaudi.org\/it\/author\/observatoriodebioeticaucv\/"}]}},"jetpack_featured_media_url":"https:\/\/exaudi.org\/wp-content\/uploads\/2023\/12\/pexels-thought-catalog-2228552-scaled.jpg","jetpack_shortlink":"https:\/\/wp.me\/pgKjF2-nFJ","_links":{"self":[{"href":"https:\/\/exaudi.org\/it\/wp-json\/wp\/v2\/posts\/90999","targetHints":{"allow":["GET"]}}],"collection":[{"href":"https:\/\/exaudi.org\/it\/wp-json\/wp\/v2\/posts"}],"about":[{"href":"https:\/\/exaudi.org\/it\/wp-json\/wp\/v2\/types\/post"}],"author":[{"embeddable":true,"href":"https:\/\/exaudi.org\/it\/wp-json\/wp\/v2\/users\/87"}],"replies":[{"embeddable":true,"href":"https:\/\/exaudi.org\/it\/wp-json\/wp\/v2\/comments?post=90999"}],"version-history":[{"count":0,"href":"https:\/\/exaudi.org\/it\/wp-json\/wp\/v2\/posts\/90999\/revisions"}],"wp:featuredmedia":[{"embeddable":true,"href":"https:\/\/exaudi.org\/it\/wp-json\/wp\/v2\/media\/90845"}],"wp:attachment":[{"href":"https:\/\/exaudi.org\/it\/wp-json\/wp\/v2\/media?parent=90999"}],"wp:term":[{"taxonomy":"category","embeddable":true,"href":"https:\/\/exaudi.org\/it\/wp-json\/wp\/v2\/categories?post=90999"},{"taxonomy":"post_tag","embeddable":true,"href":"https:\/\/exaudi.org\/it\/wp-json\/wp\/v2\/tags?post=90999"}],"curies":[{"name":"wp","href":"https:\/\/api.w.org\/{rel}","templated":true}]}}