{"id":90788,"date":"2023-12-20T10:18:57","date_gmt":"2023-12-20T09:18:57","guid":{"rendered":"https:\/\/exaudi.org\/?p=90788"},"modified":"2023-12-20T10:22:20","modified_gmt":"2023-12-20T09:22:20","slug":"lintelligenza-artificiale-legge-i-ricordi-della-rivolta-del-ghetto-di-varsavia-con-la-voce-dellautrice","status":"publish","type":"post","link":"https:\/\/exaudi.org\/it\/lintelligenza-artificiale-legge-i-ricordi-della-rivolta-del-ghetto-di-varsavia-con-la-voce-dellautrice\/","title":{"rendered":"L&#8217;intelligenza artificiale legge i ricordi della rivolta del Ghetto di Varsavia con la voce dell&#8217;autrice"},"content":{"rendered":"<audio class=\"wp-audio-shortcode\" id=\"audio-90788-1\" preload=\"none\" style=\"width: 100%;\" controls=\"controls\"><source type=\"audio\/mpeg\" src=\"https:\/\/exaudi.org\/wp-content\/uploads\/2023\/12\/It3.mp3?_=1\" \/><a href=\"https:\/\/exaudi.org\/wp-content\/uploads\/2023\/12\/It3.mp3\">https:\/\/exaudi.org\/wp-content\/uploads\/2023\/12\/It3.mp3<\/a><\/audio>\n<p>Grazie all&#8217;intelligenza artificiale, possiamo ascoltare come Stella Fidelseid, una donna ebrea sopravvissuta all&#8217;Olocausto, ricorda la rivolta del Ghetto di Varsavia. \u00c8 possibile ascoltare la sua storia mentre si passeggia per Varsavia, nel territorio dell&#8217;ex ghetto. L&#8217;iniziativa accompagna la mostra &#8220;Un mare di fuoco intorno a noi&#8221;, che racconta la storia dei civili ebrei durante l\u2019insurrezione del ghetto.<\/p>\n<p><img loading=\"lazy\" decoding=\"async\" class=\"alignleft size-full wp-image-90784\" src=\"https:\/\/exaudi.org\/wp-content\/uploads\/2023\/12\/Stella-Fidelseid-author-of-memoirs-of-the-Warsaw-Ghetto-Uprising-photo.-Anette-Wajnsztejn-Polin-Museum.png\" alt=\"\" width=\"768\" height=\"921\" srcset=\"https:\/\/exaudi.org\/wp-content\/uploads\/2023\/12\/Stella-Fidelseid-author-of-memoirs-of-the-Warsaw-Ghetto-Uprising-photo.-Anette-Wajnsztejn-Polin-Museum.png 768w, https:\/\/exaudi.org\/wp-content\/uploads\/2023\/12\/Stella-Fidelseid-author-of-memoirs-of-the-Warsaw-Ghetto-Uprising-photo.-Anette-Wajnsztejn-Polin-Museum-250x300.png 250w, https:\/\/exaudi.org\/wp-content\/uploads\/2023\/12\/Stella-Fidelseid-author-of-memoirs-of-the-Warsaw-Ghetto-Uprising-photo.-Anette-Wajnsztejn-Polin-Museum-500x600.png 500w, https:\/\/exaudi.org\/wp-content\/uploads\/2023\/12\/Stella-Fidelseid-author-of-memoirs-of-the-Warsaw-Ghetto-Uprising-photo.-Anette-Wajnsztejn-Polin-Museum-293x351.png 293w, https:\/\/exaudi.org\/wp-content\/uploads\/2023\/12\/Stella-Fidelseid-author-of-memoirs-of-the-Warsaw-Ghetto-Uprising-photo.-Anette-Wajnsztejn-Polin-Museum-390x468.png 390w\" sizes=\"auto, (max-width: 768px) 100vw, 768px\" \/>Stella Fidelseid era una biologa polacca di origine ebrea. Durante l&#8217;occupazione si ritrov\u00f2 nel ghetto di Varsavia. Lavorava come tecnico di laboratorio nell\u2019ospedale per le malattie infettive. Quando scoppi\u00f2 l\u2019insurrezione, nell&#8217;aprile del 1943, aveva 26 anni. Nei mesi successivi si nascose nei bunker in via Wo\u0142y\u0144ska. L\u00ec diede alla luce anche un figlio, che mor\u00ec di fame pochi giorni dopo. Nel dicembre 1943 fugg\u00ec dal ghetto e si nascose a Milanowek fino alla fine della guerra. Mer\u00ec nel 2001.<\/p>\n<p>Di lei sono rimasti i ricordi dell\u2019insurrezione, scritti dopo la guerra. Negli anni &#8217;90 li ha raccontati anche alla Fondazione americana per la Shoah dell&#8217;Universit\u00e0 della California del Sud. \u00c8 sulla base di questa intervista, condotta in portoghese, che gli operatori del museo Polin, insieme all&#8217;agenzia Saatchi &amp; Saatchi, hanno ricostruito la sua voce e registrato il suo diario. I risultati del loro lavoro sono straordinari, come ha confermato la famiglia dell&#8217;autrice. &#8220;Nella sua versione polacca sembra proprio lei. Mia madre aveva persino dei dubbi se fosse lei o AI&#8221;, ha affermato Marina Wajnsztejn, nipote di Stella Fidelseid, dopo aver ascoltato la registrazione.<\/p>\n<p>Possiamo ascoltare i ricordi unicamente nel territorio dell&#8217;ex ghetto. In cinque fermate di Varsavia: Muran\u00f3w 05, Nowolipie 03, Nowolipki 03, pl. Grzybowski 01 e Dzika 03 sono stati affissi dei manifesti con citazioni di Stella Fidelseid. Sono inoltre dotati di un codice QR che rimanda al sito web in cui \u00e8 possibile trovare le registrazioni.<\/p>\n<p>Possiamo conoscere la storia di Stella Fidelseid anche alla mostra &#8220;Un mare di fuoco intorno a noi&#8221; al Museo Polin. Si tratta della prima mostra dedicata al destino dei civili ebrei, dalla quale apprendiamo come si svolgeva la vita quotidiana nel bunker, durante l&#8217;insurrezione. Oltre a Stella Fidelseid, i protagonisti della mostra sono il diciassettenne Leon Najberg, che torn\u00f2 nel ghetto per partecipare all\u2019insurrezione, e Hena Kuczer, che ne ghetto perse i genitori e sette fratelli.<\/p>\n<p>Le memorie di Stella Fidelseid possono essere ascoltate a Muran\u00f3w fino alla fine di dicembre, mentre la mostra a Polin pu\u00f2 essere visitata fino all&#8217;8 gennaio.<\/p>\n","protected":false},"excerpt":{"rendered":"<p>Grazie all&#8217;intelligenza artificiale, possiamo ascoltare come Stella Fidelseid, una donna ebrea sopravvissuta all&#8217;Olocausto, ricorda la rivolta del Ghetto di Varsavia. \u00c8 possibile ascoltare la sua storia mentre si passeggia per Varsavia, nel territorio dell&#8217;ex ghetto. L&#8217;iniziativa accompagna la mostra &#8220;Un mare di fuoco intorno a noi&#8221;, che racconta la storia dei civili ebrei durante l\u2019insurrezione [&hellip;]<\/p>\n","protected":false},"author":17,"featured_media":90781,"comment_status":"closed","ping_status":"closed","sticky":false,"template":"","format":"standard","meta":{"_acf_changed":false,"_crdt_document":"","inline_featured_image":false,"footnotes":""},"categories":[73],"tags":[452,11142,11763,4952,1783],"class_list":["post-90788","post","type-post","status-publish","format-standard","has-post-thumbnail","hentry","category-chiesa-e-mondo","tag-intelligenza-artificiale","tag-olocausto","tag-stella-fidelseid-2","tag-trending-it","tag-varsavia"],"acf":[],"yoast_head":"<!-- This site is optimized with the Yoast SEO plugin v27.5 - https:\/\/yoast.com\/product\/yoast-seo-wordpress\/ -->\n<title>L&#039;intelligenza artificiale legge i ricordi della rivolta del Ghetto di Varsavia con la voce dell&#039;autrice &#8211; Exaudi<\/title>\n<meta name=\"robots\" content=\"index, follow, max-snippet:-1, max-image-preview:large, max-video-preview:-1\" \/>\n<link rel=\"canonical\" href=\"https:\/\/exaudi.org\/it\/lintelligenza-artificiale-legge-i-ricordi-della-rivolta-del-ghetto-di-varsavia-con-la-voce-dellautrice\/\" \/>\n<meta property=\"og:locale\" content=\"it_IT\" \/>\n<meta property=\"og:type\" content=\"article\" \/>\n<meta property=\"og:title\" content=\"L&#039;intelligenza artificiale legge i ricordi della rivolta del Ghetto di Varsavia con la voce dell&#039;autrice &#8211; Exaudi\" \/>\n<meta property=\"og:description\" content=\"Grazie all&#8217;intelligenza artificiale, possiamo ascoltare come Stella Fidelseid, una donna ebrea sopravvissuta all&#8217;Olocausto, ricorda la rivolta del Ghetto di Varsavia. \u00c8 possibile ascoltare la sua storia mentre si passeggia per Varsavia, nel territorio dell&#8217;ex ghetto. L&#8217;iniziativa accompagna la mostra &#8220;Un mare di fuoco intorno a noi&#8221;, che racconta la storia dei civili ebrei durante l\u2019insurrezione [&hellip;]\" \/>\n<meta property=\"og:url\" content=\"https:\/\/exaudi.org\/it\/lintelligenza-artificiale-legge-i-ricordi-della-rivolta-del-ghetto-di-varsavia-con-la-voce-dellautrice\/\" \/>\n<meta property=\"og:site_name\" content=\"Exaudi\" \/>\n<meta property=\"article:publisher\" content=\"https:\/\/www.facebook.com\/ExaudiNews\" \/>\n<meta property=\"article:author\" content=\"https:\/\/www.facebook.com\/ExaudiNotizie\/\" \/>\n<meta property=\"article:published_time\" content=\"2023-12-20T09:18:57+00:00\" \/>\n<meta property=\"article:modified_time\" content=\"2023-12-20T09:22:20+00:00\" \/>\n<meta property=\"og:image\" content=\"https:\/\/exaudi.org\/wp-content\/uploads\/2023\/12\/Photo.-M.-Jazwiecki-Polin-Museum-scaled.jpg\" \/>\n\t<meta property=\"og:image:width\" content=\"2560\" \/>\n\t<meta property=\"og:image:height\" content=\"1707\" \/>\n\t<meta property=\"og:image:type\" content=\"image\/jpeg\" \/>\n<meta name=\"author\" content=\"Exaudi Redazione\" \/>\n<meta name=\"twitter:card\" content=\"summary_large_image\" \/>\n<meta name=\"twitter:creator\" content=\"@Exaudi_Notizie\" \/>\n<meta name=\"twitter:site\" content=\"@Exaudi_News\" \/>\n<meta name=\"twitter:label1\" content=\"Scritto da\" \/>\n\t<meta name=\"twitter:data1\" content=\"Exaudi Redazione\" \/>\n\t<meta name=\"twitter:label2\" content=\"Tempo di lettura stimato\" \/>\n\t<meta name=\"twitter:data2\" content=\"2 minuti\" \/>\n<script type=\"application\/ld+json\" class=\"yoast-schema-graph\">{\"@context\":\"https:\\\/\\\/schema.org\",\"@graph\":[{\"@type\":\"Article\",\"@id\":\"https:\\\/\\\/exaudi.org\\\/it\\\/lintelligenza-artificiale-legge-i-ricordi-della-rivolta-del-ghetto-di-varsavia-con-la-voce-dellautrice\\\/#article\",\"isPartOf\":{\"@id\":\"https:\\\/\\\/exaudi.org\\\/it\\\/lintelligenza-artificiale-legge-i-ricordi-della-rivolta-del-ghetto-di-varsavia-con-la-voce-dellautrice\\\/\"},\"author\":{\"name\":\"Exaudi Redazione\",\"@id\":\"https:\\\/\\\/exaudi.org\\\/#\\\/schema\\\/person\\\/e1ab6ed07c01774724dd96f925f3a5f0\"},\"headline\":\"L&#8217;intelligenza artificiale legge i ricordi della rivolta del Ghetto di Varsavia con la voce dell&#8217;autrice\",\"datePublished\":\"2023-12-20T09:18:57+00:00\",\"dateModified\":\"2023-12-20T09:22:20+00:00\",\"mainEntityOfPage\":{\"@id\":\"https:\\\/\\\/exaudi.org\\\/it\\\/lintelligenza-artificiale-legge-i-ricordi-della-rivolta-del-ghetto-di-varsavia-con-la-voce-dellautrice\\\/\"},\"wordCount\":430,\"image\":{\"@id\":\"https:\\\/\\\/exaudi.org\\\/it\\\/lintelligenza-artificiale-legge-i-ricordi-della-rivolta-del-ghetto-di-varsavia-con-la-voce-dellautrice\\\/#primaryimage\"},\"thumbnailUrl\":\"https:\\\/\\\/exaudi.org\\\/wp-content\\\/uploads\\\/2023\\\/12\\\/Photo.-M.-Jazwiecki-Polin-Museum-scaled.jpg\",\"keywords\":[\"Intelligenza Artificiale\",\"OLOCAUSTO\",\"Stella Fidelseid\",\"Trending\",\"Varsavia\"],\"articleSection\":[\"Chiesa e Mondo\"],\"inLanguage\":\"it-IT\"},{\"@type\":\"WebPage\",\"@id\":\"https:\\\/\\\/exaudi.org\\\/it\\\/lintelligenza-artificiale-legge-i-ricordi-della-rivolta-del-ghetto-di-varsavia-con-la-voce-dellautrice\\\/\",\"url\":\"https:\\\/\\\/exaudi.org\\\/it\\\/lintelligenza-artificiale-legge-i-ricordi-della-rivolta-del-ghetto-di-varsavia-con-la-voce-dellautrice\\\/\",\"name\":\"L'intelligenza artificiale legge i ricordi della rivolta del Ghetto di Varsavia con la voce dell'autrice &#8211; Exaudi\",\"isPartOf\":{\"@id\":\"https:\\\/\\\/exaudi.org\\\/#website\"},\"primaryImageOfPage\":{\"@id\":\"https:\\\/\\\/exaudi.org\\\/it\\\/lintelligenza-artificiale-legge-i-ricordi-della-rivolta-del-ghetto-di-varsavia-con-la-voce-dellautrice\\\/#primaryimage\"},\"image\":{\"@id\":\"https:\\\/\\\/exaudi.org\\\/it\\\/lintelligenza-artificiale-legge-i-ricordi-della-rivolta-del-ghetto-di-varsavia-con-la-voce-dellautrice\\\/#primaryimage\"},\"thumbnailUrl\":\"https:\\\/\\\/exaudi.org\\\/wp-content\\\/uploads\\\/2023\\\/12\\\/Photo.-M.-Jazwiecki-Polin-Museum-scaled.jpg\",\"datePublished\":\"2023-12-20T09:18:57+00:00\",\"dateModified\":\"2023-12-20T09:22:20+00:00\",\"author\":{\"@id\":\"https:\\\/\\\/exaudi.org\\\/#\\\/schema\\\/person\\\/e1ab6ed07c01774724dd96f925f3a5f0\"},\"breadcrumb\":{\"@id\":\"https:\\\/\\\/exaudi.org\\\/it\\\/lintelligenza-artificiale-legge-i-ricordi-della-rivolta-del-ghetto-di-varsavia-con-la-voce-dellautrice\\\/#breadcrumb\"},\"inLanguage\":\"it-IT\",\"potentialAction\":[{\"@type\":\"ReadAction\",\"target\":[\"https:\\\/\\\/exaudi.org\\\/it\\\/lintelligenza-artificiale-legge-i-ricordi-della-rivolta-del-ghetto-di-varsavia-con-la-voce-dellautrice\\\/\"]}]},{\"@type\":\"ImageObject\",\"inLanguage\":\"it-IT\",\"@id\":\"https:\\\/\\\/exaudi.org\\\/it\\\/lintelligenza-artificiale-legge-i-ricordi-della-rivolta-del-ghetto-di-varsavia-con-la-voce-dellautrice\\\/#primaryimage\",\"url\":\"https:\\\/\\\/exaudi.org\\\/wp-content\\\/uploads\\\/2023\\\/12\\\/Photo.-M.-Jazwiecki-Polin-Museum-scaled.jpg\",\"contentUrl\":\"https:\\\/\\\/exaudi.org\\\/wp-content\\\/uploads\\\/2023\\\/12\\\/Photo.-M.-Jazwiecki-Polin-Museum-scaled.jpg\",\"width\":2560,\"height\":1707,\"caption\":\"Photo. M. Ja\u017awiecki, Polin Museum\"},{\"@type\":\"BreadcrumbList\",\"@id\":\"https:\\\/\\\/exaudi.org\\\/it\\\/lintelligenza-artificiale-legge-i-ricordi-della-rivolta-del-ghetto-di-varsavia-con-la-voce-dellautrice\\\/#breadcrumb\",\"itemListElement\":[{\"@type\":\"ListItem\",\"position\":1,\"name\":\"Portada\",\"item\":\"https:\\\/\\\/exaudi.org\\\/it\\\/\"},{\"@type\":\"ListItem\",\"position\":2,\"name\":\"L&#8217;intelligenza artificiale legge i ricordi della rivolta del Ghetto di Varsavia con la voce dell&#8217;autrice\"}]},{\"@type\":\"WebSite\",\"@id\":\"https:\\\/\\\/exaudi.org\\\/#website\",\"url\":\"https:\\\/\\\/exaudi.org\\\/\",\"name\":\"Exaudi\",\"description\":\"News\",\"potentialAction\":[{\"@type\":\"SearchAction\",\"target\":{\"@type\":\"EntryPoint\",\"urlTemplate\":\"https:\\\/\\\/exaudi.org\\\/?s={search_term_string}\"},\"query-input\":{\"@type\":\"PropertyValueSpecification\",\"valueRequired\":true,\"valueName\":\"search_term_string\"}}],\"inLanguage\":\"it-IT\"},{\"@type\":\"Person\",\"@id\":\"https:\\\/\\\/exaudi.org\\\/#\\\/schema\\\/person\\\/e1ab6ed07c01774724dd96f925f3a5f0\",\"name\":\"Exaudi Redazione\",\"image\":{\"@type\":\"ImageObject\",\"inLanguage\":\"it-IT\",\"@id\":\"https:\\\/\\\/secure.gravatar.com\\\/avatar\\\/ad6774b3ada023bf5b939d64f45c94b3adf91502dd883507d469b4308a943bb3?s=96&d=mm&r=g\",\"url\":\"https:\\\/\\\/secure.gravatar.com\\\/avatar\\\/ad6774b3ada023bf5b939d64f45c94b3adf91502dd883507d469b4308a943bb3?s=96&d=mm&r=g\",\"contentUrl\":\"https:\\\/\\\/secure.gravatar.com\\\/avatar\\\/ad6774b3ada023bf5b939d64f45c94b3adf91502dd883507d469b4308a943bb3?s=96&d=mm&r=g\",\"caption\":\"Exaudi Redazione\"},\"description\":\"Che cosa \u00e8 Exaudi News? Exaudi News \u00e8 un agenzia cattolica internazionale che informa, istruisce e trasforma quotidianamente in spagnolo, inglese e italiano. Attraverso notizie, articoli di analisi e trasmissioni in diretta degli eventi del Papa, Exaudi cerca di rafforzare l'unit\u00e0 dei cristiani e di contribuire all'evangelizzazione del mondo, sempre guidato dalla dottrina sociale della Chiesa. Lavoriamo per portare la verit\u00e0 e i valori cristiani in ogni angolo del pianeta. Aiutaci a trasformare il mondo con Exaudi! Noi di Exaudi crediamo che l'evangelizzazione e l'informazione di qualit\u00e0 possano cambiare la vita. Per continuare la nostra missione ed espandere la nostra portata, abbiamo bisogno del tuo aiuto. Stiamo anche cercando persone motivate che vogliano unirsi al nostro team. Grazie al vostro sostegno raggiungeremo pi\u00f9 persone, diffonderemo il messaggio di Cristo e rafforzeremo l'unit\u00e0 dei cristiani. Vuoi unirti alla nostra missione? Per maggiori informazioni su come contribuire, visita Exaudi.org\\\/it o contattaci direttamente: info@exaudi.org Exaudi: informa, forma e trasforma.\",\"sameAs\":[\"https:\\\/\\\/www.facebook.com\\\/ExaudiNotizie\\\/\",\"https:\\\/\\\/www.instagram.com\\\/Exaudi_notizie\\\/\",\"https:\\\/\\\/x.com\\\/Exaudi_Notizie\",\"https:\\\/\\\/www.youtube.com\\\/@exaudicatholicnews\"],\"url\":\"https:\\\/\\\/exaudi.org\\\/it\\\/author\\\/dlvedi-org\\\/\"}]}<\/script>\n<!-- \/ Yoast SEO plugin. -->","yoast_head_json":{"title":"L'intelligenza artificiale legge i ricordi della rivolta del Ghetto di Varsavia con la voce dell'autrice &#8211; Exaudi","robots":{"index":"index","follow":"follow","max-snippet":"max-snippet:-1","max-image-preview":"max-image-preview:large","max-video-preview":"max-video-preview:-1"},"canonical":"https:\/\/exaudi.org\/it\/lintelligenza-artificiale-legge-i-ricordi-della-rivolta-del-ghetto-di-varsavia-con-la-voce-dellautrice\/","og_locale":"it_IT","og_type":"article","og_title":"L'intelligenza artificiale legge i ricordi della rivolta del Ghetto di Varsavia con la voce dell'autrice &#8211; Exaudi","og_description":"Grazie all&#8217;intelligenza artificiale, possiamo ascoltare come Stella Fidelseid, una donna ebrea sopravvissuta all&#8217;Olocausto, ricorda la rivolta del Ghetto di Varsavia. \u00c8 possibile ascoltare la sua storia mentre si passeggia per Varsavia, nel territorio dell&#8217;ex ghetto. L&#8217;iniziativa accompagna la mostra &#8220;Un mare di fuoco intorno a noi&#8221;, che racconta la storia dei civili ebrei durante l\u2019insurrezione [&hellip;]","og_url":"https:\/\/exaudi.org\/it\/lintelligenza-artificiale-legge-i-ricordi-della-rivolta-del-ghetto-di-varsavia-con-la-voce-dellautrice\/","og_site_name":"Exaudi","article_publisher":"https:\/\/www.facebook.com\/ExaudiNews","article_author":"https:\/\/www.facebook.com\/ExaudiNotizie\/","article_published_time":"2023-12-20T09:18:57+00:00","article_modified_time":"2023-12-20T09:22:20+00:00","og_image":[{"width":2560,"height":1707,"url":"https:\/\/exaudi.org\/wp-content\/uploads\/2023\/12\/Photo.-M.-Jazwiecki-Polin-Museum-scaled.jpg","type":"image\/jpeg"}],"author":"Exaudi Redazione","twitter_card":"summary_large_image","twitter_creator":"@Exaudi_Notizie","twitter_site":"@Exaudi_News","twitter_misc":{"Scritto da":"Exaudi Redazione","Tempo di lettura stimato":"2 minuti"},"schema":{"@context":"https:\/\/schema.org","@graph":[{"@type":"Article","@id":"https:\/\/exaudi.org\/it\/lintelligenza-artificiale-legge-i-ricordi-della-rivolta-del-ghetto-di-varsavia-con-la-voce-dellautrice\/#article","isPartOf":{"@id":"https:\/\/exaudi.org\/it\/lintelligenza-artificiale-legge-i-ricordi-della-rivolta-del-ghetto-di-varsavia-con-la-voce-dellautrice\/"},"author":{"name":"Exaudi Redazione","@id":"https:\/\/exaudi.org\/#\/schema\/person\/e1ab6ed07c01774724dd96f925f3a5f0"},"headline":"L&#8217;intelligenza artificiale legge i ricordi della rivolta del Ghetto di Varsavia con la voce dell&#8217;autrice","datePublished":"2023-12-20T09:18:57+00:00","dateModified":"2023-12-20T09:22:20+00:00","mainEntityOfPage":{"@id":"https:\/\/exaudi.org\/it\/lintelligenza-artificiale-legge-i-ricordi-della-rivolta-del-ghetto-di-varsavia-con-la-voce-dellautrice\/"},"wordCount":430,"image":{"@id":"https:\/\/exaudi.org\/it\/lintelligenza-artificiale-legge-i-ricordi-della-rivolta-del-ghetto-di-varsavia-con-la-voce-dellautrice\/#primaryimage"},"thumbnailUrl":"https:\/\/exaudi.org\/wp-content\/uploads\/2023\/12\/Photo.-M.-Jazwiecki-Polin-Museum-scaled.jpg","keywords":["Intelligenza Artificiale","OLOCAUSTO","Stella Fidelseid","Trending","Varsavia"],"articleSection":["Chiesa e Mondo"],"inLanguage":"it-IT"},{"@type":"WebPage","@id":"https:\/\/exaudi.org\/it\/lintelligenza-artificiale-legge-i-ricordi-della-rivolta-del-ghetto-di-varsavia-con-la-voce-dellautrice\/","url":"https:\/\/exaudi.org\/it\/lintelligenza-artificiale-legge-i-ricordi-della-rivolta-del-ghetto-di-varsavia-con-la-voce-dellautrice\/","name":"L'intelligenza artificiale legge i ricordi della rivolta del Ghetto di Varsavia con la voce dell'autrice &#8211; Exaudi","isPartOf":{"@id":"https:\/\/exaudi.org\/#website"},"primaryImageOfPage":{"@id":"https:\/\/exaudi.org\/it\/lintelligenza-artificiale-legge-i-ricordi-della-rivolta-del-ghetto-di-varsavia-con-la-voce-dellautrice\/#primaryimage"},"image":{"@id":"https:\/\/exaudi.org\/it\/lintelligenza-artificiale-legge-i-ricordi-della-rivolta-del-ghetto-di-varsavia-con-la-voce-dellautrice\/#primaryimage"},"thumbnailUrl":"https:\/\/exaudi.org\/wp-content\/uploads\/2023\/12\/Photo.-M.-Jazwiecki-Polin-Museum-scaled.jpg","datePublished":"2023-12-20T09:18:57+00:00","dateModified":"2023-12-20T09:22:20+00:00","author":{"@id":"https:\/\/exaudi.org\/#\/schema\/person\/e1ab6ed07c01774724dd96f925f3a5f0"},"breadcrumb":{"@id":"https:\/\/exaudi.org\/it\/lintelligenza-artificiale-legge-i-ricordi-della-rivolta-del-ghetto-di-varsavia-con-la-voce-dellautrice\/#breadcrumb"},"inLanguage":"it-IT","potentialAction":[{"@type":"ReadAction","target":["https:\/\/exaudi.org\/it\/lintelligenza-artificiale-legge-i-ricordi-della-rivolta-del-ghetto-di-varsavia-con-la-voce-dellautrice\/"]}]},{"@type":"ImageObject","inLanguage":"it-IT","@id":"https:\/\/exaudi.org\/it\/lintelligenza-artificiale-legge-i-ricordi-della-rivolta-del-ghetto-di-varsavia-con-la-voce-dellautrice\/#primaryimage","url":"https:\/\/exaudi.org\/wp-content\/uploads\/2023\/12\/Photo.-M.-Jazwiecki-Polin-Museum-scaled.jpg","contentUrl":"https:\/\/exaudi.org\/wp-content\/uploads\/2023\/12\/Photo.-M.-Jazwiecki-Polin-Museum-scaled.jpg","width":2560,"height":1707,"caption":"Photo. M. Ja\u017awiecki, Polin Museum"},{"@type":"BreadcrumbList","@id":"https:\/\/exaudi.org\/it\/lintelligenza-artificiale-legge-i-ricordi-della-rivolta-del-ghetto-di-varsavia-con-la-voce-dellautrice\/#breadcrumb","itemListElement":[{"@type":"ListItem","position":1,"name":"Portada","item":"https:\/\/exaudi.org\/it\/"},{"@type":"ListItem","position":2,"name":"L&#8217;intelligenza artificiale legge i ricordi della rivolta del Ghetto di Varsavia con la voce dell&#8217;autrice"}]},{"@type":"WebSite","@id":"https:\/\/exaudi.org\/#website","url":"https:\/\/exaudi.org\/","name":"Exaudi","description":"News","potentialAction":[{"@type":"SearchAction","target":{"@type":"EntryPoint","urlTemplate":"https:\/\/exaudi.org\/?s={search_term_string}"},"query-input":{"@type":"PropertyValueSpecification","valueRequired":true,"valueName":"search_term_string"}}],"inLanguage":"it-IT"},{"@type":"Person","@id":"https:\/\/exaudi.org\/#\/schema\/person\/e1ab6ed07c01774724dd96f925f3a5f0","name":"Exaudi Redazione","image":{"@type":"ImageObject","inLanguage":"it-IT","@id":"https:\/\/secure.gravatar.com\/avatar\/ad6774b3ada023bf5b939d64f45c94b3adf91502dd883507d469b4308a943bb3?s=96&d=mm&r=g","url":"https:\/\/secure.gravatar.com\/avatar\/ad6774b3ada023bf5b939d64f45c94b3adf91502dd883507d469b4308a943bb3?s=96&d=mm&r=g","contentUrl":"https:\/\/secure.gravatar.com\/avatar\/ad6774b3ada023bf5b939d64f45c94b3adf91502dd883507d469b4308a943bb3?s=96&d=mm&r=g","caption":"Exaudi Redazione"},"description":"Che cosa \u00e8 Exaudi News? Exaudi News \u00e8 un agenzia cattolica internazionale che informa, istruisce e trasforma quotidianamente in spagnolo, inglese e italiano. Attraverso notizie, articoli di analisi e trasmissioni in diretta degli eventi del Papa, Exaudi cerca di rafforzare l'unit\u00e0 dei cristiani e di contribuire all'evangelizzazione del mondo, sempre guidato dalla dottrina sociale della Chiesa. Lavoriamo per portare la verit\u00e0 e i valori cristiani in ogni angolo del pianeta. Aiutaci a trasformare il mondo con Exaudi! Noi di Exaudi crediamo che l'evangelizzazione e l'informazione di qualit\u00e0 possano cambiare la vita. Per continuare la nostra missione ed espandere la nostra portata, abbiamo bisogno del tuo aiuto. Stiamo anche cercando persone motivate che vogliano unirsi al nostro team. Grazie al vostro sostegno raggiungeremo pi\u00f9 persone, diffonderemo il messaggio di Cristo e rafforzeremo l'unit\u00e0 dei cristiani. Vuoi unirti alla nostra missione? Per maggiori informazioni su come contribuire, visita Exaudi.org\/it o contattaci direttamente: info@exaudi.org Exaudi: informa, forma e trasforma.","sameAs":["https:\/\/www.facebook.com\/ExaudiNotizie\/","https:\/\/www.instagram.com\/Exaudi_notizie\/","https:\/\/x.com\/Exaudi_Notizie","https:\/\/www.youtube.com\/@exaudicatholicnews"],"url":"https:\/\/exaudi.org\/it\/author\/dlvedi-org\/"}]}},"jetpack_featured_media_url":"https:\/\/exaudi.org\/wp-content\/uploads\/2023\/12\/Photo.-M.-Jazwiecki-Polin-Museum-scaled.jpg","jetpack_shortlink":"https:\/\/wp.me\/pgKjF2-nCk","_links":{"self":[{"href":"https:\/\/exaudi.org\/it\/wp-json\/wp\/v2\/posts\/90788","targetHints":{"allow":["GET"]}}],"collection":[{"href":"https:\/\/exaudi.org\/it\/wp-json\/wp\/v2\/posts"}],"about":[{"href":"https:\/\/exaudi.org\/it\/wp-json\/wp\/v2\/types\/post"}],"author":[{"embeddable":true,"href":"https:\/\/exaudi.org\/it\/wp-json\/wp\/v2\/users\/17"}],"replies":[{"embeddable":true,"href":"https:\/\/exaudi.org\/it\/wp-json\/wp\/v2\/comments?post=90788"}],"version-history":[{"count":0,"href":"https:\/\/exaudi.org\/it\/wp-json\/wp\/v2\/posts\/90788\/revisions"}],"wp:featuredmedia":[{"embeddable":true,"href":"https:\/\/exaudi.org\/it\/wp-json\/wp\/v2\/media\/90781"}],"wp:attachment":[{"href":"https:\/\/exaudi.org\/it\/wp-json\/wp\/v2\/media?parent=90788"}],"wp:term":[{"taxonomy":"category","embeddable":true,"href":"https:\/\/exaudi.org\/it\/wp-json\/wp\/v2\/categories?post=90788"},{"taxonomy":"post_tag","embeddable":true,"href":"https:\/\/exaudi.org\/it\/wp-json\/wp\/v2\/tags?post=90788"}],"curies":[{"name":"wp","href":"https:\/\/api.w.org\/{rel}","templated":true}]}}