{"id":90541,"date":"2023-12-17T18:42:26","date_gmt":"2023-12-17T17:42:26","guid":{"rendered":"https:\/\/exaudi.org\/?p=90541"},"modified":"2023-12-18T13:55:35","modified_gmt":"2023-12-18T12:55:35","slug":"papa-francesco-spiega-il-significato-dei-presepi-viventi","status":"publish","type":"post","link":"https:\/\/exaudi.org\/it\/papa-francesco-spiega-il-significato-dei-presepi-viventi\/","title":{"rendered":"Papa Francesco spiega il significato dei presepi viventi"},"content":{"rendered":"<p>Ieri, sabato 16 dicembre 2023, nell&#8217;Aula Paolo VI, il Santo Padre Francesco ha ricevuto in udienza le figuranti e gli operatori del Presepe vivente della Basilica di Santa Maria Maggiore.<\/p>\n<p>Di seguito il saluto del Papa ai presenti durante l&#8217;udienza:<\/p>\n<h3><strong>Le parole del Papa<\/strong><\/h3>\n<p>Cari fratelli e sorelle, buongiorno e benvenuti!<\/p>\n<p>Siete gi\u00e0 venuti con i costumi per il presepe vivente di questo pomeriggio a Santa Maria Maggiore. Grazie mille! Ringrazio il Cardinale [S. Ry\u0142ko, arciprete della Basilica] e Monsignor Makrickas, che hanno coinvolto tanti di voi in questa bella iniziativa.<\/p>\n<p>La Basilica di Santa Maria Maggiore conserva la reliquia della mangiatoia di Ges\u00f9, quindi ha un legame molto speciale con Betlemme e la mangiatoia. Ospita infatti anche il gruppo scultoreo di Arnolfo di Cambio, commissionato da Papa Niccol\u00f2 IV, considerato il primo presepe della storia dell&#8217;arte. Per questo voglio condividere con te solo due pensieri, affinch\u00e9 ti accompagnino durante tutta la giornata. Due pensieri.<\/p>\n<p>Innanzitutto penso a San Francisco. Come sappiamo, fu lui a inventare il presepe vivente, a Greccio, esattamente ottocento anni fa. Ma \u00e8 importante ricordare perch\u00e9 lo ha inventato, per capirne il significato, per non ridurlo a un mero fatto folcloristico. Francesco ha voluto rappresentare la nascita di Ges\u00f9 nella vita per suscitare, nei frati e nel popolo, commozione e tenerezza verso il mistero di Dio nato da Maria in una stalla e adagiato in una mangiatoia. Voleva dare sostanza alla rappresentazione: non un dipinto, non statue, ma persone in carne e ossa, per evidenziare la realt\u00e0 dell&#8217;incarnazione. Allora, il primo pensiero che vi lascio \u00e8 questo: lo scopo del presepe vivente \u00e8 risvegliare lo stupore nel cuore, davanti al mistero di Dio che si \u00e8 fatto bambino.<\/p>\n<p>Il secondo pensiero \u00e8 per i nostri fratelli e sorelle di Betlemme, la Betlemme di oggi. E naturalmente questo si estende a tutti gli abitanti della terra dove Ges\u00f9 \u00e8 nato, \u00e8 vissuto, \u00e8 morto ed \u00e8 risorto. Conosciamo la situazione, causata dalla guerra, conseguenza di un conflitto che dura da decenni. Pertanto, le loro azioni devono essere vissute in solidariet\u00e0 con questi fratelli e sorelle che soffrono molto. Per loro si preannuncia un Natale di sofferenza, di lutto, senza pellegrini, senza celebrazioni. Non vogliamo lasciarli soli. Restiamo loro vicini con la preghiera, con l&#8217;aiuto concreto e anche con la vostra Betlemme viva, che ricorda a tutti come la sofferenza di Betlemme sia una ferita aperta per il Medio Oriente e per il mondo intero. Questo Natale pensiamo, pensiamo alla Terra Santa.<\/p>\n<p>Cari fratelli e sorelle, vi auguro di vivere questa giornata con fede e gioia; Che sia testimonianza del Vangelo! Benedico di cuore tutti voi e i vostri cari. E non dimenticare di pregare per me. Buon Natale!<\/p>\n","protected":false},"excerpt":{"rendered":"<p>Ieri, sabato 16 dicembre 2023, nell&#8217;Aula Paolo VI, il Santo Padre Francesco ha ricevuto in udienza le figuranti e gli operatori del Presepe vivente della Basilica di Santa Maria Maggiore. Di seguito il saluto del Papa ai presenti durante l&#8217;udienza: Le parole del Papa Cari fratelli e sorelle, buongiorno e benvenuti! Siete gi\u00e0 venuti con [&hellip;]<\/p>\n","protected":false},"author":7,"featured_media":90531,"comment_status":"closed","ping_status":"closed","sticky":false,"template":"","format":"standard","meta":{"_acf_changed":false,"_crdt_document":"","inline_featured_image":false,"footnotes":""},"categories":[67],"tags":[251,11690,4952,1843,11689],"class_list":["post-90541","post","type-post","status-publish","format-standard","has-post-thumbnail","hentry","category-leone-xiv","tag-papa-francesco","tag-santa-maria-la-major","tag-trending-it","tag-udienza","tag-vivere-il-natale"],"acf":[],"yoast_head":"<!-- This site is optimized with the Yoast SEO plugin v27.5 - https:\/\/yoast.com\/product\/yoast-seo-wordpress\/ -->\n<title>Papa Francesco spiega il significato dei presepi viventi &#8211; Exaudi<\/title>\n<meta name=\"robots\" content=\"index, follow, max-snippet:-1, max-image-preview:large, max-video-preview:-1\" \/>\n<link rel=\"canonical\" href=\"https:\/\/exaudi.org\/it\/papa-francesco-spiega-il-significato-dei-presepi-viventi\/\" \/>\n<meta property=\"og:locale\" content=\"it_IT\" \/>\n<meta property=\"og:type\" content=\"article\" \/>\n<meta property=\"og:title\" content=\"Papa Francesco spiega il significato dei presepi viventi &#8211; Exaudi\" \/>\n<meta property=\"og:description\" content=\"Ieri, sabato 16 dicembre 2023, nell&#8217;Aula Paolo VI, il Santo Padre Francesco ha ricevuto in udienza le figuranti e gli operatori del Presepe vivente della Basilica di Santa Maria Maggiore. Di seguito il saluto del Papa ai presenti durante l&#8217;udienza: Le parole del Papa Cari fratelli e sorelle, buongiorno e benvenuti! Siete gi\u00e0 venuti con [&hellip;]\" \/>\n<meta property=\"og:url\" content=\"https:\/\/exaudi.org\/it\/papa-francesco-spiega-il-significato-dei-presepi-viventi\/\" \/>\n<meta property=\"og:site_name\" content=\"Exaudi\" \/>\n<meta property=\"article:publisher\" content=\"https:\/\/www.facebook.com\/ExaudiNews\" \/>\n<meta property=\"article:published_time\" content=\"2023-12-17T17:42:26+00:00\" \/>\n<meta property=\"article:modified_time\" content=\"2023-12-18T12:55:35+00:00\" \/>\n<meta property=\"og:image\" content=\"https:\/\/exaudi.org\/wp-content\/uploads\/2023\/12\/cq5dam.web_.800.800-5-2.jpeg\" \/>\n\t<meta property=\"og:image:width\" content=\"800\" \/>\n\t<meta property=\"og:image:height\" content=\"533\" \/>\n\t<meta property=\"og:image:type\" content=\"image\/jpeg\" \/>\n<meta name=\"author\" content=\"Raquel Anillo\" \/>\n<meta name=\"twitter:card\" content=\"summary_large_image\" \/>\n<meta name=\"twitter:creator\" content=\"@Exaudi_News\" \/>\n<meta name=\"twitter:site\" content=\"@Exaudi_News\" \/>\n<meta name=\"twitter:label1\" content=\"Scritto da\" \/>\n\t<meta name=\"twitter:data1\" content=\"Raquel Anillo\" \/>\n\t<meta name=\"twitter:label2\" content=\"Tempo di lettura stimato\" \/>\n\t<meta name=\"twitter:data2\" content=\"2 minuti\" \/>\n<script type=\"application\/ld+json\" class=\"yoast-schema-graph\">{\"@context\":\"https:\\\/\\\/schema.org\",\"@graph\":[{\"@type\":\"Article\",\"@id\":\"https:\\\/\\\/exaudi.org\\\/it\\\/papa-francesco-spiega-il-significato-dei-presepi-viventi\\\/#article\",\"isPartOf\":{\"@id\":\"https:\\\/\\\/exaudi.org\\\/it\\\/papa-francesco-spiega-il-significato-dei-presepi-viventi\\\/\"},\"author\":{\"name\":\"Raquel Anillo\",\"@id\":\"https:\\\/\\\/exaudi.org\\\/#\\\/schema\\\/person\\\/6ff0af358a606d657c4b1b6e0d5c85cb\"},\"headline\":\"Papa Francesco spiega il significato dei presepi viventi\",\"datePublished\":\"2023-12-17T17:42:26+00:00\",\"dateModified\":\"2023-12-18T12:55:35+00:00\",\"mainEntityOfPage\":{\"@id\":\"https:\\\/\\\/exaudi.org\\\/it\\\/papa-francesco-spiega-il-significato-dei-presepi-viventi\\\/\"},\"wordCount\":454,\"image\":{\"@id\":\"https:\\\/\\\/exaudi.org\\\/it\\\/papa-francesco-spiega-il-significato-dei-presepi-viventi\\\/#primaryimage\"},\"thumbnailUrl\":\"https:\\\/\\\/exaudi.org\\\/wp-content\\\/uploads\\\/2023\\\/12\\\/cq5dam.web_.800.800-5-2.jpeg\",\"keywords\":[\"Papa Francesco\",\"SANTA MAR\u00cdA LA MAJOR\",\"Trending\",\"udienza\",\"VIVERE IL NATALE\"],\"articleSection\":[\"Leone XIV\"],\"inLanguage\":\"it-IT\"},{\"@type\":\"WebPage\",\"@id\":\"https:\\\/\\\/exaudi.org\\\/it\\\/papa-francesco-spiega-il-significato-dei-presepi-viventi\\\/\",\"url\":\"https:\\\/\\\/exaudi.org\\\/it\\\/papa-francesco-spiega-il-significato-dei-presepi-viventi\\\/\",\"name\":\"Papa Francesco spiega il significato dei presepi viventi &#8211; Exaudi\",\"isPartOf\":{\"@id\":\"https:\\\/\\\/exaudi.org\\\/#website\"},\"primaryImageOfPage\":{\"@id\":\"https:\\\/\\\/exaudi.org\\\/it\\\/papa-francesco-spiega-il-significato-dei-presepi-viventi\\\/#primaryimage\"},\"image\":{\"@id\":\"https:\\\/\\\/exaudi.org\\\/it\\\/papa-francesco-spiega-il-significato-dei-presepi-viventi\\\/#primaryimage\"},\"thumbnailUrl\":\"https:\\\/\\\/exaudi.org\\\/wp-content\\\/uploads\\\/2023\\\/12\\\/cq5dam.web_.800.800-5-2.jpeg\",\"datePublished\":\"2023-12-17T17:42:26+00:00\",\"dateModified\":\"2023-12-18T12:55:35+00:00\",\"author\":{\"@id\":\"https:\\\/\\\/exaudi.org\\\/#\\\/schema\\\/person\\\/6ff0af358a606d657c4b1b6e0d5c85cb\"},\"breadcrumb\":{\"@id\":\"https:\\\/\\\/exaudi.org\\\/it\\\/papa-francesco-spiega-il-significato-dei-presepi-viventi\\\/#breadcrumb\"},\"inLanguage\":\"it-IT\",\"potentialAction\":[{\"@type\":\"ReadAction\",\"target\":[\"https:\\\/\\\/exaudi.org\\\/it\\\/papa-francesco-spiega-il-significato-dei-presepi-viventi\\\/\"]}]},{\"@type\":\"ImageObject\",\"inLanguage\":\"it-IT\",\"@id\":\"https:\\\/\\\/exaudi.org\\\/it\\\/papa-francesco-spiega-il-significato-dei-presepi-viventi\\\/#primaryimage\",\"url\":\"https:\\\/\\\/exaudi.org\\\/wp-content\\\/uploads\\\/2023\\\/12\\\/cq5dam.web_.800.800-5-2.jpeg\",\"contentUrl\":\"https:\\\/\\\/exaudi.org\\\/wp-content\\\/uploads\\\/2023\\\/12\\\/cq5dam.web_.800.800-5-2.jpeg\",\"width\":800,\"height\":533},{\"@type\":\"BreadcrumbList\",\"@id\":\"https:\\\/\\\/exaudi.org\\\/it\\\/papa-francesco-spiega-il-significato-dei-presepi-viventi\\\/#breadcrumb\",\"itemListElement\":[{\"@type\":\"ListItem\",\"position\":1,\"name\":\"Portada\",\"item\":\"https:\\\/\\\/exaudi.org\\\/it\\\/\"},{\"@type\":\"ListItem\",\"position\":2,\"name\":\"Papa Francesco spiega il significato dei presepi viventi\"}]},{\"@type\":\"WebSite\",\"@id\":\"https:\\\/\\\/exaudi.org\\\/#website\",\"url\":\"https:\\\/\\\/exaudi.org\\\/\",\"name\":\"Exaudi\",\"description\":\"News\",\"potentialAction\":[{\"@type\":\"SearchAction\",\"target\":{\"@type\":\"EntryPoint\",\"urlTemplate\":\"https:\\\/\\\/exaudi.org\\\/?s={search_term_string}\"},\"query-input\":{\"@type\":\"PropertyValueSpecification\",\"valueRequired\":true,\"valueName\":\"search_term_string\"}}],\"inLanguage\":\"it-IT\"},{\"@type\":\"Person\",\"@id\":\"https:\\\/\\\/exaudi.org\\\/#\\\/schema\\\/person\\\/6ff0af358a606d657c4b1b6e0d5c85cb\",\"name\":\"Raquel Anillo\",\"image\":{\"@type\":\"ImageObject\",\"inLanguage\":\"it-IT\",\"@id\":\"https:\\\/\\\/secure.gravatar.com\\\/avatar\\\/7f88757c095badfcf277fb437d860f221e7a4fb83008b887cccb1f1299f66efb?s=96&d=mm&r=g\",\"url\":\"https:\\\/\\\/secure.gravatar.com\\\/avatar\\\/7f88757c095badfcf277fb437d860f221e7a4fb83008b887cccb1f1299f66efb?s=96&d=mm&r=g\",\"contentUrl\":\"https:\\\/\\\/secure.gravatar.com\\\/avatar\\\/7f88757c095badfcf277fb437d860f221e7a4fb83008b887cccb1f1299f66efb?s=96&d=mm&r=g\",\"caption\":\"Raquel Anillo\"},\"description\":\"Casada. Comprometida con la Iglesia. Traductora e int\u00e9rprete para la Comunidad Emmanuel, especialmente para las sesiones internacionales de Paray le Monial (Francia) 1986 al 2005. Colaboradora de Zenit de 2012-2014 y de 2017-2020 como traductora.\",\"url\":\"https:\\\/\\\/exaudi.org\\\/it\\\/author\\\/ranilloexaudi-org\\\/\"}]}<\/script>\n<!-- \/ Yoast SEO plugin. -->","yoast_head_json":{"title":"Papa Francesco spiega il significato dei presepi viventi &#8211; Exaudi","robots":{"index":"index","follow":"follow","max-snippet":"max-snippet:-1","max-image-preview":"max-image-preview:large","max-video-preview":"max-video-preview:-1"},"canonical":"https:\/\/exaudi.org\/it\/papa-francesco-spiega-il-significato-dei-presepi-viventi\/","og_locale":"it_IT","og_type":"article","og_title":"Papa Francesco spiega il significato dei presepi viventi &#8211; Exaudi","og_description":"Ieri, sabato 16 dicembre 2023, nell&#8217;Aula Paolo VI, il Santo Padre Francesco ha ricevuto in udienza le figuranti e gli operatori del Presepe vivente della Basilica di Santa Maria Maggiore. Di seguito il saluto del Papa ai presenti durante l&#8217;udienza: Le parole del Papa Cari fratelli e sorelle, buongiorno e benvenuti! Siete gi\u00e0 venuti con [&hellip;]","og_url":"https:\/\/exaudi.org\/it\/papa-francesco-spiega-il-significato-dei-presepi-viventi\/","og_site_name":"Exaudi","article_publisher":"https:\/\/www.facebook.com\/ExaudiNews","article_published_time":"2023-12-17T17:42:26+00:00","article_modified_time":"2023-12-18T12:55:35+00:00","og_image":[{"width":800,"height":533,"url":"https:\/\/exaudi.org\/wp-content\/uploads\/2023\/12\/cq5dam.web_.800.800-5-2.jpeg","type":"image\/jpeg"}],"author":"Raquel Anillo","twitter_card":"summary_large_image","twitter_creator":"@Exaudi_News","twitter_site":"@Exaudi_News","twitter_misc":{"Scritto da":"Raquel Anillo","Tempo di lettura stimato":"2 minuti"},"schema":{"@context":"https:\/\/schema.org","@graph":[{"@type":"Article","@id":"https:\/\/exaudi.org\/it\/papa-francesco-spiega-il-significato-dei-presepi-viventi\/#article","isPartOf":{"@id":"https:\/\/exaudi.org\/it\/papa-francesco-spiega-il-significato-dei-presepi-viventi\/"},"author":{"name":"Raquel Anillo","@id":"https:\/\/exaudi.org\/#\/schema\/person\/6ff0af358a606d657c4b1b6e0d5c85cb"},"headline":"Papa Francesco spiega il significato dei presepi viventi","datePublished":"2023-12-17T17:42:26+00:00","dateModified":"2023-12-18T12:55:35+00:00","mainEntityOfPage":{"@id":"https:\/\/exaudi.org\/it\/papa-francesco-spiega-il-significato-dei-presepi-viventi\/"},"wordCount":454,"image":{"@id":"https:\/\/exaudi.org\/it\/papa-francesco-spiega-il-significato-dei-presepi-viventi\/#primaryimage"},"thumbnailUrl":"https:\/\/exaudi.org\/wp-content\/uploads\/2023\/12\/cq5dam.web_.800.800-5-2.jpeg","keywords":["Papa Francesco","SANTA MAR\u00cdA LA MAJOR","Trending","udienza","VIVERE IL NATALE"],"articleSection":["Leone XIV"],"inLanguage":"it-IT"},{"@type":"WebPage","@id":"https:\/\/exaudi.org\/it\/papa-francesco-spiega-il-significato-dei-presepi-viventi\/","url":"https:\/\/exaudi.org\/it\/papa-francesco-spiega-il-significato-dei-presepi-viventi\/","name":"Papa Francesco spiega il significato dei presepi viventi &#8211; Exaudi","isPartOf":{"@id":"https:\/\/exaudi.org\/#website"},"primaryImageOfPage":{"@id":"https:\/\/exaudi.org\/it\/papa-francesco-spiega-il-significato-dei-presepi-viventi\/#primaryimage"},"image":{"@id":"https:\/\/exaudi.org\/it\/papa-francesco-spiega-il-significato-dei-presepi-viventi\/#primaryimage"},"thumbnailUrl":"https:\/\/exaudi.org\/wp-content\/uploads\/2023\/12\/cq5dam.web_.800.800-5-2.jpeg","datePublished":"2023-12-17T17:42:26+00:00","dateModified":"2023-12-18T12:55:35+00:00","author":{"@id":"https:\/\/exaudi.org\/#\/schema\/person\/6ff0af358a606d657c4b1b6e0d5c85cb"},"breadcrumb":{"@id":"https:\/\/exaudi.org\/it\/papa-francesco-spiega-il-significato-dei-presepi-viventi\/#breadcrumb"},"inLanguage":"it-IT","potentialAction":[{"@type":"ReadAction","target":["https:\/\/exaudi.org\/it\/papa-francesco-spiega-il-significato-dei-presepi-viventi\/"]}]},{"@type":"ImageObject","inLanguage":"it-IT","@id":"https:\/\/exaudi.org\/it\/papa-francesco-spiega-il-significato-dei-presepi-viventi\/#primaryimage","url":"https:\/\/exaudi.org\/wp-content\/uploads\/2023\/12\/cq5dam.web_.800.800-5-2.jpeg","contentUrl":"https:\/\/exaudi.org\/wp-content\/uploads\/2023\/12\/cq5dam.web_.800.800-5-2.jpeg","width":800,"height":533},{"@type":"BreadcrumbList","@id":"https:\/\/exaudi.org\/it\/papa-francesco-spiega-il-significato-dei-presepi-viventi\/#breadcrumb","itemListElement":[{"@type":"ListItem","position":1,"name":"Portada","item":"https:\/\/exaudi.org\/it\/"},{"@type":"ListItem","position":2,"name":"Papa Francesco spiega il significato dei presepi viventi"}]},{"@type":"WebSite","@id":"https:\/\/exaudi.org\/#website","url":"https:\/\/exaudi.org\/","name":"Exaudi","description":"News","potentialAction":[{"@type":"SearchAction","target":{"@type":"EntryPoint","urlTemplate":"https:\/\/exaudi.org\/?s={search_term_string}"},"query-input":{"@type":"PropertyValueSpecification","valueRequired":true,"valueName":"search_term_string"}}],"inLanguage":"it-IT"},{"@type":"Person","@id":"https:\/\/exaudi.org\/#\/schema\/person\/6ff0af358a606d657c4b1b6e0d5c85cb","name":"Raquel Anillo","image":{"@type":"ImageObject","inLanguage":"it-IT","@id":"https:\/\/secure.gravatar.com\/avatar\/7f88757c095badfcf277fb437d860f221e7a4fb83008b887cccb1f1299f66efb?s=96&d=mm&r=g","url":"https:\/\/secure.gravatar.com\/avatar\/7f88757c095badfcf277fb437d860f221e7a4fb83008b887cccb1f1299f66efb?s=96&d=mm&r=g","contentUrl":"https:\/\/secure.gravatar.com\/avatar\/7f88757c095badfcf277fb437d860f221e7a4fb83008b887cccb1f1299f66efb?s=96&d=mm&r=g","caption":"Raquel Anillo"},"description":"Casada. Comprometida con la Iglesia. Traductora e int\u00e9rprete para la Comunidad Emmanuel, especialmente para las sesiones internacionales de Paray le Monial (Francia) 1986 al 2005. Colaboradora de Zenit de 2012-2014 y de 2017-2020 como traductora.","url":"https:\/\/exaudi.org\/it\/author\/ranilloexaudi-org\/"}]}},"jetpack_featured_media_url":"https:\/\/exaudi.org\/wp-content\/uploads\/2023\/12\/cq5dam.web_.800.800-5-2.jpeg","jetpack_shortlink":"https:\/\/wp.me\/pgKjF2-nyl","_links":{"self":[{"href":"https:\/\/exaudi.org\/it\/wp-json\/wp\/v2\/posts\/90541","targetHints":{"allow":["GET"]}}],"collection":[{"href":"https:\/\/exaudi.org\/it\/wp-json\/wp\/v2\/posts"}],"about":[{"href":"https:\/\/exaudi.org\/it\/wp-json\/wp\/v2\/types\/post"}],"author":[{"embeddable":true,"href":"https:\/\/exaudi.org\/it\/wp-json\/wp\/v2\/users\/7"}],"replies":[{"embeddable":true,"href":"https:\/\/exaudi.org\/it\/wp-json\/wp\/v2\/comments?post=90541"}],"version-history":[{"count":0,"href":"https:\/\/exaudi.org\/it\/wp-json\/wp\/v2\/posts\/90541\/revisions"}],"wp:featuredmedia":[{"embeddable":true,"href":"https:\/\/exaudi.org\/it\/wp-json\/wp\/v2\/media\/90531"}],"wp:attachment":[{"href":"https:\/\/exaudi.org\/it\/wp-json\/wp\/v2\/media?parent=90541"}],"wp:term":[{"taxonomy":"category","embeddable":true,"href":"https:\/\/exaudi.org\/it\/wp-json\/wp\/v2\/categories?post=90541"},{"taxonomy":"post_tag","embeddable":true,"href":"https:\/\/exaudi.org\/it\/wp-json\/wp\/v2\/tags?post=90541"}],"curies":[{"name":"wp","href":"https:\/\/api.w.org\/{rel}","templated":true}]}}