{"id":90494,"date":"2023-12-16T16:35:57","date_gmt":"2023-12-16T15:35:57","guid":{"rendered":"https:\/\/exaudi.org\/?p=90494"},"modified":"2023-12-16T16:35:57","modified_gmt":"2023-12-16T15:35:57","slug":"riflessione-di-mons-enrique-diaz-mi-ha-mandato-ad-annunciare-la-buona-novella-ai-poveri","status":"publish","type":"post","link":"https:\/\/exaudi.org\/it\/riflessione-di-mons-enrique-diaz-mi-ha-mandato-ad-annunciare-la-buona-novella-ai-poveri\/","title":{"rendered":"Riflessione di Mons. Enrique D\u00edaz: &#8220;Mi ha mandato ad annunciare la buona novella ai poveri&#8221;"},"content":{"rendered":"<p>Mons. Enrique D\u00edaz D\u00edaz condivide con i lettori di Exaudi la sua riflessione sul <a href=\"https:\/\/www.dominicos.org\/predicacion\/homilia\/17-12-2023\/lecturas\/\">Vangelo di questa domenica, 17 dicembre 2023<\/a>, dal titolo: \u201c<em>Mi ha mandato ad annunciare ai poveri la Buona Novella\u201d<\/em><\/p>\n<p>***<\/p>\n<p data-sourcepos=\"3:1-6:100\">Isaia 61, 1-2. 10-11: <em>&#8220;Mi ha mandato ad annunciare la buona novella ai poveri&#8221; <\/em><\/p>\n<p data-sourcepos=\"3:1-6:100\">Salmo responsoriale Lc 1: <em>&#8220;Il mio spirito esulta in Dio, mio salvatore&#8221; <\/em><\/p>\n<p data-sourcepos=\"3:1-6:100\">I Tessalonicesi 5, 16-24: <em>&#8220;Colui che vi ha chiamati \u00e8 fedele e compir\u00e0 la sua parola&#8221; <\/em><\/p>\n<p data-sourcepos=\"3:1-6:100\">San Giovanni 1, 6-8. 19-28: <em>&#8220;Giovanni \u00e8 venuto come testimone per dare testimonianza della luce&#8221;<\/em><\/p>\n<p data-sourcepos=\"8:1-8:378\">Ci sono momenti di oscurit\u00e0 nell&#8217;umanit\u00e0 e tutto si riempie di pessimismo. Tuttavia, il Signore suscita sempre testimoni della luce che riempiono di speranza l&#8217;umanit\u00e0. Anche oggi il Signore si fa presente e ci dona testimoni della luce che illuminano le tenebre e mostrano vie di salvezza. Dobbiamo essere attenti per scoprirli e per essere noi stessi testimoni della luce.\u00a0\u00a0Nella celebrazione di questa domenica ci viene presentato Giovanni Battista come il &#8220;testimone della luce&#8221; che raccoglie le parole di speranza e di gioia annunciate da Isaia e poi confermate come una realt\u00e0 nel salmo che proclamiamo. Sulle rive del fiume Giordano si respira entusiasmo e novit\u00e0 perch\u00e9 il Messia Salvatore arriva, si fa gi\u00e0 presente. Colui che doveva venire \u00e8 gi\u00e0 qui. Bisogna scoprire i segni e gli indicatori della sua presenza. La luce trasforma tutto, la luce illumina tutto, anche se le cose rimangono dove sono, anche se i problemi sembrano continuare, sotto la luce tutto \u00e8 diverso. E Giovanni ci si presenta questo giorno come testimone della luce.\u00a0\u00a0Sorprende i suoi ascoltatori che scendono disorientati verso il Giordano. Le sue parole sono nuove e persino sacerdoti e leviti si interessano a ci\u00f2 che dice, inviano emissari per dissipare i loro dubbi e timori.<\/p>\n<p data-sourcepos=\"14:1-14:1257\">\u00c8 molto importante la prima domanda che gli viene fatta a questo testimone: &#8220;<em>Chi sei tu<\/em>?&#8221;, perch\u00e9 \u00e8 fondamentale sapere chi siamo in realt\u00e0 e qual \u00e8 la nostra missione in questo mondo. Anche se forse raramente ci poniamo questa questione in profondit\u00e0. Viviamo pi\u00f9 preoccupati per ci\u00f2 che abbiamo o lasciamo di avere che per ci\u00f2 che siamo. Si vive pi\u00f9 di apparenze che di realt\u00e0. A Giovanni Battista non interessano le apparenze. Le prime domande degli intervistatori vogliono inquadrarlo e persino etichettarlo, etichette che avrebbero riempito qualsiasi israelita di sano orgoglio. Ma lui risponde un netto no, non vuole onori n\u00e9 attribuirsi false identit\u00e0. Non \u00e8 il Messia, non \u00e8 Elia, non \u00e8 il profeta. La sua gioia e la sua figura non nascono dalla sua posizione eminente, ma perch\u00e9 viene colui che porter\u00e0 a compimento il Regno. I suoi &#8220;no&#8221;, ripetuti e decisi, sono profetici in un mondo come il nostro che valorizza tanto la realizzazione personale, il progetto personale e l&#8217;autosufficienza. Avrebbe potuto dire di s\u00e9 che era il pi\u00f9 grande dei profeti, anche il pi\u00f9 grande dei nati da donna. Avrebbe potuto dire che era un altro Elia, che aveva il suo spirito. Avrebbe potuto dire che il suo nome era Giovanni&#8230; Ma lui &#8220;soltanto&#8221; era testimone.<\/p>\n<p>Non c&#8217;\u00e8 niente di pi\u00f9 volatile ed effimero della voce, un attimo suona e un secondo dopo il suo suono si perde. Tuttavia, non c&#8217;\u00e8 niente di pi\u00f9 prezioso di una parola. La parola comunica, vivifica, arricchisce, conforta e incoraggia. La parola scopre la verit\u00e0 o la menzogna, la parola edifica o distrugge. Giovanni \u00e8 \u201cla voce che grida nel deserto\u201d, non una voce qualsiasi. Un testimone non \u00e8 una voce che si addormenta o trema di fronte al male. \u00c8 una voce che grida, che si fa sentire, che attira l&#8217;attenzione anche delle autorit\u00e0 di Gerusalemme che devono inviare emissari per sapere cosa dice quella voce e di chi \u00e8 quella voce. Una voce che si ribella all&#8217;ingiustizia e che grida nell&#8217;indifferenza per annunciare colui che verr\u00e0. Una voce che non si preoccupa di affogare nel deserto perch\u00e9 proclama la sua verit\u00e0 e non si accorge di chi la ascolta o di chi la critica per adattarsi al suo pubblico. \u00c8 un grido straziante e realistico che si rivolge ad un ambiente sordo, opaco e indifferente. \u00c8 una voce coraggiosa e sincera che si fa portavoce di chi sta perdendo la speranza, di chi speranza non ce l\u2019ha. Una voce che ci indica Chi \u00e8 il pi\u00f9 importante e l&#8217;unico prezioso e indica le condizioni necessarie per riceverlo. \u201cRaddrizza la strada perch\u00e9 sta arrivando qualcuno pi\u00f9 grande di me.\u201d<\/p>\n<p data-sourcepos=\"3:1-3:985\">Oggi sono necessari testimoni. Testimoni della verit\u00e0, della luce, della giustizia, della solidariet\u00e0, della pace, della gioia, del Vangelo, di Cristo, di Dio. Testimoni fermi che non si piegano di fronte alle difficolt\u00e0 o di fronte alle promesse e agli applausi. Testimoni credibili e responsabili che parlano pi\u00f9 con le loro opere che con le loro parole. Testimoni che siano una voce che annuncia la buona novella in mezzo a tante falsit\u00e0. Testimoni della luce in mezzo a tanta oscurit\u00e0 che ci soffoca e ci scoraggia. Testimoni di Cristo. Giovanni \u00e8 testimone e ci insegna a essere testimoni, coerenti, chiari e coraggiosi. Di fronte alle incriminazioni sulla ragione del suo battesimo, Giovanni aggiunge nuove chiarificazioni sulla sua persona e sulla sua missione: il battesimo d&#8217;acqua \u00e8 un battesimo purificatore, se si vuole esterno, ma colui che verr\u00e0 porter\u00e0 un battesimo che purificher\u00e0 tutto l&#8217;essere umano e davanti al quale il battesimo di Giovanni \u00e8 solo un anticipo.<\/p>\n<p data-sourcepos=\"5:1-5:332\">Di fronte alla figura di Giovanni in questo tempo di Avvento, mi saltano mille domande sulla mia stessa persona e sulla nostra Chiesa: chi sono e cosa dico di me stesso? In quali valori metto i miei valori? Di chi sono testimone e cosa sto proclamando? \u00c8 Avvento, tempo di annunciare Ges\u00f9. Come lo sto facendo? Dove lo proclamo?<\/p>\n<p data-sourcepos=\"7:1-7:288\"><em>Padre buono, guarda il popolo che tra tante voci e tanto rumore ha perso la speranza, concedigli di scoprire nel suo dolore e nella sua miseria la vera luce di cui Giovanni Battista \u00e8 testimone e cos\u00ec celebrare il grande mistero del Natale con un cuore nuovo e un&#8217;immensa gioia. Amen.<\/em><\/p>\n","protected":false},"excerpt":{"rendered":"<p>Terza domenica di Avvento<\/p>\n","protected":false},"author":25,"featured_media":90480,"comment_status":"closed","ping_status":"closed","sticky":false,"template":"","format":"standard","meta":{"_acf_changed":false,"_crdt_document":"","inline_featured_image":false,"footnotes":""},"categories":[73,95],"tags":[7750,10963,10964,4952,706],"class_list":["post-90494","post","type-post","status-publish","format-standard","has-post-thumbnail","hentry","category-chiesa-e-mondo","category-spiritualita","tag-avvento","tag-enrique-diaz-2","tag-riflessione","tag-trending-it","tag-vangelo"],"acf":[],"yoast_head":"<!-- This site is optimized with the Yoast SEO plugin v27.5 - https:\/\/yoast.com\/product\/yoast-seo-wordpress\/ -->\n<title>Riflessione di Mons. Enrique D\u00edaz: &quot;Mi ha mandato ad annunciare la buona novella ai poveri&quot; &#8211; Exaudi<\/title>\n<meta name=\"robots\" content=\"index, follow, max-snippet:-1, max-image-preview:large, max-video-preview:-1\" \/>\n<link rel=\"canonical\" href=\"https:\/\/exaudi.org\/it\/riflessione-di-mons-enrique-diaz-mi-ha-mandato-ad-annunciare-la-buona-novella-ai-poveri\/\" \/>\n<meta property=\"og:locale\" content=\"it_IT\" \/>\n<meta property=\"og:type\" content=\"article\" \/>\n<meta property=\"og:title\" content=\"Riflessione di Mons. Enrique D\u00edaz: &quot;Mi ha mandato ad annunciare la buona novella ai poveri&quot; &#8211; Exaudi\" \/>\n<meta property=\"og:description\" content=\"Terza domenica di Avvento\" \/>\n<meta property=\"og:url\" content=\"https:\/\/exaudi.org\/it\/riflessione-di-mons-enrique-diaz-mi-ha-mandato-ad-annunciare-la-buona-novella-ai-poveri\/\" \/>\n<meta property=\"og:site_name\" content=\"Exaudi\" \/>\n<meta property=\"article:publisher\" content=\"https:\/\/www.facebook.com\/ExaudiNews\" \/>\n<meta property=\"article:published_time\" content=\"2023-12-16T15:35:57+00:00\" \/>\n<meta property=\"og:image\" content=\"https:\/\/exaudi.org\/wp-content\/uploads\/2023\/12\/efrainangelb-1604994983843-cathopic-1-scaled.jpg\" \/>\n\t<meta property=\"og:image:width\" content=\"1707\" \/>\n\t<meta property=\"og:image:height\" content=\"2560\" \/>\n\t<meta property=\"og:image:type\" content=\"image\/jpeg\" \/>\n<meta name=\"author\" content=\"Enrique D\u00edaz\" \/>\n<meta name=\"twitter:card\" content=\"summary_large_image\" \/>\n<meta name=\"twitter:creator\" content=\"@Exaudi_News\" \/>\n<meta name=\"twitter:site\" content=\"@Exaudi_News\" \/>\n<meta name=\"twitter:label1\" content=\"Scritto da\" \/>\n\t<meta name=\"twitter:data1\" content=\"Enrique D\u00edaz\" \/>\n\t<meta name=\"twitter:label2\" content=\"Tempo di lettura stimato\" \/>\n\t<meta name=\"twitter:data2\" content=\"5 minuti\" \/>\n<script type=\"application\/ld+json\" class=\"yoast-schema-graph\">{\"@context\":\"https:\\\/\\\/schema.org\",\"@graph\":[{\"@type\":\"Article\",\"@id\":\"https:\\\/\\\/exaudi.org\\\/it\\\/riflessione-di-mons-enrique-diaz-mi-ha-mandato-ad-annunciare-la-buona-novella-ai-poveri\\\/#article\",\"isPartOf\":{\"@id\":\"https:\\\/\\\/exaudi.org\\\/it\\\/riflessione-di-mons-enrique-diaz-mi-ha-mandato-ad-annunciare-la-buona-novella-ai-poveri\\\/\"},\"author\":{\"name\":\"Enrique D\u00edaz\",\"@id\":\"https:\\\/\\\/exaudi.org\\\/#\\\/schema\\\/person\\\/c02ffbd10830fa375f6882f7dcf1844d\"},\"headline\":\"Riflessione di Mons. Enrique D\u00edaz: &#8220;Mi ha mandato ad annunciare la buona novella ai poveri&#8221;\",\"datePublished\":\"2023-12-16T15:35:57+00:00\",\"mainEntityOfPage\":{\"@id\":\"https:\\\/\\\/exaudi.org\\\/it\\\/riflessione-di-mons-enrique-diaz-mi-ha-mandato-ad-annunciare-la-buona-novella-ai-poveri\\\/\"},\"wordCount\":1006,\"image\":{\"@id\":\"https:\\\/\\\/exaudi.org\\\/it\\\/riflessione-di-mons-enrique-diaz-mi-ha-mandato-ad-annunciare-la-buona-novella-ai-poveri\\\/#primaryimage\"},\"thumbnailUrl\":\"https:\\\/\\\/exaudi.org\\\/wp-content\\\/uploads\\\/2023\\\/12\\\/efrainangelb-1604994983843-cathopic-1-scaled.jpg\",\"keywords\":[\"Avvento\",\"ENRIQUE D\u00cdAZ\",\"RIFLESSIONE\",\"Trending\",\"Vangelo\"],\"articleSection\":[\"Chiesa e Mondo\",\"Spiritualit\u00e0\"],\"inLanguage\":\"it-IT\"},{\"@type\":\"WebPage\",\"@id\":\"https:\\\/\\\/exaudi.org\\\/it\\\/riflessione-di-mons-enrique-diaz-mi-ha-mandato-ad-annunciare-la-buona-novella-ai-poveri\\\/\",\"url\":\"https:\\\/\\\/exaudi.org\\\/it\\\/riflessione-di-mons-enrique-diaz-mi-ha-mandato-ad-annunciare-la-buona-novella-ai-poveri\\\/\",\"name\":\"Riflessione di Mons. Enrique D\u00edaz: \\\"Mi ha mandato ad annunciare la buona novella ai poveri\\\" &#8211; Exaudi\",\"isPartOf\":{\"@id\":\"https:\\\/\\\/exaudi.org\\\/#website\"},\"primaryImageOfPage\":{\"@id\":\"https:\\\/\\\/exaudi.org\\\/it\\\/riflessione-di-mons-enrique-diaz-mi-ha-mandato-ad-annunciare-la-buona-novella-ai-poveri\\\/#primaryimage\"},\"image\":{\"@id\":\"https:\\\/\\\/exaudi.org\\\/it\\\/riflessione-di-mons-enrique-diaz-mi-ha-mandato-ad-annunciare-la-buona-novella-ai-poveri\\\/#primaryimage\"},\"thumbnailUrl\":\"https:\\\/\\\/exaudi.org\\\/wp-content\\\/uploads\\\/2023\\\/12\\\/efrainangelb-1604994983843-cathopic-1-scaled.jpg\",\"datePublished\":\"2023-12-16T15:35:57+00:00\",\"author\":{\"@id\":\"https:\\\/\\\/exaudi.org\\\/#\\\/schema\\\/person\\\/c02ffbd10830fa375f6882f7dcf1844d\"},\"breadcrumb\":{\"@id\":\"https:\\\/\\\/exaudi.org\\\/it\\\/riflessione-di-mons-enrique-diaz-mi-ha-mandato-ad-annunciare-la-buona-novella-ai-poveri\\\/#breadcrumb\"},\"inLanguage\":\"it-IT\",\"potentialAction\":[{\"@type\":\"ReadAction\",\"target\":[\"https:\\\/\\\/exaudi.org\\\/it\\\/riflessione-di-mons-enrique-diaz-mi-ha-mandato-ad-annunciare-la-buona-novella-ai-poveri\\\/\"]}]},{\"@type\":\"ImageObject\",\"inLanguage\":\"it-IT\",\"@id\":\"https:\\\/\\\/exaudi.org\\\/it\\\/riflessione-di-mons-enrique-diaz-mi-ha-mandato-ad-annunciare-la-buona-novella-ai-poveri\\\/#primaryimage\",\"url\":\"https:\\\/\\\/exaudi.org\\\/wp-content\\\/uploads\\\/2023\\\/12\\\/efrainangelb-1604994983843-cathopic-1-scaled.jpg\",\"contentUrl\":\"https:\\\/\\\/exaudi.org\\\/wp-content\\\/uploads\\\/2023\\\/12\\\/efrainangelb-1604994983843-cathopic-1-scaled.jpg\",\"width\":1707,\"height\":2560,\"caption\":\"Cathopic\"},{\"@type\":\"BreadcrumbList\",\"@id\":\"https:\\\/\\\/exaudi.org\\\/it\\\/riflessione-di-mons-enrique-diaz-mi-ha-mandato-ad-annunciare-la-buona-novella-ai-poveri\\\/#breadcrumb\",\"itemListElement\":[{\"@type\":\"ListItem\",\"position\":1,\"name\":\"Portada\",\"item\":\"https:\\\/\\\/exaudi.org\\\/it\\\/\"},{\"@type\":\"ListItem\",\"position\":2,\"name\":\"Riflessione di Mons. Enrique D\u00edaz: &#8220;Mi ha mandato ad annunciare la buona novella ai poveri&#8221;\"}]},{\"@type\":\"WebSite\",\"@id\":\"https:\\\/\\\/exaudi.org\\\/#website\",\"url\":\"https:\\\/\\\/exaudi.org\\\/\",\"name\":\"Exaudi\",\"description\":\"News\",\"potentialAction\":[{\"@type\":\"SearchAction\",\"target\":{\"@type\":\"EntryPoint\",\"urlTemplate\":\"https:\\\/\\\/exaudi.org\\\/?s={search_term_string}\"},\"query-input\":{\"@type\":\"PropertyValueSpecification\",\"valueRequired\":true,\"valueName\":\"search_term_string\"}}],\"inLanguage\":\"it-IT\"},{\"@type\":\"Person\",\"@id\":\"https:\\\/\\\/exaudi.org\\\/#\\\/schema\\\/person\\\/c02ffbd10830fa375f6882f7dcf1844d\",\"name\":\"Enrique D\u00edaz\",\"image\":{\"@type\":\"ImageObject\",\"inLanguage\":\"it-IT\",\"@id\":\"https:\\\/\\\/secure.gravatar.com\\\/avatar\\\/7ca10be5325a95d04b74082d68ba605aa69611eb0f68f47096cb1bc349873284?s=96&d=mm&r=g\",\"url\":\"https:\\\/\\\/secure.gravatar.com\\\/avatar\\\/7ca10be5325a95d04b74082d68ba605aa69611eb0f68f47096cb1bc349873284?s=96&d=mm&r=g\",\"contentUrl\":\"https:\\\/\\\/secure.gravatar.com\\\/avatar\\\/7ca10be5325a95d04b74082d68ba605aa69611eb0f68f47096cb1bc349873284?s=96&d=mm&r=g\",\"caption\":\"Enrique D\u00edaz\"},\"description\":\"Naci\u00f3 en Huandacareo, Michoac\u00e1n, M\u00e9xico, en 1952. Realiz\u00f3 sus estudios de Filosof\u00eda y Teolog\u00eda en el Seminario de Morelia. Ordenado di\u00e1cono el 22 de mayo de 1977, y presb\u00edtero el 23 de octubre del mismo a\u00f1o. Obtuvo la Licenciatura en Sagrada Escritura en el Pontificio Instituto B\u00edblico en Roma. Ha desarrollado m\u00faltiples encargos pastorales como el de capell\u00e1n de la rector\u00eda de las Tres Aves Mar\u00edas; responsable de la Pastoral B\u00edblica Diocesana y director de la Escuela B\u00edblica en Morelia; maestro de Biblia en el Seminario Conciliar de Morelia, p\u00e1rroco de la Parroquia de Nuestra Se\u00f1ora de Guadalupe, Col. Guadalupe, Morelia; o vicario episcopal para la Zona de Nuestra Se\u00f1ora de la Luz, P\u00e1tzcuaro. Ordenado obispo auxiliar de san Crist\u00f3bal de las Casas en 2003. En la Conferencia Episcopal form\u00f3 parte de las Comisiones de Biblia, Diaconado y Ministerios Laicales. Fue responsable de las Dimensiones de Ministerios Laicales, de Educaci\u00f3n y Cultura. Ha participado en encuentros latinoamericanos y mundiales sobre el Diaconado Permanente. Actualmente es el responsable de la Dimensi\u00f3n de Pastoral de la Cultura. Particip\u00f3 como Miembro del S\u00ednodo de Obispos sobre la Palabra de Dios en la Vida y Misi\u00f3n de la Iglesia en Roma, en 2008. Recibi\u00f3 el nombramiento de obispo coadjutor de San Crist\u00f3bal de las Casas en 2014. Nombrado II obispo de Irapuato el d\u00eda 11 de marzo, tom\u00f3 posesi\u00f3n el 19 de Mayo. Colabora en varias revistas y publicaciones sobre todo con la reflexi\u00f3n diaria y dominical tanto en audio como escrita.\",\"url\":\"https:\\\/\\\/exaudi.org\\\/it\\\/author\\\/enriquediaz\\\/\"}]}<\/script>\n<!-- \/ Yoast SEO plugin. -->","yoast_head_json":{"title":"Riflessione di Mons. Enrique D\u00edaz: \"Mi ha mandato ad annunciare la buona novella ai poveri\" &#8211; Exaudi","robots":{"index":"index","follow":"follow","max-snippet":"max-snippet:-1","max-image-preview":"max-image-preview:large","max-video-preview":"max-video-preview:-1"},"canonical":"https:\/\/exaudi.org\/it\/riflessione-di-mons-enrique-diaz-mi-ha-mandato-ad-annunciare-la-buona-novella-ai-poveri\/","og_locale":"it_IT","og_type":"article","og_title":"Riflessione di Mons. Enrique D\u00edaz: \"Mi ha mandato ad annunciare la buona novella ai poveri\" &#8211; Exaudi","og_description":"Terza domenica di Avvento","og_url":"https:\/\/exaudi.org\/it\/riflessione-di-mons-enrique-diaz-mi-ha-mandato-ad-annunciare-la-buona-novella-ai-poveri\/","og_site_name":"Exaudi","article_publisher":"https:\/\/www.facebook.com\/ExaudiNews","article_published_time":"2023-12-16T15:35:57+00:00","og_image":[{"width":1707,"height":2560,"url":"https:\/\/exaudi.org\/wp-content\/uploads\/2023\/12\/efrainangelb-1604994983843-cathopic-1-scaled.jpg","type":"image\/jpeg"}],"author":"Enrique D\u00edaz","twitter_card":"summary_large_image","twitter_creator":"@Exaudi_News","twitter_site":"@Exaudi_News","twitter_misc":{"Scritto da":"Enrique D\u00edaz","Tempo di lettura stimato":"5 minuti"},"schema":{"@context":"https:\/\/schema.org","@graph":[{"@type":"Article","@id":"https:\/\/exaudi.org\/it\/riflessione-di-mons-enrique-diaz-mi-ha-mandato-ad-annunciare-la-buona-novella-ai-poveri\/#article","isPartOf":{"@id":"https:\/\/exaudi.org\/it\/riflessione-di-mons-enrique-diaz-mi-ha-mandato-ad-annunciare-la-buona-novella-ai-poveri\/"},"author":{"name":"Enrique D\u00edaz","@id":"https:\/\/exaudi.org\/#\/schema\/person\/c02ffbd10830fa375f6882f7dcf1844d"},"headline":"Riflessione di Mons. Enrique D\u00edaz: &#8220;Mi ha mandato ad annunciare la buona novella ai poveri&#8221;","datePublished":"2023-12-16T15:35:57+00:00","mainEntityOfPage":{"@id":"https:\/\/exaudi.org\/it\/riflessione-di-mons-enrique-diaz-mi-ha-mandato-ad-annunciare-la-buona-novella-ai-poveri\/"},"wordCount":1006,"image":{"@id":"https:\/\/exaudi.org\/it\/riflessione-di-mons-enrique-diaz-mi-ha-mandato-ad-annunciare-la-buona-novella-ai-poveri\/#primaryimage"},"thumbnailUrl":"https:\/\/exaudi.org\/wp-content\/uploads\/2023\/12\/efrainangelb-1604994983843-cathopic-1-scaled.jpg","keywords":["Avvento","ENRIQUE D\u00cdAZ","RIFLESSIONE","Trending","Vangelo"],"articleSection":["Chiesa e Mondo","Spiritualit\u00e0"],"inLanguage":"it-IT"},{"@type":"WebPage","@id":"https:\/\/exaudi.org\/it\/riflessione-di-mons-enrique-diaz-mi-ha-mandato-ad-annunciare-la-buona-novella-ai-poveri\/","url":"https:\/\/exaudi.org\/it\/riflessione-di-mons-enrique-diaz-mi-ha-mandato-ad-annunciare-la-buona-novella-ai-poveri\/","name":"Riflessione di Mons. Enrique D\u00edaz: \"Mi ha mandato ad annunciare la buona novella ai poveri\" &#8211; Exaudi","isPartOf":{"@id":"https:\/\/exaudi.org\/#website"},"primaryImageOfPage":{"@id":"https:\/\/exaudi.org\/it\/riflessione-di-mons-enrique-diaz-mi-ha-mandato-ad-annunciare-la-buona-novella-ai-poveri\/#primaryimage"},"image":{"@id":"https:\/\/exaudi.org\/it\/riflessione-di-mons-enrique-diaz-mi-ha-mandato-ad-annunciare-la-buona-novella-ai-poveri\/#primaryimage"},"thumbnailUrl":"https:\/\/exaudi.org\/wp-content\/uploads\/2023\/12\/efrainangelb-1604994983843-cathopic-1-scaled.jpg","datePublished":"2023-12-16T15:35:57+00:00","author":{"@id":"https:\/\/exaudi.org\/#\/schema\/person\/c02ffbd10830fa375f6882f7dcf1844d"},"breadcrumb":{"@id":"https:\/\/exaudi.org\/it\/riflessione-di-mons-enrique-diaz-mi-ha-mandato-ad-annunciare-la-buona-novella-ai-poveri\/#breadcrumb"},"inLanguage":"it-IT","potentialAction":[{"@type":"ReadAction","target":["https:\/\/exaudi.org\/it\/riflessione-di-mons-enrique-diaz-mi-ha-mandato-ad-annunciare-la-buona-novella-ai-poveri\/"]}]},{"@type":"ImageObject","inLanguage":"it-IT","@id":"https:\/\/exaudi.org\/it\/riflessione-di-mons-enrique-diaz-mi-ha-mandato-ad-annunciare-la-buona-novella-ai-poveri\/#primaryimage","url":"https:\/\/exaudi.org\/wp-content\/uploads\/2023\/12\/efrainangelb-1604994983843-cathopic-1-scaled.jpg","contentUrl":"https:\/\/exaudi.org\/wp-content\/uploads\/2023\/12\/efrainangelb-1604994983843-cathopic-1-scaled.jpg","width":1707,"height":2560,"caption":"Cathopic"},{"@type":"BreadcrumbList","@id":"https:\/\/exaudi.org\/it\/riflessione-di-mons-enrique-diaz-mi-ha-mandato-ad-annunciare-la-buona-novella-ai-poveri\/#breadcrumb","itemListElement":[{"@type":"ListItem","position":1,"name":"Portada","item":"https:\/\/exaudi.org\/it\/"},{"@type":"ListItem","position":2,"name":"Riflessione di Mons. Enrique D\u00edaz: &#8220;Mi ha mandato ad annunciare la buona novella ai poveri&#8221;"}]},{"@type":"WebSite","@id":"https:\/\/exaudi.org\/#website","url":"https:\/\/exaudi.org\/","name":"Exaudi","description":"News","potentialAction":[{"@type":"SearchAction","target":{"@type":"EntryPoint","urlTemplate":"https:\/\/exaudi.org\/?s={search_term_string}"},"query-input":{"@type":"PropertyValueSpecification","valueRequired":true,"valueName":"search_term_string"}}],"inLanguage":"it-IT"},{"@type":"Person","@id":"https:\/\/exaudi.org\/#\/schema\/person\/c02ffbd10830fa375f6882f7dcf1844d","name":"Enrique D\u00edaz","image":{"@type":"ImageObject","inLanguage":"it-IT","@id":"https:\/\/secure.gravatar.com\/avatar\/7ca10be5325a95d04b74082d68ba605aa69611eb0f68f47096cb1bc349873284?s=96&d=mm&r=g","url":"https:\/\/secure.gravatar.com\/avatar\/7ca10be5325a95d04b74082d68ba605aa69611eb0f68f47096cb1bc349873284?s=96&d=mm&r=g","contentUrl":"https:\/\/secure.gravatar.com\/avatar\/7ca10be5325a95d04b74082d68ba605aa69611eb0f68f47096cb1bc349873284?s=96&d=mm&r=g","caption":"Enrique D\u00edaz"},"description":"Naci\u00f3 en Huandacareo, Michoac\u00e1n, M\u00e9xico, en 1952. Realiz\u00f3 sus estudios de Filosof\u00eda y Teolog\u00eda en el Seminario de Morelia. Ordenado di\u00e1cono el 22 de mayo de 1977, y presb\u00edtero el 23 de octubre del mismo a\u00f1o. Obtuvo la Licenciatura en Sagrada Escritura en el Pontificio Instituto B\u00edblico en Roma. Ha desarrollado m\u00faltiples encargos pastorales como el de capell\u00e1n de la rector\u00eda de las Tres Aves Mar\u00edas; responsable de la Pastoral B\u00edblica Diocesana y director de la Escuela B\u00edblica en Morelia; maestro de Biblia en el Seminario Conciliar de Morelia, p\u00e1rroco de la Parroquia de Nuestra Se\u00f1ora de Guadalupe, Col. Guadalupe, Morelia; o vicario episcopal para la Zona de Nuestra Se\u00f1ora de la Luz, P\u00e1tzcuaro. Ordenado obispo auxiliar de san Crist\u00f3bal de las Casas en 2003. En la Conferencia Episcopal form\u00f3 parte de las Comisiones de Biblia, Diaconado y Ministerios Laicales. Fue responsable de las Dimensiones de Ministerios Laicales, de Educaci\u00f3n y Cultura. Ha participado en encuentros latinoamericanos y mundiales sobre el Diaconado Permanente. Actualmente es el responsable de la Dimensi\u00f3n de Pastoral de la Cultura. Particip\u00f3 como Miembro del S\u00ednodo de Obispos sobre la Palabra de Dios en la Vida y Misi\u00f3n de la Iglesia en Roma, en 2008. Recibi\u00f3 el nombramiento de obispo coadjutor de San Crist\u00f3bal de las Casas en 2014. Nombrado II obispo de Irapuato el d\u00eda 11 de marzo, tom\u00f3 posesi\u00f3n el 19 de Mayo. Colabora en varias revistas y publicaciones sobre todo con la reflexi\u00f3n diaria y dominical tanto en audio como escrita.","url":"https:\/\/exaudi.org\/it\/author\/enriquediaz\/"}]}},"jetpack_featured_media_url":"https:\/\/exaudi.org\/wp-content\/uploads\/2023\/12\/efrainangelb-1604994983843-cathopic-1-scaled.jpg","jetpack_shortlink":"https:\/\/wp.me\/pgKjF2-nxA","_links":{"self":[{"href":"https:\/\/exaudi.org\/it\/wp-json\/wp\/v2\/posts\/90494","targetHints":{"allow":["GET"]}}],"collection":[{"href":"https:\/\/exaudi.org\/it\/wp-json\/wp\/v2\/posts"}],"about":[{"href":"https:\/\/exaudi.org\/it\/wp-json\/wp\/v2\/types\/post"}],"author":[{"embeddable":true,"href":"https:\/\/exaudi.org\/it\/wp-json\/wp\/v2\/users\/25"}],"replies":[{"embeddable":true,"href":"https:\/\/exaudi.org\/it\/wp-json\/wp\/v2\/comments?post=90494"}],"version-history":[{"count":0,"href":"https:\/\/exaudi.org\/it\/wp-json\/wp\/v2\/posts\/90494\/revisions"}],"wp:featuredmedia":[{"embeddable":true,"href":"https:\/\/exaudi.org\/it\/wp-json\/wp\/v2\/media\/90480"}],"wp:attachment":[{"href":"https:\/\/exaudi.org\/it\/wp-json\/wp\/v2\/media?parent=90494"}],"wp:term":[{"taxonomy":"category","embeddable":true,"href":"https:\/\/exaudi.org\/it\/wp-json\/wp\/v2\/categories?post=90494"},{"taxonomy":"post_tag","embeddable":true,"href":"https:\/\/exaudi.org\/it\/wp-json\/wp\/v2\/tags?post=90494"}],"curies":[{"name":"wp","href":"https:\/\/api.w.org\/{rel}","templated":true}]}}