{"id":90486,"date":"2023-12-15T12:35:52","date_gmt":"2023-12-15T11:35:52","guid":{"rendered":"https:\/\/exaudi.org\/?p=90486"},"modified":"2023-12-16T15:55:30","modified_gmt":"2023-12-16T14:55:30","slug":"cardinale-arizmendi-un-popolo-stanco-delle-estorsioni","status":"publish","type":"post","link":"https:\/\/exaudi.org\/it\/cardinale-arizmendi-un-popolo-stanco-delle-estorsioni\/","title":{"rendered":"Cardinale Arizmendi: Un popolo stanco delle estorsioni"},"content":{"rendered":"<p><strong>I<\/strong>l <a href=\"https:\/\/exaudi.org\/es\/author\/felipearizmendi\/\">cardinale Felipe Arizmendi<\/a>, vescovo emerito di San Crist\u00f3bal de Las Casas e responsabile della Dottrina della Fede nella <a href=\"https:\/\/www.cem.org.mx\/\">Conferenza Episcopale Messicana (CEM)<\/a>, offre ai lettori di Exaudi il suo articolo settimanale intitolato <strong>&#8220;Un popolo stanco delle estorsioni&#8221;<\/strong>.<\/p>\n<div class=\"chat-history-scroll-container ng-tns-c1246440224-2 ng-trigger ng-trigger-resetChat show-bottom-shadow\">\n<div class=\"conversation-container ng-tns-c1246440224-2 narrow-container ng-star-inserted\">\n<div class=\"ng-tns-c1362385049-23\">\n<div class=\"response-container ng-tns-c70875406-24 response-container-has-multiple-responses\">\n<div class=\"presented-response-container ng-tns-c70875406-24\">\n<div class=\"response-container-content ng-tns-c70875406-24\">\n<div class=\"response-content ng-trigger ng-trigger-responsePopulation ng-tns-c70875406-24 ng-animate-disabled\">\n<div class=\"markdown markdown-main-panel\" dir=\"ltr\">\n<h3 id=\"tw-target-text\" class=\"tw-data-text tw-text-large tw-ta\" dir=\"ltr\" data-placeholder=\"Traducci\u00f3n\" data-ved=\"2ahUKEwjdpZKu3pODAxXYGrkGHeEmBOsQ3ewLegQICRAQ\"><span class=\"Y2IQFc\" lang=\"it\">*** <\/span><\/h3>\n<p class=\"tw-data-text tw-text-large tw-ta\" dir=\"ltr\" data-placeholder=\"Traducci\u00f3n\" data-ved=\"2ahUKEwjdpZKu3pODAxXYGrkGHeEmBOsQ3ewLegQICRAQ\"><span class=\"Y2IQFc\" lang=\"it\"><strong>ASPETTO<\/strong><\/span><\/p>\n<p data-sourcepos=\"15:1-15:853\">Venerd\u00ec 8 dicembre scorso, un gruppo criminale, che si fa chiamare &#8220;<em>La Familia Michoacana<\/em>&#8221; e che \u00e8 sempre armato con armi di grosso calibro, ha convocato i contadini di Texcapilla e delle comunit\u00e0 vicine, molto vicine al mio paese natale, nel comune di Texcaltitl\u00e1n, per esigere loro una grande quantit\u00e0 di denaro per le loro piantagioni di fagioli, piselli, avena, mais e fagioli. La gente diceva loro che non potevano pagare quella nuova quota, perch\u00e9 le loro colture non gli fruttavano abbastanza. Di fronte all&#8217;intransigenza del gruppo criminale, i contadini hanno preso coraggio, senza armi pi\u00f9 grandi di machete, zappe, bastoni e qualche vecchia doppietta, e si sono scagliati contro di loro, uccidendo l&#8217;intero gruppo, compreso il loro leader, alias &#8220;<em>il Clown<\/em>&#8220;. Si dice che sia stato infine abbattuto da una donna, con solo un coltello in mano.<\/p>\n<p data-sourcepos=\"17:1-17:452\">Per inciso, ho parlato con questo leader in modo circostanziale, cos\u00ec come con il leader del gruppo che domina il mio paese, esortandolo a cambiare vita, ma per loro l&#8217;importante \u00e8 il denaro che esigono dai contadini, pi\u00f9 di altri valori della fede cristiana, anche se si dichiarano cattolici. Il loro dio \u00e8 il denaro. Qui il problema non \u00e8 tanto la vendita e il consumo di droga, quanto l&#8217;estorsione o il pizzo a tutti coloro che lavorano in qualcosa.<\/p>\n<p data-sourcepos=\"19:1-19:963\">Dopo alcune ore, sono arrivati l&#8217;esercito, la polizia statale e la guardia nazionale per proteggere il luogo, ma la stragrande maggioranza della popolazione \u00e8 fuggita in altri luoghi, temendo rappresaglie del gruppo criminale, che ha immediatamente fatto sparire alcuni membri di quelle comunit\u00e0. La pace \u00e8 andata perduta. La festa patronale alla Vergine di Guadalupe \u00e8 stata cancellata. Il parroco, che \u00e8 lo stesso della mia parrocchia nativa, \u00e8 andato a celebrare la solita messa domenicale, ma non ha trovato nessuno. \u00c8 andato a visitare e consolare diverse famiglie e ha trovato diverse case chiuse e altre abbandonate. Sono passato da quel luogo e ho visto molta polizia, ma le famiglie sono fuggite dal luogo. Il popolo si \u00e8 sentito abbandonato dalle autorit\u00e0. Stanco di tanta estorsione, ha sentito il bisogno di farsi giustizia da solo. Non approviamo questa reazione, ma \u00e8 a questo che le autorit\u00e0 federali portano, lasciando indifesi i poveri contadini.<\/p>\n<p data-sourcepos=\"21:1-21:1422\">In vari modi, i vescovi si sono rivolti alle autorit\u00e0 federali e statali per far loro conoscere il crimine incontrollato dell&#8217;estorsione, poich\u00e9 a tutti viene chiesto di pagare per quello che fa e lavora. E se qualcuno non paga quello che loro chiedono, si espone a ogni tipo di rappresaglia, anche al sequestro e all&#8217;omicidio. Le nostre autorit\u00e0 presumono di aver ridotto i tassi di criminalit\u00e0 nel paese, e questo \u00e8 positivo, ma noi abbiamo altri dati che loro si rifiutano di prendere in considerazione. Mandano di tanto in tanto polizia ed esercito nei nostri villaggi, ma, come dicevo a un membro della guardia nazionale, finch\u00e9 l&#8217;esercito \u00e8 presente, tutto \u00e8 tranquillo; ma appena si ritira, quelli riappaiono e continuano a fare le loro arbitrariet\u00e0. Il popolo si sente indifeso. Le autorit\u00e0 chiedono alla gente di denunciare casi concreti, in modo che possano procedere legalmente, ma abbiamo insistito sul fatto che nessuno si azzarda a denunciare queste estorsioni, perch\u00e9 si espone a perdere la vita. Il governo dovrebbe implementare, oltre a quello che fa in questi casi, un sistema di intelligence investigativa, con moderni mezzi tecnologici, per avere prove in flagranza di reato di questo crimine di estorsione, perch\u00e9 quei gruppi armati hanno i loro &#8220;falchi&#8221; che li avvisano quando l&#8217;esercito \u00e8 in arrivo, e questo gli d\u00e0 il tempo di nascondersi; ecco perch\u00e9, quando passano i soldati, non trovano nessuno.<\/p>\n<p data-sourcepos=\"1:1-1:17\"><strong>Discernimento<\/strong><\/p>\n<p data-sourcepos=\"3:1-3:631\">La Conferenza Episcopale Messicana, il 16 novembre scorso, al termine della sua assemblea ordinaria, ha emesso un comunicato in cui si afferma: <em>&#8220;Le nostre comunit\u00e0 in Messico continuano a soffrire di insicurezza e violenza che crescono in modo esponenziale in molte zone del nostro paese. E non si tratta solo di statistiche, ma di volti e cuori di persone concrete che soffrono le conseguenze della violenza estrema, dell&#8217;impunit\u00e0, della scomparsa dei loro cari, dell&#8217;estorsione, della migrazione forzata e delle strategie di sicurezza fallite&#8230; Dobbiamo continuare a cercare modi operativi per costruire una cultura della pace&#8221;.<\/em><\/p>\n<p data-sourcepos=\"5:1-5:813\">Il 23 giugno dello scorso anno, ci siamo espressi <em>&#8220;con profonda preoccupazione per la crescente violenza che affligge il nostro caro Paese e con grande tristezza per la perdita di migliaia di vite innocenti che riempiono di lutto intere famiglie. La criminalit\u00e0 si \u00e8 diffusa ovunque, sconvolgendo la vita quotidiana di tutta la societ\u00e0, colpendo le attivit\u00e0 produttive nelle citt\u00e0 e nelle campagne, esercitando pressioni con estorsioni su chi lavora onestamente nei mercati, nelle scuole, nelle piccole, medie e grandi imprese; si sono impadroniti delle strade, delle colonie e di interi villaggi, oltre che di strade, autostrade e superstrade e, cosa pi\u00f9 grave, hanno raggiunto livelli di crudelt\u00e0 disumana in esecuzioni e massacri che hanno reso il nostro paese uno dei luoghi pi\u00f9 insicuri e violenti del mondo.<\/em><\/p>\n<p data-sourcepos=\"7:1-7:442\"><em>Riconosciamo che come Chiesa non abbiamo fatto abbastanza nell&#8217;evangelizzazione dei popoli e che \u00e8 necessario raddoppiare gli sforzi. C&#8217;\u00e8 ancora molto da fare nella ricostruzione del tessuto sociale, a partire dal nostro lavoro pastorale. Facciamo appello a tutto il popolo di Dio, in particolare a sacerdoti, religiosi, catechisti, evangelizzatori e altri agenti pastorali, a unirsi ai lavori per concretizzare il progetto di PACE di Cristo.<\/em><\/p>\n<p data-sourcepos=\"9:1-9:203\"><em>Vogliamo unirci alle migliaia di voci di cittadini di buona volont\u00e0 che chiedono che si ponga fine a questa situazione. BASTA! Non possiamo essere indifferenti o estranei a ci\u00f2 che ci sta colpendo tutti.<\/em><\/p>\n<p data-sourcepos=\"11:1-11:512\"><em>Di fronte alla gravit\u00e0 dei fatti, facciamo appello al Governo Federale e alle diverse autorit\u00e0: \u00e8 tempo di rivedere le strategie di sicurezza che stanno fallendo. \u00c8 tempo di ascoltare i cittadini, le voci di migliaia di familiari delle vittime, degli assassinati e dei dispersi, le forze dell&#8217;ordine maltrattate dalla criminalit\u00e0. Crediamo che non sia utile negare la realt\u00e0 e nemmeno incolpare i tempi passati per ci\u00f2 che tocca a noi risolvere ora. Ascoltarsi non ci rende deboli, anzi ci rafforza come nazione.<\/em><\/p>\n<p data-sourcepos=\"13:1-13:736\"><em>Tutti siamo messicani, tutti abbiamo bisogno di vivere in pace e concordia. \u00c8 responsabilit\u00e0 dei governanti applicare la legge con giustizia per sradicare l&#8217;impunit\u00e0, rispettando i diritti umani, ma perseguendo la sicurezza dei cittadini e la pace sociale. Come vescovi messicani in unit\u00e0 con il popolo messicano di cui anche noi facciamo parte, facciamo un rispettoso appello alle nostre autorit\u00e0 politiche a convocare un dialogo nazionale per intraprendere azioni intelligenti e complete al fine di raggiungere la pace attraverso una partecipazione congiunta. Crediamo che la pace sia possibile, che debba essere possibile. In questo compito tutti i cittadini di buona volont\u00e0 possono essere alleati. Non perdiamo questa opportunit\u00e0!&#8221;<\/em><\/p>\n<p data-sourcepos=\"15:1-15:872\">Nella stessa linea ci siamo espressi il 14 novembre 2019: <em>&#8220;Un&#8217;altra delle nostre preoccupazioni \u00e8 l&#8217;escalation della violenza in vaste regioni del nostro Messico. Questa violenza ha provocato pi\u00f9 povert\u00e0, abbandono e insicurezza. Ci spezza il cuore vedere i molteplici omicidi, rapimenti ed estorsioni, che rimangono impuniti. Cos\u00ec si indebolisce lo stato di diritto, e questo aumenta la corruzione e allontana la pace. Solo lavorando insieme possiamo risolvere queste situazioni: come Chiesa dobbiamo rafforzare non solo la conoscenza della dottrina, ma anche la pratica dei valori cristiani, perch\u00e9 molti di coloro che si dedicano al crimine fanno parte della nostra comunit\u00e0; lo Stato deve garantire la sicurezza dei cittadini, offrendo condizioni dignitose, sicure e ben remunerate alle forze dell&#8217;ordine; e spetta a tutti i cittadini prendersi cura l&#8217;uno dell&#8217;altro&#8221;.<\/em><\/p>\n<p data-sourcepos=\"17:1-17:183\">Ma questi messaggi non dicono nulla alle autorit\u00e0 federali. Viviamo con la gente e parliamo di ci\u00f2 che il popolo soffre. Non stiamo pensando alle elezioni future, ma ha fatti concreti.<\/p>\n<p data-sourcepos=\"19:1-19:9\"><strong>AGIRE<\/strong><\/p>\n<p data-sourcepos=\"21:1-21:142\">Dalla famiglia, educhiamoci al rispetto dei diritti degli altri e, soprattutto, all&#8217;amore di Dio e del prossimo, perch\u00e9 su questo ci giochiamo<\/p>\n<\/div>\n<div class=\"response-footer ng-tns-c1362385049-23 complete gap\">\n<div class=\"sources-list-container\"><\/div>\n<\/div>\n<\/div>\n<\/div>\n<\/div>\n<div class=\"response-container-footer ng-tns-c70875406-24\">\n<div class=\"actions-container-v2 ng-star-inserted\"><\/div>\n<\/div>\n<\/div>\n<\/div>\n<\/div>\n<\/div>\n<div class=\"bottom-container ng-tns-c1246440224-2 narrow-container ng-star-inserted\">\n<div class=\"input-area-container ng-tns-c1246440224-2\">\n<div class=\"input-area ng-tns-c290894865-5\" data-node-type=\"input-area\">\n<div class=\"image-uploader ng-star-inserted\"><\/div>\n<\/div>\n<\/div>\n<\/div>\n","protected":false},"excerpt":{"rendered":"<p>Educazione al rispetto dei diritti degli altri e, soprattutto, all&#8217;amore per Dio e per i nostri vicini<\/p>\n","protected":false},"author":24,"featured_media":90268,"comment_status":"closed","ping_status":"closed","sticky":false,"template":"","format":"standard","meta":{"_acf_changed":false,"_crdt_document":"","inline_featured_image":false,"footnotes":""},"categories":[129],"tags":[11662,11663,1300,11664,11665,11666,4952],"class_list":["post-90486","post","type-post","status-publish","format-standard","has-post-thumbnail","hentry","category-voci","tag-estorsione","tag-famiglia-michoacana","tag-messico","tag-persone","tag-texcaltitlan-3","tag-texcapilla-3","tag-trending-it"],"acf":[],"yoast_head":"<!-- This site is optimized with the Yoast SEO plugin v27.4 - https:\/\/yoast.com\/product\/yoast-seo-wordpress\/ -->\n<title>Cardinale Arizmendi: Un popolo stanco delle estorsioni &#8211; Exaudi<\/title>\n<meta name=\"robots\" content=\"index, follow, max-snippet:-1, max-image-preview:large, max-video-preview:-1\" \/>\n<link rel=\"canonical\" href=\"https:\/\/exaudi.org\/it\/cardinale-arizmendi-un-popolo-stanco-delle-estorsioni\/\" \/>\n<meta property=\"og:locale\" content=\"it_IT\" \/>\n<meta property=\"og:type\" content=\"article\" \/>\n<meta property=\"og:title\" content=\"Cardinale Arizmendi: Un popolo stanco delle estorsioni &#8211; Exaudi\" \/>\n<meta property=\"og:description\" content=\"Educazione al rispetto dei diritti degli altri e, soprattutto, all&#039;amore per Dio e per i nostri vicini\" \/>\n<meta property=\"og:url\" content=\"https:\/\/exaudi.org\/it\/cardinale-arizmendi-un-popolo-stanco-delle-estorsioni\/\" \/>\n<meta property=\"og:site_name\" content=\"Exaudi\" \/>\n<meta property=\"article:publisher\" content=\"https:\/\/www.facebook.com\/ExaudiNews\" \/>\n<meta property=\"article:published_time\" content=\"2023-12-15T11:35:52+00:00\" \/>\n<meta property=\"article:modified_time\" content=\"2023-12-16T14:55:30+00:00\" \/>\n<meta property=\"og:image\" content=\"https:\/\/exaudi.org\/wp-content\/uploads\/2023\/12\/pexels-pixabay-262218-scaled-e1702472439793.jpg\" \/>\n\t<meta property=\"og:image:width\" content=\"1707\" \/>\n\t<meta property=\"og:image:height\" content=\"2560\" \/>\n\t<meta property=\"og:image:type\" content=\"image\/jpeg\" \/>\n<meta name=\"author\" content=\"Cardenal Felipe Arizmendi\" \/>\n<meta name=\"twitter:card\" content=\"summary_large_image\" \/>\n<meta name=\"twitter:creator\" content=\"@Exaudi_News\" \/>\n<meta name=\"twitter:site\" content=\"@Exaudi_News\" \/>\n<meta name=\"twitter:label1\" content=\"Scritto da\" \/>\n\t<meta name=\"twitter:data1\" content=\"Cardenal Felipe Arizmendi\" \/>\n\t<meta name=\"twitter:label2\" content=\"Tempo di lettura stimato\" \/>\n\t<meta name=\"twitter:data2\" content=\"7 minuti\" \/>\n<script type=\"application\/ld+json\" class=\"yoast-schema-graph\">{\"@context\":\"https:\\\/\\\/schema.org\",\"@graph\":[{\"@type\":\"Article\",\"@id\":\"https:\\\/\\\/exaudi.org\\\/it\\\/cardinale-arizmendi-un-popolo-stanco-delle-estorsioni\\\/#article\",\"isPartOf\":{\"@id\":\"https:\\\/\\\/exaudi.org\\\/it\\\/cardinale-arizmendi-un-popolo-stanco-delle-estorsioni\\\/\"},\"author\":{\"name\":\"Cardenal Felipe Arizmendi\",\"@id\":\"https:\\\/\\\/exaudi.org\\\/#\\\/schema\\\/person\\\/c7d223f87e58f1105d044d8da1439102\"},\"headline\":\"Cardinale Arizmendi: Un popolo stanco delle estorsioni\",\"datePublished\":\"2023-12-15T11:35:52+00:00\",\"dateModified\":\"2023-12-16T14:55:30+00:00\",\"mainEntityOfPage\":{\"@id\":\"https:\\\/\\\/exaudi.org\\\/it\\\/cardinale-arizmendi-un-popolo-stanco-delle-estorsioni\\\/\"},\"wordCount\":1341,\"image\":{\"@id\":\"https:\\\/\\\/exaudi.org\\\/it\\\/cardinale-arizmendi-un-popolo-stanco-delle-estorsioni\\\/#primaryimage\"},\"thumbnailUrl\":\"https:\\\/\\\/exaudi.org\\\/wp-content\\\/uploads\\\/2023\\\/12\\\/pexels-pixabay-262218-scaled-e1702472439793.jpg\",\"keywords\":[\"ESTORSIONE\",\"FAMIGLIA MICHOACANA\",\"Messico\",\"PERSONE\",\"TEXCALTITL\u00c1N\",\"TEXCAPILLA\",\"Trending\"],\"articleSection\":[\"Voci\"],\"inLanguage\":\"it-IT\"},{\"@type\":\"WebPage\",\"@id\":\"https:\\\/\\\/exaudi.org\\\/it\\\/cardinale-arizmendi-un-popolo-stanco-delle-estorsioni\\\/\",\"url\":\"https:\\\/\\\/exaudi.org\\\/it\\\/cardinale-arizmendi-un-popolo-stanco-delle-estorsioni\\\/\",\"name\":\"Cardinale Arizmendi: Un popolo stanco delle estorsioni &#8211; Exaudi\",\"isPartOf\":{\"@id\":\"https:\\\/\\\/exaudi.org\\\/#website\"},\"primaryImageOfPage\":{\"@id\":\"https:\\\/\\\/exaudi.org\\\/it\\\/cardinale-arizmendi-un-popolo-stanco-delle-estorsioni\\\/#primaryimage\"},\"image\":{\"@id\":\"https:\\\/\\\/exaudi.org\\\/it\\\/cardinale-arizmendi-un-popolo-stanco-delle-estorsioni\\\/#primaryimage\"},\"thumbnailUrl\":\"https:\\\/\\\/exaudi.org\\\/wp-content\\\/uploads\\\/2023\\\/12\\\/pexels-pixabay-262218-scaled-e1702472439793.jpg\",\"datePublished\":\"2023-12-15T11:35:52+00:00\",\"dateModified\":\"2023-12-16T14:55:30+00:00\",\"author\":{\"@id\":\"https:\\\/\\\/exaudi.org\\\/#\\\/schema\\\/person\\\/c7d223f87e58f1105d044d8da1439102\"},\"breadcrumb\":{\"@id\":\"https:\\\/\\\/exaudi.org\\\/it\\\/cardinale-arizmendi-un-popolo-stanco-delle-estorsioni\\\/#breadcrumb\"},\"inLanguage\":\"it-IT\",\"potentialAction\":[{\"@type\":\"ReadAction\",\"target\":[\"https:\\\/\\\/exaudi.org\\\/it\\\/cardinale-arizmendi-un-popolo-stanco-delle-estorsioni\\\/\"]}]},{\"@type\":\"ImageObject\",\"inLanguage\":\"it-IT\",\"@id\":\"https:\\\/\\\/exaudi.org\\\/it\\\/cardinale-arizmendi-un-popolo-stanco-delle-estorsioni\\\/#primaryimage\",\"url\":\"https:\\\/\\\/exaudi.org\\\/wp-content\\\/uploads\\\/2023\\\/12\\\/pexels-pixabay-262218-scaled-e1702472439793.jpg\",\"contentUrl\":\"https:\\\/\\\/exaudi.org\\\/wp-content\\\/uploads\\\/2023\\\/12\\\/pexels-pixabay-262218-scaled-e1702472439793.jpg\",\"width\":1707,\"height\":2560},{\"@type\":\"BreadcrumbList\",\"@id\":\"https:\\\/\\\/exaudi.org\\\/it\\\/cardinale-arizmendi-un-popolo-stanco-delle-estorsioni\\\/#breadcrumb\",\"itemListElement\":[{\"@type\":\"ListItem\",\"position\":1,\"name\":\"Portada\",\"item\":\"https:\\\/\\\/exaudi.org\\\/it\\\/\"},{\"@type\":\"ListItem\",\"position\":2,\"name\":\"Cardinale Arizmendi: Un popolo stanco delle estorsioni\"}]},{\"@type\":\"WebSite\",\"@id\":\"https:\\\/\\\/exaudi.org\\\/#website\",\"url\":\"https:\\\/\\\/exaudi.org\\\/\",\"name\":\"Exaudi\",\"description\":\"News\",\"potentialAction\":[{\"@type\":\"SearchAction\",\"target\":{\"@type\":\"EntryPoint\",\"urlTemplate\":\"https:\\\/\\\/exaudi.org\\\/?s={search_term_string}\"},\"query-input\":{\"@type\":\"PropertyValueSpecification\",\"valueRequired\":true,\"valueName\":\"search_term_string\"}}],\"inLanguage\":\"it-IT\"},{\"@type\":\"Person\",\"@id\":\"https:\\\/\\\/exaudi.org\\\/#\\\/schema\\\/person\\\/c7d223f87e58f1105d044d8da1439102\",\"name\":\"Cardenal Felipe Arizmendi\",\"image\":{\"@type\":\"ImageObject\",\"inLanguage\":\"it-IT\",\"@id\":\"https:\\\/\\\/secure.gravatar.com\\\/avatar\\\/4ffc5520d896b86d39346168903de33a17ef0f23d16de0ff45062c1ff422ed2f?s=96&d=mm&r=g\",\"url\":\"https:\\\/\\\/secure.gravatar.com\\\/avatar\\\/4ffc5520d896b86d39346168903de33a17ef0f23d16de0ff45062c1ff422ed2f?s=96&d=mm&r=g\",\"contentUrl\":\"https:\\\/\\\/secure.gravatar.com\\\/avatar\\\/4ffc5520d896b86d39346168903de33a17ef0f23d16de0ff45062c1ff422ed2f?s=96&d=mm&r=g\",\"caption\":\"Cardenal Felipe Arizmendi\"},\"description\":\"Nacido en Chiltepec el 1 de mayo de 1940. Estudi\u00f3 Humanidades y Filosof\u00eda en el Seminario de Toluca, de 1952 a 1959. Curs\u00f3 la Teolog\u00eda en la Universidad Pontificia de Salamanca, Espa\u00f1a, de 1959 a 1963, obteniendo la licenciatura en Teolog\u00eda Dogm\u00e1tica. Por su cuenta, se especializ\u00f3 en Liturgia. Fue ordenado sacerdote el 25 de agosto de 1963 en Toluca. Sirvi\u00f3 como Vicario Parroquial en tres parroquias por tres a\u00f1os y medio y fue p\u00e1rroco de una comunidad ind\u00edgena otom\u00ed, de 1967 a 1970. Fue Director Espiritual del Seminario de Toluca por diez a\u00f1os, y Rector del mismo de 1981 a 1991. El 7 de marzo de 1991, fue ordenado obispo de la di\u00f3cesis de Tapachula, donde estuvo hasta el 30 de abril del a\u00f1o 2000. El 1 de mayo del 2000, inici\u00f3 su ministerio episcopal como XLVI obispo de la di\u00f3cesis de San Crist\u00f3bal de las Casas, Chiapas, una de las di\u00f3cesis m\u00e1s antiguas de M\u00e9xico, erigida en 1539; all\u00ed sirvi\u00f3 por casi 18 a\u00f1os. Ha ocupado diversos cargos en la Conferencia del Episcopado Mexicano y en el CELAM. El 3 de noviembre de 2017, el Papa Francisco le acept\u00f3, por edad, su renuncia al servicio episcopal en esta di\u00f3cesis, que entreg\u00f3 a su sucesor el 3 de enero de 2018. Desde entonces, reside en la ciudad de Toluca. Desde 1979, escribe art\u00edculos de actualidad en varios medios religiosos y civiles. Es autor de varias publicaciones.\",\"url\":\"https:\\\/\\\/exaudi.org\\\/it\\\/author\\\/felipearizmendi\\\/\"}]}<\/script>\n<!-- \/ Yoast SEO plugin. -->","yoast_head_json":{"title":"Cardinale Arizmendi: Un popolo stanco delle estorsioni &#8211; Exaudi","robots":{"index":"index","follow":"follow","max-snippet":"max-snippet:-1","max-image-preview":"max-image-preview:large","max-video-preview":"max-video-preview:-1"},"canonical":"https:\/\/exaudi.org\/it\/cardinale-arizmendi-un-popolo-stanco-delle-estorsioni\/","og_locale":"it_IT","og_type":"article","og_title":"Cardinale Arizmendi: Un popolo stanco delle estorsioni &#8211; Exaudi","og_description":"Educazione al rispetto dei diritti degli altri e, soprattutto, all'amore per Dio e per i nostri vicini","og_url":"https:\/\/exaudi.org\/it\/cardinale-arizmendi-un-popolo-stanco-delle-estorsioni\/","og_site_name":"Exaudi","article_publisher":"https:\/\/www.facebook.com\/ExaudiNews","article_published_time":"2023-12-15T11:35:52+00:00","article_modified_time":"2023-12-16T14:55:30+00:00","og_image":[{"width":1707,"height":2560,"url":"https:\/\/exaudi.org\/wp-content\/uploads\/2023\/12\/pexels-pixabay-262218-scaled-e1702472439793.jpg","type":"image\/jpeg"}],"author":"Cardenal Felipe Arizmendi","twitter_card":"summary_large_image","twitter_creator":"@Exaudi_News","twitter_site":"@Exaudi_News","twitter_misc":{"Scritto da":"Cardenal Felipe Arizmendi","Tempo di lettura stimato":"7 minuti"},"schema":{"@context":"https:\/\/schema.org","@graph":[{"@type":"Article","@id":"https:\/\/exaudi.org\/it\/cardinale-arizmendi-un-popolo-stanco-delle-estorsioni\/#article","isPartOf":{"@id":"https:\/\/exaudi.org\/it\/cardinale-arizmendi-un-popolo-stanco-delle-estorsioni\/"},"author":{"name":"Cardenal Felipe Arizmendi","@id":"https:\/\/exaudi.org\/#\/schema\/person\/c7d223f87e58f1105d044d8da1439102"},"headline":"Cardinale Arizmendi: Un popolo stanco delle estorsioni","datePublished":"2023-12-15T11:35:52+00:00","dateModified":"2023-12-16T14:55:30+00:00","mainEntityOfPage":{"@id":"https:\/\/exaudi.org\/it\/cardinale-arizmendi-un-popolo-stanco-delle-estorsioni\/"},"wordCount":1341,"image":{"@id":"https:\/\/exaudi.org\/it\/cardinale-arizmendi-un-popolo-stanco-delle-estorsioni\/#primaryimage"},"thumbnailUrl":"https:\/\/exaudi.org\/wp-content\/uploads\/2023\/12\/pexels-pixabay-262218-scaled-e1702472439793.jpg","keywords":["ESTORSIONE","FAMIGLIA MICHOACANA","Messico","PERSONE","TEXCALTITL\u00c1N","TEXCAPILLA","Trending"],"articleSection":["Voci"],"inLanguage":"it-IT"},{"@type":"WebPage","@id":"https:\/\/exaudi.org\/it\/cardinale-arizmendi-un-popolo-stanco-delle-estorsioni\/","url":"https:\/\/exaudi.org\/it\/cardinale-arizmendi-un-popolo-stanco-delle-estorsioni\/","name":"Cardinale Arizmendi: Un popolo stanco delle estorsioni &#8211; Exaudi","isPartOf":{"@id":"https:\/\/exaudi.org\/#website"},"primaryImageOfPage":{"@id":"https:\/\/exaudi.org\/it\/cardinale-arizmendi-un-popolo-stanco-delle-estorsioni\/#primaryimage"},"image":{"@id":"https:\/\/exaudi.org\/it\/cardinale-arizmendi-un-popolo-stanco-delle-estorsioni\/#primaryimage"},"thumbnailUrl":"https:\/\/exaudi.org\/wp-content\/uploads\/2023\/12\/pexels-pixabay-262218-scaled-e1702472439793.jpg","datePublished":"2023-12-15T11:35:52+00:00","dateModified":"2023-12-16T14:55:30+00:00","author":{"@id":"https:\/\/exaudi.org\/#\/schema\/person\/c7d223f87e58f1105d044d8da1439102"},"breadcrumb":{"@id":"https:\/\/exaudi.org\/it\/cardinale-arizmendi-un-popolo-stanco-delle-estorsioni\/#breadcrumb"},"inLanguage":"it-IT","potentialAction":[{"@type":"ReadAction","target":["https:\/\/exaudi.org\/it\/cardinale-arizmendi-un-popolo-stanco-delle-estorsioni\/"]}]},{"@type":"ImageObject","inLanguage":"it-IT","@id":"https:\/\/exaudi.org\/it\/cardinale-arizmendi-un-popolo-stanco-delle-estorsioni\/#primaryimage","url":"https:\/\/exaudi.org\/wp-content\/uploads\/2023\/12\/pexels-pixabay-262218-scaled-e1702472439793.jpg","contentUrl":"https:\/\/exaudi.org\/wp-content\/uploads\/2023\/12\/pexels-pixabay-262218-scaled-e1702472439793.jpg","width":1707,"height":2560},{"@type":"BreadcrumbList","@id":"https:\/\/exaudi.org\/it\/cardinale-arizmendi-un-popolo-stanco-delle-estorsioni\/#breadcrumb","itemListElement":[{"@type":"ListItem","position":1,"name":"Portada","item":"https:\/\/exaudi.org\/it\/"},{"@type":"ListItem","position":2,"name":"Cardinale Arizmendi: Un popolo stanco delle estorsioni"}]},{"@type":"WebSite","@id":"https:\/\/exaudi.org\/#website","url":"https:\/\/exaudi.org\/","name":"Exaudi","description":"News","potentialAction":[{"@type":"SearchAction","target":{"@type":"EntryPoint","urlTemplate":"https:\/\/exaudi.org\/?s={search_term_string}"},"query-input":{"@type":"PropertyValueSpecification","valueRequired":true,"valueName":"search_term_string"}}],"inLanguage":"it-IT"},{"@type":"Person","@id":"https:\/\/exaudi.org\/#\/schema\/person\/c7d223f87e58f1105d044d8da1439102","name":"Cardenal Felipe Arizmendi","image":{"@type":"ImageObject","inLanguage":"it-IT","@id":"https:\/\/secure.gravatar.com\/avatar\/4ffc5520d896b86d39346168903de33a17ef0f23d16de0ff45062c1ff422ed2f?s=96&d=mm&r=g","url":"https:\/\/secure.gravatar.com\/avatar\/4ffc5520d896b86d39346168903de33a17ef0f23d16de0ff45062c1ff422ed2f?s=96&d=mm&r=g","contentUrl":"https:\/\/secure.gravatar.com\/avatar\/4ffc5520d896b86d39346168903de33a17ef0f23d16de0ff45062c1ff422ed2f?s=96&d=mm&r=g","caption":"Cardenal Felipe Arizmendi"},"description":"Nacido en Chiltepec el 1 de mayo de 1940. Estudi\u00f3 Humanidades y Filosof\u00eda en el Seminario de Toluca, de 1952 a 1959. Curs\u00f3 la Teolog\u00eda en la Universidad Pontificia de Salamanca, Espa\u00f1a, de 1959 a 1963, obteniendo la licenciatura en Teolog\u00eda Dogm\u00e1tica. Por su cuenta, se especializ\u00f3 en Liturgia. Fue ordenado sacerdote el 25 de agosto de 1963 en Toluca. Sirvi\u00f3 como Vicario Parroquial en tres parroquias por tres a\u00f1os y medio y fue p\u00e1rroco de una comunidad ind\u00edgena otom\u00ed, de 1967 a 1970. Fue Director Espiritual del Seminario de Toluca por diez a\u00f1os, y Rector del mismo de 1981 a 1991. El 7 de marzo de 1991, fue ordenado obispo de la di\u00f3cesis de Tapachula, donde estuvo hasta el 30 de abril del a\u00f1o 2000. El 1 de mayo del 2000, inici\u00f3 su ministerio episcopal como XLVI obispo de la di\u00f3cesis de San Crist\u00f3bal de las Casas, Chiapas, una de las di\u00f3cesis m\u00e1s antiguas de M\u00e9xico, erigida en 1539; all\u00ed sirvi\u00f3 por casi 18 a\u00f1os. Ha ocupado diversos cargos en la Conferencia del Episcopado Mexicano y en el CELAM. El 3 de noviembre de 2017, el Papa Francisco le acept\u00f3, por edad, su renuncia al servicio episcopal en esta di\u00f3cesis, que entreg\u00f3 a su sucesor el 3 de enero de 2018. Desde entonces, reside en la ciudad de Toluca. Desde 1979, escribe art\u00edculos de actualidad en varios medios religiosos y civiles. Es autor de varias publicaciones.","url":"https:\/\/exaudi.org\/it\/author\/felipearizmendi\/"}]}},"jetpack_featured_media_url":"https:\/\/exaudi.org\/wp-content\/uploads\/2023\/12\/pexels-pixabay-262218-scaled-e1702472439793.jpg","jetpack_shortlink":"https:\/\/wp.me\/pgKjF2-nxs","_links":{"self":[{"href":"https:\/\/exaudi.org\/it\/wp-json\/wp\/v2\/posts\/90486","targetHints":{"allow":["GET"]}}],"collection":[{"href":"https:\/\/exaudi.org\/it\/wp-json\/wp\/v2\/posts"}],"about":[{"href":"https:\/\/exaudi.org\/it\/wp-json\/wp\/v2\/types\/post"}],"author":[{"embeddable":true,"href":"https:\/\/exaudi.org\/it\/wp-json\/wp\/v2\/users\/24"}],"replies":[{"embeddable":true,"href":"https:\/\/exaudi.org\/it\/wp-json\/wp\/v2\/comments?post=90486"}],"version-history":[{"count":0,"href":"https:\/\/exaudi.org\/it\/wp-json\/wp\/v2\/posts\/90486\/revisions"}],"wp:featuredmedia":[{"embeddable":true,"href":"https:\/\/exaudi.org\/it\/wp-json\/wp\/v2\/media\/90268"}],"wp:attachment":[{"href":"https:\/\/exaudi.org\/it\/wp-json\/wp\/v2\/media?parent=90486"}],"wp:term":[{"taxonomy":"category","embeddable":true,"href":"https:\/\/exaudi.org\/it\/wp-json\/wp\/v2\/categories?post=90486"},{"taxonomy":"post_tag","embeddable":true,"href":"https:\/\/exaudi.org\/it\/wp-json\/wp\/v2\/tags?post=90486"}],"curies":[{"name":"wp","href":"https:\/\/api.w.org\/{rel}","templated":true}]}}