{"id":90381,"date":"2023-12-14T21:14:37","date_gmt":"2023-12-14T20:14:37","guid":{"rendered":"https:\/\/exaudi.org\/?p=90381"},"modified":"2023-12-14T21:14:37","modified_gmt":"2023-12-14T20:14:37","slug":"protagonista-dellavvento-san-giovanni-battista","status":"publish","type":"post","link":"https:\/\/exaudi.org\/it\/protagonista-dellavvento-san-giovanni-battista\/","title":{"rendered":"Protagonista dell&#8217;Avvento: San Giovanni Battista"},"content":{"rendered":"<div class=\"chat-history-scroll-container ng-tns-c69747195-2 ng-trigger ng-trigger-resetChat show-bottom-shadow\">\n<div class=\"conversation-container ng-tns-c69747195-2 narrow-container ng-star-inserted\">\n<div class=\"ng-tns-c4115570892-71\">\n<div class=\"response-container ng-tns-c1101355977-72 response-container-has-multiple-responses\">\n<div class=\"presented-response-container ng-tns-c1101355977-72\">\n<div class=\"response-container-content ng-tns-c1101355977-72\">\n<div class=\"response-content ng-trigger ng-trigger-responsePopulation ng-tns-c1101355977-72 ng-animate-disabled\">\n<div class=\"markdown markdown-main-panel\" dir=\"ltr\">\n<p data-sourcepos=\"3:1-3:1208\">\u00c8 necessario fare una considerazione preliminare. La Chiesa, nella sua saggia saggezza, ci offre due fasi nello sviluppo di questo forte tempo liturgico, che \u00e8 l&#8217;Avvento. Nella prima, concentra la sua attenzione sulla seconda venuta di Cristo, alla fine dei tempi, quando verr\u00e0 con potenza e gloria a giudicare questo mondo. Ci presenta cos\u00ec la fine della storia, incoraggiandoci a prepararci per tale evento. In effetti, in qualche modo lo facciamo quotidianamente, forse senza rendercene troppo conto, quando preghiamo il Padre nostro, quando invochiamo &#8220;venga a noi il tuo regno&#8221;. Quel regno che imploriamo, \u00e8 la consumazione della storia, il regno definitivo ed effettivo di Cristo sull&#8217;intera creazione. Lo chiediamo anche ogni volta che assistiamo alla santa Messa, esclamando, immediatamente dopo la consacrazione: &#8220;annunciamo la tua morte, proclamiamo la tua risurrezione, vieni Signore Ges\u00f9!&#8221; Ges\u00f9 \u00e8 gi\u00e0 venuto, non solo duemila anni fa, ma, immediatamente prima di pronunciare queste parole, \u00e8 sceso di nuovo sull&#8217;altare grazie all&#8217;azione dello Spirito Santo e alle parole della consacrazione, ma essendo l\u00ec presente Ges\u00f9, gli chiediamo di affrettare la sua seconda venuta, alla fine dei tempi.<\/p>\n<p data-sourcepos=\"5:1-5:981\">La seconda parte inizia il 16 dicembre, coincide con la novena di Natale, quando si recitano le antifone solenni precedenti al Natale, che ci invitano a concentrare lo sguardo sul Mistero di Cristo nato. Diciamo che la prima parte dell&#8217;Avvento ci invita a guardare avanti, alla seconda venuta; la seconda parte, al contrario, indietro, per contemplare la sua prima venuta in povert\u00e0 e umilt\u00e0. Perch\u00e9 questo susseguente cambio di prospettiva? Perch\u00e9 prima guardare avanti e poi indietro? Forse la risposta ce la offre san Bernardo, che in qualche modo &#8220;gonfia&#8221; le venute di Cristo includendo una &#8220;terza venuta&#8221;, in questo caso, nel nostro cuore, nel silenzio e nell&#8217;intimit\u00e0. Le meditazioni sull&#8217;Avvento hanno lo scopo di provocare questa venuta di Ges\u00f9 nel nostro cuore nel presente, nel tempo reale della nostra esistenza, che si svolge a cavallo tra quelle due venute teologiche chiare: la prima a Betlemme duemila anni fa, la seconda alla fine dei tempi, solo Dio sa quando.<\/p>\n<p data-sourcepos=\"7:1-7:847\">Ecco perch\u00e9 la prima figura da contemplare \u00e8 quella del Precursore, san Giovanni Battista. Appena sei mesi pi\u00f9 vecchio di Ges\u00f9, mandato da Dio per prepararne la venuta e predisporgli &#8220;un popolo perfetto&#8221;. In realt\u00e0, san Giovanni Battista fa parte di quello che potremmo chiamare &#8220;il nostro tempo&#8221;, poich\u00e9 il suo ministero \u00e8 successivo alla Nascita a Betlemme e precedente alla seconda venuta. Comunque, costituisce il nesso tra l&#8217;Antico e il Nuovo Testamento ed \u00e8 anteriore alla nascita della Chiesa, con la quale in realt\u00e0 sorge il &#8220;tempo della Chiesa&#8221;, &#8220;tempo dello Spirito Santo&#8221;, il nostro tempo&#8230; Ma la sua missione \u00e8 molto conforme al significato profondo dell&#8217;Avvento, poich\u00e9 ci invita a &#8220;guardare a Ges\u00f9&#8221; e a prepararci per la sua venuta: la sua seconda venuta alla fine della storia e la sua terza venuta alla nostra anima in grazia.<\/p>\n<p data-sourcepos=\"9:1-9:746\">San Giovanni, infatti, lo indica e indirizza i suoi discepoli verso di Lui. Diciamo che, in qualche modo, tutti abbiamo qualcosa di &#8220;san Giovanni Battista&#8221;, poich\u00e9 la nostra vita spirituale pu\u00f2 essere compresa come la missione del Battista: preparare la seconda venuta di Cristo a questo mondo con il lavoro ben fatto, offerto a Dio, santificato e santificante; e, in secondo luogo, scoprire Ges\u00f9 e indicarlo: scoprirlo nelle persone, nel nostro lavoro, nella vita familiare, sociale o politica e indicarlo affinch\u00e9 le altre persone lo scoprano e lo seguano, affinch\u00e9 la societ\u00e0, l&#8217;umanit\u00e0 intera si orienti verso di Lui, e contribuire in questo modo a realizzare ci\u00f2 che profetizz\u00f2 san Paolo: &#8220;che Dio sia tutto in tutti&#8221; (1 <em>Corinzi<\/em> 15, 28).<\/p>\n<p>Per vivere bene l&#8217;Avvento, non c&#8217;\u00e8 niente di meglio che imitare l&#8217;atteggiamento del Battista.\u00a0\u00a0Quest&#8217;atteggiamento potrebbe essere riassunto in umilt\u00e0, la viva coscienza di essere solo uno strumento, o, per usare un altro simile, di essere l&#8217;involucro e Ges\u00f9 il regalo. Una volta ricevuto il regalo, l&#8217;involucro perde il suo senso. Si tratta allora &#8211; quanto \u00e8 difficile! &#8211; di scoprire che il centro della festa non siamo noi, ma Ges\u00f9. Che il mondo non gira intorno a noi, ma a lui. Di poter dire, con autenticit\u00e0, come san Giovanni: &#8220;conviene che Egli (Ges\u00f9) cresca e io diminuisca&#8221;.\u00a0 In Avvento, quindi, possiamo fare l&#8217;esercizio di collocarci nella nostra realt\u00e0 esistenziale, spirituale e religiosa. In qualche modo rivivere la scoperta di Copernico e scoprire, meravigliati, che il centro non siamo noi, ma Ges\u00f9, e prendere le misure, dare passi decisi, in modo che effettivamente, e non solo nei nostri desideri o nelle nostre parole, Ges\u00f9 sia il centro della nostra vita.<\/p>\n<p>Spesso, inoltre, possiamo avere il &#8220;complesso del Battista&#8221;. In cosa consiste? Nel sentirci come lui: &#8220;voce che grida nel deserto: preparate la via del Signore&#8221; (<em>Giovanni<\/em> 1, 23, vedi <em>Isaia<\/em> 40, 3). A volte sentiamo che il nostro grido cade nel deserto, in terra arida, nessuno ci ascolta, tutti ci ignorano. A volte i cristiani ci sentiamo incompresi nel mondo, se non estranei. Tuttavia, non dobbiamo smettere di esercitare la nostra missione profetica nel seno della societ\u00e0. Dio ne tiene conto, anche se sembra che non ci siano frutti. Qualcosa di simile \u00e8 successo al Battista: la sua missione consisteva nel preparare il popolo d&#8217;Israele a ricevere il suo Messia, ma, come spiega l&#8217;altro san Giovanni nel prologo del suo Vangelo: &#8220;venne a casa sua, e i suoi non lo accolsero&#8221; (<em>Giovanni<\/em> 1, 11), alla fine il popolo d&#8217;Israele non accett\u00f2 il suo Messia e lo crocifisse. I disegni di Dio sono imperscrutabili, ma Dio ha contato sulla missione di san Giovanni Battista, cos\u00ec come conta sulla nostra.<\/p>\n<p>Proclamare, in mezzo al mondo, che la fine del mondo \u00e8 trascendente a questo mondo, anche se il mondo sembra non ascoltarci. Come direbbe <em>Pink Floyd: &#8220;Keep talking&#8221;<\/em>, continua a parlare, continua a seminare il seme della Parola, che lo Spirito Santo trover\u00e0 il modo di farlo fruttificare e fecondare il mondo e la societ\u00e0. Non stancarti di parlare, non cessare di proclamare &#8220;la buona notizia&#8221;, &#8220;con o senza occasione&#8221;, &#8220;opportunamente o inopportunamente&#8221; (in parole di san Paolo). La dimensione del Battista nella nostra vita \u00e8 parte della nostra vocazione battesimale, del carisma profetico con cui siamo unti quando riceviamo il carattere sacramentale nel battesimo e nella confermazione. In particolare con quest&#8217;ultimo sacramento, che ci d\u00e0 la grazia e ci capacita a dare testimonianza pubblica della nostra fede. E questo in modo naturale, senza esagerazioni o cose strane, in mezzo alla societ\u00e0, attraverso la nostra vita familiare, professionale o sociale, servendoci dell&#8217;amicizia, testimoniamo Cristo. Sentiamo dentro di noi la forza di questa missione, la responsabilit\u00e0 di essere all&#8217;altezza di essa, e l&#8217;impegno affinch\u00e9 la nostra vita sia coerente con essa, come lo fu quella di san Giovanni Battista con la sua missione di Precursore; se di qualcosa non si pu\u00f2 dubitare, \u00e8 dell&#8217;autenticit\u00e0 del personaggio, a lui chiediamo anche di incoronare con il sigillo dell&#8217;autenticit\u00e0 la nostra intera vita cristiana.<\/p>\n<\/div>\n<\/div>\n<\/div>\n<\/div>\n<div class=\"response-container-footer ng-tns-c1101355977-72\">\n<div class=\"actions-container-v2 ng-star-inserted\"><\/div>\n<\/div>\n<\/div>\n<\/div>\n<\/div>\n<\/div>\n<div class=\"bottom-container ng-tns-c69747195-2 narrow-container ng-star-inserted\">\n<div class=\"input-area-container ng-tns-c69747195-2\">\n<div class=\"input-area ng-tns-c3635082307-5\" data-node-type=\"input-area\">\n<div class=\"image-uploader ng-star-inserted\"><\/div>\n<div class=\"text-input-field ng-tns-c3635082307-5 ng-star-inserted\">\n<div class=\"text-input-field_textarea-wrapper ng-tns-c3635082307-5\">\n<div class=\"text-input-field-main-area ng-tns-c3635082307-5\">\n<div class=\"text-input-field_textarea-inner ng-tns-c3635082307-5\"><\/div>\n<\/div>\n<\/div>\n<\/div>\n<\/div>\n<\/div>\n<\/div>\n","protected":false},"excerpt":{"rendered":"<p>Non stancarti di parlare, non cessare di proclamare &#8220;la buona novella&#8221;<\/p>\n","protected":false},"author":116,"featured_media":90382,"comment_status":"closed","ping_status":"closed","sticky":false,"template":"","format":"standard","meta":{"_acf_changed":false,"_crdt_document":"","inline_featured_image":false,"footnotes":""},"categories":[73,95],"tags":[7750,11610,4952],"class_list":["post-90381","post","type-post","status-publish","format-standard","has-post-thumbnail","hentry","category-chiesa-e-mondo","category-spiritualita","tag-avvento","tag-san-giovanni-battista","tag-trending-it"],"acf":[],"yoast_head":"<!-- This site is optimized with the Yoast SEO plugin v27.5 - https:\/\/yoast.com\/product\/yoast-seo-wordpress\/ -->\n<title>Protagonista dell&#039;Avvento: San Giovanni Battista &#8211; Exaudi<\/title>\n<meta name=\"robots\" content=\"index, follow, max-snippet:-1, max-image-preview:large, max-video-preview:-1\" \/>\n<link rel=\"canonical\" href=\"https:\/\/exaudi.org\/it\/protagonista-dellavvento-san-giovanni-battista\/\" \/>\n<meta property=\"og:locale\" content=\"it_IT\" \/>\n<meta property=\"og:type\" content=\"article\" \/>\n<meta property=\"og:title\" content=\"Protagonista dell&#039;Avvento: San Giovanni Battista &#8211; Exaudi\" \/>\n<meta property=\"og:description\" content=\"Non stancarti di parlare, non cessare di proclamare &quot;la buona novella&quot;\" \/>\n<meta property=\"og:url\" content=\"https:\/\/exaudi.org\/it\/protagonista-dellavvento-san-giovanni-battista\/\" \/>\n<meta property=\"og:site_name\" content=\"Exaudi\" \/>\n<meta property=\"article:publisher\" content=\"https:\/\/www.facebook.com\/ExaudiNews\" \/>\n<meta property=\"article:published_time\" content=\"2023-12-14T20:14:37+00:00\" \/>\n<meta property=\"og:image\" content=\"https:\/\/exaudi.org\/wp-content\/uploads\/2023\/12\/Anton_Raphael_Mengs_-_St._John_the_Baptist_Preaching_in_the_Wilderness_-_Google_Art_Project-scaled-e1702293970925-1155x770-1.jpg\" \/>\n\t<meta property=\"og:image:width\" content=\"1155\" \/>\n\t<meta property=\"og:image:height\" content=\"770\" \/>\n\t<meta property=\"og:image:type\" content=\"image\/jpeg\" \/>\n<meta name=\"author\" content=\"Salvador Fabre\" \/>\n<meta name=\"twitter:card\" content=\"summary_large_image\" \/>\n<meta name=\"twitter:creator\" content=\"@Exaudi_News\" \/>\n<meta name=\"twitter:site\" content=\"@Exaudi_News\" \/>\n<meta name=\"twitter:label1\" content=\"Scritto da\" \/>\n\t<meta name=\"twitter:data1\" content=\"Salvador Fabre\" \/>\n\t<meta name=\"twitter:label2\" content=\"Tempo di lettura stimato\" \/>\n\t<meta name=\"twitter:data2\" content=\"6 minuti\" \/>\n<script type=\"application\/ld+json\" class=\"yoast-schema-graph\">{\"@context\":\"https:\\\/\\\/schema.org\",\"@graph\":[{\"@type\":\"Article\",\"@id\":\"https:\\\/\\\/exaudi.org\\\/it\\\/protagonista-dellavvento-san-giovanni-battista\\\/#article\",\"isPartOf\":{\"@id\":\"https:\\\/\\\/exaudi.org\\\/it\\\/protagonista-dellavvento-san-giovanni-battista\\\/\"},\"author\":{\"name\":\"Salvador Fabre\",\"@id\":\"https:\\\/\\\/exaudi.org\\\/#\\\/schema\\\/person\\\/29b1dbd9f3952eecacfc704ca1a473a8\"},\"headline\":\"Protagonista dell&#8217;Avvento: San Giovanni Battista\",\"datePublished\":\"2023-12-14T20:14:37+00:00\",\"mainEntityOfPage\":{\"@id\":\"https:\\\/\\\/exaudi.org\\\/it\\\/protagonista-dellavvento-san-giovanni-battista\\\/\"},\"wordCount\":1157,\"image\":{\"@id\":\"https:\\\/\\\/exaudi.org\\\/it\\\/protagonista-dellavvento-san-giovanni-battista\\\/#primaryimage\"},\"thumbnailUrl\":\"https:\\\/\\\/exaudi.org\\\/wp-content\\\/uploads\\\/2023\\\/12\\\/Anton_Raphael_Mengs_-_St._John_the_Baptist_Preaching_in_the_Wilderness_-_Google_Art_Project-scaled-e1702293970925-1155x770-1.jpg\",\"keywords\":[\"Avvento\",\"San Giovanni Battista\",\"Trending\"],\"articleSection\":[\"Chiesa e Mondo\",\"Spiritualit\u00e0\"],\"inLanguage\":\"it-IT\"},{\"@type\":\"WebPage\",\"@id\":\"https:\\\/\\\/exaudi.org\\\/it\\\/protagonista-dellavvento-san-giovanni-battista\\\/\",\"url\":\"https:\\\/\\\/exaudi.org\\\/it\\\/protagonista-dellavvento-san-giovanni-battista\\\/\",\"name\":\"Protagonista dell'Avvento: San Giovanni Battista &#8211; Exaudi\",\"isPartOf\":{\"@id\":\"https:\\\/\\\/exaudi.org\\\/#website\"},\"primaryImageOfPage\":{\"@id\":\"https:\\\/\\\/exaudi.org\\\/it\\\/protagonista-dellavvento-san-giovanni-battista\\\/#primaryimage\"},\"image\":{\"@id\":\"https:\\\/\\\/exaudi.org\\\/it\\\/protagonista-dellavvento-san-giovanni-battista\\\/#primaryimage\"},\"thumbnailUrl\":\"https:\\\/\\\/exaudi.org\\\/wp-content\\\/uploads\\\/2023\\\/12\\\/Anton_Raphael_Mengs_-_St._John_the_Baptist_Preaching_in_the_Wilderness_-_Google_Art_Project-scaled-e1702293970925-1155x770-1.jpg\",\"datePublished\":\"2023-12-14T20:14:37+00:00\",\"author\":{\"@id\":\"https:\\\/\\\/exaudi.org\\\/#\\\/schema\\\/person\\\/29b1dbd9f3952eecacfc704ca1a473a8\"},\"breadcrumb\":{\"@id\":\"https:\\\/\\\/exaudi.org\\\/it\\\/protagonista-dellavvento-san-giovanni-battista\\\/#breadcrumb\"},\"inLanguage\":\"it-IT\",\"potentialAction\":[{\"@type\":\"ReadAction\",\"target\":[\"https:\\\/\\\/exaudi.org\\\/it\\\/protagonista-dellavvento-san-giovanni-battista\\\/\"]}]},{\"@type\":\"ImageObject\",\"inLanguage\":\"it-IT\",\"@id\":\"https:\\\/\\\/exaudi.org\\\/it\\\/protagonista-dellavvento-san-giovanni-battista\\\/#primaryimage\",\"url\":\"https:\\\/\\\/exaudi.org\\\/wp-content\\\/uploads\\\/2023\\\/12\\\/Anton_Raphael_Mengs_-_St._John_the_Baptist_Preaching_in_the_Wilderness_-_Google_Art_Project-scaled-e1702293970925-1155x770-1.jpg\",\"contentUrl\":\"https:\\\/\\\/exaudi.org\\\/wp-content\\\/uploads\\\/2023\\\/12\\\/Anton_Raphael_Mengs_-_St._John_the_Baptist_Preaching_in_the_Wilderness_-_Google_Art_Project-scaled-e1702293970925-1155x770-1.jpg\",\"width\":1155,\"height\":770},{\"@type\":\"BreadcrumbList\",\"@id\":\"https:\\\/\\\/exaudi.org\\\/it\\\/protagonista-dellavvento-san-giovanni-battista\\\/#breadcrumb\",\"itemListElement\":[{\"@type\":\"ListItem\",\"position\":1,\"name\":\"Portada\",\"item\":\"https:\\\/\\\/exaudi.org\\\/it\\\/\"},{\"@type\":\"ListItem\",\"position\":2,\"name\":\"Protagonista dell&#8217;Avvento: San Giovanni Battista\"}]},{\"@type\":\"WebSite\",\"@id\":\"https:\\\/\\\/exaudi.org\\\/#website\",\"url\":\"https:\\\/\\\/exaudi.org\\\/\",\"name\":\"Exaudi\",\"description\":\"News\",\"potentialAction\":[{\"@type\":\"SearchAction\",\"target\":{\"@type\":\"EntryPoint\",\"urlTemplate\":\"https:\\\/\\\/exaudi.org\\\/?s={search_term_string}\"},\"query-input\":{\"@type\":\"PropertyValueSpecification\",\"valueRequired\":true,\"valueName\":\"search_term_string\"}}],\"inLanguage\":\"it-IT\"},{\"@type\":\"Person\",\"@id\":\"https:\\\/\\\/exaudi.org\\\/#\\\/schema\\\/person\\\/29b1dbd9f3952eecacfc704ca1a473a8\",\"name\":\"Salvador Fabre\",\"image\":{\"@type\":\"ImageObject\",\"inLanguage\":\"it-IT\",\"@id\":\"https:\\\/\\\/secure.gravatar.com\\\/avatar\\\/8d1a5a78ba86b9a8255e1c5b454943b9168b1dc31a275487309b73b631a7ac5d?s=96&d=mm&r=g\",\"url\":\"https:\\\/\\\/secure.gravatar.com\\\/avatar\\\/8d1a5a78ba86b9a8255e1c5b454943b9168b1dc31a275487309b73b631a7ac5d?s=96&d=mm&r=g\",\"contentUrl\":\"https:\\\/\\\/secure.gravatar.com\\\/avatar\\\/8d1a5a78ba86b9a8255e1c5b454943b9168b1dc31a275487309b73b631a7ac5d?s=96&d=mm&r=g\",\"caption\":\"Salvador Fabre\"},\"description\":\"Doctor en filosof\u00eda - Pensar en Cristiano\",\"url\":\"https:\\\/\\\/exaudi.org\\\/it\\\/author\\\/dr-salvador-fabre\\\/\"}]}<\/script>\n<!-- \/ Yoast SEO plugin. -->","yoast_head_json":{"title":"Protagonista dell'Avvento: San Giovanni Battista &#8211; Exaudi","robots":{"index":"index","follow":"follow","max-snippet":"max-snippet:-1","max-image-preview":"max-image-preview:large","max-video-preview":"max-video-preview:-1"},"canonical":"https:\/\/exaudi.org\/it\/protagonista-dellavvento-san-giovanni-battista\/","og_locale":"it_IT","og_type":"article","og_title":"Protagonista dell'Avvento: San Giovanni Battista &#8211; Exaudi","og_description":"Non stancarti di parlare, non cessare di proclamare \"la buona novella\"","og_url":"https:\/\/exaudi.org\/it\/protagonista-dellavvento-san-giovanni-battista\/","og_site_name":"Exaudi","article_publisher":"https:\/\/www.facebook.com\/ExaudiNews","article_published_time":"2023-12-14T20:14:37+00:00","og_image":[{"width":1155,"height":770,"url":"https:\/\/exaudi.org\/wp-content\/uploads\/2023\/12\/Anton_Raphael_Mengs_-_St._John_the_Baptist_Preaching_in_the_Wilderness_-_Google_Art_Project-scaled-e1702293970925-1155x770-1.jpg","type":"image\/jpeg"}],"author":"Salvador Fabre","twitter_card":"summary_large_image","twitter_creator":"@Exaudi_News","twitter_site":"@Exaudi_News","twitter_misc":{"Scritto da":"Salvador Fabre","Tempo di lettura stimato":"6 minuti"},"schema":{"@context":"https:\/\/schema.org","@graph":[{"@type":"Article","@id":"https:\/\/exaudi.org\/it\/protagonista-dellavvento-san-giovanni-battista\/#article","isPartOf":{"@id":"https:\/\/exaudi.org\/it\/protagonista-dellavvento-san-giovanni-battista\/"},"author":{"name":"Salvador Fabre","@id":"https:\/\/exaudi.org\/#\/schema\/person\/29b1dbd9f3952eecacfc704ca1a473a8"},"headline":"Protagonista dell&#8217;Avvento: San Giovanni Battista","datePublished":"2023-12-14T20:14:37+00:00","mainEntityOfPage":{"@id":"https:\/\/exaudi.org\/it\/protagonista-dellavvento-san-giovanni-battista\/"},"wordCount":1157,"image":{"@id":"https:\/\/exaudi.org\/it\/protagonista-dellavvento-san-giovanni-battista\/#primaryimage"},"thumbnailUrl":"https:\/\/exaudi.org\/wp-content\/uploads\/2023\/12\/Anton_Raphael_Mengs_-_St._John_the_Baptist_Preaching_in_the_Wilderness_-_Google_Art_Project-scaled-e1702293970925-1155x770-1.jpg","keywords":["Avvento","San Giovanni Battista","Trending"],"articleSection":["Chiesa e Mondo","Spiritualit\u00e0"],"inLanguage":"it-IT"},{"@type":"WebPage","@id":"https:\/\/exaudi.org\/it\/protagonista-dellavvento-san-giovanni-battista\/","url":"https:\/\/exaudi.org\/it\/protagonista-dellavvento-san-giovanni-battista\/","name":"Protagonista dell'Avvento: San Giovanni Battista &#8211; Exaudi","isPartOf":{"@id":"https:\/\/exaudi.org\/#website"},"primaryImageOfPage":{"@id":"https:\/\/exaudi.org\/it\/protagonista-dellavvento-san-giovanni-battista\/#primaryimage"},"image":{"@id":"https:\/\/exaudi.org\/it\/protagonista-dellavvento-san-giovanni-battista\/#primaryimage"},"thumbnailUrl":"https:\/\/exaudi.org\/wp-content\/uploads\/2023\/12\/Anton_Raphael_Mengs_-_St._John_the_Baptist_Preaching_in_the_Wilderness_-_Google_Art_Project-scaled-e1702293970925-1155x770-1.jpg","datePublished":"2023-12-14T20:14:37+00:00","author":{"@id":"https:\/\/exaudi.org\/#\/schema\/person\/29b1dbd9f3952eecacfc704ca1a473a8"},"breadcrumb":{"@id":"https:\/\/exaudi.org\/it\/protagonista-dellavvento-san-giovanni-battista\/#breadcrumb"},"inLanguage":"it-IT","potentialAction":[{"@type":"ReadAction","target":["https:\/\/exaudi.org\/it\/protagonista-dellavvento-san-giovanni-battista\/"]}]},{"@type":"ImageObject","inLanguage":"it-IT","@id":"https:\/\/exaudi.org\/it\/protagonista-dellavvento-san-giovanni-battista\/#primaryimage","url":"https:\/\/exaudi.org\/wp-content\/uploads\/2023\/12\/Anton_Raphael_Mengs_-_St._John_the_Baptist_Preaching_in_the_Wilderness_-_Google_Art_Project-scaled-e1702293970925-1155x770-1.jpg","contentUrl":"https:\/\/exaudi.org\/wp-content\/uploads\/2023\/12\/Anton_Raphael_Mengs_-_St._John_the_Baptist_Preaching_in_the_Wilderness_-_Google_Art_Project-scaled-e1702293970925-1155x770-1.jpg","width":1155,"height":770},{"@type":"BreadcrumbList","@id":"https:\/\/exaudi.org\/it\/protagonista-dellavvento-san-giovanni-battista\/#breadcrumb","itemListElement":[{"@type":"ListItem","position":1,"name":"Portada","item":"https:\/\/exaudi.org\/it\/"},{"@type":"ListItem","position":2,"name":"Protagonista dell&#8217;Avvento: San Giovanni Battista"}]},{"@type":"WebSite","@id":"https:\/\/exaudi.org\/#website","url":"https:\/\/exaudi.org\/","name":"Exaudi","description":"News","potentialAction":[{"@type":"SearchAction","target":{"@type":"EntryPoint","urlTemplate":"https:\/\/exaudi.org\/?s={search_term_string}"},"query-input":{"@type":"PropertyValueSpecification","valueRequired":true,"valueName":"search_term_string"}}],"inLanguage":"it-IT"},{"@type":"Person","@id":"https:\/\/exaudi.org\/#\/schema\/person\/29b1dbd9f3952eecacfc704ca1a473a8","name":"Salvador Fabre","image":{"@type":"ImageObject","inLanguage":"it-IT","@id":"https:\/\/secure.gravatar.com\/avatar\/8d1a5a78ba86b9a8255e1c5b454943b9168b1dc31a275487309b73b631a7ac5d?s=96&d=mm&r=g","url":"https:\/\/secure.gravatar.com\/avatar\/8d1a5a78ba86b9a8255e1c5b454943b9168b1dc31a275487309b73b631a7ac5d?s=96&d=mm&r=g","contentUrl":"https:\/\/secure.gravatar.com\/avatar\/8d1a5a78ba86b9a8255e1c5b454943b9168b1dc31a275487309b73b631a7ac5d?s=96&d=mm&r=g","caption":"Salvador Fabre"},"description":"Doctor en filosof\u00eda - Pensar en Cristiano","url":"https:\/\/exaudi.org\/it\/author\/dr-salvador-fabre\/"}]}},"jetpack_featured_media_url":"https:\/\/exaudi.org\/wp-content\/uploads\/2023\/12\/Anton_Raphael_Mengs_-_St._John_the_Baptist_Preaching_in_the_Wilderness_-_Google_Art_Project-scaled-e1702293970925-1155x770-1.jpg","jetpack_shortlink":"https:\/\/wp.me\/pgKjF2-nvL","_links":{"self":[{"href":"https:\/\/exaudi.org\/it\/wp-json\/wp\/v2\/posts\/90381","targetHints":{"allow":["GET"]}}],"collection":[{"href":"https:\/\/exaudi.org\/it\/wp-json\/wp\/v2\/posts"}],"about":[{"href":"https:\/\/exaudi.org\/it\/wp-json\/wp\/v2\/types\/post"}],"author":[{"embeddable":true,"href":"https:\/\/exaudi.org\/it\/wp-json\/wp\/v2\/users\/116"}],"replies":[{"embeddable":true,"href":"https:\/\/exaudi.org\/it\/wp-json\/wp\/v2\/comments?post=90381"}],"version-history":[{"count":0,"href":"https:\/\/exaudi.org\/it\/wp-json\/wp\/v2\/posts\/90381\/revisions"}],"wp:featuredmedia":[{"embeddable":true,"href":"https:\/\/exaudi.org\/it\/wp-json\/wp\/v2\/media\/90382"}],"wp:attachment":[{"href":"https:\/\/exaudi.org\/it\/wp-json\/wp\/v2\/media?parent=90381"}],"wp:term":[{"taxonomy":"category","embeddable":true,"href":"https:\/\/exaudi.org\/it\/wp-json\/wp\/v2\/categories?post=90381"},{"taxonomy":"post_tag","embeddable":true,"href":"https:\/\/exaudi.org\/it\/wp-json\/wp\/v2\/tags?post=90381"}],"curies":[{"name":"wp","href":"https:\/\/api.w.org\/{rel}","templated":true}]}}