{"id":90291,"date":"2023-12-13T20:11:07","date_gmt":"2023-12-13T19:11:07","guid":{"rendered":"https:\/\/exaudi.org\/?p=90291"},"modified":"2023-12-14T02:55:36","modified_gmt":"2023-12-14T01:55:36","slug":"accontentarsi-della-fede-del-carbonaio","status":"publish","type":"post","link":"https:\/\/exaudi.org\/it\/accontentarsi-della-fede-del-carbonaio\/","title":{"rendered":"Accontentarsi della fede del carbonaio?"},"content":{"rendered":"<p>Quando si parla di catechesi, quasi tutti associano il termine a un&#8217;attivit\u00e0 di formazione alla fede con i bambini. Tuttavia, 44 anni fa l&#8217;Esortazione apostolica <em>Catechesi tradendae<\/em> (n. 43) definiva la catechesi degli adulti come &#8220;problema centrale&#8221; e &#8220;forma principale di catechesi&#8221;. Questo insegnamento \u00e8 stato successivamente confermato e ricordato nel Direttorio per la catechesi (n. 77).<\/p>\n<p>San Giovanni Paolo II ha spiegato alcune delle ragioni di questo insegnamento:<\/p>\n<p><em>&#8220;Sono gli adulti, infatti, padri e madri di famiglia, una volta educati alla fede, che daranno la prima e fondamentale istruzione religiosa ai propri figli nell&#8217;intimit\u00e0 della &#8220;chiesa domestica&#8221;; sono gli adulti che possono dare una valida testimonianza cristiana ai giovani in via di ricerca e di maturazione (Apostolicam actuositatem, 12); sono loro, infine, che, avendo scoperto la validit\u00e0 della vocazione cristiana radicata nel battesimo, parteciperanno alla missione salvifica della Chiesa, come preziosi soggetti attivi (&#8230; )&#8221; (Giovanni Paolo II, VI Sessione Plenaria del Consiglio Internazionale per la Catechesi, 24-29. X.1988)<\/em><\/p>\n<p><strong>La fede del carbonaio<\/strong><\/p>\n<p>Bisogna ammettere che, dopo quasi mezzo secolo, l&#8217;insegnamento ha avuto un impatto relativamente scarso nel mondo cattolico. In pratica, la grande maggioranza dei fedeli si accontenta di ci\u00f2 che ha imparato da bambino o da adolescente. Inoltre, c&#8217;\u00e8 chi propone come ideale cristiano &#8220;la fede del carbonaio&#8221; &#8211; un&#8217;espressione cos\u00ec spesso ripetuta da Unamuno nell&#8217;<em>Agonia della cristianit\u00e0<\/em>: la fede semplice e ferma dei semplici di cuore, la fede di chi non pretende prove e non conosce argomenti.<\/p>\n<p>Nell&#8217;attuale contesto culturale, \u00e8 urgente prestare attenzione al fenomeno dell'&#8221;ignoranza religiosa&#8221;. \u00c8 quanto ha detto Benedetto XVI in un incontro con i vescovi svizzeri nel 2006:<\/p>\n<p><em>&#8220;Credo che tutti dobbiamo impegnarci seriamente, come sempre, per un rinnovamento della catechesi in cui sia fondamentale il coraggio di testimoniare la propria fede e di trovare i modi adatti per farla capire e accogliere, perch\u00e9 l&#8217;ignoranza religiosa ha raggiunto un livello spaventoso [die religi\u00f6se Unwissenheit ist heute <strong>erschreckend gro\u00df<\/strong> geworden]&#8221;. In Germania, tuttavia, i bambini ricevono la catechesi per almeno dieci anni, quindi dovrebbero sapere molto. Per questo motivo, naturalmente, dobbiamo riflettere seriamente sulla nostra capacit\u00e0 di trovare modi di comunicare la conoscenza, anche se in modo semplice, in modo che la cultura della fede sia presente&#8221;. (Discorso di Benedetto XVI, 7 novembre 2006).<\/em><\/p>\n<p>Il fatto citato da Papa Benedetto \u00e8 certamente uno motivi di riflessione: come \u00e8 possibile che la situazione della fede in un Paese come la Germania sia cos\u00ec nonostante 10 anni di catechesi per i bambini? \u00c8 possibile accontentarsi della fede del carbonaro, quando le ideologie e la corrente secolarizzante stanno spazzando via tanti cattolici ignari?<\/p>\n<p><strong>Spostare l&#8217;attenzione<\/strong><\/p>\n<p>Pu\u00f2 essere opportuno indirizzare lo sforzo di rinnovamento della catechesi verso il campo della catechesi degli adulti. Tutti dovrebbero essere consapevoli che la catechesi si rivolge a persone mature, cos\u00ec come sono state le persone mature a ricevere l&#8217;insegnamento di Cristo, il primo catechista, direttamente dalle sue labbra. E questo, per molte ragioni:<\/p>\n<ul>\n<li>Perch\u00e9 solo gli adulti sono &#8220;capaci di un&#8217;adesione pienamente responsabile&#8221; (cfr. Direttorio per la Catechesi, n. 77).<\/li>\n<li>Perch\u00e9 la fede si trasmette in famiglia: n\u00e9 la parrocchia n\u00e9 la scuola devono assumersi una responsabilit\u00e0 che non \u00e8 loro. \u00c8 opportuno aiutare i genitori a svolgere il loro compito, senza sostituirsi a loro (cfr. Direttorio per la Catechesi, n. 124), e per farlo \u00e8 necessario ricatechizzarli.<\/li>\n<li>Perch\u00e9 molti hanno ricevuto la loro formazione religiosa da bambini, ma la vita adulta presenta sfide e domande complesse che richiedono una comprensione profonda e matura della fede.<\/li>\n<li>Perch\u00e9 la catechesi degli adulti aiuta a contestualizzare la fede nella vita quotidiana. Affrontando questioni rilevanti e sfide contemporanee da una prospettiva cristiana, gli adulti possono integrare meglio la loro fede in tutti gli ambiti della loro vita, come il lavoro, la famiglia e le relazioni personali.<\/li>\n<li>Perch\u00e9 la formazione di gruppo favorisce la costruzione di forti comunit\u00e0 di fede. Quando gli adulti condividono esperienze, dubbi e riflessioni, rafforzano il loro legame con la comunit\u00e0 e si sostengono reciprocamente nel loro cammino di fede.<\/li>\n<li>Perch\u00e9 permette di rispondere alle sfide contemporanee da una prospettiva cristiana. Questioni come l&#8217;etica, la bioetica, la giustizia sociale e altre devono essere discusse e analizzate alla luce dei principi fondamentali della fede cattolica.<\/li>\n<li>Perch\u00e9 rafforza l&#8217;identit\u00e0 cattolica degli adulti. Comprendendo meglio gli insegnamenti della Chiesa, possono vivere la loro fede in modo pi\u00f9 consapevole e impegnato e contribuire alla testimonianza cristiana nella societ\u00e0.<\/li>\n<li>Perch\u00e9 facilita una maggiore partecipazione e comprensione della liturgia e soprattutto dell&#8217;Eucaristia, che arricchisce notevolmente l&#8217;esperienza spirituale e aiuta a superare la tiepidezza e la mediocrit\u00e0.<\/li>\n<li>Perch\u00e9 la nuova evangelizzazione si ispira alla prima evangelizzazione, ai tempi della catechesi catecumenale, quando i cristiani erano una minoranza in un ambiente sociale ostile e il battesimo dei bambini non era diffuso.<\/li>\n<\/ul>\n<p><strong>\u00c8 possibile?<\/strong><\/p>\n<p>Il lettore di questo articolo si chieder\u00e0 sicuramente se sia realistico porre una simile sfida, quando l&#8217;interesse per la religione \u00e8 sceso a livelli minimi e, inoltre, il ritmo della vita si \u00e8 accelerato e sembra non lasciare tempo a nessuno per assumersi ulteriori obblighi.<\/p>\n<p>L&#8217;unica battaglia persa prima di essere combattuta \u00e8 quella che non viene combattuta. Per quanto possa sembrare difficile, sono convinto che molti cattolici siano pronti a svegliarsi, a imparare di pi\u00f9 e ad approfondire i contenuti della loro fede.<\/p>\n<p>Il progresso delle scienze dell&#8217;educazione, l&#8217;accettazione universale che l&#8217;educazione \u00e8 diventata necessaria &#8220;per la vita&#8221;, le opportunit\u00e0 offerte dalle tecnologie educative, la caparbia presa di coscienza che l&#8217;evangelizzazione di una societ\u00e0 non pu\u00f2 essere raggiunta se ci si occupa solo dei bambini, e le ragioni sopra citate sono argomenti sufficienti per stimolare iniziative in questa direzione, necessarie alla Chiesa per compiere la sua missione come lo sono le opere di carit\u00e0 (cura dei malati, dei poveri e dei sofferenti).<\/p>\n<p>Personalmente, mi sento coinvolto nella sfida di formare catechisti ed educatori (progetto #<a href=\"https:\/\/becat.online\/\">BeCaT<\/a>) e genitori (<a href=\"https:\/\/familiayfe.org\">https:\/\/familiayfe.org<\/a>). Ci sono sempre pi\u00f9 attivit\u00e0 in questo senso. Speriamo che, a poco a poco, si riesca a cambiare la percezione abituale della catechesi come qualcosa di rivolto ai bambini. La catechesi \u00e8 innanzitutto per gli adulti.<\/p>\n","protected":false},"excerpt":{"rendered":"<p>Catechesi degli adulti<\/p>\n","protected":false},"author":95,"featured_media":90115,"comment_status":"closed","ping_status":"closed","sticky":false,"template":"","format":"standard","meta":{"_acf_changed":false,"_crdt_document":"","inline_featured_image":false,"footnotes":""},"categories":[129],"tags":[11587,580,2701,1209,11588,4952],"class_list":["post-90291","post","type-post","status-publish","format-standard","has-post-thumbnail","hentry","category-voci","tag-adulti","tag-catechesi","tag-cuore","tag-fede","tag-semplice","tag-trending-it"],"acf":[],"yoast_head":"<!-- This site is optimized with the Yoast SEO plugin v27.4 - https:\/\/yoast.com\/product\/yoast-seo-wordpress\/ -->\n<title>Accontentarsi della fede del carbonaio? &#8211; Exaudi<\/title>\n<meta name=\"robots\" content=\"index, follow, max-snippet:-1, max-image-preview:large, max-video-preview:-1\" \/>\n<link rel=\"canonical\" href=\"https:\/\/exaudi.org\/it\/accontentarsi-della-fede-del-carbonaio\/\" \/>\n<meta property=\"og:locale\" content=\"it_IT\" \/>\n<meta property=\"og:type\" content=\"article\" \/>\n<meta property=\"og:title\" content=\"Accontentarsi della fede del carbonaio? &#8211; Exaudi\" \/>\n<meta property=\"og:description\" content=\"Catechesi degli adulti\" \/>\n<meta property=\"og:url\" content=\"https:\/\/exaudi.org\/it\/accontentarsi-della-fede-del-carbonaio\/\" \/>\n<meta property=\"og:site_name\" content=\"Exaudi\" \/>\n<meta property=\"article:publisher\" content=\"https:\/\/www.facebook.com\/ExaudiNews\" \/>\n<meta property=\"article:published_time\" content=\"2023-12-13T19:11:07+00:00\" \/>\n<meta property=\"article:modified_time\" content=\"2023-12-14T01:55:36+00:00\" \/>\n<meta property=\"og:image\" content=\"https:\/\/exaudi.org\/wp-content\/uploads\/2023\/12\/descarga-3.jpeg\" \/>\n\t<meta property=\"og:image:width\" content=\"569\" \/>\n\t<meta property=\"og:image:height\" content=\"320\" \/>\n\t<meta property=\"og:image:type\" content=\"image\/jpeg\" \/>\n<meta name=\"author\" content=\"Fernando Moreno\" \/>\n<meta name=\"twitter:card\" content=\"summary_large_image\" \/>\n<meta name=\"twitter:creator\" content=\"@Exaudi_News\" \/>\n<meta name=\"twitter:site\" content=\"@Exaudi_News\" \/>\n<meta name=\"twitter:label1\" content=\"Scritto da\" \/>\n\t<meta name=\"twitter:data1\" content=\"Fernando Moreno\" \/>\n\t<meta name=\"twitter:label2\" content=\"Tempo di lettura stimato\" \/>\n\t<meta name=\"twitter:data2\" content=\"5 minuti\" \/>\n<script type=\"application\/ld+json\" class=\"yoast-schema-graph\">{\"@context\":\"https:\\\/\\\/schema.org\",\"@graph\":[{\"@type\":\"Article\",\"@id\":\"https:\\\/\\\/exaudi.org\\\/it\\\/accontentarsi-della-fede-del-carbonaio\\\/#article\",\"isPartOf\":{\"@id\":\"https:\\\/\\\/exaudi.org\\\/it\\\/accontentarsi-della-fede-del-carbonaio\\\/\"},\"author\":{\"name\":\"Fernando Moreno\",\"@id\":\"https:\\\/\\\/exaudi.org\\\/#\\\/schema\\\/person\\\/f7be66f9b167acd77364fb22baf2df18\"},\"headline\":\"Accontentarsi della fede del carbonaio?\",\"datePublished\":\"2023-12-13T19:11:07+00:00\",\"dateModified\":\"2023-12-14T01:55:36+00:00\",\"mainEntityOfPage\":{\"@id\":\"https:\\\/\\\/exaudi.org\\\/it\\\/accontentarsi-della-fede-del-carbonaio\\\/\"},\"wordCount\":1003,\"image\":{\"@id\":\"https:\\\/\\\/exaudi.org\\\/it\\\/accontentarsi-della-fede-del-carbonaio\\\/#primaryimage\"},\"thumbnailUrl\":\"https:\\\/\\\/exaudi.org\\\/wp-content\\\/uploads\\\/2023\\\/12\\\/descarga-3.jpeg\",\"keywords\":[\"ADULTI\",\"catechesi\",\"cuore\",\"fede\",\"SEMPLICE\",\"Trending\"],\"articleSection\":[\"Voci\"],\"inLanguage\":\"it-IT\"},{\"@type\":\"WebPage\",\"@id\":\"https:\\\/\\\/exaudi.org\\\/it\\\/accontentarsi-della-fede-del-carbonaio\\\/\",\"url\":\"https:\\\/\\\/exaudi.org\\\/it\\\/accontentarsi-della-fede-del-carbonaio\\\/\",\"name\":\"Accontentarsi della fede del carbonaio? &#8211; Exaudi\",\"isPartOf\":{\"@id\":\"https:\\\/\\\/exaudi.org\\\/#website\"},\"primaryImageOfPage\":{\"@id\":\"https:\\\/\\\/exaudi.org\\\/it\\\/accontentarsi-della-fede-del-carbonaio\\\/#primaryimage\"},\"image\":{\"@id\":\"https:\\\/\\\/exaudi.org\\\/it\\\/accontentarsi-della-fede-del-carbonaio\\\/#primaryimage\"},\"thumbnailUrl\":\"https:\\\/\\\/exaudi.org\\\/wp-content\\\/uploads\\\/2023\\\/12\\\/descarga-3.jpeg\",\"datePublished\":\"2023-12-13T19:11:07+00:00\",\"dateModified\":\"2023-12-14T01:55:36+00:00\",\"author\":{\"@id\":\"https:\\\/\\\/exaudi.org\\\/#\\\/schema\\\/person\\\/f7be66f9b167acd77364fb22baf2df18\"},\"breadcrumb\":{\"@id\":\"https:\\\/\\\/exaudi.org\\\/it\\\/accontentarsi-della-fede-del-carbonaio\\\/#breadcrumb\"},\"inLanguage\":\"it-IT\",\"potentialAction\":[{\"@type\":\"ReadAction\",\"target\":[\"https:\\\/\\\/exaudi.org\\\/it\\\/accontentarsi-della-fede-del-carbonaio\\\/\"]}]},{\"@type\":\"ImageObject\",\"inLanguage\":\"it-IT\",\"@id\":\"https:\\\/\\\/exaudi.org\\\/it\\\/accontentarsi-della-fede-del-carbonaio\\\/#primaryimage\",\"url\":\"https:\\\/\\\/exaudi.org\\\/wp-content\\\/uploads\\\/2023\\\/12\\\/descarga-3.jpeg\",\"contentUrl\":\"https:\\\/\\\/exaudi.org\\\/wp-content\\\/uploads\\\/2023\\\/12\\\/descarga-3.jpeg\",\"width\":569,\"height\":320},{\"@type\":\"BreadcrumbList\",\"@id\":\"https:\\\/\\\/exaudi.org\\\/it\\\/accontentarsi-della-fede-del-carbonaio\\\/#breadcrumb\",\"itemListElement\":[{\"@type\":\"ListItem\",\"position\":1,\"name\":\"Portada\",\"item\":\"https:\\\/\\\/exaudi.org\\\/it\\\/\"},{\"@type\":\"ListItem\",\"position\":2,\"name\":\"Accontentarsi della fede del carbonaio?\"}]},{\"@type\":\"WebSite\",\"@id\":\"https:\\\/\\\/exaudi.org\\\/#website\",\"url\":\"https:\\\/\\\/exaudi.org\\\/\",\"name\":\"Exaudi\",\"description\":\"News\",\"potentialAction\":[{\"@type\":\"SearchAction\",\"target\":{\"@type\":\"EntryPoint\",\"urlTemplate\":\"https:\\\/\\\/exaudi.org\\\/?s={search_term_string}\"},\"query-input\":{\"@type\":\"PropertyValueSpecification\",\"valueRequired\":true,\"valueName\":\"search_term_string\"}}],\"inLanguage\":\"it-IT\"},{\"@type\":\"Person\",\"@id\":\"https:\\\/\\\/exaudi.org\\\/#\\\/schema\\\/person\\\/f7be66f9b167acd77364fb22baf2df18\",\"name\":\"Fernando Moreno\",\"image\":{\"@type\":\"ImageObject\",\"inLanguage\":\"it-IT\",\"@id\":\"https:\\\/\\\/secure.gravatar.com\\\/avatar\\\/89d06a32e238a5809ca3e34f462a4afe4c499cdb794f65c9ba8a1c6fe2f299bf?s=96&d=mm&r=g\",\"url\":\"https:\\\/\\\/secure.gravatar.com\\\/avatar\\\/89d06a32e238a5809ca3e34f462a4afe4c499cdb794f65c9ba8a1c6fe2f299bf?s=96&d=mm&r=g\",\"contentUrl\":\"https:\\\/\\\/secure.gravatar.com\\\/avatar\\\/89d06a32e238a5809ca3e34f462a4afe4c499cdb794f65c9ba8a1c6fe2f299bf?s=96&d=mm&r=g\",\"caption\":\"Fernando Moreno\"},\"description\":\"Director del Diploma en Did\u00e1ctica de la Catequesis de la Universidad Internacional de la Rioja (UNIR) y responsable de los proyectos #BeCaT (https:\\\/\\\/becat.online) y Catequesis Familiar (https:\\\/\\\/catequesisfamiliar.net), es doctor Europeo en Educaci\u00f3n (Universidad de Navarra), MSc in TQM (Sheffield Hallam University) y M\u00e1ster en Persona y Sociedad seg\u00fan Joseph Ratzinger (UNIR).\",\"url\":\"https:\\\/\\\/exaudi.org\\\/it\\\/author\\\/fernandomoreno\\\/\"}]}<\/script>\n<!-- \/ Yoast SEO plugin. -->","yoast_head_json":{"title":"Accontentarsi della fede del carbonaio? &#8211; Exaudi","robots":{"index":"index","follow":"follow","max-snippet":"max-snippet:-1","max-image-preview":"max-image-preview:large","max-video-preview":"max-video-preview:-1"},"canonical":"https:\/\/exaudi.org\/it\/accontentarsi-della-fede-del-carbonaio\/","og_locale":"it_IT","og_type":"article","og_title":"Accontentarsi della fede del carbonaio? &#8211; Exaudi","og_description":"Catechesi degli adulti","og_url":"https:\/\/exaudi.org\/it\/accontentarsi-della-fede-del-carbonaio\/","og_site_name":"Exaudi","article_publisher":"https:\/\/www.facebook.com\/ExaudiNews","article_published_time":"2023-12-13T19:11:07+00:00","article_modified_time":"2023-12-14T01:55:36+00:00","og_image":[{"width":569,"height":320,"url":"https:\/\/exaudi.org\/wp-content\/uploads\/2023\/12\/descarga-3.jpeg","type":"image\/jpeg"}],"author":"Fernando Moreno","twitter_card":"summary_large_image","twitter_creator":"@Exaudi_News","twitter_site":"@Exaudi_News","twitter_misc":{"Scritto da":"Fernando Moreno","Tempo di lettura stimato":"5 minuti"},"schema":{"@context":"https:\/\/schema.org","@graph":[{"@type":"Article","@id":"https:\/\/exaudi.org\/it\/accontentarsi-della-fede-del-carbonaio\/#article","isPartOf":{"@id":"https:\/\/exaudi.org\/it\/accontentarsi-della-fede-del-carbonaio\/"},"author":{"name":"Fernando Moreno","@id":"https:\/\/exaudi.org\/#\/schema\/person\/f7be66f9b167acd77364fb22baf2df18"},"headline":"Accontentarsi della fede del carbonaio?","datePublished":"2023-12-13T19:11:07+00:00","dateModified":"2023-12-14T01:55:36+00:00","mainEntityOfPage":{"@id":"https:\/\/exaudi.org\/it\/accontentarsi-della-fede-del-carbonaio\/"},"wordCount":1003,"image":{"@id":"https:\/\/exaudi.org\/it\/accontentarsi-della-fede-del-carbonaio\/#primaryimage"},"thumbnailUrl":"https:\/\/exaudi.org\/wp-content\/uploads\/2023\/12\/descarga-3.jpeg","keywords":["ADULTI","catechesi","cuore","fede","SEMPLICE","Trending"],"articleSection":["Voci"],"inLanguage":"it-IT"},{"@type":"WebPage","@id":"https:\/\/exaudi.org\/it\/accontentarsi-della-fede-del-carbonaio\/","url":"https:\/\/exaudi.org\/it\/accontentarsi-della-fede-del-carbonaio\/","name":"Accontentarsi della fede del carbonaio? &#8211; Exaudi","isPartOf":{"@id":"https:\/\/exaudi.org\/#website"},"primaryImageOfPage":{"@id":"https:\/\/exaudi.org\/it\/accontentarsi-della-fede-del-carbonaio\/#primaryimage"},"image":{"@id":"https:\/\/exaudi.org\/it\/accontentarsi-della-fede-del-carbonaio\/#primaryimage"},"thumbnailUrl":"https:\/\/exaudi.org\/wp-content\/uploads\/2023\/12\/descarga-3.jpeg","datePublished":"2023-12-13T19:11:07+00:00","dateModified":"2023-12-14T01:55:36+00:00","author":{"@id":"https:\/\/exaudi.org\/#\/schema\/person\/f7be66f9b167acd77364fb22baf2df18"},"breadcrumb":{"@id":"https:\/\/exaudi.org\/it\/accontentarsi-della-fede-del-carbonaio\/#breadcrumb"},"inLanguage":"it-IT","potentialAction":[{"@type":"ReadAction","target":["https:\/\/exaudi.org\/it\/accontentarsi-della-fede-del-carbonaio\/"]}]},{"@type":"ImageObject","inLanguage":"it-IT","@id":"https:\/\/exaudi.org\/it\/accontentarsi-della-fede-del-carbonaio\/#primaryimage","url":"https:\/\/exaudi.org\/wp-content\/uploads\/2023\/12\/descarga-3.jpeg","contentUrl":"https:\/\/exaudi.org\/wp-content\/uploads\/2023\/12\/descarga-3.jpeg","width":569,"height":320},{"@type":"BreadcrumbList","@id":"https:\/\/exaudi.org\/it\/accontentarsi-della-fede-del-carbonaio\/#breadcrumb","itemListElement":[{"@type":"ListItem","position":1,"name":"Portada","item":"https:\/\/exaudi.org\/it\/"},{"@type":"ListItem","position":2,"name":"Accontentarsi della fede del carbonaio?"}]},{"@type":"WebSite","@id":"https:\/\/exaudi.org\/#website","url":"https:\/\/exaudi.org\/","name":"Exaudi","description":"News","potentialAction":[{"@type":"SearchAction","target":{"@type":"EntryPoint","urlTemplate":"https:\/\/exaudi.org\/?s={search_term_string}"},"query-input":{"@type":"PropertyValueSpecification","valueRequired":true,"valueName":"search_term_string"}}],"inLanguage":"it-IT"},{"@type":"Person","@id":"https:\/\/exaudi.org\/#\/schema\/person\/f7be66f9b167acd77364fb22baf2df18","name":"Fernando Moreno","image":{"@type":"ImageObject","inLanguage":"it-IT","@id":"https:\/\/secure.gravatar.com\/avatar\/89d06a32e238a5809ca3e34f462a4afe4c499cdb794f65c9ba8a1c6fe2f299bf?s=96&d=mm&r=g","url":"https:\/\/secure.gravatar.com\/avatar\/89d06a32e238a5809ca3e34f462a4afe4c499cdb794f65c9ba8a1c6fe2f299bf?s=96&d=mm&r=g","contentUrl":"https:\/\/secure.gravatar.com\/avatar\/89d06a32e238a5809ca3e34f462a4afe4c499cdb794f65c9ba8a1c6fe2f299bf?s=96&d=mm&r=g","caption":"Fernando Moreno"},"description":"Director del Diploma en Did\u00e1ctica de la Catequesis de la Universidad Internacional de la Rioja (UNIR) y responsable de los proyectos #BeCaT (https:\/\/becat.online) y Catequesis Familiar (https:\/\/catequesisfamiliar.net), es doctor Europeo en Educaci\u00f3n (Universidad de Navarra), MSc in TQM (Sheffield Hallam University) y M\u00e1ster en Persona y Sociedad seg\u00fan Joseph Ratzinger (UNIR).","url":"https:\/\/exaudi.org\/it\/author\/fernandomoreno\/"}]}},"jetpack_featured_media_url":"https:\/\/exaudi.org\/wp-content\/uploads\/2023\/12\/descarga-3.jpeg","jetpack_shortlink":"https:\/\/wp.me\/pgKjF2-nuj","_links":{"self":[{"href":"https:\/\/exaudi.org\/it\/wp-json\/wp\/v2\/posts\/90291","targetHints":{"allow":["GET"]}}],"collection":[{"href":"https:\/\/exaudi.org\/it\/wp-json\/wp\/v2\/posts"}],"about":[{"href":"https:\/\/exaudi.org\/it\/wp-json\/wp\/v2\/types\/post"}],"author":[{"embeddable":true,"href":"https:\/\/exaudi.org\/it\/wp-json\/wp\/v2\/users\/95"}],"replies":[{"embeddable":true,"href":"https:\/\/exaudi.org\/it\/wp-json\/wp\/v2\/comments?post=90291"}],"version-history":[{"count":0,"href":"https:\/\/exaudi.org\/it\/wp-json\/wp\/v2\/posts\/90291\/revisions"}],"wp:featuredmedia":[{"embeddable":true,"href":"https:\/\/exaudi.org\/it\/wp-json\/wp\/v2\/media\/90115"}],"wp:attachment":[{"href":"https:\/\/exaudi.org\/it\/wp-json\/wp\/v2\/media?parent=90291"}],"wp:term":[{"taxonomy":"category","embeddable":true,"href":"https:\/\/exaudi.org\/it\/wp-json\/wp\/v2\/categories?post=90291"},{"taxonomy":"post_tag","embeddable":true,"href":"https:\/\/exaudi.org\/it\/wp-json\/wp\/v2\/tags?post=90291"}],"curies":[{"name":"wp","href":"https:\/\/api.w.org\/{rel}","templated":true}]}}