{"id":90203,"date":"2023-12-12T23:34:45","date_gmt":"2023-12-12T22:34:45","guid":{"rendered":"https:\/\/exaudi.org\/?p=90203"},"modified":"2023-12-13T10:50:55","modified_gmt":"2023-12-13T09:50:55","slug":"santa-messa-in-occasione-della-festa-di-nostra-signora-di-guadalupe","status":"publish","type":"post","link":"https:\/\/exaudi.org\/it\/santa-messa-in-occasione-della-festa-di-nostra-signora-di-guadalupe\/","title":{"rendered":"Santa Messa in occasione della festa di Nostra Signora di Guadalupe"},"content":{"rendered":"<p>Innanzitutto, l&#8217;immagine della Vergine impressa sulla tilma \u00e8 una rappresentazione della Chiesa, che \u00e8 il corpo di Cristo nel mondo. La Chiesa \u00e8 chiamata a essere umile, ad accogliere il dono delle virt\u00f9 di Dio e a profumare il mondo con opere di bene.<\/p>\n<p>In secondo luogo, i fiori che la Madonna chiede a Juan Diego di raccogliere rappresentano le virt\u00f9 che il Signore infonde nei nostri cuori. Il gesto di raccoglierli ci ricorda di accogliere queste virt\u00f9 con gratitudine e di metterle in pratica nella nostra vita quotidiana.<\/p>\n<p>In terzo luogo, le parole della Madonna: &#8220;Non sono forse qui, che sono tua madre?&#8221;, ci ricordano che \u00e8 sempre con noi, che ci ama e ci protegge. Questo messaggio ci d\u00e0 speranza e forza nei momenti difficili.<\/p>\n<p>Infine, Papa Francesco sottolinea che il messaggio di Guadalupe non deve essere usato per sostenere ideologie sociali o politiche. Il messaggio di Guadalupe \u00e8 un messaggio di amore, pace e unit\u00e0.<\/p>\n<h3><strong>L&#8217;omelia di Papa Francesco<\/strong><\/h3>\n<p>La prima cosa che viene in mente \u00e8 l&#8217;immagine della Madonna impressa sulla tilma.<\/p>\n<p>\u00c8 l&#8217;immagine del primo discepolo, della madre dei credenti, della Chiesa stessa, che \u00e8 impressa nell&#8217;umilt\u00e0 di ci\u00f2 che siamo e di ci\u00f2 che abbiamo, che non vale molto, ma che sar\u00e0 qualcosa di grande agli occhi di Dio. \u00c8 impresso nella tilma.<\/p>\n<p>La Madonna chiede a Juan Diego di fare un piccolo lavoro, raccogliere dei fiori. I fiori, nella mistica, significano le virt\u00f9 che il Signore infonde nel cuore, non sono opera nostra. L&#8217;atto di raccoglierli ci rivela che Dio vuole che accettiamo questo dono, per profumare la nostra debole realt\u00e0 con opere di bene, eliminando l&#8217;odio e la paura.<\/p>\n<p>Se si guarda al messaggio di Guadalupe, le parole della Madonna: &#8220;Non sono forse qui, che sono tua madre&#8221;, assumono un nuovo significato. Questo &#8220;essere&#8221; della Vergine, questo &#8220;essere&#8221; deve rimanere impresso in modo permanente su queste povere vesti, profumate dalle virt\u00f9 raccolte in un mondo che sembra incapace di produrle. Virt\u00f9 che riempiono la nostra povert\u00e0 nella semplicit\u00e0 dei piccoli gesti d&#8217;amore, che illuminano la nostra tilma, senza che ce ne accorgiamo, con l&#8217;immagine di una Chiesa che porta Cristo nel suo seno.<\/p>\n<p>L&#8217;immagine, la tilma, le rose, questo \u00e8 il messaggio. Cos\u00ec semplice, senza fronzoli. Insieme alla certezza che \u00e8 mia madre, che \u00e8 qui. E questo messaggio ci difende da tante ideologie sociali e politiche con cui questa realt\u00e0 guadalupana viene spesso usata per giustificarsi, giustificare e fare soldi. Il messaggio guadalupano non tollera ideologie di alcun tipo. Solo l&#8217;immagine, la tilma, le rose.<\/p>\n","protected":false},"excerpt":{"rendered":"<p>Le parole di Papa Francesco nell&#8217;omelia<\/p>\n","protected":false},"author":17,"featured_media":90213,"comment_status":"closed","ping_status":"closed","sticky":false,"template":"","format":"standard","meta":{"_acf_changed":false,"_crdt_document":"","inline_featured_image":false,"footnotes":""},"categories":[67,113],"tags":[2487,11563,251],"class_list":["post-90203","post","type-post","status-publish","format-standard","has-post-thumbnail","hentry","category-leone-xiv","category-omelie","tag-featured-3","tag-nostra-signora-di-guadalupe","tag-papa-francesco"],"acf":[],"yoast_head":"<!-- This site is optimized with the Yoast SEO plugin v27.5 - https:\/\/yoast.com\/product\/yoast-seo-wordpress\/ -->\n<title>Santa Messa in occasione della festa di Nostra Signora di Guadalupe &#8211; Exaudi<\/title>\n<meta name=\"robots\" content=\"index, follow, max-snippet:-1, max-image-preview:large, max-video-preview:-1\" \/>\n<link rel=\"canonical\" href=\"https:\/\/exaudi.org\/it\/santa-messa-in-occasione-della-festa-di-nostra-signora-di-guadalupe\/\" \/>\n<meta property=\"og:locale\" content=\"it_IT\" \/>\n<meta property=\"og:type\" content=\"article\" \/>\n<meta property=\"og:title\" content=\"Santa Messa in occasione della festa di Nostra Signora di Guadalupe &#8211; Exaudi\" \/>\n<meta property=\"og:description\" content=\"Le parole di Papa Francesco nell&#039;omelia\" \/>\n<meta property=\"og:url\" content=\"https:\/\/exaudi.org\/it\/santa-messa-in-occasione-della-festa-di-nostra-signora-di-guadalupe\/\" \/>\n<meta property=\"og:site_name\" content=\"Exaudi\" \/>\n<meta property=\"article:publisher\" content=\"https:\/\/www.facebook.com\/ExaudiNews\" \/>\n<meta property=\"article:author\" content=\"https:\/\/www.facebook.com\/ExaudiNotizie\/\" \/>\n<meta property=\"article:published_time\" content=\"2023-12-12T22:34:45+00:00\" \/>\n<meta property=\"article:modified_time\" content=\"2023-12-13T09:50:55+00:00\" \/>\n<meta property=\"og:image\" content=\"https:\/\/exaudi.org\/wp-content\/uploads\/2023\/12\/cq5dam.web_.800.800-6.jpeg\" \/>\n\t<meta property=\"og:image:width\" content=\"800\" \/>\n\t<meta property=\"og:image:height\" content=\"533\" \/>\n\t<meta property=\"og:image:type\" content=\"image\/jpeg\" \/>\n<meta name=\"author\" content=\"Exaudi Redazione\" \/>\n<meta name=\"twitter:card\" content=\"summary_large_image\" \/>\n<meta name=\"twitter:creator\" content=\"@Exaudi_Notizie\" \/>\n<meta name=\"twitter:site\" content=\"@Exaudi_News\" \/>\n<meta name=\"twitter:label1\" content=\"Scritto da\" \/>\n\t<meta name=\"twitter:data1\" content=\"Exaudi Redazione\" \/>\n\t<meta name=\"twitter:label2\" content=\"Tempo di lettura stimato\" \/>\n\t<meta name=\"twitter:data2\" content=\"2 minuti\" \/>\n<script type=\"application\/ld+json\" class=\"yoast-schema-graph\">{\"@context\":\"https:\\\/\\\/schema.org\",\"@graph\":[{\"@type\":\"Article\",\"@id\":\"https:\\\/\\\/exaudi.org\\\/it\\\/santa-messa-in-occasione-della-festa-di-nostra-signora-di-guadalupe\\\/#article\",\"isPartOf\":{\"@id\":\"https:\\\/\\\/exaudi.org\\\/it\\\/santa-messa-in-occasione-della-festa-di-nostra-signora-di-guadalupe\\\/\"},\"author\":{\"name\":\"Exaudi Redazione\",\"@id\":\"https:\\\/\\\/exaudi.org\\\/#\\\/schema\\\/person\\\/e1ab6ed07c01774724dd96f925f3a5f0\"},\"headline\":\"Santa Messa in occasione della festa di Nostra Signora di Guadalupe\",\"datePublished\":\"2023-12-12T22:34:45+00:00\",\"dateModified\":\"2023-12-13T09:50:55+00:00\",\"mainEntityOfPage\":{\"@id\":\"https:\\\/\\\/exaudi.org\\\/it\\\/santa-messa-in-occasione-della-festa-di-nostra-signora-di-guadalupe\\\/\"},\"wordCount\":434,\"image\":{\"@id\":\"https:\\\/\\\/exaudi.org\\\/it\\\/santa-messa-in-occasione-della-festa-di-nostra-signora-di-guadalupe\\\/#primaryimage\"},\"thumbnailUrl\":\"https:\\\/\\\/exaudi.org\\\/wp-content\\\/uploads\\\/2023\\\/12\\\/cq5dam.web_.800.800-6.jpeg\",\"keywords\":[\"Featured\",\"Nostra Signora di Guadalupe\",\"Papa Francesco\"],\"articleSection\":[\"Leone XIV\",\"Omelie\"],\"inLanguage\":\"it-IT\"},{\"@type\":\"WebPage\",\"@id\":\"https:\\\/\\\/exaudi.org\\\/it\\\/santa-messa-in-occasione-della-festa-di-nostra-signora-di-guadalupe\\\/\",\"url\":\"https:\\\/\\\/exaudi.org\\\/it\\\/santa-messa-in-occasione-della-festa-di-nostra-signora-di-guadalupe\\\/\",\"name\":\"Santa Messa in occasione della festa di Nostra Signora di Guadalupe &#8211; Exaudi\",\"isPartOf\":{\"@id\":\"https:\\\/\\\/exaudi.org\\\/#website\"},\"primaryImageOfPage\":{\"@id\":\"https:\\\/\\\/exaudi.org\\\/it\\\/santa-messa-in-occasione-della-festa-di-nostra-signora-di-guadalupe\\\/#primaryimage\"},\"image\":{\"@id\":\"https:\\\/\\\/exaudi.org\\\/it\\\/santa-messa-in-occasione-della-festa-di-nostra-signora-di-guadalupe\\\/#primaryimage\"},\"thumbnailUrl\":\"https:\\\/\\\/exaudi.org\\\/wp-content\\\/uploads\\\/2023\\\/12\\\/cq5dam.web_.800.800-6.jpeg\",\"datePublished\":\"2023-12-12T22:34:45+00:00\",\"dateModified\":\"2023-12-13T09:50:55+00:00\",\"author\":{\"@id\":\"https:\\\/\\\/exaudi.org\\\/#\\\/schema\\\/person\\\/e1ab6ed07c01774724dd96f925f3a5f0\"},\"breadcrumb\":{\"@id\":\"https:\\\/\\\/exaudi.org\\\/it\\\/santa-messa-in-occasione-della-festa-di-nostra-signora-di-guadalupe\\\/#breadcrumb\"},\"inLanguage\":\"it-IT\",\"potentialAction\":[{\"@type\":\"ReadAction\",\"target\":[\"https:\\\/\\\/exaudi.org\\\/it\\\/santa-messa-in-occasione-della-festa-di-nostra-signora-di-guadalupe\\\/\"]}]},{\"@type\":\"ImageObject\",\"inLanguage\":\"it-IT\",\"@id\":\"https:\\\/\\\/exaudi.org\\\/it\\\/santa-messa-in-occasione-della-festa-di-nostra-signora-di-guadalupe\\\/#primaryimage\",\"url\":\"https:\\\/\\\/exaudi.org\\\/wp-content\\\/uploads\\\/2023\\\/12\\\/cq5dam.web_.800.800-6.jpeg\",\"contentUrl\":\"https:\\\/\\\/exaudi.org\\\/wp-content\\\/uploads\\\/2023\\\/12\\\/cq5dam.web_.800.800-6.jpeg\",\"width\":800,\"height\":533,\"caption\":\"Vatican Media\"},{\"@type\":\"BreadcrumbList\",\"@id\":\"https:\\\/\\\/exaudi.org\\\/it\\\/santa-messa-in-occasione-della-festa-di-nostra-signora-di-guadalupe\\\/#breadcrumb\",\"itemListElement\":[{\"@type\":\"ListItem\",\"position\":1,\"name\":\"Portada\",\"item\":\"https:\\\/\\\/exaudi.org\\\/it\\\/\"},{\"@type\":\"ListItem\",\"position\":2,\"name\":\"Santa Messa in occasione della festa di Nostra Signora di Guadalupe\"}]},{\"@type\":\"WebSite\",\"@id\":\"https:\\\/\\\/exaudi.org\\\/#website\",\"url\":\"https:\\\/\\\/exaudi.org\\\/\",\"name\":\"Exaudi\",\"description\":\"News\",\"potentialAction\":[{\"@type\":\"SearchAction\",\"target\":{\"@type\":\"EntryPoint\",\"urlTemplate\":\"https:\\\/\\\/exaudi.org\\\/?s={search_term_string}\"},\"query-input\":{\"@type\":\"PropertyValueSpecification\",\"valueRequired\":true,\"valueName\":\"search_term_string\"}}],\"inLanguage\":\"it-IT\"},{\"@type\":\"Person\",\"@id\":\"https:\\\/\\\/exaudi.org\\\/#\\\/schema\\\/person\\\/e1ab6ed07c01774724dd96f925f3a5f0\",\"name\":\"Exaudi Redazione\",\"image\":{\"@type\":\"ImageObject\",\"inLanguage\":\"it-IT\",\"@id\":\"https:\\\/\\\/secure.gravatar.com\\\/avatar\\\/ad6774b3ada023bf5b939d64f45c94b3adf91502dd883507d469b4308a943bb3?s=96&d=mm&r=g\",\"url\":\"https:\\\/\\\/secure.gravatar.com\\\/avatar\\\/ad6774b3ada023bf5b939d64f45c94b3adf91502dd883507d469b4308a943bb3?s=96&d=mm&r=g\",\"contentUrl\":\"https:\\\/\\\/secure.gravatar.com\\\/avatar\\\/ad6774b3ada023bf5b939d64f45c94b3adf91502dd883507d469b4308a943bb3?s=96&d=mm&r=g\",\"caption\":\"Exaudi Redazione\"},\"description\":\"Che cosa \u00e8 Exaudi News? Exaudi News \u00e8 un agenzia cattolica internazionale che informa, istruisce e trasforma quotidianamente in spagnolo, inglese e italiano. Attraverso notizie, articoli di analisi e trasmissioni in diretta degli eventi del Papa, Exaudi cerca di rafforzare l'unit\u00e0 dei cristiani e di contribuire all'evangelizzazione del mondo, sempre guidato dalla dottrina sociale della Chiesa. Lavoriamo per portare la verit\u00e0 e i valori cristiani in ogni angolo del pianeta. Aiutaci a trasformare il mondo con Exaudi! Noi di Exaudi crediamo che l'evangelizzazione e l'informazione di qualit\u00e0 possano cambiare la vita. Per continuare la nostra missione ed espandere la nostra portata, abbiamo bisogno del tuo aiuto. Stiamo anche cercando persone motivate che vogliano unirsi al nostro team. Grazie al vostro sostegno raggiungeremo pi\u00f9 persone, diffonderemo il messaggio di Cristo e rafforzeremo l'unit\u00e0 dei cristiani. Vuoi unirti alla nostra missione? Per maggiori informazioni su come contribuire, visita Exaudi.org\\\/it o contattaci direttamente: info@exaudi.org Exaudi: informa, forma e trasforma.\",\"sameAs\":[\"https:\\\/\\\/www.facebook.com\\\/ExaudiNotizie\\\/\",\"https:\\\/\\\/www.instagram.com\\\/Exaudi_notizie\\\/\",\"https:\\\/\\\/x.com\\\/Exaudi_Notizie\",\"https:\\\/\\\/www.youtube.com\\\/@exaudicatholicnews\"],\"url\":\"https:\\\/\\\/exaudi.org\\\/it\\\/author\\\/dlvedi-org\\\/\"}]}<\/script>\n<!-- \/ Yoast SEO plugin. -->","yoast_head_json":{"title":"Santa Messa in occasione della festa di Nostra Signora di Guadalupe &#8211; Exaudi","robots":{"index":"index","follow":"follow","max-snippet":"max-snippet:-1","max-image-preview":"max-image-preview:large","max-video-preview":"max-video-preview:-1"},"canonical":"https:\/\/exaudi.org\/it\/santa-messa-in-occasione-della-festa-di-nostra-signora-di-guadalupe\/","og_locale":"it_IT","og_type":"article","og_title":"Santa Messa in occasione della festa di Nostra Signora di Guadalupe &#8211; Exaudi","og_description":"Le parole di Papa Francesco nell'omelia","og_url":"https:\/\/exaudi.org\/it\/santa-messa-in-occasione-della-festa-di-nostra-signora-di-guadalupe\/","og_site_name":"Exaudi","article_publisher":"https:\/\/www.facebook.com\/ExaudiNews","article_author":"https:\/\/www.facebook.com\/ExaudiNotizie\/","article_published_time":"2023-12-12T22:34:45+00:00","article_modified_time":"2023-12-13T09:50:55+00:00","og_image":[{"width":800,"height":533,"url":"https:\/\/exaudi.org\/wp-content\/uploads\/2023\/12\/cq5dam.web_.800.800-6.jpeg","type":"image\/jpeg"}],"author":"Exaudi Redazione","twitter_card":"summary_large_image","twitter_creator":"@Exaudi_Notizie","twitter_site":"@Exaudi_News","twitter_misc":{"Scritto da":"Exaudi Redazione","Tempo di lettura stimato":"2 minuti"},"schema":{"@context":"https:\/\/schema.org","@graph":[{"@type":"Article","@id":"https:\/\/exaudi.org\/it\/santa-messa-in-occasione-della-festa-di-nostra-signora-di-guadalupe\/#article","isPartOf":{"@id":"https:\/\/exaudi.org\/it\/santa-messa-in-occasione-della-festa-di-nostra-signora-di-guadalupe\/"},"author":{"name":"Exaudi Redazione","@id":"https:\/\/exaudi.org\/#\/schema\/person\/e1ab6ed07c01774724dd96f925f3a5f0"},"headline":"Santa Messa in occasione della festa di Nostra Signora di Guadalupe","datePublished":"2023-12-12T22:34:45+00:00","dateModified":"2023-12-13T09:50:55+00:00","mainEntityOfPage":{"@id":"https:\/\/exaudi.org\/it\/santa-messa-in-occasione-della-festa-di-nostra-signora-di-guadalupe\/"},"wordCount":434,"image":{"@id":"https:\/\/exaudi.org\/it\/santa-messa-in-occasione-della-festa-di-nostra-signora-di-guadalupe\/#primaryimage"},"thumbnailUrl":"https:\/\/exaudi.org\/wp-content\/uploads\/2023\/12\/cq5dam.web_.800.800-6.jpeg","keywords":["Featured","Nostra Signora di Guadalupe","Papa Francesco"],"articleSection":["Leone XIV","Omelie"],"inLanguage":"it-IT"},{"@type":"WebPage","@id":"https:\/\/exaudi.org\/it\/santa-messa-in-occasione-della-festa-di-nostra-signora-di-guadalupe\/","url":"https:\/\/exaudi.org\/it\/santa-messa-in-occasione-della-festa-di-nostra-signora-di-guadalupe\/","name":"Santa Messa in occasione della festa di Nostra Signora di Guadalupe &#8211; Exaudi","isPartOf":{"@id":"https:\/\/exaudi.org\/#website"},"primaryImageOfPage":{"@id":"https:\/\/exaudi.org\/it\/santa-messa-in-occasione-della-festa-di-nostra-signora-di-guadalupe\/#primaryimage"},"image":{"@id":"https:\/\/exaudi.org\/it\/santa-messa-in-occasione-della-festa-di-nostra-signora-di-guadalupe\/#primaryimage"},"thumbnailUrl":"https:\/\/exaudi.org\/wp-content\/uploads\/2023\/12\/cq5dam.web_.800.800-6.jpeg","datePublished":"2023-12-12T22:34:45+00:00","dateModified":"2023-12-13T09:50:55+00:00","author":{"@id":"https:\/\/exaudi.org\/#\/schema\/person\/e1ab6ed07c01774724dd96f925f3a5f0"},"breadcrumb":{"@id":"https:\/\/exaudi.org\/it\/santa-messa-in-occasione-della-festa-di-nostra-signora-di-guadalupe\/#breadcrumb"},"inLanguage":"it-IT","potentialAction":[{"@type":"ReadAction","target":["https:\/\/exaudi.org\/it\/santa-messa-in-occasione-della-festa-di-nostra-signora-di-guadalupe\/"]}]},{"@type":"ImageObject","inLanguage":"it-IT","@id":"https:\/\/exaudi.org\/it\/santa-messa-in-occasione-della-festa-di-nostra-signora-di-guadalupe\/#primaryimage","url":"https:\/\/exaudi.org\/wp-content\/uploads\/2023\/12\/cq5dam.web_.800.800-6.jpeg","contentUrl":"https:\/\/exaudi.org\/wp-content\/uploads\/2023\/12\/cq5dam.web_.800.800-6.jpeg","width":800,"height":533,"caption":"Vatican Media"},{"@type":"BreadcrumbList","@id":"https:\/\/exaudi.org\/it\/santa-messa-in-occasione-della-festa-di-nostra-signora-di-guadalupe\/#breadcrumb","itemListElement":[{"@type":"ListItem","position":1,"name":"Portada","item":"https:\/\/exaudi.org\/it\/"},{"@type":"ListItem","position":2,"name":"Santa Messa in occasione della festa di Nostra Signora di Guadalupe"}]},{"@type":"WebSite","@id":"https:\/\/exaudi.org\/#website","url":"https:\/\/exaudi.org\/","name":"Exaudi","description":"News","potentialAction":[{"@type":"SearchAction","target":{"@type":"EntryPoint","urlTemplate":"https:\/\/exaudi.org\/?s={search_term_string}"},"query-input":{"@type":"PropertyValueSpecification","valueRequired":true,"valueName":"search_term_string"}}],"inLanguage":"it-IT"},{"@type":"Person","@id":"https:\/\/exaudi.org\/#\/schema\/person\/e1ab6ed07c01774724dd96f925f3a5f0","name":"Exaudi Redazione","image":{"@type":"ImageObject","inLanguage":"it-IT","@id":"https:\/\/secure.gravatar.com\/avatar\/ad6774b3ada023bf5b939d64f45c94b3adf91502dd883507d469b4308a943bb3?s=96&d=mm&r=g","url":"https:\/\/secure.gravatar.com\/avatar\/ad6774b3ada023bf5b939d64f45c94b3adf91502dd883507d469b4308a943bb3?s=96&d=mm&r=g","contentUrl":"https:\/\/secure.gravatar.com\/avatar\/ad6774b3ada023bf5b939d64f45c94b3adf91502dd883507d469b4308a943bb3?s=96&d=mm&r=g","caption":"Exaudi Redazione"},"description":"Che cosa \u00e8 Exaudi News? Exaudi News \u00e8 un agenzia cattolica internazionale che informa, istruisce e trasforma quotidianamente in spagnolo, inglese e italiano. Attraverso notizie, articoli di analisi e trasmissioni in diretta degli eventi del Papa, Exaudi cerca di rafforzare l'unit\u00e0 dei cristiani e di contribuire all'evangelizzazione del mondo, sempre guidato dalla dottrina sociale della Chiesa. Lavoriamo per portare la verit\u00e0 e i valori cristiani in ogni angolo del pianeta. Aiutaci a trasformare il mondo con Exaudi! Noi di Exaudi crediamo che l'evangelizzazione e l'informazione di qualit\u00e0 possano cambiare la vita. Per continuare la nostra missione ed espandere la nostra portata, abbiamo bisogno del tuo aiuto. Stiamo anche cercando persone motivate che vogliano unirsi al nostro team. Grazie al vostro sostegno raggiungeremo pi\u00f9 persone, diffonderemo il messaggio di Cristo e rafforzeremo l'unit\u00e0 dei cristiani. Vuoi unirti alla nostra missione? Per maggiori informazioni su come contribuire, visita Exaudi.org\/it o contattaci direttamente: info@exaudi.org Exaudi: informa, forma e trasforma.","sameAs":["https:\/\/www.facebook.com\/ExaudiNotizie\/","https:\/\/www.instagram.com\/Exaudi_notizie\/","https:\/\/x.com\/Exaudi_Notizie","https:\/\/www.youtube.com\/@exaudicatholicnews"],"url":"https:\/\/exaudi.org\/it\/author\/dlvedi-org\/"}]}},"jetpack_featured_media_url":"https:\/\/exaudi.org\/wp-content\/uploads\/2023\/12\/cq5dam.web_.800.800-6.jpeg","jetpack_shortlink":"https:\/\/wp.me\/pgKjF2-nsT","_links":{"self":[{"href":"https:\/\/exaudi.org\/it\/wp-json\/wp\/v2\/posts\/90203","targetHints":{"allow":["GET"]}}],"collection":[{"href":"https:\/\/exaudi.org\/it\/wp-json\/wp\/v2\/posts"}],"about":[{"href":"https:\/\/exaudi.org\/it\/wp-json\/wp\/v2\/types\/post"}],"author":[{"embeddable":true,"href":"https:\/\/exaudi.org\/it\/wp-json\/wp\/v2\/users\/17"}],"replies":[{"embeddable":true,"href":"https:\/\/exaudi.org\/it\/wp-json\/wp\/v2\/comments?post=90203"}],"version-history":[{"count":0,"href":"https:\/\/exaudi.org\/it\/wp-json\/wp\/v2\/posts\/90203\/revisions"}],"wp:featuredmedia":[{"embeddable":true,"href":"https:\/\/exaudi.org\/it\/wp-json\/wp\/v2\/media\/90213"}],"wp:attachment":[{"href":"https:\/\/exaudi.org\/it\/wp-json\/wp\/v2\/media?parent=90203"}],"wp:term":[{"taxonomy":"category","embeddable":true,"href":"https:\/\/exaudi.org\/it\/wp-json\/wp\/v2\/categories?post=90203"},{"taxonomy":"post_tag","embeddable":true,"href":"https:\/\/exaudi.org\/it\/wp-json\/wp\/v2\/tags?post=90203"}],"curies":[{"name":"wp","href":"https:\/\/api.w.org\/{rel}","templated":true}]}}