{"id":90170,"date":"2025-12-12T17:49:24","date_gmt":"2025-12-12T16:49:24","guid":{"rendered":"https:\/\/exaudi.org\/?p=90170"},"modified":"2025-12-12T17:58:40","modified_gmt":"2025-12-12T16:58:40","slug":"la-vergine-di-guadalupe-regina-del-messico","status":"publish","type":"post","link":"https:\/\/exaudi.org\/it\/la-vergine-di-guadalupe-regina-del-messico\/","title":{"rendered":"La Vergine di Guadalupe, Regina del Messico"},"content":{"rendered":"<p>Il sacerdote <a href=\"https:\/\/exaudi.org\/es\/author\/rafaelmosteyrin\/\">Rafael de Mosteyr\u00edn<\/a> propone questo articolo sulla Vergine di Guadalupe, Regina del Messico, in occasione della sua festa, il 12 dicembre.<\/p>\n<p>***<\/p>\n<p>Nel dicembre del 1531 erano passati dieci anni dalla conquista della citt\u00e0 del Messico da parte di Hern\u00e1n Cort\u00e9s. L&#8217;indio Juan Diego stava camminando da Cuautitl\u00e1n verso la collina di Tepeyac. In quel momento sent\u00ec una bella musica, che lo attir\u00f2 in modo molto piacevole. Incontr\u00f2 una bellissima Signora, che gli parl\u00f2 con parole materne. &#8220;Juan Diego, figlio mio, dove stai andando? Egli rispose che stava andando a Tlatelolco per ascoltare la Messa. La Signora aggiunse: &#8220;Io sono la sempre Vergine Maria, Madre del vero Dio&#8221;.<\/p>\n<p>I dialoghi tra la Vergine Maria e san Juan Diego sono davvero toccanti. &#8220;Juan Dieguito, figlio mio minore, non lasciare che il tuo cuore sia turbato; non sono forse qui io, che sono tua madre? Non sono forse la fonte della tua gioia? Non sei forse nell&#8217;incavo del mio mantello, nella piega delle mie braccia?&#8221;. Juan Diego risponde: &#8220;Mia Signora, figlia mia, mia giovanissima, mia giovane, mia bambina, mia piccola, come sei sorta? Ti senti bene nel tuo amato corpicino, figlia mia?&#8221;.<\/p>\n<p>La Vergine le chiede di andare dal vescovo Zumarraga, per dirgli che desidera far erigere un tempio in quel luogo, dove mostrare la sua clemenza e consolare tutti coloro che si rivolgono a lei. Il Vescovo rispose che voleva una prova dell&#8217;autenticit\u00e0 del messaggio.<\/p>\n<p>Seguirono diverse apparizioni. Juan Diego non osa andare dal Vescovo. Un giorno devia per non incontrare la Vergine, perch\u00e9 ha fretta. Ma la Madonna gli viene incontro. Juan Diego le dice che sta andando a trovare suo zio Juan Bernardino, che \u00e8 malato. La Vergine lo guarisce completamente nell&#8217;apparizione successiva.<\/p>\n<p>Juan Diego ottiene la prova che chiedeva per dimostrare che la Vergine Maria gli era apparsa. Trov\u00f2 delle rose, come quelle di Castiglia, in pieno inverno. Le raccolse nella sua tilma &#8211; una specie di mantello di stoffa indossato dagli indios &#8211; e la port\u00f2 al vescovo. Davanti a lui stese la tilma e fu allora che apparve misteriosamente l&#8217;immagine della Vergine di Guadalupe dipinta su di essa. Quasi cinque secoli dopo \u00e8 rimasta esattamente la stessa.<\/p>\n<p>Non si sa come, con quali mezzi o con quali materiali la bella immagine della Madonna possa essere stata stampata sulla tilma. Colpisce anche la perfetta conservazione della tilma di Juan Diego, fatta di normale filato, che avrebbe dovuto essere disfatta solo pochi decenni dopo.<\/p>\n<p>La figura che rappresenta l&#8217;immagine della Vergine di Guadalupe \u00e8 molto bella, armoniosa e semplice. Gli scienziati della NASA, che l&#8217;hanno recentemente studiata, hanno evidenziato che le stelle del suo manto sono in numero pari alle costellazioni visibili nel cielo del nord nello stesso luogo e momento delle apparizioni.<\/p>\n<p>Gli occhi dell&#8217;immagine sono stati studiati da diversi ricercatori. L&#8217;iride della Vergine mostra Juan Diego che dispiega la tilma e mostra i fiori al vescovo. Sono presenti anche due figure di uomo, un indigeno seduto e un uomo barbuto dai tratti europei, in piedi. Si vede anche il volto di una donna dai tratti neri, che si stupisce del fatto.<\/p>\n<p>Perch\u00e9 si chiama Guadalupe e non Tepeyac? \u00c8 vero che c&#8217;era una Vergine con questo nome in Estremadura, la patria di Cort\u00e9s. Colombo vi si rec\u00f2 prima di partire per la sua spedizione di scoperta e diede il nome di Guadalupe a un&#8217;isola delle Indie Occidentali. Ma le due immagini sono completamente diverse. Tutto ci\u00f2 che si sa \u00e8 che la Vergine disse allo zio di Juan Diego, Juan Bernardino, che desiderava essere invocata con il nome di Santa Maria di Guadalupe, un nome arabo che significa fiume di luce.<\/p>\n<p>Ed \u00e8 questo che la Guadalupana rappresenta per ogni messicano: luce e consolazione, gioia e speranza. Ogni messicano porta la Guadalupana nel suo cuore, e la Vergine porta loro. \u00c8 la Regina del Messico e l&#8217;Imperatrice d&#8217;America. \u00c8 anche il santuario della Vergine pi\u00f9 visitato al mondo.<\/p>\n","protected":false},"excerpt":{"rendered":"<p>Luce e consolazione, gioia e speranza<\/p>\n","protected":false},"author":21,"featured_media":90171,"comment_status":"closed","ping_status":"closed","sticky":false,"template":"","format":"standard","meta":{"_acf_changed":false,"_crdt_document":"","inline_featured_image":false,"footnotes":""},"categories":[73,95],"tags":[64851,7626,1300,64787,4952,11555],"class_list":["post-90170","post","type-post","status-publish","format-standard","has-post-thumbnail","hentry","category-chiesa-e-mondo","category-spiritualita","tag-featured-it-2","tag-featured-it","tag-messico","tag-trending-it-236","tag-trending-it","tag-vergine-di-guadalupe"],"acf":[],"yoast_head":"<!-- This site is optimized with the Yoast SEO plugin v27.4 - https:\/\/yoast.com\/product\/yoast-seo-wordpress\/ -->\n<title>La Vergine di Guadalupe, Regina del Messico &#8211; Exaudi<\/title>\n<meta name=\"robots\" content=\"index, follow, max-snippet:-1, max-image-preview:large, max-video-preview:-1\" \/>\n<link rel=\"canonical\" href=\"https:\/\/exaudi.org\/it\/la-vergine-di-guadalupe-regina-del-messico\/\" \/>\n<meta property=\"og:locale\" content=\"it_IT\" \/>\n<meta property=\"og:type\" content=\"article\" \/>\n<meta property=\"og:title\" content=\"La Vergine di Guadalupe, Regina del Messico &#8211; Exaudi\" \/>\n<meta property=\"og:description\" content=\"Luce e consolazione, gioia e speranza\" \/>\n<meta property=\"og:url\" content=\"https:\/\/exaudi.org\/it\/la-vergine-di-guadalupe-regina-del-messico\/\" \/>\n<meta property=\"og:site_name\" content=\"Exaudi\" \/>\n<meta property=\"article:publisher\" content=\"https:\/\/www.facebook.com\/ExaudiNews\" \/>\n<meta property=\"article:published_time\" content=\"2025-12-12T16:49:24+00:00\" \/>\n<meta property=\"article:modified_time\" content=\"2025-12-12T16:58:40+00:00\" \/>\n<meta property=\"og:image\" content=\"https:\/\/exaudi.org\/wp-content\/uploads\/2023\/12\/cathopic_1488650176561529-1400x933-1.jpg\" \/>\n\t<meta property=\"og:image:width\" content=\"1400\" \/>\n\t<meta property=\"og:image:height\" content=\"933\" \/>\n\t<meta property=\"og:image:type\" content=\"image\/jpeg\" \/>\n<meta name=\"author\" content=\"Rafael Mosteyr\u00edn\" \/>\n<meta name=\"twitter:card\" content=\"summary_large_image\" \/>\n<meta name=\"twitter:creator\" content=\"@Exaudi_News\" \/>\n<meta name=\"twitter:site\" content=\"@Exaudi_News\" \/>\n<meta name=\"twitter:label1\" content=\"Scritto da\" \/>\n\t<meta name=\"twitter:data1\" content=\"Rafael Mosteyr\u00edn\" \/>\n\t<meta name=\"twitter:label2\" content=\"Tempo di lettura stimato\" \/>\n\t<meta name=\"twitter:data2\" content=\"3 minuti\" \/>\n<script type=\"application\/ld+json\" class=\"yoast-schema-graph\">{\"@context\":\"https:\\\/\\\/schema.org\",\"@graph\":[{\"@type\":\"Article\",\"@id\":\"https:\\\/\\\/exaudi.org\\\/it\\\/la-vergine-di-guadalupe-regina-del-messico\\\/#article\",\"isPartOf\":{\"@id\":\"https:\\\/\\\/exaudi.org\\\/it\\\/la-vergine-di-guadalupe-regina-del-messico\\\/\"},\"author\":{\"name\":\"Rafael Mosteyr\u00edn\",\"@id\":\"https:\\\/\\\/exaudi.org\\\/#\\\/schema\\\/person\\\/f353f945f5324dc163c4081b5aa12fcb\"},\"headline\":\"La Vergine di Guadalupe, Regina del Messico\",\"datePublished\":\"2025-12-12T16:49:24+00:00\",\"dateModified\":\"2025-12-12T16:58:40+00:00\",\"mainEntityOfPage\":{\"@id\":\"https:\\\/\\\/exaudi.org\\\/it\\\/la-vergine-di-guadalupe-regina-del-messico\\\/\"},\"wordCount\":668,\"image\":{\"@id\":\"https:\\\/\\\/exaudi.org\\\/it\\\/la-vergine-di-guadalupe-regina-del-messico\\\/#primaryimage\"},\"thumbnailUrl\":\"https:\\\/\\\/exaudi.org\\\/wp-content\\\/uploads\\\/2023\\\/12\\\/cathopic_1488650176561529-1400x933-1.jpg\",\"keywords\":[\"Featured\",\"Featured\",\"Messico\",\"Trending\",\"Trending\",\"VERGINE DI GUADALUPE\"],\"articleSection\":[\"Chiesa e Mondo\",\"Spiritualit\u00e0\"],\"inLanguage\":\"it-IT\"},{\"@type\":\"WebPage\",\"@id\":\"https:\\\/\\\/exaudi.org\\\/it\\\/la-vergine-di-guadalupe-regina-del-messico\\\/\",\"url\":\"https:\\\/\\\/exaudi.org\\\/it\\\/la-vergine-di-guadalupe-regina-del-messico\\\/\",\"name\":\"La Vergine di Guadalupe, Regina del Messico &#8211; Exaudi\",\"isPartOf\":{\"@id\":\"https:\\\/\\\/exaudi.org\\\/#website\"},\"primaryImageOfPage\":{\"@id\":\"https:\\\/\\\/exaudi.org\\\/it\\\/la-vergine-di-guadalupe-regina-del-messico\\\/#primaryimage\"},\"image\":{\"@id\":\"https:\\\/\\\/exaudi.org\\\/it\\\/la-vergine-di-guadalupe-regina-del-messico\\\/#primaryimage\"},\"thumbnailUrl\":\"https:\\\/\\\/exaudi.org\\\/wp-content\\\/uploads\\\/2023\\\/12\\\/cathopic_1488650176561529-1400x933-1.jpg\",\"datePublished\":\"2025-12-12T16:49:24+00:00\",\"dateModified\":\"2025-12-12T16:58:40+00:00\",\"author\":{\"@id\":\"https:\\\/\\\/exaudi.org\\\/#\\\/schema\\\/person\\\/f353f945f5324dc163c4081b5aa12fcb\"},\"breadcrumb\":{\"@id\":\"https:\\\/\\\/exaudi.org\\\/it\\\/la-vergine-di-guadalupe-regina-del-messico\\\/#breadcrumb\"},\"inLanguage\":\"it-IT\",\"potentialAction\":[{\"@type\":\"ReadAction\",\"target\":[\"https:\\\/\\\/exaudi.org\\\/it\\\/la-vergine-di-guadalupe-regina-del-messico\\\/\"]}]},{\"@type\":\"ImageObject\",\"inLanguage\":\"it-IT\",\"@id\":\"https:\\\/\\\/exaudi.org\\\/it\\\/la-vergine-di-guadalupe-regina-del-messico\\\/#primaryimage\",\"url\":\"https:\\\/\\\/exaudi.org\\\/wp-content\\\/uploads\\\/2023\\\/12\\\/cathopic_1488650176561529-1400x933-1.jpg\",\"contentUrl\":\"https:\\\/\\\/exaudi.org\\\/wp-content\\\/uploads\\\/2023\\\/12\\\/cathopic_1488650176561529-1400x933-1.jpg\",\"width\":1400,\"height\":933},{\"@type\":\"BreadcrumbList\",\"@id\":\"https:\\\/\\\/exaudi.org\\\/it\\\/la-vergine-di-guadalupe-regina-del-messico\\\/#breadcrumb\",\"itemListElement\":[{\"@type\":\"ListItem\",\"position\":1,\"name\":\"Portada\",\"item\":\"https:\\\/\\\/exaudi.org\\\/it\\\/\"},{\"@type\":\"ListItem\",\"position\":2,\"name\":\"La Vergine di Guadalupe, Regina del Messico\"}]},{\"@type\":\"WebSite\",\"@id\":\"https:\\\/\\\/exaudi.org\\\/#website\",\"url\":\"https:\\\/\\\/exaudi.org\\\/\",\"name\":\"Exaudi\",\"description\":\"News\",\"potentialAction\":[{\"@type\":\"SearchAction\",\"target\":{\"@type\":\"EntryPoint\",\"urlTemplate\":\"https:\\\/\\\/exaudi.org\\\/?s={search_term_string}\"},\"query-input\":{\"@type\":\"PropertyValueSpecification\",\"valueRequired\":true,\"valueName\":\"search_term_string\"}}],\"inLanguage\":\"it-IT\"},{\"@type\":\"Person\",\"@id\":\"https:\\\/\\\/exaudi.org\\\/#\\\/schema\\\/person\\\/f353f945f5324dc163c4081b5aa12fcb\",\"name\":\"Rafael Mosteyr\u00edn\",\"image\":{\"@type\":\"ImageObject\",\"inLanguage\":\"it-IT\",\"@id\":\"https:\\\/\\\/secure.gravatar.com\\\/avatar\\\/27281f36e8c6433071aa858f3ba7cb1231e54d489be779f5b4d512db37f4128b?s=96&d=mm&r=g\",\"url\":\"https:\\\/\\\/secure.gravatar.com\\\/avatar\\\/27281f36e8c6433071aa858f3ba7cb1231e54d489be779f5b4d512db37f4128b?s=96&d=mm&r=g\",\"contentUrl\":\"https:\\\/\\\/secure.gravatar.com\\\/avatar\\\/27281f36e8c6433071aa858f3ba7cb1231e54d489be779f5b4d512db37f4128b?s=96&d=mm&r=g\",\"caption\":\"Rafael Mosteyr\u00edn\"},\"description\":\"Nacido en 1973 en Sevilla, y ordenado sacerdote en 2014 en Roma. Desde entonces he vivido en Barcelona y Sevilla, con estancias de colaboraci\u00f3n en Oberammergau (Alemania) y Huancavelica (Per\u00fa). Actualmente estoy en Sevilla, en la Iglesia del Se\u00f1or san Jos\u00e9 y en el colegio Ribamar.\",\"url\":\"https:\\\/\\\/exaudi.org\\\/it\\\/author\\\/rafaelmosteyrin\\\/\"}]}<\/script>\n<!-- \/ Yoast SEO plugin. -->","yoast_head_json":{"title":"La Vergine di Guadalupe, Regina del Messico &#8211; Exaudi","robots":{"index":"index","follow":"follow","max-snippet":"max-snippet:-1","max-image-preview":"max-image-preview:large","max-video-preview":"max-video-preview:-1"},"canonical":"https:\/\/exaudi.org\/it\/la-vergine-di-guadalupe-regina-del-messico\/","og_locale":"it_IT","og_type":"article","og_title":"La Vergine di Guadalupe, Regina del Messico &#8211; Exaudi","og_description":"Luce e consolazione, gioia e speranza","og_url":"https:\/\/exaudi.org\/it\/la-vergine-di-guadalupe-regina-del-messico\/","og_site_name":"Exaudi","article_publisher":"https:\/\/www.facebook.com\/ExaudiNews","article_published_time":"2025-12-12T16:49:24+00:00","article_modified_time":"2025-12-12T16:58:40+00:00","og_image":[{"width":1400,"height":933,"url":"https:\/\/exaudi.org\/wp-content\/uploads\/2023\/12\/cathopic_1488650176561529-1400x933-1.jpg","type":"image\/jpeg"}],"author":"Rafael Mosteyr\u00edn","twitter_card":"summary_large_image","twitter_creator":"@Exaudi_News","twitter_site":"@Exaudi_News","twitter_misc":{"Scritto da":"Rafael Mosteyr\u00edn","Tempo di lettura stimato":"3 minuti"},"schema":{"@context":"https:\/\/schema.org","@graph":[{"@type":"Article","@id":"https:\/\/exaudi.org\/it\/la-vergine-di-guadalupe-regina-del-messico\/#article","isPartOf":{"@id":"https:\/\/exaudi.org\/it\/la-vergine-di-guadalupe-regina-del-messico\/"},"author":{"name":"Rafael Mosteyr\u00edn","@id":"https:\/\/exaudi.org\/#\/schema\/person\/f353f945f5324dc163c4081b5aa12fcb"},"headline":"La Vergine di Guadalupe, Regina del Messico","datePublished":"2025-12-12T16:49:24+00:00","dateModified":"2025-12-12T16:58:40+00:00","mainEntityOfPage":{"@id":"https:\/\/exaudi.org\/it\/la-vergine-di-guadalupe-regina-del-messico\/"},"wordCount":668,"image":{"@id":"https:\/\/exaudi.org\/it\/la-vergine-di-guadalupe-regina-del-messico\/#primaryimage"},"thumbnailUrl":"https:\/\/exaudi.org\/wp-content\/uploads\/2023\/12\/cathopic_1488650176561529-1400x933-1.jpg","keywords":["Featured","Featured","Messico","Trending","Trending","VERGINE DI GUADALUPE"],"articleSection":["Chiesa e Mondo","Spiritualit\u00e0"],"inLanguage":"it-IT"},{"@type":"WebPage","@id":"https:\/\/exaudi.org\/it\/la-vergine-di-guadalupe-regina-del-messico\/","url":"https:\/\/exaudi.org\/it\/la-vergine-di-guadalupe-regina-del-messico\/","name":"La Vergine di Guadalupe, Regina del Messico &#8211; Exaudi","isPartOf":{"@id":"https:\/\/exaudi.org\/#website"},"primaryImageOfPage":{"@id":"https:\/\/exaudi.org\/it\/la-vergine-di-guadalupe-regina-del-messico\/#primaryimage"},"image":{"@id":"https:\/\/exaudi.org\/it\/la-vergine-di-guadalupe-regina-del-messico\/#primaryimage"},"thumbnailUrl":"https:\/\/exaudi.org\/wp-content\/uploads\/2023\/12\/cathopic_1488650176561529-1400x933-1.jpg","datePublished":"2025-12-12T16:49:24+00:00","dateModified":"2025-12-12T16:58:40+00:00","author":{"@id":"https:\/\/exaudi.org\/#\/schema\/person\/f353f945f5324dc163c4081b5aa12fcb"},"breadcrumb":{"@id":"https:\/\/exaudi.org\/it\/la-vergine-di-guadalupe-regina-del-messico\/#breadcrumb"},"inLanguage":"it-IT","potentialAction":[{"@type":"ReadAction","target":["https:\/\/exaudi.org\/it\/la-vergine-di-guadalupe-regina-del-messico\/"]}]},{"@type":"ImageObject","inLanguage":"it-IT","@id":"https:\/\/exaudi.org\/it\/la-vergine-di-guadalupe-regina-del-messico\/#primaryimage","url":"https:\/\/exaudi.org\/wp-content\/uploads\/2023\/12\/cathopic_1488650176561529-1400x933-1.jpg","contentUrl":"https:\/\/exaudi.org\/wp-content\/uploads\/2023\/12\/cathopic_1488650176561529-1400x933-1.jpg","width":1400,"height":933},{"@type":"BreadcrumbList","@id":"https:\/\/exaudi.org\/it\/la-vergine-di-guadalupe-regina-del-messico\/#breadcrumb","itemListElement":[{"@type":"ListItem","position":1,"name":"Portada","item":"https:\/\/exaudi.org\/it\/"},{"@type":"ListItem","position":2,"name":"La Vergine di Guadalupe, Regina del Messico"}]},{"@type":"WebSite","@id":"https:\/\/exaudi.org\/#website","url":"https:\/\/exaudi.org\/","name":"Exaudi","description":"News","potentialAction":[{"@type":"SearchAction","target":{"@type":"EntryPoint","urlTemplate":"https:\/\/exaudi.org\/?s={search_term_string}"},"query-input":{"@type":"PropertyValueSpecification","valueRequired":true,"valueName":"search_term_string"}}],"inLanguage":"it-IT"},{"@type":"Person","@id":"https:\/\/exaudi.org\/#\/schema\/person\/f353f945f5324dc163c4081b5aa12fcb","name":"Rafael Mosteyr\u00edn","image":{"@type":"ImageObject","inLanguage":"it-IT","@id":"https:\/\/secure.gravatar.com\/avatar\/27281f36e8c6433071aa858f3ba7cb1231e54d489be779f5b4d512db37f4128b?s=96&d=mm&r=g","url":"https:\/\/secure.gravatar.com\/avatar\/27281f36e8c6433071aa858f3ba7cb1231e54d489be779f5b4d512db37f4128b?s=96&d=mm&r=g","contentUrl":"https:\/\/secure.gravatar.com\/avatar\/27281f36e8c6433071aa858f3ba7cb1231e54d489be779f5b4d512db37f4128b?s=96&d=mm&r=g","caption":"Rafael Mosteyr\u00edn"},"description":"Nacido en 1973 en Sevilla, y ordenado sacerdote en 2014 en Roma. Desde entonces he vivido en Barcelona y Sevilla, con estancias de colaboraci\u00f3n en Oberammergau (Alemania) y Huancavelica (Per\u00fa). Actualmente estoy en Sevilla, en la Iglesia del Se\u00f1or san Jos\u00e9 y en el colegio Ribamar.","url":"https:\/\/exaudi.org\/it\/author\/rafaelmosteyrin\/"}]}},"jetpack_featured_media_url":"https:\/\/exaudi.org\/wp-content\/uploads\/2023\/12\/cathopic_1488650176561529-1400x933-1.jpg","jetpack_shortlink":"https:\/\/wp.me\/pgKjF2-nsm","_links":{"self":[{"href":"https:\/\/exaudi.org\/it\/wp-json\/wp\/v2\/posts\/90170","targetHints":{"allow":["GET"]}}],"collection":[{"href":"https:\/\/exaudi.org\/it\/wp-json\/wp\/v2\/posts"}],"about":[{"href":"https:\/\/exaudi.org\/it\/wp-json\/wp\/v2\/types\/post"}],"author":[{"embeddable":true,"href":"https:\/\/exaudi.org\/it\/wp-json\/wp\/v2\/users\/21"}],"replies":[{"embeddable":true,"href":"https:\/\/exaudi.org\/it\/wp-json\/wp\/v2\/comments?post=90170"}],"version-history":[{"count":2,"href":"https:\/\/exaudi.org\/it\/wp-json\/wp\/v2\/posts\/90170\/revisions"}],"predecessor-version":[{"id":150290,"href":"https:\/\/exaudi.org\/it\/wp-json\/wp\/v2\/posts\/90170\/revisions\/150290"}],"wp:featuredmedia":[{"embeddable":true,"href":"https:\/\/exaudi.org\/it\/wp-json\/wp\/v2\/media\/90171"}],"wp:attachment":[{"href":"https:\/\/exaudi.org\/it\/wp-json\/wp\/v2\/media?parent=90170"}],"wp:term":[{"taxonomy":"category","embeddable":true,"href":"https:\/\/exaudi.org\/it\/wp-json\/wp\/v2\/categories?post=90170"},{"taxonomy":"post_tag","embeddable":true,"href":"https:\/\/exaudi.org\/it\/wp-json\/wp\/v2\/tags?post=90170"}],"curies":[{"name":"wp","href":"https:\/\/api.w.org\/{rel}","templated":true}]}}