{"id":90122,"date":"2023-12-11T19:38:41","date_gmt":"2023-12-11T18:38:41","guid":{"rendered":"https:\/\/exaudi.org\/?p=90122"},"modified":"2023-12-11T19:38:41","modified_gmt":"2023-12-11T18:38:41","slug":"il-papa-offre-ai-prefetti-una-guida-per-affrontare-le-sfide-del-21-secolo","status":"publish","type":"post","link":"https:\/\/exaudi.org\/it\/il-papa-offre-ai-prefetti-una-guida-per-affrontare-le-sfide-del-21-secolo\/","title":{"rendered":"Il Papa offre ai prefetti una guida per affrontare le sfide del 21\u00b0 secolo"},"content":{"rendered":"<p>Questa mattina, nella Sala Clementina del Palazzo Apostolico Vaticano, il Santo Padre Francesco ha ricevuto in Udienza i Prefetti della Repubblica Italiana.<\/p>\n<p>L&#8217;udienza del Papa ai prefetti della Repubblica italiana \u00e8 stata l&#8217;occasione per esprimere la sua preoccupazione per due grandi sfide che l&#8217;Italia deve affrontare: la migrazione e il cambiamento climatico.<\/p>\n<p>Nel suo discorso, il Papa ha affermato che la migrazione \u00e8 &#8220;una sfida complessa che richiede una risposta globale&#8221;. Ha esortato i prefetti a lavorare con le autorit\u00e0 locali e le organizzazioni della societ\u00e0 civile per aiutare i migranti a integrarsi nella societ\u00e0 italiana.<\/p>\n<p>Il Papa ha anche parlato del cambiamento climatico, affermando che \u00e8 &#8220;una minaccia esistenziale per il nostro pianeta&#8221;. Ha esortato i prefetti a lavorare per proteggere l&#8217;ambiente e promuovere la sostenibilit\u00e0.<\/p>\n<p>I commenti del Papa sono stati ben accolti dai prefetti. In una dichiarazione rilasciata dopo l&#8217;udienza, il presidente dell&#8217;Associazione dei Prefetti, Giovanni Russo, ha affermato che il Papa &#8220;ha offerto una guida preziosa per il lavoro dei prefetti&#8221;.<\/p>\n<p>Pubblichiamo di seguito il discorso che il Papa ha rivolto ai presenti nel corso dell\u2019Udienza:<\/p>\n<p><b><u>Discorso del Santo Padre<\/u><\/b><\/p>\n<p><i>Signor Ministro,<br \/>\nIllustri Prefetti,<\/i><\/p>\n<p>vi saluto cordialmente e con piacere vi accolgo, pochi giorni dopo la festa del vostro Patrono, Sant\u2019Ambrogio: anche lui, sebbene in circostanze storiche diverse, era stato prefetto, prima di essere chiamato da Dio in modo inaspettato a diventare pastore del popolo a Milano. Ed \u00e8 nota quella sua frase: \u00abVoi pensate: i tempi sono cattivi, i tempi sono pesanti, i tempi sono difficili. Vivete bene e muterete i tempi\u00bb. Vivete bene e muterete i tempi: bella frase! Queste parole si possono anche riferire alla sostanza del vostro servizio: far s\u00ec che gli abitanti dei luoghi che vi sono affidati possano \u201cvivere bene\u201d.<\/p>\n<p>Per svolgere questo compito, voi fate da tramite fra Stato e territorio, mettendo costantemente in relazione l\u2019insieme con le parti, il centro con le periferie, il bene comune con l\u2019attenzione ai singoli. Il vostro incarico realizza a livello istituzionale quella \u00abcapacit\u00e0 quotidiana di allargare la [\u2026] cerchia\u00bb (Lett. enc.\u00a0<i><a href=\"https:\/\/www.vatican.va\/content\/francesco\/it\/encyclicals\/documents\/papa-francesco_20201003_enciclica-fratelli-tutti.html#97\">Fratelli tutti<\/a><\/i>, 97), per cui ciascun cittadino, specialmente chi si trova in situazioni di difficolt\u00e0, sperimenta, nella presenza dello Stato, la concreta vicinanza della comunit\u00e0 civile. Perci\u00f2 vi fate carico di diverse sfide, come la sicurezza e l\u2019ordine pubblico in un determinato territorio, vari servizi alle persone e alle comunit\u00e0. Vorrei soffermarmi brevemente su tre di queste sfide:\u00a0<i>l\u2019ordine pubblico<\/i>,\u00a0<i>le<\/i>\u00a0<i>criticit\u00e0 ambientali<\/i>\u00a0e\u00a0<i>la gestione dei flussi migratori<\/i>.<\/p>\n<p>L\u2019<i>ordine pubblico<\/i>. Si tratta dell\u2019aspetto prioritario e anche pi\u00f9 delicato del vostro lavoro, perch\u00e9 richiede, spesso in situazioni imprevedibili e di emergenza, di coniugare il rispetto della legge con l\u2019attenzione all\u2019umano. Legalit\u00e0 e umanit\u00e0 insieme, per dare alle disposizioni la necessaria applicazione e al contempo accostarsi anche a chi sbaglia con il rispetto dovuto, conciliando la tutela delle vittime con l\u2019equo trattamento dei colpevoli. A ci\u00f2 si aggiunge la grande responsabilit\u00e0 che avete di far fronte ai rischi che quotidianamente corrono i membri delle Forze dell\u2019ordine, di cui pure vi prendete cura. Per lo svolgimento del vostro incarico pubblico pu\u00f2 far bene ricordare una massima antica, che si riferisce all\u2019ordine di vita personale: \u201c<i>serva ordinem et ordo servabit te<\/i>\u201d, \u201cserba l\u2019ordine e l\u2019ordine ti salver\u00e0\u201d; ti custodir\u00e0, ti salver\u00e0. \u00c8 un\u2019affermazione saggia, perch\u00e9 non si pu\u00f2 amministrare l\u2019ordine pubblico senza un ordine personale e interiore. Ma quando c\u2019\u00e8 questo, la responsabilit\u00e0 per l\u2019ordine pubblico viene avvertita come una chiamata a creare quel clima di armoniosa convivenza grazie al quale si possono affrontare e risolvere le difficolt\u00e0. Vorrei dire che la vostra \u00e8 una sorta di paternit\u00e0 istituzionale: esercitata con coscienza e dedizione, essa non risparmia sacrifici e notti insonni e merita la nostra gratitudine.<\/p>\n<p>Secondo punto: le<i>\u00a0criticit\u00e0 ambientali<\/i>. Il vostro radicamento nei territori mi porta a questa seconda riflessione: sebbene non rientrino nelle vostre dirette competenze, i problemi<i>\u00a0<\/i>idro-geologici<i>\u00a0<\/i>sono purtroppo emergenze ormai frequenti e coinvolgono tutti; legati a fenomeni atmosferici che dovrebbero essere insoliti e straordinari, sono diventati abituali a causa dei cambiamenti climatici. Ne siamo stati testimoni in questi ultimi tempi: pensiamo, per citarne alcuni, ai recenti disastri in Emilia Romagna, Toscana e Sicilia. Ma proprio in quelle circostanze abbiamo avuto modo di ammirare, al di l\u00e0 di sterili polemiche, le migliori qualit\u00e0 del popolo italiano, che soprattutto nelle difficolt\u00e0 sa unirsi in modo esemplare, congiungendo la solerzia delle istituzioni all\u2019impegno dei cittadini. A voi \u00e8 toccato il compito di gestire al meglio le risorse disponibili e di mettere in sinergia operatori pubblici e privati. \u00c8 importante e urgente, nel presente come nel futuro, unire gli sforzi per tutelare, per tempo e con lungimiranza, la nostra casa comune.<\/p>\n<p>E infine\u00a0<i>i<\/i>\u00a0<i>flussi migratori<\/i>, con la loro delicata gestione a livello locale. Anche questo compito non \u00e8 facile, perch\u00e9 affida alla vostra cura persone ferite, persone vulnerabili, spesso smarrite e reduci da traumi terribili. Sono volti, non numeri: persone che non si possono semplicemente classificare, ma che occorrerebbe abbracciare; fratelli e sorelle che hanno bisogno di essere sottratti dai tentacoli delle organizzazioni criminali, capaci di speculare senza alcuna piet\u00e0 sulle loro disgrazie. Abbiamo saputo dei \u201clager\u201d in alcuni Paesi del Nord Africa, dove quelli che vogliono venire in Europa sono trattati da schiavi, torturati, anche uccisi. A voi \u00e8 dato l\u2019arduo compito di organizzare sul territorio una loro accoglienza ordinata, basata sull\u2019integrazione e sul costruttivo inserimento nel tessuto locale. Non potete essere lasciati soli in questo compito di sostenerli nei loro bisogni essenziali e al tempo stesso di prestare ascolto alle apprensioni e alle tensioni che si possono generare nei residenti, come pure naturalmente di intervenire quando si creino situazioni di disordine e violenza.<\/p>\n<p>Dobbiamo stare attenti. I migranti vanno ricevuti, accompagnati, promossi e integrati. Se non c\u2019\u00e8 questo, c\u2019\u00e8 pericolo; se non c\u2019\u00e8 questo cammino verso l\u2019integrazione, c\u2019\u00e8 pericolo. E questo mi fa pensare anche a un altro problema. I migranti aiutano, quando si inseriscono bene. L\u2019Italia \u00e8 una terra dove mancano i figli, e vengono i migranti. A me preoccupa il problema della poca natalit\u00e0 qui in Italia. Non fanno figli. Mi diceva uno dei miei segretari che andava per la piazza l\u2019altro giorno: si \u00e8 avvicinata una signora che aveva un carrello col bambino; lui va per accarezzare il bambino\u2026 era un cagnolino! I cagnolini sono al posto dei figli. Pensate questo. La responsabilit\u00e0 che gli italiani hanno di fare i figli per crescere e anche per ricevere i migranti come figli.<\/p>\n<p>Concludendo, vi rinnovo la gratitudine per la vostra visita e per l\u2019impegno che quotidianamente profondete in favore del bene comune. Grazie, perch\u00e9 vi adoperate per la pacifica convivenza nei territori cos\u00ec variegati della nostra Italia, ricca di tradizioni e di valori che parlano di coesione, accoglienza, solidariet\u00e0. Colgo l\u2019occasione per farvi i migliori auguri per le imminenti Festivit\u00e0 natalizie: Dio che, incarnandosi, \u00e8 venuto ad abitare i nostri spazi, benedica voi, benedica le popolazioni e i territori che servite. E non dimenticatevi di pregare per me. Grazie.<\/p>\n","protected":false},"excerpt":{"rendered":"<p>Udienza ai Prefetti della Repubblica Italiana<\/p>\n","protected":false},"author":17,"featured_media":90123,"comment_status":"closed","ping_status":"closed","sticky":false,"template":"","format":"standard","meta":{"_acf_changed":false,"_crdt_document":"","inline_featured_image":false,"footnotes":""},"categories":[123,67],"tags":[4221,2436,251,4952,1843],"class_list":["post-90122","post","type-post","status-publish","format-standard","has-post-thumbnail","hentry","category-discorsi","category-leone-xiv","tag-cambiamenti-climatici","tag-migrazioni","tag-papa-francesco","tag-trending-it","tag-udienza"],"acf":[],"yoast_head":"<!-- This site is optimized with the Yoast SEO plugin v27.5 - https:\/\/yoast.com\/product\/yoast-seo-wordpress\/ -->\n<title>Il Papa offre ai prefetti una guida per affrontare le sfide del 21\u00b0 secolo &#8211; Exaudi<\/title>\n<meta name=\"robots\" content=\"index, follow, max-snippet:-1, max-image-preview:large, max-video-preview:-1\" \/>\n<link rel=\"canonical\" href=\"https:\/\/exaudi.org\/it\/il-papa-offre-ai-prefetti-una-guida-per-affrontare-le-sfide-del-21-secolo\/\" \/>\n<meta property=\"og:locale\" content=\"it_IT\" \/>\n<meta property=\"og:type\" content=\"article\" \/>\n<meta property=\"og:title\" content=\"Il Papa offre ai prefetti una guida per affrontare le sfide del 21\u00b0 secolo &#8211; Exaudi\" \/>\n<meta property=\"og:description\" content=\"Udienza ai Prefetti della Repubblica Italiana\" \/>\n<meta property=\"og:url\" content=\"https:\/\/exaudi.org\/it\/il-papa-offre-ai-prefetti-una-guida-per-affrontare-le-sfide-del-21-secolo\/\" \/>\n<meta property=\"og:site_name\" content=\"Exaudi\" \/>\n<meta property=\"article:publisher\" content=\"https:\/\/www.facebook.com\/ExaudiNews\" \/>\n<meta property=\"article:author\" content=\"https:\/\/www.facebook.com\/ExaudiNotizie\/\" \/>\n<meta property=\"article:published_time\" content=\"2023-12-11T18:38:41+00:00\" \/>\n<meta property=\"og:image\" content=\"https:\/\/exaudi.org\/wp-content\/uploads\/2023\/12\/cq5dam.web_.800.800-1-4.jpeg\" \/>\n\t<meta property=\"og:image:width\" content=\"800\" \/>\n\t<meta property=\"og:image:height\" content=\"533\" \/>\n\t<meta property=\"og:image:type\" content=\"image\/jpeg\" \/>\n<meta name=\"author\" content=\"Exaudi Redazione\" \/>\n<meta name=\"twitter:card\" content=\"summary_large_image\" \/>\n<meta name=\"twitter:creator\" content=\"@Exaudi_Notizie\" \/>\n<meta name=\"twitter:site\" content=\"@Exaudi_News\" \/>\n<meta name=\"twitter:label1\" content=\"Scritto da\" \/>\n\t<meta name=\"twitter:data1\" content=\"Exaudi Redazione\" \/>\n\t<meta name=\"twitter:label2\" content=\"Tempo di lettura stimato\" \/>\n\t<meta name=\"twitter:data2\" content=\"6 minuti\" \/>\n<script type=\"application\/ld+json\" class=\"yoast-schema-graph\">{\"@context\":\"https:\\\/\\\/schema.org\",\"@graph\":[{\"@type\":\"Article\",\"@id\":\"https:\\\/\\\/exaudi.org\\\/it\\\/il-papa-offre-ai-prefetti-una-guida-per-affrontare-le-sfide-del-21-secolo\\\/#article\",\"isPartOf\":{\"@id\":\"https:\\\/\\\/exaudi.org\\\/it\\\/il-papa-offre-ai-prefetti-una-guida-per-affrontare-le-sfide-del-21-secolo\\\/\"},\"author\":{\"name\":\"Exaudi Redazione\",\"@id\":\"https:\\\/\\\/exaudi.org\\\/#\\\/schema\\\/person\\\/e1ab6ed07c01774724dd96f925f3a5f0\"},\"headline\":\"Il Papa offre ai prefetti una guida per affrontare le sfide del 21\u00b0 secolo\",\"datePublished\":\"2023-12-11T18:38:41+00:00\",\"mainEntityOfPage\":{\"@id\":\"https:\\\/\\\/exaudi.org\\\/it\\\/il-papa-offre-ai-prefetti-una-guida-per-affrontare-le-sfide-del-21-secolo\\\/\"},\"wordCount\":1182,\"image\":{\"@id\":\"https:\\\/\\\/exaudi.org\\\/it\\\/il-papa-offre-ai-prefetti-una-guida-per-affrontare-le-sfide-del-21-secolo\\\/#primaryimage\"},\"thumbnailUrl\":\"https:\\\/\\\/exaudi.org\\\/wp-content\\\/uploads\\\/2023\\\/12\\\/cq5dam.web_.800.800-1-4.jpeg\",\"keywords\":[\"cambiamenti climatici\",\"migrazioni\",\"Papa Francesco\",\"Trending\",\"udienza\"],\"articleSection\":[\"Discorsi\",\"Leone XIV\"],\"inLanguage\":\"it-IT\"},{\"@type\":\"WebPage\",\"@id\":\"https:\\\/\\\/exaudi.org\\\/it\\\/il-papa-offre-ai-prefetti-una-guida-per-affrontare-le-sfide-del-21-secolo\\\/\",\"url\":\"https:\\\/\\\/exaudi.org\\\/it\\\/il-papa-offre-ai-prefetti-una-guida-per-affrontare-le-sfide-del-21-secolo\\\/\",\"name\":\"Il Papa offre ai prefetti una guida per affrontare le sfide del 21\u00b0 secolo &#8211; Exaudi\",\"isPartOf\":{\"@id\":\"https:\\\/\\\/exaudi.org\\\/#website\"},\"primaryImageOfPage\":{\"@id\":\"https:\\\/\\\/exaudi.org\\\/it\\\/il-papa-offre-ai-prefetti-una-guida-per-affrontare-le-sfide-del-21-secolo\\\/#primaryimage\"},\"image\":{\"@id\":\"https:\\\/\\\/exaudi.org\\\/it\\\/il-papa-offre-ai-prefetti-una-guida-per-affrontare-le-sfide-del-21-secolo\\\/#primaryimage\"},\"thumbnailUrl\":\"https:\\\/\\\/exaudi.org\\\/wp-content\\\/uploads\\\/2023\\\/12\\\/cq5dam.web_.800.800-1-4.jpeg\",\"datePublished\":\"2023-12-11T18:38:41+00:00\",\"author\":{\"@id\":\"https:\\\/\\\/exaudi.org\\\/#\\\/schema\\\/person\\\/e1ab6ed07c01774724dd96f925f3a5f0\"},\"breadcrumb\":{\"@id\":\"https:\\\/\\\/exaudi.org\\\/it\\\/il-papa-offre-ai-prefetti-una-guida-per-affrontare-le-sfide-del-21-secolo\\\/#breadcrumb\"},\"inLanguage\":\"it-IT\",\"potentialAction\":[{\"@type\":\"ReadAction\",\"target\":[\"https:\\\/\\\/exaudi.org\\\/it\\\/il-papa-offre-ai-prefetti-una-guida-per-affrontare-le-sfide-del-21-secolo\\\/\"]}]},{\"@type\":\"ImageObject\",\"inLanguage\":\"it-IT\",\"@id\":\"https:\\\/\\\/exaudi.org\\\/it\\\/il-papa-offre-ai-prefetti-una-guida-per-affrontare-le-sfide-del-21-secolo\\\/#primaryimage\",\"url\":\"https:\\\/\\\/exaudi.org\\\/wp-content\\\/uploads\\\/2023\\\/12\\\/cq5dam.web_.800.800-1-4.jpeg\",\"contentUrl\":\"https:\\\/\\\/exaudi.org\\\/wp-content\\\/uploads\\\/2023\\\/12\\\/cq5dam.web_.800.800-1-4.jpeg\",\"width\":800,\"height\":533,\"caption\":\"Vatican Media\"},{\"@type\":\"BreadcrumbList\",\"@id\":\"https:\\\/\\\/exaudi.org\\\/it\\\/il-papa-offre-ai-prefetti-una-guida-per-affrontare-le-sfide-del-21-secolo\\\/#breadcrumb\",\"itemListElement\":[{\"@type\":\"ListItem\",\"position\":1,\"name\":\"Portada\",\"item\":\"https:\\\/\\\/exaudi.org\\\/it\\\/\"},{\"@type\":\"ListItem\",\"position\":2,\"name\":\"Il Papa offre ai prefetti una guida per affrontare le sfide del 21\u00b0 secolo\"}]},{\"@type\":\"WebSite\",\"@id\":\"https:\\\/\\\/exaudi.org\\\/#website\",\"url\":\"https:\\\/\\\/exaudi.org\\\/\",\"name\":\"Exaudi\",\"description\":\"News\",\"potentialAction\":[{\"@type\":\"SearchAction\",\"target\":{\"@type\":\"EntryPoint\",\"urlTemplate\":\"https:\\\/\\\/exaudi.org\\\/?s={search_term_string}\"},\"query-input\":{\"@type\":\"PropertyValueSpecification\",\"valueRequired\":true,\"valueName\":\"search_term_string\"}}],\"inLanguage\":\"it-IT\"},{\"@type\":\"Person\",\"@id\":\"https:\\\/\\\/exaudi.org\\\/#\\\/schema\\\/person\\\/e1ab6ed07c01774724dd96f925f3a5f0\",\"name\":\"Exaudi Redazione\",\"image\":{\"@type\":\"ImageObject\",\"inLanguage\":\"it-IT\",\"@id\":\"https:\\\/\\\/secure.gravatar.com\\\/avatar\\\/ad6774b3ada023bf5b939d64f45c94b3adf91502dd883507d469b4308a943bb3?s=96&d=mm&r=g\",\"url\":\"https:\\\/\\\/secure.gravatar.com\\\/avatar\\\/ad6774b3ada023bf5b939d64f45c94b3adf91502dd883507d469b4308a943bb3?s=96&d=mm&r=g\",\"contentUrl\":\"https:\\\/\\\/secure.gravatar.com\\\/avatar\\\/ad6774b3ada023bf5b939d64f45c94b3adf91502dd883507d469b4308a943bb3?s=96&d=mm&r=g\",\"caption\":\"Exaudi Redazione\"},\"description\":\"Che cosa \u00e8 Exaudi News? Exaudi News \u00e8 un agenzia cattolica internazionale che informa, istruisce e trasforma quotidianamente in spagnolo, inglese e italiano. Attraverso notizie, articoli di analisi e trasmissioni in diretta degli eventi del Papa, Exaudi cerca di rafforzare l'unit\u00e0 dei cristiani e di contribuire all'evangelizzazione del mondo, sempre guidato dalla dottrina sociale della Chiesa. Lavoriamo per portare la verit\u00e0 e i valori cristiani in ogni angolo del pianeta. Aiutaci a trasformare il mondo con Exaudi! Noi di Exaudi crediamo che l'evangelizzazione e l'informazione di qualit\u00e0 possano cambiare la vita. Per continuare la nostra missione ed espandere la nostra portata, abbiamo bisogno del tuo aiuto. Stiamo anche cercando persone motivate che vogliano unirsi al nostro team. Grazie al vostro sostegno raggiungeremo pi\u00f9 persone, diffonderemo il messaggio di Cristo e rafforzeremo l'unit\u00e0 dei cristiani. Vuoi unirti alla nostra missione? Per maggiori informazioni su come contribuire, visita Exaudi.org\\\/it o contattaci direttamente: info@exaudi.org Exaudi: informa, forma e trasforma.\",\"sameAs\":[\"https:\\\/\\\/www.facebook.com\\\/ExaudiNotizie\\\/\",\"https:\\\/\\\/www.instagram.com\\\/Exaudi_notizie\\\/\",\"https:\\\/\\\/x.com\\\/Exaudi_Notizie\",\"https:\\\/\\\/www.youtube.com\\\/@exaudicatholicnews\"],\"url\":\"https:\\\/\\\/exaudi.org\\\/it\\\/author\\\/dlvedi-org\\\/\"}]}<\/script>\n<!-- \/ Yoast SEO plugin. -->","yoast_head_json":{"title":"Il Papa offre ai prefetti una guida per affrontare le sfide del 21\u00b0 secolo &#8211; Exaudi","robots":{"index":"index","follow":"follow","max-snippet":"max-snippet:-1","max-image-preview":"max-image-preview:large","max-video-preview":"max-video-preview:-1"},"canonical":"https:\/\/exaudi.org\/it\/il-papa-offre-ai-prefetti-una-guida-per-affrontare-le-sfide-del-21-secolo\/","og_locale":"it_IT","og_type":"article","og_title":"Il Papa offre ai prefetti una guida per affrontare le sfide del 21\u00b0 secolo &#8211; Exaudi","og_description":"Udienza ai Prefetti della Repubblica Italiana","og_url":"https:\/\/exaudi.org\/it\/il-papa-offre-ai-prefetti-una-guida-per-affrontare-le-sfide-del-21-secolo\/","og_site_name":"Exaudi","article_publisher":"https:\/\/www.facebook.com\/ExaudiNews","article_author":"https:\/\/www.facebook.com\/ExaudiNotizie\/","article_published_time":"2023-12-11T18:38:41+00:00","og_image":[{"width":800,"height":533,"url":"https:\/\/exaudi.org\/wp-content\/uploads\/2023\/12\/cq5dam.web_.800.800-1-4.jpeg","type":"image\/jpeg"}],"author":"Exaudi Redazione","twitter_card":"summary_large_image","twitter_creator":"@Exaudi_Notizie","twitter_site":"@Exaudi_News","twitter_misc":{"Scritto da":"Exaudi Redazione","Tempo di lettura stimato":"6 minuti"},"schema":{"@context":"https:\/\/schema.org","@graph":[{"@type":"Article","@id":"https:\/\/exaudi.org\/it\/il-papa-offre-ai-prefetti-una-guida-per-affrontare-le-sfide-del-21-secolo\/#article","isPartOf":{"@id":"https:\/\/exaudi.org\/it\/il-papa-offre-ai-prefetti-una-guida-per-affrontare-le-sfide-del-21-secolo\/"},"author":{"name":"Exaudi Redazione","@id":"https:\/\/exaudi.org\/#\/schema\/person\/e1ab6ed07c01774724dd96f925f3a5f0"},"headline":"Il Papa offre ai prefetti una guida per affrontare le sfide del 21\u00b0 secolo","datePublished":"2023-12-11T18:38:41+00:00","mainEntityOfPage":{"@id":"https:\/\/exaudi.org\/it\/il-papa-offre-ai-prefetti-una-guida-per-affrontare-le-sfide-del-21-secolo\/"},"wordCount":1182,"image":{"@id":"https:\/\/exaudi.org\/it\/il-papa-offre-ai-prefetti-una-guida-per-affrontare-le-sfide-del-21-secolo\/#primaryimage"},"thumbnailUrl":"https:\/\/exaudi.org\/wp-content\/uploads\/2023\/12\/cq5dam.web_.800.800-1-4.jpeg","keywords":["cambiamenti climatici","migrazioni","Papa Francesco","Trending","udienza"],"articleSection":["Discorsi","Leone XIV"],"inLanguage":"it-IT"},{"@type":"WebPage","@id":"https:\/\/exaudi.org\/it\/il-papa-offre-ai-prefetti-una-guida-per-affrontare-le-sfide-del-21-secolo\/","url":"https:\/\/exaudi.org\/it\/il-papa-offre-ai-prefetti-una-guida-per-affrontare-le-sfide-del-21-secolo\/","name":"Il Papa offre ai prefetti una guida per affrontare le sfide del 21\u00b0 secolo &#8211; Exaudi","isPartOf":{"@id":"https:\/\/exaudi.org\/#website"},"primaryImageOfPage":{"@id":"https:\/\/exaudi.org\/it\/il-papa-offre-ai-prefetti-una-guida-per-affrontare-le-sfide-del-21-secolo\/#primaryimage"},"image":{"@id":"https:\/\/exaudi.org\/it\/il-papa-offre-ai-prefetti-una-guida-per-affrontare-le-sfide-del-21-secolo\/#primaryimage"},"thumbnailUrl":"https:\/\/exaudi.org\/wp-content\/uploads\/2023\/12\/cq5dam.web_.800.800-1-4.jpeg","datePublished":"2023-12-11T18:38:41+00:00","author":{"@id":"https:\/\/exaudi.org\/#\/schema\/person\/e1ab6ed07c01774724dd96f925f3a5f0"},"breadcrumb":{"@id":"https:\/\/exaudi.org\/it\/il-papa-offre-ai-prefetti-una-guida-per-affrontare-le-sfide-del-21-secolo\/#breadcrumb"},"inLanguage":"it-IT","potentialAction":[{"@type":"ReadAction","target":["https:\/\/exaudi.org\/it\/il-papa-offre-ai-prefetti-una-guida-per-affrontare-le-sfide-del-21-secolo\/"]}]},{"@type":"ImageObject","inLanguage":"it-IT","@id":"https:\/\/exaudi.org\/it\/il-papa-offre-ai-prefetti-una-guida-per-affrontare-le-sfide-del-21-secolo\/#primaryimage","url":"https:\/\/exaudi.org\/wp-content\/uploads\/2023\/12\/cq5dam.web_.800.800-1-4.jpeg","contentUrl":"https:\/\/exaudi.org\/wp-content\/uploads\/2023\/12\/cq5dam.web_.800.800-1-4.jpeg","width":800,"height":533,"caption":"Vatican Media"},{"@type":"BreadcrumbList","@id":"https:\/\/exaudi.org\/it\/il-papa-offre-ai-prefetti-una-guida-per-affrontare-le-sfide-del-21-secolo\/#breadcrumb","itemListElement":[{"@type":"ListItem","position":1,"name":"Portada","item":"https:\/\/exaudi.org\/it\/"},{"@type":"ListItem","position":2,"name":"Il Papa offre ai prefetti una guida per affrontare le sfide del 21\u00b0 secolo"}]},{"@type":"WebSite","@id":"https:\/\/exaudi.org\/#website","url":"https:\/\/exaudi.org\/","name":"Exaudi","description":"News","potentialAction":[{"@type":"SearchAction","target":{"@type":"EntryPoint","urlTemplate":"https:\/\/exaudi.org\/?s={search_term_string}"},"query-input":{"@type":"PropertyValueSpecification","valueRequired":true,"valueName":"search_term_string"}}],"inLanguage":"it-IT"},{"@type":"Person","@id":"https:\/\/exaudi.org\/#\/schema\/person\/e1ab6ed07c01774724dd96f925f3a5f0","name":"Exaudi Redazione","image":{"@type":"ImageObject","inLanguage":"it-IT","@id":"https:\/\/secure.gravatar.com\/avatar\/ad6774b3ada023bf5b939d64f45c94b3adf91502dd883507d469b4308a943bb3?s=96&d=mm&r=g","url":"https:\/\/secure.gravatar.com\/avatar\/ad6774b3ada023bf5b939d64f45c94b3adf91502dd883507d469b4308a943bb3?s=96&d=mm&r=g","contentUrl":"https:\/\/secure.gravatar.com\/avatar\/ad6774b3ada023bf5b939d64f45c94b3adf91502dd883507d469b4308a943bb3?s=96&d=mm&r=g","caption":"Exaudi Redazione"},"description":"Che cosa \u00e8 Exaudi News? Exaudi News \u00e8 un agenzia cattolica internazionale che informa, istruisce e trasforma quotidianamente in spagnolo, inglese e italiano. Attraverso notizie, articoli di analisi e trasmissioni in diretta degli eventi del Papa, Exaudi cerca di rafforzare l'unit\u00e0 dei cristiani e di contribuire all'evangelizzazione del mondo, sempre guidato dalla dottrina sociale della Chiesa. Lavoriamo per portare la verit\u00e0 e i valori cristiani in ogni angolo del pianeta. Aiutaci a trasformare il mondo con Exaudi! Noi di Exaudi crediamo che l'evangelizzazione e l'informazione di qualit\u00e0 possano cambiare la vita. Per continuare la nostra missione ed espandere la nostra portata, abbiamo bisogno del tuo aiuto. Stiamo anche cercando persone motivate che vogliano unirsi al nostro team. Grazie al vostro sostegno raggiungeremo pi\u00f9 persone, diffonderemo il messaggio di Cristo e rafforzeremo l'unit\u00e0 dei cristiani. Vuoi unirti alla nostra missione? Per maggiori informazioni su come contribuire, visita Exaudi.org\/it o contattaci direttamente: info@exaudi.org Exaudi: informa, forma e trasforma.","sameAs":["https:\/\/www.facebook.com\/ExaudiNotizie\/","https:\/\/www.instagram.com\/Exaudi_notizie\/","https:\/\/x.com\/Exaudi_Notizie","https:\/\/www.youtube.com\/@exaudicatholicnews"],"url":"https:\/\/exaudi.org\/it\/author\/dlvedi-org\/"}]}},"jetpack_featured_media_url":"https:\/\/exaudi.org\/wp-content\/uploads\/2023\/12\/cq5dam.web_.800.800-1-4.jpeg","jetpack_shortlink":"https:\/\/wp.me\/pgKjF2-nrA","_links":{"self":[{"href":"https:\/\/exaudi.org\/it\/wp-json\/wp\/v2\/posts\/90122","targetHints":{"allow":["GET"]}}],"collection":[{"href":"https:\/\/exaudi.org\/it\/wp-json\/wp\/v2\/posts"}],"about":[{"href":"https:\/\/exaudi.org\/it\/wp-json\/wp\/v2\/types\/post"}],"author":[{"embeddable":true,"href":"https:\/\/exaudi.org\/it\/wp-json\/wp\/v2\/users\/17"}],"replies":[{"embeddable":true,"href":"https:\/\/exaudi.org\/it\/wp-json\/wp\/v2\/comments?post=90122"}],"version-history":[{"count":0,"href":"https:\/\/exaudi.org\/it\/wp-json\/wp\/v2\/posts\/90122\/revisions"}],"wp:featuredmedia":[{"embeddable":true,"href":"https:\/\/exaudi.org\/it\/wp-json\/wp\/v2\/media\/90123"}],"wp:attachment":[{"href":"https:\/\/exaudi.org\/it\/wp-json\/wp\/v2\/media?parent=90122"}],"wp:term":[{"taxonomy":"category","embeddable":true,"href":"https:\/\/exaudi.org\/it\/wp-json\/wp\/v2\/categories?post=90122"},{"taxonomy":"post_tag","embeddable":true,"href":"https:\/\/exaudi.org\/it\/wp-json\/wp\/v2\/tags?post=90122"}],"curies":[{"name":"wp","href":"https:\/\/api.w.org\/{rel}","templated":true}]}}