{"id":90067,"date":"2023-12-11T23:31:04","date_gmt":"2023-12-11T22:31:04","guid":{"rendered":"https:\/\/exaudi.org\/?p=90067"},"modified":"2023-12-11T23:31:04","modified_gmt":"2023-12-11T22:31:04","slug":"francesco-limpegno-per-i-diritti-umani-non-finisce-mai","status":"publish","type":"post","link":"https:\/\/exaudi.org\/it\/francesco-limpegno-per-i-diritti-umani-non-finisce-mai\/","title":{"rendered":"Francesco: l&#8217;impegno per i diritti umani non finisce mai"},"content":{"rendered":"<p>&#8220;Settantacinque anni fa, il 10 dicembre 1948, veniva firmata la Dichiarazione universale dei diritti umani. \u00c8 come una mappa stradale, sulla quale sono stati fatti molti passi avanti, ma ce ne sono ancora molti da fare, e a volte, purtroppo, si va indietro&#8221;. Con queste parole il Papa ha aperto il suo consueto discorso dopo la preghiera mariana dell&#8217;Angelus. Oggi ricorre infatti la Giornata internazionale dei diritti umani che, si legge nella dichiarazione, restano uno strumento indispensabile per costruire un mondo pi\u00f9 libero, egualitario e giusto, nonch\u00e9 una bussola per rispondere alle sfide generate da conflitti, povert\u00e0, cambiamenti climatici e nuove tecnologie.<\/p>\n<p><em>&#8220;L&#8217;impegno per i diritti umani non finisce mai. In questo senso, sono vicino a tutti coloro che, senza proclami, quotidianamente, lottano e pagano di persona per difendere i diritti di chi non conta&#8221;.<\/em><\/p>\n<p><strong>Un documento indispensabile per la convivenza<\/strong><\/p>\n<p>&#8220;Tutti gli esseri umani nascono liberi ed eguali in dignit\u00e0 e diritti&#8221;, recita il primo articolo della Dichiarazione, firmata a Parigi da 48 Stati membri delle allora neonate Nazioni Unite. La Dichiarazione delle Nazioni Unite &#8211; composta da 30 articoli che tutelano varie dimensioni della persona umana, dall&#8217;uguaglianza di fronte alla legge alla proibizione della schiavit\u00f9 e della tortura, al diritto al lavoro, alla famiglia e all&#8217;istruzione &#8211; pur non essendo formalmente un trattato internazionale o di per s\u00e9 giuridicamente vincolante, \u00e8 la base del diritto internazionale umanitario e ha ispirato e fornito il quadro di riferimento per pi\u00f9 di 70 trattati umanitari ancora in vigore.<\/p>\n<p><strong>Porre fine a guerre, divisioni, povert\u00e0&#8230;<\/strong><\/p>\n<p>A 75 anni dalla sua firma, ha scritto il Segretario delle Nazioni Unite Ant\u00f3nio Guterres, la Dichiarazione rimane &#8220;una tabella di marcia per aiutare a porre fine alle guerre, sanare le divisioni e promuovere una vita di pace e dignit\u00e0 per tutti&#8221;. Tuttavia, ribadisce il Segretario delle Nazioni Unite, il mondo sta perdendo questa tabella di marcia. &#8220;La povert\u00e0 e la fame stanno aumentando. Oggi \u00e8 pi\u00f9 importante che mai promuovere e rispettare tutti i diritti umani &#8211; sociali, culturali, economici, civili e politici &#8211; che ci proteggono tutti&#8221;, sottolinea, ricordando anche l&#8217;importanza di raggiungere la parit\u00e0 di genere e che la crisi climatica &#8220;\u00e8 una crisi dei diritti umani che colpisce pi\u00f9 duramente i pi\u00f9 vulnerabili&#8221;. Invita quindi &#8220;le persone ovunque a promuovere e rispettare i diritti umani, ogni giorno, per tutti, ovunque&#8221;.<\/p>\n","protected":false},"excerpt":{"rendered":"<p>Il Papa ha ricordato la Giornata mondiale dedicata alla firma della Dichiarazione dei diritti umani, esprimendo al contempo la sua vicinanza a chi lotta per difendere coloro che &#8220;non contano&#8221;<\/p>\n","protected":false},"author":17,"featured_media":90015,"comment_status":"closed","ping_status":"closed","sticky":false,"template":"","format":"standard","meta":{"_acf_changed":false,"_crdt_document":"","inline_featured_image":false,"footnotes":""},"categories":[67],"tags":[1466,401,4952],"class_list":["post-90067","post","type-post","status-publish","format-standard","has-post-thumbnail","hentry","category-leone-xiv","tag-diritti-umani","tag-papa-francisco-it","tag-trending-it"],"acf":[],"yoast_head":"<!-- This site is optimized with the Yoast SEO plugin v27.5 - https:\/\/yoast.com\/product\/yoast-seo-wordpress\/ -->\n<title>Francesco: l&#039;impegno per i diritti umani non finisce mai &#8211; Exaudi<\/title>\n<meta name=\"robots\" content=\"index, follow, max-snippet:-1, max-image-preview:large, max-video-preview:-1\" \/>\n<link rel=\"canonical\" href=\"https:\/\/exaudi.org\/it\/francesco-limpegno-per-i-diritti-umani-non-finisce-mai\/\" \/>\n<meta property=\"og:locale\" content=\"it_IT\" \/>\n<meta property=\"og:type\" content=\"article\" \/>\n<meta property=\"og:title\" content=\"Francesco: l&#039;impegno per i diritti umani non finisce mai &#8211; Exaudi\" \/>\n<meta property=\"og:description\" content=\"Il Papa ha ricordato la Giornata mondiale dedicata alla firma della Dichiarazione dei diritti umani, esprimendo al contempo la sua vicinanza a chi lotta per difendere coloro che &quot;non contano&quot;\" \/>\n<meta property=\"og:url\" content=\"https:\/\/exaudi.org\/it\/francesco-limpegno-per-i-diritti-umani-non-finisce-mai\/\" \/>\n<meta property=\"og:site_name\" content=\"Exaudi\" \/>\n<meta property=\"article:publisher\" content=\"https:\/\/www.facebook.com\/ExaudiNews\" \/>\n<meta property=\"article:author\" content=\"https:\/\/www.facebook.com\/ExaudiNotizie\/\" \/>\n<meta property=\"article:published_time\" content=\"2023-12-11T22:31:04+00:00\" \/>\n<meta property=\"og:image\" content=\"https:\/\/exaudi.org\/wp-content\/uploads\/2023\/12\/pexels-mathias-reding-4468974-scaled.jpg\" \/>\n\t<meta property=\"og:image:width\" content=\"2560\" \/>\n\t<meta property=\"og:image:height\" content=\"1707\" \/>\n\t<meta property=\"og:image:type\" content=\"image\/jpeg\" \/>\n<meta name=\"author\" content=\"Exaudi Redazione\" \/>\n<meta name=\"twitter:card\" content=\"summary_large_image\" \/>\n<meta name=\"twitter:creator\" content=\"@Exaudi_Notizie\" \/>\n<meta name=\"twitter:site\" content=\"@Exaudi_News\" \/>\n<meta name=\"twitter:label1\" content=\"Scritto da\" \/>\n\t<meta name=\"twitter:data1\" content=\"Exaudi Redazione\" \/>\n\t<meta name=\"twitter:label2\" content=\"Tempo di lettura stimato\" \/>\n\t<meta name=\"twitter:data2\" content=\"2 minuti\" \/>\n<script type=\"application\/ld+json\" class=\"yoast-schema-graph\">{\"@context\":\"https:\\\/\\\/schema.org\",\"@graph\":[{\"@type\":\"Article\",\"@id\":\"https:\\\/\\\/exaudi.org\\\/it\\\/francesco-limpegno-per-i-diritti-umani-non-finisce-mai\\\/#article\",\"isPartOf\":{\"@id\":\"https:\\\/\\\/exaudi.org\\\/it\\\/francesco-limpegno-per-i-diritti-umani-non-finisce-mai\\\/\"},\"author\":{\"name\":\"Exaudi Redazione\",\"@id\":\"https:\\\/\\\/exaudi.org\\\/#\\\/schema\\\/person\\\/e1ab6ed07c01774724dd96f925f3a5f0\"},\"headline\":\"Francesco: l&#8217;impegno per i diritti umani non finisce mai\",\"datePublished\":\"2023-12-11T22:31:04+00:00\",\"mainEntityOfPage\":{\"@id\":\"https:\\\/\\\/exaudi.org\\\/it\\\/francesco-limpegno-per-i-diritti-umani-non-finisce-mai\\\/\"},\"wordCount\":393,\"image\":{\"@id\":\"https:\\\/\\\/exaudi.org\\\/it\\\/francesco-limpegno-per-i-diritti-umani-non-finisce-mai\\\/#primaryimage\"},\"thumbnailUrl\":\"https:\\\/\\\/exaudi.org\\\/wp-content\\\/uploads\\\/2023\\\/12\\\/pexels-mathias-reding-4468974-scaled.jpg\",\"keywords\":[\"diritti umani\",\"papa francisco\",\"Trending\"],\"articleSection\":[\"Leone XIV\"],\"inLanguage\":\"it-IT\"},{\"@type\":\"WebPage\",\"@id\":\"https:\\\/\\\/exaudi.org\\\/it\\\/francesco-limpegno-per-i-diritti-umani-non-finisce-mai\\\/\",\"url\":\"https:\\\/\\\/exaudi.org\\\/it\\\/francesco-limpegno-per-i-diritti-umani-non-finisce-mai\\\/\",\"name\":\"Francesco: l'impegno per i diritti umani non finisce mai &#8211; Exaudi\",\"isPartOf\":{\"@id\":\"https:\\\/\\\/exaudi.org\\\/#website\"},\"primaryImageOfPage\":{\"@id\":\"https:\\\/\\\/exaudi.org\\\/it\\\/francesco-limpegno-per-i-diritti-umani-non-finisce-mai\\\/#primaryimage\"},\"image\":{\"@id\":\"https:\\\/\\\/exaudi.org\\\/it\\\/francesco-limpegno-per-i-diritti-umani-non-finisce-mai\\\/#primaryimage\"},\"thumbnailUrl\":\"https:\\\/\\\/exaudi.org\\\/wp-content\\\/uploads\\\/2023\\\/12\\\/pexels-mathias-reding-4468974-scaled.jpg\",\"datePublished\":\"2023-12-11T22:31:04+00:00\",\"author\":{\"@id\":\"https:\\\/\\\/exaudi.org\\\/#\\\/schema\\\/person\\\/e1ab6ed07c01774724dd96f925f3a5f0\"},\"breadcrumb\":{\"@id\":\"https:\\\/\\\/exaudi.org\\\/it\\\/francesco-limpegno-per-i-diritti-umani-non-finisce-mai\\\/#breadcrumb\"},\"inLanguage\":\"it-IT\",\"potentialAction\":[{\"@type\":\"ReadAction\",\"target\":[\"https:\\\/\\\/exaudi.org\\\/it\\\/francesco-limpegno-per-i-diritti-umani-non-finisce-mai\\\/\"]}]},{\"@type\":\"ImageObject\",\"inLanguage\":\"it-IT\",\"@id\":\"https:\\\/\\\/exaudi.org\\\/it\\\/francesco-limpegno-per-i-diritti-umani-non-finisce-mai\\\/#primaryimage\",\"url\":\"https:\\\/\\\/exaudi.org\\\/wp-content\\\/uploads\\\/2023\\\/12\\\/pexels-mathias-reding-4468974-scaled.jpg\",\"contentUrl\":\"https:\\\/\\\/exaudi.org\\\/wp-content\\\/uploads\\\/2023\\\/12\\\/pexels-mathias-reding-4468974-scaled.jpg\",\"width\":2560,\"height\":1707},{\"@type\":\"BreadcrumbList\",\"@id\":\"https:\\\/\\\/exaudi.org\\\/it\\\/francesco-limpegno-per-i-diritti-umani-non-finisce-mai\\\/#breadcrumb\",\"itemListElement\":[{\"@type\":\"ListItem\",\"position\":1,\"name\":\"Portada\",\"item\":\"https:\\\/\\\/exaudi.org\\\/it\\\/\"},{\"@type\":\"ListItem\",\"position\":2,\"name\":\"Francesco: l&#8217;impegno per i diritti umani non finisce mai\"}]},{\"@type\":\"WebSite\",\"@id\":\"https:\\\/\\\/exaudi.org\\\/#website\",\"url\":\"https:\\\/\\\/exaudi.org\\\/\",\"name\":\"Exaudi\",\"description\":\"News\",\"potentialAction\":[{\"@type\":\"SearchAction\",\"target\":{\"@type\":\"EntryPoint\",\"urlTemplate\":\"https:\\\/\\\/exaudi.org\\\/?s={search_term_string}\"},\"query-input\":{\"@type\":\"PropertyValueSpecification\",\"valueRequired\":true,\"valueName\":\"search_term_string\"}}],\"inLanguage\":\"it-IT\"},{\"@type\":\"Person\",\"@id\":\"https:\\\/\\\/exaudi.org\\\/#\\\/schema\\\/person\\\/e1ab6ed07c01774724dd96f925f3a5f0\",\"name\":\"Exaudi Redazione\",\"image\":{\"@type\":\"ImageObject\",\"inLanguage\":\"it-IT\",\"@id\":\"https:\\\/\\\/secure.gravatar.com\\\/avatar\\\/ad6774b3ada023bf5b939d64f45c94b3adf91502dd883507d469b4308a943bb3?s=96&d=mm&r=g\",\"url\":\"https:\\\/\\\/secure.gravatar.com\\\/avatar\\\/ad6774b3ada023bf5b939d64f45c94b3adf91502dd883507d469b4308a943bb3?s=96&d=mm&r=g\",\"contentUrl\":\"https:\\\/\\\/secure.gravatar.com\\\/avatar\\\/ad6774b3ada023bf5b939d64f45c94b3adf91502dd883507d469b4308a943bb3?s=96&d=mm&r=g\",\"caption\":\"Exaudi Redazione\"},\"description\":\"Che cosa \u00e8 Exaudi News? Exaudi News \u00e8 un agenzia cattolica internazionale che informa, istruisce e trasforma quotidianamente in spagnolo, inglese e italiano. Attraverso notizie, articoli di analisi e trasmissioni in diretta degli eventi del Papa, Exaudi cerca di rafforzare l'unit\u00e0 dei cristiani e di contribuire all'evangelizzazione del mondo, sempre guidato dalla dottrina sociale della Chiesa. Lavoriamo per portare la verit\u00e0 e i valori cristiani in ogni angolo del pianeta. Aiutaci a trasformare il mondo con Exaudi! Noi di Exaudi crediamo che l'evangelizzazione e l'informazione di qualit\u00e0 possano cambiare la vita. Per continuare la nostra missione ed espandere la nostra portata, abbiamo bisogno del tuo aiuto. Stiamo anche cercando persone motivate che vogliano unirsi al nostro team. Grazie al vostro sostegno raggiungeremo pi\u00f9 persone, diffonderemo il messaggio di Cristo e rafforzeremo l'unit\u00e0 dei cristiani. Vuoi unirti alla nostra missione? Per maggiori informazioni su come contribuire, visita Exaudi.org\\\/it o contattaci direttamente: info@exaudi.org Exaudi: informa, forma e trasforma.\",\"sameAs\":[\"https:\\\/\\\/www.facebook.com\\\/ExaudiNotizie\\\/\",\"https:\\\/\\\/www.instagram.com\\\/Exaudi_notizie\\\/\",\"https:\\\/\\\/x.com\\\/Exaudi_Notizie\",\"https:\\\/\\\/www.youtube.com\\\/@exaudicatholicnews\"],\"url\":\"https:\\\/\\\/exaudi.org\\\/it\\\/author\\\/dlvedi-org\\\/\"}]}<\/script>\n<!-- \/ Yoast SEO plugin. -->","yoast_head_json":{"title":"Francesco: l'impegno per i diritti umani non finisce mai &#8211; Exaudi","robots":{"index":"index","follow":"follow","max-snippet":"max-snippet:-1","max-image-preview":"max-image-preview:large","max-video-preview":"max-video-preview:-1"},"canonical":"https:\/\/exaudi.org\/it\/francesco-limpegno-per-i-diritti-umani-non-finisce-mai\/","og_locale":"it_IT","og_type":"article","og_title":"Francesco: l'impegno per i diritti umani non finisce mai &#8211; Exaudi","og_description":"Il Papa ha ricordato la Giornata mondiale dedicata alla firma della Dichiarazione dei diritti umani, esprimendo al contempo la sua vicinanza a chi lotta per difendere coloro che \"non contano\"","og_url":"https:\/\/exaudi.org\/it\/francesco-limpegno-per-i-diritti-umani-non-finisce-mai\/","og_site_name":"Exaudi","article_publisher":"https:\/\/www.facebook.com\/ExaudiNews","article_author":"https:\/\/www.facebook.com\/ExaudiNotizie\/","article_published_time":"2023-12-11T22:31:04+00:00","og_image":[{"width":2560,"height":1707,"url":"https:\/\/exaudi.org\/wp-content\/uploads\/2023\/12\/pexels-mathias-reding-4468974-scaled.jpg","type":"image\/jpeg"}],"author":"Exaudi Redazione","twitter_card":"summary_large_image","twitter_creator":"@Exaudi_Notizie","twitter_site":"@Exaudi_News","twitter_misc":{"Scritto da":"Exaudi Redazione","Tempo di lettura stimato":"2 minuti"},"schema":{"@context":"https:\/\/schema.org","@graph":[{"@type":"Article","@id":"https:\/\/exaudi.org\/it\/francesco-limpegno-per-i-diritti-umani-non-finisce-mai\/#article","isPartOf":{"@id":"https:\/\/exaudi.org\/it\/francesco-limpegno-per-i-diritti-umani-non-finisce-mai\/"},"author":{"name":"Exaudi Redazione","@id":"https:\/\/exaudi.org\/#\/schema\/person\/e1ab6ed07c01774724dd96f925f3a5f0"},"headline":"Francesco: l&#8217;impegno per i diritti umani non finisce mai","datePublished":"2023-12-11T22:31:04+00:00","mainEntityOfPage":{"@id":"https:\/\/exaudi.org\/it\/francesco-limpegno-per-i-diritti-umani-non-finisce-mai\/"},"wordCount":393,"image":{"@id":"https:\/\/exaudi.org\/it\/francesco-limpegno-per-i-diritti-umani-non-finisce-mai\/#primaryimage"},"thumbnailUrl":"https:\/\/exaudi.org\/wp-content\/uploads\/2023\/12\/pexels-mathias-reding-4468974-scaled.jpg","keywords":["diritti umani","papa francisco","Trending"],"articleSection":["Leone XIV"],"inLanguage":"it-IT"},{"@type":"WebPage","@id":"https:\/\/exaudi.org\/it\/francesco-limpegno-per-i-diritti-umani-non-finisce-mai\/","url":"https:\/\/exaudi.org\/it\/francesco-limpegno-per-i-diritti-umani-non-finisce-mai\/","name":"Francesco: l'impegno per i diritti umani non finisce mai &#8211; Exaudi","isPartOf":{"@id":"https:\/\/exaudi.org\/#website"},"primaryImageOfPage":{"@id":"https:\/\/exaudi.org\/it\/francesco-limpegno-per-i-diritti-umani-non-finisce-mai\/#primaryimage"},"image":{"@id":"https:\/\/exaudi.org\/it\/francesco-limpegno-per-i-diritti-umani-non-finisce-mai\/#primaryimage"},"thumbnailUrl":"https:\/\/exaudi.org\/wp-content\/uploads\/2023\/12\/pexels-mathias-reding-4468974-scaled.jpg","datePublished":"2023-12-11T22:31:04+00:00","author":{"@id":"https:\/\/exaudi.org\/#\/schema\/person\/e1ab6ed07c01774724dd96f925f3a5f0"},"breadcrumb":{"@id":"https:\/\/exaudi.org\/it\/francesco-limpegno-per-i-diritti-umani-non-finisce-mai\/#breadcrumb"},"inLanguage":"it-IT","potentialAction":[{"@type":"ReadAction","target":["https:\/\/exaudi.org\/it\/francesco-limpegno-per-i-diritti-umani-non-finisce-mai\/"]}]},{"@type":"ImageObject","inLanguage":"it-IT","@id":"https:\/\/exaudi.org\/it\/francesco-limpegno-per-i-diritti-umani-non-finisce-mai\/#primaryimage","url":"https:\/\/exaudi.org\/wp-content\/uploads\/2023\/12\/pexels-mathias-reding-4468974-scaled.jpg","contentUrl":"https:\/\/exaudi.org\/wp-content\/uploads\/2023\/12\/pexels-mathias-reding-4468974-scaled.jpg","width":2560,"height":1707},{"@type":"BreadcrumbList","@id":"https:\/\/exaudi.org\/it\/francesco-limpegno-per-i-diritti-umani-non-finisce-mai\/#breadcrumb","itemListElement":[{"@type":"ListItem","position":1,"name":"Portada","item":"https:\/\/exaudi.org\/it\/"},{"@type":"ListItem","position":2,"name":"Francesco: l&#8217;impegno per i diritti umani non finisce mai"}]},{"@type":"WebSite","@id":"https:\/\/exaudi.org\/#website","url":"https:\/\/exaudi.org\/","name":"Exaudi","description":"News","potentialAction":[{"@type":"SearchAction","target":{"@type":"EntryPoint","urlTemplate":"https:\/\/exaudi.org\/?s={search_term_string}"},"query-input":{"@type":"PropertyValueSpecification","valueRequired":true,"valueName":"search_term_string"}}],"inLanguage":"it-IT"},{"@type":"Person","@id":"https:\/\/exaudi.org\/#\/schema\/person\/e1ab6ed07c01774724dd96f925f3a5f0","name":"Exaudi Redazione","image":{"@type":"ImageObject","inLanguage":"it-IT","@id":"https:\/\/secure.gravatar.com\/avatar\/ad6774b3ada023bf5b939d64f45c94b3adf91502dd883507d469b4308a943bb3?s=96&d=mm&r=g","url":"https:\/\/secure.gravatar.com\/avatar\/ad6774b3ada023bf5b939d64f45c94b3adf91502dd883507d469b4308a943bb3?s=96&d=mm&r=g","contentUrl":"https:\/\/secure.gravatar.com\/avatar\/ad6774b3ada023bf5b939d64f45c94b3adf91502dd883507d469b4308a943bb3?s=96&d=mm&r=g","caption":"Exaudi Redazione"},"description":"Che cosa \u00e8 Exaudi News? Exaudi News \u00e8 un agenzia cattolica internazionale che informa, istruisce e trasforma quotidianamente in spagnolo, inglese e italiano. Attraverso notizie, articoli di analisi e trasmissioni in diretta degli eventi del Papa, Exaudi cerca di rafforzare l'unit\u00e0 dei cristiani e di contribuire all'evangelizzazione del mondo, sempre guidato dalla dottrina sociale della Chiesa. Lavoriamo per portare la verit\u00e0 e i valori cristiani in ogni angolo del pianeta. Aiutaci a trasformare il mondo con Exaudi! Noi di Exaudi crediamo che l'evangelizzazione e l'informazione di qualit\u00e0 possano cambiare la vita. Per continuare la nostra missione ed espandere la nostra portata, abbiamo bisogno del tuo aiuto. Stiamo anche cercando persone motivate che vogliano unirsi al nostro team. Grazie al vostro sostegno raggiungeremo pi\u00f9 persone, diffonderemo il messaggio di Cristo e rafforzeremo l'unit\u00e0 dei cristiani. Vuoi unirti alla nostra missione? Per maggiori informazioni su come contribuire, visita Exaudi.org\/it o contattaci direttamente: info@exaudi.org Exaudi: informa, forma e trasforma.","sameAs":["https:\/\/www.facebook.com\/ExaudiNotizie\/","https:\/\/www.instagram.com\/Exaudi_notizie\/","https:\/\/x.com\/Exaudi_Notizie","https:\/\/www.youtube.com\/@exaudicatholicnews"],"url":"https:\/\/exaudi.org\/it\/author\/dlvedi-org\/"}]}},"jetpack_featured_media_url":"https:\/\/exaudi.org\/wp-content\/uploads\/2023\/12\/pexels-mathias-reding-4468974-scaled.jpg","jetpack_shortlink":"https:\/\/wp.me\/pgKjF2-nqH","_links":{"self":[{"href":"https:\/\/exaudi.org\/it\/wp-json\/wp\/v2\/posts\/90067","targetHints":{"allow":["GET"]}}],"collection":[{"href":"https:\/\/exaudi.org\/it\/wp-json\/wp\/v2\/posts"}],"about":[{"href":"https:\/\/exaudi.org\/it\/wp-json\/wp\/v2\/types\/post"}],"author":[{"embeddable":true,"href":"https:\/\/exaudi.org\/it\/wp-json\/wp\/v2\/users\/17"}],"replies":[{"embeddable":true,"href":"https:\/\/exaudi.org\/it\/wp-json\/wp\/v2\/comments?post=90067"}],"version-history":[{"count":0,"href":"https:\/\/exaudi.org\/it\/wp-json\/wp\/v2\/posts\/90067\/revisions"}],"wp:featuredmedia":[{"embeddable":true,"href":"https:\/\/exaudi.org\/it\/wp-json\/wp\/v2\/media\/90015"}],"wp:attachment":[{"href":"https:\/\/exaudi.org\/it\/wp-json\/wp\/v2\/media?parent=90067"}],"wp:term":[{"taxonomy":"category","embeddable":true,"href":"https:\/\/exaudi.org\/it\/wp-json\/wp\/v2\/categories?post=90067"},{"taxonomy":"post_tag","embeddable":true,"href":"https:\/\/exaudi.org\/it\/wp-json\/wp\/v2\/tags?post=90067"}],"curies":[{"name":"wp","href":"https:\/\/api.w.org\/{rel}","templated":true}]}}