{"id":89723,"date":"2025-12-06T16:48:18","date_gmt":"2025-12-06T15:48:18","guid":{"rendered":"https:\/\/exaudi.org\/?p=89723"},"modified":"2025-12-06T16:55:03","modified_gmt":"2025-12-06T15:55:03","slug":"san-nicola-di-bari-intercessore-dei-bisogni-materiali","status":"publish","type":"post","link":"https:\/\/exaudi.org\/it\/san-nicola-di-bari-intercessore-dei-bisogni-materiali\/","title":{"rendered":"San Nicola di Bari, intercessore dei bisogni materiali"},"content":{"rendered":"<p>Il <a href=\"https:\/\/exaudi.org\/es\/author\/rafaelmosteyrin\/\">sacerdote Rafael de Mosteyr\u00edn<\/a> propone questo articolo sulla figura di San Nicola di Bari, considerato un intercessore per le necessit\u00e0 materiali ed economiche e la cui festa si celebra oggi, 6 dicembre.<\/p>\n<p>***<\/p>\n<p>Si dice che San Nicola, di cui oggi si celebra la festa, sia stato molto generoso qui sulla terra con la grande eredit\u00e0 ricevuta dai suoi genitori quando era ancora giovane. Per questo motivo \u00e8 considerato un intercessore per le necessit\u00e0 materiali e finanziarie.<\/p>\n<p>Da bambino amava pregare e impar\u00f2 ad avere orrore del peccato e dell&#8217;offesa a Dio. Fu ordinato sacerdote e quando il vescovo Giovanni mor\u00ec, la Chiesa, con la grazia dello Spirito Santo, lo scelse come suo successore per le sue buone opere.<\/p>\n<p>San Nicola visse nel IV secolo. La sua eredit\u00e0 fu subito messa al servizio dei pi\u00f9 poveri e bisognosi. Fu fatto prigioniero come sacerdote sotto il governo dell&#8217;imperatore Licinio e liberato sotto Costantino. Partecip\u00f2 al Concilio di Nicea.<\/p>\n<p>Poco si sa della vita e dei miracoli di San Nicola di Bari. In assenza di fatti comprovati, la pia tradizione popolare gli attribuisce miracoli clamorosi. Questo lo ha reso il patrono della Russia primitiva e meta di innumerevoli pellegrinaggi. A Bari, la citt\u00e0 italiana dove riposano le sue spoglie, \u00e8 stato concesso il privilegio di custodire le sue sante reliquie.<\/p>\n<p>Nel 1087, le citt\u00e0 di Venezia e Bari gareggiarono per essere le prime a recuperare le spoglie del santo. A tal fine, i marinai di quest&#8217;ultima citt\u00e0 noleggiarono una nave apparentemente destinata a trasportare grano ad Antiochia. Dopo alcuni rischiosi incidenti, riuscirono a impossessarsi delle reliquie, che furono sepolte in una chiesa di Bari.<\/p>\n<p>San Nicola \u00e8 il patrono dei marinai perch\u00e9 si dice che in pi\u00f9 di un&#8217;occasione abbia fermato tempeste e onde impetuose, salvando marinai e navi dall&#8217;affondamento. San Nicola \u00e8 venerato dai bambini di tutto il mondo per la sua generosit\u00e0, perch\u00e9 risponde sempre alle loro preghiere. San Nicola \u00e8 il vescovo buono con la barba bianca che va in giro per il mondo a diffondere gioia e bont\u00e0.<\/p>\n<p>San Josemar\u00eda Escriv\u00e1 aveva molti problemi finanziari. Per questo un giorno si ricord\u00f2 di San Nicola di Bari, poco prima dell&#8217;inizio della celebrazione della Santa Messa. In sacrestia gli fece questa promessa: &#8220;Se mi tiri fuori da questa situazione, ti nomino intercessore dell&#8217;<a href=\"https:\/\/opusdei.org\/es-es\/\">Opus Dei<\/a>&#8220;. Ma, mentre saliva i gradini dell&#8217;altare, si pent\u00ec delle condizioni e gli disse: &#8220;E se non mi tiri fuori da questa situazione, ti nominer\u00f2 comunque&#8221;. In quella circostanza ce la fece e ricorse all&#8217;intercessione del Santo molte altre volte.<\/p>\n<p>San Nicola sar\u00e0 il nostro alleato in cielo per essere generosi con Dio e con i fratelli e per cercare i mezzi finanziari necessari sulla terra. Andiamo da lui. Vicino a Dio, continua a essere generoso con chi gli chiede aiuto.<\/p>\n<p>Dio gli ha rivelato che la sua morte si stava avvicinando e dopo aver celebrato la sua ultima Messa \u00e8 morto all&#8217;et\u00e0 di 85 anni. Da allora, per sua intercessione, molte persone hanno ricevuto da lui favori e miracoli. La sua fama si diffuse rapidamente in tutto il mondo conosciuto.<\/p>\n","protected":false},"excerpt":{"rendered":"<p>Un alleato in cielo per essere generosi con Dio e con i nostri fratelli e sorelle<\/p>\n","protected":false},"author":21,"featured_media":89724,"comment_status":"open","ping_status":"open","sticky":false,"template":"","format":"standard","meta":{"_acf_changed":false,"_crdt_document":"","inline_featured_image":false,"footnotes":""},"categories":[73,95],"tags":[11393,4952],"class_list":["post-89723","post","type-post","status-publish","format-standard","has-post-thumbnail","hentry","category-chiesa-e-mondo","category-spiritualita","tag-san-nicola-di-bari","tag-trending-it"],"acf":[],"yoast_head":"<!-- This site is optimized with the Yoast SEO plugin v27.5 - https:\/\/yoast.com\/product\/yoast-seo-wordpress\/ -->\n<title>San Nicola di Bari, intercessore dei bisogni materiali &#8211; Exaudi<\/title>\n<meta name=\"robots\" content=\"index, follow, max-snippet:-1, max-image-preview:large, max-video-preview:-1\" \/>\n<link rel=\"canonical\" href=\"https:\/\/exaudi.org\/it\/san-nicola-di-bari-intercessore-dei-bisogni-materiali\/\" \/>\n<meta property=\"og:locale\" content=\"it_IT\" \/>\n<meta property=\"og:type\" content=\"article\" \/>\n<meta property=\"og:title\" content=\"San Nicola di Bari, intercessore dei bisogni materiali &#8211; Exaudi\" \/>\n<meta property=\"og:description\" content=\"Un alleato in cielo per essere generosi con Dio e con i nostri fratelli e sorelle\" \/>\n<meta property=\"og:url\" content=\"https:\/\/exaudi.org\/it\/san-nicola-di-bari-intercessore-dei-bisogni-materiali\/\" \/>\n<meta property=\"og:site_name\" content=\"Exaudi\" \/>\n<meta property=\"article:publisher\" content=\"https:\/\/www.facebook.com\/ExaudiNews\" \/>\n<meta property=\"article:published_time\" content=\"2025-12-06T15:48:18+00:00\" \/>\n<meta property=\"article:modified_time\" content=\"2025-12-06T15:55:03+00:00\" \/>\n<meta property=\"og:image\" content=\"https:\/\/exaudi.org\/wp-content\/uploads\/2023\/12\/san-nicolas-2-1024x758-1.jpg\" \/>\n\t<meta property=\"og:image:width\" content=\"1024\" \/>\n\t<meta property=\"og:image:height\" content=\"758\" \/>\n\t<meta property=\"og:image:type\" content=\"image\/jpeg\" \/>\n<meta name=\"author\" content=\"Rafael Mosteyr\u00edn\" \/>\n<meta name=\"twitter:card\" content=\"summary_large_image\" \/>\n<meta name=\"twitter:creator\" content=\"@Exaudi_News\" \/>\n<meta name=\"twitter:site\" content=\"@Exaudi_News\" \/>\n<meta name=\"twitter:label1\" content=\"Scritto da\" \/>\n\t<meta name=\"twitter:data1\" content=\"Rafael Mosteyr\u00edn\" \/>\n\t<meta name=\"twitter:label2\" content=\"Tempo di lettura stimato\" \/>\n\t<meta name=\"twitter:data2\" content=\"3 minuti\" \/>\n<script type=\"application\/ld+json\" class=\"yoast-schema-graph\">{\"@context\":\"https:\\\/\\\/schema.org\",\"@graph\":[{\"@type\":\"Article\",\"@id\":\"https:\\\/\\\/exaudi.org\\\/it\\\/san-nicola-di-bari-intercessore-dei-bisogni-materiali\\\/#article\",\"isPartOf\":{\"@id\":\"https:\\\/\\\/exaudi.org\\\/it\\\/san-nicola-di-bari-intercessore-dei-bisogni-materiali\\\/\"},\"author\":{\"name\":\"Rafael Mosteyr\u00edn\",\"@id\":\"https:\\\/\\\/exaudi.org\\\/#\\\/schema\\\/person\\\/f353f945f5324dc163c4081b5aa12fcb\"},\"headline\":\"San Nicola di Bari, intercessore dei bisogni materiali\",\"datePublished\":\"2025-12-06T15:48:18+00:00\",\"dateModified\":\"2025-12-06T15:55:03+00:00\",\"mainEntityOfPage\":{\"@id\":\"https:\\\/\\\/exaudi.org\\\/it\\\/san-nicola-di-bari-intercessore-dei-bisogni-materiali\\\/\"},\"wordCount\":525,\"commentCount\":0,\"image\":{\"@id\":\"https:\\\/\\\/exaudi.org\\\/it\\\/san-nicola-di-bari-intercessore-dei-bisogni-materiali\\\/#primaryimage\"},\"thumbnailUrl\":\"https:\\\/\\\/exaudi.org\\\/wp-content\\\/uploads\\\/2023\\\/12\\\/san-nicolas-2-1024x758-1.jpg\",\"keywords\":[\"San Nicola di Bari\",\"Trending\"],\"articleSection\":[\"Chiesa e Mondo\",\"Spiritualit\u00e0\"],\"inLanguage\":\"it-IT\",\"potentialAction\":[{\"@type\":\"CommentAction\",\"name\":\"Comment\",\"target\":[\"https:\\\/\\\/exaudi.org\\\/it\\\/san-nicola-di-bari-intercessore-dei-bisogni-materiali\\\/#respond\"]}]},{\"@type\":\"WebPage\",\"@id\":\"https:\\\/\\\/exaudi.org\\\/it\\\/san-nicola-di-bari-intercessore-dei-bisogni-materiali\\\/\",\"url\":\"https:\\\/\\\/exaudi.org\\\/it\\\/san-nicola-di-bari-intercessore-dei-bisogni-materiali\\\/\",\"name\":\"San Nicola di Bari, intercessore dei bisogni materiali &#8211; Exaudi\",\"isPartOf\":{\"@id\":\"https:\\\/\\\/exaudi.org\\\/#website\"},\"primaryImageOfPage\":{\"@id\":\"https:\\\/\\\/exaudi.org\\\/it\\\/san-nicola-di-bari-intercessore-dei-bisogni-materiali\\\/#primaryimage\"},\"image\":{\"@id\":\"https:\\\/\\\/exaudi.org\\\/it\\\/san-nicola-di-bari-intercessore-dei-bisogni-materiali\\\/#primaryimage\"},\"thumbnailUrl\":\"https:\\\/\\\/exaudi.org\\\/wp-content\\\/uploads\\\/2023\\\/12\\\/san-nicolas-2-1024x758-1.jpg\",\"datePublished\":\"2025-12-06T15:48:18+00:00\",\"dateModified\":\"2025-12-06T15:55:03+00:00\",\"author\":{\"@id\":\"https:\\\/\\\/exaudi.org\\\/#\\\/schema\\\/person\\\/f353f945f5324dc163c4081b5aa12fcb\"},\"breadcrumb\":{\"@id\":\"https:\\\/\\\/exaudi.org\\\/it\\\/san-nicola-di-bari-intercessore-dei-bisogni-materiali\\\/#breadcrumb\"},\"inLanguage\":\"it-IT\",\"potentialAction\":[{\"@type\":\"ReadAction\",\"target\":[\"https:\\\/\\\/exaudi.org\\\/it\\\/san-nicola-di-bari-intercessore-dei-bisogni-materiali\\\/\"]}]},{\"@type\":\"ImageObject\",\"inLanguage\":\"it-IT\",\"@id\":\"https:\\\/\\\/exaudi.org\\\/it\\\/san-nicola-di-bari-intercessore-dei-bisogni-materiali\\\/#primaryimage\",\"url\":\"https:\\\/\\\/exaudi.org\\\/wp-content\\\/uploads\\\/2023\\\/12\\\/san-nicolas-2-1024x758-1.jpg\",\"contentUrl\":\"https:\\\/\\\/exaudi.org\\\/wp-content\\\/uploads\\\/2023\\\/12\\\/san-nicolas-2-1024x758-1.jpg\",\"width\":1024,\"height\":758},{\"@type\":\"BreadcrumbList\",\"@id\":\"https:\\\/\\\/exaudi.org\\\/it\\\/san-nicola-di-bari-intercessore-dei-bisogni-materiali\\\/#breadcrumb\",\"itemListElement\":[{\"@type\":\"ListItem\",\"position\":1,\"name\":\"Portada\",\"item\":\"https:\\\/\\\/exaudi.org\\\/it\\\/\"},{\"@type\":\"ListItem\",\"position\":2,\"name\":\"San Nicola di Bari, intercessore dei bisogni materiali\"}]},{\"@type\":\"WebSite\",\"@id\":\"https:\\\/\\\/exaudi.org\\\/#website\",\"url\":\"https:\\\/\\\/exaudi.org\\\/\",\"name\":\"Exaudi\",\"description\":\"News\",\"potentialAction\":[{\"@type\":\"SearchAction\",\"target\":{\"@type\":\"EntryPoint\",\"urlTemplate\":\"https:\\\/\\\/exaudi.org\\\/?s={search_term_string}\"},\"query-input\":{\"@type\":\"PropertyValueSpecification\",\"valueRequired\":true,\"valueName\":\"search_term_string\"}}],\"inLanguage\":\"it-IT\"},{\"@type\":\"Person\",\"@id\":\"https:\\\/\\\/exaudi.org\\\/#\\\/schema\\\/person\\\/f353f945f5324dc163c4081b5aa12fcb\",\"name\":\"Rafael Mosteyr\u00edn\",\"image\":{\"@type\":\"ImageObject\",\"inLanguage\":\"it-IT\",\"@id\":\"https:\\\/\\\/secure.gravatar.com\\\/avatar\\\/27281f36e8c6433071aa858f3ba7cb1231e54d489be779f5b4d512db37f4128b?s=96&d=mm&r=g\",\"url\":\"https:\\\/\\\/secure.gravatar.com\\\/avatar\\\/27281f36e8c6433071aa858f3ba7cb1231e54d489be779f5b4d512db37f4128b?s=96&d=mm&r=g\",\"contentUrl\":\"https:\\\/\\\/secure.gravatar.com\\\/avatar\\\/27281f36e8c6433071aa858f3ba7cb1231e54d489be779f5b4d512db37f4128b?s=96&d=mm&r=g\",\"caption\":\"Rafael Mosteyr\u00edn\"},\"description\":\"Nacido en 1973 en Sevilla, y ordenado sacerdote en 2014 en Roma. Desde entonces he vivido en Barcelona y Sevilla, con estancias de colaboraci\u00f3n en Oberammergau (Alemania) y Huancavelica (Per\u00fa). Actualmente estoy en Sevilla, en la Iglesia del Se\u00f1or san Jos\u00e9 y en el colegio Ribamar.\",\"url\":\"https:\\\/\\\/exaudi.org\\\/it\\\/author\\\/rafaelmosteyrin\\\/\"}]}<\/script>\n<!-- \/ Yoast SEO plugin. -->","yoast_head_json":{"title":"San Nicola di Bari, intercessore dei bisogni materiali &#8211; Exaudi","robots":{"index":"index","follow":"follow","max-snippet":"max-snippet:-1","max-image-preview":"max-image-preview:large","max-video-preview":"max-video-preview:-1"},"canonical":"https:\/\/exaudi.org\/it\/san-nicola-di-bari-intercessore-dei-bisogni-materiali\/","og_locale":"it_IT","og_type":"article","og_title":"San Nicola di Bari, intercessore dei bisogni materiali &#8211; Exaudi","og_description":"Un alleato in cielo per essere generosi con Dio e con i nostri fratelli e sorelle","og_url":"https:\/\/exaudi.org\/it\/san-nicola-di-bari-intercessore-dei-bisogni-materiali\/","og_site_name":"Exaudi","article_publisher":"https:\/\/www.facebook.com\/ExaudiNews","article_published_time":"2025-12-06T15:48:18+00:00","article_modified_time":"2025-12-06T15:55:03+00:00","og_image":[{"width":1024,"height":758,"url":"https:\/\/exaudi.org\/wp-content\/uploads\/2023\/12\/san-nicolas-2-1024x758-1.jpg","type":"image\/jpeg"}],"author":"Rafael Mosteyr\u00edn","twitter_card":"summary_large_image","twitter_creator":"@Exaudi_News","twitter_site":"@Exaudi_News","twitter_misc":{"Scritto da":"Rafael Mosteyr\u00edn","Tempo di lettura stimato":"3 minuti"},"schema":{"@context":"https:\/\/schema.org","@graph":[{"@type":"Article","@id":"https:\/\/exaudi.org\/it\/san-nicola-di-bari-intercessore-dei-bisogni-materiali\/#article","isPartOf":{"@id":"https:\/\/exaudi.org\/it\/san-nicola-di-bari-intercessore-dei-bisogni-materiali\/"},"author":{"name":"Rafael Mosteyr\u00edn","@id":"https:\/\/exaudi.org\/#\/schema\/person\/f353f945f5324dc163c4081b5aa12fcb"},"headline":"San Nicola di Bari, intercessore dei bisogni materiali","datePublished":"2025-12-06T15:48:18+00:00","dateModified":"2025-12-06T15:55:03+00:00","mainEntityOfPage":{"@id":"https:\/\/exaudi.org\/it\/san-nicola-di-bari-intercessore-dei-bisogni-materiali\/"},"wordCount":525,"commentCount":0,"image":{"@id":"https:\/\/exaudi.org\/it\/san-nicola-di-bari-intercessore-dei-bisogni-materiali\/#primaryimage"},"thumbnailUrl":"https:\/\/exaudi.org\/wp-content\/uploads\/2023\/12\/san-nicolas-2-1024x758-1.jpg","keywords":["San Nicola di Bari","Trending"],"articleSection":["Chiesa e Mondo","Spiritualit\u00e0"],"inLanguage":"it-IT","potentialAction":[{"@type":"CommentAction","name":"Comment","target":["https:\/\/exaudi.org\/it\/san-nicola-di-bari-intercessore-dei-bisogni-materiali\/#respond"]}]},{"@type":"WebPage","@id":"https:\/\/exaudi.org\/it\/san-nicola-di-bari-intercessore-dei-bisogni-materiali\/","url":"https:\/\/exaudi.org\/it\/san-nicola-di-bari-intercessore-dei-bisogni-materiali\/","name":"San Nicola di Bari, intercessore dei bisogni materiali &#8211; Exaudi","isPartOf":{"@id":"https:\/\/exaudi.org\/#website"},"primaryImageOfPage":{"@id":"https:\/\/exaudi.org\/it\/san-nicola-di-bari-intercessore-dei-bisogni-materiali\/#primaryimage"},"image":{"@id":"https:\/\/exaudi.org\/it\/san-nicola-di-bari-intercessore-dei-bisogni-materiali\/#primaryimage"},"thumbnailUrl":"https:\/\/exaudi.org\/wp-content\/uploads\/2023\/12\/san-nicolas-2-1024x758-1.jpg","datePublished":"2025-12-06T15:48:18+00:00","dateModified":"2025-12-06T15:55:03+00:00","author":{"@id":"https:\/\/exaudi.org\/#\/schema\/person\/f353f945f5324dc163c4081b5aa12fcb"},"breadcrumb":{"@id":"https:\/\/exaudi.org\/it\/san-nicola-di-bari-intercessore-dei-bisogni-materiali\/#breadcrumb"},"inLanguage":"it-IT","potentialAction":[{"@type":"ReadAction","target":["https:\/\/exaudi.org\/it\/san-nicola-di-bari-intercessore-dei-bisogni-materiali\/"]}]},{"@type":"ImageObject","inLanguage":"it-IT","@id":"https:\/\/exaudi.org\/it\/san-nicola-di-bari-intercessore-dei-bisogni-materiali\/#primaryimage","url":"https:\/\/exaudi.org\/wp-content\/uploads\/2023\/12\/san-nicolas-2-1024x758-1.jpg","contentUrl":"https:\/\/exaudi.org\/wp-content\/uploads\/2023\/12\/san-nicolas-2-1024x758-1.jpg","width":1024,"height":758},{"@type":"BreadcrumbList","@id":"https:\/\/exaudi.org\/it\/san-nicola-di-bari-intercessore-dei-bisogni-materiali\/#breadcrumb","itemListElement":[{"@type":"ListItem","position":1,"name":"Portada","item":"https:\/\/exaudi.org\/it\/"},{"@type":"ListItem","position":2,"name":"San Nicola di Bari, intercessore dei bisogni materiali"}]},{"@type":"WebSite","@id":"https:\/\/exaudi.org\/#website","url":"https:\/\/exaudi.org\/","name":"Exaudi","description":"News","potentialAction":[{"@type":"SearchAction","target":{"@type":"EntryPoint","urlTemplate":"https:\/\/exaudi.org\/?s={search_term_string}"},"query-input":{"@type":"PropertyValueSpecification","valueRequired":true,"valueName":"search_term_string"}}],"inLanguage":"it-IT"},{"@type":"Person","@id":"https:\/\/exaudi.org\/#\/schema\/person\/f353f945f5324dc163c4081b5aa12fcb","name":"Rafael Mosteyr\u00edn","image":{"@type":"ImageObject","inLanguage":"it-IT","@id":"https:\/\/secure.gravatar.com\/avatar\/27281f36e8c6433071aa858f3ba7cb1231e54d489be779f5b4d512db37f4128b?s=96&d=mm&r=g","url":"https:\/\/secure.gravatar.com\/avatar\/27281f36e8c6433071aa858f3ba7cb1231e54d489be779f5b4d512db37f4128b?s=96&d=mm&r=g","contentUrl":"https:\/\/secure.gravatar.com\/avatar\/27281f36e8c6433071aa858f3ba7cb1231e54d489be779f5b4d512db37f4128b?s=96&d=mm&r=g","caption":"Rafael Mosteyr\u00edn"},"description":"Nacido en 1973 en Sevilla, y ordenado sacerdote en 2014 en Roma. Desde entonces he vivido en Barcelona y Sevilla, con estancias de colaboraci\u00f3n en Oberammergau (Alemania) y Huancavelica (Per\u00fa). Actualmente estoy en Sevilla, en la Iglesia del Se\u00f1or san Jos\u00e9 y en el colegio Ribamar.","url":"https:\/\/exaudi.org\/it\/author\/rafaelmosteyrin\/"}]}},"jetpack_featured_media_url":"https:\/\/exaudi.org\/wp-content\/uploads\/2023\/12\/san-nicolas-2-1024x758-1.jpg","jetpack_shortlink":"https:\/\/wp.me\/pgKjF2-nl9","_links":{"self":[{"href":"https:\/\/exaudi.org\/it\/wp-json\/wp\/v2\/posts\/89723","targetHints":{"allow":["GET"]}}],"collection":[{"href":"https:\/\/exaudi.org\/it\/wp-json\/wp\/v2\/posts"}],"about":[{"href":"https:\/\/exaudi.org\/it\/wp-json\/wp\/v2\/types\/post"}],"author":[{"embeddable":true,"href":"https:\/\/exaudi.org\/it\/wp-json\/wp\/v2\/users\/21"}],"replies":[{"embeddable":true,"href":"https:\/\/exaudi.org\/it\/wp-json\/wp\/v2\/comments?post=89723"}],"version-history":[{"count":1,"href":"https:\/\/exaudi.org\/it\/wp-json\/wp\/v2\/posts\/89723\/revisions"}],"predecessor-version":[{"id":149291,"href":"https:\/\/exaudi.org\/it\/wp-json\/wp\/v2\/posts\/89723\/revisions\/149291"}],"wp:featuredmedia":[{"embeddable":true,"href":"https:\/\/exaudi.org\/it\/wp-json\/wp\/v2\/media\/89724"}],"wp:attachment":[{"href":"https:\/\/exaudi.org\/it\/wp-json\/wp\/v2\/media?parent=89723"}],"wp:term":[{"taxonomy":"category","embeddable":true,"href":"https:\/\/exaudi.org\/it\/wp-json\/wp\/v2\/categories?post=89723"},{"taxonomy":"post_tag","embeddable":true,"href":"https:\/\/exaudi.org\/it\/wp-json\/wp\/v2\/tags?post=89723"}],"curies":[{"name":"wp","href":"https:\/\/api.w.org\/{rel}","templated":true}]}}