{"id":89677,"date":"2023-12-05T18:27:41","date_gmt":"2023-12-05T17:27:41","guid":{"rendered":"https:\/\/exaudi.org\/?p=89677"},"modified":"2023-12-06T01:48:21","modified_gmt":"2023-12-06T00:48:21","slug":"orizzonte-natale","status":"publish","type":"post","link":"https:\/\/exaudi.org\/it\/orizzonte-natale\/","title":{"rendered":"Orizzonte: Natale"},"content":{"rendered":"<p>Il Natale celebra la nascita di un Bambino. Ci\u00f2 che Dio ha fatto per l&#8217;umanit\u00e0 \u00e8 stato donarle un Bambino. Un bambino \u00e8 fragilit\u00e0. Ha bisogno degli altri anche solo per sopravvivere. Un piccolo \u00e8 pi\u00f9 grande della pi\u00f9 potente invenzione tecnologica. In un mondo in cui si calpestano le teste dei bisognosi, il Natale ci racconta la nascita di un bambino povero, debole al quadrato. In un mondo cos\u00ec disumanizzato, il Natale, cos\u00ec pieno di umanesimo, rivendica la verit\u00e0 dell&#8217;uomo, la sua dignit\u00e0 e i suoi diritti intrinseci. In mezzo a tanti aborti indotti, il Natale celebra che il concepito \u00e8 venuto alla luce. Su questa terra, piena di confusione, \u00e8 chiaro che il Bambino \u00e8 un essere, maschio, con una natura finita. In un universo oscuro, nasce questo fiore di purezza, modello supremo di umanit\u00e0. La massima santit\u00e0 consiste nel seguirlo pienamente. In un mondo di tanto paganesimo, il Natale celebra la nascita del figlio della Vergine, la cui madre \u00e8 la pi\u00f9 semplice, la migliore, il grande modello di donna, la pi\u00f9 santa, la pi\u00f9 familiare, la pi\u00f9 pura, che ha vissuto un amore pulito e bello. In mezzo a tante crisi familiari, il Natale riunisce la famiglia, come un&#8217;eco di &#8220;vedi come si amano&#8221;.<\/p>\n<p>Viviamo in un mondo in continuo cambiamento. Sono cambiate pi\u00f9 cose in mezzo secolo che in un millennio. Siamo a un cambio d&#8217;epoca, in una realt\u00e0 radicalmente nuova, qualcosa di un&#8217;altra dimensione, di un altro mondo. Prima era inimmaginabile. I cambiamenti stanno avvenendo a un ritmo vertiginoso e stanno accelerando sempre di pi\u00f9, senza che sia possibile sapere dove andremo a finire e nemmeno quali sfide ci riserver\u00e0 il futuro prossimo.<\/p>\n<p>Una traiettoria \u00e8 segnata da punti di congiunzione nel tempo. Cos\u00ec, il XX secolo, il secolo dell&#8217;energia nucleare, dei grandi progressi scientifici e tecnologici, \u00e8 stato il secolo delle guerre mondiali, le pi\u00f9 sanguinose della storia. Il XXI secolo, da cui nasce, va verso la rivoluzione informatica e la rivoluzione biologica. Attualmente ci sono cos\u00ec tante guerre che Papa Francesco ha potuto dire che stiamo gi\u00e0 vivendo la terza guerra mondiale. Il Natale gioisce perch\u00e9 \u00e8 nato il principe della pace. Senza Dio, l&#8217;uomo non pu\u00f2 raggiungere la pace. La pace \u00e8 un dono di Dio. Il regno di Cristo \u00e8 un regno di pace.<\/p>\n<p>Supponiamo che in ogni angolo del mondo ci sia un telefono cellulare collegato a Internet. Allora, semplicisticamente, in ogni punto spazio-temporale ci sarebbe una rappresentazione dell&#8217;intero universo, con cui si potrebbe interagire. Cio\u00e8, quel minuscolo punto sarebbe come una piccola borsa contenente l&#8217;intero immenso Cosmo. Questo, quindi, riguarderebbe ogni famiglia, ogni bambino, e cos\u00ec via. Data l&#8217;inclinazione umana al male, non si pu\u00f2 sottovalutare il fatto che questo nuovo potere potrebbe essere usato anche per grandi mali. In ogni caso, una cosa \u00e8 chiara: abbiamo un problema!<\/p>\n<p>Oggi l&#8217;uso della scienza ha rotto con l&#8217;etica e con Dio. Il nostro mondo grida sempre pi\u00f9 forte che questa separazione \u00e8 molto dannosa. Ci accorgiamo che l&#8217;uomo non \u00e8 in grado di risolvere i suoi grandi problemi. Il progresso lo ha portato sull&#8217;orlo di un grande abisso. Oggi, in particolare, abbiamo bisogno di un Salvatore. Questo non pu\u00f2 essere una persona umana. Solo Dio pu\u00f2 salvarci. Il Natale celebra la nascita di Colui che, quando il peccato originale ci aveva chiuso il cielo, \u00e8 venuto a perdonarci, a salvarci. A cosa sarebbe servito nascere se non ci fosse stata la salvezza? Il Natale gioisce della nascita di Colui che continua a salvarci, l&#8217;unico Salvatore del mondo. Egli \u00e8 il nostro liberatore, l&#8217;unica mano che pu\u00f2 salvarci dalle sabbie mobili. \u00c8 l&#8217;Amore che ci tira verso l&#8217;alto. Affidandosi a Cristo, ci sar\u00e0 sempre speranza e ottimismo.<\/p>\n<p>La verit\u00e0 vi render\u00e0 liberi. Ora, in molti luoghi, la disciplina dei partiti politici significa votare qualsiasi cosa dica il partito, qualunque esso sia. Dov&#8217;\u00e8 allora l&#8217;essere umano, la sua grandezza? Una tale disciplina \u00e8 l&#8217;unione della menzogna demagogica e della dittatura del relativismo. Stando cos\u00ec le cose, il Natale celebra la nascita di Colui che \u00e8 la Verit\u00e0, testimone fedele, martire, che \u00e8 venuto a testimoniare la verit\u00e0 e che \u00e8 il donatore della vera libert\u00e0.<\/p>\n<p>Il Natale gioisce della nascita di Colui che \u00e8 la luce del mondo e il fondatore della Chiesa, la sua grande opera, la sua sposa immacolata, il suo corpo mistico, che \u00e8 uno, santo, cattolico, apostolico, romano, sempre perseguitato e calunniato.<\/p>\n<p>Il Natale celebra molto questa verit\u00e0 assoluta: questo neonato \u00e8 veramente e perfettamente Dio, la seconda persona della Santissima Trinit\u00e0, che si \u00e8 incarnata. \u00c8 la meraviglia di una bont\u00e0 infinita! \u00c8 Dio, che si prende cura dell&#8217;umanit\u00e0 come un giardiniere cura teneramente i fiori del suo giardino. Il Natale ci porta davanti agli occhi la verit\u00e0 di Dio. Questa verit\u00e0, Dio che \u00e8 Amore, &#8211;<em>Deus caritas est<\/em>-, illumina la verit\u00e0 dell&#8217;uomo. Dio vuole nascere e crescere nel vostro cuore, che \u00e8 capace di infinito! Tutta la realt\u00e0 \u00e8 illuminata dal battito di un cuore paterno, misericordioso, di amore infinito, e questo \u00e8 decisivo. Anche questo \u00e8 un soffio di gioia.<\/p>\n<p>Quando il mondo si allontana da Dio, si rattrista e decade. Il Natale \u00e8 gioia. L&#8217;angelo disse ai pastori: &#8220;Non abbiate paura. Ecco, io vengo a portarvi una buona notizia di grande gioia, che sar\u00e0 per tutto il popolo: oggi nella citt\u00e0 di Davide \u00e8 nato per voi un Salvatore, che \u00e8 il Cristo, il Signore; e questo sar\u00e0 per voi un segno: troverete un bambino avvolto in fasce e adagiato in una mangiatoia&#8221;. Cristo \u00e8 il desiderio delle genti. Papa Francesco ha detto: Ges\u00f9 Cristo \u00e8 gioia. Il Vangelo \u00e8 un annuncio di gioia. Incontrare Ges\u00f9 \u00e8 incontrare la gioia. Ges\u00f9 \u00e8 la fonte della gioia.<\/p>\n<p>Il Natale \u00e8 la celebrazione della nascita del vincitore, colui che non perde mai le battaglie. Stando con lui, anche in questi tempi cos\u00ec eccitanti, avremo la grande gioia della vittoria, non saremo mai sconfitti. Perch\u00e9 chi fa la volont\u00e0 di Dio vince sempre!<\/p>\n<p>Il Natale si erge davanti ai nostri occhi come uno stupendo castello di fuoco. Una delle sue stele \u00e8 formata dall&#8217;umanesimo, il migliore umanesimo. Un&#8217;altra traiettoria \u00e8 l&#8217;infinito splendore della divinit\u00e0. Un&#8217;altra orbita dispiegata \u00e8 la speranza, che sgorga luminosa dal <em>Redemptor hominis<\/em>. Si \u00e8 formato, cio\u00e8, un triangolo artistico di luce, che si inscrive nella circonferenza della gioia, della poesia, della musica e della bellezza. Al centro di questo poligono luminoso c&#8217;\u00e8 una grande scritta: \u00c8 nato il tuo Ges\u00f9!<\/p>\n<p>Quei piccoli puntini, chiamati uomini, attaccati alla sfera terrestre spezzata, cos\u00ec macchiata di sangue, non possono alzare la testa e meravigliarsi di questo grandioso spettacolo astronomico? Perch\u00e9, invece di respirare l&#8217;aria triste e buia, &#8211; di una terra attraversata da gallerie sotterranee scavate da vermi e roditori &#8211; perch\u00e9 non respirare quell&#8217;aria dall&#8217;alto, pulita, vera, luminosa, fiorita, profumata, elevata, fantastica, stupenda, sublime, emozionante, piena di bellezza e di bont\u00e0, incantevole, cos\u00ec attraente, cos\u00ec calamitante, cos\u00ec portante?<\/p>\n<p>In definitiva, il Natale \u00e8 gioia, una novit\u00e0, una meraviglia da scoprire.<\/p>\n","protected":false},"excerpt":{"rendered":"<p>Il Natale \u00e8 gioia, novit\u00e0, meraviglia da scoprire<\/p>\n","protected":false},"author":45,"featured_media":89392,"comment_status":"closed","ping_status":"closed","sticky":false,"template":"","format":"standard","meta":{"_acf_changed":false,"_crdt_document":"","inline_featured_image":false,"footnotes":""},"categories":[129],"tags":[11109,11354,4696,251,251,251,11355,10335],"class_list":{"0":"post-89677","1":"post","2":"type-post","3":"status-publish","4":"format-standard","5":"has-post-thumbnail","6":"hentry","7":"category-voci","8":"tag-gesu-bambino","9":"tag-gesu-cristo","10":"tag-natale","11":"tag-papa-francesco","14":"tag-redemptor-hominis-2","15":"tag-verita"},"acf":[],"yoast_head":"<!-- This site is optimized with the Yoast SEO plugin v27.5 - https:\/\/yoast.com\/product\/yoast-seo-wordpress\/ -->\n<title>Orizzonte: Natale &#8211; Exaudi<\/title>\n<meta name=\"robots\" content=\"index, follow, max-snippet:-1, max-image-preview:large, max-video-preview:-1\" \/>\n<link rel=\"canonical\" href=\"https:\/\/exaudi.org\/it\/orizzonte-natale\/\" \/>\n<meta property=\"og:locale\" content=\"it_IT\" \/>\n<meta property=\"og:type\" content=\"article\" \/>\n<meta property=\"og:title\" content=\"Orizzonte: Natale &#8211; Exaudi\" \/>\n<meta property=\"og:description\" content=\"Il Natale \u00e8 gioia, novit\u00e0, meraviglia da scoprire\" \/>\n<meta property=\"og:url\" content=\"https:\/\/exaudi.org\/it\/orizzonte-natale\/\" \/>\n<meta property=\"og:site_name\" content=\"Exaudi\" \/>\n<meta property=\"article:publisher\" content=\"https:\/\/www.facebook.com\/ExaudiNews\" \/>\n<meta property=\"article:published_time\" content=\"2023-12-05T17:27:41+00:00\" \/>\n<meta property=\"article:modified_time\" content=\"2023-12-06T00:48:21+00:00\" \/>\n<meta property=\"og:image\" content=\"https:\/\/exaudi.org\/wp-content\/uploads\/2023\/12\/405203303_885463556123529_6910256222786121024_n.jpg\" \/>\n\t<meta property=\"og:image:width\" content=\"852\" \/>\n\t<meta property=\"og:image:height\" content=\"852\" \/>\n\t<meta property=\"og:image:type\" content=\"image\/jpeg\" \/>\n<meta name=\"author\" content=\"Jos\u00e9 Mar\u00eda Montiu de Nuix\" \/>\n<meta name=\"twitter:card\" content=\"summary_large_image\" \/>\n<meta name=\"twitter:creator\" content=\"@Exaudi_News\" \/>\n<meta name=\"twitter:site\" content=\"@Exaudi_News\" \/>\n<meta name=\"twitter:label1\" content=\"Scritto da\" \/>\n\t<meta name=\"twitter:data1\" content=\"Jos\u00e9 Mar\u00eda Montiu de Nuix\" \/>\n\t<meta name=\"twitter:label2\" content=\"Tempo di lettura stimato\" \/>\n\t<meta name=\"twitter:data2\" content=\"6 minuti\" \/>\n<script type=\"application\/ld+json\" class=\"yoast-schema-graph\">{\"@context\":\"https:\\\/\\\/schema.org\",\"@graph\":[{\"@type\":\"Article\",\"@id\":\"https:\\\/\\\/exaudi.org\\\/it\\\/orizzonte-natale\\\/#article\",\"isPartOf\":{\"@id\":\"https:\\\/\\\/exaudi.org\\\/it\\\/orizzonte-natale\\\/\"},\"author\":{\"name\":\"Jos\u00e9 Mar\u00eda Montiu de Nuix\",\"@id\":\"https:\\\/\\\/exaudi.org\\\/#\\\/schema\\\/person\\\/63aa8d363a4039100348c8036010e9fa\"},\"headline\":\"Orizzonte: Natale\",\"datePublished\":\"2023-12-05T17:27:41+00:00\",\"dateModified\":\"2023-12-06T00:48:21+00:00\",\"mainEntityOfPage\":{\"@id\":\"https:\\\/\\\/exaudi.org\\\/it\\\/orizzonte-natale\\\/\"},\"wordCount\":1150,\"image\":{\"@id\":\"https:\\\/\\\/exaudi.org\\\/it\\\/orizzonte-natale\\\/#primaryimage\"},\"thumbnailUrl\":\"https:\\\/\\\/exaudi.org\\\/wp-content\\\/uploads\\\/2023\\\/12\\\/405203303_885463556123529_6910256222786121024_n.jpg\",\"keywords\":[\"GES\u00d9 BAMBINO\",\"GES\u00d9 CRISTO\",\"natale\",\"Papa Francesco\",\"Papa Francesco\",\"Papa Francesco\",\"REDEMPTOR HOMINIS\",\"VERIT\u00c0\"],\"articleSection\":[\"Voci\"],\"inLanguage\":\"it-IT\"},{\"@type\":\"WebPage\",\"@id\":\"https:\\\/\\\/exaudi.org\\\/it\\\/orizzonte-natale\\\/\",\"url\":\"https:\\\/\\\/exaudi.org\\\/it\\\/orizzonte-natale\\\/\",\"name\":\"Orizzonte: Natale &#8211; Exaudi\",\"isPartOf\":{\"@id\":\"https:\\\/\\\/exaudi.org\\\/#website\"},\"primaryImageOfPage\":{\"@id\":\"https:\\\/\\\/exaudi.org\\\/it\\\/orizzonte-natale\\\/#primaryimage\"},\"image\":{\"@id\":\"https:\\\/\\\/exaudi.org\\\/it\\\/orizzonte-natale\\\/#primaryimage\"},\"thumbnailUrl\":\"https:\\\/\\\/exaudi.org\\\/wp-content\\\/uploads\\\/2023\\\/12\\\/405203303_885463556123529_6910256222786121024_n.jpg\",\"datePublished\":\"2023-12-05T17:27:41+00:00\",\"dateModified\":\"2023-12-06T00:48:21+00:00\",\"author\":{\"@id\":\"https:\\\/\\\/exaudi.org\\\/#\\\/schema\\\/person\\\/63aa8d363a4039100348c8036010e9fa\"},\"breadcrumb\":{\"@id\":\"https:\\\/\\\/exaudi.org\\\/it\\\/orizzonte-natale\\\/#breadcrumb\"},\"inLanguage\":\"it-IT\",\"potentialAction\":[{\"@type\":\"ReadAction\",\"target\":[\"https:\\\/\\\/exaudi.org\\\/it\\\/orizzonte-natale\\\/\"]}]},{\"@type\":\"ImageObject\",\"inLanguage\":\"it-IT\",\"@id\":\"https:\\\/\\\/exaudi.org\\\/it\\\/orizzonte-natale\\\/#primaryimage\",\"url\":\"https:\\\/\\\/exaudi.org\\\/wp-content\\\/uploads\\\/2023\\\/12\\\/405203303_885463556123529_6910256222786121024_n.jpg\",\"contentUrl\":\"https:\\\/\\\/exaudi.org\\\/wp-content\\\/uploads\\\/2023\\\/12\\\/405203303_885463556123529_6910256222786121024_n.jpg\",\"width\":852,\"height\":852,\"caption\":\"Vatican Media\"},{\"@type\":\"BreadcrumbList\",\"@id\":\"https:\\\/\\\/exaudi.org\\\/it\\\/orizzonte-natale\\\/#breadcrumb\",\"itemListElement\":[{\"@type\":\"ListItem\",\"position\":1,\"name\":\"Portada\",\"item\":\"https:\\\/\\\/exaudi.org\\\/it\\\/\"},{\"@type\":\"ListItem\",\"position\":2,\"name\":\"Orizzonte: Natale\"}]},{\"@type\":\"WebSite\",\"@id\":\"https:\\\/\\\/exaudi.org\\\/#website\",\"url\":\"https:\\\/\\\/exaudi.org\\\/\",\"name\":\"Exaudi\",\"description\":\"News\",\"potentialAction\":[{\"@type\":\"SearchAction\",\"target\":{\"@type\":\"EntryPoint\",\"urlTemplate\":\"https:\\\/\\\/exaudi.org\\\/?s={search_term_string}\"},\"query-input\":{\"@type\":\"PropertyValueSpecification\",\"valueRequired\":true,\"valueName\":\"search_term_string\"}}],\"inLanguage\":\"it-IT\"},{\"@type\":\"Person\",\"@id\":\"https:\\\/\\\/exaudi.org\\\/#\\\/schema\\\/person\\\/63aa8d363a4039100348c8036010e9fa\",\"name\":\"Jos\u00e9 Mar\u00eda Montiu de Nuix\",\"image\":{\"@type\":\"ImageObject\",\"inLanguage\":\"it-IT\",\"@id\":\"https:\\\/\\\/secure.gravatar.com\\\/avatar\\\/f3d1e54272060740a50258cef7d916098d4ffe7ad9f6a7a8603d12c508634d10?s=96&d=mm&r=g\",\"url\":\"https:\\\/\\\/secure.gravatar.com\\\/avatar\\\/f3d1e54272060740a50258cef7d916098d4ffe7ad9f6a7a8603d12c508634d10?s=96&d=mm&r=g\",\"contentUrl\":\"https:\\\/\\\/secure.gravatar.com\\\/avatar\\\/f3d1e54272060740a50258cef7d916098d4ffe7ad9f6a7a8603d12c508634d10?s=96&d=mm&r=g\",\"caption\":\"Jos\u00e9 Mar\u00eda Montiu de Nuix\"},\"description\":\"Nacido en Cervera, L\u00e9rida, Espa\u00f1a, en 1960 y bautizado ese mismo a\u00f1o. Ordenado sacerdote en 1992. Doctor en Filosof\u00eda. Licenciado en Filosof\u00eda y Ciencias de la Educaci\u00f3n por la Universidad de Barcelona (UB). Licenciado (especialidad: Matem\u00e1tica Fundamental), cursos de doctorado y suficiencia investigadora en Ciencias Exactas por la UB. Licenciado en Filosof\u00eda por la Universidad de Navarra. Licenciado en Estudios Eclesi\u00e1sticos por la Facultad de Teolog\u00eda San Vicente Ferrer, Valencia. Docente e investigador con m\u00e1s de medio millar de publicaciones. Acad\u00e9mico de la Academia Hispanoamericana de Doctores.\",\"url\":\"https:\\\/\\\/exaudi.org\\\/it\\\/author\\\/josepmariamontiudenuix\\\/\"}]}<\/script>\n<!-- \/ Yoast SEO plugin. -->","yoast_head_json":{"title":"Orizzonte: Natale &#8211; Exaudi","robots":{"index":"index","follow":"follow","max-snippet":"max-snippet:-1","max-image-preview":"max-image-preview:large","max-video-preview":"max-video-preview:-1"},"canonical":"https:\/\/exaudi.org\/it\/orizzonte-natale\/","og_locale":"it_IT","og_type":"article","og_title":"Orizzonte: Natale &#8211; Exaudi","og_description":"Il Natale \u00e8 gioia, novit\u00e0, meraviglia da scoprire","og_url":"https:\/\/exaudi.org\/it\/orizzonte-natale\/","og_site_name":"Exaudi","article_publisher":"https:\/\/www.facebook.com\/ExaudiNews","article_published_time":"2023-12-05T17:27:41+00:00","article_modified_time":"2023-12-06T00:48:21+00:00","og_image":[{"width":852,"height":852,"url":"https:\/\/exaudi.org\/wp-content\/uploads\/2023\/12\/405203303_885463556123529_6910256222786121024_n.jpg","type":"image\/jpeg"}],"author":"Jos\u00e9 Mar\u00eda Montiu de Nuix","twitter_card":"summary_large_image","twitter_creator":"@Exaudi_News","twitter_site":"@Exaudi_News","twitter_misc":{"Scritto da":"Jos\u00e9 Mar\u00eda Montiu de Nuix","Tempo di lettura stimato":"6 minuti"},"schema":{"@context":"https:\/\/schema.org","@graph":[{"@type":"Article","@id":"https:\/\/exaudi.org\/it\/orizzonte-natale\/#article","isPartOf":{"@id":"https:\/\/exaudi.org\/it\/orizzonte-natale\/"},"author":{"name":"Jos\u00e9 Mar\u00eda Montiu de Nuix","@id":"https:\/\/exaudi.org\/#\/schema\/person\/63aa8d363a4039100348c8036010e9fa"},"headline":"Orizzonte: Natale","datePublished":"2023-12-05T17:27:41+00:00","dateModified":"2023-12-06T00:48:21+00:00","mainEntityOfPage":{"@id":"https:\/\/exaudi.org\/it\/orizzonte-natale\/"},"wordCount":1150,"image":{"@id":"https:\/\/exaudi.org\/it\/orizzonte-natale\/#primaryimage"},"thumbnailUrl":"https:\/\/exaudi.org\/wp-content\/uploads\/2023\/12\/405203303_885463556123529_6910256222786121024_n.jpg","keywords":["GES\u00d9 BAMBINO","GES\u00d9 CRISTO","natale","Papa Francesco","Papa Francesco","Papa Francesco","REDEMPTOR HOMINIS","VERIT\u00c0"],"articleSection":["Voci"],"inLanguage":"it-IT"},{"@type":"WebPage","@id":"https:\/\/exaudi.org\/it\/orizzonte-natale\/","url":"https:\/\/exaudi.org\/it\/orizzonte-natale\/","name":"Orizzonte: Natale &#8211; Exaudi","isPartOf":{"@id":"https:\/\/exaudi.org\/#website"},"primaryImageOfPage":{"@id":"https:\/\/exaudi.org\/it\/orizzonte-natale\/#primaryimage"},"image":{"@id":"https:\/\/exaudi.org\/it\/orizzonte-natale\/#primaryimage"},"thumbnailUrl":"https:\/\/exaudi.org\/wp-content\/uploads\/2023\/12\/405203303_885463556123529_6910256222786121024_n.jpg","datePublished":"2023-12-05T17:27:41+00:00","dateModified":"2023-12-06T00:48:21+00:00","author":{"@id":"https:\/\/exaudi.org\/#\/schema\/person\/63aa8d363a4039100348c8036010e9fa"},"breadcrumb":{"@id":"https:\/\/exaudi.org\/it\/orizzonte-natale\/#breadcrumb"},"inLanguage":"it-IT","potentialAction":[{"@type":"ReadAction","target":["https:\/\/exaudi.org\/it\/orizzonte-natale\/"]}]},{"@type":"ImageObject","inLanguage":"it-IT","@id":"https:\/\/exaudi.org\/it\/orizzonte-natale\/#primaryimage","url":"https:\/\/exaudi.org\/wp-content\/uploads\/2023\/12\/405203303_885463556123529_6910256222786121024_n.jpg","contentUrl":"https:\/\/exaudi.org\/wp-content\/uploads\/2023\/12\/405203303_885463556123529_6910256222786121024_n.jpg","width":852,"height":852,"caption":"Vatican Media"},{"@type":"BreadcrumbList","@id":"https:\/\/exaudi.org\/it\/orizzonte-natale\/#breadcrumb","itemListElement":[{"@type":"ListItem","position":1,"name":"Portada","item":"https:\/\/exaudi.org\/it\/"},{"@type":"ListItem","position":2,"name":"Orizzonte: Natale"}]},{"@type":"WebSite","@id":"https:\/\/exaudi.org\/#website","url":"https:\/\/exaudi.org\/","name":"Exaudi","description":"News","potentialAction":[{"@type":"SearchAction","target":{"@type":"EntryPoint","urlTemplate":"https:\/\/exaudi.org\/?s={search_term_string}"},"query-input":{"@type":"PropertyValueSpecification","valueRequired":true,"valueName":"search_term_string"}}],"inLanguage":"it-IT"},{"@type":"Person","@id":"https:\/\/exaudi.org\/#\/schema\/person\/63aa8d363a4039100348c8036010e9fa","name":"Jos\u00e9 Mar\u00eda Montiu de Nuix","image":{"@type":"ImageObject","inLanguage":"it-IT","@id":"https:\/\/secure.gravatar.com\/avatar\/f3d1e54272060740a50258cef7d916098d4ffe7ad9f6a7a8603d12c508634d10?s=96&d=mm&r=g","url":"https:\/\/secure.gravatar.com\/avatar\/f3d1e54272060740a50258cef7d916098d4ffe7ad9f6a7a8603d12c508634d10?s=96&d=mm&r=g","contentUrl":"https:\/\/secure.gravatar.com\/avatar\/f3d1e54272060740a50258cef7d916098d4ffe7ad9f6a7a8603d12c508634d10?s=96&d=mm&r=g","caption":"Jos\u00e9 Mar\u00eda Montiu de Nuix"},"description":"Nacido en Cervera, L\u00e9rida, Espa\u00f1a, en 1960 y bautizado ese mismo a\u00f1o. Ordenado sacerdote en 1992. Doctor en Filosof\u00eda. Licenciado en Filosof\u00eda y Ciencias de la Educaci\u00f3n por la Universidad de Barcelona (UB). Licenciado (especialidad: Matem\u00e1tica Fundamental), cursos de doctorado y suficiencia investigadora en Ciencias Exactas por la UB. Licenciado en Filosof\u00eda por la Universidad de Navarra. Licenciado en Estudios Eclesi\u00e1sticos por la Facultad de Teolog\u00eda San Vicente Ferrer, Valencia. Docente e investigador con m\u00e1s de medio millar de publicaciones. Acad\u00e9mico de la Academia Hispanoamericana de Doctores.","url":"https:\/\/exaudi.org\/it\/author\/josepmariamontiudenuix\/"}]}},"jetpack_featured_media_url":"https:\/\/exaudi.org\/wp-content\/uploads\/2023\/12\/405203303_885463556123529_6910256222786121024_n.jpg","jetpack_shortlink":"https:\/\/wp.me\/pgKjF2-nkp","_links":{"self":[{"href":"https:\/\/exaudi.org\/it\/wp-json\/wp\/v2\/posts\/89677","targetHints":{"allow":["GET"]}}],"collection":[{"href":"https:\/\/exaudi.org\/it\/wp-json\/wp\/v2\/posts"}],"about":[{"href":"https:\/\/exaudi.org\/it\/wp-json\/wp\/v2\/types\/post"}],"author":[{"embeddable":true,"href":"https:\/\/exaudi.org\/it\/wp-json\/wp\/v2\/users\/45"}],"replies":[{"embeddable":true,"href":"https:\/\/exaudi.org\/it\/wp-json\/wp\/v2\/comments?post=89677"}],"version-history":[{"count":0,"href":"https:\/\/exaudi.org\/it\/wp-json\/wp\/v2\/posts\/89677\/revisions"}],"wp:featuredmedia":[{"embeddable":true,"href":"https:\/\/exaudi.org\/it\/wp-json\/wp\/v2\/media\/89392"}],"wp:attachment":[{"href":"https:\/\/exaudi.org\/it\/wp-json\/wp\/v2\/media?parent=89677"}],"wp:term":[{"taxonomy":"category","embeddable":true,"href":"https:\/\/exaudi.org\/it\/wp-json\/wp\/v2\/categories?post=89677"},{"taxonomy":"post_tag","embeddable":true,"href":"https:\/\/exaudi.org\/it\/wp-json\/wp\/v2\/tags?post=89677"}],"curies":[{"name":"wp","href":"https:\/\/api.w.org\/{rel}","templated":true}]}}