{"id":89674,"date":"2023-12-05T17:56:09","date_gmt":"2023-12-05T16:56:09","guid":{"rendered":"https:\/\/exaudi.org\/?p=89674"},"modified":"2023-12-06T01:44:35","modified_gmt":"2023-12-06T00:44:35","slug":"il-primo-presepe-puo-essere-anche-oggi-unoccasione-per-suscitare-stupore-e-ammirazione-come-forma-genuina-della-bellezza-della-nostra-fede","status":"publish","type":"post","link":"https:\/\/exaudi.org\/it\/il-primo-presepe-puo-essere-anche-oggi-unoccasione-per-suscitare-stupore-e-ammirazione-come-forma-genuina-della-bellezza-della-nostra-fede\/","title":{"rendered":"&#8220;Il primo Presepe pu\u00f2 essere anche oggi un&#8217;occasione per suscitare stupore e ammirazione, come forma genuina della bellezza della nostra fede&#8221;"},"content":{"rendered":"<p>Testo integrale dell&#8217;introduzione firmata dal Papa:<\/p>\n<p><em>&#8220;Per due volte ho desiderato andare a visitare Greccio. La prima volta \u00e8 stata per vedere il luogo dove San Francesco d&#8217;Assisi invent\u00f2 il presepe, cosa che ha segnato anche la mia infanzia: nella casa dei miei genitori a Buenos Aires, questo segno del Natale non mancava mai, anche prima dell&#8217;albero.<\/em><\/p>\n<p><em>La seconda volta sono tornato volentieri in quel luogo, oggi in provincia di Rieti, per firmare la Lettera Apostolica Admirabile signum sul senso e sul significato del presepe oggi. In entrambe le occasioni ho sentito un&#8217;emozione particolare emanare dalla grotta dove si pu\u00f2 ammirare un affresco medievale che raffigura la notte di Betlemme e la notte di Greccio, poste dall&#8217;artista come in parallelo.<\/em><\/p>\n<p><em>L&#8217;emozione di questa visione mi spinge ad approfondire il mistero cristiano che ama nascondersi nell&#8217;infinitamente piccolo. L&#8217;incarnazione di Ges\u00f9 Cristo rimane infatti al centro della rivelazione di Dio, anche se si dimentica facilmente che il suo svolgimento \u00e8 cos\u00ec discreto da passare inosservato.<\/em><\/p>\n<p><em>In effetti, la piccolezza \u00e8 la via per trovare Dio. In un epitaffio che ricorda Sant&#8217;Ignazio di Loyola troviamo scritto: &#8220;Non coerceri a maximo, sed contineri a minimo, divinum est&#8221;. \u00c8 divino avere ideali che non siano limitati da nulla di ci\u00f2 che esiste, ma ideali che siano allo stesso tempo contenuti e vissuti nelle pi\u00f9 piccole cose della vita. Insomma, non dobbiamo avere paura delle cose grandi, dobbiamo andare avanti ed essere attenti alle cose pi\u00f9 piccole.<\/em><\/p>\n<p><em>Per questo, custodire lo spirito del presepe diventa una sana immersione nella presenza di Dio che si manifesta nelle piccole cose quotidiane, a volte banali e ripetitive. Saper rinunciare a ci\u00f2 che seduce, ma porta fuori strada, per comprendere e scegliere le vie di Dio, \u00e8 il compito che ci attende. In questo senso, il discernimento \u00e8 un grande dono, e non dobbiamo mai stancarci di chiedere nella preghiera. I pastori del presepe sono coloro che accolgono la sorpresa di Dio e vivono l&#8217;incontro con Lui con meraviglia, adorandolo: nella loro piccolezza riconoscono il volto di Dio. Umanamente siamo tutti portati a cercare la grandezza, ma \u00e8 un dono saperla trovare davvero: saper trovare la grandezza in quella piccolezza che Dio ama tanto.<\/em><\/p>\n<p><em>Nel gennaio 2016 ho incontrato i giovani di Rieti nell&#8217;oasi di Ges\u00f9 Bambino, proprio sopra il santuario del presepe. Ho ricordato loro, e a tutti oggi, che nella notte di Natale ci sono due segni che ci guidano a riconoscere Ges\u00f9. Uno \u00e8 il cielo pieno di stelle. Ce ne sono tante, infinite, di stelle, ma tra tutte c&#8217;\u00e8 una stella speciale, quella che ha spinto i Magi a lasciare le loro case e a mettersi in viaggio, un viaggio che non sapevano dove li avrebbe portati. \u00c8 cos\u00ec anche nella nostra vita: in un determinato momento, una &#8220;stella&#8221; speciale ci invita a prendere una decisione, a fare una scelta, a intraprendere un viaggio. Dobbiamo chiedere a Dio con forza di mostrarci quella stella che ci spinge verso qualcosa di pi\u00f9 delle nostre abitudini, perch\u00e9 quella stella ci porter\u00e0 a contemplare Ges\u00f9, quel bambino che nasce a Betlemme e che vuole la nostra piena felicit\u00e0.<\/em><\/p>\n<p><em>In quella notte santificata dalla nascita del Salvatore, troviamo un altro segno potente: la piccolezza di Dio. Gli angeli indicano ai pastori un bambino nato in una mangiatoia. Non \u00e8 un segno di potenza, di autosufficienza o di orgoglio. No. Il Dio eterno \u00e8 annichilito in un essere umano indifeso, mite e umile. Dio si \u00e8 abbassato perch\u00e9 potessimo camminare con lui e perch\u00e9 potesse stare accanto a noi, non sopra e lontano da noi. <\/em><\/p>\n<p><em>Stupore e meraviglia sono i due sentimenti che muovono tutti, grandi e piccini, davanti al presepe, che \u00e8 come un Vangelo vivente che trabocca dalle pagine della Sacra Scrittura. Non importa come viene allestito il presepe, pu\u00f2 essere lo stesso o cambiare ogni anno; ci\u00f2 che conta \u00e8 che parli alla vita.<\/em><\/p>\n<p><em>Il primo biografo di San Francesco, Tommaso da Celano, descrive la notte di Natale del 1223, di cui quest&#8217;anno ricorre l&#8217;ottavo centenario. Quando Francesco arriv\u00f2, trov\u00f2 la mangiatoia con il fieno, il bue e l&#8217;asino. La gente che si era radunata l\u00ec espresse una gioia incommensurabile, mai provata prima, per la scena del Natale. Il sacerdote celebr\u00f2 poi solennemente l&#8217;Eucaristia nella mangiatoia, mostrando il legame tra l&#8217;Incarnazione del Figlio di Dio e l&#8217;Eucaristia. In quell&#8217;occasione, a Greccio non c&#8217;erano statuine: il presepe era fatto e vissuto dai presenti.<\/em><\/p>\n<p><em>Sono convinto che il primo presepe, che ha compiuto una grande opera di evangelizzazione, possa essere anche oggi occasione di stupore e ammirazione. Cos\u00ec, ci\u00f2 che San Francesco ha iniziato con la semplicit\u00e0 di quel segno persiste ancora oggi, come forma genuina della bellezza della nostra fede.<\/em><\/p>\n<p><em>Citt\u00e0 del Vaticano, 27 settembre 2023&#8243;.<\/em><\/p>\n<p><a href=\"https:\/\/www.romana-editorial.com\/\">Editoriale Romana<\/a><\/p>\n<p><a href=\"https:\/\/www.editorialsantamaria.com\/\">Casa editrice Santa Maria<\/a><\/p>\n<p>&nbsp;<\/p>\n<p><img loading=\"lazy\" decoding=\"async\" class=\"alignnone size-medium wp-image-89625\" src=\"https:\/\/exaudi.org\/wp-content\/uploads\/2023\/12\/Imagen-de-WhatsApp-2023-12-04-a-las-11.17.17_cc00183f-209x300.jpg\" alt=\"\" width=\"209\" height=\"300\" srcset=\"https:\/\/exaudi.org\/wp-content\/uploads\/2023\/12\/Imagen-de-WhatsApp-2023-12-04-a-las-11.17.17_cc00183f-209x300.jpg 209w, https:\/\/exaudi.org\/wp-content\/uploads\/2023\/12\/Imagen-de-WhatsApp-2023-12-04-a-las-11.17.17_cc00183f-500x719.jpg 500w, https:\/\/exaudi.org\/wp-content\/uploads\/2023\/12\/Imagen-de-WhatsApp-2023-12-04-a-las-11.17.17_cc00183f.jpg 712w, https:\/\/exaudi.org\/wp-content\/uploads\/2023\/12\/Imagen-de-WhatsApp-2023-12-04-a-las-11.17.17_cc00183f-293x421.jpg 293w, https:\/\/exaudi.org\/wp-content\/uploads\/2023\/12\/Imagen-de-WhatsApp-2023-12-04-a-las-11.17.17_cc00183f-390x561.jpg 390w\" sizes=\"auto, (max-width: 209px) 100vw, 209px\" \/><\/p>\n","protected":false},"excerpt":{"rendered":"<p>Un libro pubblicato da Romana Editoriale in Spagna in co edizione con la Libreria Editrice Vaticana che raccoglie una serie di testi, riflessioni, discorsi e omelie che il Papa ha dedicato alla rappresentazione della Nativit\u00e0<\/p>\n","protected":false},"author":17,"featured_media":89615,"comment_status":"closed","ping_status":"closed","sticky":false,"template":"","format":"standard","meta":{"_acf_changed":false,"_crdt_document":"","inline_featured_image":false,"footnotes":""},"categories":[67],"tags":[11350,10745,4696,251,11351,4952],"class_list":["post-89674","post","type-post","status-publish","format-standard","has-post-thumbnail","hentry","category-leone-xiv","tag-libreria-editrice-vaticana-2","tag-libro-2","tag-natale","tag-papa-francesco","tag-romana-editorial-2","tag-trending-it"],"acf":[],"yoast_head":"<!-- This site is optimized with the Yoast SEO plugin v27.4 - https:\/\/yoast.com\/product\/yoast-seo-wordpress\/ -->\n<title>&quot;Il primo Presepe pu\u00f2 essere anche oggi un&#039;occasione per suscitare stupore e ammirazione, come forma genuina della bellezza della nostra fede&quot; &#8211; Exaudi<\/title>\n<meta name=\"robots\" content=\"index, follow, max-snippet:-1, max-image-preview:large, max-video-preview:-1\" \/>\n<link rel=\"canonical\" href=\"https:\/\/exaudi.org\/it\/the-first-nativity-scene-can-also-be-an-occasion-today-to-arouse-wonder-and-admiration-as-a-genuine-form-of-the-beauty-of-our-faith\/\" \/>\n<meta property=\"og:locale\" content=\"it_IT\" \/>\n<meta property=\"og:type\" content=\"article\" \/>\n<meta property=\"og:title\" content=\"&quot;Il primo Presepe pu\u00f2 essere anche oggi un&#039;occasione per suscitare stupore e ammirazione, come forma genuina della bellezza della nostra fede&quot; &#8211; Exaudi\" \/>\n<meta property=\"og:description\" content=\"Un libro pubblicato da Romana Editoriale in Spagna in co edizione con la Libreria Editrice Vaticana che raccoglie una serie di testi, riflessioni, discorsi e omelie che il Papa ha dedicato alla rappresentazione della Nativit\u00e0\" \/>\n<meta property=\"og:url\" content=\"https:\/\/exaudi.org\/the-first-nativity-scene-can-also-be-an-occasion-today-to-arouse-wonder-and-admiration-as-a-genuine-form-of-the-beauty-of-our-faith\/\" \/>\n<meta property=\"og:site_name\" content=\"Exaudi\" \/>\n<meta property=\"article:publisher\" content=\"https:\/\/www.facebook.com\/ExaudiNews\" \/>\n<meta property=\"article:author\" content=\"https:\/\/www.facebook.com\/ExaudiNotizie\/\" \/>\n<meta property=\"article:published_time\" content=\"2023-12-05T16:56:09+00:00\" \/>\n<meta property=\"article:modified_time\" content=\"2023-12-06T00:44:35+00:00\" \/>\n<meta property=\"og:image\" content=\"https:\/\/exaudi.org\/wp-content\/uploads\/2023\/12\/cq5dam.thumbnail.cropped.750.422-4-1.jpeg\" \/>\n\t<meta property=\"og:image:width\" content=\"750\" \/>\n\t<meta property=\"og:image:height\" content=\"422\" \/>\n\t<meta property=\"og:image:type\" content=\"image\/jpeg\" \/>\n<meta name=\"author\" content=\"Exaudi Redazione\" \/>\n<meta name=\"twitter:card\" content=\"summary_large_image\" \/>\n<meta name=\"twitter:creator\" content=\"@Exaudi_Notizie\" \/>\n<meta name=\"twitter:site\" content=\"@Exaudi_News\" \/>\n<meta name=\"twitter:label1\" content=\"Scritto da\" \/>\n\t<meta name=\"twitter:data1\" content=\"Exaudi Redazione\" \/>\n\t<meta name=\"twitter:label2\" content=\"Tempo di lettura stimato\" \/>\n\t<meta name=\"twitter:data2\" content=\"4 minuti\" \/>\n<script type=\"application\/ld+json\" class=\"yoast-schema-graph\">{\"@context\":\"https:\\\/\\\/schema.org\",\"@graph\":[{\"@type\":\"Article\",\"@id\":\"https:\\\/\\\/exaudi.org\\\/the-first-nativity-scene-can-also-be-an-occasion-today-to-arouse-wonder-and-admiration-as-a-genuine-form-of-the-beauty-of-our-faith\\\/#article\",\"isPartOf\":{\"@id\":\"https:\\\/\\\/exaudi.org\\\/the-first-nativity-scene-can-also-be-an-occasion-today-to-arouse-wonder-and-admiration-as-a-genuine-form-of-the-beauty-of-our-faith\\\/\"},\"author\":{\"name\":\"Exaudi Redazione\",\"@id\":\"https:\\\/\\\/exaudi.org\\\/#\\\/schema\\\/person\\\/e1ab6ed07c01774724dd96f925f3a5f0\"},\"headline\":\"&#8220;Il primo Presepe pu\u00f2 essere anche oggi un&#8217;occasione per suscitare stupore e ammirazione, come forma genuina della bellezza della nostra fede&#8221;\",\"datePublished\":\"2023-12-05T16:56:09+00:00\",\"dateModified\":\"2023-12-06T00:44:35+00:00\",\"mainEntityOfPage\":{\"@id\":\"https:\\\/\\\/exaudi.org\\\/the-first-nativity-scene-can-also-be-an-occasion-today-to-arouse-wonder-and-admiration-as-a-genuine-form-of-the-beauty-of-our-faith\\\/\"},\"wordCount\":817,\"image\":{\"@id\":\"https:\\\/\\\/exaudi.org\\\/the-first-nativity-scene-can-also-be-an-occasion-today-to-arouse-wonder-and-admiration-as-a-genuine-form-of-the-beauty-of-our-faith\\\/#primaryimage\"},\"thumbnailUrl\":\"https:\\\/\\\/exaudi.org\\\/wp-content\\\/uploads\\\/2023\\\/12\\\/cq5dam.thumbnail.cropped.750.422-4-1.jpeg\",\"keywords\":[\"LIBRERIA EDITRICE VATICANA\",\"LIBRO\",\"natale\",\"Papa Francesco\",\"ROMANA EDITORIAL\",\"Trending\"],\"articleSection\":[\"Leone XIV\"],\"inLanguage\":\"it-IT\"},{\"@type\":\"WebPage\",\"@id\":\"https:\\\/\\\/exaudi.org\\\/the-first-nativity-scene-can-also-be-an-occasion-today-to-arouse-wonder-and-admiration-as-a-genuine-form-of-the-beauty-of-our-faith\\\/\",\"url\":\"https:\\\/\\\/exaudi.org\\\/the-first-nativity-scene-can-also-be-an-occasion-today-to-arouse-wonder-and-admiration-as-a-genuine-form-of-the-beauty-of-our-faith\\\/\",\"name\":\"\\\"Il primo Presepe pu\u00f2 essere anche oggi un'occasione per suscitare stupore e ammirazione, come forma genuina della bellezza della nostra fede\\\" &#8211; Exaudi\",\"isPartOf\":{\"@id\":\"https:\\\/\\\/exaudi.org\\\/#website\"},\"primaryImageOfPage\":{\"@id\":\"https:\\\/\\\/exaudi.org\\\/the-first-nativity-scene-can-also-be-an-occasion-today-to-arouse-wonder-and-admiration-as-a-genuine-form-of-the-beauty-of-our-faith\\\/#primaryimage\"},\"image\":{\"@id\":\"https:\\\/\\\/exaudi.org\\\/the-first-nativity-scene-can-also-be-an-occasion-today-to-arouse-wonder-and-admiration-as-a-genuine-form-of-the-beauty-of-our-faith\\\/#primaryimage\"},\"thumbnailUrl\":\"https:\\\/\\\/exaudi.org\\\/wp-content\\\/uploads\\\/2023\\\/12\\\/cq5dam.thumbnail.cropped.750.422-4-1.jpeg\",\"datePublished\":\"2023-12-05T16:56:09+00:00\",\"dateModified\":\"2023-12-06T00:44:35+00:00\",\"author\":{\"@id\":\"https:\\\/\\\/exaudi.org\\\/#\\\/schema\\\/person\\\/e1ab6ed07c01774724dd96f925f3a5f0\"},\"breadcrumb\":{\"@id\":\"https:\\\/\\\/exaudi.org\\\/the-first-nativity-scene-can-also-be-an-occasion-today-to-arouse-wonder-and-admiration-as-a-genuine-form-of-the-beauty-of-our-faith\\\/#breadcrumb\"},\"inLanguage\":\"it-IT\",\"potentialAction\":[{\"@type\":\"ReadAction\",\"target\":[\"https:\\\/\\\/exaudi.org\\\/the-first-nativity-scene-can-also-be-an-occasion-today-to-arouse-wonder-and-admiration-as-a-genuine-form-of-the-beauty-of-our-faith\\\/\"]}]},{\"@type\":\"ImageObject\",\"inLanguage\":\"it-IT\",\"@id\":\"https:\\\/\\\/exaudi.org\\\/the-first-nativity-scene-can-also-be-an-occasion-today-to-arouse-wonder-and-admiration-as-a-genuine-form-of-the-beauty-of-our-faith\\\/#primaryimage\",\"url\":\"https:\\\/\\\/exaudi.org\\\/wp-content\\\/uploads\\\/2023\\\/12\\\/cq5dam.thumbnail.cropped.750.422-4-1.jpeg\",\"contentUrl\":\"https:\\\/\\\/exaudi.org\\\/wp-content\\\/uploads\\\/2023\\\/12\\\/cq5dam.thumbnail.cropped.750.422-4-1.jpeg\",\"width\":750,\"height\":422},{\"@type\":\"BreadcrumbList\",\"@id\":\"https:\\\/\\\/exaudi.org\\\/the-first-nativity-scene-can-also-be-an-occasion-today-to-arouse-wonder-and-admiration-as-a-genuine-form-of-the-beauty-of-our-faith\\\/#breadcrumb\",\"itemListElement\":[{\"@type\":\"ListItem\",\"position\":1,\"name\":\"Portada\",\"item\":\"https:\\\/\\\/exaudi.org\\\/it\\\/\"},{\"@type\":\"ListItem\",\"position\":2,\"name\":\"&#8220;Il primo Presepe pu\u00f2 essere anche oggi un&#8217;occasione per suscitare stupore e ammirazione, come forma genuina della bellezza della nostra fede&#8221;\"}]},{\"@type\":\"WebSite\",\"@id\":\"https:\\\/\\\/exaudi.org\\\/#website\",\"url\":\"https:\\\/\\\/exaudi.org\\\/\",\"name\":\"Exaudi\",\"description\":\"News\",\"potentialAction\":[{\"@type\":\"SearchAction\",\"target\":{\"@type\":\"EntryPoint\",\"urlTemplate\":\"https:\\\/\\\/exaudi.org\\\/?s={search_term_string}\"},\"query-input\":{\"@type\":\"PropertyValueSpecification\",\"valueRequired\":true,\"valueName\":\"search_term_string\"}}],\"inLanguage\":\"it-IT\"},{\"@type\":\"Person\",\"@id\":\"https:\\\/\\\/exaudi.org\\\/#\\\/schema\\\/person\\\/e1ab6ed07c01774724dd96f925f3a5f0\",\"name\":\"Exaudi Redazione\",\"image\":{\"@type\":\"ImageObject\",\"inLanguage\":\"it-IT\",\"@id\":\"https:\\\/\\\/secure.gravatar.com\\\/avatar\\\/ad6774b3ada023bf5b939d64f45c94b3adf91502dd883507d469b4308a943bb3?s=96&d=mm&r=g\",\"url\":\"https:\\\/\\\/secure.gravatar.com\\\/avatar\\\/ad6774b3ada023bf5b939d64f45c94b3adf91502dd883507d469b4308a943bb3?s=96&d=mm&r=g\",\"contentUrl\":\"https:\\\/\\\/secure.gravatar.com\\\/avatar\\\/ad6774b3ada023bf5b939d64f45c94b3adf91502dd883507d469b4308a943bb3?s=96&d=mm&r=g\",\"caption\":\"Exaudi Redazione\"},\"description\":\"Che cosa \u00e8 Exaudi News? Exaudi News \u00e8 un agenzia cattolica internazionale che informa, istruisce e trasforma quotidianamente in spagnolo, inglese e italiano. Attraverso notizie, articoli di analisi e trasmissioni in diretta degli eventi del Papa, Exaudi cerca di rafforzare l'unit\u00e0 dei cristiani e di contribuire all'evangelizzazione del mondo, sempre guidato dalla dottrina sociale della Chiesa. Lavoriamo per portare la verit\u00e0 e i valori cristiani in ogni angolo del pianeta. Aiutaci a trasformare il mondo con Exaudi! Noi di Exaudi crediamo che l'evangelizzazione e l'informazione di qualit\u00e0 possano cambiare la vita. Per continuare la nostra missione ed espandere la nostra portata, abbiamo bisogno del tuo aiuto. Stiamo anche cercando persone motivate che vogliano unirsi al nostro team. Grazie al vostro sostegno raggiungeremo pi\u00f9 persone, diffonderemo il messaggio di Cristo e rafforzeremo l'unit\u00e0 dei cristiani. Vuoi unirti alla nostra missione? Per maggiori informazioni su come contribuire, visita Exaudi.org\\\/it o contattaci direttamente: info@exaudi.org Exaudi: informa, forma e trasforma.\",\"sameAs\":[\"https:\\\/\\\/www.facebook.com\\\/ExaudiNotizie\\\/\",\"https:\\\/\\\/www.instagram.com\\\/Exaudi_notizie\\\/\",\"https:\\\/\\\/x.com\\\/Exaudi_Notizie\",\"https:\\\/\\\/www.youtube.com\\\/@exaudicatholicnews\"],\"url\":\"https:\\\/\\\/exaudi.org\\\/it\\\/author\\\/dlvedi-org\\\/\"}]}<\/script>\n<!-- \/ Yoast SEO plugin. -->","yoast_head_json":{"title":"\"Il primo Presepe pu\u00f2 essere anche oggi un'occasione per suscitare stupore e ammirazione, come forma genuina della bellezza della nostra fede\" &#8211; Exaudi","robots":{"index":"index","follow":"follow","max-snippet":"max-snippet:-1","max-image-preview":"max-image-preview:large","max-video-preview":"max-video-preview:-1"},"canonical":"https:\/\/exaudi.org\/it\/the-first-nativity-scene-can-also-be-an-occasion-today-to-arouse-wonder-and-admiration-as-a-genuine-form-of-the-beauty-of-our-faith\/","og_locale":"it_IT","og_type":"article","og_title":"\"Il primo Presepe pu\u00f2 essere anche oggi un'occasione per suscitare stupore e ammirazione, come forma genuina della bellezza della nostra fede\" &#8211; Exaudi","og_description":"Un libro pubblicato da Romana Editoriale in Spagna in co edizione con la Libreria Editrice Vaticana che raccoglie una serie di testi, riflessioni, discorsi e omelie che il Papa ha dedicato alla rappresentazione della Nativit\u00e0","og_url":"https:\/\/exaudi.org\/the-first-nativity-scene-can-also-be-an-occasion-today-to-arouse-wonder-and-admiration-as-a-genuine-form-of-the-beauty-of-our-faith\/","og_site_name":"Exaudi","article_publisher":"https:\/\/www.facebook.com\/ExaudiNews","article_author":"https:\/\/www.facebook.com\/ExaudiNotizie\/","article_published_time":"2023-12-05T16:56:09+00:00","article_modified_time":"2023-12-06T00:44:35+00:00","og_image":[{"width":750,"height":422,"url":"https:\/\/exaudi.org\/wp-content\/uploads\/2023\/12\/cq5dam.thumbnail.cropped.750.422-4-1.jpeg","type":"image\/jpeg"}],"author":"Exaudi Redazione","twitter_card":"summary_large_image","twitter_creator":"@Exaudi_Notizie","twitter_site":"@Exaudi_News","twitter_misc":{"Scritto da":"Exaudi Redazione","Tempo di lettura stimato":"4 minuti"},"schema":{"@context":"https:\/\/schema.org","@graph":[{"@type":"Article","@id":"https:\/\/exaudi.org\/the-first-nativity-scene-can-also-be-an-occasion-today-to-arouse-wonder-and-admiration-as-a-genuine-form-of-the-beauty-of-our-faith\/#article","isPartOf":{"@id":"https:\/\/exaudi.org\/the-first-nativity-scene-can-also-be-an-occasion-today-to-arouse-wonder-and-admiration-as-a-genuine-form-of-the-beauty-of-our-faith\/"},"author":{"name":"Exaudi Redazione","@id":"https:\/\/exaudi.org\/#\/schema\/person\/e1ab6ed07c01774724dd96f925f3a5f0"},"headline":"&#8220;Il primo Presepe pu\u00f2 essere anche oggi un&#8217;occasione per suscitare stupore e ammirazione, come forma genuina della bellezza della nostra fede&#8221;","datePublished":"2023-12-05T16:56:09+00:00","dateModified":"2023-12-06T00:44:35+00:00","mainEntityOfPage":{"@id":"https:\/\/exaudi.org\/the-first-nativity-scene-can-also-be-an-occasion-today-to-arouse-wonder-and-admiration-as-a-genuine-form-of-the-beauty-of-our-faith\/"},"wordCount":817,"image":{"@id":"https:\/\/exaudi.org\/the-first-nativity-scene-can-also-be-an-occasion-today-to-arouse-wonder-and-admiration-as-a-genuine-form-of-the-beauty-of-our-faith\/#primaryimage"},"thumbnailUrl":"https:\/\/exaudi.org\/wp-content\/uploads\/2023\/12\/cq5dam.thumbnail.cropped.750.422-4-1.jpeg","keywords":["LIBRERIA EDITRICE VATICANA","LIBRO","natale","Papa Francesco","ROMANA EDITORIAL","Trending"],"articleSection":["Leone XIV"],"inLanguage":"it-IT"},{"@type":"WebPage","@id":"https:\/\/exaudi.org\/the-first-nativity-scene-can-also-be-an-occasion-today-to-arouse-wonder-and-admiration-as-a-genuine-form-of-the-beauty-of-our-faith\/","url":"https:\/\/exaudi.org\/the-first-nativity-scene-can-also-be-an-occasion-today-to-arouse-wonder-and-admiration-as-a-genuine-form-of-the-beauty-of-our-faith\/","name":"\"Il primo Presepe pu\u00f2 essere anche oggi un'occasione per suscitare stupore e ammirazione, come forma genuina della bellezza della nostra fede\" &#8211; Exaudi","isPartOf":{"@id":"https:\/\/exaudi.org\/#website"},"primaryImageOfPage":{"@id":"https:\/\/exaudi.org\/the-first-nativity-scene-can-also-be-an-occasion-today-to-arouse-wonder-and-admiration-as-a-genuine-form-of-the-beauty-of-our-faith\/#primaryimage"},"image":{"@id":"https:\/\/exaudi.org\/the-first-nativity-scene-can-also-be-an-occasion-today-to-arouse-wonder-and-admiration-as-a-genuine-form-of-the-beauty-of-our-faith\/#primaryimage"},"thumbnailUrl":"https:\/\/exaudi.org\/wp-content\/uploads\/2023\/12\/cq5dam.thumbnail.cropped.750.422-4-1.jpeg","datePublished":"2023-12-05T16:56:09+00:00","dateModified":"2023-12-06T00:44:35+00:00","author":{"@id":"https:\/\/exaudi.org\/#\/schema\/person\/e1ab6ed07c01774724dd96f925f3a5f0"},"breadcrumb":{"@id":"https:\/\/exaudi.org\/the-first-nativity-scene-can-also-be-an-occasion-today-to-arouse-wonder-and-admiration-as-a-genuine-form-of-the-beauty-of-our-faith\/#breadcrumb"},"inLanguage":"it-IT","potentialAction":[{"@type":"ReadAction","target":["https:\/\/exaudi.org\/the-first-nativity-scene-can-also-be-an-occasion-today-to-arouse-wonder-and-admiration-as-a-genuine-form-of-the-beauty-of-our-faith\/"]}]},{"@type":"ImageObject","inLanguage":"it-IT","@id":"https:\/\/exaudi.org\/the-first-nativity-scene-can-also-be-an-occasion-today-to-arouse-wonder-and-admiration-as-a-genuine-form-of-the-beauty-of-our-faith\/#primaryimage","url":"https:\/\/exaudi.org\/wp-content\/uploads\/2023\/12\/cq5dam.thumbnail.cropped.750.422-4-1.jpeg","contentUrl":"https:\/\/exaudi.org\/wp-content\/uploads\/2023\/12\/cq5dam.thumbnail.cropped.750.422-4-1.jpeg","width":750,"height":422},{"@type":"BreadcrumbList","@id":"https:\/\/exaudi.org\/the-first-nativity-scene-can-also-be-an-occasion-today-to-arouse-wonder-and-admiration-as-a-genuine-form-of-the-beauty-of-our-faith\/#breadcrumb","itemListElement":[{"@type":"ListItem","position":1,"name":"Portada","item":"https:\/\/exaudi.org\/it\/"},{"@type":"ListItem","position":2,"name":"&#8220;Il primo Presepe pu\u00f2 essere anche oggi un&#8217;occasione per suscitare stupore e ammirazione, come forma genuina della bellezza della nostra fede&#8221;"}]},{"@type":"WebSite","@id":"https:\/\/exaudi.org\/#website","url":"https:\/\/exaudi.org\/","name":"Exaudi","description":"News","potentialAction":[{"@type":"SearchAction","target":{"@type":"EntryPoint","urlTemplate":"https:\/\/exaudi.org\/?s={search_term_string}"},"query-input":{"@type":"PropertyValueSpecification","valueRequired":true,"valueName":"search_term_string"}}],"inLanguage":"it-IT"},{"@type":"Person","@id":"https:\/\/exaudi.org\/#\/schema\/person\/e1ab6ed07c01774724dd96f925f3a5f0","name":"Exaudi Redazione","image":{"@type":"ImageObject","inLanguage":"it-IT","@id":"https:\/\/secure.gravatar.com\/avatar\/ad6774b3ada023bf5b939d64f45c94b3adf91502dd883507d469b4308a943bb3?s=96&d=mm&r=g","url":"https:\/\/secure.gravatar.com\/avatar\/ad6774b3ada023bf5b939d64f45c94b3adf91502dd883507d469b4308a943bb3?s=96&d=mm&r=g","contentUrl":"https:\/\/secure.gravatar.com\/avatar\/ad6774b3ada023bf5b939d64f45c94b3adf91502dd883507d469b4308a943bb3?s=96&d=mm&r=g","caption":"Exaudi Redazione"},"description":"Che cosa \u00e8 Exaudi News? Exaudi News \u00e8 un agenzia cattolica internazionale che informa, istruisce e trasforma quotidianamente in spagnolo, inglese e italiano. Attraverso notizie, articoli di analisi e trasmissioni in diretta degli eventi del Papa, Exaudi cerca di rafforzare l'unit\u00e0 dei cristiani e di contribuire all'evangelizzazione del mondo, sempre guidato dalla dottrina sociale della Chiesa. Lavoriamo per portare la verit\u00e0 e i valori cristiani in ogni angolo del pianeta. Aiutaci a trasformare il mondo con Exaudi! Noi di Exaudi crediamo che l'evangelizzazione e l'informazione di qualit\u00e0 possano cambiare la vita. Per continuare la nostra missione ed espandere la nostra portata, abbiamo bisogno del tuo aiuto. Stiamo anche cercando persone motivate che vogliano unirsi al nostro team. Grazie al vostro sostegno raggiungeremo pi\u00f9 persone, diffonderemo il messaggio di Cristo e rafforzeremo l'unit\u00e0 dei cristiani. Vuoi unirti alla nostra missione? Per maggiori informazioni su come contribuire, visita Exaudi.org\/it o contattaci direttamente: info@exaudi.org Exaudi: informa, forma e trasforma.","sameAs":["https:\/\/www.facebook.com\/ExaudiNotizie\/","https:\/\/www.instagram.com\/Exaudi_notizie\/","https:\/\/x.com\/Exaudi_Notizie","https:\/\/www.youtube.com\/@exaudicatholicnews"],"url":"https:\/\/exaudi.org\/it\/author\/dlvedi-org\/"}]}},"jetpack_featured_media_url":"https:\/\/exaudi.org\/wp-content\/uploads\/2023\/12\/cq5dam.thumbnail.cropped.750.422-4-1.jpeg","jetpack_shortlink":"https:\/\/wp.me\/pgKjF2-nkm","_links":{"self":[{"href":"https:\/\/exaudi.org\/it\/wp-json\/wp\/v2\/posts\/89674","targetHints":{"allow":["GET"]}}],"collection":[{"href":"https:\/\/exaudi.org\/it\/wp-json\/wp\/v2\/posts"}],"about":[{"href":"https:\/\/exaudi.org\/it\/wp-json\/wp\/v2\/types\/post"}],"author":[{"embeddable":true,"href":"https:\/\/exaudi.org\/it\/wp-json\/wp\/v2\/users\/17"}],"replies":[{"embeddable":true,"href":"https:\/\/exaudi.org\/it\/wp-json\/wp\/v2\/comments?post=89674"}],"version-history":[{"count":0,"href":"https:\/\/exaudi.org\/it\/wp-json\/wp\/v2\/posts\/89674\/revisions"}],"wp:featuredmedia":[{"embeddable":true,"href":"https:\/\/exaudi.org\/it\/wp-json\/wp\/v2\/media\/89615"}],"wp:attachment":[{"href":"https:\/\/exaudi.org\/it\/wp-json\/wp\/v2\/media?parent=89674"}],"wp:term":[{"taxonomy":"category","embeddable":true,"href":"https:\/\/exaudi.org\/it\/wp-json\/wp\/v2\/categories?post=89674"},{"taxonomy":"post_tag","embeddable":true,"href":"https:\/\/exaudi.org\/it\/wp-json\/wp\/v2\/tags?post=89674"}],"curies":[{"name":"wp","href":"https:\/\/api.w.org\/{rel}","templated":true}]}}