{"id":89670,"date":"2023-12-05T17:48:25","date_gmt":"2023-12-05T16:48:25","guid":{"rendered":"https:\/\/exaudi.org\/?p=89670"},"modified":"2023-12-06T01:30:56","modified_gmt":"2023-12-06T00:30:56","slug":"tornare-allessenziale-della-vita-liberarsi-di-tutto-cio-che-e-superfluo","status":"publish","type":"post","link":"https:\/\/exaudi.org\/it\/tornare-allessenziale-della-vita-liberarsi-di-tutto-cio-che-e-superfluo\/","title":{"rendered":"&#8220;Tornare all&#8217;essenziale della vita, liberarsi di tutto ci\u00f2 che \u00e8 superfluo&#8221;"},"content":{"rendered":"<p><em>&#8220;Dio, che viene nella nostra condizione umana, sceglie la povert\u00e0. Allo stesso modo, siamo chiamati a tornare all&#8217;essenziale della vita, a liberarci di tutto ci\u00f2 che \u00e8 superfluo e pu\u00f2 diventare un impedimento sul cammino della santit\u00e0&#8221;<\/em>, questo il tweet di Papa Francesco per questo 5 dicembre, I settimana di Avvento, in cui ci ricorda che il Signore ci dona ancora una volta la grazia di prepararci a celebrare il mistero della sua Nascita.<\/p>\n<p><strong>L&#8217;importanza della gratitudine interiore<\/strong><\/p>\n<p>Mentre Papa Francesco continua a partecipare alla riunione del Consiglio dei Cardinali (C9), questa mattina dal suo account @Pontifex ha pubblicato un tweet che prende spunto dal <a href=\"https:\/\/www.vatican.va\/content\/francesco\/es\/speeches\/2022\/december\/documents\/20221222-curia-romana.html\">discorso che ha tenuto ai membri della Curia romana in occasione degli auguri di Natale<\/a> del 22 dicembre 2022. In quell&#8217;occasione, il Pontefice ha indicato ai suoi collaboratori nei vari Dicasteri vaticani l&#8217;importanza di avere come punto di partenza la memoria del bene.<\/p>\n<p><em>&#8220;Infatti, solo quando siamo consapevoli del bene che il Signore ha fatto per noi, siamo anche in grado di dare un nome al male che abbiamo sperimentato o sofferto. Essere consapevoli della nostra povert\u00e0, senza essere anche consapevoli dell&#8217;amore di Dio, ci schiaccerebbe. In questo senso, l&#8217;atteggiamento interiore a cui dobbiamo dare pi\u00f9 importanza \u00e8 la gratitudine&#8221;.<\/em><\/p>\n<p><strong>Convertirsi significa mettere in pratica tutto il bene possibile.<\/strong><\/p>\n<p>In questo senso, al termine dell&#8217;anno 2022, Papa Francesco ha invitato la Curia romana a ringraziare Dio per tutti i benefici che il Signore ha concesso loro durante questo tempo, ma soprattutto per il dono della conversione personale e comunitaria.<\/p>\n<p><em>&#8220;Convertirsi significa imparare a prendere sempre pi\u00f9 sul serio il messaggio del Vangelo e cercare di metterlo in pratica nella nostra vita. Non si tratta semplicemente di prendere le distanze dal male, ma di mettere in pratica il pi\u00f9 possibile il bene: questa \u00e8 la conversione. Di fronte al Vangelo siamo ancora come bambini che devono imparare. Credere di aver imparato tutto ci fa cadere nell&#8217;arroganza spirituale.<\/em><\/p>\n<p><strong>Dobbiamo confidare solo nel Signore<\/strong><\/p>\n<p>Il Santo Padre ha anche avvertito i suoi collaboratori che spesso dimentichiamo che la conversione non solo ci rende consapevoli del male per farci scegliere il bene, ma allo stesso tempo spinge il male a diventare pi\u00f9 insidioso e a mascherarsi in modo da non poterlo riconoscere.<\/p>\n<p>&#8220;<em>Il nostro primo grande problema \u00e8 quello di confidare troppo in noi stessi, nelle nostre strategie, nei nostri programmi. \u00c8 lo spirito pelagiano di cui ho parlato prima. Quindi alcuni fallimenti sono una grazia, perch\u00e9 ci ricordano che non dobbiamo confidare in noi stessi, ma solo nel Signore&#8221;.<\/em><\/p>\n<p><strong>Misericordia e perdono come medicine per la pace<\/strong><\/p>\n<p>Infine, Papa Francesco ha concluso gli auguri di Natale ai membri della Curia romana, sottolineando l&#8217;urgenza della pace nel mondo di fronte a tante situazioni di guerra e di conflitto, che a distanza di un anno ci fanno vivere ancora la crudelt\u00e0 di questo dramma.<\/p>\n<p><em>&#8220;Se \u00e8 vero che vogliamo che il clamore della guerra cessi e lasci il posto alla pace, allora ognuno cominci da se stesso. San Paolo ci dice chiaramente che la benevolenza, la misericordia e il perdono sono la medicina che abbiamo per costruire la pace&#8221;.<\/em><\/p>\n<p>Il Pontefice ha salutato i suoi collaboratori ricordando loro che non c&#8217;\u00e8 nulla di pi\u00f9 debole e fragile di un uomo crocifisso, eppure in quella debolezza si \u00e8 manifestata l&#8217;onnipotenza di Dio. Per questo, il Papa ha augurato che gratitudine, conversione e pace siano i doni di questo Natale.<\/p>\n<p><img loading=\"lazy\" decoding=\"async\" class=\"alignnone size-medium wp-image-89629\" src=\"https:\/\/exaudi.org\/wp-content\/uploads\/2023\/12\/Papa-Francisco-300x300.jpg\" alt=\"\" width=\"300\" height=\"300\" srcset=\"https:\/\/exaudi.org\/wp-content\/uploads\/2023\/12\/Papa-Francisco-300x300.jpg 300w, https:\/\/exaudi.org\/wp-content\/uploads\/2023\/12\/Papa-Francisco-1024x1024.jpg 1024w, https:\/\/exaudi.org\/wp-content\/uploads\/2023\/12\/Papa-Francisco-100x100.jpg?crop=1 100w, https:\/\/exaudi.org\/wp-content\/uploads\/2023\/12\/Papa-Francisco-770x770.jpg 770w, https:\/\/exaudi.org\/wp-content\/uploads\/2023\/12\/Papa-Francisco-500x500.jpg 500w, https:\/\/exaudi.org\/wp-content\/uploads\/2023\/12\/Papa-Francisco-293x293.jpg 293w, https:\/\/exaudi.org\/wp-content\/uploads\/2023\/12\/Papa-Francisco-390x390.jpg 390w, https:\/\/exaudi.org\/wp-content\/uploads\/2023\/12\/Papa-Francisco-585x585.jpg 585w, https:\/\/exaudi.org\/wp-content\/uploads\/2023\/12\/Papa-Francisco-900x900.jpg 900w, https:\/\/exaudi.org\/wp-content\/uploads\/2023\/12\/Papa-Francisco.jpg 1080w\" sizes=\"auto, (max-width: 300px) 100vw, 300px\" \/><\/p>\n","protected":false},"excerpt":{"rendered":"<p>Il Santo Padre ci ricorda che ogni anno il Signore ci offre l&#8217;opportunit\u00e0 di guardare la nostra vita dalla &#8220;vera luce che illumina ogni uomo&#8221; e di &#8220;tornare all&#8217;essenziale della vita, per liberarci di tutto ci\u00f2 che \u00e8 superfluo e pu\u00f2 diventare un impedimento sul cammino della santit\u00e0&#8221;<\/p>\n","protected":false},"author":17,"featured_media":89622,"comment_status":"closed","ping_status":"closed","sticky":false,"template":"","format":"standard","meta":{"_acf_changed":false,"_crdt_document":"","inline_featured_image":false,"footnotes":""},"categories":[67],"tags":[7750,430,3367,2487,251,4952],"class_list":["post-89670","post","type-post","status-publish","format-standard","has-post-thumbnail","hentry","category-leone-xiv","tag-avvento","tag-conversione","tag-curia-romana","tag-featured-3","tag-papa-francesco","tag-trending-it"],"acf":[],"yoast_head":"<!-- This site is optimized with the Yoast SEO plugin v27.4 - https:\/\/yoast.com\/product\/yoast-seo-wordpress\/ -->\n<title>&quot;Tornare all&#039;essenziale della vita, liberarsi di tutto ci\u00f2 che \u00e8 superfluo&quot; &#8211; Exaudi<\/title>\n<meta name=\"robots\" content=\"index, follow, max-snippet:-1, max-image-preview:large, max-video-preview:-1\" \/>\n<link rel=\"canonical\" href=\"https:\/\/exaudi.org\/it\/tornare-allessenziale-della-vita-liberarsi-di-tutto-cio-che-e-superfluo\/\" \/>\n<meta property=\"og:locale\" content=\"it_IT\" \/>\n<meta property=\"og:type\" content=\"article\" \/>\n<meta property=\"og:title\" content=\"&quot;Tornare all&#039;essenziale della vita, liberarsi di tutto ci\u00f2 che \u00e8 superfluo&quot; &#8211; Exaudi\" \/>\n<meta property=\"og:description\" content=\"Il Santo Padre ci ricorda che ogni anno il Signore ci offre l&#039;opportunit\u00e0 di guardare la nostra vita dalla &quot;vera luce che illumina ogni uomo&quot; e di &quot;tornare all&#039;essenziale della vita, per liberarci di tutto ci\u00f2 che \u00e8 superfluo e pu\u00f2 diventare un impedimento sul cammino della santit\u00e0&quot;\" \/>\n<meta property=\"og:url\" content=\"https:\/\/exaudi.org\/it\/tornare-allessenziale-della-vita-liberarsi-di-tutto-cio-che-e-superfluo\/\" \/>\n<meta property=\"og:site_name\" content=\"Exaudi\" \/>\n<meta property=\"article:publisher\" content=\"https:\/\/www.facebook.com\/ExaudiNews\" \/>\n<meta property=\"article:author\" content=\"https:\/\/www.facebook.com\/ExaudiNotizie\/\" \/>\n<meta property=\"article:published_time\" content=\"2023-12-05T16:48:25+00:00\" \/>\n<meta property=\"article:modified_time\" content=\"2023-12-06T00:30:56+00:00\" \/>\n<meta property=\"og:image\" content=\"https:\/\/exaudi.org\/wp-content\/uploads\/2023\/12\/cq5dam.thumbnail.cropped.1500.844.jpeg\" \/>\n\t<meta property=\"og:image:width\" content=\"1500\" \/>\n\t<meta property=\"og:image:height\" content=\"844\" \/>\n\t<meta property=\"og:image:type\" content=\"image\/jpeg\" \/>\n<meta name=\"author\" content=\"Exaudi Redazione\" \/>\n<meta name=\"twitter:card\" content=\"summary_large_image\" \/>\n<meta name=\"twitter:creator\" content=\"@Exaudi_Notizie\" \/>\n<meta name=\"twitter:site\" content=\"@Exaudi_News\" \/>\n<meta name=\"twitter:label1\" content=\"Scritto da\" \/>\n\t<meta name=\"twitter:data1\" content=\"Exaudi Redazione\" \/>\n\t<meta name=\"twitter:label2\" content=\"Tempo di lettura stimato\" \/>\n\t<meta name=\"twitter:data2\" content=\"3 minuti\" \/>\n<script type=\"application\/ld+json\" class=\"yoast-schema-graph\">{\"@context\":\"https:\\\/\\\/schema.org\",\"@graph\":[{\"@type\":\"Article\",\"@id\":\"https:\\\/\\\/exaudi.org\\\/it\\\/tornare-allessenziale-della-vita-liberarsi-di-tutto-cio-che-e-superfluo\\\/#article\",\"isPartOf\":{\"@id\":\"https:\\\/\\\/exaudi.org\\\/it\\\/tornare-allessenziale-della-vita-liberarsi-di-tutto-cio-che-e-superfluo\\\/\"},\"author\":{\"name\":\"Exaudi Redazione\",\"@id\":\"https:\\\/\\\/exaudi.org\\\/#\\\/schema\\\/person\\\/e1ab6ed07c01774724dd96f925f3a5f0\"},\"headline\":\"&#8220;Tornare all&#8217;essenziale della vita, liberarsi di tutto ci\u00f2 che \u00e8 superfluo&#8221;\",\"datePublished\":\"2023-12-05T16:48:25+00:00\",\"dateModified\":\"2023-12-06T00:30:56+00:00\",\"mainEntityOfPage\":{\"@id\":\"https:\\\/\\\/exaudi.org\\\/it\\\/tornare-allessenziale-della-vita-liberarsi-di-tutto-cio-che-e-superfluo\\\/\"},\"wordCount\":578,\"image\":{\"@id\":\"https:\\\/\\\/exaudi.org\\\/it\\\/tornare-allessenziale-della-vita-liberarsi-di-tutto-cio-che-e-superfluo\\\/#primaryimage\"},\"thumbnailUrl\":\"https:\\\/\\\/exaudi.org\\\/wp-content\\\/uploads\\\/2023\\\/12\\\/cq5dam.thumbnail.cropped.1500.844.jpeg\",\"keywords\":[\"Avvento\",\"conversione\",\"curia romana\",\"Featured\",\"Papa Francesco\",\"Trending\"],\"articleSection\":[\"Leone XIV\"],\"inLanguage\":\"it-IT\"},{\"@type\":\"WebPage\",\"@id\":\"https:\\\/\\\/exaudi.org\\\/it\\\/tornare-allessenziale-della-vita-liberarsi-di-tutto-cio-che-e-superfluo\\\/\",\"url\":\"https:\\\/\\\/exaudi.org\\\/it\\\/tornare-allessenziale-della-vita-liberarsi-di-tutto-cio-che-e-superfluo\\\/\",\"name\":\"\\\"Tornare all'essenziale della vita, liberarsi di tutto ci\u00f2 che \u00e8 superfluo\\\" &#8211; Exaudi\",\"isPartOf\":{\"@id\":\"https:\\\/\\\/exaudi.org\\\/#website\"},\"primaryImageOfPage\":{\"@id\":\"https:\\\/\\\/exaudi.org\\\/it\\\/tornare-allessenziale-della-vita-liberarsi-di-tutto-cio-che-e-superfluo\\\/#primaryimage\"},\"image\":{\"@id\":\"https:\\\/\\\/exaudi.org\\\/it\\\/tornare-allessenziale-della-vita-liberarsi-di-tutto-cio-che-e-superfluo\\\/#primaryimage\"},\"thumbnailUrl\":\"https:\\\/\\\/exaudi.org\\\/wp-content\\\/uploads\\\/2023\\\/12\\\/cq5dam.thumbnail.cropped.1500.844.jpeg\",\"datePublished\":\"2023-12-05T16:48:25+00:00\",\"dateModified\":\"2023-12-06T00:30:56+00:00\",\"author\":{\"@id\":\"https:\\\/\\\/exaudi.org\\\/#\\\/schema\\\/person\\\/e1ab6ed07c01774724dd96f925f3a5f0\"},\"breadcrumb\":{\"@id\":\"https:\\\/\\\/exaudi.org\\\/it\\\/tornare-allessenziale-della-vita-liberarsi-di-tutto-cio-che-e-superfluo\\\/#breadcrumb\"},\"inLanguage\":\"it-IT\",\"potentialAction\":[{\"@type\":\"ReadAction\",\"target\":[\"https:\\\/\\\/exaudi.org\\\/it\\\/tornare-allessenziale-della-vita-liberarsi-di-tutto-cio-che-e-superfluo\\\/\"]}]},{\"@type\":\"ImageObject\",\"inLanguage\":\"it-IT\",\"@id\":\"https:\\\/\\\/exaudi.org\\\/it\\\/tornare-allessenziale-della-vita-liberarsi-di-tutto-cio-che-e-superfluo\\\/#primaryimage\",\"url\":\"https:\\\/\\\/exaudi.org\\\/wp-content\\\/uploads\\\/2023\\\/12\\\/cq5dam.thumbnail.cropped.1500.844.jpeg\",\"contentUrl\":\"https:\\\/\\\/exaudi.org\\\/wp-content\\\/uploads\\\/2023\\\/12\\\/cq5dam.thumbnail.cropped.1500.844.jpeg\",\"width\":1500,\"height\":844},{\"@type\":\"BreadcrumbList\",\"@id\":\"https:\\\/\\\/exaudi.org\\\/it\\\/tornare-allessenziale-della-vita-liberarsi-di-tutto-cio-che-e-superfluo\\\/#breadcrumb\",\"itemListElement\":[{\"@type\":\"ListItem\",\"position\":1,\"name\":\"Portada\",\"item\":\"https:\\\/\\\/exaudi.org\\\/it\\\/\"},{\"@type\":\"ListItem\",\"position\":2,\"name\":\"&#8220;Tornare all&#8217;essenziale della vita, liberarsi di tutto ci\u00f2 che \u00e8 superfluo&#8221;\"}]},{\"@type\":\"WebSite\",\"@id\":\"https:\\\/\\\/exaudi.org\\\/#website\",\"url\":\"https:\\\/\\\/exaudi.org\\\/\",\"name\":\"Exaudi\",\"description\":\"News\",\"potentialAction\":[{\"@type\":\"SearchAction\",\"target\":{\"@type\":\"EntryPoint\",\"urlTemplate\":\"https:\\\/\\\/exaudi.org\\\/?s={search_term_string}\"},\"query-input\":{\"@type\":\"PropertyValueSpecification\",\"valueRequired\":true,\"valueName\":\"search_term_string\"}}],\"inLanguage\":\"it-IT\"},{\"@type\":\"Person\",\"@id\":\"https:\\\/\\\/exaudi.org\\\/#\\\/schema\\\/person\\\/e1ab6ed07c01774724dd96f925f3a5f0\",\"name\":\"Exaudi Redazione\",\"image\":{\"@type\":\"ImageObject\",\"inLanguage\":\"it-IT\",\"@id\":\"https:\\\/\\\/secure.gravatar.com\\\/avatar\\\/ad6774b3ada023bf5b939d64f45c94b3adf91502dd883507d469b4308a943bb3?s=96&d=mm&r=g\",\"url\":\"https:\\\/\\\/secure.gravatar.com\\\/avatar\\\/ad6774b3ada023bf5b939d64f45c94b3adf91502dd883507d469b4308a943bb3?s=96&d=mm&r=g\",\"contentUrl\":\"https:\\\/\\\/secure.gravatar.com\\\/avatar\\\/ad6774b3ada023bf5b939d64f45c94b3adf91502dd883507d469b4308a943bb3?s=96&d=mm&r=g\",\"caption\":\"Exaudi Redazione\"},\"description\":\"Che cosa \u00e8 Exaudi News? Exaudi News \u00e8 un agenzia cattolica internazionale che informa, istruisce e trasforma quotidianamente in spagnolo, inglese e italiano. Attraverso notizie, articoli di analisi e trasmissioni in diretta degli eventi del Papa, Exaudi cerca di rafforzare l'unit\u00e0 dei cristiani e di contribuire all'evangelizzazione del mondo, sempre guidato dalla dottrina sociale della Chiesa. Lavoriamo per portare la verit\u00e0 e i valori cristiani in ogni angolo del pianeta. Aiutaci a trasformare il mondo con Exaudi! Noi di Exaudi crediamo che l'evangelizzazione e l'informazione di qualit\u00e0 possano cambiare la vita. Per continuare la nostra missione ed espandere la nostra portata, abbiamo bisogno del tuo aiuto. Stiamo anche cercando persone motivate che vogliano unirsi al nostro team. Grazie al vostro sostegno raggiungeremo pi\u00f9 persone, diffonderemo il messaggio di Cristo e rafforzeremo l'unit\u00e0 dei cristiani. Vuoi unirti alla nostra missione? Per maggiori informazioni su come contribuire, visita Exaudi.org\\\/it o contattaci direttamente: info@exaudi.org Exaudi: informa, forma e trasforma.\",\"sameAs\":[\"https:\\\/\\\/www.facebook.com\\\/ExaudiNotizie\\\/\",\"https:\\\/\\\/www.instagram.com\\\/Exaudi_notizie\\\/\",\"https:\\\/\\\/x.com\\\/Exaudi_Notizie\",\"https:\\\/\\\/www.youtube.com\\\/@exaudicatholicnews\"],\"url\":\"https:\\\/\\\/exaudi.org\\\/it\\\/author\\\/dlvedi-org\\\/\"}]}<\/script>\n<!-- \/ Yoast SEO plugin. -->","yoast_head_json":{"title":"\"Tornare all'essenziale della vita, liberarsi di tutto ci\u00f2 che \u00e8 superfluo\" &#8211; Exaudi","robots":{"index":"index","follow":"follow","max-snippet":"max-snippet:-1","max-image-preview":"max-image-preview:large","max-video-preview":"max-video-preview:-1"},"canonical":"https:\/\/exaudi.org\/it\/tornare-allessenziale-della-vita-liberarsi-di-tutto-cio-che-e-superfluo\/","og_locale":"it_IT","og_type":"article","og_title":"\"Tornare all'essenziale della vita, liberarsi di tutto ci\u00f2 che \u00e8 superfluo\" &#8211; Exaudi","og_description":"Il Santo Padre ci ricorda che ogni anno il Signore ci offre l'opportunit\u00e0 di guardare la nostra vita dalla \"vera luce che illumina ogni uomo\" e di \"tornare all'essenziale della vita, per liberarci di tutto ci\u00f2 che \u00e8 superfluo e pu\u00f2 diventare un impedimento sul cammino della santit\u00e0\"","og_url":"https:\/\/exaudi.org\/it\/tornare-allessenziale-della-vita-liberarsi-di-tutto-cio-che-e-superfluo\/","og_site_name":"Exaudi","article_publisher":"https:\/\/www.facebook.com\/ExaudiNews","article_author":"https:\/\/www.facebook.com\/ExaudiNotizie\/","article_published_time":"2023-12-05T16:48:25+00:00","article_modified_time":"2023-12-06T00:30:56+00:00","og_image":[{"width":1500,"height":844,"url":"https:\/\/exaudi.org\/wp-content\/uploads\/2023\/12\/cq5dam.thumbnail.cropped.1500.844.jpeg","type":"image\/jpeg"}],"author":"Exaudi Redazione","twitter_card":"summary_large_image","twitter_creator":"@Exaudi_Notizie","twitter_site":"@Exaudi_News","twitter_misc":{"Scritto da":"Exaudi Redazione","Tempo di lettura stimato":"3 minuti"},"schema":{"@context":"https:\/\/schema.org","@graph":[{"@type":"Article","@id":"https:\/\/exaudi.org\/it\/tornare-allessenziale-della-vita-liberarsi-di-tutto-cio-che-e-superfluo\/#article","isPartOf":{"@id":"https:\/\/exaudi.org\/it\/tornare-allessenziale-della-vita-liberarsi-di-tutto-cio-che-e-superfluo\/"},"author":{"name":"Exaudi Redazione","@id":"https:\/\/exaudi.org\/#\/schema\/person\/e1ab6ed07c01774724dd96f925f3a5f0"},"headline":"&#8220;Tornare all&#8217;essenziale della vita, liberarsi di tutto ci\u00f2 che \u00e8 superfluo&#8221;","datePublished":"2023-12-05T16:48:25+00:00","dateModified":"2023-12-06T00:30:56+00:00","mainEntityOfPage":{"@id":"https:\/\/exaudi.org\/it\/tornare-allessenziale-della-vita-liberarsi-di-tutto-cio-che-e-superfluo\/"},"wordCount":578,"image":{"@id":"https:\/\/exaudi.org\/it\/tornare-allessenziale-della-vita-liberarsi-di-tutto-cio-che-e-superfluo\/#primaryimage"},"thumbnailUrl":"https:\/\/exaudi.org\/wp-content\/uploads\/2023\/12\/cq5dam.thumbnail.cropped.1500.844.jpeg","keywords":["Avvento","conversione","curia romana","Featured","Papa Francesco","Trending"],"articleSection":["Leone XIV"],"inLanguage":"it-IT"},{"@type":"WebPage","@id":"https:\/\/exaudi.org\/it\/tornare-allessenziale-della-vita-liberarsi-di-tutto-cio-che-e-superfluo\/","url":"https:\/\/exaudi.org\/it\/tornare-allessenziale-della-vita-liberarsi-di-tutto-cio-che-e-superfluo\/","name":"\"Tornare all'essenziale della vita, liberarsi di tutto ci\u00f2 che \u00e8 superfluo\" &#8211; Exaudi","isPartOf":{"@id":"https:\/\/exaudi.org\/#website"},"primaryImageOfPage":{"@id":"https:\/\/exaudi.org\/it\/tornare-allessenziale-della-vita-liberarsi-di-tutto-cio-che-e-superfluo\/#primaryimage"},"image":{"@id":"https:\/\/exaudi.org\/it\/tornare-allessenziale-della-vita-liberarsi-di-tutto-cio-che-e-superfluo\/#primaryimage"},"thumbnailUrl":"https:\/\/exaudi.org\/wp-content\/uploads\/2023\/12\/cq5dam.thumbnail.cropped.1500.844.jpeg","datePublished":"2023-12-05T16:48:25+00:00","dateModified":"2023-12-06T00:30:56+00:00","author":{"@id":"https:\/\/exaudi.org\/#\/schema\/person\/e1ab6ed07c01774724dd96f925f3a5f0"},"breadcrumb":{"@id":"https:\/\/exaudi.org\/it\/tornare-allessenziale-della-vita-liberarsi-di-tutto-cio-che-e-superfluo\/#breadcrumb"},"inLanguage":"it-IT","potentialAction":[{"@type":"ReadAction","target":["https:\/\/exaudi.org\/it\/tornare-allessenziale-della-vita-liberarsi-di-tutto-cio-che-e-superfluo\/"]}]},{"@type":"ImageObject","inLanguage":"it-IT","@id":"https:\/\/exaudi.org\/it\/tornare-allessenziale-della-vita-liberarsi-di-tutto-cio-che-e-superfluo\/#primaryimage","url":"https:\/\/exaudi.org\/wp-content\/uploads\/2023\/12\/cq5dam.thumbnail.cropped.1500.844.jpeg","contentUrl":"https:\/\/exaudi.org\/wp-content\/uploads\/2023\/12\/cq5dam.thumbnail.cropped.1500.844.jpeg","width":1500,"height":844},{"@type":"BreadcrumbList","@id":"https:\/\/exaudi.org\/it\/tornare-allessenziale-della-vita-liberarsi-di-tutto-cio-che-e-superfluo\/#breadcrumb","itemListElement":[{"@type":"ListItem","position":1,"name":"Portada","item":"https:\/\/exaudi.org\/it\/"},{"@type":"ListItem","position":2,"name":"&#8220;Tornare all&#8217;essenziale della vita, liberarsi di tutto ci\u00f2 che \u00e8 superfluo&#8221;"}]},{"@type":"WebSite","@id":"https:\/\/exaudi.org\/#website","url":"https:\/\/exaudi.org\/","name":"Exaudi","description":"News","potentialAction":[{"@type":"SearchAction","target":{"@type":"EntryPoint","urlTemplate":"https:\/\/exaudi.org\/?s={search_term_string}"},"query-input":{"@type":"PropertyValueSpecification","valueRequired":true,"valueName":"search_term_string"}}],"inLanguage":"it-IT"},{"@type":"Person","@id":"https:\/\/exaudi.org\/#\/schema\/person\/e1ab6ed07c01774724dd96f925f3a5f0","name":"Exaudi Redazione","image":{"@type":"ImageObject","inLanguage":"it-IT","@id":"https:\/\/secure.gravatar.com\/avatar\/ad6774b3ada023bf5b939d64f45c94b3adf91502dd883507d469b4308a943bb3?s=96&d=mm&r=g","url":"https:\/\/secure.gravatar.com\/avatar\/ad6774b3ada023bf5b939d64f45c94b3adf91502dd883507d469b4308a943bb3?s=96&d=mm&r=g","contentUrl":"https:\/\/secure.gravatar.com\/avatar\/ad6774b3ada023bf5b939d64f45c94b3adf91502dd883507d469b4308a943bb3?s=96&d=mm&r=g","caption":"Exaudi Redazione"},"description":"Che cosa \u00e8 Exaudi News? Exaudi News \u00e8 un agenzia cattolica internazionale che informa, istruisce e trasforma quotidianamente in spagnolo, inglese e italiano. Attraverso notizie, articoli di analisi e trasmissioni in diretta degli eventi del Papa, Exaudi cerca di rafforzare l'unit\u00e0 dei cristiani e di contribuire all'evangelizzazione del mondo, sempre guidato dalla dottrina sociale della Chiesa. Lavoriamo per portare la verit\u00e0 e i valori cristiani in ogni angolo del pianeta. Aiutaci a trasformare il mondo con Exaudi! Noi di Exaudi crediamo che l'evangelizzazione e l'informazione di qualit\u00e0 possano cambiare la vita. Per continuare la nostra missione ed espandere la nostra portata, abbiamo bisogno del tuo aiuto. Stiamo anche cercando persone motivate che vogliano unirsi al nostro team. Grazie al vostro sostegno raggiungeremo pi\u00f9 persone, diffonderemo il messaggio di Cristo e rafforzeremo l'unit\u00e0 dei cristiani. Vuoi unirti alla nostra missione? Per maggiori informazioni su come contribuire, visita Exaudi.org\/it o contattaci direttamente: info@exaudi.org Exaudi: informa, forma e trasforma.","sameAs":["https:\/\/www.facebook.com\/ExaudiNotizie\/","https:\/\/www.instagram.com\/Exaudi_notizie\/","https:\/\/x.com\/Exaudi_Notizie","https:\/\/www.youtube.com\/@exaudicatholicnews"],"url":"https:\/\/exaudi.org\/it\/author\/dlvedi-org\/"}]}},"jetpack_featured_media_url":"https:\/\/exaudi.org\/wp-content\/uploads\/2023\/12\/cq5dam.thumbnail.cropped.1500.844.jpeg","jetpack_shortlink":"https:\/\/wp.me\/pgKjF2-nki","_links":{"self":[{"href":"https:\/\/exaudi.org\/it\/wp-json\/wp\/v2\/posts\/89670","targetHints":{"allow":["GET"]}}],"collection":[{"href":"https:\/\/exaudi.org\/it\/wp-json\/wp\/v2\/posts"}],"about":[{"href":"https:\/\/exaudi.org\/it\/wp-json\/wp\/v2\/types\/post"}],"author":[{"embeddable":true,"href":"https:\/\/exaudi.org\/it\/wp-json\/wp\/v2\/users\/17"}],"replies":[{"embeddable":true,"href":"https:\/\/exaudi.org\/it\/wp-json\/wp\/v2\/comments?post=89670"}],"version-history":[{"count":0,"href":"https:\/\/exaudi.org\/it\/wp-json\/wp\/v2\/posts\/89670\/revisions"}],"wp:featuredmedia":[{"embeddable":true,"href":"https:\/\/exaudi.org\/it\/wp-json\/wp\/v2\/media\/89622"}],"wp:attachment":[{"href":"https:\/\/exaudi.org\/it\/wp-json\/wp\/v2\/media?parent=89670"}],"wp:term":[{"taxonomy":"category","embeddable":true,"href":"https:\/\/exaudi.org\/it\/wp-json\/wp\/v2\/categories?post=89670"},{"taxonomy":"post_tag","embeddable":true,"href":"https:\/\/exaudi.org\/it\/wp-json\/wp\/v2\/tags?post=89670"}],"curies":[{"name":"wp","href":"https:\/\/api.w.org\/{rel}","templated":true}]}}