{"id":89495,"date":"2023-12-03T17:41:01","date_gmt":"2023-12-03T16:41:01","guid":{"rendered":"https:\/\/exaudi.org\/?p=89495"},"modified":"2023-12-03T17:41:01","modified_gmt":"2023-12-03T16:41:01","slug":"il-papa-la-fede-e-un-dono-di-dio-che-ci-da-speranza-e-forza","status":"publish","type":"post","link":"https:\/\/exaudi.org\/it\/il-papa-la-fede-e-un-dono-di-dio-che-ci-da-speranza-e-forza\/","title":{"rendered":"Il Papa: &#8220;La fede \u00e8 un dono di Dio che ci d\u00e0 speranza e forza&#8221;"},"content":{"rendered":"<div class=\"testo\">\n<div class=\"text parbase vaticanrichtext\">\n<p>Il saluto di Papa Francesco all&#8217;inaugurazione del Padiglione della Fede \u00e8 stato un messaggio di speranza e incoraggiamento per i credenti di tutto il mondo. Nel suo discorso, il Papa ha sottolineato l&#8217;importanza della fede nella vita delle persone e la necessit\u00e0 di lavorare insieme per costruire un mondo pi\u00f9 giusto e fraterno.<\/p>\n<p>Il Papa ha iniziato il suo discorso salutando i presenti, tra cui i rappresentanti di diverse religioni e culture. Ha poi parlato dell&#8217;importanza della fede nella vita delle persone. Ha sottolineato che la fede \u00e8 un dono di Dio che ci permette di trovare un senso alla vita e ci d\u00e0 la forza di superare le difficolt\u00e0.<\/p>\n<p>Il Papa ha anche parlato della necessit\u00e0 di lavorare insieme per costruire un mondo pi\u00f9 giusto e fraterno. Ha sottolineato che la fede ci chiama ad amare i nostri nemici e a perdonare coloro che ci hanno offeso. Ci chiama anche a lavorare per la pace e la giustizia nel mondo.<\/p>\n<p>Pubblichiamo di seguito il Saluto del Santo Padre preparato in occasione dell\u2019inaugurazione del \u201cFaith Pavilion\u201d presso\u00a0<i>Expo City,\u00a0<\/i>a Dubai, di cui \u00e8 stata data lettura dal Cardinale Segretario di Stato, Pietro Parolin:<\/p>\n<p>Altezza,<br \/>\nSignor Segretario Generale,<br \/>\ncari fratelli e sorelle!<\/p>\n<p>Vorrei ringraziare il Dottor Ahmad Al-Tayyeb, Grande Imam di Al-Azhar, che mi ha mostrato la sua vicinanza; il\u00a0<i>Muslim Council of Elders<\/i>, che ho incontrato un anno fa, il\u00a0<i>Programma delle Nazioni Unite per l\u2019Ambiente<\/i>\u00a0(UNEP) e tutti i\u00a0<i>partner<\/i>\u00a0che hanno organizzato e promosso questo padiglione religioso. \u00c8 il primo di questo genere nel cuore di una COP e mostra che ogni autentico credo religioso \u00e8 sorgente di\u00a0<i>incontro<\/i>\u00a0e di\u00a0<i>azione<\/i>.<\/p>\n<p>Anzitutto di\u00a0<i>incontro<\/i>. \u00c8 importante trovarci, al di l\u00e0 delle nostre differenze, come fratelli e sorelle nell\u2019umanit\u00e0, e soprattutto come credenti, per ricordare a noi stessi e al mondo che, come pellegrini attendati in questa terra, siamo tenuti a custodire la casa comune. Le religioni, in quanto coscienze dell\u2019umanit\u00e0, rammentano che siamo creature finite, abitate dal bisogno di infinito. S\u00ec, siamo mortali, siamo limitati, e custodire la vita significa anche opporci al delirio di onnipotenza vorace che sta devastando il pianeta. Esso sorge quando l\u2019uomo si ritiene signore del mondo; quando, vivendo come se Dio non esistesse, si lascia rapire dalle cose che passano. Allora l\u2019essere umano, anzich\u00e9 disporre della tecnica, si lascia dominare da essa, \u201csi mercifica\u201d e diventa indifferente: incapace di piangere e di compatire, resta solo con s\u00e9 stesso ed, ergendosi al di sopra della morale e della prudenza, arriva a distruggere persino ci\u00f2 che gli consente di vivere. Ecco perch\u00e9 il dramma climatico \u00e8 anche un dramma religioso: perch\u00e9 la sua radice sta nella presunzione di autosufficienza della creatura. Ma \u00abla creatura [\u2026] senza il Creatore svanisce\u00bb (<i><a href=\"https:\/\/www.vatican.va\/archive\/hist_councils\/ii_vatican_council\/documents\/vat-ii_const_19651207_gaudium-et-spes_it.html\">Gaudium et spes<\/a><\/i>, 36). Questo padiglione sia invece luogo di incontro e le religioni siano sempre \u201cluoghi ospitali\u201d che, testimoniando profeticamente il bisogno di trascendenza, parlino al mondo di fraternit\u00e0, di rispetto e di cura gli uni degli altri, senza giustificare in alcun modo il maltrattamento del creato (cfr\u00a0<i><a href=\"https:\/\/www.vatican.va\/content\/francesco\/it\/travels\/2019\/outside\/documents\/papa-francesco_20190204_documento-fratellanza-umana.html\">Documento sulla Fratellanza umana per la pace mondiale e la convivenza comune<\/a><\/i>, Abu Dhabi, 4 febbraio 2019).<\/p>\n<p>Questo ci porta all\u2019altro tema-cardine di questo padiglione e del credo religioso:\u00a0<i>l\u2019azione<\/i>. \u00c8 urgente agire per l\u2019ambiente, ma non basta solo impiegare pi\u00f9 risorse economiche: bisogna mutare il modo di vivere e occorre perci\u00f2\u00a0<i>educare a stili di vita sobri e fraterni<\/i>. \u00c8 un\u2019azione irrinunciabile per le religioni, le quali sono pure chiamate a educare alla\u00a0<i>contemplazione<\/i>, perch\u00e9 il creato non \u00e8 solo un sistema da preservare, ma\u00a0<i>un dono da accogliere<\/i>. E un mondo povero di contemplazione sar\u00e0 un mondo inquinato nell\u2019anima, che continuer\u00e0 a scartare persone e a produrre rifiuti; un mondo senza preghiera dir\u00e0 tante parole ma, privo di compassione e di lacrime, vivr\u00e0 solo di un materialismo fatto di soldi e di armi.<\/p>\n<p>A tale proposito, sappiamo quanto la pace e la custodia del creato siano interdipendenti: \u00e8 sotto gli occhi di tutti come guerre e conflitti danneggiano l\u2019ambiente e dividono le nazioni, ostacolando un impegno condiviso su temi comuni, come la salvaguardia del pianeta. Una casa, infatti, \u00e8 vivibile per tutti solo se si instaura un clima di pace all\u2019interno. Cos\u00ec \u00e8 per la nostra Terra, il cui suolo sembra unirsi al grido dei bambini e dei poveri per far giungere fino al cielo una sola implorazione: pace! Custodire la pace \u00e8 anche compito delle religioni. Per favore, non ci siano incoerenze su questo. Non si smentisca con i fatti ci\u00f2 che si dice con le labbra: non ci si limiti a parlare di pace, ma si prenda posizione netta contro chi, dichiarandosi credente, alimenta l\u2019odio e non si oppone alla violenza. Ricordo le parole di Francesco di Assisi: \u00abLa pace che annunziate con la bocca, abbiatela ancor pi\u00f9 copiosa nei vostri cuori\u00bb (<i>Leggenda dei tre compagni<\/i>, XIV,5:\u00a0<i>FF<\/i>\u00a01469). Fratelli, sorelle, l\u2019Altissimo benedica i nostri cuori perch\u00e9 possiamo essere, insieme, costruttori di pace e custodi del creato. Grazie.<\/p>\n<div class=\"clearfix\"><\/div>\n<\/div>\n<div class=\"content parsys\"><\/div>\n<\/div>\n","protected":false},"excerpt":{"rendered":"<p>Inaugurazione del \u201cFaith Pavilion\u201d presso Expo City, a Dubai<\/p>\n","protected":false},"author":17,"featured_media":89496,"comment_status":"closed","ping_status":"closed","sticky":false,"template":"","format":"standard","meta":{"_acf_changed":false,"_crdt_document":"","inline_featured_image":false,"footnotes":""},"categories":[67],"tags":[1209,688,251,483,4952],"class_list":["post-89495","post","type-post","status-publish","format-standard","has-post-thumbnail","hentry","category-leone-xiv","tag-fede","tag-pace","tag-papa-francesco","tag-speranza","tag-trending-it"],"acf":[],"yoast_head":"<!-- This site is optimized with the Yoast SEO plugin v27.5 - https:\/\/yoast.com\/product\/yoast-seo-wordpress\/ -->\n<title>Il Papa: &quot;La fede \u00e8 un dono di Dio che ci d\u00e0 speranza e forza&quot; &#8211; Exaudi<\/title>\n<meta name=\"robots\" content=\"index, follow, max-snippet:-1, max-image-preview:large, max-video-preview:-1\" \/>\n<link rel=\"canonical\" href=\"https:\/\/exaudi.org\/it\/il-papa-la-fede-e-un-dono-di-dio-che-ci-da-speranza-e-forza\/\" \/>\n<meta property=\"og:locale\" content=\"it_IT\" \/>\n<meta property=\"og:type\" content=\"article\" \/>\n<meta property=\"og:title\" content=\"Il Papa: &quot;La fede \u00e8 un dono di Dio che ci d\u00e0 speranza e forza&quot; &#8211; Exaudi\" \/>\n<meta property=\"og:description\" content=\"Inaugurazione del \u201cFaith Pavilion\u201d presso Expo City, a Dubai\" \/>\n<meta property=\"og:url\" content=\"https:\/\/exaudi.org\/it\/il-papa-la-fede-e-un-dono-di-dio-che-ci-da-speranza-e-forza\/\" \/>\n<meta property=\"og:site_name\" content=\"Exaudi\" \/>\n<meta property=\"article:publisher\" content=\"https:\/\/www.facebook.com\/ExaudiNews\" \/>\n<meta property=\"article:author\" content=\"https:\/\/www.facebook.com\/ExaudiNotizie\/\" \/>\n<meta property=\"article:published_time\" content=\"2023-12-03T16:41:01+00:00\" \/>\n<meta property=\"og:image\" content=\"https:\/\/exaudi.org\/wp-content\/uploads\/2023\/12\/COP28-Religion1.jpg\" \/>\n\t<meta property=\"og:image:width\" content=\"1024\" \/>\n\t<meta property=\"og:image:height\" content=\"767\" \/>\n\t<meta property=\"og:image:type\" content=\"image\/jpeg\" \/>\n<meta name=\"author\" content=\"Exaudi Redazione\" \/>\n<meta name=\"twitter:card\" content=\"summary_large_image\" \/>\n<meta name=\"twitter:creator\" content=\"@Exaudi_Notizie\" \/>\n<meta name=\"twitter:site\" content=\"@Exaudi_News\" \/>\n<meta name=\"twitter:label1\" content=\"Scritto da\" \/>\n\t<meta name=\"twitter:data1\" content=\"Exaudi Redazione\" \/>\n\t<meta name=\"twitter:label2\" content=\"Tempo di lettura stimato\" \/>\n\t<meta name=\"twitter:data2\" content=\"4 minuti\" \/>\n<script type=\"application\/ld+json\" class=\"yoast-schema-graph\">{\"@context\":\"https:\\\/\\\/schema.org\",\"@graph\":[{\"@type\":\"Article\",\"@id\":\"https:\\\/\\\/exaudi.org\\\/it\\\/il-papa-la-fede-e-un-dono-di-dio-che-ci-da-speranza-e-forza\\\/#article\",\"isPartOf\":{\"@id\":\"https:\\\/\\\/exaudi.org\\\/it\\\/il-papa-la-fede-e-un-dono-di-dio-che-ci-da-speranza-e-forza\\\/\"},\"author\":{\"name\":\"Exaudi Redazione\",\"@id\":\"https:\\\/\\\/exaudi.org\\\/#\\\/schema\\\/person\\\/e1ab6ed07c01774724dd96f925f3a5f0\"},\"headline\":\"Il Papa: &#8220;La fede \u00e8 un dono di Dio che ci d\u00e0 speranza e forza&#8221;\",\"datePublished\":\"2023-12-03T16:41:01+00:00\",\"mainEntityOfPage\":{\"@id\":\"https:\\\/\\\/exaudi.org\\\/it\\\/il-papa-la-fede-e-un-dono-di-dio-che-ci-da-speranza-e-forza\\\/\"},\"wordCount\":840,\"image\":{\"@id\":\"https:\\\/\\\/exaudi.org\\\/it\\\/il-papa-la-fede-e-un-dono-di-dio-che-ci-da-speranza-e-forza\\\/#primaryimage\"},\"thumbnailUrl\":\"https:\\\/\\\/exaudi.org\\\/wp-content\\\/uploads\\\/2023\\\/12\\\/COP28-Religion1.jpg\",\"keywords\":[\"fede\",\"pace\",\"Papa Francesco\",\"speranza\",\"Trending\"],\"articleSection\":[\"Leone XIV\"],\"inLanguage\":\"it-IT\"},{\"@type\":\"WebPage\",\"@id\":\"https:\\\/\\\/exaudi.org\\\/it\\\/il-papa-la-fede-e-un-dono-di-dio-che-ci-da-speranza-e-forza\\\/\",\"url\":\"https:\\\/\\\/exaudi.org\\\/it\\\/il-papa-la-fede-e-un-dono-di-dio-che-ci-da-speranza-e-forza\\\/\",\"name\":\"Il Papa: \\\"La fede \u00e8 un dono di Dio che ci d\u00e0 speranza e forza\\\" &#8211; Exaudi\",\"isPartOf\":{\"@id\":\"https:\\\/\\\/exaudi.org\\\/#website\"},\"primaryImageOfPage\":{\"@id\":\"https:\\\/\\\/exaudi.org\\\/it\\\/il-papa-la-fede-e-un-dono-di-dio-che-ci-da-speranza-e-forza\\\/#primaryimage\"},\"image\":{\"@id\":\"https:\\\/\\\/exaudi.org\\\/it\\\/il-papa-la-fede-e-un-dono-di-dio-che-ci-da-speranza-e-forza\\\/#primaryimage\"},\"thumbnailUrl\":\"https:\\\/\\\/exaudi.org\\\/wp-content\\\/uploads\\\/2023\\\/12\\\/COP28-Religion1.jpg\",\"datePublished\":\"2023-12-03T16:41:01+00:00\",\"author\":{\"@id\":\"https:\\\/\\\/exaudi.org\\\/#\\\/schema\\\/person\\\/e1ab6ed07c01774724dd96f925f3a5f0\"},\"breadcrumb\":{\"@id\":\"https:\\\/\\\/exaudi.org\\\/it\\\/il-papa-la-fede-e-un-dono-di-dio-che-ci-da-speranza-e-forza\\\/#breadcrumb\"},\"inLanguage\":\"it-IT\",\"potentialAction\":[{\"@type\":\"ReadAction\",\"target\":[\"https:\\\/\\\/exaudi.org\\\/it\\\/il-papa-la-fede-e-un-dono-di-dio-che-ci-da-speranza-e-forza\\\/\"]}]},{\"@type\":\"ImageObject\",\"inLanguage\":\"it-IT\",\"@id\":\"https:\\\/\\\/exaudi.org\\\/it\\\/il-papa-la-fede-e-un-dono-di-dio-che-ci-da-speranza-e-forza\\\/#primaryimage\",\"url\":\"https:\\\/\\\/exaudi.org\\\/wp-content\\\/uploads\\\/2023\\\/12\\\/COP28-Religion1.jpg\",\"contentUrl\":\"https:\\\/\\\/exaudi.org\\\/wp-content\\\/uploads\\\/2023\\\/12\\\/COP28-Religion1.jpg\",\"width\":1024,\"height\":767,\"caption\":\"PL\"},{\"@type\":\"BreadcrumbList\",\"@id\":\"https:\\\/\\\/exaudi.org\\\/it\\\/il-papa-la-fede-e-un-dono-di-dio-che-ci-da-speranza-e-forza\\\/#breadcrumb\",\"itemListElement\":[{\"@type\":\"ListItem\",\"position\":1,\"name\":\"Portada\",\"item\":\"https:\\\/\\\/exaudi.org\\\/it\\\/\"},{\"@type\":\"ListItem\",\"position\":2,\"name\":\"Il Papa: &#8220;La fede \u00e8 un dono di Dio che ci d\u00e0 speranza e forza&#8221;\"}]},{\"@type\":\"WebSite\",\"@id\":\"https:\\\/\\\/exaudi.org\\\/#website\",\"url\":\"https:\\\/\\\/exaudi.org\\\/\",\"name\":\"Exaudi\",\"description\":\"News\",\"potentialAction\":[{\"@type\":\"SearchAction\",\"target\":{\"@type\":\"EntryPoint\",\"urlTemplate\":\"https:\\\/\\\/exaudi.org\\\/?s={search_term_string}\"},\"query-input\":{\"@type\":\"PropertyValueSpecification\",\"valueRequired\":true,\"valueName\":\"search_term_string\"}}],\"inLanguage\":\"it-IT\"},{\"@type\":\"Person\",\"@id\":\"https:\\\/\\\/exaudi.org\\\/#\\\/schema\\\/person\\\/e1ab6ed07c01774724dd96f925f3a5f0\",\"name\":\"Exaudi Redazione\",\"image\":{\"@type\":\"ImageObject\",\"inLanguage\":\"it-IT\",\"@id\":\"https:\\\/\\\/secure.gravatar.com\\\/avatar\\\/ad6774b3ada023bf5b939d64f45c94b3adf91502dd883507d469b4308a943bb3?s=96&d=mm&r=g\",\"url\":\"https:\\\/\\\/secure.gravatar.com\\\/avatar\\\/ad6774b3ada023bf5b939d64f45c94b3adf91502dd883507d469b4308a943bb3?s=96&d=mm&r=g\",\"contentUrl\":\"https:\\\/\\\/secure.gravatar.com\\\/avatar\\\/ad6774b3ada023bf5b939d64f45c94b3adf91502dd883507d469b4308a943bb3?s=96&d=mm&r=g\",\"caption\":\"Exaudi Redazione\"},\"description\":\"Che cosa \u00e8 Exaudi News? Exaudi News \u00e8 un agenzia cattolica internazionale che informa, istruisce e trasforma quotidianamente in spagnolo, inglese e italiano. Attraverso notizie, articoli di analisi e trasmissioni in diretta degli eventi del Papa, Exaudi cerca di rafforzare l'unit\u00e0 dei cristiani e di contribuire all'evangelizzazione del mondo, sempre guidato dalla dottrina sociale della Chiesa. Lavoriamo per portare la verit\u00e0 e i valori cristiani in ogni angolo del pianeta. Aiutaci a trasformare il mondo con Exaudi! Noi di Exaudi crediamo che l'evangelizzazione e l'informazione di qualit\u00e0 possano cambiare la vita. Per continuare la nostra missione ed espandere la nostra portata, abbiamo bisogno del tuo aiuto. Stiamo anche cercando persone motivate che vogliano unirsi al nostro team. Grazie al vostro sostegno raggiungeremo pi\u00f9 persone, diffonderemo il messaggio di Cristo e rafforzeremo l'unit\u00e0 dei cristiani. Vuoi unirti alla nostra missione? Per maggiori informazioni su come contribuire, visita Exaudi.org\\\/it o contattaci direttamente: info@exaudi.org Exaudi: informa, forma e trasforma.\",\"sameAs\":[\"https:\\\/\\\/www.facebook.com\\\/ExaudiNotizie\\\/\",\"https:\\\/\\\/www.instagram.com\\\/Exaudi_notizie\\\/\",\"https:\\\/\\\/x.com\\\/Exaudi_Notizie\",\"https:\\\/\\\/www.youtube.com\\\/@exaudicatholicnews\"],\"url\":\"https:\\\/\\\/exaudi.org\\\/it\\\/author\\\/dlvedi-org\\\/\"}]}<\/script>\n<!-- \/ Yoast SEO plugin. -->","yoast_head_json":{"title":"Il Papa: \"La fede \u00e8 un dono di Dio che ci d\u00e0 speranza e forza\" &#8211; Exaudi","robots":{"index":"index","follow":"follow","max-snippet":"max-snippet:-1","max-image-preview":"max-image-preview:large","max-video-preview":"max-video-preview:-1"},"canonical":"https:\/\/exaudi.org\/it\/il-papa-la-fede-e-un-dono-di-dio-che-ci-da-speranza-e-forza\/","og_locale":"it_IT","og_type":"article","og_title":"Il Papa: \"La fede \u00e8 un dono di Dio che ci d\u00e0 speranza e forza\" &#8211; Exaudi","og_description":"Inaugurazione del \u201cFaith Pavilion\u201d presso Expo City, a Dubai","og_url":"https:\/\/exaudi.org\/it\/il-papa-la-fede-e-un-dono-di-dio-che-ci-da-speranza-e-forza\/","og_site_name":"Exaudi","article_publisher":"https:\/\/www.facebook.com\/ExaudiNews","article_author":"https:\/\/www.facebook.com\/ExaudiNotizie\/","article_published_time":"2023-12-03T16:41:01+00:00","og_image":[{"width":1024,"height":767,"url":"https:\/\/exaudi.org\/wp-content\/uploads\/2023\/12\/COP28-Religion1.jpg","type":"image\/jpeg"}],"author":"Exaudi Redazione","twitter_card":"summary_large_image","twitter_creator":"@Exaudi_Notizie","twitter_site":"@Exaudi_News","twitter_misc":{"Scritto da":"Exaudi Redazione","Tempo di lettura stimato":"4 minuti"},"schema":{"@context":"https:\/\/schema.org","@graph":[{"@type":"Article","@id":"https:\/\/exaudi.org\/it\/il-papa-la-fede-e-un-dono-di-dio-che-ci-da-speranza-e-forza\/#article","isPartOf":{"@id":"https:\/\/exaudi.org\/it\/il-papa-la-fede-e-un-dono-di-dio-che-ci-da-speranza-e-forza\/"},"author":{"name":"Exaudi Redazione","@id":"https:\/\/exaudi.org\/#\/schema\/person\/e1ab6ed07c01774724dd96f925f3a5f0"},"headline":"Il Papa: &#8220;La fede \u00e8 un dono di Dio che ci d\u00e0 speranza e forza&#8221;","datePublished":"2023-12-03T16:41:01+00:00","mainEntityOfPage":{"@id":"https:\/\/exaudi.org\/it\/il-papa-la-fede-e-un-dono-di-dio-che-ci-da-speranza-e-forza\/"},"wordCount":840,"image":{"@id":"https:\/\/exaudi.org\/it\/il-papa-la-fede-e-un-dono-di-dio-che-ci-da-speranza-e-forza\/#primaryimage"},"thumbnailUrl":"https:\/\/exaudi.org\/wp-content\/uploads\/2023\/12\/COP28-Religion1.jpg","keywords":["fede","pace","Papa Francesco","speranza","Trending"],"articleSection":["Leone XIV"],"inLanguage":"it-IT"},{"@type":"WebPage","@id":"https:\/\/exaudi.org\/it\/il-papa-la-fede-e-un-dono-di-dio-che-ci-da-speranza-e-forza\/","url":"https:\/\/exaudi.org\/it\/il-papa-la-fede-e-un-dono-di-dio-che-ci-da-speranza-e-forza\/","name":"Il Papa: \"La fede \u00e8 un dono di Dio che ci d\u00e0 speranza e forza\" &#8211; Exaudi","isPartOf":{"@id":"https:\/\/exaudi.org\/#website"},"primaryImageOfPage":{"@id":"https:\/\/exaudi.org\/it\/il-papa-la-fede-e-un-dono-di-dio-che-ci-da-speranza-e-forza\/#primaryimage"},"image":{"@id":"https:\/\/exaudi.org\/it\/il-papa-la-fede-e-un-dono-di-dio-che-ci-da-speranza-e-forza\/#primaryimage"},"thumbnailUrl":"https:\/\/exaudi.org\/wp-content\/uploads\/2023\/12\/COP28-Religion1.jpg","datePublished":"2023-12-03T16:41:01+00:00","author":{"@id":"https:\/\/exaudi.org\/#\/schema\/person\/e1ab6ed07c01774724dd96f925f3a5f0"},"breadcrumb":{"@id":"https:\/\/exaudi.org\/it\/il-papa-la-fede-e-un-dono-di-dio-che-ci-da-speranza-e-forza\/#breadcrumb"},"inLanguage":"it-IT","potentialAction":[{"@type":"ReadAction","target":["https:\/\/exaudi.org\/it\/il-papa-la-fede-e-un-dono-di-dio-che-ci-da-speranza-e-forza\/"]}]},{"@type":"ImageObject","inLanguage":"it-IT","@id":"https:\/\/exaudi.org\/it\/il-papa-la-fede-e-un-dono-di-dio-che-ci-da-speranza-e-forza\/#primaryimage","url":"https:\/\/exaudi.org\/wp-content\/uploads\/2023\/12\/COP28-Religion1.jpg","contentUrl":"https:\/\/exaudi.org\/wp-content\/uploads\/2023\/12\/COP28-Religion1.jpg","width":1024,"height":767,"caption":"PL"},{"@type":"BreadcrumbList","@id":"https:\/\/exaudi.org\/it\/il-papa-la-fede-e-un-dono-di-dio-che-ci-da-speranza-e-forza\/#breadcrumb","itemListElement":[{"@type":"ListItem","position":1,"name":"Portada","item":"https:\/\/exaudi.org\/it\/"},{"@type":"ListItem","position":2,"name":"Il Papa: &#8220;La fede \u00e8 un dono di Dio che ci d\u00e0 speranza e forza&#8221;"}]},{"@type":"WebSite","@id":"https:\/\/exaudi.org\/#website","url":"https:\/\/exaudi.org\/","name":"Exaudi","description":"News","potentialAction":[{"@type":"SearchAction","target":{"@type":"EntryPoint","urlTemplate":"https:\/\/exaudi.org\/?s={search_term_string}"},"query-input":{"@type":"PropertyValueSpecification","valueRequired":true,"valueName":"search_term_string"}}],"inLanguage":"it-IT"},{"@type":"Person","@id":"https:\/\/exaudi.org\/#\/schema\/person\/e1ab6ed07c01774724dd96f925f3a5f0","name":"Exaudi Redazione","image":{"@type":"ImageObject","inLanguage":"it-IT","@id":"https:\/\/secure.gravatar.com\/avatar\/ad6774b3ada023bf5b939d64f45c94b3adf91502dd883507d469b4308a943bb3?s=96&d=mm&r=g","url":"https:\/\/secure.gravatar.com\/avatar\/ad6774b3ada023bf5b939d64f45c94b3adf91502dd883507d469b4308a943bb3?s=96&d=mm&r=g","contentUrl":"https:\/\/secure.gravatar.com\/avatar\/ad6774b3ada023bf5b939d64f45c94b3adf91502dd883507d469b4308a943bb3?s=96&d=mm&r=g","caption":"Exaudi Redazione"},"description":"Che cosa \u00e8 Exaudi News? Exaudi News \u00e8 un agenzia cattolica internazionale che informa, istruisce e trasforma quotidianamente in spagnolo, inglese e italiano. Attraverso notizie, articoli di analisi e trasmissioni in diretta degli eventi del Papa, Exaudi cerca di rafforzare l'unit\u00e0 dei cristiani e di contribuire all'evangelizzazione del mondo, sempre guidato dalla dottrina sociale della Chiesa. Lavoriamo per portare la verit\u00e0 e i valori cristiani in ogni angolo del pianeta. Aiutaci a trasformare il mondo con Exaudi! Noi di Exaudi crediamo che l'evangelizzazione e l'informazione di qualit\u00e0 possano cambiare la vita. Per continuare la nostra missione ed espandere la nostra portata, abbiamo bisogno del tuo aiuto. Stiamo anche cercando persone motivate che vogliano unirsi al nostro team. Grazie al vostro sostegno raggiungeremo pi\u00f9 persone, diffonderemo il messaggio di Cristo e rafforzeremo l'unit\u00e0 dei cristiani. Vuoi unirti alla nostra missione? Per maggiori informazioni su come contribuire, visita Exaudi.org\/it o contattaci direttamente: info@exaudi.org Exaudi: informa, forma e trasforma.","sameAs":["https:\/\/www.facebook.com\/ExaudiNotizie\/","https:\/\/www.instagram.com\/Exaudi_notizie\/","https:\/\/x.com\/Exaudi_Notizie","https:\/\/www.youtube.com\/@exaudicatholicnews"],"url":"https:\/\/exaudi.org\/it\/author\/dlvedi-org\/"}]}},"jetpack_featured_media_url":"https:\/\/exaudi.org\/wp-content\/uploads\/2023\/12\/COP28-Religion1.jpg","jetpack_shortlink":"https:\/\/wp.me\/pgKjF2-nht","_links":{"self":[{"href":"https:\/\/exaudi.org\/it\/wp-json\/wp\/v2\/posts\/89495","targetHints":{"allow":["GET"]}}],"collection":[{"href":"https:\/\/exaudi.org\/it\/wp-json\/wp\/v2\/posts"}],"about":[{"href":"https:\/\/exaudi.org\/it\/wp-json\/wp\/v2\/types\/post"}],"author":[{"embeddable":true,"href":"https:\/\/exaudi.org\/it\/wp-json\/wp\/v2\/users\/17"}],"replies":[{"embeddable":true,"href":"https:\/\/exaudi.org\/it\/wp-json\/wp\/v2\/comments?post=89495"}],"version-history":[{"count":0,"href":"https:\/\/exaudi.org\/it\/wp-json\/wp\/v2\/posts\/89495\/revisions"}],"wp:featuredmedia":[{"embeddable":true,"href":"https:\/\/exaudi.org\/it\/wp-json\/wp\/v2\/media\/89496"}],"wp:attachment":[{"href":"https:\/\/exaudi.org\/it\/wp-json\/wp\/v2\/media?parent=89495"}],"wp:term":[{"taxonomy":"category","embeddable":true,"href":"https:\/\/exaudi.org\/it\/wp-json\/wp\/v2\/categories?post=89495"},{"taxonomy":"post_tag","embeddable":true,"href":"https:\/\/exaudi.org\/it\/wp-json\/wp\/v2\/tags?post=89495"}],"curies":[{"name":"wp","href":"https:\/\/api.w.org\/{rel}","templated":true}]}}