{"id":89157,"date":"2023-11-28T18:55:39","date_gmt":"2023-11-28T17:55:39","guid":{"rendered":"https:\/\/exaudi.org\/?p=89157"},"modified":"2023-11-29T04:18:11","modified_gmt":"2023-11-29T03:18:11","slug":"il-papa-incontra-i-vescovi-spagnoli","status":"publish","type":"post","link":"https:\/\/exaudi.org\/it\/il-papa-incontra-i-vescovi-spagnoli\/","title":{"rendered":"Il Papa incontra i vescovi spagnoli"},"content":{"rendered":"<p>Marted\u00ec mattina, Papa Francesco ha ricevuto i vescovi della Conferenza episcopale spagnola, nell&#8217;Aula Nuova del Sinodo, insieme ai responsabili del Dicastero per il Clero della Santa Sede, per rendere conto dell&#8217;esito della visita apostolica ai seminari spagnoli che si \u00e8 svolta nel primo trimestre del 2023.<\/p>\n<p>Nel pomeriggio, nell&#8217;auditorium del Pontificio Collegio Spagnolo San Jos\u00e9 a Roma, si \u00e8 tenuta una conferenza stampa per presentare i dettagli dell&#8217;incontro dei membri della Conferenza Episcopale Spagnola (CEE) con Papa Francesco e i responsabili del Dicastero per il Clero. Alla presentazione hanno partecipato il cardinale Juan Jos\u00e9 Omella, presidente della CEE, monsignor Francisco C\u00e9sar Garc\u00eda Mag\u00e1n, segretario generale della CEE, e monsignor Jes\u00fas Vidal, presidente della Sottocommissione episcopale per i seminari.<\/p>\n<p>Durante la conferenza stampa, i Vescovi hanno avuto un lungo colloquio con il Santo Padre sui seminari e sulla formazione necessaria. Hanno poi ricevuto il documento di lavoro preparato dal Dicastero per il Clero.<\/p>\n<p><strong>Cinque ore di riunione<\/strong><\/p>\n<p>La CEE ha riferito che l&#8217;incontro \u00e8 iniziato alle 8 del mattino con un momento di preghiera guidato dal cardinale Raniero Cantalamessa, predicatore della Casa Pontificia, che ha tenuto una meditazione basata sull&#8217;evento della Pentecoste, sulla necessit\u00e0 e l&#8217;importanza dell&#8217;incontro personale con Ges\u00f9 Cristo per i sacerdoti e i seminaristi. Durante la meditazione, il Santo Padre si \u00e8 unito all&#8217;incontro.<\/p>\n<p>Dopo la meditazione, il presidente della CEE, cardinale Juan Jos\u00e9 Omella, ha salutato il Santo Padre e lo ha ringraziato per l&#8217;invito a questo incontro e per la sua visita apostolica.<\/p>\n<p>Subito dopo, si \u00e8 svolto un ampio dialogo di oltre due ore con Papa Francesco, incentrato sulla questione dei seminari. Sono stati discussi temi come la formazione in seminario, l&#8217;esperienza pastorale dei seminaristi e l&#8217;importanza delle varie dimensioni della formazione (pastorale, spirituale, teologica, umana, ecc.).<\/p>\n<p><strong>Conclusioni del documento di lavoro<\/strong><\/p>\n<p>L&#8217;incontro con il Santo Padre \u00e8 stato seguito da un incontro con i membri del Dicastero per il Clero, che hanno presentato ai Vescovi spagnoli le conclusioni del documento di lavoro.<\/p>\n<p>I membri del Dicastero hanno sottolineato i punti importanti che il testo per la formazione dei seminaristi, approvato dalla Conferenza episcopale, gi\u00e0 include e sui quali si dovrebbe insistere in futuro.<\/p>\n<p>Sulla base del testo, \u00e8 stato avviato un dialogo tra i vescovi spagnoli e i membri del Dicastero per sviluppare le suddette raccomandazioni, che mirano a formare sacerdoti missionari per una Chiesa in movimento. Il vescovo Jes\u00fas Vidal, presidente della Sottocommissione episcopale per i seminari, \u00e8 stato nominato vescovo di riferimento per questo processo di discernimento e promozione della formazione nei seminari.<\/p>\n<p>Il documento di lavoro ha evidenziato alcuni dei criteri indicati nella &#8220;Ratio fundamentalis&#8221; dei seminari spagnoli, intitolata &#8220;Formare pastori missionari&#8221;. Il documento richiede che, nei prossimi anni, questo progetto venga affrontato con flessibilit\u00e0, senza rigidit\u00e0, adattandolo alle circostanze di ogni provincia ecclesiastica, diocesi, ecc.<\/p>\n<p>I responsabili del Dicastero hanno espresso la loro disponibilit\u00e0 a collaborare allo sviluppo di queste misure nelle varie diocesi e seminari.<\/p>\n<p><strong>La visita apostolica ai seminari<\/strong><\/p>\n<p>Il Dicastero per il Clero ha promosso anche la visita apostolica ai seminari spagnoli, affidata a due vescovi uruguaiani: monsignor Arturo Eduardo Fajardo, vescovo di Salto, e monsignor Milton Luis Tr\u00f3ccoli, vescovo di Maldonado-Punta del Este &#8211; Minas.<\/p>\n<p>La visita si \u00e8 svolta tra l&#8217;11 gennaio e il 3 marzo 2023. Durante questo periodo hanno visitato i 55 centri di formazione spagnoli, nonch\u00e9 il Collegio Internazionale Bidasoa e il Centro di Formazione di Comillas.<\/p>\n<p>Al loro arrivo in Spagna, i visitatori sono stati accolti dal Presidente della Commissione episcopale per il Clero e i Seminari, Mons. Joan Enric Vives, Arcivescovo di La Seo de Urgell, e dal Presidente della Sottocommissione per i Seminari, Mons. Jes\u00fas Vidal, Vescovo ausiliare di Madrid, nonch\u00e9 dai segretari della Commissione e della Sottocommissione presso la Conferenza episcopale, Juan Carlos Mateos e Sergio Requena. Le visite si sono svolte in due percorsi simultanei, ciascuno con uno dei vescovi in visita.<\/p>\n<p><strong>I seminari spagnoli<\/strong><\/p>\n<p>In Spagna ci sono 86 seminari, distribuiti in varie case di formazione. C&#8217;\u00e8 un seminario interdiocesano in Catalogna, 14 seminari che ospitano seminaristi di altre diocesi nelle loro case di formazione e 40 seminari che ospitano i propri seminaristi. Di questi 40, 29 sono seminari diocesani e 15 sono seminari <em>Redemptoris Mater<\/em>. Esiste anche una comunit\u00e0 formativa di una realt\u00e0 ecclesiale diocesana.<\/p>\n","protected":false},"excerpt":{"rendered":"<p>Incontro dei membri della Conferenza Episcopale e dei responsabili del Dicastero per il Clero della Santa Sede<\/p>\n","protected":false},"author":17,"featured_media":89120,"comment_status":"closed","ping_status":"closed","sticky":false,"template":"","format":"standard","meta":{"_acf_changed":false,"_crdt_document":"","inline_featured_image":false,"footnotes":""},"categories":[73,67],"tags":[6544,1092,251,4522,936,4952],"class_list":["post-89157","post","type-post","status-publish","format-standard","has-post-thumbnail","hentry","category-chiesa-e-mondo","category-leone-xiv","tag-conferenza-episcopale","tag-evangelizzazione","tag-papa-francesco","tag-seminaristi","tag-spagna","tag-trending-it"],"acf":[],"yoast_head":"<!-- This site is optimized with the Yoast SEO plugin v27.5 - https:\/\/yoast.com\/product\/yoast-seo-wordpress\/ -->\n<title>Il Papa incontra i vescovi spagnoli &#8211; Exaudi<\/title>\n<meta name=\"robots\" content=\"index, follow, max-snippet:-1, max-image-preview:large, max-video-preview:-1\" \/>\n<link rel=\"canonical\" href=\"https:\/\/exaudi.org\/it\/il-papa-incontra-i-vescovi-spagnoli\/\" \/>\n<meta property=\"og:locale\" content=\"it_IT\" \/>\n<meta property=\"og:type\" content=\"article\" \/>\n<meta property=\"og:title\" content=\"Il Papa incontra i vescovi spagnoli &#8211; Exaudi\" \/>\n<meta property=\"og:description\" content=\"Incontro dei membri della Conferenza Episcopale e dei responsabili del Dicastero per il Clero della Santa Sede\" \/>\n<meta property=\"og:url\" content=\"https:\/\/exaudi.org\/it\/il-papa-incontra-i-vescovi-spagnoli\/\" \/>\n<meta property=\"og:site_name\" content=\"Exaudi\" \/>\n<meta property=\"article:publisher\" content=\"https:\/\/www.facebook.com\/ExaudiNews\" \/>\n<meta property=\"article:author\" content=\"https:\/\/www.facebook.com\/ExaudiNotizie\/\" \/>\n<meta property=\"article:published_time\" content=\"2023-11-28T17:55:39+00:00\" \/>\n<meta property=\"article:modified_time\" content=\"2023-11-29T03:18:11+00:00\" \/>\n<meta property=\"og:image\" content=\"https:\/\/exaudi.org\/wp-content\/uploads\/2023\/11\/cq5dam.thumbnail.cropped.750.422-34.jpeg\" \/>\n\t<meta property=\"og:image:width\" content=\"750\" \/>\n\t<meta property=\"og:image:height\" content=\"422\" \/>\n\t<meta property=\"og:image:type\" content=\"image\/jpeg\" \/>\n<meta name=\"author\" content=\"Exaudi Redazione\" \/>\n<meta name=\"twitter:card\" content=\"summary_large_image\" \/>\n<meta name=\"twitter:creator\" content=\"@Exaudi_Notizie\" \/>\n<meta name=\"twitter:site\" content=\"@Exaudi_News\" \/>\n<meta name=\"twitter:label1\" content=\"Scritto da\" \/>\n\t<meta name=\"twitter:data1\" content=\"Exaudi Redazione\" \/>\n\t<meta name=\"twitter:label2\" content=\"Tempo di lettura stimato\" \/>\n\t<meta name=\"twitter:data2\" content=\"3 minuti\" \/>\n<script type=\"application\/ld+json\" class=\"yoast-schema-graph\">{\"@context\":\"https:\\\/\\\/schema.org\",\"@graph\":[{\"@type\":\"Article\",\"@id\":\"https:\\\/\\\/exaudi.org\\\/it\\\/il-papa-incontra-i-vescovi-spagnoli\\\/#article\",\"isPartOf\":{\"@id\":\"https:\\\/\\\/exaudi.org\\\/it\\\/il-papa-incontra-i-vescovi-spagnoli\\\/\"},\"author\":{\"name\":\"Exaudi Redazione\",\"@id\":\"https:\\\/\\\/exaudi.org\\\/#\\\/schema\\\/person\\\/e1ab6ed07c01774724dd96f925f3a5f0\"},\"headline\":\"Il Papa incontra i vescovi spagnoli\",\"datePublished\":\"2023-11-28T17:55:39+00:00\",\"dateModified\":\"2023-11-29T03:18:11+00:00\",\"mainEntityOfPage\":{\"@id\":\"https:\\\/\\\/exaudi.org\\\/it\\\/il-papa-incontra-i-vescovi-spagnoli\\\/\"},\"wordCount\":716,\"image\":{\"@id\":\"https:\\\/\\\/exaudi.org\\\/it\\\/il-papa-incontra-i-vescovi-spagnoli\\\/#primaryimage\"},\"thumbnailUrl\":\"https:\\\/\\\/exaudi.org\\\/wp-content\\\/uploads\\\/2023\\\/11\\\/cq5dam.thumbnail.cropped.750.422-34.jpeg\",\"keywords\":[\"conferenza episcopale\",\"evangelizzazione\",\"Papa Francesco\",\"seminaristi\",\"Spagna\",\"Trending\"],\"articleSection\":[\"Chiesa e Mondo\",\"Leone XIV\"],\"inLanguage\":\"it-IT\"},{\"@type\":\"WebPage\",\"@id\":\"https:\\\/\\\/exaudi.org\\\/it\\\/il-papa-incontra-i-vescovi-spagnoli\\\/\",\"url\":\"https:\\\/\\\/exaudi.org\\\/it\\\/il-papa-incontra-i-vescovi-spagnoli\\\/\",\"name\":\"Il Papa incontra i vescovi spagnoli &#8211; Exaudi\",\"isPartOf\":{\"@id\":\"https:\\\/\\\/exaudi.org\\\/#website\"},\"primaryImageOfPage\":{\"@id\":\"https:\\\/\\\/exaudi.org\\\/it\\\/il-papa-incontra-i-vescovi-spagnoli\\\/#primaryimage\"},\"image\":{\"@id\":\"https:\\\/\\\/exaudi.org\\\/it\\\/il-papa-incontra-i-vescovi-spagnoli\\\/#primaryimage\"},\"thumbnailUrl\":\"https:\\\/\\\/exaudi.org\\\/wp-content\\\/uploads\\\/2023\\\/11\\\/cq5dam.thumbnail.cropped.750.422-34.jpeg\",\"datePublished\":\"2023-11-28T17:55:39+00:00\",\"dateModified\":\"2023-11-29T03:18:11+00:00\",\"author\":{\"@id\":\"https:\\\/\\\/exaudi.org\\\/#\\\/schema\\\/person\\\/e1ab6ed07c01774724dd96f925f3a5f0\"},\"breadcrumb\":{\"@id\":\"https:\\\/\\\/exaudi.org\\\/it\\\/il-papa-incontra-i-vescovi-spagnoli\\\/#breadcrumb\"},\"inLanguage\":\"it-IT\",\"potentialAction\":[{\"@type\":\"ReadAction\",\"target\":[\"https:\\\/\\\/exaudi.org\\\/it\\\/il-papa-incontra-i-vescovi-spagnoli\\\/\"]}]},{\"@type\":\"ImageObject\",\"inLanguage\":\"it-IT\",\"@id\":\"https:\\\/\\\/exaudi.org\\\/it\\\/il-papa-incontra-i-vescovi-spagnoli\\\/#primaryimage\",\"url\":\"https:\\\/\\\/exaudi.org\\\/wp-content\\\/uploads\\\/2023\\\/11\\\/cq5dam.thumbnail.cropped.750.422-34.jpeg\",\"contentUrl\":\"https:\\\/\\\/exaudi.org\\\/wp-content\\\/uploads\\\/2023\\\/11\\\/cq5dam.thumbnail.cropped.750.422-34.jpeg\",\"width\":750,\"height\":422},{\"@type\":\"BreadcrumbList\",\"@id\":\"https:\\\/\\\/exaudi.org\\\/it\\\/il-papa-incontra-i-vescovi-spagnoli\\\/#breadcrumb\",\"itemListElement\":[{\"@type\":\"ListItem\",\"position\":1,\"name\":\"Portada\",\"item\":\"https:\\\/\\\/exaudi.org\\\/it\\\/\"},{\"@type\":\"ListItem\",\"position\":2,\"name\":\"Il Papa incontra i vescovi spagnoli\"}]},{\"@type\":\"WebSite\",\"@id\":\"https:\\\/\\\/exaudi.org\\\/#website\",\"url\":\"https:\\\/\\\/exaudi.org\\\/\",\"name\":\"Exaudi\",\"description\":\"News\",\"potentialAction\":[{\"@type\":\"SearchAction\",\"target\":{\"@type\":\"EntryPoint\",\"urlTemplate\":\"https:\\\/\\\/exaudi.org\\\/?s={search_term_string}\"},\"query-input\":{\"@type\":\"PropertyValueSpecification\",\"valueRequired\":true,\"valueName\":\"search_term_string\"}}],\"inLanguage\":\"it-IT\"},{\"@type\":\"Person\",\"@id\":\"https:\\\/\\\/exaudi.org\\\/#\\\/schema\\\/person\\\/e1ab6ed07c01774724dd96f925f3a5f0\",\"name\":\"Exaudi Redazione\",\"image\":{\"@type\":\"ImageObject\",\"inLanguage\":\"it-IT\",\"@id\":\"https:\\\/\\\/secure.gravatar.com\\\/avatar\\\/ad6774b3ada023bf5b939d64f45c94b3adf91502dd883507d469b4308a943bb3?s=96&d=mm&r=g\",\"url\":\"https:\\\/\\\/secure.gravatar.com\\\/avatar\\\/ad6774b3ada023bf5b939d64f45c94b3adf91502dd883507d469b4308a943bb3?s=96&d=mm&r=g\",\"contentUrl\":\"https:\\\/\\\/secure.gravatar.com\\\/avatar\\\/ad6774b3ada023bf5b939d64f45c94b3adf91502dd883507d469b4308a943bb3?s=96&d=mm&r=g\",\"caption\":\"Exaudi Redazione\"},\"description\":\"Che cosa \u00e8 Exaudi News? Exaudi News \u00e8 un agenzia cattolica internazionale che informa, istruisce e trasforma quotidianamente in spagnolo, inglese e italiano. Attraverso notizie, articoli di analisi e trasmissioni in diretta degli eventi del Papa, Exaudi cerca di rafforzare l'unit\u00e0 dei cristiani e di contribuire all'evangelizzazione del mondo, sempre guidato dalla dottrina sociale della Chiesa. Lavoriamo per portare la verit\u00e0 e i valori cristiani in ogni angolo del pianeta. Aiutaci a trasformare il mondo con Exaudi! Noi di Exaudi crediamo che l'evangelizzazione e l'informazione di qualit\u00e0 possano cambiare la vita. Per continuare la nostra missione ed espandere la nostra portata, abbiamo bisogno del tuo aiuto. Stiamo anche cercando persone motivate che vogliano unirsi al nostro team. Grazie al vostro sostegno raggiungeremo pi\u00f9 persone, diffonderemo il messaggio di Cristo e rafforzeremo l'unit\u00e0 dei cristiani. Vuoi unirti alla nostra missione? Per maggiori informazioni su come contribuire, visita Exaudi.org\\\/it o contattaci direttamente: info@exaudi.org Exaudi: informa, forma e trasforma.\",\"sameAs\":[\"https:\\\/\\\/www.facebook.com\\\/ExaudiNotizie\\\/\",\"https:\\\/\\\/www.instagram.com\\\/Exaudi_notizie\\\/\",\"https:\\\/\\\/x.com\\\/Exaudi_Notizie\",\"https:\\\/\\\/www.youtube.com\\\/@exaudicatholicnews\"],\"url\":\"https:\\\/\\\/exaudi.org\\\/it\\\/author\\\/dlvedi-org\\\/\"}]}<\/script>\n<!-- \/ Yoast SEO plugin. -->","yoast_head_json":{"title":"Il Papa incontra i vescovi spagnoli &#8211; Exaudi","robots":{"index":"index","follow":"follow","max-snippet":"max-snippet:-1","max-image-preview":"max-image-preview:large","max-video-preview":"max-video-preview:-1"},"canonical":"https:\/\/exaudi.org\/it\/il-papa-incontra-i-vescovi-spagnoli\/","og_locale":"it_IT","og_type":"article","og_title":"Il Papa incontra i vescovi spagnoli &#8211; Exaudi","og_description":"Incontro dei membri della Conferenza Episcopale e dei responsabili del Dicastero per il Clero della Santa Sede","og_url":"https:\/\/exaudi.org\/it\/il-papa-incontra-i-vescovi-spagnoli\/","og_site_name":"Exaudi","article_publisher":"https:\/\/www.facebook.com\/ExaudiNews","article_author":"https:\/\/www.facebook.com\/ExaudiNotizie\/","article_published_time":"2023-11-28T17:55:39+00:00","article_modified_time":"2023-11-29T03:18:11+00:00","og_image":[{"width":750,"height":422,"url":"https:\/\/exaudi.org\/wp-content\/uploads\/2023\/11\/cq5dam.thumbnail.cropped.750.422-34.jpeg","type":"image\/jpeg"}],"author":"Exaudi Redazione","twitter_card":"summary_large_image","twitter_creator":"@Exaudi_Notizie","twitter_site":"@Exaudi_News","twitter_misc":{"Scritto da":"Exaudi Redazione","Tempo di lettura stimato":"3 minuti"},"schema":{"@context":"https:\/\/schema.org","@graph":[{"@type":"Article","@id":"https:\/\/exaudi.org\/it\/il-papa-incontra-i-vescovi-spagnoli\/#article","isPartOf":{"@id":"https:\/\/exaudi.org\/it\/il-papa-incontra-i-vescovi-spagnoli\/"},"author":{"name":"Exaudi Redazione","@id":"https:\/\/exaudi.org\/#\/schema\/person\/e1ab6ed07c01774724dd96f925f3a5f0"},"headline":"Il Papa incontra i vescovi spagnoli","datePublished":"2023-11-28T17:55:39+00:00","dateModified":"2023-11-29T03:18:11+00:00","mainEntityOfPage":{"@id":"https:\/\/exaudi.org\/it\/il-papa-incontra-i-vescovi-spagnoli\/"},"wordCount":716,"image":{"@id":"https:\/\/exaudi.org\/it\/il-papa-incontra-i-vescovi-spagnoli\/#primaryimage"},"thumbnailUrl":"https:\/\/exaudi.org\/wp-content\/uploads\/2023\/11\/cq5dam.thumbnail.cropped.750.422-34.jpeg","keywords":["conferenza episcopale","evangelizzazione","Papa Francesco","seminaristi","Spagna","Trending"],"articleSection":["Chiesa e Mondo","Leone XIV"],"inLanguage":"it-IT"},{"@type":"WebPage","@id":"https:\/\/exaudi.org\/it\/il-papa-incontra-i-vescovi-spagnoli\/","url":"https:\/\/exaudi.org\/it\/il-papa-incontra-i-vescovi-spagnoli\/","name":"Il Papa incontra i vescovi spagnoli &#8211; Exaudi","isPartOf":{"@id":"https:\/\/exaudi.org\/#website"},"primaryImageOfPage":{"@id":"https:\/\/exaudi.org\/it\/il-papa-incontra-i-vescovi-spagnoli\/#primaryimage"},"image":{"@id":"https:\/\/exaudi.org\/it\/il-papa-incontra-i-vescovi-spagnoli\/#primaryimage"},"thumbnailUrl":"https:\/\/exaudi.org\/wp-content\/uploads\/2023\/11\/cq5dam.thumbnail.cropped.750.422-34.jpeg","datePublished":"2023-11-28T17:55:39+00:00","dateModified":"2023-11-29T03:18:11+00:00","author":{"@id":"https:\/\/exaudi.org\/#\/schema\/person\/e1ab6ed07c01774724dd96f925f3a5f0"},"breadcrumb":{"@id":"https:\/\/exaudi.org\/it\/il-papa-incontra-i-vescovi-spagnoli\/#breadcrumb"},"inLanguage":"it-IT","potentialAction":[{"@type":"ReadAction","target":["https:\/\/exaudi.org\/it\/il-papa-incontra-i-vescovi-spagnoli\/"]}]},{"@type":"ImageObject","inLanguage":"it-IT","@id":"https:\/\/exaudi.org\/it\/il-papa-incontra-i-vescovi-spagnoli\/#primaryimage","url":"https:\/\/exaudi.org\/wp-content\/uploads\/2023\/11\/cq5dam.thumbnail.cropped.750.422-34.jpeg","contentUrl":"https:\/\/exaudi.org\/wp-content\/uploads\/2023\/11\/cq5dam.thumbnail.cropped.750.422-34.jpeg","width":750,"height":422},{"@type":"BreadcrumbList","@id":"https:\/\/exaudi.org\/it\/il-papa-incontra-i-vescovi-spagnoli\/#breadcrumb","itemListElement":[{"@type":"ListItem","position":1,"name":"Portada","item":"https:\/\/exaudi.org\/it\/"},{"@type":"ListItem","position":2,"name":"Il Papa incontra i vescovi spagnoli"}]},{"@type":"WebSite","@id":"https:\/\/exaudi.org\/#website","url":"https:\/\/exaudi.org\/","name":"Exaudi","description":"News","potentialAction":[{"@type":"SearchAction","target":{"@type":"EntryPoint","urlTemplate":"https:\/\/exaudi.org\/?s={search_term_string}"},"query-input":{"@type":"PropertyValueSpecification","valueRequired":true,"valueName":"search_term_string"}}],"inLanguage":"it-IT"},{"@type":"Person","@id":"https:\/\/exaudi.org\/#\/schema\/person\/e1ab6ed07c01774724dd96f925f3a5f0","name":"Exaudi Redazione","image":{"@type":"ImageObject","inLanguage":"it-IT","@id":"https:\/\/secure.gravatar.com\/avatar\/ad6774b3ada023bf5b939d64f45c94b3adf91502dd883507d469b4308a943bb3?s=96&d=mm&r=g","url":"https:\/\/secure.gravatar.com\/avatar\/ad6774b3ada023bf5b939d64f45c94b3adf91502dd883507d469b4308a943bb3?s=96&d=mm&r=g","contentUrl":"https:\/\/secure.gravatar.com\/avatar\/ad6774b3ada023bf5b939d64f45c94b3adf91502dd883507d469b4308a943bb3?s=96&d=mm&r=g","caption":"Exaudi Redazione"},"description":"Che cosa \u00e8 Exaudi News? Exaudi News \u00e8 un agenzia cattolica internazionale che informa, istruisce e trasforma quotidianamente in spagnolo, inglese e italiano. Attraverso notizie, articoli di analisi e trasmissioni in diretta degli eventi del Papa, Exaudi cerca di rafforzare l'unit\u00e0 dei cristiani e di contribuire all'evangelizzazione del mondo, sempre guidato dalla dottrina sociale della Chiesa. Lavoriamo per portare la verit\u00e0 e i valori cristiani in ogni angolo del pianeta. Aiutaci a trasformare il mondo con Exaudi! Noi di Exaudi crediamo che l'evangelizzazione e l'informazione di qualit\u00e0 possano cambiare la vita. Per continuare la nostra missione ed espandere la nostra portata, abbiamo bisogno del tuo aiuto. Stiamo anche cercando persone motivate che vogliano unirsi al nostro team. Grazie al vostro sostegno raggiungeremo pi\u00f9 persone, diffonderemo il messaggio di Cristo e rafforzeremo l'unit\u00e0 dei cristiani. Vuoi unirti alla nostra missione? Per maggiori informazioni su come contribuire, visita Exaudi.org\/it o contattaci direttamente: info@exaudi.org Exaudi: informa, forma e trasforma.","sameAs":["https:\/\/www.facebook.com\/ExaudiNotizie\/","https:\/\/www.instagram.com\/Exaudi_notizie\/","https:\/\/x.com\/Exaudi_Notizie","https:\/\/www.youtube.com\/@exaudicatholicnews"],"url":"https:\/\/exaudi.org\/it\/author\/dlvedi-org\/"}]}},"jetpack_featured_media_url":"https:\/\/exaudi.org\/wp-content\/uploads\/2023\/11\/cq5dam.thumbnail.cropped.750.422-34.jpeg","jetpack_shortlink":"https:\/\/wp.me\/pgKjF2-nc1","_links":{"self":[{"href":"https:\/\/exaudi.org\/it\/wp-json\/wp\/v2\/posts\/89157","targetHints":{"allow":["GET"]}}],"collection":[{"href":"https:\/\/exaudi.org\/it\/wp-json\/wp\/v2\/posts"}],"about":[{"href":"https:\/\/exaudi.org\/it\/wp-json\/wp\/v2\/types\/post"}],"author":[{"embeddable":true,"href":"https:\/\/exaudi.org\/it\/wp-json\/wp\/v2\/users\/17"}],"replies":[{"embeddable":true,"href":"https:\/\/exaudi.org\/it\/wp-json\/wp\/v2\/comments?post=89157"}],"version-history":[{"count":0,"href":"https:\/\/exaudi.org\/it\/wp-json\/wp\/v2\/posts\/89157\/revisions"}],"wp:featuredmedia":[{"embeddable":true,"href":"https:\/\/exaudi.org\/it\/wp-json\/wp\/v2\/media\/89120"}],"wp:attachment":[{"href":"https:\/\/exaudi.org\/it\/wp-json\/wp\/v2\/media?parent=89157"}],"wp:term":[{"taxonomy":"category","embeddable":true,"href":"https:\/\/exaudi.org\/it\/wp-json\/wp\/v2\/categories?post=89157"},{"taxonomy":"post_tag","embeddable":true,"href":"https:\/\/exaudi.org\/it\/wp-json\/wp\/v2\/tags?post=89157"}],"curies":[{"name":"wp","href":"https:\/\/api.w.org\/{rel}","templated":true}]}}