{"id":89148,"date":"2023-11-28T18:05:24","date_gmt":"2023-11-28T17:05:24","guid":{"rendered":"https:\/\/exaudi.org\/?p=89148"},"modified":"2023-11-28T18:05:24","modified_gmt":"2023-11-28T17:05:24","slug":"il-papa-intenzione-di-preghiera-per-il-mese-di-dicembre","status":"publish","type":"post","link":"https:\/\/exaudi.org\/it\/il-papa-intenzione-di-preghiera-per-il-mese-di-dicembre\/","title":{"rendered":"Il Papa intenzione di preghiera per il mese di dicembre"},"content":{"rendered":"<p>Pubblichiamo di seguito il testo del Video del Santo Padre con l\u2019intenzione di preghiera per il mese di dicembre diffusa attraverso la Rete Mondiale di Preghiera del Papa sul tema \u201cPer le persone con disabilit\u00e0\u201d: Preghiamo perch\u00e9 le persone con disabilit\u00e0 siano al centro dell\u2019attenzione della societ\u00e0, e le istituzioni promuovano programmi di inclusione che valorizzino la loro partecipazione attiva:<\/p>\n<p><strong>Testo del Video del Santo Padre<\/strong><\/p>\n<p>Tra i pi\u00f9 fragili in mezzo a noi ci sono le persone con disabilit\u00e0.<\/p>\n<p>Alcune di loro sperimentano un rifiuto, basato sull&#8217;ignoranza o basato sui pregiudizi, che li trasforma in emarginati.<\/p>\n<p>Le istituzioni civili devono sostenere i loro progetti attraverso l\u2019accesso all\u2019educazione, all\u2019occupazione e agli ambiti in cui si esprime la creativit\u00e0.<\/p>\n<p>C\u2019\u00e8 bisogno di programmi, di iniziative, che favoriscano l\u2019inclusione.<\/p>\n<p>Soprattutto, c\u2019\u00e8 bisogno di cuori grandi che siano disposti ad accompagnare.<\/p>\n<p>Si tratta di cambiare un po\u2019 la nostra mentalit\u00e0 per aprirci ai contributi e ai talenti di queste persone con diverse abilit\u00e0, sia nella societ\u00e0 che nella vita della Chiesa.<\/p>\n<p>E quindi, creare una parrocchia completamente accessibile non significa solo eliminare le barriere fisiche, ma anche capire che dobbiamo smettere di parlare di \u201cloro\u201d e cominciare a parlare di \u201cnoi\u201d.<\/p>\n<p>Preghiamo perch\u00e9 le persone con disabilit\u00e0 siano al centro dell\u2019attenzione della societ\u00e0, e le istituzioni promuovano programmi di inclusione che valorizzino la loro partecipazione attiva.<\/p>\n<p>&nbsp;<\/p>\n<p><iframe loading=\"lazy\" title=\"DICEMBRE: PER LE PERSONE CON DISABILIT\u00c0\" width=\"500\" height=\"281\" src=\"https:\/\/www.youtube.com\/embed\/wTPhvPo42dg?feature=oembed\" frameborder=\"0\" allow=\"accelerometer; autoplay; clipboard-write; encrypted-media; gyroscope; picture-in-picture; web-share\" referrerpolicy=\"strict-origin-when-cross-origin\" allowfullscreen><\/iframe><\/p>\n<p>&nbsp;<\/p>\n<p>&nbsp;<\/p>\n","protected":false},"excerpt":{"rendered":"<p>Video diffusa attraverso la Rete Mondiale di Preghiera<\/p>\n","protected":false},"author":17,"featured_media":43287,"comment_status":"closed","ping_status":"closed","sticky":false,"template":"","format":"standard","meta":{"_acf_changed":false,"_crdt_document":"","inline_featured_image":false,"footnotes":""},"categories":[67],"tags":[4999,11169,251,578,4952],"class_list":["post-89148","post","type-post","status-publish","format-standard","has-post-thumbnail","hentry","category-leone-xiv","tag-disabilita","tag-messaggio-video","tag-papa-francesco","tag-preghiera","tag-trending-it"],"acf":[],"yoast_head":"<!-- This site is optimized with the Yoast SEO plugin v27.5 - https:\/\/yoast.com\/product\/yoast-seo-wordpress\/ -->\n<title>Il Papa intenzione di preghiera per il mese di dicembre &#8211; Exaudi<\/title>\n<meta name=\"robots\" content=\"index, follow, max-snippet:-1, max-image-preview:large, max-video-preview:-1\" \/>\n<link rel=\"canonical\" href=\"https:\/\/exaudi.org\/it\/il-papa-intenzione-di-preghiera-per-il-mese-di-dicembre\/\" \/>\n<meta property=\"og:locale\" content=\"it_IT\" \/>\n<meta property=\"og:type\" content=\"article\" \/>\n<meta property=\"og:title\" content=\"Il Papa intenzione di preghiera per il mese di dicembre &#8211; Exaudi\" \/>\n<meta property=\"og:description\" content=\"Video diffusa attraverso la Rete Mondiale di Preghiera\" \/>\n<meta property=\"og:url\" content=\"https:\/\/exaudi.org\/it\/il-papa-intenzione-di-preghiera-per-il-mese-di-dicembre\/\" \/>\n<meta property=\"og:site_name\" content=\"Exaudi\" \/>\n<meta property=\"article:publisher\" content=\"https:\/\/www.facebook.com\/ExaudiNews\" \/>\n<meta property=\"article:author\" content=\"https:\/\/www.facebook.com\/ExaudiNotizie\/\" \/>\n<meta property=\"article:published_time\" content=\"2023-11-28T17:05:24+00:00\" \/>\n<meta property=\"og:image\" content=\"https:\/\/exaudi.org\/wp-content\/uploads\/2021\/11\/cq5dam.thumbnail.cropped.1500.844-7.jpeg\" \/>\n\t<meta property=\"og:image:width\" content=\"1500\" \/>\n\t<meta property=\"og:image:height\" content=\"844\" \/>\n\t<meta property=\"og:image:type\" content=\"image\/jpeg\" \/>\n<meta name=\"author\" content=\"Exaudi Redazione\" \/>\n<meta name=\"twitter:card\" content=\"summary_large_image\" \/>\n<meta name=\"twitter:creator\" content=\"@Exaudi_Notizie\" \/>\n<meta name=\"twitter:site\" content=\"@Exaudi_News\" \/>\n<meta name=\"twitter:label1\" content=\"Scritto da\" \/>\n\t<meta name=\"twitter:data1\" content=\"Exaudi Redazione\" \/>\n\t<meta name=\"twitter:label2\" content=\"Tempo di lettura stimato\" \/>\n\t<meta name=\"twitter:data2\" content=\"1 minuto\" \/>\n<script type=\"application\/ld+json\" class=\"yoast-schema-graph\">{\"@context\":\"https:\\\/\\\/schema.org\",\"@graph\":[{\"@type\":\"Article\",\"@id\":\"https:\\\/\\\/exaudi.org\\\/it\\\/il-papa-intenzione-di-preghiera-per-il-mese-di-dicembre\\\/#article\",\"isPartOf\":{\"@id\":\"https:\\\/\\\/exaudi.org\\\/it\\\/il-papa-intenzione-di-preghiera-per-il-mese-di-dicembre\\\/\"},\"author\":{\"name\":\"Exaudi Redazione\",\"@id\":\"https:\\\/\\\/exaudi.org\\\/#\\\/schema\\\/person\\\/e1ab6ed07c01774724dd96f925f3a5f0\"},\"headline\":\"Il Papa intenzione di preghiera per il mese di dicembre\",\"datePublished\":\"2023-11-28T17:05:24+00:00\",\"mainEntityOfPage\":{\"@id\":\"https:\\\/\\\/exaudi.org\\\/it\\\/il-papa-intenzione-di-preghiera-per-il-mese-di-dicembre\\\/\"},\"wordCount\":251,\"image\":{\"@id\":\"https:\\\/\\\/exaudi.org\\\/it\\\/il-papa-intenzione-di-preghiera-per-il-mese-di-dicembre\\\/#primaryimage\"},\"thumbnailUrl\":\"https:\\\/\\\/exaudi.org\\\/wp-content\\\/uploads\\\/2021\\\/11\\\/cq5dam.thumbnail.cropped.1500.844-7.jpeg\",\"keywords\":[\"disabilit\u00e0\",\"MESSAGGIO VIDEO\",\"Papa Francesco\",\"preghiera\",\"Trending\"],\"articleSection\":[\"Leone XIV\"],\"inLanguage\":\"it-IT\"},{\"@type\":\"WebPage\",\"@id\":\"https:\\\/\\\/exaudi.org\\\/it\\\/il-papa-intenzione-di-preghiera-per-il-mese-di-dicembre\\\/\",\"url\":\"https:\\\/\\\/exaudi.org\\\/it\\\/il-papa-intenzione-di-preghiera-per-il-mese-di-dicembre\\\/\",\"name\":\"Il Papa intenzione di preghiera per il mese di dicembre &#8211; Exaudi\",\"isPartOf\":{\"@id\":\"https:\\\/\\\/exaudi.org\\\/#website\"},\"primaryImageOfPage\":{\"@id\":\"https:\\\/\\\/exaudi.org\\\/it\\\/il-papa-intenzione-di-preghiera-per-il-mese-di-dicembre\\\/#primaryimage\"},\"image\":{\"@id\":\"https:\\\/\\\/exaudi.org\\\/it\\\/il-papa-intenzione-di-preghiera-per-il-mese-di-dicembre\\\/#primaryimage\"},\"thumbnailUrl\":\"https:\\\/\\\/exaudi.org\\\/wp-content\\\/uploads\\\/2021\\\/11\\\/cq5dam.thumbnail.cropped.1500.844-7.jpeg\",\"datePublished\":\"2023-11-28T17:05:24+00:00\",\"author\":{\"@id\":\"https:\\\/\\\/exaudi.org\\\/#\\\/schema\\\/person\\\/e1ab6ed07c01774724dd96f925f3a5f0\"},\"breadcrumb\":{\"@id\":\"https:\\\/\\\/exaudi.org\\\/it\\\/il-papa-intenzione-di-preghiera-per-il-mese-di-dicembre\\\/#breadcrumb\"},\"inLanguage\":\"it-IT\",\"potentialAction\":[{\"@type\":\"ReadAction\",\"target\":[\"https:\\\/\\\/exaudi.org\\\/it\\\/il-papa-intenzione-di-preghiera-per-il-mese-di-dicembre\\\/\"]}]},{\"@type\":\"ImageObject\",\"inLanguage\":\"it-IT\",\"@id\":\"https:\\\/\\\/exaudi.org\\\/it\\\/il-papa-intenzione-di-preghiera-per-il-mese-di-dicembre\\\/#primaryimage\",\"url\":\"https:\\\/\\\/exaudi.org\\\/wp-content\\\/uploads\\\/2021\\\/11\\\/cq5dam.thumbnail.cropped.1500.844-7.jpeg\",\"contentUrl\":\"https:\\\/\\\/exaudi.org\\\/wp-content\\\/uploads\\\/2021\\\/11\\\/cq5dam.thumbnail.cropped.1500.844-7.jpeg\",\"width\":1500,\"height\":844,\"caption\":\"\u00a9 Vatican Media\"},{\"@type\":\"BreadcrumbList\",\"@id\":\"https:\\\/\\\/exaudi.org\\\/it\\\/il-papa-intenzione-di-preghiera-per-il-mese-di-dicembre\\\/#breadcrumb\",\"itemListElement\":[{\"@type\":\"ListItem\",\"position\":1,\"name\":\"Portada\",\"item\":\"https:\\\/\\\/exaudi.org\\\/it\\\/\"},{\"@type\":\"ListItem\",\"position\":2,\"name\":\"Il Papa intenzione di preghiera per il mese di dicembre\"}]},{\"@type\":\"WebSite\",\"@id\":\"https:\\\/\\\/exaudi.org\\\/#website\",\"url\":\"https:\\\/\\\/exaudi.org\\\/\",\"name\":\"Exaudi\",\"description\":\"News\",\"potentialAction\":[{\"@type\":\"SearchAction\",\"target\":{\"@type\":\"EntryPoint\",\"urlTemplate\":\"https:\\\/\\\/exaudi.org\\\/?s={search_term_string}\"},\"query-input\":{\"@type\":\"PropertyValueSpecification\",\"valueRequired\":true,\"valueName\":\"search_term_string\"}}],\"inLanguage\":\"it-IT\"},{\"@type\":\"Person\",\"@id\":\"https:\\\/\\\/exaudi.org\\\/#\\\/schema\\\/person\\\/e1ab6ed07c01774724dd96f925f3a5f0\",\"name\":\"Exaudi Redazione\",\"image\":{\"@type\":\"ImageObject\",\"inLanguage\":\"it-IT\",\"@id\":\"https:\\\/\\\/secure.gravatar.com\\\/avatar\\\/ad6774b3ada023bf5b939d64f45c94b3adf91502dd883507d469b4308a943bb3?s=96&d=mm&r=g\",\"url\":\"https:\\\/\\\/secure.gravatar.com\\\/avatar\\\/ad6774b3ada023bf5b939d64f45c94b3adf91502dd883507d469b4308a943bb3?s=96&d=mm&r=g\",\"contentUrl\":\"https:\\\/\\\/secure.gravatar.com\\\/avatar\\\/ad6774b3ada023bf5b939d64f45c94b3adf91502dd883507d469b4308a943bb3?s=96&d=mm&r=g\",\"caption\":\"Exaudi Redazione\"},\"description\":\"Che cosa \u00e8 Exaudi News? Exaudi News \u00e8 un agenzia cattolica internazionale che informa, istruisce e trasforma quotidianamente in spagnolo, inglese e italiano. Attraverso notizie, articoli di analisi e trasmissioni in diretta degli eventi del Papa, Exaudi cerca di rafforzare l'unit\u00e0 dei cristiani e di contribuire all'evangelizzazione del mondo, sempre guidato dalla dottrina sociale della Chiesa. Lavoriamo per portare la verit\u00e0 e i valori cristiani in ogni angolo del pianeta. Aiutaci a trasformare il mondo con Exaudi! Noi di Exaudi crediamo che l'evangelizzazione e l'informazione di qualit\u00e0 possano cambiare la vita. Per continuare la nostra missione ed espandere la nostra portata, abbiamo bisogno del tuo aiuto. Stiamo anche cercando persone motivate che vogliano unirsi al nostro team. Grazie al vostro sostegno raggiungeremo pi\u00f9 persone, diffonderemo il messaggio di Cristo e rafforzeremo l'unit\u00e0 dei cristiani. Vuoi unirti alla nostra missione? Per maggiori informazioni su come contribuire, visita Exaudi.org\\\/it o contattaci direttamente: info@exaudi.org Exaudi: informa, forma e trasforma.\",\"sameAs\":[\"https:\\\/\\\/www.facebook.com\\\/ExaudiNotizie\\\/\",\"https:\\\/\\\/www.instagram.com\\\/Exaudi_notizie\\\/\",\"https:\\\/\\\/x.com\\\/Exaudi_Notizie\",\"https:\\\/\\\/www.youtube.com\\\/@exaudicatholicnews\"],\"url\":\"https:\\\/\\\/exaudi.org\\\/it\\\/author\\\/dlvedi-org\\\/\"}]}<\/script>\n<!-- \/ Yoast SEO plugin. -->","yoast_head_json":{"title":"Il Papa intenzione di preghiera per il mese di dicembre &#8211; Exaudi","robots":{"index":"index","follow":"follow","max-snippet":"max-snippet:-1","max-image-preview":"max-image-preview:large","max-video-preview":"max-video-preview:-1"},"canonical":"https:\/\/exaudi.org\/it\/il-papa-intenzione-di-preghiera-per-il-mese-di-dicembre\/","og_locale":"it_IT","og_type":"article","og_title":"Il Papa intenzione di preghiera per il mese di dicembre &#8211; Exaudi","og_description":"Video diffusa attraverso la Rete Mondiale di Preghiera","og_url":"https:\/\/exaudi.org\/it\/il-papa-intenzione-di-preghiera-per-il-mese-di-dicembre\/","og_site_name":"Exaudi","article_publisher":"https:\/\/www.facebook.com\/ExaudiNews","article_author":"https:\/\/www.facebook.com\/ExaudiNotizie\/","article_published_time":"2023-11-28T17:05:24+00:00","og_image":[{"width":1500,"height":844,"url":"https:\/\/exaudi.org\/wp-content\/uploads\/2021\/11\/cq5dam.thumbnail.cropped.1500.844-7.jpeg","type":"image\/jpeg"}],"author":"Exaudi Redazione","twitter_card":"summary_large_image","twitter_creator":"@Exaudi_Notizie","twitter_site":"@Exaudi_News","twitter_misc":{"Scritto da":"Exaudi Redazione","Tempo di lettura stimato":"1 minuto"},"schema":{"@context":"https:\/\/schema.org","@graph":[{"@type":"Article","@id":"https:\/\/exaudi.org\/it\/il-papa-intenzione-di-preghiera-per-il-mese-di-dicembre\/#article","isPartOf":{"@id":"https:\/\/exaudi.org\/it\/il-papa-intenzione-di-preghiera-per-il-mese-di-dicembre\/"},"author":{"name":"Exaudi Redazione","@id":"https:\/\/exaudi.org\/#\/schema\/person\/e1ab6ed07c01774724dd96f925f3a5f0"},"headline":"Il Papa intenzione di preghiera per il mese di dicembre","datePublished":"2023-11-28T17:05:24+00:00","mainEntityOfPage":{"@id":"https:\/\/exaudi.org\/it\/il-papa-intenzione-di-preghiera-per-il-mese-di-dicembre\/"},"wordCount":251,"image":{"@id":"https:\/\/exaudi.org\/it\/il-papa-intenzione-di-preghiera-per-il-mese-di-dicembre\/#primaryimage"},"thumbnailUrl":"https:\/\/exaudi.org\/wp-content\/uploads\/2021\/11\/cq5dam.thumbnail.cropped.1500.844-7.jpeg","keywords":["disabilit\u00e0","MESSAGGIO VIDEO","Papa Francesco","preghiera","Trending"],"articleSection":["Leone XIV"],"inLanguage":"it-IT"},{"@type":"WebPage","@id":"https:\/\/exaudi.org\/it\/il-papa-intenzione-di-preghiera-per-il-mese-di-dicembre\/","url":"https:\/\/exaudi.org\/it\/il-papa-intenzione-di-preghiera-per-il-mese-di-dicembre\/","name":"Il Papa intenzione di preghiera per il mese di dicembre &#8211; Exaudi","isPartOf":{"@id":"https:\/\/exaudi.org\/#website"},"primaryImageOfPage":{"@id":"https:\/\/exaudi.org\/it\/il-papa-intenzione-di-preghiera-per-il-mese-di-dicembre\/#primaryimage"},"image":{"@id":"https:\/\/exaudi.org\/it\/il-papa-intenzione-di-preghiera-per-il-mese-di-dicembre\/#primaryimage"},"thumbnailUrl":"https:\/\/exaudi.org\/wp-content\/uploads\/2021\/11\/cq5dam.thumbnail.cropped.1500.844-7.jpeg","datePublished":"2023-11-28T17:05:24+00:00","author":{"@id":"https:\/\/exaudi.org\/#\/schema\/person\/e1ab6ed07c01774724dd96f925f3a5f0"},"breadcrumb":{"@id":"https:\/\/exaudi.org\/it\/il-papa-intenzione-di-preghiera-per-il-mese-di-dicembre\/#breadcrumb"},"inLanguage":"it-IT","potentialAction":[{"@type":"ReadAction","target":["https:\/\/exaudi.org\/it\/il-papa-intenzione-di-preghiera-per-il-mese-di-dicembre\/"]}]},{"@type":"ImageObject","inLanguage":"it-IT","@id":"https:\/\/exaudi.org\/it\/il-papa-intenzione-di-preghiera-per-il-mese-di-dicembre\/#primaryimage","url":"https:\/\/exaudi.org\/wp-content\/uploads\/2021\/11\/cq5dam.thumbnail.cropped.1500.844-7.jpeg","contentUrl":"https:\/\/exaudi.org\/wp-content\/uploads\/2021\/11\/cq5dam.thumbnail.cropped.1500.844-7.jpeg","width":1500,"height":844,"caption":"\u00a9 Vatican Media"},{"@type":"BreadcrumbList","@id":"https:\/\/exaudi.org\/it\/il-papa-intenzione-di-preghiera-per-il-mese-di-dicembre\/#breadcrumb","itemListElement":[{"@type":"ListItem","position":1,"name":"Portada","item":"https:\/\/exaudi.org\/it\/"},{"@type":"ListItem","position":2,"name":"Il Papa intenzione di preghiera per il mese di dicembre"}]},{"@type":"WebSite","@id":"https:\/\/exaudi.org\/#website","url":"https:\/\/exaudi.org\/","name":"Exaudi","description":"News","potentialAction":[{"@type":"SearchAction","target":{"@type":"EntryPoint","urlTemplate":"https:\/\/exaudi.org\/?s={search_term_string}"},"query-input":{"@type":"PropertyValueSpecification","valueRequired":true,"valueName":"search_term_string"}}],"inLanguage":"it-IT"},{"@type":"Person","@id":"https:\/\/exaudi.org\/#\/schema\/person\/e1ab6ed07c01774724dd96f925f3a5f0","name":"Exaudi Redazione","image":{"@type":"ImageObject","inLanguage":"it-IT","@id":"https:\/\/secure.gravatar.com\/avatar\/ad6774b3ada023bf5b939d64f45c94b3adf91502dd883507d469b4308a943bb3?s=96&d=mm&r=g","url":"https:\/\/secure.gravatar.com\/avatar\/ad6774b3ada023bf5b939d64f45c94b3adf91502dd883507d469b4308a943bb3?s=96&d=mm&r=g","contentUrl":"https:\/\/secure.gravatar.com\/avatar\/ad6774b3ada023bf5b939d64f45c94b3adf91502dd883507d469b4308a943bb3?s=96&d=mm&r=g","caption":"Exaudi Redazione"},"description":"Che cosa \u00e8 Exaudi News? Exaudi News \u00e8 un agenzia cattolica internazionale che informa, istruisce e trasforma quotidianamente in spagnolo, inglese e italiano. Attraverso notizie, articoli di analisi e trasmissioni in diretta degli eventi del Papa, Exaudi cerca di rafforzare l'unit\u00e0 dei cristiani e di contribuire all'evangelizzazione del mondo, sempre guidato dalla dottrina sociale della Chiesa. Lavoriamo per portare la verit\u00e0 e i valori cristiani in ogni angolo del pianeta. Aiutaci a trasformare il mondo con Exaudi! Noi di Exaudi crediamo che l'evangelizzazione e l'informazione di qualit\u00e0 possano cambiare la vita. Per continuare la nostra missione ed espandere la nostra portata, abbiamo bisogno del tuo aiuto. Stiamo anche cercando persone motivate che vogliano unirsi al nostro team. Grazie al vostro sostegno raggiungeremo pi\u00f9 persone, diffonderemo il messaggio di Cristo e rafforzeremo l'unit\u00e0 dei cristiani. Vuoi unirti alla nostra missione? Per maggiori informazioni su come contribuire, visita Exaudi.org\/it o contattaci direttamente: info@exaudi.org Exaudi: informa, forma e trasforma.","sameAs":["https:\/\/www.facebook.com\/ExaudiNotizie\/","https:\/\/www.instagram.com\/Exaudi_notizie\/","https:\/\/x.com\/Exaudi_Notizie","https:\/\/www.youtube.com\/@exaudicatholicnews"],"url":"https:\/\/exaudi.org\/it\/author\/dlvedi-org\/"}]}},"jetpack_featured_media_url":"https:\/\/exaudi.org\/wp-content\/uploads\/2021\/11\/cq5dam.thumbnail.cropped.1500.844-7.jpeg","jetpack_shortlink":"https:\/\/wp.me\/pgKjF2-nbS","_links":{"self":[{"href":"https:\/\/exaudi.org\/it\/wp-json\/wp\/v2\/posts\/89148","targetHints":{"allow":["GET"]}}],"collection":[{"href":"https:\/\/exaudi.org\/it\/wp-json\/wp\/v2\/posts"}],"about":[{"href":"https:\/\/exaudi.org\/it\/wp-json\/wp\/v2\/types\/post"}],"author":[{"embeddable":true,"href":"https:\/\/exaudi.org\/it\/wp-json\/wp\/v2\/users\/17"}],"replies":[{"embeddable":true,"href":"https:\/\/exaudi.org\/it\/wp-json\/wp\/v2\/comments?post=89148"}],"version-history":[{"count":0,"href":"https:\/\/exaudi.org\/it\/wp-json\/wp\/v2\/posts\/89148\/revisions"}],"wp:featuredmedia":[{"embeddable":true,"href":"https:\/\/exaudi.org\/it\/wp-json\/wp\/v2\/media\/43287"}],"wp:attachment":[{"href":"https:\/\/exaudi.org\/it\/wp-json\/wp\/v2\/media?parent=89148"}],"wp:term":[{"taxonomy":"category","embeddable":true,"href":"https:\/\/exaudi.org\/it\/wp-json\/wp\/v2\/categories?post=89148"},{"taxonomy":"post_tag","embeddable":true,"href":"https:\/\/exaudi.org\/it\/wp-json\/wp\/v2\/tags?post=89148"}],"curies":[{"name":"wp","href":"https:\/\/api.w.org\/{rel}","templated":true}]}}