{"id":88798,"date":"2023-11-25T18:28:05","date_gmt":"2023-11-25T17:28:05","guid":{"rendered":"https:\/\/exaudi.org\/?p=88798"},"modified":"2023-11-26T00:04:27","modified_gmt":"2023-11-25T23:04:27","slug":"santa-caterina-dalessandria-la-verita-incontra-la-fede","status":"publish","type":"post","link":"https:\/\/exaudi.org\/it\/santa-caterina-dalessandria-la-verita-incontra-la-fede\/","title":{"rendered":"Santa Caterina d&#8217;Alessandria: La verit\u00e0 incontra la fede"},"content":{"rendered":"<p>Il sacerdote Gonzalo Mart\u00edn condivide con i lettori di Exaudi questo articolo sulla figura di Santa Caterina d&#8217;Alessandria, la verit\u00e0 nell&#8217;incontro con la fede, la cui festa si celebra oggi, 25 novembre.<\/p>\n<p>***<\/p>\n<p>&#8220;Dio onnipotente ed eterno, che hai dato al tuo popolo la vergine e incontrastata martire Santa Caterina, concedici, per sua intercessione, di essere rafforzati in una fede costante e di lavorare instancabilmente per l&#8217;unit\u00e0 della Chiesa&#8221;. Cos\u00ec prega la Chiesa nel giorno della memoria di Santa Caterina d&#8217;Alessandria, ogni 25 novembre, per chiedere quella forza che ogni cristiano dovrebbe avere, sull&#8217;esempio della martire, per testimoniare il nostro Salvatore.<\/p>\n<p>Tutto ci\u00f2 che circonda questa santa \u00e8 una storia che esalta le virt\u00f9 di questa giovane donna intelligente e saggia che, cercando e difendendo la verit\u00e0, non solo ha vissuto la fede, ma l&#8217;ha anche testimoniata, fino al martirio, di fronte ai potenti e agli intellettuali del tempo. La tradizione ci racconta di una giovane donna intelligente e bella, nata in una famiglia nobile di Alessandria. Era una grande conoscitrice delle correnti filosofiche del tempo e un&#8217;instancabile ricercatrice della verit\u00e0, cosa che le fece scoprire la fede cristiana, che la port\u00f2 non solo a farsi battezzare, ma anche a consacrare tutta la sua vita nella verginit\u00e0 a Cristo.<\/p>\n<p>Non conosciamo la veridicit\u00e0 della sua storia, ma tutti concordano sul fatto che in una festa pagana davanti all&#8217;imperatore Massenzio si dovevano offrire sacrifici agli dei, ai quali Caterina non solo non fece alcuna offerta, ma si fece il segno della croce davanti a tutti. Inizia cos\u00ec il suo rituale di martirio, mentre si rivolge all&#8217;imperatore sfidandolo a conoscere Dio attraverso un dibattito.<\/p>\n<p>L&#8217;imperatore invi\u00f2 i suoi saggi, che non riescono a sconfiggere Caterina, che parla eloquentemente di Dio e persino colui che doveva essere convertito al paganesimo, \u00e8 colui che converte gli interlocutori alla fede cristiana. Questo fa arrabbiare lo stesso imperatore, creandosi molti nemici che, non potendo sconfiggerla con la dialettica, tentano di farlo con le armi, con l&#8217;approvazione dell&#8217;imperatore che, mosso dall&#8217;ira, ordina di porre fine alla sua vita.<\/p>\n<p>Il suo martirio \u00e8 noto come &#8220;martirio della ruota&#8221;, in quanto fu incastrata in una ruota di punte che, attraversando il suo corpo, saltavano e ferivano non la santa, ma i suoi carnefici. Quando non riuscirono a ucciderla, la decapitarono con una spada, tagliandole la testa. Anche se prima di morire, e in prigione, non smise di testimoniare la fede, convertendo persino un ufficiale e molti soldati.<\/p>\n<p>Le sue spoglie riposano sul Monte Sinai, nel monastero che porta il suo nome. \u00c8 considerata la patrona dei filosofi, degli studenti e delle persone che lavorano con le ruote. Secondo alcuni &#8220;atti&#8221; ritrovati in riferimento alla santa, si dice che fin da giovane si fosse distinta per intelligenza e bellezza, e che molti nobili e ricchi volessero sposarla, al che Caterina rispose ai suoi parenti: &#8220;se volete che mi sposi, trovatemi qualcuno che mi eguagli in bellezza ed erudizione&#8221;.<\/p>\n<p>Attraverso un&#8217;anacoreta, Caterina ebbe un sogno, una visione, in cui scopr\u00ec chi era lo Sposo, superiore a lei in tutto, che andava a braccetto con la Vergine Maria. Cos\u00ec la santa, vergine e martire scopr\u00ec che la sua vita doveva essere impegnata in Cristo e l&#8217;unico obiettivo che la entusiasmava e la riempiva di pace era vivere per Cristo. La sua vita fu una continua conoscenza della Verit\u00e0 e una profonda esperienza di fede, dimostrando che pu\u00f2 esistere un solo saggio, il Creatore di tutto, che con la sua perfezione \u00e8 ben al di sopra di tutti quegli dei pagani che cercavano di dimostrare a Caterina la loro esistenza, ma che lei con la sua eloquenza, verit\u00e0 e fede, dimostrava che i loro ragionamenti sulla religione pagana non reggevano. E uno dopo l&#8217;altro li confut\u00f2, convincendo e convertendo molti dei suoi interlocutori.<\/p>\n<p>Nell&#8217;anno 527, l&#8217;imperatore Giustiniano costru\u00ec un monastero fortificato per gli eremiti del Sinai, dove, si dice, furono trasferite le presunte reliquie della Santa nell&#8217;VIII o IX secolo. Possiamo dire, in questo giorno di Santa Caterina d&#8217;Alessandria, che fu quella donna bella e intelligente che cerc\u00f2 la Verit\u00e0 che \u00e8 Cristo e difese e diffuse la fede che lei stessa incontr\u00f2 lungo il cammino, fino a dare la propria vita nel martirio.<\/p>\n","protected":false},"excerpt":{"rendered":"<p>Instancabile cercatrice di verit\u00e0<\/p>\n","protected":false},"author":46,"featured_media":42950,"comment_status":"closed","ping_status":"closed","sticky":false,"template":"","format":"standard","meta":{"_acf_changed":false,"_crdt_document":"","inline_featured_image":false,"footnotes":""},"categories":[73,95],"tags":[11118,4952],"class_list":["post-88798","post","type-post","status-publish","format-standard","has-post-thumbnail","hentry","category-chiesa-e-mondo","category-spiritualita","tag-santa-catalina-dalessandria","tag-trending-it"],"acf":[],"yoast_head":"<!-- This site is optimized with the Yoast SEO plugin v27.5 - https:\/\/yoast.com\/product\/yoast-seo-wordpress\/ -->\n<title>Santa Caterina d&#039;Alessandria: La verit\u00e0 incontra la fede &#8211; Exaudi<\/title>\n<meta name=\"robots\" content=\"index, follow, max-snippet:-1, max-image-preview:large, max-video-preview:-1\" \/>\n<link rel=\"canonical\" href=\"https:\/\/exaudi.org\/it\/santa-caterina-dalessandria-la-verita-incontra-la-fede\/\" \/>\n<meta property=\"og:locale\" content=\"it_IT\" \/>\n<meta property=\"og:type\" content=\"article\" \/>\n<meta property=\"og:title\" content=\"Santa Caterina d&#039;Alessandria: La verit\u00e0 incontra la fede &#8211; Exaudi\" \/>\n<meta property=\"og:description\" content=\"Instancabile cercatrice di verit\u00e0\" \/>\n<meta property=\"og:url\" content=\"https:\/\/exaudi.org\/it\/santa-caterina-dalessandria-la-verita-incontra-la-fede\/\" \/>\n<meta property=\"og:site_name\" content=\"Exaudi\" \/>\n<meta property=\"article:publisher\" content=\"https:\/\/www.facebook.com\/ExaudiNews\" \/>\n<meta property=\"article:published_time\" content=\"2023-11-25T17:28:05+00:00\" \/>\n<meta property=\"article:modified_time\" content=\"2023-11-25T23:04:27+00:00\" \/>\n<meta property=\"og:image\" content=\"https:\/\/exaudi.org\/wp-content\/uploads\/2021\/11\/santa-catalina-de-alejandria.jpeg\" \/>\n\t<meta property=\"og:image:width\" content=\"600\" \/>\n\t<meta property=\"og:image:height\" content=\"413\" \/>\n\t<meta property=\"og:image:type\" content=\"image\/jpeg\" \/>\n<meta name=\"author\" content=\"Gonzalo Mart\u00edn\" \/>\n<meta name=\"twitter:card\" content=\"summary_large_image\" \/>\n<meta name=\"twitter:creator\" content=\"@Exaudi_News\" \/>\n<meta name=\"twitter:site\" content=\"@Exaudi_News\" \/>\n<meta name=\"twitter:label1\" content=\"Scritto da\" \/>\n\t<meta name=\"twitter:data1\" content=\"Gonzalo Mart\u00edn\" \/>\n\t<meta name=\"twitter:label2\" content=\"Tempo di lettura stimato\" \/>\n\t<meta name=\"twitter:data2\" content=\"3 minuti\" \/>\n<script type=\"application\/ld+json\" class=\"yoast-schema-graph\">{\"@context\":\"https:\\\/\\\/schema.org\",\"@graph\":[{\"@type\":\"Article\",\"@id\":\"https:\\\/\\\/exaudi.org\\\/it\\\/santa-caterina-dalessandria-la-verita-incontra-la-fede\\\/#article\",\"isPartOf\":{\"@id\":\"https:\\\/\\\/exaudi.org\\\/it\\\/santa-caterina-dalessandria-la-verita-incontra-la-fede\\\/\"},\"author\":{\"name\":\"Gonzalo Mart\u00edn\",\"@id\":\"https:\\\/\\\/exaudi.org\\\/#\\\/schema\\\/person\\\/f26dcac362a7ded7622a730ecc4dc2d9\"},\"headline\":\"Santa Caterina d&#8217;Alessandria: La verit\u00e0 incontra la fede\",\"datePublished\":\"2023-11-25T17:28:05+00:00\",\"dateModified\":\"2023-11-25T23:04:27+00:00\",\"mainEntityOfPage\":{\"@id\":\"https:\\\/\\\/exaudi.org\\\/it\\\/santa-caterina-dalessandria-la-verita-incontra-la-fede\\\/\"},\"wordCount\":721,\"image\":{\"@id\":\"https:\\\/\\\/exaudi.org\\\/it\\\/santa-caterina-dalessandria-la-verita-incontra-la-fede\\\/#primaryimage\"},\"thumbnailUrl\":\"https:\\\/\\\/exaudi.org\\\/wp-content\\\/uploads\\\/2021\\\/11\\\/santa-catalina-de-alejandria.jpeg\",\"keywords\":[\"SANTA CATALINA D'ALESSANDRIA\",\"Trending\"],\"articleSection\":[\"Chiesa e Mondo\",\"Spiritualit\u00e0\"],\"inLanguage\":\"it-IT\"},{\"@type\":\"WebPage\",\"@id\":\"https:\\\/\\\/exaudi.org\\\/it\\\/santa-caterina-dalessandria-la-verita-incontra-la-fede\\\/\",\"url\":\"https:\\\/\\\/exaudi.org\\\/it\\\/santa-caterina-dalessandria-la-verita-incontra-la-fede\\\/\",\"name\":\"Santa Caterina d'Alessandria: La verit\u00e0 incontra la fede &#8211; Exaudi\",\"isPartOf\":{\"@id\":\"https:\\\/\\\/exaudi.org\\\/#website\"},\"primaryImageOfPage\":{\"@id\":\"https:\\\/\\\/exaudi.org\\\/it\\\/santa-caterina-dalessandria-la-verita-incontra-la-fede\\\/#primaryimage\"},\"image\":{\"@id\":\"https:\\\/\\\/exaudi.org\\\/it\\\/santa-caterina-dalessandria-la-verita-incontra-la-fede\\\/#primaryimage\"},\"thumbnailUrl\":\"https:\\\/\\\/exaudi.org\\\/wp-content\\\/uploads\\\/2021\\\/11\\\/santa-catalina-de-alejandria.jpeg\",\"datePublished\":\"2023-11-25T17:28:05+00:00\",\"dateModified\":\"2023-11-25T23:04:27+00:00\",\"author\":{\"@id\":\"https:\\\/\\\/exaudi.org\\\/#\\\/schema\\\/person\\\/f26dcac362a7ded7622a730ecc4dc2d9\"},\"breadcrumb\":{\"@id\":\"https:\\\/\\\/exaudi.org\\\/it\\\/santa-caterina-dalessandria-la-verita-incontra-la-fede\\\/#breadcrumb\"},\"inLanguage\":\"it-IT\",\"potentialAction\":[{\"@type\":\"ReadAction\",\"target\":[\"https:\\\/\\\/exaudi.org\\\/it\\\/santa-caterina-dalessandria-la-verita-incontra-la-fede\\\/\"]}]},{\"@type\":\"ImageObject\",\"inLanguage\":\"it-IT\",\"@id\":\"https:\\\/\\\/exaudi.org\\\/it\\\/santa-caterina-dalessandria-la-verita-incontra-la-fede\\\/#primaryimage\",\"url\":\"https:\\\/\\\/exaudi.org\\\/wp-content\\\/uploads\\\/2021\\\/11\\\/santa-catalina-de-alejandria.jpeg\",\"contentUrl\":\"https:\\\/\\\/exaudi.org\\\/wp-content\\\/uploads\\\/2021\\\/11\\\/santa-catalina-de-alejandria.jpeg\",\"width\":600,\"height\":413,\"caption\":\"\u00a9 Santo Portal\"},{\"@type\":\"BreadcrumbList\",\"@id\":\"https:\\\/\\\/exaudi.org\\\/it\\\/santa-caterina-dalessandria-la-verita-incontra-la-fede\\\/#breadcrumb\",\"itemListElement\":[{\"@type\":\"ListItem\",\"position\":1,\"name\":\"Portada\",\"item\":\"https:\\\/\\\/exaudi.org\\\/it\\\/\"},{\"@type\":\"ListItem\",\"position\":2,\"name\":\"Santa Caterina d&#8217;Alessandria: La verit\u00e0 incontra la fede\"}]},{\"@type\":\"WebSite\",\"@id\":\"https:\\\/\\\/exaudi.org\\\/#website\",\"url\":\"https:\\\/\\\/exaudi.org\\\/\",\"name\":\"Exaudi\",\"description\":\"News\",\"potentialAction\":[{\"@type\":\"SearchAction\",\"target\":{\"@type\":\"EntryPoint\",\"urlTemplate\":\"https:\\\/\\\/exaudi.org\\\/?s={search_term_string}\"},\"query-input\":{\"@type\":\"PropertyValueSpecification\",\"valueRequired\":true,\"valueName\":\"search_term_string\"}}],\"inLanguage\":\"it-IT\"},{\"@type\":\"Person\",\"@id\":\"https:\\\/\\\/exaudi.org\\\/#\\\/schema\\\/person\\\/f26dcac362a7ded7622a730ecc4dc2d9\",\"name\":\"Gonzalo Mart\u00edn\",\"image\":{\"@type\":\"ImageObject\",\"inLanguage\":\"it-IT\",\"@id\":\"https:\\\/\\\/secure.gravatar.com\\\/avatar\\\/f5020362ecf7c46f4b9fba164ff73e52b02299e2d568cf23274ba641c877656e?s=96&d=mm&r=g\",\"url\":\"https:\\\/\\\/secure.gravatar.com\\\/avatar\\\/f5020362ecf7c46f4b9fba164ff73e52b02299e2d568cf23274ba641c877656e?s=96&d=mm&r=g\",\"contentUrl\":\"https:\\\/\\\/secure.gravatar.com\\\/avatar\\\/f5020362ecf7c46f4b9fba164ff73e52b02299e2d568cf23274ba641c877656e?s=96&d=mm&r=g\",\"caption\":\"Gonzalo Mart\u00edn\"},\"description\":\"Sacerdote. Ordenado el 23 diciembre 1990 por el cardenal D. Marcelo en Toledo. Licenciado en Estudios Eclesi\u00e1sticos por la Facultad Teol\u00f3gica del Norte de Espa\u00f1a Sede en Burgos. P\u00e1rroco en Virgen del Carmen de Benalm\u00e1dena Costa, M\u00e1laga, Espa\u00f1a.\",\"url\":\"https:\\\/\\\/exaudi.org\\\/it\\\/author\\\/gonzalomartin\\\/\"}]}<\/script>\n<!-- \/ Yoast SEO plugin. -->","yoast_head_json":{"title":"Santa Caterina d'Alessandria: La verit\u00e0 incontra la fede &#8211; Exaudi","robots":{"index":"index","follow":"follow","max-snippet":"max-snippet:-1","max-image-preview":"max-image-preview:large","max-video-preview":"max-video-preview:-1"},"canonical":"https:\/\/exaudi.org\/it\/santa-caterina-dalessandria-la-verita-incontra-la-fede\/","og_locale":"it_IT","og_type":"article","og_title":"Santa Caterina d'Alessandria: La verit\u00e0 incontra la fede &#8211; Exaudi","og_description":"Instancabile cercatrice di verit\u00e0","og_url":"https:\/\/exaudi.org\/it\/santa-caterina-dalessandria-la-verita-incontra-la-fede\/","og_site_name":"Exaudi","article_publisher":"https:\/\/www.facebook.com\/ExaudiNews","article_published_time":"2023-11-25T17:28:05+00:00","article_modified_time":"2023-11-25T23:04:27+00:00","og_image":[{"width":600,"height":413,"url":"https:\/\/exaudi.org\/wp-content\/uploads\/2021\/11\/santa-catalina-de-alejandria.jpeg","type":"image\/jpeg"}],"author":"Gonzalo Mart\u00edn","twitter_card":"summary_large_image","twitter_creator":"@Exaudi_News","twitter_site":"@Exaudi_News","twitter_misc":{"Scritto da":"Gonzalo Mart\u00edn","Tempo di lettura stimato":"3 minuti"},"schema":{"@context":"https:\/\/schema.org","@graph":[{"@type":"Article","@id":"https:\/\/exaudi.org\/it\/santa-caterina-dalessandria-la-verita-incontra-la-fede\/#article","isPartOf":{"@id":"https:\/\/exaudi.org\/it\/santa-caterina-dalessandria-la-verita-incontra-la-fede\/"},"author":{"name":"Gonzalo Mart\u00edn","@id":"https:\/\/exaudi.org\/#\/schema\/person\/f26dcac362a7ded7622a730ecc4dc2d9"},"headline":"Santa Caterina d&#8217;Alessandria: La verit\u00e0 incontra la fede","datePublished":"2023-11-25T17:28:05+00:00","dateModified":"2023-11-25T23:04:27+00:00","mainEntityOfPage":{"@id":"https:\/\/exaudi.org\/it\/santa-caterina-dalessandria-la-verita-incontra-la-fede\/"},"wordCount":721,"image":{"@id":"https:\/\/exaudi.org\/it\/santa-caterina-dalessandria-la-verita-incontra-la-fede\/#primaryimage"},"thumbnailUrl":"https:\/\/exaudi.org\/wp-content\/uploads\/2021\/11\/santa-catalina-de-alejandria.jpeg","keywords":["SANTA CATALINA D'ALESSANDRIA","Trending"],"articleSection":["Chiesa e Mondo","Spiritualit\u00e0"],"inLanguage":"it-IT"},{"@type":"WebPage","@id":"https:\/\/exaudi.org\/it\/santa-caterina-dalessandria-la-verita-incontra-la-fede\/","url":"https:\/\/exaudi.org\/it\/santa-caterina-dalessandria-la-verita-incontra-la-fede\/","name":"Santa Caterina d'Alessandria: La verit\u00e0 incontra la fede &#8211; Exaudi","isPartOf":{"@id":"https:\/\/exaudi.org\/#website"},"primaryImageOfPage":{"@id":"https:\/\/exaudi.org\/it\/santa-caterina-dalessandria-la-verita-incontra-la-fede\/#primaryimage"},"image":{"@id":"https:\/\/exaudi.org\/it\/santa-caterina-dalessandria-la-verita-incontra-la-fede\/#primaryimage"},"thumbnailUrl":"https:\/\/exaudi.org\/wp-content\/uploads\/2021\/11\/santa-catalina-de-alejandria.jpeg","datePublished":"2023-11-25T17:28:05+00:00","dateModified":"2023-11-25T23:04:27+00:00","author":{"@id":"https:\/\/exaudi.org\/#\/schema\/person\/f26dcac362a7ded7622a730ecc4dc2d9"},"breadcrumb":{"@id":"https:\/\/exaudi.org\/it\/santa-caterina-dalessandria-la-verita-incontra-la-fede\/#breadcrumb"},"inLanguage":"it-IT","potentialAction":[{"@type":"ReadAction","target":["https:\/\/exaudi.org\/it\/santa-caterina-dalessandria-la-verita-incontra-la-fede\/"]}]},{"@type":"ImageObject","inLanguage":"it-IT","@id":"https:\/\/exaudi.org\/it\/santa-caterina-dalessandria-la-verita-incontra-la-fede\/#primaryimage","url":"https:\/\/exaudi.org\/wp-content\/uploads\/2021\/11\/santa-catalina-de-alejandria.jpeg","contentUrl":"https:\/\/exaudi.org\/wp-content\/uploads\/2021\/11\/santa-catalina-de-alejandria.jpeg","width":600,"height":413,"caption":"\u00a9 Santo Portal"},{"@type":"BreadcrumbList","@id":"https:\/\/exaudi.org\/it\/santa-caterina-dalessandria-la-verita-incontra-la-fede\/#breadcrumb","itemListElement":[{"@type":"ListItem","position":1,"name":"Portada","item":"https:\/\/exaudi.org\/it\/"},{"@type":"ListItem","position":2,"name":"Santa Caterina d&#8217;Alessandria: La verit\u00e0 incontra la fede"}]},{"@type":"WebSite","@id":"https:\/\/exaudi.org\/#website","url":"https:\/\/exaudi.org\/","name":"Exaudi","description":"News","potentialAction":[{"@type":"SearchAction","target":{"@type":"EntryPoint","urlTemplate":"https:\/\/exaudi.org\/?s={search_term_string}"},"query-input":{"@type":"PropertyValueSpecification","valueRequired":true,"valueName":"search_term_string"}}],"inLanguage":"it-IT"},{"@type":"Person","@id":"https:\/\/exaudi.org\/#\/schema\/person\/f26dcac362a7ded7622a730ecc4dc2d9","name":"Gonzalo Mart\u00edn","image":{"@type":"ImageObject","inLanguage":"it-IT","@id":"https:\/\/secure.gravatar.com\/avatar\/f5020362ecf7c46f4b9fba164ff73e52b02299e2d568cf23274ba641c877656e?s=96&d=mm&r=g","url":"https:\/\/secure.gravatar.com\/avatar\/f5020362ecf7c46f4b9fba164ff73e52b02299e2d568cf23274ba641c877656e?s=96&d=mm&r=g","contentUrl":"https:\/\/secure.gravatar.com\/avatar\/f5020362ecf7c46f4b9fba164ff73e52b02299e2d568cf23274ba641c877656e?s=96&d=mm&r=g","caption":"Gonzalo Mart\u00edn"},"description":"Sacerdote. Ordenado el 23 diciembre 1990 por el cardenal D. Marcelo en Toledo. Licenciado en Estudios Eclesi\u00e1sticos por la Facultad Teol\u00f3gica del Norte de Espa\u00f1a Sede en Burgos. P\u00e1rroco en Virgen del Carmen de Benalm\u00e1dena Costa, M\u00e1laga, Espa\u00f1a.","url":"https:\/\/exaudi.org\/it\/author\/gonzalomartin\/"}]}},"jetpack_featured_media_url":"https:\/\/exaudi.org\/wp-content\/uploads\/2021\/11\/santa-catalina-de-alejandria.jpeg","jetpack_shortlink":"https:\/\/wp.me\/pgKjF2-n6e","_links":{"self":[{"href":"https:\/\/exaudi.org\/it\/wp-json\/wp\/v2\/posts\/88798","targetHints":{"allow":["GET"]}}],"collection":[{"href":"https:\/\/exaudi.org\/it\/wp-json\/wp\/v2\/posts"}],"about":[{"href":"https:\/\/exaudi.org\/it\/wp-json\/wp\/v2\/types\/post"}],"author":[{"embeddable":true,"href":"https:\/\/exaudi.org\/it\/wp-json\/wp\/v2\/users\/46"}],"replies":[{"embeddable":true,"href":"https:\/\/exaudi.org\/it\/wp-json\/wp\/v2\/comments?post=88798"}],"version-history":[{"count":0,"href":"https:\/\/exaudi.org\/it\/wp-json\/wp\/v2\/posts\/88798\/revisions"}],"wp:featuredmedia":[{"embeddable":true,"href":"https:\/\/exaudi.org\/it\/wp-json\/wp\/v2\/media\/42950"}],"wp:attachment":[{"href":"https:\/\/exaudi.org\/it\/wp-json\/wp\/v2\/media?parent=88798"}],"wp:term":[{"taxonomy":"category","embeddable":true,"href":"https:\/\/exaudi.org\/it\/wp-json\/wp\/v2\/categories?post=88798"},{"taxonomy":"post_tag","embeddable":true,"href":"https:\/\/exaudi.org\/it\/wp-json\/wp\/v2\/tags?post=88798"}],"curies":[{"name":"wp","href":"https:\/\/api.w.org\/{rel}","templated":true}]}}