{"id":88746,"date":"2023-11-24T19:20:53","date_gmt":"2023-11-24T18:20:53","guid":{"rendered":"https:\/\/exaudi.org\/?p=88746"},"modified":"2023-11-25T17:21:09","modified_gmt":"2023-11-25T16:21:09","slug":"la-pubblicita-e-la-persona","status":"publish","type":"post","link":"https:\/\/exaudi.org\/it\/la-pubblicita-e-la-persona\/","title":{"rendered":"La pubblicit\u00e0 e la persona"},"content":{"rendered":"<p>Arriva il Natale e con esso le pubblicit\u00e0 dei marchi simbolo della nostra vita: El Almendro, Suchard, Loter\u00edas del Estado&#8230; ci ricordano che dobbiamo rispolverare il presepe e l&#8217;albero e gestire la nostra agenda per non morire nel tentativo di coprire cos\u00ec tanti eventi.<\/p>\n<p>Anno dopo anno, vedo come questi annunci cercano, e riescono, a raggiungere il cuore di molti. Sono le campagne che ottengono il maggior numero di visualizzazioni e generano il maggior numero di conversazioni nei network e non solo.<\/p>\n<p>E perch\u00e9 ci commuovono, perch\u00e9 ci toccano il cuore? Beh, lo fanno perch\u00e9 parlano di persone e alla persona. Perch\u00e9 parlano direttamente della natura dell&#8217;essere umano. A quella natura che la gente vuole negare nel tentativo di disumanizzarci, ma che \u00e8 l\u00ec, anche se cercano di convincerci del contrario, e cio\u00e8 che Dio ci ha fatti bene, non credete?<\/p>\n<p>Ci ha resi vulnerabili. Ci ha resi limitati. Ci ha resi piccoli&#8230; ci ha resi perfettamente imperfetti e va bene cos\u00ec. Siamo stati messi al mondo per amare ed essere amati e questo \u00e8 un dato di fatto. Non \u00e8 una questione di fede. Non \u00e8 una questione di fede, n\u00e9 di credere. \u00c8 la natura stessa della persona, che per quelli di noi che credono, naturalmente, parla e ci porta a Dio, ma per quelli che non credono \u00e8 anche un fatto e parla da s\u00e9. Quegli aneliti inscritti nei nostri cuori di bont\u00e0, di bene, di verit\u00e0 e di amore sono l\u00ec.<\/p>\n<p>I creativi pubblicitari, che ammiro profondamente dopo aver lavorato per molti anni nel mondo delle agenzie, sanno che per avere un impatto sul pubblico non c&#8217;\u00e8 niente di meglio che raggiungere il loro &#8220;io&#8221; pi\u00f9 profondo. Quell&#8217;io che desidera fare le cose bene. Che desidera essere amato cos\u00ec com&#8217;\u00e8 e vuole donarsi. A quell&#8217;io che vuole lasciare un segno in questo mondo ed essere ricordato dai suoi. A quell&#8217;io che non pu\u00f2 vivere senza un tu perch\u00e9 \u00e8 un essere relazionale e fatto per l&#8217;incontro con l&#8217;altro. A quell&#8217;io che viaggia alla ricerca del senso della sua vita, del suo perch\u00e9.<\/p>\n<p>Non ho ancora visto la pubblicit\u00e0 di El Almendro, ma ho visto quelle di Suchard e Loter\u00edas. In entrambe si parla dell&#8217;importanza di dare importanza a ci\u00f2 che \u00e8 importante, che non \u00e8 altro che la famiglia. E questo, che sembra uno scioglilingua, sembra essere negato al giorno d&#8217;oggi.<\/p>\n<p>&#8220;Abbiamo fatto bene?&#8221;, si chiedono i vecchietti nella pubblicit\u00e0 del torrone Mondelez. Una storia in cui ricordano e guardano la loro vita scorrere Natale dopo Natale e dove a comparire sono le PERSONE: i loro cari, la loro famiglia e i momenti vissuti insieme a loro. Non ci sono molte auto, molti orologi, molte case, molti soldi&#8230; e cosa definisce se la tua vita \u00e8 stata buona o di successo? Il mondo ci parla di accumulare cose, esperienze, denaro&#8230; ma \u00e8 un dato di fatto che un sacco rotto non potr\u00e0 mai essere riempito. Si pu\u00f2 cercare di riempire la propria vita con cose superflue e\/o materiali e, in realt\u00e0, essere molto poveri.<\/p>\n<p>Nella pubblicit\u00e0 si parla di ci\u00f2 che \u00e8 veramente vitale: una vita significativa \u00e8 una vita vissuta con amore e per amore e donata agli altri. Questa \u00e8 la famiglia. Il luogo in cui si vive donandosi l&#8217;un l&#8217;altro e facendolo nella verit\u00e0. Senza maschere e senza bisogno di fingere nulla. Cos\u00ec come siamo.<\/p>\n<p>E l\u00ec, in questa semplicit\u00e0 (che non \u00e8 facile), la pubblicit\u00e0 ha portato le lacrime agli occhi di molti.<\/p>\n<p>Vi invito a guardare anche il lungo spot Loter\u00edas di quest&#8217;anno. Il titolo \u00e8 &#8220;La fortuna che abbiamo&#8221;. Per me rafforza l&#8217;idea di quanto sono fortunata.<\/p>\n<p>La fortuna di sapere di essere amata. Sapere di essere unico e irripetibile. Molto piccolo e limitato, ma comunque il pi\u00f9 amato.<\/p>\n<p>La fortuna di sapere che sono figlio di Dio e di tutto ci\u00f2 che mi ha dato, a partire dalla mia famiglia. E nel mezzo per tutte le persone che ha messo sul mio cammino.<\/p>\n<p>E prima di salutarvi, vorrei fare una &#8220;caduta sul conto&#8221; e la faccio, per me la prima. Non dimentichiamo, per quanti eventi, lotterie, pubblicit\u00e0, regali, ecc&#8230;, quello che celebreremo molto presto: Dio si fa bambino e viene al mondo per dare la sua vita per ciascuno di noi.<\/p>\n<p>Non smettiamo di dirlo. Non lasciamo che il Natale si secolarizzi e perda il suo significato. Dio, senza aver bisogno di noi, ha voluto aver bisogno di noi e ci ha messo qui in questo momento storico, in questo luogo.<\/p>\n<p><em><strong>@sencillamentemarta<\/strong><\/em><\/p>\n","protected":false},"excerpt":{"rendered":"<p>Dio, senza aver bisogno di noi, ha voluto aver bisogno di noi e ci ha posti qui, in questo momento storico, in questo luogo<\/p>\n","protected":false},"author":129,"featured_media":88635,"comment_status":"closed","ping_status":"closed","sticky":false,"template":"","format":"standard","meta":{"_acf_changed":false,"_crdt_document":"","inline_featured_image":false,"footnotes":""},"categories":[129],"tags":[11105,4696,5772,11106,4952],"class_list":["post-88746","post","type-post","status-publish","format-standard","has-post-thumbnail","hentry","category-voci","tag-annunci","tag-natale","tag-persona","tag-pubblicita","tag-trending-it"],"acf":[],"yoast_head":"<!-- This site is optimized with the Yoast SEO plugin v27.5 - https:\/\/yoast.com\/product\/yoast-seo-wordpress\/ -->\n<title>La pubblicit\u00e0 e la persona &#8211; Exaudi<\/title>\n<meta name=\"robots\" content=\"index, follow, max-snippet:-1, max-image-preview:large, max-video-preview:-1\" \/>\n<link rel=\"canonical\" href=\"https:\/\/exaudi.org\/it\/la-pubblicita-e-la-persona\/\" \/>\n<meta property=\"og:locale\" content=\"it_IT\" \/>\n<meta property=\"og:type\" content=\"article\" \/>\n<meta property=\"og:title\" content=\"La pubblicit\u00e0 e la persona &#8211; Exaudi\" \/>\n<meta property=\"og:description\" content=\"Dio, senza aver bisogno di noi, ha voluto aver bisogno di noi e ci ha posti qui, in questo momento storico, in questo luogo\" \/>\n<meta property=\"og:url\" content=\"https:\/\/exaudi.org\/it\/la-pubblicita-e-la-persona\/\" \/>\n<meta property=\"og:site_name\" content=\"Exaudi\" \/>\n<meta property=\"article:publisher\" content=\"https:\/\/www.facebook.com\/ExaudiNews\" \/>\n<meta property=\"article:published_time\" content=\"2023-11-24T18:20:53+00:00\" \/>\n<meta property=\"article:modified_time\" content=\"2023-11-25T16:21:09+00:00\" \/>\n<meta property=\"og:image\" content=\"https:\/\/exaudi.org\/wp-content\/uploads\/2023\/11\/60cbbce76204b6366f05a22e00d30b17.jpg\" \/>\n\t<meta property=\"og:image:width\" content=\"1151\" \/>\n\t<meta property=\"og:image:height\" content=\"1200\" \/>\n\t<meta property=\"og:image:type\" content=\"image\/jpeg\" \/>\n<meta name=\"author\" content=\"Marta Luquero\" \/>\n<meta name=\"twitter:card\" content=\"summary_large_image\" \/>\n<meta name=\"twitter:creator\" content=\"@Exaudi_News\" \/>\n<meta name=\"twitter:site\" content=\"@Exaudi_News\" \/>\n<meta name=\"twitter:label1\" content=\"Scritto da\" \/>\n\t<meta name=\"twitter:data1\" content=\"Marta Luquero\" \/>\n\t<meta name=\"twitter:label2\" content=\"Tempo di lettura stimato\" \/>\n\t<meta name=\"twitter:data2\" content=\"4 minuti\" \/>\n<script type=\"application\/ld+json\" class=\"yoast-schema-graph\">{\"@context\":\"https:\\\/\\\/schema.org\",\"@graph\":[{\"@type\":\"Article\",\"@id\":\"https:\\\/\\\/exaudi.org\\\/it\\\/la-pubblicita-e-la-persona\\\/#article\",\"isPartOf\":{\"@id\":\"https:\\\/\\\/exaudi.org\\\/it\\\/la-pubblicita-e-la-persona\\\/\"},\"author\":{\"name\":\"Marta Luquero\",\"@id\":\"https:\\\/\\\/exaudi.org\\\/#\\\/schema\\\/person\\\/593e679cdac2ac955cdf94fd77952021\"},\"headline\":\"La pubblicit\u00e0 e la persona\",\"datePublished\":\"2023-11-24T18:20:53+00:00\",\"dateModified\":\"2023-11-25T16:21:09+00:00\",\"mainEntityOfPage\":{\"@id\":\"https:\\\/\\\/exaudi.org\\\/it\\\/la-pubblicita-e-la-persona\\\/\"},\"wordCount\":760,\"image\":{\"@id\":\"https:\\\/\\\/exaudi.org\\\/it\\\/la-pubblicita-e-la-persona\\\/#primaryimage\"},\"thumbnailUrl\":\"https:\\\/\\\/exaudi.org\\\/wp-content\\\/uploads\\\/2023\\\/11\\\/60cbbce76204b6366f05a22e00d30b17.jpg\",\"keywords\":[\"ANNUNCI\",\"natale\",\"persona\",\"PUBBLICIT\u00c0\",\"Trending\"],\"articleSection\":[\"Voci\"],\"inLanguage\":\"it-IT\"},{\"@type\":\"WebPage\",\"@id\":\"https:\\\/\\\/exaudi.org\\\/it\\\/la-pubblicita-e-la-persona\\\/\",\"url\":\"https:\\\/\\\/exaudi.org\\\/it\\\/la-pubblicita-e-la-persona\\\/\",\"name\":\"La pubblicit\u00e0 e la persona &#8211; Exaudi\",\"isPartOf\":{\"@id\":\"https:\\\/\\\/exaudi.org\\\/#website\"},\"primaryImageOfPage\":{\"@id\":\"https:\\\/\\\/exaudi.org\\\/it\\\/la-pubblicita-e-la-persona\\\/#primaryimage\"},\"image\":{\"@id\":\"https:\\\/\\\/exaudi.org\\\/it\\\/la-pubblicita-e-la-persona\\\/#primaryimage\"},\"thumbnailUrl\":\"https:\\\/\\\/exaudi.org\\\/wp-content\\\/uploads\\\/2023\\\/11\\\/60cbbce76204b6366f05a22e00d30b17.jpg\",\"datePublished\":\"2023-11-24T18:20:53+00:00\",\"dateModified\":\"2023-11-25T16:21:09+00:00\",\"author\":{\"@id\":\"https:\\\/\\\/exaudi.org\\\/#\\\/schema\\\/person\\\/593e679cdac2ac955cdf94fd77952021\"},\"breadcrumb\":{\"@id\":\"https:\\\/\\\/exaudi.org\\\/it\\\/la-pubblicita-e-la-persona\\\/#breadcrumb\"},\"inLanguage\":\"it-IT\",\"potentialAction\":[{\"@type\":\"ReadAction\",\"target\":[\"https:\\\/\\\/exaudi.org\\\/it\\\/la-pubblicita-e-la-persona\\\/\"]}]},{\"@type\":\"ImageObject\",\"inLanguage\":\"it-IT\",\"@id\":\"https:\\\/\\\/exaudi.org\\\/it\\\/la-pubblicita-e-la-persona\\\/#primaryimage\",\"url\":\"https:\\\/\\\/exaudi.org\\\/wp-content\\\/uploads\\\/2023\\\/11\\\/60cbbce76204b6366f05a22e00d30b17.jpg\",\"contentUrl\":\"https:\\\/\\\/exaudi.org\\\/wp-content\\\/uploads\\\/2023\\\/11\\\/60cbbce76204b6366f05a22e00d30b17.jpg\",\"width\":1151,\"height\":1200,\"caption\":\"Fabio Marino\"},{\"@type\":\"BreadcrumbList\",\"@id\":\"https:\\\/\\\/exaudi.org\\\/it\\\/la-pubblicita-e-la-persona\\\/#breadcrumb\",\"itemListElement\":[{\"@type\":\"ListItem\",\"position\":1,\"name\":\"Portada\",\"item\":\"https:\\\/\\\/exaudi.org\\\/it\\\/\"},{\"@type\":\"ListItem\",\"position\":2,\"name\":\"La pubblicit\u00e0 e la persona\"}]},{\"@type\":\"WebSite\",\"@id\":\"https:\\\/\\\/exaudi.org\\\/#website\",\"url\":\"https:\\\/\\\/exaudi.org\\\/\",\"name\":\"Exaudi\",\"description\":\"News\",\"potentialAction\":[{\"@type\":\"SearchAction\",\"target\":{\"@type\":\"EntryPoint\",\"urlTemplate\":\"https:\\\/\\\/exaudi.org\\\/?s={search_term_string}\"},\"query-input\":{\"@type\":\"PropertyValueSpecification\",\"valueRequired\":true,\"valueName\":\"search_term_string\"}}],\"inLanguage\":\"it-IT\"},{\"@type\":\"Person\",\"@id\":\"https:\\\/\\\/exaudi.org\\\/#\\\/schema\\\/person\\\/593e679cdac2ac955cdf94fd77952021\",\"name\":\"Marta Luquero\",\"image\":{\"@type\":\"ImageObject\",\"inLanguage\":\"it-IT\",\"@id\":\"https:\\\/\\\/secure.gravatar.com\\\/avatar\\\/4d835dde3204f153d4491cc82848d12bcb03055a2dff4ded8a8746c59d626537?s=96&d=mm&r=g\",\"url\":\"https:\\\/\\\/secure.gravatar.com\\\/avatar\\\/4d835dde3204f153d4491cc82848d12bcb03055a2dff4ded8a8746c59d626537?s=96&d=mm&r=g\",\"contentUrl\":\"https:\\\/\\\/secure.gravatar.com\\\/avatar\\\/4d835dde3204f153d4491cc82848d12bcb03055a2dff4ded8a8746c59d626537?s=96&d=mm&r=g\",\"caption\":\"Marta Luquero\"},\"description\":\"@sencillamentemarta Nacida en Madrid, soy madre de dos hijos. Licenciada en Derecho por la Universidad Complutense de Madrid, actualmente estoy cursando un m\u00e1ster en Humanidades. Apasionada de las personas y de una buena conversaci\u00f3n, hace a\u00f1os mi vida dio un giro de 180 grados cuando comprend\u00ed e hice experiencia de la necesidad vital de acompa\u00f1ar y ser acompa\u00f1ada. Trabajo en el mundo acad\u00e9mico, en una universidad cat\u00f3lica acompa\u00f1ando a j\u00f3venes en su camino universitario donde cada d\u00eda hago m\u00eda la necesidad del arte de recomenzar, y donde he reconectado con lo que significa ser universitario y el valor que tienen las grandes preguntas. Cada d\u00eda pongo intenci\u00f3n en mirar la realidad con atenci\u00f3n para no solo ver y soy firme defensora de las peque\u00f1as cosas hechas con amor.\",\"sameAs\":[\"https:\\\/\\\/www.instagram.com\\\/sencillamentemarta\\\/\"],\"url\":\"https:\\\/\\\/exaudi.org\\\/it\\\/author\\\/marta-luquero\\\/\"}]}<\/script>\n<!-- \/ Yoast SEO plugin. -->","yoast_head_json":{"title":"La pubblicit\u00e0 e la persona &#8211; Exaudi","robots":{"index":"index","follow":"follow","max-snippet":"max-snippet:-1","max-image-preview":"max-image-preview:large","max-video-preview":"max-video-preview:-1"},"canonical":"https:\/\/exaudi.org\/it\/la-pubblicita-e-la-persona\/","og_locale":"it_IT","og_type":"article","og_title":"La pubblicit\u00e0 e la persona &#8211; Exaudi","og_description":"Dio, senza aver bisogno di noi, ha voluto aver bisogno di noi e ci ha posti qui, in questo momento storico, in questo luogo","og_url":"https:\/\/exaudi.org\/it\/la-pubblicita-e-la-persona\/","og_site_name":"Exaudi","article_publisher":"https:\/\/www.facebook.com\/ExaudiNews","article_published_time":"2023-11-24T18:20:53+00:00","article_modified_time":"2023-11-25T16:21:09+00:00","og_image":[{"width":1151,"height":1200,"url":"https:\/\/exaudi.org\/wp-content\/uploads\/2023\/11\/60cbbce76204b6366f05a22e00d30b17.jpg","type":"image\/jpeg"}],"author":"Marta Luquero","twitter_card":"summary_large_image","twitter_creator":"@Exaudi_News","twitter_site":"@Exaudi_News","twitter_misc":{"Scritto da":"Marta Luquero","Tempo di lettura stimato":"4 minuti"},"schema":{"@context":"https:\/\/schema.org","@graph":[{"@type":"Article","@id":"https:\/\/exaudi.org\/it\/la-pubblicita-e-la-persona\/#article","isPartOf":{"@id":"https:\/\/exaudi.org\/it\/la-pubblicita-e-la-persona\/"},"author":{"name":"Marta Luquero","@id":"https:\/\/exaudi.org\/#\/schema\/person\/593e679cdac2ac955cdf94fd77952021"},"headline":"La pubblicit\u00e0 e la persona","datePublished":"2023-11-24T18:20:53+00:00","dateModified":"2023-11-25T16:21:09+00:00","mainEntityOfPage":{"@id":"https:\/\/exaudi.org\/it\/la-pubblicita-e-la-persona\/"},"wordCount":760,"image":{"@id":"https:\/\/exaudi.org\/it\/la-pubblicita-e-la-persona\/#primaryimage"},"thumbnailUrl":"https:\/\/exaudi.org\/wp-content\/uploads\/2023\/11\/60cbbce76204b6366f05a22e00d30b17.jpg","keywords":["ANNUNCI","natale","persona","PUBBLICIT\u00c0","Trending"],"articleSection":["Voci"],"inLanguage":"it-IT"},{"@type":"WebPage","@id":"https:\/\/exaudi.org\/it\/la-pubblicita-e-la-persona\/","url":"https:\/\/exaudi.org\/it\/la-pubblicita-e-la-persona\/","name":"La pubblicit\u00e0 e la persona &#8211; Exaudi","isPartOf":{"@id":"https:\/\/exaudi.org\/#website"},"primaryImageOfPage":{"@id":"https:\/\/exaudi.org\/it\/la-pubblicita-e-la-persona\/#primaryimage"},"image":{"@id":"https:\/\/exaudi.org\/it\/la-pubblicita-e-la-persona\/#primaryimage"},"thumbnailUrl":"https:\/\/exaudi.org\/wp-content\/uploads\/2023\/11\/60cbbce76204b6366f05a22e00d30b17.jpg","datePublished":"2023-11-24T18:20:53+00:00","dateModified":"2023-11-25T16:21:09+00:00","author":{"@id":"https:\/\/exaudi.org\/#\/schema\/person\/593e679cdac2ac955cdf94fd77952021"},"breadcrumb":{"@id":"https:\/\/exaudi.org\/it\/la-pubblicita-e-la-persona\/#breadcrumb"},"inLanguage":"it-IT","potentialAction":[{"@type":"ReadAction","target":["https:\/\/exaudi.org\/it\/la-pubblicita-e-la-persona\/"]}]},{"@type":"ImageObject","inLanguage":"it-IT","@id":"https:\/\/exaudi.org\/it\/la-pubblicita-e-la-persona\/#primaryimage","url":"https:\/\/exaudi.org\/wp-content\/uploads\/2023\/11\/60cbbce76204b6366f05a22e00d30b17.jpg","contentUrl":"https:\/\/exaudi.org\/wp-content\/uploads\/2023\/11\/60cbbce76204b6366f05a22e00d30b17.jpg","width":1151,"height":1200,"caption":"Fabio Marino"},{"@type":"BreadcrumbList","@id":"https:\/\/exaudi.org\/it\/la-pubblicita-e-la-persona\/#breadcrumb","itemListElement":[{"@type":"ListItem","position":1,"name":"Portada","item":"https:\/\/exaudi.org\/it\/"},{"@type":"ListItem","position":2,"name":"La pubblicit\u00e0 e la persona"}]},{"@type":"WebSite","@id":"https:\/\/exaudi.org\/#website","url":"https:\/\/exaudi.org\/","name":"Exaudi","description":"News","potentialAction":[{"@type":"SearchAction","target":{"@type":"EntryPoint","urlTemplate":"https:\/\/exaudi.org\/?s={search_term_string}"},"query-input":{"@type":"PropertyValueSpecification","valueRequired":true,"valueName":"search_term_string"}}],"inLanguage":"it-IT"},{"@type":"Person","@id":"https:\/\/exaudi.org\/#\/schema\/person\/593e679cdac2ac955cdf94fd77952021","name":"Marta Luquero","image":{"@type":"ImageObject","inLanguage":"it-IT","@id":"https:\/\/secure.gravatar.com\/avatar\/4d835dde3204f153d4491cc82848d12bcb03055a2dff4ded8a8746c59d626537?s=96&d=mm&r=g","url":"https:\/\/secure.gravatar.com\/avatar\/4d835dde3204f153d4491cc82848d12bcb03055a2dff4ded8a8746c59d626537?s=96&d=mm&r=g","contentUrl":"https:\/\/secure.gravatar.com\/avatar\/4d835dde3204f153d4491cc82848d12bcb03055a2dff4ded8a8746c59d626537?s=96&d=mm&r=g","caption":"Marta Luquero"},"description":"@sencillamentemarta Nacida en Madrid, soy madre de dos hijos. Licenciada en Derecho por la Universidad Complutense de Madrid, actualmente estoy cursando un m\u00e1ster en Humanidades. Apasionada de las personas y de una buena conversaci\u00f3n, hace a\u00f1os mi vida dio un giro de 180 grados cuando comprend\u00ed e hice experiencia de la necesidad vital de acompa\u00f1ar y ser acompa\u00f1ada. Trabajo en el mundo acad\u00e9mico, en una universidad cat\u00f3lica acompa\u00f1ando a j\u00f3venes en su camino universitario donde cada d\u00eda hago m\u00eda la necesidad del arte de recomenzar, y donde he reconectado con lo que significa ser universitario y el valor que tienen las grandes preguntas. Cada d\u00eda pongo intenci\u00f3n en mirar la realidad con atenci\u00f3n para no solo ver y soy firme defensora de las peque\u00f1as cosas hechas con amor.","sameAs":["https:\/\/www.instagram.com\/sencillamentemarta\/"],"url":"https:\/\/exaudi.org\/it\/author\/marta-luquero\/"}]}},"jetpack_featured_media_url":"https:\/\/exaudi.org\/wp-content\/uploads\/2023\/11\/60cbbce76204b6366f05a22e00d30b17.jpg","jetpack_shortlink":"https:\/\/wp.me\/pgKjF2-n5o","_links":{"self":[{"href":"https:\/\/exaudi.org\/it\/wp-json\/wp\/v2\/posts\/88746","targetHints":{"allow":["GET"]}}],"collection":[{"href":"https:\/\/exaudi.org\/it\/wp-json\/wp\/v2\/posts"}],"about":[{"href":"https:\/\/exaudi.org\/it\/wp-json\/wp\/v2\/types\/post"}],"author":[{"embeddable":true,"href":"https:\/\/exaudi.org\/it\/wp-json\/wp\/v2\/users\/129"}],"replies":[{"embeddable":true,"href":"https:\/\/exaudi.org\/it\/wp-json\/wp\/v2\/comments?post=88746"}],"version-history":[{"count":0,"href":"https:\/\/exaudi.org\/it\/wp-json\/wp\/v2\/posts\/88746\/revisions"}],"wp:featuredmedia":[{"embeddable":true,"href":"https:\/\/exaudi.org\/it\/wp-json\/wp\/v2\/media\/88635"}],"wp:attachment":[{"href":"https:\/\/exaudi.org\/it\/wp-json\/wp\/v2\/media?parent=88746"}],"wp:term":[{"taxonomy":"category","embeddable":true,"href":"https:\/\/exaudi.org\/it\/wp-json\/wp\/v2\/categories?post=88746"},{"taxonomy":"post_tag","embeddable":true,"href":"https:\/\/exaudi.org\/it\/wp-json\/wp\/v2\/tags?post=88746"}],"curies":[{"name":"wp","href":"https:\/\/api.w.org\/{rel}","templated":true}]}}