{"id":88668,"date":"2023-11-24T11:05:31","date_gmt":"2023-11-24T10:05:31","guid":{"rendered":"https:\/\/exaudi.org\/?p=88668"},"modified":"2023-11-24T12:43:38","modified_gmt":"2023-11-24T11:43:38","slug":"giovani-che-vengono-a-contatto-con-la-nostra-missione-sono-capaci-di-uscire-da-se-stesse-per-sperimentare-la-gioia-del-dono-dato-e-ricevuto","status":"publish","type":"post","link":"https:\/\/exaudi.org\/it\/giovani-che-vengono-a-contatto-con-la-nostra-missione-sono-capaci-di-uscire-da-se-stesse-per-sperimentare-la-gioia-del-dono-dato-e-ricevuto\/","title":{"rendered":"&#8220;Giovani che vengono a contatto con la nostra missione sono capaci di uscire da se stesse per sperimentare la gioia del dono, dato e ricevuto&#8221;"},"content":{"rendered":"<audio class=\"wp-audio-shortcode\" id=\"audio-88668-1\" preload=\"none\" style=\"width: 100%;\" controls=\"controls\"><source type=\"audio\/mpeg\" src=\"https:\/\/exaudi.org\/wp-content\/uploads\/2023\/11\/Societa-San-Paolo-padre-Domenico-Soliman.mp3?_=1\" \/><a href=\"https:\/\/exaudi.org\/wp-content\/uploads\/2023\/11\/Societa-San-Paolo-padre-Domenico-Soliman.mp3\">https:\/\/exaudi.org\/wp-content\/uploads\/2023\/11\/Societa-San-Paolo-padre-Domenico-Soliman.mp3<\/a><\/audio>\n<p>Alla vigilia della festa del Beato Giacomo Alberione, fondatore della Famiglia Paolina, EXAUDI ha intervistato in esclusiva da Roma, il nuovo superiore generale della Societ\u00e0 San Paolo, padre Domenico Soliman.<\/p>\n<p><strong>Come valuta il suo primo anno come Superiore generale della Societ\u00e0 San Paolo?<\/strong><\/p>\n<p>Un anno di viaggi, incontri, verifiche e progettazione del futuro. Insieme ai Consiglieri generali abbiamo visitato pi\u00f9 di dieci nostre circoscrizioni sparse nel mondo, una vera <em>full immersion<\/em> nella missione paolina. Per me \u00e8 stata l\u2019occasione di conoscere e soprattutto ascoltare cosa vivono i miei confratelli, le sfide che non mancano e la loro creativit\u00e0 nella nostra missione. Penso, per esempio, alle mille opportunit\u00e0 in India e nelle Filippine, ai nostri giovani che stanno facendo propria l\u2019eredit\u00e0 apostolica soprattutto nel contesto della cultura digitale, una realt\u00e0 che ci interpella e chiede dedizione, discernimento e creativit\u00e0. Per noi Paolini \u00e8 un luogo da abitare con profezia. Penso anche all\u2019eredit\u00e0 carismatica che ci ha lasciato il Beato Giacomo Alberione, nostro fondatore, alla centralit\u00e0 del nostro rapporto con Ges\u00f9 Via Verit\u00e0 e Vita dal quale nasce il nostro essere apostoli come Paolo. In questo cambio d\u2019epoca c\u2019\u00e8 bisogno di fare della comunicazione uno stile di vita ben integrato nella nostra vita personale e comunitaria.<\/p>\n<p><strong><img loading=\"lazy\" decoding=\"async\" class=\"alignleft wp-image-88653\" src=\"https:\/\/exaudi.org\/wp-content\/uploads\/2023\/11\/20231028_125350-scaled.jpg\" alt=\"\" width=\"574\" height=\"323\" srcset=\"https:\/\/exaudi.org\/wp-content\/uploads\/2023\/11\/20231028_125350-scaled.jpg 2560w, https:\/\/exaudi.org\/wp-content\/uploads\/2023\/11\/20231028_125350-300x169.jpg 300w, https:\/\/exaudi.org\/wp-content\/uploads\/2023\/11\/20231028_125350-1024x576.jpg 1024w, https:\/\/exaudi.org\/wp-content\/uploads\/2023\/11\/20231028_125350-770x433.jpg 770w, https:\/\/exaudi.org\/wp-content\/uploads\/2023\/11\/20231028_125350-1536x864.jpg 1536w, https:\/\/exaudi.org\/wp-content\/uploads\/2023\/11\/20231028_125350-2048x1153.jpg 2048w, https:\/\/exaudi.org\/wp-content\/uploads\/2023\/11\/20231028_125350-500x281.jpg 500w, https:\/\/exaudi.org\/wp-content\/uploads\/2023\/11\/20231028_125350-293x165.jpg 293w, https:\/\/exaudi.org\/wp-content\/uploads\/2023\/11\/20231028_125350-1400x788.jpg 1400w, https:\/\/exaudi.org\/wp-content\/uploads\/2023\/11\/20231028_125350-390x219.jpg 390w\" sizes=\"auto, (max-width: 574px) 100vw, 574px\" \/>Come state affrontando il tema vocazionale, pensando al calo di numero nei paesi occidentali e soprattutto alla fioritura in Asia e Africa?<\/strong><\/p>\n<p>Il tema delle vocazioni non \u00e8 questione di sola strategia, di attivit\u00e0 da programmare\u2026 Alle volte si pu\u00f2 correre questo rischio. Come Congregazione vediamo che in Asia e in Africa, nelle nazioni dove siamo presenti, i giovani non mancano e questo \u00e8 un dono. C\u2019\u00e8 una sensibilit\u00e0 spirituale accentuata, un modo di vivere la fede pi\u00f9 genuino. Il contesto ecclesiale \u00e8 sicuramente pi\u00f9 fecondo. Non avviene cos\u00ec in Europa, mentre nel continente americano varia da nazione a nazione: penso alla buona risposta vocazionale in Brasile, ma non solo. La sfida, anche per noi Paolini, non \u00e8 solo quella dei numeri, ma della qualit\u00e0 della testimonianza delle nostre comunit\u00e0. \u00c8 questione di vita, di vita come comunione. La comunicazione, se genuina, porta alla comunione ed \u00e8 questo il contesto dove nasce la vocazione paolina. Per cui i giovani che vengono a contatto con la nostra missione desiderano vedere come la comunicazione, oggi anche digitale, aiuta ad essere delle persone di comunione, capaci di uscire da se stesse per sperimentare la gioia del dono, dato e ricevuto, una gioia che riempie di significato.<\/p>\n<p><strong>Come Paolini portate con voi il desiderio di \u201cascoltare di pi\u00f9 e meglio\u201d le persone, credenti e non credenti. Quali sono i frutti sperati di questo modo di vivere la vostra missione?<\/strong><\/p>\n<p>\u201cAscoltare\u201d \u00e8 il primo passo della comunicazione. Spesso \u00e8 la predisposizione pi\u00f9 difficile, il primo passo che si dimentica di fare. Per la nostra missione \u00e8 davvero necessario. Ascoltare i nostri interlocutori vuol dire, per esempio, fare delle nostre librerie un luogo di dialogo, di incontro dove l\u2019occasione di presentare un libro, diventa la possibilit\u00e0 di crescere nella \u201ccultura dell\u2019incontro\u201d. Penso alle nostre edizioni, ai confratelli che con creativit\u00e0 portano avanti una linea editoriale nei periodici paolini, o a coloro che oggi sono impegnati pi\u00f9 nel digitale, creando contenuti video e audio per i social. C\u2019\u00e8 sempre bisogno di un ascolto profondo dei nostri interlocutori e di ci\u00f2 che si trovano ad affrontare a livello esistenziale. Pensiamo alle famiglie o ai giovani: quali sfide stanno vivendo? Ma non solo a loro. C\u2019\u00e8 tanta umanit\u00e0 nella rete digitale ed \u00e8 importante \u201cascoltarla con il cuore\u201d\u00ad \u00ad\u00ad\u2013 come dice papa Francesco \u2013 con amore, perch\u00e9 solo in questo modo la nostra missione prende consistenza, diventa un essere prossimi, un aver a cuore il nostro interlocutore: la parabola del buon Samaritano (Lc 10,25-37) \u00e8 un buon riferimento. I frutti che noi sperimentiamo sono i giovani che frequentano i nostri centri universitari di formazione alla comunicazione, oppure le molteplici iniziative bibliche vissute con creativit\u00e0, come il <em>Festival Biblico<\/em> in Italia o il <em>Bible Quiz<\/em> nelle Filippine. Ecco i frutti che nascono per e con il popolo di Dio.<\/p>\n<p><strong>Perch\u00e9 \u00e8 cos\u00ec difficile \u201ccamminare insieme\u201d anche nella Chiesa? \u00c8 forse un problema di comunicazione?<\/strong><\/p>\n<p>Camminare insieme \u00e8 difficile perch\u00e9 viviamo in un contesto culturale, soprattutto nel mondo occidentale, che mette al primo posto l\u2019individuo. E questo favorisce una mentalit\u00e0 chiusa in se stessa, dove ognuno fa i conti con se stesso. Una societ\u00e0 di individui \u00e8 povera, sterile \u2013 anche nelle nascite \u2013, concentrata a possedere e consumare. Alle volte si parla di sviluppo sociale \u2013 cosa di per s\u00e9 importante \u2013 ma di fatto la parola \u201csviluppo\u201d \u00e8 intesa soprattutto come sviluppo economico. Di fatto, per\u00f2, la pandemia e prima ancora la crisi della finanza nata negli Stati Uniti nel 2008 e propagatasi in tutto il mondo, ha fortemente criticato proprio questa falsa idea di sviluppo. Si deve riscoprire la persona nella sua identit\u00e0, come sta facendo papa Francesco con il suo magistero: pensiamo all\u2019enciclica \u201cFratelli tutti\u201d. Parlare di fraternit\u00e0 vuol dire pensarci persone in relazione e quindi in dialogo, persone che condividono e quindi che camminano insieme. Abbiamo bisogno di riscoprirci gli uni interdipendenti dagli altri. La comunicazione, in genere, pu\u00f2 favorire o meno questo essere persone che camminano insieme. Mi spiego. Pensiamo agli algoritmi tanto importanti nella comunicazione digitale: essi di solito sono programmati nell\u2019ottica di raccogliere informazioni ed elaborare dati per monitorare i comportamenti della societ\u00e0. Essi ci trattano da consumatori e non da persone. Non \u00e8 significativo? Spesso mettono insieme gruppi di persone solo seguendo gli interessi comuni, escludendo cos\u00ec tutti gli altri. La comunicazione nei social ha un peso non indifferente nel dar forma alle relazioni. Per cui ecco l\u2019insistenza di papa Francesco perch\u00e9 ci pensiamo come Chiesa sinodale che cammina insieme, che opera insieme per annunciare il Vangelo in modo credibile. La credibilit\u00e0 \u00e8 data dalla capacit\u00e0 di essere persone di comunione con tutti.<\/p>\n<p><strong>Come la Famiglia Paolina pu\u00f2 essere oggi creativa e dare continuit\u00e0 al suo carisma specifico?<\/strong><\/p>\n<p>La prima cosa che voglio sottolineare \u00e8 il fatto che siamo Famiglia Paolina, una famiglia di vocazioni, dove anche le famiglie ne fanno parte. Questo aspetto \u00e8 importante perch\u00e9 in noi c\u2019\u00e8 un \u201cprincipio generativo\u201d, aspetto che nasce proprio dalla nostra relazione. Cos\u00ec ha operato lo Spirito Santo nella vita del Beato Giacomo Alberione. E cos\u00ec sono sorte dieci realt\u00e0 per una evangelizzazione in tutti i contesti di vita, in particolare nella cultura della comunicazione. La creativit\u00e0 \u00e8 necessaria per raggiungere tutti e a Don Giacomo Alberione piaceva la parola \u201ctutti\u201d perch\u00e9 in essa vedeva il senso della missione di Ges\u00f9 e quindi anche la nostra: ogni persona, ogni cultura, tutti i popoli possono incontrare il Cristo e il suo Vangelo. La creativit\u00e0 \u00e8 frutto di un anelito mosso dallo Spirito che \u00e8 quello di raggiungere ogni interlocutore, anche nel contesto di nuove realt\u00e0 come l\u2019Intelligenza Artificiale. Inoltre, la creativit\u00e0 ci aiuta ad essere delle persone in uscita e quindi capaci di cogliere dove c\u2019\u00e8 davvero bisogno della gioia del Vangelo. Incontrando le nostre comunit\u00e0 sparse nel mondo mi rendo conto che abbiamo molte opportunit\u00e0 di vivere la nostra missione, di dar concretezza ad un apostolato davvero attuale. Parliamo spesso dei social, ma non dimentichiamo quanto ancora \u00e8 importante il libro, la rivista, la radio\u2026 \u00a0La creativit\u00e0 \u00e8 necessaria in tutti gli ambiti della comunicazione. Creativit\u00e0 anche nell\u2019ambito dell\u2019apostolato biblico. Il prossimo anno, infatti, celebreremo i 100 anni della Societ\u00e0 Biblica Cattolica Internazionale, sorta per volont\u00e0 del nostro Fondatore e ancora operante soprattutto nei paesi di lingua spagnola. Ci sentiamo incoraggiati a continuare questo apostolato con nuove traduzioni ed edizioni, con iniziative editoriali, ma anche formative\u2026 Quante opportunit\u00e0 soprattutto grazie ad una comunicazione sempre pi\u00f9 <em>smart<\/em>, senza dimenticare l\u2019importanza degli incontri presenziali. Davanti a noi ci sono molte possibilit\u00e0 per \u201cessere san Paolo vivo oggi\u201d, per essere \u201ceditori\u201d paolini, dove la parola \u201ceditore\u201d \u2013recuperando la radice latina del termine\u2013 esprime il \u201cdare, donare\u201d, donare al mondo Ges\u00f9 come ha fatto Maria, la prima \u201ceditrice\u201d del Figlio di Dio. Proprio questo essere \u201ceditori\u201d, come lo \u00e8 stato san Paolo, definisce la nostra identit\u00e0 e motiver\u00e0 sempre la nostra vita.<\/p>\n","protected":false},"excerpt":{"rendered":"<p>Padre Domenico Soliman, Superiore generale della Societ\u00e0 San Paolo<\/p>\n","protected":false},"author":30,"featured_media":88656,"comment_status":"closed","ping_status":"closed","sticky":false,"template":"","format":"standard","meta":{"_acf_changed":false,"_crdt_document":"","inline_featured_image":false,"footnotes":""},"categories":[107],"tags":[11095,11096,11097,2487,1141,251,11032],"class_list":["post-88668","post","type-post","status-publish","format-standard","has-post-thumbnail","hentry","category-interviste","tag-beato-giacomo-alberione","tag-domenico-soliman","tag-famiglia-paolina","tag-featured-3","tag-giovani","tag-papa-francesco","tag-societa-san-paolo"],"acf":[],"yoast_head":"<!-- This site is optimized with the Yoast SEO plugin v27.4 - https:\/\/yoast.com\/product\/yoast-seo-wordpress\/ -->\n<title>&quot;Giovani che vengono a contatto con la nostra missione sono capaci di uscire da se stesse per sperimentare la gioia del dono, dato e ricevuto&quot; &#8211; Exaudi<\/title>\n<meta name=\"robots\" content=\"index, follow, max-snippet:-1, max-image-preview:large, max-video-preview:-1\" \/>\n<link rel=\"canonical\" href=\"https:\/\/exaudi.org\/it\/giovani-che-vengono-a-contatto-con-la-nostra-missione-sono-capaci-di-uscire-da-se-stesse-per-sperimentare-la-gioia-del-dono-dato-e-ricevuto\/\" \/>\n<meta property=\"og:locale\" content=\"it_IT\" \/>\n<meta property=\"og:type\" content=\"article\" \/>\n<meta property=\"og:title\" content=\"&quot;Giovani che vengono a contatto con la nostra missione sono capaci di uscire da se stesse per sperimentare la gioia del dono, dato e ricevuto&quot; &#8211; Exaudi\" \/>\n<meta property=\"og:description\" content=\"Padre Domenico Soliman, Superiore generale della Societ\u00e0 San Paolo\" \/>\n<meta property=\"og:url\" content=\"https:\/\/exaudi.org\/it\/giovani-che-vengono-a-contatto-con-la-nostra-missione-sono-capaci-di-uscire-da-se-stesse-per-sperimentare-la-gioia-del-dono-dato-e-ricevuto\/\" \/>\n<meta property=\"og:site_name\" content=\"Exaudi\" \/>\n<meta property=\"article:publisher\" content=\"https:\/\/www.facebook.com\/ExaudiNews\" \/>\n<meta property=\"article:published_time\" content=\"2023-11-24T10:05:31+00:00\" \/>\n<meta property=\"article:modified_time\" content=\"2023-11-24T11:43:38+00:00\" \/>\n<meta property=\"og:image\" content=\"https:\/\/exaudi.org\/wp-content\/uploads\/2023\/11\/20231028_125616-scaled.jpg\" \/>\n\t<meta property=\"og:image:width\" content=\"2560\" \/>\n\t<meta property=\"og:image:height\" content=\"1441\" \/>\n\t<meta property=\"og:image:type\" content=\"image\/jpeg\" \/>\n<meta name=\"author\" content=\"P. Jos\u00e9 Antonio Varela\" \/>\n<meta name=\"twitter:card\" content=\"summary_large_image\" \/>\n<meta name=\"twitter:creator\" content=\"@Exaudi_News\" \/>\n<meta name=\"twitter:site\" content=\"@Exaudi_News\" \/>\n<meta name=\"twitter:label1\" content=\"Scritto da\" \/>\n\t<meta name=\"twitter:data1\" content=\"P. Jos\u00e9 Antonio Varela\" \/>\n\t<meta name=\"twitter:label2\" content=\"Tempo di lettura stimato\" \/>\n\t<meta name=\"twitter:data2\" content=\"7 minuti\" \/>\n<script type=\"application\/ld+json\" class=\"yoast-schema-graph\">{\"@context\":\"https:\\\/\\\/schema.org\",\"@graph\":[{\"@type\":\"Article\",\"@id\":\"https:\\\/\\\/exaudi.org\\\/it\\\/giovani-che-vengono-a-contatto-con-la-nostra-missione-sono-capaci-di-uscire-da-se-stesse-per-sperimentare-la-gioia-del-dono-dato-e-ricevuto\\\/#article\",\"isPartOf\":{\"@id\":\"https:\\\/\\\/exaudi.org\\\/it\\\/giovani-che-vengono-a-contatto-con-la-nostra-missione-sono-capaci-di-uscire-da-se-stesse-per-sperimentare-la-gioia-del-dono-dato-e-ricevuto\\\/\"},\"author\":{\"name\":\"P. Jos\u00e9 Antonio Varela\",\"@id\":\"https:\\\/\\\/exaudi.org\\\/#\\\/schema\\\/person\\\/18d6836c9c0e07411678167c3234b72e\"},\"headline\":\"&#8220;Giovani che vengono a contatto con la nostra missione sono capaci di uscire da se stesse per sperimentare la gioia del dono, dato e ricevuto&#8221;\",\"datePublished\":\"2023-11-24T10:05:31+00:00\",\"dateModified\":\"2023-11-24T11:43:38+00:00\",\"mainEntityOfPage\":{\"@id\":\"https:\\\/\\\/exaudi.org\\\/it\\\/giovani-che-vengono-a-contatto-con-la-nostra-missione-sono-capaci-di-uscire-da-se-stesse-per-sperimentare-la-gioia-del-dono-dato-e-ricevuto\\\/\"},\"wordCount\":1361,\"image\":{\"@id\":\"https:\\\/\\\/exaudi.org\\\/it\\\/giovani-che-vengono-a-contatto-con-la-nostra-missione-sono-capaci-di-uscire-da-se-stesse-per-sperimentare-la-gioia-del-dono-dato-e-ricevuto\\\/#primaryimage\"},\"thumbnailUrl\":\"https:\\\/\\\/exaudi.org\\\/wp-content\\\/uploads\\\/2023\\\/11\\\/20231028_125616-scaled.jpg\",\"keywords\":[\"Beato Giacomo Alberione\",\"Domenico Soliman\",\"Famiglia Paolina\",\"Featured\",\"giovani\",\"Papa Francesco\",\"Societa\u0300 San Paolo\"],\"articleSection\":[\"Interviste\"],\"inLanguage\":\"it-IT\"},{\"@type\":\"WebPage\",\"@id\":\"https:\\\/\\\/exaudi.org\\\/it\\\/giovani-che-vengono-a-contatto-con-la-nostra-missione-sono-capaci-di-uscire-da-se-stesse-per-sperimentare-la-gioia-del-dono-dato-e-ricevuto\\\/\",\"url\":\"https:\\\/\\\/exaudi.org\\\/it\\\/giovani-che-vengono-a-contatto-con-la-nostra-missione-sono-capaci-di-uscire-da-se-stesse-per-sperimentare-la-gioia-del-dono-dato-e-ricevuto\\\/\",\"name\":\"\\\"Giovani che vengono a contatto con la nostra missione sono capaci di uscire da se stesse per sperimentare la gioia del dono, dato e ricevuto\\\" &#8211; Exaudi\",\"isPartOf\":{\"@id\":\"https:\\\/\\\/exaudi.org\\\/#website\"},\"primaryImageOfPage\":{\"@id\":\"https:\\\/\\\/exaudi.org\\\/it\\\/giovani-che-vengono-a-contatto-con-la-nostra-missione-sono-capaci-di-uscire-da-se-stesse-per-sperimentare-la-gioia-del-dono-dato-e-ricevuto\\\/#primaryimage\"},\"image\":{\"@id\":\"https:\\\/\\\/exaudi.org\\\/it\\\/giovani-che-vengono-a-contatto-con-la-nostra-missione-sono-capaci-di-uscire-da-se-stesse-per-sperimentare-la-gioia-del-dono-dato-e-ricevuto\\\/#primaryimage\"},\"thumbnailUrl\":\"https:\\\/\\\/exaudi.org\\\/wp-content\\\/uploads\\\/2023\\\/11\\\/20231028_125616-scaled.jpg\",\"datePublished\":\"2023-11-24T10:05:31+00:00\",\"dateModified\":\"2023-11-24T11:43:38+00:00\",\"author\":{\"@id\":\"https:\\\/\\\/exaudi.org\\\/#\\\/schema\\\/person\\\/18d6836c9c0e07411678167c3234b72e\"},\"breadcrumb\":{\"@id\":\"https:\\\/\\\/exaudi.org\\\/it\\\/giovani-che-vengono-a-contatto-con-la-nostra-missione-sono-capaci-di-uscire-da-se-stesse-per-sperimentare-la-gioia-del-dono-dato-e-ricevuto\\\/#breadcrumb\"},\"inLanguage\":\"it-IT\",\"potentialAction\":[{\"@type\":\"ReadAction\",\"target\":[\"https:\\\/\\\/exaudi.org\\\/it\\\/giovani-che-vengono-a-contatto-con-la-nostra-missione-sono-capaci-di-uscire-da-se-stesse-per-sperimentare-la-gioia-del-dono-dato-e-ricevuto\\\/\"]}]},{\"@type\":\"ImageObject\",\"inLanguage\":\"it-IT\",\"@id\":\"https:\\\/\\\/exaudi.org\\\/it\\\/giovani-che-vengono-a-contatto-con-la-nostra-missione-sono-capaci-di-uscire-da-se-stesse-per-sperimentare-la-gioia-del-dono-dato-e-ricevuto\\\/#primaryimage\",\"url\":\"https:\\\/\\\/exaudi.org\\\/wp-content\\\/uploads\\\/2023\\\/11\\\/20231028_125616-scaled.jpg\",\"contentUrl\":\"https:\\\/\\\/exaudi.org\\\/wp-content\\\/uploads\\\/2023\\\/11\\\/20231028_125616-scaled.jpg\",\"width\":2560,\"height\":1441},{\"@type\":\"BreadcrumbList\",\"@id\":\"https:\\\/\\\/exaudi.org\\\/it\\\/giovani-che-vengono-a-contatto-con-la-nostra-missione-sono-capaci-di-uscire-da-se-stesse-per-sperimentare-la-gioia-del-dono-dato-e-ricevuto\\\/#breadcrumb\",\"itemListElement\":[{\"@type\":\"ListItem\",\"position\":1,\"name\":\"Portada\",\"item\":\"https:\\\/\\\/exaudi.org\\\/it\\\/\"},{\"@type\":\"ListItem\",\"position\":2,\"name\":\"&#8220;Giovani che vengono a contatto con la nostra missione sono capaci di uscire da se stesse per sperimentare la gioia del dono, dato e ricevuto&#8221;\"}]},{\"@type\":\"WebSite\",\"@id\":\"https:\\\/\\\/exaudi.org\\\/#website\",\"url\":\"https:\\\/\\\/exaudi.org\\\/\",\"name\":\"Exaudi\",\"description\":\"News\",\"potentialAction\":[{\"@type\":\"SearchAction\",\"target\":{\"@type\":\"EntryPoint\",\"urlTemplate\":\"https:\\\/\\\/exaudi.org\\\/?s={search_term_string}\"},\"query-input\":{\"@type\":\"PropertyValueSpecification\",\"valueRequired\":true,\"valueName\":\"search_term_string\"}}],\"inLanguage\":\"it-IT\"},{\"@type\":\"Person\",\"@id\":\"https:\\\/\\\/exaudi.org\\\/#\\\/schema\\\/person\\\/18d6836c9c0e07411678167c3234b72e\",\"name\":\"P. Jos\u00e9 Antonio Varela\",\"image\":{\"@type\":\"ImageObject\",\"inLanguage\":\"it-IT\",\"@id\":\"https:\\\/\\\/secure.gravatar.com\\\/avatar\\\/8e33ef3e0df4309ec8bf08a2c1f7452b1096cef5b77300f5ffb91ff2ab5f21bb?s=96&d=mm&r=g\",\"url\":\"https:\\\/\\\/secure.gravatar.com\\\/avatar\\\/8e33ef3e0df4309ec8bf08a2c1f7452b1096cef5b77300f5ffb91ff2ab5f21bb?s=96&d=mm&r=g\",\"contentUrl\":\"https:\\\/\\\/secure.gravatar.com\\\/avatar\\\/8e33ef3e0df4309ec8bf08a2c1f7452b1096cef5b77300f5ffb91ff2ab5f21bb?s=96&d=mm&r=g\",\"caption\":\"P. Jos\u00e9 Antonio Varela\"},\"description\":\"Lima, 1967. Presb\u00edtero diocesano y periodista colegiado con ejercicio de la profesi\u00f3n desde 1989. Titulado en periodismo por la Universidad Jaime Bausate y Meza en Lima (Per\u00fa). Estudios complementarios en periodismo religioso, new media y en comunicaci\u00f3n pastoral e intercultural-misionera; as\u00ed como en pastoral urbana, doctrina social de la Iglesia, misionolog\u00eda, comunicaci\u00f3n institucional y coaching, desarrollados indistintamente en Lima, Quito, Bogot\u00e1, Roma, Madrid, Miami, y Washington DC. Ex jefe de oficinas de comunicaci\u00f3n institucional y prensa en el sector p\u00fablico y eclesial. Asimismo, fue gerente de televisi\u00f3n de un canal y director de dos revistas impresas. Es articulista en publicaciones cat\u00f3licas de su pa\u00eds y del extranjero, entre ellas Exaudi.\",\"url\":\"https:\\\/\\\/exaudi.org\\\/it\\\/author\\\/joseantoniovarela\\\/\"}]}<\/script>\n<!-- \/ Yoast SEO plugin. -->","yoast_head_json":{"title":"\"Giovani che vengono a contatto con la nostra missione sono capaci di uscire da se stesse per sperimentare la gioia del dono, dato e ricevuto\" &#8211; Exaudi","robots":{"index":"index","follow":"follow","max-snippet":"max-snippet:-1","max-image-preview":"max-image-preview:large","max-video-preview":"max-video-preview:-1"},"canonical":"https:\/\/exaudi.org\/it\/giovani-che-vengono-a-contatto-con-la-nostra-missione-sono-capaci-di-uscire-da-se-stesse-per-sperimentare-la-gioia-del-dono-dato-e-ricevuto\/","og_locale":"it_IT","og_type":"article","og_title":"\"Giovani che vengono a contatto con la nostra missione sono capaci di uscire da se stesse per sperimentare la gioia del dono, dato e ricevuto\" &#8211; Exaudi","og_description":"Padre Domenico Soliman, Superiore generale della Societ\u00e0 San Paolo","og_url":"https:\/\/exaudi.org\/it\/giovani-che-vengono-a-contatto-con-la-nostra-missione-sono-capaci-di-uscire-da-se-stesse-per-sperimentare-la-gioia-del-dono-dato-e-ricevuto\/","og_site_name":"Exaudi","article_publisher":"https:\/\/www.facebook.com\/ExaudiNews","article_published_time":"2023-11-24T10:05:31+00:00","article_modified_time":"2023-11-24T11:43:38+00:00","og_image":[{"width":2560,"height":1441,"url":"https:\/\/exaudi.org\/wp-content\/uploads\/2023\/11\/20231028_125616-scaled.jpg","type":"image\/jpeg"}],"author":"P. Jos\u00e9 Antonio Varela","twitter_card":"summary_large_image","twitter_creator":"@Exaudi_News","twitter_site":"@Exaudi_News","twitter_misc":{"Scritto da":"P. Jos\u00e9 Antonio Varela","Tempo di lettura stimato":"7 minuti"},"schema":{"@context":"https:\/\/schema.org","@graph":[{"@type":"Article","@id":"https:\/\/exaudi.org\/it\/giovani-che-vengono-a-contatto-con-la-nostra-missione-sono-capaci-di-uscire-da-se-stesse-per-sperimentare-la-gioia-del-dono-dato-e-ricevuto\/#article","isPartOf":{"@id":"https:\/\/exaudi.org\/it\/giovani-che-vengono-a-contatto-con-la-nostra-missione-sono-capaci-di-uscire-da-se-stesse-per-sperimentare-la-gioia-del-dono-dato-e-ricevuto\/"},"author":{"name":"P. Jos\u00e9 Antonio Varela","@id":"https:\/\/exaudi.org\/#\/schema\/person\/18d6836c9c0e07411678167c3234b72e"},"headline":"&#8220;Giovani che vengono a contatto con la nostra missione sono capaci di uscire da se stesse per sperimentare la gioia del dono, dato e ricevuto&#8221;","datePublished":"2023-11-24T10:05:31+00:00","dateModified":"2023-11-24T11:43:38+00:00","mainEntityOfPage":{"@id":"https:\/\/exaudi.org\/it\/giovani-che-vengono-a-contatto-con-la-nostra-missione-sono-capaci-di-uscire-da-se-stesse-per-sperimentare-la-gioia-del-dono-dato-e-ricevuto\/"},"wordCount":1361,"image":{"@id":"https:\/\/exaudi.org\/it\/giovani-che-vengono-a-contatto-con-la-nostra-missione-sono-capaci-di-uscire-da-se-stesse-per-sperimentare-la-gioia-del-dono-dato-e-ricevuto\/#primaryimage"},"thumbnailUrl":"https:\/\/exaudi.org\/wp-content\/uploads\/2023\/11\/20231028_125616-scaled.jpg","keywords":["Beato Giacomo Alberione","Domenico Soliman","Famiglia Paolina","Featured","giovani","Papa Francesco","Societa\u0300 San Paolo"],"articleSection":["Interviste"],"inLanguage":"it-IT"},{"@type":"WebPage","@id":"https:\/\/exaudi.org\/it\/giovani-che-vengono-a-contatto-con-la-nostra-missione-sono-capaci-di-uscire-da-se-stesse-per-sperimentare-la-gioia-del-dono-dato-e-ricevuto\/","url":"https:\/\/exaudi.org\/it\/giovani-che-vengono-a-contatto-con-la-nostra-missione-sono-capaci-di-uscire-da-se-stesse-per-sperimentare-la-gioia-del-dono-dato-e-ricevuto\/","name":"\"Giovani che vengono a contatto con la nostra missione sono capaci di uscire da se stesse per sperimentare la gioia del dono, dato e ricevuto\" &#8211; Exaudi","isPartOf":{"@id":"https:\/\/exaudi.org\/#website"},"primaryImageOfPage":{"@id":"https:\/\/exaudi.org\/it\/giovani-che-vengono-a-contatto-con-la-nostra-missione-sono-capaci-di-uscire-da-se-stesse-per-sperimentare-la-gioia-del-dono-dato-e-ricevuto\/#primaryimage"},"image":{"@id":"https:\/\/exaudi.org\/it\/giovani-che-vengono-a-contatto-con-la-nostra-missione-sono-capaci-di-uscire-da-se-stesse-per-sperimentare-la-gioia-del-dono-dato-e-ricevuto\/#primaryimage"},"thumbnailUrl":"https:\/\/exaudi.org\/wp-content\/uploads\/2023\/11\/20231028_125616-scaled.jpg","datePublished":"2023-11-24T10:05:31+00:00","dateModified":"2023-11-24T11:43:38+00:00","author":{"@id":"https:\/\/exaudi.org\/#\/schema\/person\/18d6836c9c0e07411678167c3234b72e"},"breadcrumb":{"@id":"https:\/\/exaudi.org\/it\/giovani-che-vengono-a-contatto-con-la-nostra-missione-sono-capaci-di-uscire-da-se-stesse-per-sperimentare-la-gioia-del-dono-dato-e-ricevuto\/#breadcrumb"},"inLanguage":"it-IT","potentialAction":[{"@type":"ReadAction","target":["https:\/\/exaudi.org\/it\/giovani-che-vengono-a-contatto-con-la-nostra-missione-sono-capaci-di-uscire-da-se-stesse-per-sperimentare-la-gioia-del-dono-dato-e-ricevuto\/"]}]},{"@type":"ImageObject","inLanguage":"it-IT","@id":"https:\/\/exaudi.org\/it\/giovani-che-vengono-a-contatto-con-la-nostra-missione-sono-capaci-di-uscire-da-se-stesse-per-sperimentare-la-gioia-del-dono-dato-e-ricevuto\/#primaryimage","url":"https:\/\/exaudi.org\/wp-content\/uploads\/2023\/11\/20231028_125616-scaled.jpg","contentUrl":"https:\/\/exaudi.org\/wp-content\/uploads\/2023\/11\/20231028_125616-scaled.jpg","width":2560,"height":1441},{"@type":"BreadcrumbList","@id":"https:\/\/exaudi.org\/it\/giovani-che-vengono-a-contatto-con-la-nostra-missione-sono-capaci-di-uscire-da-se-stesse-per-sperimentare-la-gioia-del-dono-dato-e-ricevuto\/#breadcrumb","itemListElement":[{"@type":"ListItem","position":1,"name":"Portada","item":"https:\/\/exaudi.org\/it\/"},{"@type":"ListItem","position":2,"name":"&#8220;Giovani che vengono a contatto con la nostra missione sono capaci di uscire da se stesse per sperimentare la gioia del dono, dato e ricevuto&#8221;"}]},{"@type":"WebSite","@id":"https:\/\/exaudi.org\/#website","url":"https:\/\/exaudi.org\/","name":"Exaudi","description":"News","potentialAction":[{"@type":"SearchAction","target":{"@type":"EntryPoint","urlTemplate":"https:\/\/exaudi.org\/?s={search_term_string}"},"query-input":{"@type":"PropertyValueSpecification","valueRequired":true,"valueName":"search_term_string"}}],"inLanguage":"it-IT"},{"@type":"Person","@id":"https:\/\/exaudi.org\/#\/schema\/person\/18d6836c9c0e07411678167c3234b72e","name":"P. Jos\u00e9 Antonio Varela","image":{"@type":"ImageObject","inLanguage":"it-IT","@id":"https:\/\/secure.gravatar.com\/avatar\/8e33ef3e0df4309ec8bf08a2c1f7452b1096cef5b77300f5ffb91ff2ab5f21bb?s=96&d=mm&r=g","url":"https:\/\/secure.gravatar.com\/avatar\/8e33ef3e0df4309ec8bf08a2c1f7452b1096cef5b77300f5ffb91ff2ab5f21bb?s=96&d=mm&r=g","contentUrl":"https:\/\/secure.gravatar.com\/avatar\/8e33ef3e0df4309ec8bf08a2c1f7452b1096cef5b77300f5ffb91ff2ab5f21bb?s=96&d=mm&r=g","caption":"P. Jos\u00e9 Antonio Varela"},"description":"Lima, 1967. Presb\u00edtero diocesano y periodista colegiado con ejercicio de la profesi\u00f3n desde 1989. Titulado en periodismo por la Universidad Jaime Bausate y Meza en Lima (Per\u00fa). Estudios complementarios en periodismo religioso, new media y en comunicaci\u00f3n pastoral e intercultural-misionera; as\u00ed como en pastoral urbana, doctrina social de la Iglesia, misionolog\u00eda, comunicaci\u00f3n institucional y coaching, desarrollados indistintamente en Lima, Quito, Bogot\u00e1, Roma, Madrid, Miami, y Washington DC. Ex jefe de oficinas de comunicaci\u00f3n institucional y prensa en el sector p\u00fablico y eclesial. Asimismo, fue gerente de televisi\u00f3n de un canal y director de dos revistas impresas. Es articulista en publicaciones cat\u00f3licas de su pa\u00eds y del extranjero, entre ellas Exaudi.","url":"https:\/\/exaudi.org\/it\/author\/joseantoniovarela\/"}]}},"jetpack_featured_media_url":"https:\/\/exaudi.org\/wp-content\/uploads\/2023\/11\/20231028_125616-scaled.jpg","jetpack_shortlink":"https:\/\/wp.me\/pgKjF2-n48","_links":{"self":[{"href":"https:\/\/exaudi.org\/it\/wp-json\/wp\/v2\/posts\/88668","targetHints":{"allow":["GET"]}}],"collection":[{"href":"https:\/\/exaudi.org\/it\/wp-json\/wp\/v2\/posts"}],"about":[{"href":"https:\/\/exaudi.org\/it\/wp-json\/wp\/v2\/types\/post"}],"author":[{"embeddable":true,"href":"https:\/\/exaudi.org\/it\/wp-json\/wp\/v2\/users\/30"}],"replies":[{"embeddable":true,"href":"https:\/\/exaudi.org\/it\/wp-json\/wp\/v2\/comments?post=88668"}],"version-history":[{"count":0,"href":"https:\/\/exaudi.org\/it\/wp-json\/wp\/v2\/posts\/88668\/revisions"}],"wp:featuredmedia":[{"embeddable":true,"href":"https:\/\/exaudi.org\/it\/wp-json\/wp\/v2\/media\/88656"}],"wp:attachment":[{"href":"https:\/\/exaudi.org\/it\/wp-json\/wp\/v2\/media?parent=88668"}],"wp:term":[{"taxonomy":"category","embeddable":true,"href":"https:\/\/exaudi.org\/it\/wp-json\/wp\/v2\/categories?post=88668"},{"taxonomy":"post_tag","embeddable":true,"href":"https:\/\/exaudi.org\/it\/wp-json\/wp\/v2\/tags?post=88668"}],"curies":[{"name":"wp","href":"https:\/\/api.w.org\/{rel}","templated":true}]}}